{"id":16061,"date":"2024-12-21T12:13:56","date_gmt":"2024-12-21T10:13:56","guid":{"rendered":"https:\/\/kuzeyinsesi.org\/index.php\/2024\/12\/21\/dau-mimarlik-ogrencisi-adil-kamal-batcha-halkin-secimi-odulunu-kazandi\/"},"modified":"2024-12-21T12:13:56","modified_gmt":"2024-12-21T10:13:56","slug":"dau-mimarlik-ogrencisi-adil-kamal-batcha-halkin-secimi-odulunu-kazandi","status":"publish","type":"post","link":"https:\/\/kuzeyinsesi.org\/index.php\/2024\/12\/21\/dau-mimarlik-ogrencisi-adil-kamal-batcha-halkin-secimi-odulunu-kazandi\/","title":{"rendered":"DA\u00dc Mimarl\u0131k \u00f6\u011frencisi Adil Kamal Batcha, \u201cHalk\u0131n Se\u00e7imi \u00d6d\u00fcl\u00fc\u201dn\u00fc kazand\u0131"},"content":{"rendered":"<div>\n<div class=\"mariselle-image-container center\">\n                                            <\/div>\n<p> Do\u011fu Akdeniz \u00dcniversitesi (DA\u00dc) Mimarl\u0131k Fak\u00fcltesi, Mimarl\u0131k B\u00f6l\u00fcm\u00fc d\u00f6rd\u00fcnc\u00fc s\u0131n\u0131f \u00f6\u011frencisi Adil Kamal Batcha\u2019n\u0131n, 2024 Golden Trezzini \u00d6d\u00fclleri\u2019nde \u201cHalk\u0131n Se\u00e7imi \u00d6d\u00fcl\u00fc\u201dne lay\u0131k g\u00f6r\u00fcld\u00fc\u011f\u00fc bildirildi.<\/p>\n<p>Batcha\u2019n\u0131n, yar\u0131\u015fmaya alt\u0131nc\u0131 d\u00f6nem mimari tasar\u0131m projesiyle kat\u0131larak, \u201cEn \u0130yi \u00d6\u011frenci Yap\u0131 veya Tesis Projesi\u201d kategorisinde \u00f6d\u00fcl ald\u0131\u011f\u0131 kaydedildi.<\/p>\n<p>DA\u00dc\u2019den yap\u0131lan a\u00e7\u0131klamaya g\u00f6re, Batcha, yar\u0131\u015fmaya ARCH 392 Mimari Tasar\u0131m St\u00fcdyosu IV dersi kapsam\u0131nda DA\u00dc Mimarl\u0131k B\u00f6l\u00fcm\u00fc \u00d6\u011fretim G\u00f6revlisi Zafer Cafer Volkan rehberli\u011finde geli\u015ftirdi\u011fi \u201cMixed-Used Development\u201d projesiyle kat\u0131ld\u0131. Proje, \u00e7ok fonksiyonlu mekanlar\u0131n ve s\u00fcrd\u00fcr\u00fclebilir tasar\u0131m prensiplerinin bir araya getirildi\u011fi yenilik\u00e7i bir yakla\u015f\u0131m\u0131 yans\u0131tt\u0131.<\/p>\n<p>Golden Trezzini \u00d6d\u00fcllerinin, 2018 y\u0131l\u0131ndan bu yana her y\u0131l Rusya\u2019n\u0131n Saint Petersburg \u015fehrinde d\u00fczenlenen prestijli bir uluslararas\u0131 mimari tasar\u0131m yar\u0131\u015fmas\u0131 oldu\u011fu da kaydedildi.<\/p>\n<\/p><\/div>\n<p><script async\n                    defer\n                    crossorigin=\"anonymous\"\n                    src=\"https:\/\/connect.facebook.net\/tr_TR\/sdk.js#xfbml=1&#038;version=v3.3\"\n            ><\/script><\/p>\n","protected":false},"excerpt":{"rendered":"<p>Do\u011fu Akdeniz \u00dcniversitesi (DA\u00dc) Mimarl\u0131k Fak\u00fcltesi, Mimarl\u0131k B\u00f6l\u00fcm\u00fc d\u00f6rd\u00fcnc\u00fc s\u0131n\u0131f \u00f6\u011frencisi Adil Kamal Batcha\u2019n\u0131n, 2024 Golden Trezzini \u00d6d\u00fclleri\u2019nde \u201cHalk\u0131n Se\u00e7imi \u00d6d\u00fcl\u00fc\u201dne lay\u0131k g\u00f6r\u00fcld\u00fc\u011f\u00fc bildirildi. Batcha\u2019n\u0131n, yar\u0131\u015fmaya alt\u0131nc\u0131 d\u00f6nem mimari tasar\u0131m projesiyle kat\u0131larak, \u201cEn \u0130yi \u00d6\u011frenci Yap\u0131 veya Tesis Projesi\u201d kategorisinde \u00f6d\u00fcl ald\u0131\u011f\u0131 kaydedildi. DA\u00dc\u2019den yap\u0131lan a\u00e7\u0131klamaya g\u00f6re, Batcha, yar\u0131\u015fmaya ARCH 392 Mimari Tasar\u0131m St\u00fcdyosu IV [&hellip;]<\/p>\n","protected":false},"author":1,"featured_media":16062,"comment_status":"open","ping_status":"open","sticky":false,"template":"","format":"standard","meta":{"jnews-multi-image_gallery":[],"jnews_single_post":[],"jnews_primary_category":[],"jnews_social_meta":[],"jnews_override_counter":[],"footnotes":""},"categories":[6],"tags":[],"class_list":["post-16061","post","type-post","status-publish","format-standard","has-post-thumbnail","hentry","category-yasam"],"yoast_head":"<!-- This site is optimized with the Yoast SEO plugin v27.4 - https:\/\/yoast.com\/product\/yoast-seo-wordpress\/ -->\n<title>DA\u00dc Mimarl\u0131k \u00f6\u011frencisi Adil Kamal Batcha, \u201cHalk\u0131n Se\u00e7imi \u00d6d\u00fcl\u00fc\u201dn\u00fc kazand\u0131 - Kuzeyin Sesi<\/title>\n<meta name=\"robots\" content=\"index, follow, max-snippet:-1, max-image-preview:large, max-video-preview:-1\" \/>\n<link rel=\"canonical\" href=\"https:\/\/kuzeyinsesi.org\/index.php\/2024\/12\/21\/dau-mimarlik-ogrencisi-adil-kamal-batcha-halkin-secimi-odulunu-kazandi\/\" \/>\n<meta property=\"og:locale\" content=\"tr_TR\" \/>\n<meta property=\"og:type\" content=\"article\" \/>\n<meta property=\"og:title\" content=\"DA\u00dc Mimarl\u0131k \u00f6\u011frencisi Adil Kamal Batcha, \u201cHalk\u0131n Se\u00e7imi \u00d6d\u00fcl\u00fc\u201dn\u00fc kazand\u0131 - Kuzeyin Sesi\" \/>\n<meta property=\"og:description\" content=\"Do\u011fu Akdeniz \u00dcniversitesi (DA\u00dc) Mimarl\u0131k Fak\u00fcltesi, Mimarl\u0131k B\u00f6l\u00fcm\u00fc d\u00f6rd\u00fcnc\u00fc s\u0131n\u0131f \u00f6\u011frencisi Adil Kamal Batcha\u2019n\u0131n, 2024 Golden Trezzini \u00d6d\u00fclleri\u2019nde \u201cHalk\u0131n Se\u00e7imi \u00d6d\u00fcl\u00fc\u201dne lay\u0131k g\u00f6r\u00fcld\u00fc\u011f\u00fc bildirildi. Batcha\u2019n\u0131n, yar\u0131\u015fmaya alt\u0131nc\u0131 d\u00f6nem mimari tasar\u0131m projesiyle kat\u0131larak, \u201cEn \u0130yi \u00d6\u011frenci Yap\u0131 veya Tesis Projesi\u201d kategorisinde \u00f6d\u00fcl ald\u0131\u011f\u0131 kaydedildi. DA\u00dc\u2019den yap\u0131lan a\u00e7\u0131klamaya g\u00f6re, Batcha, yar\u0131\u015fmaya ARCH 392 Mimari Tasar\u0131m St\u00fcdyosu IV [&hellip;]\" \/>\n<meta property=\"og:url\" content=\"https:\/\/kuzeyinsesi.org\/index.php\/2024\/12\/21\/dau-mimarlik-ogrencisi-adil-kamal-batcha-halkin-secimi-odulunu-kazandi\/\" \/>\n<meta property=\"og:site_name\" content=\"Kuzeyin Sesi\" \/>\n<meta property=\"article:publisher\" content=\"https:\/\/www.facebook.com\/kuzeyinsesii\" \/>\n<meta property=\"article:published_time\" content=\"2024-12-21T10:13:56+00:00\" \/>\n<meta property=\"og:image\" content=\"https:\/\/brtk.net\/wp-content\/uploads\/2024\/12\/21\/v2yeniproje6_1734770499.jpg?ver=b320eaa8e2131f8febf814736ccd0ed3\" \/>\n<meta name=\"author\" content=\"Kuzeyin Sesi\" \/>\n<meta name=\"twitter:card\" content=\"summary_large_image\" \/>\n<meta name=\"twitter:creator\" content=\"@kuzeyinsesii\" \/>\n<meta name=\"twitter:site\" content=\"@kuzeyinsesii\" \/>\n<meta name=\"twitter:label1\" content=\"Yazan:\" \/>\n\t<meta name=\"twitter:data1\" content=\"Kuzeyin Sesi\" \/>\n\t<meta name=\"twitter:label2\" content=\"Tahmini okuma s\u00fcresi\" \/>\n\t<meta name=\"twitter:data2\" content=\"1 dakika\" \/>\n<script type=\"application\/ld+json\" class=\"yoast-schema-graph\">{\"@context\":\"https:\\\/\\\/schema.org\",\"@graph\":[{\"@type\":\"Article\",\"@id\":\"https:\\\/\\\/kuzeyinsesi.org\\\/index.php\\\/2024\\\/12\\\/21\\\/dau-mimarlik-ogrencisi-adil-kamal-batcha-halkin-secimi-odulunu-kazandi\\\/#article\",\"isPartOf\":{\"@id\":\"https:\\\/\\\/kuzeyinsesi.org\\\/index.php\\\/2024\\\/12\\\/21\\\/dau-mimarlik-ogrencisi-adil-kamal-batcha-halkin-secimi-odulunu-kazandi\\\/\"},\"author\":{\"name\":\"Kuzeyin Sesi\",\"@id\":\"https:\\\/\\\/kuzeyinsesi.org\\\/#\\\/schema\\\/person\\\/9f859689cdf01485597712386e37f5aa\"},\"headline\":\"DA\u00dc Mimarl\u0131k \u00f6\u011frencisi Adil Kamal Batcha, \u201cHalk\u0131n Se\u00e7imi \u00d6d\u00fcl\u00fc\u201dn\u00fc kazand\u0131\",\"datePublished\":\"2024-12-21T10:13:56+00:00\",\"mainEntityOfPage\":{\"@id\":\"https:\\\/\\\/kuzeyinsesi.org\\\/index.php\\\/2024\\\/12\\\/21\\\/dau-mimarlik-ogrencisi-adil-kamal-batcha-halkin-secimi-odulunu-kazandi\\\/\"},\"wordCount\":185,\"commentCount\":0,\"image\":{\"@id\":\"https:\\\/\\\/kuzeyinsesi.org\\\/index.php\\\/2024\\\/12\\\/21\\\/dau-mimarlik-ogrencisi-adil-kamal-batcha-halkin-secimi-odulunu-kazandi\\\/#primaryimage\"},\"thumbnailUrl\":\"https:\\\/\\\/kuzeyinsesi.org\\\/wp-content\\\/uploads\\\/2024\\\/12\\\/v2yeniproje6_1734770499.jpg\",\"articleSection\":[\"Ya\u015fam\"],\"inLanguage\":\"tr\",\"potentialAction\":[{\"@type\":\"CommentAction\",\"name\":\"Comment\",\"target\":[\"https:\\\/\\\/kuzeyinsesi.org\\\/index.php\\\/2024\\\/12\\\/21\\\/dau-mimarlik-ogrencisi-adil-kamal-batcha-halkin-secimi-odulunu-kazandi\\\/#respond\"]}]},{\"@type\":\"WebPage\",\"@id\":\"https:\\\/\\\/kuzeyinsesi.org\\\/index.php\\\/2024\\\/12\\\/21\\\/dau-mimarlik-ogrencisi-adil-kamal-batcha-halkin-secimi-odulunu-kazandi\\\/\",\"url\":\"https:\\\/\\\/kuzeyinsesi.org\\\/index.php\\\/2024\\\/12\\\/21\\\/dau-mimarlik-ogrencisi-adil-kamal-batcha-halkin-secimi-odulunu-kazandi\\\/\",\"name\":\"DA\u00dc Mimarl\u0131k \u00f6\u011frencisi Adil Kamal Batcha, \u201cHalk\u0131n Se\u00e7imi \u00d6d\u00fcl\u00fc\u201dn\u00fc kazand\u0131 - Kuzeyin Sesi\",\"isPartOf\":{\"@id\":\"https:\\\/\\\/kuzeyinsesi.org\\\/#website\"},\"primaryImageOfPage\":{\"@id\":\"https:\\\/\\\/kuzeyinsesi.org\\\/index.php\\\/2024\\\/12\\\/21\\\/dau-mimarlik-ogrencisi-adil-kamal-batcha-halkin-secimi-odulunu-kazandi\\\/#primaryimage\"},\"image\":{\"@id\":\"https:\\\/\\\/kuzeyinsesi.org\\\/index.php\\\/2024\\\/12\\\/21\\\/dau-mimarlik-ogrencisi-adil-kamal-batcha-halkin-secimi-odulunu-kazandi\\\/#primaryimage\"},\"thumbnailUrl\":\"https:\\\/\\\/kuzeyinsesi.org\\\/wp-content\\\/uploads\\\/2024\\\/12\\\/v2yeniproje6_1734770499.jpg\",\"datePublished\":\"2024-12-21T10:13:56+00:00\",\"author\":{\"@id\":\"https:\\\/\\\/kuzeyinsesi.org\\\/#\\\/schema\\\/person\\\/9f859689cdf01485597712386e37f5aa\"},\"breadcrumb\":{\"@id\":\"https:\\\/\\\/kuzeyinsesi.org\\\/index.php\\\/2024\\\/12\\\/21\\\/dau-mimarlik-ogrencisi-adil-kamal-batcha-halkin-secimi-odulunu-kazandi\\\/#breadcrumb\"},\"inLanguage\":\"tr\",\"potentialAction\":[{\"@type\":\"ReadAction\",\"target\":[\"https:\\\/\\\/kuzeyinsesi.org\\\/index.php\\\/2024\\\/12\\\/21\\\/dau-mimarlik-ogrencisi-adil-kamal-batcha-halkin-secimi-odulunu-kazandi\\\/\"]}]},{\"@type\":\"ImageObject\",\"inLanguage\":\"tr\",\"@id\":\"https:\\\/\\\/kuzeyinsesi.org\\\/index.php\\\/2024\\\/12\\\/21\\\/dau-mimarlik-ogrencisi-adil-kamal-batcha-halkin-secimi-odulunu-kazandi\\\/#primaryimage\",\"url\":\"https:\\\/\\\/kuzeyinsesi.org\\\/wp-content\\\/uploads\\\/2024\\\/12\\\/v2yeniproje6_1734770499.jpg\",\"contentUrl\":\"https:\\\/\\\/kuzeyinsesi.org\\\/wp-content\\\/uploads\\\/2024\\\/12\\\/v2yeniproje6_1734770499.jpg\",\"width\":971,\"height\":551},{\"@type\":\"BreadcrumbList\",\"@id\":\"https:\\\/\\\/kuzeyinsesi.org\\\/index.php\\\/2024\\\/12\\\/21\\\/dau-mimarlik-ogrencisi-adil-kamal-batcha-halkin-secimi-odulunu-kazandi\\\/#breadcrumb\",\"itemListElement\":[{\"@type\":\"ListItem\",\"position\":1,\"name\":\"Anasayfa\",\"item\":\"https:\\\/\\\/kuzeyinsesi.org\\\/\"},{\"@type\":\"ListItem\",\"position\":2,\"name\":\"DA\u00dc Mimarl\u0131k \u00f6\u011frencisi Adil Kamal Batcha, \u201cHalk\u0131n Se\u00e7imi \u00d6d\u00fcl\u00fc\u201dn\u00fc kazand\u0131\"}]},{\"@type\":\"WebSite\",\"@id\":\"https:\\\/\\\/kuzeyinsesi.org\\\/#website\",\"url\":\"https:\\\/\\\/kuzeyinsesi.org\\\/\",\"name\":\"Kuzeyin Sesi\",\"description\":\"Do\u011fru Haberin Adresi\",\"potentialAction\":[{\"@type\":\"SearchAction\",\"target\":{\"@type\":\"EntryPoint\",\"urlTemplate\":\"https:\\\/\\\/kuzeyinsesi.org\\\/?s={search_term_string}\"},\"query-input\":{\"@type\":\"PropertyValueSpecification\",\"valueRequired\":true,\"valueName\":\"search_term_string\"}}],\"inLanguage\":\"tr\"},{\"@type\":\"Person\",\"@id\":\"https:\\\/\\\/kuzeyinsesi.org\\\/#\\\/schema\\\/person\\\/9f859689cdf01485597712386e37f5aa\",\"name\":\"Kuzeyin Sesi\",\"image\":{\"@type\":\"ImageObject\",\"inLanguage\":\"tr\",\"@id\":\"https:\\\/\\\/secure.gravatar.com\\\/avatar\\\/bab33852abfd8b282518d6ed81826833d77c3c882d9ab608add591ccace47a44?s=96&d=mm&r=g\",\"url\":\"https:\\\/\\\/secure.gravatar.com\\\/avatar\\\/bab33852abfd8b282518d6ed81826833d77c3c882d9ab608add591ccace47a44?s=96&d=mm&r=g\",\"contentUrl\":\"https:\\\/\\\/secure.gravatar.com\\\/avatar\\\/bab33852abfd8b282518d6ed81826833d77c3c882d9ab608add591ccace47a44?s=96&d=mm&r=g\",\"caption\":\"Kuzeyin Sesi\"},\"sameAs\":[\"https:\\\/\\\/kuzeyinsesi.org\"],\"url\":\"https:\\\/\\\/kuzeyinsesi.org\\\/index.php\\\/author\\\/guven\\\/\"}]}<\/script>\n<!-- \/ Yoast SEO plugin. -->","yoast_head_json":{"title":"DA\u00dc Mimarl\u0131k \u00f6\u011frencisi Adil Kamal Batcha, \u201cHalk\u0131n Se\u00e7imi \u00d6d\u00fcl\u00fc\u201dn\u00fc kazand\u0131 - Kuzeyin Sesi","robots":{"index":"index","follow":"follow","max-snippet":"max-snippet:-1","max-image-preview":"max-image-preview:large","max-video-preview":"max-video-preview:-1"},"canonical":"https:\/\/kuzeyinsesi.org\/index.php\/2024\/12\/21\/dau-mimarlik-ogrencisi-adil-kamal-batcha-halkin-secimi-odulunu-kazandi\/","og_locale":"tr_TR","og_type":"article","og_title":"DA\u00dc Mimarl\u0131k \u00f6\u011frencisi Adil Kamal Batcha, \u201cHalk\u0131n Se\u00e7imi \u00d6d\u00fcl\u00fc\u201dn\u00fc kazand\u0131 - Kuzeyin Sesi","og_description":"Do\u011fu Akdeniz \u00dcniversitesi (DA\u00dc) Mimarl\u0131k Fak\u00fcltesi, Mimarl\u0131k B\u00f6l\u00fcm\u00fc d\u00f6rd\u00fcnc\u00fc s\u0131n\u0131f \u00f6\u011frencisi Adil Kamal Batcha\u2019n\u0131n, 2024 Golden Trezzini \u00d6d\u00fclleri\u2019nde \u201cHalk\u0131n Se\u00e7imi \u00d6d\u00fcl\u00fc\u201dne lay\u0131k g\u00f6r\u00fcld\u00fc\u011f\u00fc bildirildi. Batcha\u2019n\u0131n, yar\u0131\u015fmaya alt\u0131nc\u0131 d\u00f6nem mimari tasar\u0131m projesiyle kat\u0131larak, \u201cEn \u0130yi \u00d6\u011frenci Yap\u0131 veya Tesis Projesi\u201d kategorisinde \u00f6d\u00fcl ald\u0131\u011f\u0131 kaydedildi. DA\u00dc\u2019den yap\u0131lan a\u00e7\u0131klamaya g\u00f6re, Batcha, yar\u0131\u015fmaya ARCH 392 Mimari Tasar\u0131m St\u00fcdyosu IV [&hellip;]","og_url":"https:\/\/kuzeyinsesi.org\/index.php\/2024\/12\/21\/dau-mimarlik-ogrencisi-adil-kamal-batcha-halkin-secimi-odulunu-kazandi\/","og_site_name":"Kuzeyin Sesi","article_publisher":"https:\/\/www.facebook.com\/kuzeyinsesii","article_published_time":"2024-12-21T10:13:56+00:00","og_image":[{"url":"https:\/\/brtk.net\/wp-content\/uploads\/2024\/12\/21\/v2yeniproje6_1734770499.jpg?ver=b320eaa8e2131f8febf814736ccd0ed3","type":"","width":"","height":""}],"author":"Kuzeyin Sesi","twitter_card":"summary_large_image","twitter_creator":"@kuzeyinsesii","twitter_site":"@kuzeyinsesii","twitter_misc":{"Yazan:":"Kuzeyin Sesi","Tahmini okuma s\u00fcresi":"1 dakika"},"schema":{"@context":"https:\/\/schema.org","@graph":[{"@type":"Article","@id":"https:\/\/kuzeyinsesi.org\/index.php\/2024\/12\/21\/dau-mimarlik-ogrencisi-adil-kamal-batcha-halkin-secimi-odulunu-kazandi\/#article","isPartOf":{"@id":"https:\/\/kuzeyinsesi.org\/index.php\/2024\/12\/21\/dau-mimarlik-ogrencisi-adil-kamal-batcha-halkin-secimi-odulunu-kazandi\/"},"author":{"name":"Kuzeyin Sesi","@id":"https:\/\/kuzeyinsesi.org\/#\/schema\/person\/9f859689cdf01485597712386e37f5aa"},"headline":"DA\u00dc Mimarl\u0131k \u00f6\u011frencisi Adil Kamal Batcha, \u201cHalk\u0131n Se\u00e7imi \u00d6d\u00fcl\u00fc\u201dn\u00fc kazand\u0131","datePublished":"2024-12-21T10:13:56+00:00","mainEntityOfPage":{"@id":"https:\/\/kuzeyinsesi.org\/index.php\/2024\/12\/21\/dau-mimarlik-ogrencisi-adil-kamal-batcha-halkin-secimi-odulunu-kazandi\/"},"wordCount":185,"commentCount":0,"image":{"@id":"https:\/\/kuzeyinsesi.org\/index.php\/2024\/12\/21\/dau-mimarlik-ogrencisi-adil-kamal-batcha-halkin-secimi-odulunu-kazandi\/#primaryimage"},"thumbnailUrl":"https:\/\/kuzeyinsesi.org\/wp-content\/uploads\/2024\/12\/v2yeniproje6_1734770499.jpg","articleSection":["Ya\u015fam"],"inLanguage":"tr","potentialAction":[{"@type":"CommentAction","name":"Comment","target":["https:\/\/kuzeyinsesi.org\/index.php\/2024\/12\/21\/dau-mimarlik-ogrencisi-adil-kamal-batcha-halkin-secimi-odulunu-kazandi\/#respond"]}]},{"@type":"WebPage","@id":"https:\/\/kuzeyinsesi.org\/index.php\/2024\/12\/21\/dau-mimarlik-ogrencisi-adil-kamal-batcha-halkin-secimi-odulunu-kazandi\/","url":"https:\/\/kuzeyinsesi.org\/index.php\/2024\/12\/21\/dau-mimarlik-ogrencisi-adil-kamal-batcha-halkin-secimi-odulunu-kazandi\/","name":"DA\u00dc Mimarl\u0131k \u00f6\u011frencisi Adil Kamal Batcha, \u201cHalk\u0131n Se\u00e7imi \u00d6d\u00fcl\u00fc\u201dn\u00fc kazand\u0131 - Kuzeyin Sesi","isPartOf":{"@id":"https:\/\/kuzeyinsesi.org\/#website"},"primaryImageOfPage":{"@id":"https:\/\/kuzeyinsesi.org\/index.php\/2024\/12\/21\/dau-mimarlik-ogrencisi-adil-kamal-batcha-halkin-secimi-odulunu-kazandi\/#primaryimage"},"image":{"@id":"https:\/\/kuzeyinsesi.org\/index.php\/2024\/12\/21\/dau-mimarlik-ogrencisi-adil-kamal-batcha-halkin-secimi-odulunu-kazandi\/#primaryimage"},"thumbnailUrl":"https:\/\/kuzeyinsesi.org\/wp-content\/uploads\/2024\/12\/v2yeniproje6_1734770499.jpg","datePublished":"2024-12-21T10:13:56+00:00","author":{"@id":"https:\/\/kuzeyinsesi.org\/#\/schema\/person\/9f859689cdf01485597712386e37f5aa"},"breadcrumb":{"@id":"https:\/\/kuzeyinsesi.org\/index.php\/2024\/12\/21\/dau-mimarlik-ogrencisi-adil-kamal-batcha-halkin-secimi-odulunu-kazandi\/#breadcrumb"},"inLanguage":"tr","potentialAction":[{"@type":"ReadAction","target":["https:\/\/kuzeyinsesi.org\/index.php\/2024\/12\/21\/dau-mimarlik-ogrencisi-adil-kamal-batcha-halkin-secimi-odulunu-kazandi\/"]}]},{"@type":"ImageObject","inLanguage":"tr","@id":"https:\/\/kuzeyinsesi.org\/index.php\/2024\/12\/21\/dau-mimarlik-ogrencisi-adil-kamal-batcha-halkin-secimi-odulunu-kazandi\/#primaryimage","url":"https:\/\/kuzeyinsesi.org\/wp-content\/uploads\/2024\/12\/v2yeniproje6_1734770499.jpg","contentUrl":"https:\/\/kuzeyinsesi.org\/wp-content\/uploads\/2024\/12\/v2yeniproje6_1734770499.jpg","width":971,"height":551},{"@type":"BreadcrumbList","@id":"https:\/\/kuzeyinsesi.org\/index.php\/2024\/12\/21\/dau-mimarlik-ogrencisi-adil-kamal-batcha-halkin-secimi-odulunu-kazandi\/#breadcrumb","itemListElement":[{"@type":"ListItem","position":1,"name":"Anasayfa","item":"https:\/\/kuzeyinsesi.org\/"},{"@type":"ListItem","position":2,"name":"DA\u00dc Mimarl\u0131k \u00f6\u011frencisi Adil Kamal Batcha, \u201cHalk\u0131n Se\u00e7imi \u00d6d\u00fcl\u00fc\u201dn\u00fc kazand\u0131"}]},{"@type":"WebSite","@id":"https:\/\/kuzeyinsesi.org\/#website","url":"https:\/\/kuzeyinsesi.org\/","name":"Kuzeyin Sesi","description":"Do\u011fru Haberin Adresi","potentialAction":[{"@type":"SearchAction","target":{"@type":"EntryPoint","urlTemplate":"https:\/\/kuzeyinsesi.org\/?s={search_term_string}"},"query-input":{"@type":"PropertyValueSpecification","valueRequired":true,"valueName":"search_term_string"}}],"inLanguage":"tr"},{"@type":"Person","@id":"https:\/\/kuzeyinsesi.org\/#\/schema\/person\/9f859689cdf01485597712386e37f5aa","name":"Kuzeyin Sesi","image":{"@type":"ImageObject","inLanguage":"tr","@id":"https:\/\/secure.gravatar.com\/avatar\/bab33852abfd8b282518d6ed81826833d77c3c882d9ab608add591ccace47a44?s=96&d=mm&r=g","url":"https:\/\/secure.gravatar.com\/avatar\/bab33852abfd8b282518d6ed81826833d77c3c882d9ab608add591ccace47a44?s=96&d=mm&r=g","contentUrl":"https:\/\/secure.gravatar.com\/avatar\/bab33852abfd8b282518d6ed81826833d77c3c882d9ab608add591ccace47a44?s=96&d=mm&r=g","caption":"Kuzeyin Sesi"},"sameAs":["https:\/\/kuzeyinsesi.org"],"url":"https:\/\/kuzeyinsesi.org\/index.php\/author\/guven\/"}]}},"_links":{"self":[{"href":"https:\/\/kuzeyinsesi.org\/index.php\/wp-json\/wp\/v2\/posts\/16061","targetHints":{"allow":["GET"]}}],"collection":[{"href":"https:\/\/kuzeyinsesi.org\/index.php\/wp-json\/wp\/v2\/posts"}],"about":[{"href":"https:\/\/kuzeyinsesi.org\/index.php\/wp-json\/wp\/v2\/types\/post"}],"author":[{"embeddable":true,"href":"https:\/\/kuzeyinsesi.org\/index.php\/wp-json\/wp\/v2\/users\/1"}],"replies":[{"embeddable":true,"href":"https:\/\/kuzeyinsesi.org\/index.php\/wp-json\/wp\/v2\/comments?post=16061"}],"version-history":[{"count":0,"href":"https:\/\/kuzeyinsesi.org\/index.php\/wp-json\/wp\/v2\/posts\/16061\/revisions"}],"wp:featuredmedia":[{"embeddable":true,"href":"https:\/\/kuzeyinsesi.org\/index.php\/wp-json\/wp\/v2\/media\/16062"}],"wp:attachment":[{"href":"https:\/\/kuzeyinsesi.org\/index.php\/wp-json\/wp\/v2\/media?parent=16061"}],"wp:term":[{"taxonomy":"category","embeddable":true,"href":"https:\/\/kuzeyinsesi.org\/index.php\/wp-json\/wp\/v2\/categories?post=16061"},{"taxonomy":"post_tag","embeddable":true,"href":"https:\/\/kuzeyinsesi.org\/index.php\/wp-json\/wp\/v2\/tags?post=16061"}],"curies":[{"name":"wp","href":"https:\/\/api.w.org\/{rel}","templated":true}]}}