{"id":16049,"date":"2024-12-21T11:13:19","date_gmt":"2024-12-21T09:13:19","guid":{"rendered":"https:\/\/kuzeyinsesi.org\/index.php\/2024\/12\/21\/daude-yalda-gecesi-kutlandi\/"},"modified":"2024-12-21T11:13:19","modified_gmt":"2024-12-21T09:13:19","slug":"daude-yalda-gecesi-kutlandi","status":"publish","type":"post","link":"https:\/\/kuzeyinsesi.org\/index.php\/2024\/12\/21\/daude-yalda-gecesi-kutlandi\/","title":{"rendered":"DA\u00dc\u2019de \u201cYalda Gecesi\u201d kutland\u0131"},"content":{"rendered":"<div>\n<div class=\"mariselle-image-container center\">\n                                            <\/div>\n<p>Do\u011fu Akdeniz \u00dcniversitesi\u2019nde (DA\u00dc) y\u0131l\u0131n en uzun gecesi olarak kabul edilen \u201cYalda Gecesi\u201d d\u00fczenlenen etkinlikle kutland\u0131.<\/p>\n<p>\u00dcniversiteden yap\u0131lan a\u00e7\u0131klamaya g\u00f6re, 18 Aral\u0131k \u00c7ar\u015famba gecesi d\u00fczenlenen etkinlik K\u0131br\u0131s\u2019taki \u0130ranl\u0131 \u00d6\u011frenciler Bilim ve K\u00fclt\u00fcr Derne\u011fi i\u015f birli\u011finde Kurtsan Group sponsorlu\u011funda Rauf Raif Denkta\u015f K\u00fclt\u00fcr ve Kongre Saray\u0131\u2019nda yer ald\u0131.<\/p>\n<p>Etkinlikte, \u0130ranl\u0131 \u00f6\u011frenciler bir araya gelerek \u00e7e\u015fitli etkinliklerle geceyi kutlad\u0131lar. Yalda Gecesi\u2019ne \u00f6zg\u00fc \u00fcr\u00fcnlerin sergilendi\u011fi gecede bereketin simgesi nar ve kuruyemi\u015f ikram edildi.<\/p>\n<p>DA\u00dc Rekt\u00f6r\u00fc Prof. Dr. Hasan K\u0131l\u0131\u00e7, K\u0131br\u0131s \u0130lim \u00dcniversitesi (K\u0130\u00dc) M\u00fctevelli Heyeti Ba\u015fkan\u0131 Fatma Nur Ayd\u0131n ve iki \u00fcniversiteden yetkililerin de yer ald\u0131\u011f\u0131 etkinlikte konu\u015fan Prof. Dr. K\u0131l\u0131\u00e7, g\u00fcn\u00fcn anlam\u0131yla ilgili bilgi vererek \u201cYalda, yaln\u0131zca takvimde bir d\u00f6n\u00fcm noktas\u0131 de\u011fil, ayn\u0131 zamanda sevgi, dostluk ve dayan\u0131\u015fma gibi \u00f6nemli de\u011ferleri hat\u0131rlatan \u00f6zel bir g\u00fcnd\u00fcr. Yalda Gecesi, \u0130ran\u2019\u0131n en \u00f6nemli k\u00fclt\u00fcrel sembollerinden biridir. Bu gece, k\u0131\u015f\u0131n en uzun gecesinin ard\u0131ndan, g\u00fcnlerin uzamaya ba\u015flad\u0131\u011f\u0131 anlar\u0131 i\u015faret etti\u011fi i\u00e7in g\u00fcne\u015fin yenilenmesinin sembol\u00fc olarak kabul edilir. Bu kutlama, daha ayd\u0131nl\u0131k g\u00fcnlerin gelece\u011fini simgeler.\u201d dedi.<\/p>\n<p>Etkinlik, a\u00e7\u0131l\u0131\u015f konu\u015fmalar\u0131n\u0131n ard\u0131ndan \u0130ranl\u0131 sanat\u00e7\u0131 Sina Derakhsande\u2019nin m\u00fczik performans\u0131 ile devam etti.<\/p>\n<\/p><\/div>\n<p><script async\n                    defer\n                    crossorigin=\"anonymous\"\n                    src=\"https:\/\/connect.facebook.net\/tr_TR\/sdk.js#xfbml=1&#038;version=v3.3\"\n            ><\/script><\/p>\n","protected":false},"excerpt":{"rendered":"<p>Do\u011fu Akdeniz \u00dcniversitesi\u2019nde (DA\u00dc) y\u0131l\u0131n en uzun gecesi olarak kabul edilen \u201cYalda Gecesi\u201d d\u00fczenlenen etkinlikle kutland\u0131. \u00dcniversiteden yap\u0131lan a\u00e7\u0131klamaya g\u00f6re, 18 Aral\u0131k \u00c7ar\u015famba gecesi d\u00fczenlenen etkinlik K\u0131br\u0131s\u2019taki \u0130ranl\u0131 \u00d6\u011frenciler Bilim ve K\u00fclt\u00fcr Derne\u011fi i\u015f birli\u011finde Kurtsan Group sponsorlu\u011funda Rauf Raif Denkta\u015f K\u00fclt\u00fcr ve Kongre Saray\u0131\u2019nda yer ald\u0131. Etkinlikte, \u0130ranl\u0131 \u00f6\u011frenciler bir araya gelerek \u00e7e\u015fitli etkinliklerle [&hellip;]<\/p>\n","protected":false},"author":1,"featured_media":16050,"comment_status":"open","ping_status":"open","sticky":false,"template":"","format":"standard","meta":{"jnews-multi-image_gallery":[],"jnews_single_post":[],"jnews_primary_category":[],"jnews_social_meta":[],"jnews_override_counter":[],"footnotes":""},"categories":[6],"tags":[],"class_list":["post-16049","post","type-post","status-publish","format-standard","has-post-thumbnail","hentry","category-yasam"],"yoast_head":"<!-- This site is optimized with the Yoast SEO plugin v27.4 - https:\/\/yoast.com\/product\/yoast-seo-wordpress\/ -->\n<title>DA\u00dc\u2019de \u201cYalda Gecesi\u201d kutland\u0131 - Kuzeyin Sesi<\/title>\n<meta name=\"robots\" content=\"index, follow, max-snippet:-1, max-image-preview:large, max-video-preview:-1\" \/>\n<link rel=\"canonical\" href=\"https:\/\/kuzeyinsesi.org\/index.php\/2024\/12\/21\/daude-yalda-gecesi-kutlandi\/\" \/>\n<meta property=\"og:locale\" content=\"tr_TR\" \/>\n<meta property=\"og:type\" content=\"article\" \/>\n<meta property=\"og:title\" content=\"DA\u00dc\u2019de \u201cYalda Gecesi\u201d kutland\u0131 - Kuzeyin Sesi\" \/>\n<meta property=\"og:description\" content=\"Do\u011fu Akdeniz \u00dcniversitesi\u2019nde (DA\u00dc) y\u0131l\u0131n en uzun gecesi olarak kabul edilen \u201cYalda Gecesi\u201d d\u00fczenlenen etkinlikle kutland\u0131. \u00dcniversiteden yap\u0131lan a\u00e7\u0131klamaya g\u00f6re, 18 Aral\u0131k \u00c7ar\u015famba gecesi d\u00fczenlenen etkinlik K\u0131br\u0131s\u2019taki \u0130ranl\u0131 \u00d6\u011frenciler Bilim ve K\u00fclt\u00fcr Derne\u011fi i\u015f birli\u011finde Kurtsan Group sponsorlu\u011funda Rauf Raif Denkta\u015f K\u00fclt\u00fcr ve Kongre Saray\u0131\u2019nda yer ald\u0131. Etkinlikte, \u0130ranl\u0131 \u00f6\u011frenciler bir araya gelerek \u00e7e\u015fitli etkinliklerle [&hellip;]\" \/>\n<meta property=\"og:url\" content=\"https:\/\/kuzeyinsesi.org\/index.php\/2024\/12\/21\/daude-yalda-gecesi-kutlandi\/\" \/>\n<meta property=\"og:site_name\" content=\"Kuzeyin Sesi\" \/>\n<meta property=\"article:publisher\" content=\"https:\/\/www.facebook.com\/kuzeyinsesii\" \/>\n<meta property=\"article:published_time\" content=\"2024-12-21T09:13:19+00:00\" \/>\n<meta property=\"og:image\" content=\"https:\/\/brtk.net\/wp-content\/uploads\/2024\/12\/21\/lkjljl.jpg?ver=820f0a670c2a6521da09204c197b31d8\" \/>\n<meta name=\"author\" content=\"Kuzeyin Sesi\" \/>\n<meta name=\"twitter:card\" content=\"summary_large_image\" \/>\n<meta name=\"twitter:creator\" content=\"@kuzeyinsesii\" \/>\n<meta name=\"twitter:site\" content=\"@kuzeyinsesii\" \/>\n<meta name=\"twitter:label1\" content=\"Yazan:\" \/>\n\t<meta name=\"twitter:data1\" content=\"Kuzeyin Sesi\" \/>\n\t<meta name=\"twitter:label2\" content=\"Tahmini okuma s\u00fcresi\" \/>\n\t<meta name=\"twitter:data2\" content=\"1 dakika\" \/>\n<script type=\"application\/ld+json\" class=\"yoast-schema-graph\">{\"@context\":\"https:\\\/\\\/schema.org\",\"@graph\":[{\"@type\":\"Article\",\"@id\":\"https:\\\/\\\/kuzeyinsesi.org\\\/index.php\\\/2024\\\/12\\\/21\\\/daude-yalda-gecesi-kutlandi\\\/#article\",\"isPartOf\":{\"@id\":\"https:\\\/\\\/kuzeyinsesi.org\\\/index.php\\\/2024\\\/12\\\/21\\\/daude-yalda-gecesi-kutlandi\\\/\"},\"author\":{\"name\":\"Kuzeyin Sesi\",\"@id\":\"https:\\\/\\\/kuzeyinsesi.org\\\/#\\\/schema\\\/person\\\/9f859689cdf01485597712386e37f5aa\"},\"headline\":\"DA\u00dc\u2019de \u201cYalda Gecesi\u201d kutland\u0131\",\"datePublished\":\"2024-12-21T09:13:19+00:00\",\"mainEntityOfPage\":{\"@id\":\"https:\\\/\\\/kuzeyinsesi.org\\\/index.php\\\/2024\\\/12\\\/21\\\/daude-yalda-gecesi-kutlandi\\\/\"},\"wordCount\":247,\"commentCount\":0,\"image\":{\"@id\":\"https:\\\/\\\/kuzeyinsesi.org\\\/index.php\\\/2024\\\/12\\\/21\\\/daude-yalda-gecesi-kutlandi\\\/#primaryimage\"},\"thumbnailUrl\":\"https:\\\/\\\/kuzeyinsesi.org\\\/wp-content\\\/uploads\\\/2024\\\/12\\\/lkjljl.jpg\",\"articleSection\":[\"Ya\u015fam\"],\"inLanguage\":\"tr\",\"potentialAction\":[{\"@type\":\"CommentAction\",\"name\":\"Comment\",\"target\":[\"https:\\\/\\\/kuzeyinsesi.org\\\/index.php\\\/2024\\\/12\\\/21\\\/daude-yalda-gecesi-kutlandi\\\/#respond\"]}]},{\"@type\":\"WebPage\",\"@id\":\"https:\\\/\\\/kuzeyinsesi.org\\\/index.php\\\/2024\\\/12\\\/21\\\/daude-yalda-gecesi-kutlandi\\\/\",\"url\":\"https:\\\/\\\/kuzeyinsesi.org\\\/index.php\\\/2024\\\/12\\\/21\\\/daude-yalda-gecesi-kutlandi\\\/\",\"name\":\"DA\u00dc\u2019de \u201cYalda Gecesi\u201d kutland\u0131 - Kuzeyin Sesi\",\"isPartOf\":{\"@id\":\"https:\\\/\\\/kuzeyinsesi.org\\\/#website\"},\"primaryImageOfPage\":{\"@id\":\"https:\\\/\\\/kuzeyinsesi.org\\\/index.php\\\/2024\\\/12\\\/21\\\/daude-yalda-gecesi-kutlandi\\\/#primaryimage\"},\"image\":{\"@id\":\"https:\\\/\\\/kuzeyinsesi.org\\\/index.php\\\/2024\\\/12\\\/21\\\/daude-yalda-gecesi-kutlandi\\\/#primaryimage\"},\"thumbnailUrl\":\"https:\\\/\\\/kuzeyinsesi.org\\\/wp-content\\\/uploads\\\/2024\\\/12\\\/lkjljl.jpg\",\"datePublished\":\"2024-12-21T09:13:19+00:00\",\"author\":{\"@id\":\"https:\\\/\\\/kuzeyinsesi.org\\\/#\\\/schema\\\/person\\\/9f859689cdf01485597712386e37f5aa\"},\"breadcrumb\":{\"@id\":\"https:\\\/\\\/kuzeyinsesi.org\\\/index.php\\\/2024\\\/12\\\/21\\\/daude-yalda-gecesi-kutlandi\\\/#breadcrumb\"},\"inLanguage\":\"tr\",\"potentialAction\":[{\"@type\":\"ReadAction\",\"target\":[\"https:\\\/\\\/kuzeyinsesi.org\\\/index.php\\\/2024\\\/12\\\/21\\\/daude-yalda-gecesi-kutlandi\\\/\"]}]},{\"@type\":\"ImageObject\",\"inLanguage\":\"tr\",\"@id\":\"https:\\\/\\\/kuzeyinsesi.org\\\/index.php\\\/2024\\\/12\\\/21\\\/daude-yalda-gecesi-kutlandi\\\/#primaryimage\",\"url\":\"https:\\\/\\\/kuzeyinsesi.org\\\/wp-content\\\/uploads\\\/2024\\\/12\\\/lkjljl.jpg\",\"contentUrl\":\"https:\\\/\\\/kuzeyinsesi.org\\\/wp-content\\\/uploads\\\/2024\\\/12\\\/lkjljl.jpg\",\"width\":1800,\"height\":1112},{\"@type\":\"BreadcrumbList\",\"@id\":\"https:\\\/\\\/kuzeyinsesi.org\\\/index.php\\\/2024\\\/12\\\/21\\\/daude-yalda-gecesi-kutlandi\\\/#breadcrumb\",\"itemListElement\":[{\"@type\":\"ListItem\",\"position\":1,\"name\":\"Anasayfa\",\"item\":\"https:\\\/\\\/kuzeyinsesi.org\\\/\"},{\"@type\":\"ListItem\",\"position\":2,\"name\":\"DA\u00dc\u2019de \u201cYalda Gecesi\u201d kutland\u0131\"}]},{\"@type\":\"WebSite\",\"@id\":\"https:\\\/\\\/kuzeyinsesi.org\\\/#website\",\"url\":\"https:\\\/\\\/kuzeyinsesi.org\\\/\",\"name\":\"Kuzeyin Sesi\",\"description\":\"Do\u011fru Haberin Adresi\",\"potentialAction\":[{\"@type\":\"SearchAction\",\"target\":{\"@type\":\"EntryPoint\",\"urlTemplate\":\"https:\\\/\\\/kuzeyinsesi.org\\\/?s={search_term_string}\"},\"query-input\":{\"@type\":\"PropertyValueSpecification\",\"valueRequired\":true,\"valueName\":\"search_term_string\"}}],\"inLanguage\":\"tr\"},{\"@type\":\"Person\",\"@id\":\"https:\\\/\\\/kuzeyinsesi.org\\\/#\\\/schema\\\/person\\\/9f859689cdf01485597712386e37f5aa\",\"name\":\"Kuzeyin Sesi\",\"image\":{\"@type\":\"ImageObject\",\"inLanguage\":\"tr\",\"@id\":\"https:\\\/\\\/secure.gravatar.com\\\/avatar\\\/bab33852abfd8b282518d6ed81826833d77c3c882d9ab608add591ccace47a44?s=96&d=mm&r=g\",\"url\":\"https:\\\/\\\/secure.gravatar.com\\\/avatar\\\/bab33852abfd8b282518d6ed81826833d77c3c882d9ab608add591ccace47a44?s=96&d=mm&r=g\",\"contentUrl\":\"https:\\\/\\\/secure.gravatar.com\\\/avatar\\\/bab33852abfd8b282518d6ed81826833d77c3c882d9ab608add591ccace47a44?s=96&d=mm&r=g\",\"caption\":\"Kuzeyin Sesi\"},\"sameAs\":[\"https:\\\/\\\/kuzeyinsesi.org\"],\"url\":\"https:\\\/\\\/kuzeyinsesi.org\\\/index.php\\\/author\\\/guven\\\/\"}]}<\/script>\n<!-- \/ Yoast SEO plugin. -->","yoast_head_json":{"title":"DA\u00dc\u2019de \u201cYalda Gecesi\u201d kutland\u0131 - Kuzeyin Sesi","robots":{"index":"index","follow":"follow","max-snippet":"max-snippet:-1","max-image-preview":"max-image-preview:large","max-video-preview":"max-video-preview:-1"},"canonical":"https:\/\/kuzeyinsesi.org\/index.php\/2024\/12\/21\/daude-yalda-gecesi-kutlandi\/","og_locale":"tr_TR","og_type":"article","og_title":"DA\u00dc\u2019de \u201cYalda Gecesi\u201d kutland\u0131 - Kuzeyin Sesi","og_description":"Do\u011fu Akdeniz \u00dcniversitesi\u2019nde (DA\u00dc) y\u0131l\u0131n en uzun gecesi olarak kabul edilen \u201cYalda Gecesi\u201d d\u00fczenlenen etkinlikle kutland\u0131. \u00dcniversiteden yap\u0131lan a\u00e7\u0131klamaya g\u00f6re, 18 Aral\u0131k \u00c7ar\u015famba gecesi d\u00fczenlenen etkinlik K\u0131br\u0131s\u2019taki \u0130ranl\u0131 \u00d6\u011frenciler Bilim ve K\u00fclt\u00fcr Derne\u011fi i\u015f birli\u011finde Kurtsan Group sponsorlu\u011funda Rauf Raif Denkta\u015f K\u00fclt\u00fcr ve Kongre Saray\u0131\u2019nda yer ald\u0131. Etkinlikte, \u0130ranl\u0131 \u00f6\u011frenciler bir araya gelerek \u00e7e\u015fitli etkinliklerle [&hellip;]","og_url":"https:\/\/kuzeyinsesi.org\/index.php\/2024\/12\/21\/daude-yalda-gecesi-kutlandi\/","og_site_name":"Kuzeyin Sesi","article_publisher":"https:\/\/www.facebook.com\/kuzeyinsesii","article_published_time":"2024-12-21T09:13:19+00:00","og_image":[{"url":"https:\/\/brtk.net\/wp-content\/uploads\/2024\/12\/21\/lkjljl.jpg?ver=820f0a670c2a6521da09204c197b31d8","type":"","width":"","height":""}],"author":"Kuzeyin Sesi","twitter_card":"summary_large_image","twitter_creator":"@kuzeyinsesii","twitter_site":"@kuzeyinsesii","twitter_misc":{"Yazan:":"Kuzeyin Sesi","Tahmini okuma s\u00fcresi":"1 dakika"},"schema":{"@context":"https:\/\/schema.org","@graph":[{"@type":"Article","@id":"https:\/\/kuzeyinsesi.org\/index.php\/2024\/12\/21\/daude-yalda-gecesi-kutlandi\/#article","isPartOf":{"@id":"https:\/\/kuzeyinsesi.org\/index.php\/2024\/12\/21\/daude-yalda-gecesi-kutlandi\/"},"author":{"name":"Kuzeyin Sesi","@id":"https:\/\/kuzeyinsesi.org\/#\/schema\/person\/9f859689cdf01485597712386e37f5aa"},"headline":"DA\u00dc\u2019de \u201cYalda Gecesi\u201d kutland\u0131","datePublished":"2024-12-21T09:13:19+00:00","mainEntityOfPage":{"@id":"https:\/\/kuzeyinsesi.org\/index.php\/2024\/12\/21\/daude-yalda-gecesi-kutlandi\/"},"wordCount":247,"commentCount":0,"image":{"@id":"https:\/\/kuzeyinsesi.org\/index.php\/2024\/12\/21\/daude-yalda-gecesi-kutlandi\/#primaryimage"},"thumbnailUrl":"https:\/\/kuzeyinsesi.org\/wp-content\/uploads\/2024\/12\/lkjljl.jpg","articleSection":["Ya\u015fam"],"inLanguage":"tr","potentialAction":[{"@type":"CommentAction","name":"Comment","target":["https:\/\/kuzeyinsesi.org\/index.php\/2024\/12\/21\/daude-yalda-gecesi-kutlandi\/#respond"]}]},{"@type":"WebPage","@id":"https:\/\/kuzeyinsesi.org\/index.php\/2024\/12\/21\/daude-yalda-gecesi-kutlandi\/","url":"https:\/\/kuzeyinsesi.org\/index.php\/2024\/12\/21\/daude-yalda-gecesi-kutlandi\/","name":"DA\u00dc\u2019de \u201cYalda Gecesi\u201d kutland\u0131 - Kuzeyin Sesi","isPartOf":{"@id":"https:\/\/kuzeyinsesi.org\/#website"},"primaryImageOfPage":{"@id":"https:\/\/kuzeyinsesi.org\/index.php\/2024\/12\/21\/daude-yalda-gecesi-kutlandi\/#primaryimage"},"image":{"@id":"https:\/\/kuzeyinsesi.org\/index.php\/2024\/12\/21\/daude-yalda-gecesi-kutlandi\/#primaryimage"},"thumbnailUrl":"https:\/\/kuzeyinsesi.org\/wp-content\/uploads\/2024\/12\/lkjljl.jpg","datePublished":"2024-12-21T09:13:19+00:00","author":{"@id":"https:\/\/kuzeyinsesi.org\/#\/schema\/person\/9f859689cdf01485597712386e37f5aa"},"breadcrumb":{"@id":"https:\/\/kuzeyinsesi.org\/index.php\/2024\/12\/21\/daude-yalda-gecesi-kutlandi\/#breadcrumb"},"inLanguage":"tr","potentialAction":[{"@type":"ReadAction","target":["https:\/\/kuzeyinsesi.org\/index.php\/2024\/12\/21\/daude-yalda-gecesi-kutlandi\/"]}]},{"@type":"ImageObject","inLanguage":"tr","@id":"https:\/\/kuzeyinsesi.org\/index.php\/2024\/12\/21\/daude-yalda-gecesi-kutlandi\/#primaryimage","url":"https:\/\/kuzeyinsesi.org\/wp-content\/uploads\/2024\/12\/lkjljl.jpg","contentUrl":"https:\/\/kuzeyinsesi.org\/wp-content\/uploads\/2024\/12\/lkjljl.jpg","width":1800,"height":1112},{"@type":"BreadcrumbList","@id":"https:\/\/kuzeyinsesi.org\/index.php\/2024\/12\/21\/daude-yalda-gecesi-kutlandi\/#breadcrumb","itemListElement":[{"@type":"ListItem","position":1,"name":"Anasayfa","item":"https:\/\/kuzeyinsesi.org\/"},{"@type":"ListItem","position":2,"name":"DA\u00dc\u2019de \u201cYalda Gecesi\u201d kutland\u0131"}]},{"@type":"WebSite","@id":"https:\/\/kuzeyinsesi.org\/#website","url":"https:\/\/kuzeyinsesi.org\/","name":"Kuzeyin Sesi","description":"Do\u011fru Haberin Adresi","potentialAction":[{"@type":"SearchAction","target":{"@type":"EntryPoint","urlTemplate":"https:\/\/kuzeyinsesi.org\/?s={search_term_string}"},"query-input":{"@type":"PropertyValueSpecification","valueRequired":true,"valueName":"search_term_string"}}],"inLanguage":"tr"},{"@type":"Person","@id":"https:\/\/kuzeyinsesi.org\/#\/schema\/person\/9f859689cdf01485597712386e37f5aa","name":"Kuzeyin Sesi","image":{"@type":"ImageObject","inLanguage":"tr","@id":"https:\/\/secure.gravatar.com\/avatar\/bab33852abfd8b282518d6ed81826833d77c3c882d9ab608add591ccace47a44?s=96&d=mm&r=g","url":"https:\/\/secure.gravatar.com\/avatar\/bab33852abfd8b282518d6ed81826833d77c3c882d9ab608add591ccace47a44?s=96&d=mm&r=g","contentUrl":"https:\/\/secure.gravatar.com\/avatar\/bab33852abfd8b282518d6ed81826833d77c3c882d9ab608add591ccace47a44?s=96&d=mm&r=g","caption":"Kuzeyin Sesi"},"sameAs":["https:\/\/kuzeyinsesi.org"],"url":"https:\/\/kuzeyinsesi.org\/index.php\/author\/guven\/"}]}},"_links":{"self":[{"href":"https:\/\/kuzeyinsesi.org\/index.php\/wp-json\/wp\/v2\/posts\/16049","targetHints":{"allow":["GET"]}}],"collection":[{"href":"https:\/\/kuzeyinsesi.org\/index.php\/wp-json\/wp\/v2\/posts"}],"about":[{"href":"https:\/\/kuzeyinsesi.org\/index.php\/wp-json\/wp\/v2\/types\/post"}],"author":[{"embeddable":true,"href":"https:\/\/kuzeyinsesi.org\/index.php\/wp-json\/wp\/v2\/users\/1"}],"replies":[{"embeddable":true,"href":"https:\/\/kuzeyinsesi.org\/index.php\/wp-json\/wp\/v2\/comments?post=16049"}],"version-history":[{"count":0,"href":"https:\/\/kuzeyinsesi.org\/index.php\/wp-json\/wp\/v2\/posts\/16049\/revisions"}],"wp:featuredmedia":[{"embeddable":true,"href":"https:\/\/kuzeyinsesi.org\/index.php\/wp-json\/wp\/v2\/media\/16050"}],"wp:attachment":[{"href":"https:\/\/kuzeyinsesi.org\/index.php\/wp-json\/wp\/v2\/media?parent=16049"}],"wp:term":[{"taxonomy":"category","embeddable":true,"href":"https:\/\/kuzeyinsesi.org\/index.php\/wp-json\/wp\/v2\/categories?post=16049"},{"taxonomy":"post_tag","embeddable":true,"href":"https:\/\/kuzeyinsesi.org\/index.php\/wp-json\/wp\/v2\/tags?post=16049"}],"curies":[{"name":"wp","href":"https:\/\/api.w.org\/{rel}","templated":true}]}}