{"id":1602,"date":"2024-05-07T16:54:13","date_gmt":"2024-05-07T13:54:13","guid":{"rendered":"https:\/\/kuzeyinsesi.com\/index.php\/2024\/05\/07\/zaroglu-ydp-cumhurbaskanligi-seciminin-belirleyicisi-olacak\/"},"modified":"2024-05-07T16:54:13","modified_gmt":"2024-05-07T13:54:13","slug":"zaroglu-ydp-cumhurbaskanligi-seciminin-belirleyicisi-olacak","status":"publish","type":"post","link":"https:\/\/kuzeyinsesi.org\/index.php\/2024\/05\/07\/zaroglu-ydp-cumhurbaskanligi-seciminin-belirleyicisi-olacak\/","title":{"rendered":"Zaro\u011flu: YDP, Cumhurba\u015fkanl\u0131\u011f\u0131 se\u00e7iminin belirleyicisi olacak"},"content":{"rendered":"<div>\n<div class=\"mariselle-image-container center\">\n                                            <\/div>\n<p>Yeniden Do\u011fu\u015f Partisi, (YDP) Genel Ba\u015fkan Yard\u0131mc\u0131s\u0131 ve S\u00f6zc\u00fcs\u00fc Bertan Zaro\u011flu, BRT\u2019de konu\u015ftu.<\/p>\n<p>Birle\u015fme sonras\u0131 YDP\u2019de yeni d\u00f6nemi de\u011ferlendiren Zaro\u011flu, g\u00fc\u00e7lerine g\u00fc\u00e7 katmaya ba\u015flad\u0131klar\u0131n\u0131 s\u00f6yledi.<\/p>\n<p>Talip Atalay\u2019\u0131n da aralar\u0131na d\u00f6nece\u011fine inand\u0131klar\u0131n\u0131 belirten Zaro\u011flu,ilk se\u00e7imde en az 8 milletvekili \u00e7\u0131karabileceklerini, yava\u015f yava\u015f birinci parti olmay\u0131 hedeflediklerini s\u00f6yledi.<\/p>\n<p>Erken se\u00e7im de\u011fil, \u00fclkenin temel ihtiya\u00e7lar\u0131n\u0131 kar\u015f\u0131lamak gerekti\u011fini ifade eden Zaro\u011flu, h\u00fck\u00fcmetin \u00e7al\u0131\u015fmalar\u0131n\u0131 yak\u0131ndan izleyeceklerini kaydetti.<\/p>\n<p>Zaro\u011flu bir soru \u00fczerine, Cumhurba\u015fkanl\u0131\u011f\u0131 se\u00e7imlerinde YDP\u2019nin kilit rol oynayaca\u011f\u0131n\u0131,2020 y\u0131l\u0131ndaki gibi belirleyici parti olaca\u011f\u0131n\u0131 belirtti.<\/p>\n<div class=\"jeg_video_container jeg_video_content\"><iframe loading=\"lazy\" title=\"Buras\u0131 \u00d6nemli \u00d6zel Yay\u0131n  07 .05. 2024\" width=\"500\" height=\"281\" src=\"https:\/\/www.youtube.com\/embed\/2oAKp5D_YZI?feature=oembed\" frameborder=\"0\" allow=\"accelerometer; autoplay; clipboard-write; encrypted-media; gyroscope; picture-in-picture; web-share\" referrerpolicy=\"strict-origin-when-cross-origin\" allowfullscreen><\/iframe><\/div><\/div>\n<p><script async\n                    defer\n                    crossorigin=\"anonymous\"\n                    src=\"https:\/\/connect.facebook.net\/tr_TR\/sdk.js#xfbml=1&#038;version=v3.3\"\n            ><\/script><\/p>\n","protected":false},"excerpt":{"rendered":"<p>Yeniden Do\u011fu\u015f Partisi, (YDP) Genel Ba\u015fkan Yard\u0131mc\u0131s\u0131 ve S\u00f6zc\u00fcs\u00fc Bertan Zaro\u011flu, BRT\u2019de konu\u015ftu. Birle\u015fme sonras\u0131 YDP\u2019de yeni d\u00f6nemi de\u011ferlendiren Zaro\u011flu, g\u00fc\u00e7lerine g\u00fc\u00e7 katmaya ba\u015flad\u0131klar\u0131n\u0131 s\u00f6yledi. Talip Atalay\u2019\u0131n da aralar\u0131na d\u00f6nece\u011fine inand\u0131klar\u0131n\u0131 belirten Zaro\u011flu,ilk se\u00e7imde en az 8 milletvekili \u00e7\u0131karabileceklerini, yava\u015f yava\u015f birinci parti olmay\u0131 hedeflediklerini s\u00f6yledi. Erken se\u00e7im de\u011fil, \u00fclkenin temel ihtiya\u00e7lar\u0131n\u0131 kar\u015f\u0131lamak gerekti\u011fini ifade [&hellip;]<\/p>\n","protected":false},"author":1,"featured_media":1604,"comment_status":"open","ping_status":"open","sticky":false,"template":"","format":"standard","meta":{"jnews-multi-image_gallery":[],"jnews_single_post":[],"jnews_primary_category":[],"jnews_social_meta":[],"jnews_override_counter":[],"footnotes":""},"categories":[1],"tags":[],"class_list":["post-1602","post","type-post","status-publish","format-standard","has-post-thumbnail","hentry","category-kibris"],"yoast_head":"<!-- This site is optimized with the Yoast SEO plugin v27.5 - https:\/\/yoast.com\/product\/yoast-seo-wordpress\/ -->\n<title>Zaro\u011flu: YDP, Cumhurba\u015fkanl\u0131\u011f\u0131 se\u00e7iminin belirleyicisi olacak - Kuzeyin Sesi<\/title>\n<meta name=\"robots\" content=\"index, follow, max-snippet:-1, max-image-preview:large, max-video-preview:-1\" \/>\n<link rel=\"canonical\" href=\"https:\/\/kuzeyinsesi.org\/index.php\/2024\/05\/07\/zaroglu-ydp-cumhurbaskanligi-seciminin-belirleyicisi-olacak\/\" \/>\n<meta property=\"og:locale\" content=\"tr_TR\" \/>\n<meta property=\"og:type\" content=\"article\" \/>\n<meta property=\"og:title\" content=\"Zaro\u011flu: YDP, Cumhurba\u015fkanl\u0131\u011f\u0131 se\u00e7iminin belirleyicisi olacak - Kuzeyin Sesi\" \/>\n<meta property=\"og:description\" content=\"Yeniden Do\u011fu\u015f Partisi, (YDP) Genel Ba\u015fkan Yard\u0131mc\u0131s\u0131 ve S\u00f6zc\u00fcs\u00fc Bertan Zaro\u011flu, BRT\u2019de konu\u015ftu. Birle\u015fme sonras\u0131 YDP\u2019de yeni d\u00f6nemi de\u011ferlendiren Zaro\u011flu, g\u00fc\u00e7lerine g\u00fc\u00e7 katmaya ba\u015flad\u0131klar\u0131n\u0131 s\u00f6yledi. Talip Atalay\u2019\u0131n da aralar\u0131na d\u00f6nece\u011fine inand\u0131klar\u0131n\u0131 belirten Zaro\u011flu,ilk se\u00e7imde en az 8 milletvekili \u00e7\u0131karabileceklerini, yava\u015f yava\u015f birinci parti olmay\u0131 hedeflediklerini s\u00f6yledi. Erken se\u00e7im de\u011fil, \u00fclkenin temel ihtiya\u00e7lar\u0131n\u0131 kar\u015f\u0131lamak gerekti\u011fini ifade [&hellip;]\" \/>\n<meta property=\"og:url\" content=\"https:\/\/kuzeyinsesi.org\/index.php\/2024\/05\/07\/zaroglu-ydp-cumhurbaskanligi-seciminin-belirleyicisi-olacak\/\" \/>\n<meta property=\"og:site_name\" content=\"Kuzeyin Sesi\" \/>\n<meta property=\"article:publisher\" content=\"https:\/\/www.facebook.com\/kuzeyinsesii\" \/>\n<meta property=\"article:published_time\" content=\"2024-05-07T13:54:13+00:00\" \/>\n<meta property=\"og:image\" content=\"https:\/\/kuzeyinsesi.org\/wp-content\/uploads\/2024\/05\/InShot_20240507_165748431-scaled.jpg\" \/>\n\t<meta property=\"og:image:width\" content=\"2560\" \/>\n\t<meta property=\"og:image:height\" content=\"1439\" \/>\n\t<meta property=\"og:image:type\" content=\"image\/jpeg\" \/>\n<meta name=\"author\" content=\"Kuzeyin Sesi\" \/>\n<meta name=\"twitter:card\" content=\"summary_large_image\" \/>\n<meta name=\"twitter:creator\" content=\"@kuzeyinsesii\" \/>\n<meta name=\"twitter:site\" content=\"@kuzeyinsesii\" \/>\n<meta name=\"twitter:label1\" content=\"Yazan:\" \/>\n\t<meta name=\"twitter:data1\" content=\"Kuzeyin Sesi\" \/>\n\t<meta name=\"twitter:label2\" content=\"Tahmini okuma s\u00fcresi\" \/>\n\t<meta name=\"twitter:data2\" content=\"1 dakika\" \/>\n<script type=\"application\/ld+json\" class=\"yoast-schema-graph\">{\"@context\":\"https:\\\/\\\/schema.org\",\"@graph\":[{\"@type\":\"Article\",\"@id\":\"https:\\\/\\\/kuzeyinsesi.org\\\/index.php\\\/2024\\\/05\\\/07\\\/zaroglu-ydp-cumhurbaskanligi-seciminin-belirleyicisi-olacak\\\/#article\",\"isPartOf\":{\"@id\":\"https:\\\/\\\/kuzeyinsesi.org\\\/index.php\\\/2024\\\/05\\\/07\\\/zaroglu-ydp-cumhurbaskanligi-seciminin-belirleyicisi-olacak\\\/\"},\"author\":{\"name\":\"Kuzeyin Sesi\",\"@id\":\"https:\\\/\\\/kuzeyinsesi.org\\\/#\\\/schema\\\/person\\\/9f859689cdf01485597712386e37f5aa\"},\"headline\":\"Zaro\u011flu: YDP, Cumhurba\u015fkanl\u0131\u011f\u0131 se\u00e7iminin belirleyicisi olacak\",\"datePublished\":\"2024-05-07T13:54:13+00:00\",\"mainEntityOfPage\":{\"@id\":\"https:\\\/\\\/kuzeyinsesi.org\\\/index.php\\\/2024\\\/05\\\/07\\\/zaroglu-ydp-cumhurbaskanligi-seciminin-belirleyicisi-olacak\\\/\"},\"wordCount\":146,\"commentCount\":0,\"image\":{\"@id\":\"https:\\\/\\\/kuzeyinsesi.org\\\/index.php\\\/2024\\\/05\\\/07\\\/zaroglu-ydp-cumhurbaskanligi-seciminin-belirleyicisi-olacak\\\/#primaryimage\"},\"thumbnailUrl\":\"https:\\\/\\\/kuzeyinsesi.org\\\/wp-content\\\/uploads\\\/2024\\\/05\\\/InShot_20240507_165748431-scaled.jpg\",\"articleSection\":[\"K\u0131br\u0131s\"],\"inLanguage\":\"tr\",\"potentialAction\":[{\"@type\":\"CommentAction\",\"name\":\"Comment\",\"target\":[\"https:\\\/\\\/kuzeyinsesi.org\\\/index.php\\\/2024\\\/05\\\/07\\\/zaroglu-ydp-cumhurbaskanligi-seciminin-belirleyicisi-olacak\\\/#respond\"]}]},{\"@type\":\"WebPage\",\"@id\":\"https:\\\/\\\/kuzeyinsesi.org\\\/index.php\\\/2024\\\/05\\\/07\\\/zaroglu-ydp-cumhurbaskanligi-seciminin-belirleyicisi-olacak\\\/\",\"url\":\"https:\\\/\\\/kuzeyinsesi.org\\\/index.php\\\/2024\\\/05\\\/07\\\/zaroglu-ydp-cumhurbaskanligi-seciminin-belirleyicisi-olacak\\\/\",\"name\":\"Zaro\u011flu: YDP, Cumhurba\u015fkanl\u0131\u011f\u0131 se\u00e7iminin belirleyicisi olacak - Kuzeyin Sesi\",\"isPartOf\":{\"@id\":\"https:\\\/\\\/kuzeyinsesi.org\\\/#website\"},\"primaryImageOfPage\":{\"@id\":\"https:\\\/\\\/kuzeyinsesi.org\\\/index.php\\\/2024\\\/05\\\/07\\\/zaroglu-ydp-cumhurbaskanligi-seciminin-belirleyicisi-olacak\\\/#primaryimage\"},\"image\":{\"@id\":\"https:\\\/\\\/kuzeyinsesi.org\\\/index.php\\\/2024\\\/05\\\/07\\\/zaroglu-ydp-cumhurbaskanligi-seciminin-belirleyicisi-olacak\\\/#primaryimage\"},\"thumbnailUrl\":\"https:\\\/\\\/kuzeyinsesi.org\\\/wp-content\\\/uploads\\\/2024\\\/05\\\/InShot_20240507_165748431-scaled.jpg\",\"datePublished\":\"2024-05-07T13:54:13+00:00\",\"author\":{\"@id\":\"https:\\\/\\\/kuzeyinsesi.org\\\/#\\\/schema\\\/person\\\/9f859689cdf01485597712386e37f5aa\"},\"breadcrumb\":{\"@id\":\"https:\\\/\\\/kuzeyinsesi.org\\\/index.php\\\/2024\\\/05\\\/07\\\/zaroglu-ydp-cumhurbaskanligi-seciminin-belirleyicisi-olacak\\\/#breadcrumb\"},\"inLanguage\":\"tr\",\"potentialAction\":[{\"@type\":\"ReadAction\",\"target\":[\"https:\\\/\\\/kuzeyinsesi.org\\\/index.php\\\/2024\\\/05\\\/07\\\/zaroglu-ydp-cumhurbaskanligi-seciminin-belirleyicisi-olacak\\\/\"]}]},{\"@type\":\"ImageObject\",\"inLanguage\":\"tr\",\"@id\":\"https:\\\/\\\/kuzeyinsesi.org\\\/index.php\\\/2024\\\/05\\\/07\\\/zaroglu-ydp-cumhurbaskanligi-seciminin-belirleyicisi-olacak\\\/#primaryimage\",\"url\":\"https:\\\/\\\/kuzeyinsesi.org\\\/wp-content\\\/uploads\\\/2024\\\/05\\\/InShot_20240507_165748431-scaled.jpg\",\"contentUrl\":\"https:\\\/\\\/kuzeyinsesi.org\\\/wp-content\\\/uploads\\\/2024\\\/05\\\/InShot_20240507_165748431-scaled.jpg\",\"width\":2560,\"height\":1439},{\"@type\":\"BreadcrumbList\",\"@id\":\"https:\\\/\\\/kuzeyinsesi.org\\\/index.php\\\/2024\\\/05\\\/07\\\/zaroglu-ydp-cumhurbaskanligi-seciminin-belirleyicisi-olacak\\\/#breadcrumb\",\"itemListElement\":[{\"@type\":\"ListItem\",\"position\":1,\"name\":\"Anasayfa\",\"item\":\"https:\\\/\\\/kuzeyinsesi.org\\\/\"},{\"@type\":\"ListItem\",\"position\":2,\"name\":\"Zaro\u011flu: YDP, Cumhurba\u015fkanl\u0131\u011f\u0131 se\u00e7iminin belirleyicisi olacak\"}]},{\"@type\":\"WebSite\",\"@id\":\"https:\\\/\\\/kuzeyinsesi.org\\\/#website\",\"url\":\"https:\\\/\\\/kuzeyinsesi.org\\\/\",\"name\":\"Kuzeyin Sesi\",\"description\":\"Do\u011fru Haberin Adresi\",\"potentialAction\":[{\"@type\":\"SearchAction\",\"target\":{\"@type\":\"EntryPoint\",\"urlTemplate\":\"https:\\\/\\\/kuzeyinsesi.org\\\/?s={search_term_string}\"},\"query-input\":{\"@type\":\"PropertyValueSpecification\",\"valueRequired\":true,\"valueName\":\"search_term_string\"}}],\"inLanguage\":\"tr\"},{\"@type\":\"Person\",\"@id\":\"https:\\\/\\\/kuzeyinsesi.org\\\/#\\\/schema\\\/person\\\/9f859689cdf01485597712386e37f5aa\",\"name\":\"Kuzeyin Sesi\",\"image\":{\"@type\":\"ImageObject\",\"inLanguage\":\"tr\",\"@id\":\"https:\\\/\\\/secure.gravatar.com\\\/avatar\\\/bab33852abfd8b282518d6ed81826833d77c3c882d9ab608add591ccace47a44?s=96&d=mm&r=g\",\"url\":\"https:\\\/\\\/secure.gravatar.com\\\/avatar\\\/bab33852abfd8b282518d6ed81826833d77c3c882d9ab608add591ccace47a44?s=96&d=mm&r=g\",\"contentUrl\":\"https:\\\/\\\/secure.gravatar.com\\\/avatar\\\/bab33852abfd8b282518d6ed81826833d77c3c882d9ab608add591ccace47a44?s=96&d=mm&r=g\",\"caption\":\"Kuzeyin Sesi\"},\"sameAs\":[\"https:\\\/\\\/kuzeyinsesi.org\"],\"url\":\"https:\\\/\\\/kuzeyinsesi.org\\\/index.php\\\/author\\\/guven\\\/\"}]}<\/script>\n<!-- \/ Yoast SEO plugin. -->","yoast_head_json":{"title":"Zaro\u011flu: YDP, Cumhurba\u015fkanl\u0131\u011f\u0131 se\u00e7iminin belirleyicisi olacak - Kuzeyin Sesi","robots":{"index":"index","follow":"follow","max-snippet":"max-snippet:-1","max-image-preview":"max-image-preview:large","max-video-preview":"max-video-preview:-1"},"canonical":"https:\/\/kuzeyinsesi.org\/index.php\/2024\/05\/07\/zaroglu-ydp-cumhurbaskanligi-seciminin-belirleyicisi-olacak\/","og_locale":"tr_TR","og_type":"article","og_title":"Zaro\u011flu: YDP, Cumhurba\u015fkanl\u0131\u011f\u0131 se\u00e7iminin belirleyicisi olacak - Kuzeyin Sesi","og_description":"Yeniden Do\u011fu\u015f Partisi, (YDP) Genel Ba\u015fkan Yard\u0131mc\u0131s\u0131 ve S\u00f6zc\u00fcs\u00fc Bertan Zaro\u011flu, BRT\u2019de konu\u015ftu. Birle\u015fme sonras\u0131 YDP\u2019de yeni d\u00f6nemi de\u011ferlendiren Zaro\u011flu, g\u00fc\u00e7lerine g\u00fc\u00e7 katmaya ba\u015flad\u0131klar\u0131n\u0131 s\u00f6yledi. Talip Atalay\u2019\u0131n da aralar\u0131na d\u00f6nece\u011fine inand\u0131klar\u0131n\u0131 belirten Zaro\u011flu,ilk se\u00e7imde en az 8 milletvekili \u00e7\u0131karabileceklerini, yava\u015f yava\u015f birinci parti olmay\u0131 hedeflediklerini s\u00f6yledi. Erken se\u00e7im de\u011fil, \u00fclkenin temel ihtiya\u00e7lar\u0131n\u0131 kar\u015f\u0131lamak gerekti\u011fini ifade [&hellip;]","og_url":"https:\/\/kuzeyinsesi.org\/index.php\/2024\/05\/07\/zaroglu-ydp-cumhurbaskanligi-seciminin-belirleyicisi-olacak\/","og_site_name":"Kuzeyin Sesi","article_publisher":"https:\/\/www.facebook.com\/kuzeyinsesii","article_published_time":"2024-05-07T13:54:13+00:00","og_image":[{"width":2560,"height":1439,"url":"https:\/\/kuzeyinsesi.org\/wp-content\/uploads\/2024\/05\/InShot_20240507_165748431-scaled.jpg","type":"image\/jpeg"}],"author":"Kuzeyin Sesi","twitter_card":"summary_large_image","twitter_creator":"@kuzeyinsesii","twitter_site":"@kuzeyinsesii","twitter_misc":{"Yazan:":"Kuzeyin Sesi","Tahmini okuma s\u00fcresi":"1 dakika"},"schema":{"@context":"https:\/\/schema.org","@graph":[{"@type":"Article","@id":"https:\/\/kuzeyinsesi.org\/index.php\/2024\/05\/07\/zaroglu-ydp-cumhurbaskanligi-seciminin-belirleyicisi-olacak\/#article","isPartOf":{"@id":"https:\/\/kuzeyinsesi.org\/index.php\/2024\/05\/07\/zaroglu-ydp-cumhurbaskanligi-seciminin-belirleyicisi-olacak\/"},"author":{"name":"Kuzeyin Sesi","@id":"https:\/\/kuzeyinsesi.org\/#\/schema\/person\/9f859689cdf01485597712386e37f5aa"},"headline":"Zaro\u011flu: YDP, Cumhurba\u015fkanl\u0131\u011f\u0131 se\u00e7iminin belirleyicisi olacak","datePublished":"2024-05-07T13:54:13+00:00","mainEntityOfPage":{"@id":"https:\/\/kuzeyinsesi.org\/index.php\/2024\/05\/07\/zaroglu-ydp-cumhurbaskanligi-seciminin-belirleyicisi-olacak\/"},"wordCount":146,"commentCount":0,"image":{"@id":"https:\/\/kuzeyinsesi.org\/index.php\/2024\/05\/07\/zaroglu-ydp-cumhurbaskanligi-seciminin-belirleyicisi-olacak\/#primaryimage"},"thumbnailUrl":"https:\/\/kuzeyinsesi.org\/wp-content\/uploads\/2024\/05\/InShot_20240507_165748431-scaled.jpg","articleSection":["K\u0131br\u0131s"],"inLanguage":"tr","potentialAction":[{"@type":"CommentAction","name":"Comment","target":["https:\/\/kuzeyinsesi.org\/index.php\/2024\/05\/07\/zaroglu-ydp-cumhurbaskanligi-seciminin-belirleyicisi-olacak\/#respond"]}]},{"@type":"WebPage","@id":"https:\/\/kuzeyinsesi.org\/index.php\/2024\/05\/07\/zaroglu-ydp-cumhurbaskanligi-seciminin-belirleyicisi-olacak\/","url":"https:\/\/kuzeyinsesi.org\/index.php\/2024\/05\/07\/zaroglu-ydp-cumhurbaskanligi-seciminin-belirleyicisi-olacak\/","name":"Zaro\u011flu: YDP, Cumhurba\u015fkanl\u0131\u011f\u0131 se\u00e7iminin belirleyicisi olacak - Kuzeyin Sesi","isPartOf":{"@id":"https:\/\/kuzeyinsesi.org\/#website"},"primaryImageOfPage":{"@id":"https:\/\/kuzeyinsesi.org\/index.php\/2024\/05\/07\/zaroglu-ydp-cumhurbaskanligi-seciminin-belirleyicisi-olacak\/#primaryimage"},"image":{"@id":"https:\/\/kuzeyinsesi.org\/index.php\/2024\/05\/07\/zaroglu-ydp-cumhurbaskanligi-seciminin-belirleyicisi-olacak\/#primaryimage"},"thumbnailUrl":"https:\/\/kuzeyinsesi.org\/wp-content\/uploads\/2024\/05\/InShot_20240507_165748431-scaled.jpg","datePublished":"2024-05-07T13:54:13+00:00","author":{"@id":"https:\/\/kuzeyinsesi.org\/#\/schema\/person\/9f859689cdf01485597712386e37f5aa"},"breadcrumb":{"@id":"https:\/\/kuzeyinsesi.org\/index.php\/2024\/05\/07\/zaroglu-ydp-cumhurbaskanligi-seciminin-belirleyicisi-olacak\/#breadcrumb"},"inLanguage":"tr","potentialAction":[{"@type":"ReadAction","target":["https:\/\/kuzeyinsesi.org\/index.php\/2024\/05\/07\/zaroglu-ydp-cumhurbaskanligi-seciminin-belirleyicisi-olacak\/"]}]},{"@type":"ImageObject","inLanguage":"tr","@id":"https:\/\/kuzeyinsesi.org\/index.php\/2024\/05\/07\/zaroglu-ydp-cumhurbaskanligi-seciminin-belirleyicisi-olacak\/#primaryimage","url":"https:\/\/kuzeyinsesi.org\/wp-content\/uploads\/2024\/05\/InShot_20240507_165748431-scaled.jpg","contentUrl":"https:\/\/kuzeyinsesi.org\/wp-content\/uploads\/2024\/05\/InShot_20240507_165748431-scaled.jpg","width":2560,"height":1439},{"@type":"BreadcrumbList","@id":"https:\/\/kuzeyinsesi.org\/index.php\/2024\/05\/07\/zaroglu-ydp-cumhurbaskanligi-seciminin-belirleyicisi-olacak\/#breadcrumb","itemListElement":[{"@type":"ListItem","position":1,"name":"Anasayfa","item":"https:\/\/kuzeyinsesi.org\/"},{"@type":"ListItem","position":2,"name":"Zaro\u011flu: YDP, Cumhurba\u015fkanl\u0131\u011f\u0131 se\u00e7iminin belirleyicisi olacak"}]},{"@type":"WebSite","@id":"https:\/\/kuzeyinsesi.org\/#website","url":"https:\/\/kuzeyinsesi.org\/","name":"Kuzeyin Sesi","description":"Do\u011fru Haberin Adresi","potentialAction":[{"@type":"SearchAction","target":{"@type":"EntryPoint","urlTemplate":"https:\/\/kuzeyinsesi.org\/?s={search_term_string}"},"query-input":{"@type":"PropertyValueSpecification","valueRequired":true,"valueName":"search_term_string"}}],"inLanguage":"tr"},{"@type":"Person","@id":"https:\/\/kuzeyinsesi.org\/#\/schema\/person\/9f859689cdf01485597712386e37f5aa","name":"Kuzeyin Sesi","image":{"@type":"ImageObject","inLanguage":"tr","@id":"https:\/\/secure.gravatar.com\/avatar\/bab33852abfd8b282518d6ed81826833d77c3c882d9ab608add591ccace47a44?s=96&d=mm&r=g","url":"https:\/\/secure.gravatar.com\/avatar\/bab33852abfd8b282518d6ed81826833d77c3c882d9ab608add591ccace47a44?s=96&d=mm&r=g","contentUrl":"https:\/\/secure.gravatar.com\/avatar\/bab33852abfd8b282518d6ed81826833d77c3c882d9ab608add591ccace47a44?s=96&d=mm&r=g","caption":"Kuzeyin Sesi"},"sameAs":["https:\/\/kuzeyinsesi.org"],"url":"https:\/\/kuzeyinsesi.org\/index.php\/author\/guven\/"}]}},"_links":{"self":[{"href":"https:\/\/kuzeyinsesi.org\/index.php\/wp-json\/wp\/v2\/posts\/1602","targetHints":{"allow":["GET"]}}],"collection":[{"href":"https:\/\/kuzeyinsesi.org\/index.php\/wp-json\/wp\/v2\/posts"}],"about":[{"href":"https:\/\/kuzeyinsesi.org\/index.php\/wp-json\/wp\/v2\/types\/post"}],"author":[{"embeddable":true,"href":"https:\/\/kuzeyinsesi.org\/index.php\/wp-json\/wp\/v2\/users\/1"}],"replies":[{"embeddable":true,"href":"https:\/\/kuzeyinsesi.org\/index.php\/wp-json\/wp\/v2\/comments?post=1602"}],"version-history":[{"count":0,"href":"https:\/\/kuzeyinsesi.org\/index.php\/wp-json\/wp\/v2\/posts\/1602\/revisions"}],"wp:featuredmedia":[{"embeddable":true,"href":"https:\/\/kuzeyinsesi.org\/index.php\/wp-json\/wp\/v2\/media\/1604"}],"wp:attachment":[{"href":"https:\/\/kuzeyinsesi.org\/index.php\/wp-json\/wp\/v2\/media?parent=1602"}],"wp:term":[{"taxonomy":"category","embeddable":true,"href":"https:\/\/kuzeyinsesi.org\/index.php\/wp-json\/wp\/v2\/categories?post=1602"},{"taxonomy":"post_tag","embeddable":true,"href":"https:\/\/kuzeyinsesi.org\/index.php\/wp-json\/wp\/v2\/tags?post=1602"}],"curies":[{"name":"wp","href":"https:\/\/api.w.org\/{rel}","templated":true}]}}