{"id":1600,"date":"2024-05-07T16:47:56","date_gmt":"2024-05-07T13:47:56","guid":{"rendered":"https:\/\/kuzeyinsesi.com\/index.php\/2024\/05\/07\/ltb-baskani-harmanci-ibb-baskani-imamoglu-ile-istanbulda-bir-araya-geldi\/"},"modified":"2024-05-07T16:47:56","modified_gmt":"2024-05-07T13:47:56","slug":"ltb-baskani-harmanci-ibb-baskani-imamoglu-ile-istanbulda-bir-araya-geldi","status":"publish","type":"post","link":"https:\/\/kuzeyinsesi.org\/index.php\/2024\/05\/07\/ltb-baskani-harmanci-ibb-baskani-imamoglu-ile-istanbulda-bir-araya-geldi\/","title":{"rendered":"LTB Ba\u015fkan\u0131 Harmanc\u0131, \u0130BB Ba\u015fkan\u0131 \u0130mamo\u011flu ile \u0130stanbul\u2019da bir araya geldi"},"content":{"rendered":"<div>\n<div class=\"mariselle-image-container center\">\n                                            <\/div>\n<p>Lefko\u015fa T\u00fcrk Belediyesi Ba\u015fkan\u0131 Mehmet Harmanc\u0131, \u0130stanbul B\u00fcy\u00fck\u015fehir Belediyesi Ba\u015fkan\u0131 Ekrem \u0130mamo\u011flu ile g\u00f6r\u00fc\u015ft\u00fc. <\/p>\n<p>\u0130BB Ba\u015fkan\u0131 \u0130mamo\u011flu\u2019nun davetiyle ger\u00e7ekle\u015fen g\u00f6r\u00fc\u015fmede, iki \u015fehir ve kurum aras\u0131ndaki i\u015f birli\u011finin yeni d\u00f6nemde artarak devam etmesi i\u00e7in ortak \u00e7al\u0131\u015fma gruplar\u0131n\u0131n geni\u015fletilmesine karar verildi. <\/p>\n<p>LTB\u2019den yap\u0131lan yaz\u0131l\u0131 a\u00e7\u0131klamaya g\u00f6re, \u0130stanbul B\u00fcy\u00fck\u015fehir Belediyesi Ba\u015fkanl\u0131k binas\u0131nda yer alan g\u00f6r\u00fc\u015fmede, iki belediyenin ortak \u00e7al\u0131\u015fma gruplar\u0131n\u0131n; altyap\u0131, \u00fcst yap\u0131, k\u00fclt\u00fcrel miras, sanat, d\u0131\u015f ili\u015fkiler ile diplomasi, \u00e7evre, enerji ve s\u00fcrd\u00fcr\u00fclebilirlik ile sosyal mahrumiyetle m\u00fccadele konular\u0131nda proje geli\u015ftirmesine dair hem fikir olundu. <\/p>\n<p>Bu kapsamda iki belediyenin hem meclis \u00fcyelerinin, hem de ilgili alanlardaki uzmanlar\u0131ndan olu\u015facak komitelerin \u00e7al\u0131\u015fmas\u0131 konusunda mutabakata var\u0131ld\u0131. <\/p>\n<div class=\"mariselle-image-container center\">\n                <img decoding=\"async\" width=\"1600\" height=\"1066\" class=\"lazy-image\" alt=\"\" sizes=\"(max-width: 1600px) 100vw, 1600px\" src=\"https:\/\/brtk.net\/wp-content\/uploads\/2024\/05\/07\/ltb-ibb-1.jpeg?ver=d541bf35424296e196d33d3a6c5e256f\" srcset=\"https:\/\/brtk.net\/wp-content\/uploads\/2024\/05\/07\/ltb-ibb-1.jpeg?ver=d541bf35424296e196d33d3a6c5e256f 1600w, https:\/\/brtk.net\/wp-content\/uploads\/2024\/05\/07\/ltb-ibb-1-300x200.jpeg?ver=d541bf35424296e196d33d3a6c5e256f 300w, https:\/\/brtk.net\/wp-content\/uploads\/2024\/05\/07\/ltb-ibb-1-1024x682.jpeg?ver=3f112d04b17a00ae082df9be0011f32d 1024w, https:\/\/brtk.net\/wp-content\/uploads\/2024\/05\/07\/ltb-ibb-1-768x512.jpeg?ver=3f112d04b17a00ae082df9be0011f32d 768w, https:\/\/brtk.net\/wp-content\/uploads\/2024\/05\/07\/ltb-ibb-1-1536x1023.jpeg?ver=f8eb542937542c8dba9d68f3bda6af8d 1536w\"\/>                            <\/div>\n<p>LTB Ba\u015fkan Mehmet Harmanc\u0131, \u00f6ncelikle yeniden \u0130BB Ba\u015fkanl\u0131\u011f\u0131\u2019na se\u00e7ilen Ekrem \u0130mamo\u011flu\u2019nu tebrik ederek, \u0130mamo\u011flu\u2019nun yeni d\u00f6nem \u0130stanbul i\u00e7in ortaya koydu\u011fu vizyonun destek almas\u0131n\u0131n \u00f6nemli oldu\u011funu s\u00f6yledi. <\/p>\n<p>Harmanc\u0131, \u0130BB Ba\u015fkan\u0131 Ekrem \u0130mamo\u011flu ile ileriki d\u00f6nemde iki \u015fehrin karde\u015fli\u011fini stratejik ortakl\u0131\u011fa d\u00f6n\u00fc\u015ft\u00fcreceklerini de belirtti.<\/p>\n<p>-\u0130mamo\u011flu<br \/>\u0130BB Ba\u015fkan\u0131 Ekrem \u0130mamo\u011flu, mevkida\u015f\u0131 ve yak\u0131n dostu Harmanc\u0131 ile bir arada olmaktan duydu\u011fu memnuniyeti dile getirerek, ileriki 5 y\u0131l\u0131n iki \u015fehir i\u00e7in de \u00f6nemli oldu\u011funa vurgu yapt\u0131. <\/p>\n<p>\u0130mamo\u011flu, 2020 Aral\u0131k ay\u0131nda Harmanc\u0131 ile imza koyduklar\u0131 karde\u015f \u015fehir protokol\u00fc ile daha yak\u0131n \u00e7al\u0131\u015fmaya ba\u015flad\u0131klar\u0131n\u0131 ifade ederek, \u015fimdi de 5 y\u0131ll\u0131k s\u00fcrede \u0130stanbul-Lefko\u015fa dayan\u0131\u015fmas\u0131 ile karde\u015fliklerinin daha da ileri bir noktaya ta\u015f\u0131naca\u011f\u0131n\u0131 s\u00f6yledi.<\/p>\n<\/p><\/div>\n<p><script async\n                    defer\n                    crossorigin=\"anonymous\"\n                    src=\"https:\/\/connect.facebook.net\/tr_TR\/sdk.js#xfbml=1&#038;version=v3.3\"\n            ><\/script><\/p>\n","protected":false},"excerpt":{"rendered":"<p>Lefko\u015fa T\u00fcrk Belediyesi Ba\u015fkan\u0131 Mehmet Harmanc\u0131, \u0130stanbul B\u00fcy\u00fck\u015fehir Belediyesi Ba\u015fkan\u0131 Ekrem \u0130mamo\u011flu ile g\u00f6r\u00fc\u015ft\u00fc. \u0130BB Ba\u015fkan\u0131 \u0130mamo\u011flu\u2019nun davetiyle ger\u00e7ekle\u015fen g\u00f6r\u00fc\u015fmede, iki \u015fehir ve kurum aras\u0131ndaki i\u015f birli\u011finin yeni d\u00f6nemde artarak devam etmesi i\u00e7in ortak \u00e7al\u0131\u015fma gruplar\u0131n\u0131n geni\u015fletilmesine karar verildi. LTB\u2019den yap\u0131lan yaz\u0131l\u0131 a\u00e7\u0131klamaya g\u00f6re, \u0130stanbul B\u00fcy\u00fck\u015fehir Belediyesi Ba\u015fkanl\u0131k binas\u0131nda yer alan g\u00f6r\u00fc\u015fmede, iki belediyenin ortak [&hellip;]<\/p>\n","protected":false},"author":1,"featured_media":1601,"comment_status":"open","ping_status":"open","sticky":false,"template":"","format":"standard","meta":{"jnews-multi-image_gallery":[],"jnews_single_post":[],"jnews_primary_category":[],"jnews_social_meta":[],"jnews_override_counter":[],"footnotes":""},"categories":[1],"tags":[],"class_list":["post-1600","post","type-post","status-publish","format-standard","has-post-thumbnail","hentry","category-kibris"],"yoast_head":"<!-- This site is optimized with the Yoast SEO plugin v27.5 - https:\/\/yoast.com\/product\/yoast-seo-wordpress\/ -->\n<title>LTB Ba\u015fkan\u0131 Harmanc\u0131, \u0130BB Ba\u015fkan\u0131 \u0130mamo\u011flu ile \u0130stanbul\u2019da bir araya geldi - Kuzeyin Sesi<\/title>\n<meta name=\"robots\" content=\"index, follow, max-snippet:-1, max-image-preview:large, max-video-preview:-1\" \/>\n<link rel=\"canonical\" href=\"https:\/\/kuzeyinsesi.org\/index.php\/2024\/05\/07\/ltb-baskani-harmanci-ibb-baskani-imamoglu-ile-istanbulda-bir-araya-geldi\/\" \/>\n<meta property=\"og:locale\" content=\"tr_TR\" \/>\n<meta property=\"og:type\" content=\"article\" \/>\n<meta property=\"og:title\" content=\"LTB Ba\u015fkan\u0131 Harmanc\u0131, \u0130BB Ba\u015fkan\u0131 \u0130mamo\u011flu ile \u0130stanbul\u2019da bir araya geldi - Kuzeyin Sesi\" \/>\n<meta property=\"og:description\" content=\"Lefko\u015fa T\u00fcrk Belediyesi Ba\u015fkan\u0131 Mehmet Harmanc\u0131, \u0130stanbul B\u00fcy\u00fck\u015fehir Belediyesi Ba\u015fkan\u0131 Ekrem \u0130mamo\u011flu ile g\u00f6r\u00fc\u015ft\u00fc. \u0130BB Ba\u015fkan\u0131 \u0130mamo\u011flu\u2019nun davetiyle ger\u00e7ekle\u015fen g\u00f6r\u00fc\u015fmede, iki \u015fehir ve kurum aras\u0131ndaki i\u015f birli\u011finin yeni d\u00f6nemde artarak devam etmesi i\u00e7in ortak \u00e7al\u0131\u015fma gruplar\u0131n\u0131n geni\u015fletilmesine karar verildi. LTB\u2019den yap\u0131lan yaz\u0131l\u0131 a\u00e7\u0131klamaya g\u00f6re, \u0130stanbul B\u00fcy\u00fck\u015fehir Belediyesi Ba\u015fkanl\u0131k binas\u0131nda yer alan g\u00f6r\u00fc\u015fmede, iki belediyenin ortak [&hellip;]\" \/>\n<meta property=\"og:url\" content=\"https:\/\/kuzeyinsesi.org\/index.php\/2024\/05\/07\/ltb-baskani-harmanci-ibb-baskani-imamoglu-ile-istanbulda-bir-araya-geldi\/\" \/>\n<meta property=\"og:site_name\" content=\"Kuzeyin Sesi\" \/>\n<meta property=\"article:publisher\" content=\"https:\/\/www.facebook.com\/kuzeyinsesii\" \/>\n<meta property=\"article:published_time\" content=\"2024-05-07T13:47:56+00:00\" \/>\n<meta property=\"og:image\" content=\"https:\/\/kuzeyinsesi.org\/wp-content\/uploads\/2024\/05\/ltb-ibb-1.jpeg\" \/>\n\t<meta property=\"og:image:width\" content=\"1600\" \/>\n\t<meta property=\"og:image:height\" content=\"1066\" \/>\n\t<meta property=\"og:image:type\" content=\"image\/jpeg\" \/>\n<meta name=\"author\" content=\"Kuzeyin Sesi\" \/>\n<meta name=\"twitter:card\" content=\"summary_large_image\" \/>\n<meta name=\"twitter:creator\" content=\"@kuzeyinsesii\" \/>\n<meta name=\"twitter:site\" content=\"@kuzeyinsesii\" \/>\n<meta name=\"twitter:label1\" content=\"Yazan:\" \/>\n\t<meta name=\"twitter:data1\" content=\"Kuzeyin Sesi\" \/>\n\t<meta name=\"twitter:label2\" content=\"Tahmini okuma s\u00fcresi\" \/>\n\t<meta name=\"twitter:data2\" content=\"2 dakika\" \/>\n<script type=\"application\/ld+json\" class=\"yoast-schema-graph\">{\"@context\":\"https:\\\/\\\/schema.org\",\"@graph\":[{\"@type\":\"Article\",\"@id\":\"https:\\\/\\\/kuzeyinsesi.org\\\/index.php\\\/2024\\\/05\\\/07\\\/ltb-baskani-harmanci-ibb-baskani-imamoglu-ile-istanbulda-bir-araya-geldi\\\/#article\",\"isPartOf\":{\"@id\":\"https:\\\/\\\/kuzeyinsesi.org\\\/index.php\\\/2024\\\/05\\\/07\\\/ltb-baskani-harmanci-ibb-baskani-imamoglu-ile-istanbulda-bir-araya-geldi\\\/\"},\"author\":{\"name\":\"Kuzeyin Sesi\",\"@id\":\"https:\\\/\\\/kuzeyinsesi.org\\\/#\\\/schema\\\/person\\\/9f859689cdf01485597712386e37f5aa\"},\"headline\":\"LTB Ba\u015fkan\u0131 Harmanc\u0131, \u0130BB Ba\u015fkan\u0131 \u0130mamo\u011flu ile \u0130stanbul\u2019da bir araya geldi\",\"datePublished\":\"2024-05-07T13:47:56+00:00\",\"mainEntityOfPage\":{\"@id\":\"https:\\\/\\\/kuzeyinsesi.org\\\/index.php\\\/2024\\\/05\\\/07\\\/ltb-baskani-harmanci-ibb-baskani-imamoglu-ile-istanbulda-bir-araya-geldi\\\/\"},\"wordCount\":322,\"commentCount\":0,\"image\":{\"@id\":\"https:\\\/\\\/kuzeyinsesi.org\\\/index.php\\\/2024\\\/05\\\/07\\\/ltb-baskani-harmanci-ibb-baskani-imamoglu-ile-istanbulda-bir-araya-geldi\\\/#primaryimage\"},\"thumbnailUrl\":\"https:\\\/\\\/kuzeyinsesi.org\\\/wp-content\\\/uploads\\\/2024\\\/05\\\/ltb-ibb-1.jpeg\",\"articleSection\":[\"K\u0131br\u0131s\"],\"inLanguage\":\"tr\",\"potentialAction\":[{\"@type\":\"CommentAction\",\"name\":\"Comment\",\"target\":[\"https:\\\/\\\/kuzeyinsesi.org\\\/index.php\\\/2024\\\/05\\\/07\\\/ltb-baskani-harmanci-ibb-baskani-imamoglu-ile-istanbulda-bir-araya-geldi\\\/#respond\"]}]},{\"@type\":\"WebPage\",\"@id\":\"https:\\\/\\\/kuzeyinsesi.org\\\/index.php\\\/2024\\\/05\\\/07\\\/ltb-baskani-harmanci-ibb-baskani-imamoglu-ile-istanbulda-bir-araya-geldi\\\/\",\"url\":\"https:\\\/\\\/kuzeyinsesi.org\\\/index.php\\\/2024\\\/05\\\/07\\\/ltb-baskani-harmanci-ibb-baskani-imamoglu-ile-istanbulda-bir-araya-geldi\\\/\",\"name\":\"LTB Ba\u015fkan\u0131 Harmanc\u0131, \u0130BB Ba\u015fkan\u0131 \u0130mamo\u011flu ile \u0130stanbul\u2019da bir araya geldi - Kuzeyin Sesi\",\"isPartOf\":{\"@id\":\"https:\\\/\\\/kuzeyinsesi.org\\\/#website\"},\"primaryImageOfPage\":{\"@id\":\"https:\\\/\\\/kuzeyinsesi.org\\\/index.php\\\/2024\\\/05\\\/07\\\/ltb-baskani-harmanci-ibb-baskani-imamoglu-ile-istanbulda-bir-araya-geldi\\\/#primaryimage\"},\"image\":{\"@id\":\"https:\\\/\\\/kuzeyinsesi.org\\\/index.php\\\/2024\\\/05\\\/07\\\/ltb-baskani-harmanci-ibb-baskani-imamoglu-ile-istanbulda-bir-araya-geldi\\\/#primaryimage\"},\"thumbnailUrl\":\"https:\\\/\\\/kuzeyinsesi.org\\\/wp-content\\\/uploads\\\/2024\\\/05\\\/ltb-ibb-1.jpeg\",\"datePublished\":\"2024-05-07T13:47:56+00:00\",\"author\":{\"@id\":\"https:\\\/\\\/kuzeyinsesi.org\\\/#\\\/schema\\\/person\\\/9f859689cdf01485597712386e37f5aa\"},\"breadcrumb\":{\"@id\":\"https:\\\/\\\/kuzeyinsesi.org\\\/index.php\\\/2024\\\/05\\\/07\\\/ltb-baskani-harmanci-ibb-baskani-imamoglu-ile-istanbulda-bir-araya-geldi\\\/#breadcrumb\"},\"inLanguage\":\"tr\",\"potentialAction\":[{\"@type\":\"ReadAction\",\"target\":[\"https:\\\/\\\/kuzeyinsesi.org\\\/index.php\\\/2024\\\/05\\\/07\\\/ltb-baskani-harmanci-ibb-baskani-imamoglu-ile-istanbulda-bir-araya-geldi\\\/\"]}]},{\"@type\":\"ImageObject\",\"inLanguage\":\"tr\",\"@id\":\"https:\\\/\\\/kuzeyinsesi.org\\\/index.php\\\/2024\\\/05\\\/07\\\/ltb-baskani-harmanci-ibb-baskani-imamoglu-ile-istanbulda-bir-araya-geldi\\\/#primaryimage\",\"url\":\"https:\\\/\\\/kuzeyinsesi.org\\\/wp-content\\\/uploads\\\/2024\\\/05\\\/ltb-ibb-1.jpeg\",\"contentUrl\":\"https:\\\/\\\/kuzeyinsesi.org\\\/wp-content\\\/uploads\\\/2024\\\/05\\\/ltb-ibb-1.jpeg\",\"width\":1600,\"height\":1066},{\"@type\":\"BreadcrumbList\",\"@id\":\"https:\\\/\\\/kuzeyinsesi.org\\\/index.php\\\/2024\\\/05\\\/07\\\/ltb-baskani-harmanci-ibb-baskani-imamoglu-ile-istanbulda-bir-araya-geldi\\\/#breadcrumb\",\"itemListElement\":[{\"@type\":\"ListItem\",\"position\":1,\"name\":\"Anasayfa\",\"item\":\"https:\\\/\\\/kuzeyinsesi.org\\\/\"},{\"@type\":\"ListItem\",\"position\":2,\"name\":\"LTB Ba\u015fkan\u0131 Harmanc\u0131, \u0130BB Ba\u015fkan\u0131 \u0130mamo\u011flu ile \u0130stanbul\u2019da bir araya geldi\"}]},{\"@type\":\"WebSite\",\"@id\":\"https:\\\/\\\/kuzeyinsesi.org\\\/#website\",\"url\":\"https:\\\/\\\/kuzeyinsesi.org\\\/\",\"name\":\"Kuzeyin Sesi\",\"description\":\"Do\u011fru Haberin Adresi\",\"potentialAction\":[{\"@type\":\"SearchAction\",\"target\":{\"@type\":\"EntryPoint\",\"urlTemplate\":\"https:\\\/\\\/kuzeyinsesi.org\\\/?s={search_term_string}\"},\"query-input\":{\"@type\":\"PropertyValueSpecification\",\"valueRequired\":true,\"valueName\":\"search_term_string\"}}],\"inLanguage\":\"tr\"},{\"@type\":\"Person\",\"@id\":\"https:\\\/\\\/kuzeyinsesi.org\\\/#\\\/schema\\\/person\\\/9f859689cdf01485597712386e37f5aa\",\"name\":\"Kuzeyin Sesi\",\"image\":{\"@type\":\"ImageObject\",\"inLanguage\":\"tr\",\"@id\":\"https:\\\/\\\/secure.gravatar.com\\\/avatar\\\/bab33852abfd8b282518d6ed81826833d77c3c882d9ab608add591ccace47a44?s=96&d=mm&r=g\",\"url\":\"https:\\\/\\\/secure.gravatar.com\\\/avatar\\\/bab33852abfd8b282518d6ed81826833d77c3c882d9ab608add591ccace47a44?s=96&d=mm&r=g\",\"contentUrl\":\"https:\\\/\\\/secure.gravatar.com\\\/avatar\\\/bab33852abfd8b282518d6ed81826833d77c3c882d9ab608add591ccace47a44?s=96&d=mm&r=g\",\"caption\":\"Kuzeyin Sesi\"},\"sameAs\":[\"https:\\\/\\\/kuzeyinsesi.org\"],\"url\":\"https:\\\/\\\/kuzeyinsesi.org\\\/index.php\\\/author\\\/guven\\\/\"}]}<\/script>\n<!-- \/ Yoast SEO plugin. -->","yoast_head_json":{"title":"LTB Ba\u015fkan\u0131 Harmanc\u0131, \u0130BB Ba\u015fkan\u0131 \u0130mamo\u011flu ile \u0130stanbul\u2019da bir araya geldi - Kuzeyin Sesi","robots":{"index":"index","follow":"follow","max-snippet":"max-snippet:-1","max-image-preview":"max-image-preview:large","max-video-preview":"max-video-preview:-1"},"canonical":"https:\/\/kuzeyinsesi.org\/index.php\/2024\/05\/07\/ltb-baskani-harmanci-ibb-baskani-imamoglu-ile-istanbulda-bir-araya-geldi\/","og_locale":"tr_TR","og_type":"article","og_title":"LTB Ba\u015fkan\u0131 Harmanc\u0131, \u0130BB Ba\u015fkan\u0131 \u0130mamo\u011flu ile \u0130stanbul\u2019da bir araya geldi - Kuzeyin Sesi","og_description":"Lefko\u015fa T\u00fcrk Belediyesi Ba\u015fkan\u0131 Mehmet Harmanc\u0131, \u0130stanbul B\u00fcy\u00fck\u015fehir Belediyesi Ba\u015fkan\u0131 Ekrem \u0130mamo\u011flu ile g\u00f6r\u00fc\u015ft\u00fc. \u0130BB Ba\u015fkan\u0131 \u0130mamo\u011flu\u2019nun davetiyle ger\u00e7ekle\u015fen g\u00f6r\u00fc\u015fmede, iki \u015fehir ve kurum aras\u0131ndaki i\u015f birli\u011finin yeni d\u00f6nemde artarak devam etmesi i\u00e7in ortak \u00e7al\u0131\u015fma gruplar\u0131n\u0131n geni\u015fletilmesine karar verildi. LTB\u2019den yap\u0131lan yaz\u0131l\u0131 a\u00e7\u0131klamaya g\u00f6re, \u0130stanbul B\u00fcy\u00fck\u015fehir Belediyesi Ba\u015fkanl\u0131k binas\u0131nda yer alan g\u00f6r\u00fc\u015fmede, iki belediyenin ortak [&hellip;]","og_url":"https:\/\/kuzeyinsesi.org\/index.php\/2024\/05\/07\/ltb-baskani-harmanci-ibb-baskani-imamoglu-ile-istanbulda-bir-araya-geldi\/","og_site_name":"Kuzeyin Sesi","article_publisher":"https:\/\/www.facebook.com\/kuzeyinsesii","article_published_time":"2024-05-07T13:47:56+00:00","og_image":[{"width":1600,"height":1066,"url":"https:\/\/kuzeyinsesi.org\/wp-content\/uploads\/2024\/05\/ltb-ibb-1.jpeg","type":"image\/jpeg"}],"author":"Kuzeyin Sesi","twitter_card":"summary_large_image","twitter_creator":"@kuzeyinsesii","twitter_site":"@kuzeyinsesii","twitter_misc":{"Yazan:":"Kuzeyin Sesi","Tahmini okuma s\u00fcresi":"2 dakika"},"schema":{"@context":"https:\/\/schema.org","@graph":[{"@type":"Article","@id":"https:\/\/kuzeyinsesi.org\/index.php\/2024\/05\/07\/ltb-baskani-harmanci-ibb-baskani-imamoglu-ile-istanbulda-bir-araya-geldi\/#article","isPartOf":{"@id":"https:\/\/kuzeyinsesi.org\/index.php\/2024\/05\/07\/ltb-baskani-harmanci-ibb-baskani-imamoglu-ile-istanbulda-bir-araya-geldi\/"},"author":{"name":"Kuzeyin Sesi","@id":"https:\/\/kuzeyinsesi.org\/#\/schema\/person\/9f859689cdf01485597712386e37f5aa"},"headline":"LTB Ba\u015fkan\u0131 Harmanc\u0131, \u0130BB Ba\u015fkan\u0131 \u0130mamo\u011flu ile \u0130stanbul\u2019da bir araya geldi","datePublished":"2024-05-07T13:47:56+00:00","mainEntityOfPage":{"@id":"https:\/\/kuzeyinsesi.org\/index.php\/2024\/05\/07\/ltb-baskani-harmanci-ibb-baskani-imamoglu-ile-istanbulda-bir-araya-geldi\/"},"wordCount":322,"commentCount":0,"image":{"@id":"https:\/\/kuzeyinsesi.org\/index.php\/2024\/05\/07\/ltb-baskani-harmanci-ibb-baskani-imamoglu-ile-istanbulda-bir-araya-geldi\/#primaryimage"},"thumbnailUrl":"https:\/\/kuzeyinsesi.org\/wp-content\/uploads\/2024\/05\/ltb-ibb-1.jpeg","articleSection":["K\u0131br\u0131s"],"inLanguage":"tr","potentialAction":[{"@type":"CommentAction","name":"Comment","target":["https:\/\/kuzeyinsesi.org\/index.php\/2024\/05\/07\/ltb-baskani-harmanci-ibb-baskani-imamoglu-ile-istanbulda-bir-araya-geldi\/#respond"]}]},{"@type":"WebPage","@id":"https:\/\/kuzeyinsesi.org\/index.php\/2024\/05\/07\/ltb-baskani-harmanci-ibb-baskani-imamoglu-ile-istanbulda-bir-araya-geldi\/","url":"https:\/\/kuzeyinsesi.org\/index.php\/2024\/05\/07\/ltb-baskani-harmanci-ibb-baskani-imamoglu-ile-istanbulda-bir-araya-geldi\/","name":"LTB Ba\u015fkan\u0131 Harmanc\u0131, \u0130BB Ba\u015fkan\u0131 \u0130mamo\u011flu ile \u0130stanbul\u2019da bir araya geldi - Kuzeyin Sesi","isPartOf":{"@id":"https:\/\/kuzeyinsesi.org\/#website"},"primaryImageOfPage":{"@id":"https:\/\/kuzeyinsesi.org\/index.php\/2024\/05\/07\/ltb-baskani-harmanci-ibb-baskani-imamoglu-ile-istanbulda-bir-araya-geldi\/#primaryimage"},"image":{"@id":"https:\/\/kuzeyinsesi.org\/index.php\/2024\/05\/07\/ltb-baskani-harmanci-ibb-baskani-imamoglu-ile-istanbulda-bir-araya-geldi\/#primaryimage"},"thumbnailUrl":"https:\/\/kuzeyinsesi.org\/wp-content\/uploads\/2024\/05\/ltb-ibb-1.jpeg","datePublished":"2024-05-07T13:47:56+00:00","author":{"@id":"https:\/\/kuzeyinsesi.org\/#\/schema\/person\/9f859689cdf01485597712386e37f5aa"},"breadcrumb":{"@id":"https:\/\/kuzeyinsesi.org\/index.php\/2024\/05\/07\/ltb-baskani-harmanci-ibb-baskani-imamoglu-ile-istanbulda-bir-araya-geldi\/#breadcrumb"},"inLanguage":"tr","potentialAction":[{"@type":"ReadAction","target":["https:\/\/kuzeyinsesi.org\/index.php\/2024\/05\/07\/ltb-baskani-harmanci-ibb-baskani-imamoglu-ile-istanbulda-bir-araya-geldi\/"]}]},{"@type":"ImageObject","inLanguage":"tr","@id":"https:\/\/kuzeyinsesi.org\/index.php\/2024\/05\/07\/ltb-baskani-harmanci-ibb-baskani-imamoglu-ile-istanbulda-bir-araya-geldi\/#primaryimage","url":"https:\/\/kuzeyinsesi.org\/wp-content\/uploads\/2024\/05\/ltb-ibb-1.jpeg","contentUrl":"https:\/\/kuzeyinsesi.org\/wp-content\/uploads\/2024\/05\/ltb-ibb-1.jpeg","width":1600,"height":1066},{"@type":"BreadcrumbList","@id":"https:\/\/kuzeyinsesi.org\/index.php\/2024\/05\/07\/ltb-baskani-harmanci-ibb-baskani-imamoglu-ile-istanbulda-bir-araya-geldi\/#breadcrumb","itemListElement":[{"@type":"ListItem","position":1,"name":"Anasayfa","item":"https:\/\/kuzeyinsesi.org\/"},{"@type":"ListItem","position":2,"name":"LTB Ba\u015fkan\u0131 Harmanc\u0131, \u0130BB Ba\u015fkan\u0131 \u0130mamo\u011flu ile \u0130stanbul\u2019da bir araya geldi"}]},{"@type":"WebSite","@id":"https:\/\/kuzeyinsesi.org\/#website","url":"https:\/\/kuzeyinsesi.org\/","name":"Kuzeyin Sesi","description":"Do\u011fru Haberin Adresi","potentialAction":[{"@type":"SearchAction","target":{"@type":"EntryPoint","urlTemplate":"https:\/\/kuzeyinsesi.org\/?s={search_term_string}"},"query-input":{"@type":"PropertyValueSpecification","valueRequired":true,"valueName":"search_term_string"}}],"inLanguage":"tr"},{"@type":"Person","@id":"https:\/\/kuzeyinsesi.org\/#\/schema\/person\/9f859689cdf01485597712386e37f5aa","name":"Kuzeyin Sesi","image":{"@type":"ImageObject","inLanguage":"tr","@id":"https:\/\/secure.gravatar.com\/avatar\/bab33852abfd8b282518d6ed81826833d77c3c882d9ab608add591ccace47a44?s=96&d=mm&r=g","url":"https:\/\/secure.gravatar.com\/avatar\/bab33852abfd8b282518d6ed81826833d77c3c882d9ab608add591ccace47a44?s=96&d=mm&r=g","contentUrl":"https:\/\/secure.gravatar.com\/avatar\/bab33852abfd8b282518d6ed81826833d77c3c882d9ab608add591ccace47a44?s=96&d=mm&r=g","caption":"Kuzeyin Sesi"},"sameAs":["https:\/\/kuzeyinsesi.org"],"url":"https:\/\/kuzeyinsesi.org\/index.php\/author\/guven\/"}]}},"_links":{"self":[{"href":"https:\/\/kuzeyinsesi.org\/index.php\/wp-json\/wp\/v2\/posts\/1600","targetHints":{"allow":["GET"]}}],"collection":[{"href":"https:\/\/kuzeyinsesi.org\/index.php\/wp-json\/wp\/v2\/posts"}],"about":[{"href":"https:\/\/kuzeyinsesi.org\/index.php\/wp-json\/wp\/v2\/types\/post"}],"author":[{"embeddable":true,"href":"https:\/\/kuzeyinsesi.org\/index.php\/wp-json\/wp\/v2\/users\/1"}],"replies":[{"embeddable":true,"href":"https:\/\/kuzeyinsesi.org\/index.php\/wp-json\/wp\/v2\/comments?post=1600"}],"version-history":[{"count":0,"href":"https:\/\/kuzeyinsesi.org\/index.php\/wp-json\/wp\/v2\/posts\/1600\/revisions"}],"wp:featuredmedia":[{"embeddable":true,"href":"https:\/\/kuzeyinsesi.org\/index.php\/wp-json\/wp\/v2\/media\/1601"}],"wp:attachment":[{"href":"https:\/\/kuzeyinsesi.org\/index.php\/wp-json\/wp\/v2\/media?parent=1600"}],"wp:term":[{"taxonomy":"category","embeddable":true,"href":"https:\/\/kuzeyinsesi.org\/index.php\/wp-json\/wp\/v2\/categories?post=1600"},{"taxonomy":"post_tag","embeddable":true,"href":"https:\/\/kuzeyinsesi.org\/index.php\/wp-json\/wp\/v2\/tags?post=1600"}],"curies":[{"name":"wp","href":"https:\/\/api.w.org\/{rel}","templated":true}]}}