{"id":15980,"date":"2024-12-20T16:34:30","date_gmt":"2024-12-20T14:34:30","guid":{"rendered":"https:\/\/kuzeyinsesi.org\/index.php\/2024\/12\/20\/sanatci-bora-gencer-ve-ekibi-kultur-dairesi-muduru-sirin-zaimagaoglunu-ziyaret-etti\/"},"modified":"2024-12-20T16:34:30","modified_gmt":"2024-12-20T14:34:30","slug":"sanatci-bora-gencer-ve-ekibi-kultur-dairesi-muduru-sirin-zaimagaoglunu-ziyaret-etti","status":"publish","type":"post","link":"https:\/\/kuzeyinsesi.org\/index.php\/2024\/12\/20\/sanatci-bora-gencer-ve-ekibi-kultur-dairesi-muduru-sirin-zaimagaoglunu-ziyaret-etti\/","title":{"rendered":"Sanat\u00e7\u0131 Bora Gencer ve ekibi K\u00fclt\u00fcr Dairesi M\u00fcd\u00fcr\u00fc \u015eirin Zaima\u011fao\u011flu\u2019nu ziyaret etti"},"content":{"rendered":"<div>\n<div class=\"mariselle-image-container center\">\n                                            <\/div>\n<p>Sanat\u00e7\u0131 Bora Gencer ve ekibi, K\u00fclt\u00fcr Dairesi M\u00fcd\u00fcr\u00fc \u015eirin Zaima\u011fao\u011flu\u2019nu ziyaret etti<\/p>\n<p>Ba\u015fbakan Yard\u0131mc\u0131l\u0131\u011f\u0131 Turizm, K\u00fclt\u00fcr, Gen\u00e7lik ve \u00c7evre Bakan\u0131 Fikri Atao\u011flu ve M\u00fcste\u015far\u0131 Serhan Aktun\u00e7 ile g\u00f6r\u00fc\u015fen \u00dcnl\u00fc Sanat\u00e7\u0131 Bora Gencer, 2025 y\u0131l\u0131na y\u00f6nelik projeleri olgunla\u015ft\u0131rmak amac\u0131yla Bakanl\u0131\u011fa ba\u011fl\u0131 K\u00fclt\u00fcr Dairesi M\u00fcd\u00fcr\u00fc \u015eirin Zaima\u011fao\u011flu\u2019nu ziyaret etti.<\/p>\n<p>K\u00fclt\u00fcr Dairesi\u2019nden verilen bilgiye g\u00f6re, Bora Gencer Zaima\u011fao\u011flu\u2019nu ziyaretinde, ge\u00e7mi\u015fte K\u0131br\u0131s\u2019a \u00e7ok s\u0131k gelerek Kurucu Cumhurba\u015fkan\u0131 Rauf Denkta\u015f\u2019\u0131 ziyaret etti\u011fini ve K\u0131br\u0131s insan\u0131n\u0131 \u00e7ok sevdi\u011fini dile getirdi. Konu\u015fmas\u0131nda, adan\u0131n k\u00fclt\u00fcrel y\u00f6nden \u00e7ok zengin oldu\u011funu ifade eden Gencer, K\u00fclt\u00fcr Dairesi ile birlikte bu k\u00fclt\u00fcrel zenginli\u011fi ta\u00e7land\u0131racak projeleri hayata ge\u00e7irmeyi hedeflediklerini belirtti.<\/p>\n<p>Bora Gencer ve ekibinin ziyaretinden duydu\u011fu memnuniyeti bildiren Zaima\u011fao\u011flu, \u00fclkenin k\u00fclt\u00fcrel zenginli\u011finin T\u00fcrkiye\u2019de daha geni\u015f kitlelere yans\u0131t\u0131lmas\u0131n\u0131 sa\u011flayacak projelerin hayata ge\u00e7irilmesi amac\u0131yla K\u00fclt\u00fcr Dairesi\u2019nin her zaman yard\u0131ma haz\u0131r oldu\u011funu vurgulad\u0131<\/p>\n<\/p><\/div>\n<p><script async\n                    defer\n                    crossorigin=\"anonymous\"\n                    src=\"https:\/\/connect.facebook.net\/tr_TR\/sdk.js#xfbml=1&#038;version=v3.3\"\n            ><\/script><\/p>\n","protected":false},"excerpt":{"rendered":"<p>Sanat\u00e7\u0131 Bora Gencer ve ekibi, K\u00fclt\u00fcr Dairesi M\u00fcd\u00fcr\u00fc \u015eirin Zaima\u011fao\u011flu\u2019nu ziyaret etti Ba\u015fbakan Yard\u0131mc\u0131l\u0131\u011f\u0131 Turizm, K\u00fclt\u00fcr, Gen\u00e7lik ve \u00c7evre Bakan\u0131 Fikri Atao\u011flu ve M\u00fcste\u015far\u0131 Serhan Aktun\u00e7 ile g\u00f6r\u00fc\u015fen \u00dcnl\u00fc Sanat\u00e7\u0131 Bora Gencer, 2025 y\u0131l\u0131na y\u00f6nelik projeleri olgunla\u015ft\u0131rmak amac\u0131yla Bakanl\u0131\u011fa ba\u011fl\u0131 K\u00fclt\u00fcr Dairesi M\u00fcd\u00fcr\u00fc \u015eirin Zaima\u011fao\u011flu\u2019nu ziyaret etti. K\u00fclt\u00fcr Dairesi\u2019nden verilen bilgiye g\u00f6re, Bora Gencer Zaima\u011fao\u011flu\u2019nu [&hellip;]<\/p>\n","protected":false},"author":1,"featured_media":15981,"comment_status":"open","ping_status":"open","sticky":false,"template":"","format":"standard","meta":{"jnews-multi-image_gallery":[],"jnews_single_post":[],"jnews_primary_category":[],"jnews_social_meta":[],"jnews_override_counter":[],"footnotes":""},"categories":[6],"tags":[],"class_list":["post-15980","post","type-post","status-publish","format-standard","has-post-thumbnail","hentry","category-yasam"],"yoast_head":"<!-- This site is optimized with the Yoast SEO plugin v27.4 - https:\/\/yoast.com\/product\/yoast-seo-wordpress\/ -->\n<title>Sanat\u00e7\u0131 Bora Gencer ve ekibi K\u00fclt\u00fcr Dairesi M\u00fcd\u00fcr\u00fc \u015eirin Zaima\u011fao\u011flu\u2019nu ziyaret etti - Kuzeyin Sesi<\/title>\n<meta name=\"robots\" content=\"index, follow, max-snippet:-1, max-image-preview:large, max-video-preview:-1\" \/>\n<link rel=\"canonical\" href=\"https:\/\/kuzeyinsesi.org\/index.php\/2024\/12\/20\/sanatci-bora-gencer-ve-ekibi-kultur-dairesi-muduru-sirin-zaimagaoglunu-ziyaret-etti\/\" \/>\n<meta property=\"og:locale\" content=\"tr_TR\" \/>\n<meta property=\"og:type\" content=\"article\" \/>\n<meta property=\"og:title\" content=\"Sanat\u00e7\u0131 Bora Gencer ve ekibi K\u00fclt\u00fcr Dairesi M\u00fcd\u00fcr\u00fc \u015eirin Zaima\u011fao\u011flu\u2019nu ziyaret etti - Kuzeyin Sesi\" \/>\n<meta property=\"og:description\" content=\"Sanat\u00e7\u0131 Bora Gencer ve ekibi, K\u00fclt\u00fcr Dairesi M\u00fcd\u00fcr\u00fc \u015eirin Zaima\u011fao\u011flu\u2019nu ziyaret etti Ba\u015fbakan Yard\u0131mc\u0131l\u0131\u011f\u0131 Turizm, K\u00fclt\u00fcr, Gen\u00e7lik ve \u00c7evre Bakan\u0131 Fikri Atao\u011flu ve M\u00fcste\u015far\u0131 Serhan Aktun\u00e7 ile g\u00f6r\u00fc\u015fen \u00dcnl\u00fc Sanat\u00e7\u0131 Bora Gencer, 2025 y\u0131l\u0131na y\u00f6nelik projeleri olgunla\u015ft\u0131rmak amac\u0131yla Bakanl\u0131\u011fa ba\u011fl\u0131 K\u00fclt\u00fcr Dairesi M\u00fcd\u00fcr\u00fc \u015eirin Zaima\u011fao\u011flu\u2019nu ziyaret etti. K\u00fclt\u00fcr Dairesi\u2019nden verilen bilgiye g\u00f6re, Bora Gencer Zaima\u011fao\u011flu\u2019nu [&hellip;]\" \/>\n<meta property=\"og:url\" content=\"https:\/\/kuzeyinsesi.org\/index.php\/2024\/12\/20\/sanatci-bora-gencer-ve-ekibi-kultur-dairesi-muduru-sirin-zaimagaoglunu-ziyaret-etti\/\" \/>\n<meta property=\"og:site_name\" content=\"Kuzeyin Sesi\" \/>\n<meta property=\"article:publisher\" content=\"https:\/\/www.facebook.com\/kuzeyinsesii\" \/>\n<meta property=\"article:published_time\" content=\"2024-12-20T14:34:30+00:00\" \/>\n<meta property=\"og:image\" content=\"https:\/\/brtk.net\/wp-content\/uploads\/2024\/12\/20\/1734698873020ATAOGLU-BORA-GENCER1.jpg?ver=8f121f0f58145300e2a7e4496ffabcaf\" \/>\n<meta name=\"author\" content=\"Kuzeyin Sesi\" \/>\n<meta name=\"twitter:card\" content=\"summary_large_image\" \/>\n<meta name=\"twitter:creator\" content=\"@kuzeyinsesii\" \/>\n<meta name=\"twitter:site\" content=\"@kuzeyinsesii\" \/>\n<meta name=\"twitter:label1\" content=\"Yazan:\" \/>\n\t<meta name=\"twitter:data1\" content=\"Kuzeyin Sesi\" \/>\n\t<meta name=\"twitter:label2\" content=\"Tahmini okuma s\u00fcresi\" \/>\n\t<meta name=\"twitter:data2\" content=\"1 dakika\" \/>\n<script type=\"application\/ld+json\" class=\"yoast-schema-graph\">{\"@context\":\"https:\\\/\\\/schema.org\",\"@graph\":[{\"@type\":\"Article\",\"@id\":\"https:\\\/\\\/kuzeyinsesi.org\\\/index.php\\\/2024\\\/12\\\/20\\\/sanatci-bora-gencer-ve-ekibi-kultur-dairesi-muduru-sirin-zaimagaoglunu-ziyaret-etti\\\/#article\",\"isPartOf\":{\"@id\":\"https:\\\/\\\/kuzeyinsesi.org\\\/index.php\\\/2024\\\/12\\\/20\\\/sanatci-bora-gencer-ve-ekibi-kultur-dairesi-muduru-sirin-zaimagaoglunu-ziyaret-etti\\\/\"},\"author\":{\"name\":\"Kuzeyin Sesi\",\"@id\":\"https:\\\/\\\/kuzeyinsesi.org\\\/#\\\/schema\\\/person\\\/9f859689cdf01485597712386e37f5aa\"},\"headline\":\"Sanat\u00e7\u0131 Bora Gencer ve ekibi K\u00fclt\u00fcr Dairesi M\u00fcd\u00fcr\u00fc \u015eirin Zaima\u011fao\u011flu\u2019nu ziyaret etti\",\"datePublished\":\"2024-12-20T14:34:30+00:00\",\"mainEntityOfPage\":{\"@id\":\"https:\\\/\\\/kuzeyinsesi.org\\\/index.php\\\/2024\\\/12\\\/20\\\/sanatci-bora-gencer-ve-ekibi-kultur-dairesi-muduru-sirin-zaimagaoglunu-ziyaret-etti\\\/\"},\"wordCount\":232,\"commentCount\":0,\"image\":{\"@id\":\"https:\\\/\\\/kuzeyinsesi.org\\\/index.php\\\/2024\\\/12\\\/20\\\/sanatci-bora-gencer-ve-ekibi-kultur-dairesi-muduru-sirin-zaimagaoglunu-ziyaret-etti\\\/#primaryimage\"},\"thumbnailUrl\":\"https:\\\/\\\/kuzeyinsesi.org\\\/wp-content\\\/uploads\\\/2024\\\/12\\\/1734698873020ATAOGLU-BORA-GENCER1.jpg\",\"articleSection\":[\"Ya\u015fam\"],\"inLanguage\":\"tr\",\"potentialAction\":[{\"@type\":\"CommentAction\",\"name\":\"Comment\",\"target\":[\"https:\\\/\\\/kuzeyinsesi.org\\\/index.php\\\/2024\\\/12\\\/20\\\/sanatci-bora-gencer-ve-ekibi-kultur-dairesi-muduru-sirin-zaimagaoglunu-ziyaret-etti\\\/#respond\"]}]},{\"@type\":\"WebPage\",\"@id\":\"https:\\\/\\\/kuzeyinsesi.org\\\/index.php\\\/2024\\\/12\\\/20\\\/sanatci-bora-gencer-ve-ekibi-kultur-dairesi-muduru-sirin-zaimagaoglunu-ziyaret-etti\\\/\",\"url\":\"https:\\\/\\\/kuzeyinsesi.org\\\/index.php\\\/2024\\\/12\\\/20\\\/sanatci-bora-gencer-ve-ekibi-kultur-dairesi-muduru-sirin-zaimagaoglunu-ziyaret-etti\\\/\",\"name\":\"Sanat\u00e7\u0131 Bora Gencer ve ekibi K\u00fclt\u00fcr Dairesi M\u00fcd\u00fcr\u00fc \u015eirin Zaima\u011fao\u011flu\u2019nu ziyaret etti - Kuzeyin Sesi\",\"isPartOf\":{\"@id\":\"https:\\\/\\\/kuzeyinsesi.org\\\/#website\"},\"primaryImageOfPage\":{\"@id\":\"https:\\\/\\\/kuzeyinsesi.org\\\/index.php\\\/2024\\\/12\\\/20\\\/sanatci-bora-gencer-ve-ekibi-kultur-dairesi-muduru-sirin-zaimagaoglunu-ziyaret-etti\\\/#primaryimage\"},\"image\":{\"@id\":\"https:\\\/\\\/kuzeyinsesi.org\\\/index.php\\\/2024\\\/12\\\/20\\\/sanatci-bora-gencer-ve-ekibi-kultur-dairesi-muduru-sirin-zaimagaoglunu-ziyaret-etti\\\/#primaryimage\"},\"thumbnailUrl\":\"https:\\\/\\\/kuzeyinsesi.org\\\/wp-content\\\/uploads\\\/2024\\\/12\\\/1734698873020ATAOGLU-BORA-GENCER1.jpg\",\"datePublished\":\"2024-12-20T14:34:30+00:00\",\"author\":{\"@id\":\"https:\\\/\\\/kuzeyinsesi.org\\\/#\\\/schema\\\/person\\\/9f859689cdf01485597712386e37f5aa\"},\"breadcrumb\":{\"@id\":\"https:\\\/\\\/kuzeyinsesi.org\\\/index.php\\\/2024\\\/12\\\/20\\\/sanatci-bora-gencer-ve-ekibi-kultur-dairesi-muduru-sirin-zaimagaoglunu-ziyaret-etti\\\/#breadcrumb\"},\"inLanguage\":\"tr\",\"potentialAction\":[{\"@type\":\"ReadAction\",\"target\":[\"https:\\\/\\\/kuzeyinsesi.org\\\/index.php\\\/2024\\\/12\\\/20\\\/sanatci-bora-gencer-ve-ekibi-kultur-dairesi-muduru-sirin-zaimagaoglunu-ziyaret-etti\\\/\"]}]},{\"@type\":\"ImageObject\",\"inLanguage\":\"tr\",\"@id\":\"https:\\\/\\\/kuzeyinsesi.org\\\/index.php\\\/2024\\\/12\\\/20\\\/sanatci-bora-gencer-ve-ekibi-kultur-dairesi-muduru-sirin-zaimagaoglunu-ziyaret-etti\\\/#primaryimage\",\"url\":\"https:\\\/\\\/kuzeyinsesi.org\\\/wp-content\\\/uploads\\\/2024\\\/12\\\/1734698873020ATAOGLU-BORA-GENCER1.jpg\",\"contentUrl\":\"https:\\\/\\\/kuzeyinsesi.org\\\/wp-content\\\/uploads\\\/2024\\\/12\\\/1734698873020ATAOGLU-BORA-GENCER1.jpg\",\"width\":1600,\"height\":1200},{\"@type\":\"BreadcrumbList\",\"@id\":\"https:\\\/\\\/kuzeyinsesi.org\\\/index.php\\\/2024\\\/12\\\/20\\\/sanatci-bora-gencer-ve-ekibi-kultur-dairesi-muduru-sirin-zaimagaoglunu-ziyaret-etti\\\/#breadcrumb\",\"itemListElement\":[{\"@type\":\"ListItem\",\"position\":1,\"name\":\"Anasayfa\",\"item\":\"https:\\\/\\\/kuzeyinsesi.org\\\/\"},{\"@type\":\"ListItem\",\"position\":2,\"name\":\"Sanat\u00e7\u0131 Bora Gencer ve ekibi K\u00fclt\u00fcr Dairesi M\u00fcd\u00fcr\u00fc \u015eirin Zaima\u011fao\u011flu\u2019nu ziyaret etti\"}]},{\"@type\":\"WebSite\",\"@id\":\"https:\\\/\\\/kuzeyinsesi.org\\\/#website\",\"url\":\"https:\\\/\\\/kuzeyinsesi.org\\\/\",\"name\":\"Kuzeyin Sesi\",\"description\":\"Do\u011fru Haberin Adresi\",\"potentialAction\":[{\"@type\":\"SearchAction\",\"target\":{\"@type\":\"EntryPoint\",\"urlTemplate\":\"https:\\\/\\\/kuzeyinsesi.org\\\/?s={search_term_string}\"},\"query-input\":{\"@type\":\"PropertyValueSpecification\",\"valueRequired\":true,\"valueName\":\"search_term_string\"}}],\"inLanguage\":\"tr\"},{\"@type\":\"Person\",\"@id\":\"https:\\\/\\\/kuzeyinsesi.org\\\/#\\\/schema\\\/person\\\/9f859689cdf01485597712386e37f5aa\",\"name\":\"Kuzeyin Sesi\",\"image\":{\"@type\":\"ImageObject\",\"inLanguage\":\"tr\",\"@id\":\"https:\\\/\\\/secure.gravatar.com\\\/avatar\\\/bab33852abfd8b282518d6ed81826833d77c3c882d9ab608add591ccace47a44?s=96&d=mm&r=g\",\"url\":\"https:\\\/\\\/secure.gravatar.com\\\/avatar\\\/bab33852abfd8b282518d6ed81826833d77c3c882d9ab608add591ccace47a44?s=96&d=mm&r=g\",\"contentUrl\":\"https:\\\/\\\/secure.gravatar.com\\\/avatar\\\/bab33852abfd8b282518d6ed81826833d77c3c882d9ab608add591ccace47a44?s=96&d=mm&r=g\",\"caption\":\"Kuzeyin Sesi\"},\"sameAs\":[\"https:\\\/\\\/kuzeyinsesi.org\"],\"url\":\"https:\\\/\\\/kuzeyinsesi.org\\\/index.php\\\/author\\\/guven\\\/\"}]}<\/script>\n<!-- \/ Yoast SEO plugin. -->","yoast_head_json":{"title":"Sanat\u00e7\u0131 Bora Gencer ve ekibi K\u00fclt\u00fcr Dairesi M\u00fcd\u00fcr\u00fc \u015eirin Zaima\u011fao\u011flu\u2019nu ziyaret etti - Kuzeyin Sesi","robots":{"index":"index","follow":"follow","max-snippet":"max-snippet:-1","max-image-preview":"max-image-preview:large","max-video-preview":"max-video-preview:-1"},"canonical":"https:\/\/kuzeyinsesi.org\/index.php\/2024\/12\/20\/sanatci-bora-gencer-ve-ekibi-kultur-dairesi-muduru-sirin-zaimagaoglunu-ziyaret-etti\/","og_locale":"tr_TR","og_type":"article","og_title":"Sanat\u00e7\u0131 Bora Gencer ve ekibi K\u00fclt\u00fcr Dairesi M\u00fcd\u00fcr\u00fc \u015eirin Zaima\u011fao\u011flu\u2019nu ziyaret etti - Kuzeyin Sesi","og_description":"Sanat\u00e7\u0131 Bora Gencer ve ekibi, K\u00fclt\u00fcr Dairesi M\u00fcd\u00fcr\u00fc \u015eirin Zaima\u011fao\u011flu\u2019nu ziyaret etti Ba\u015fbakan Yard\u0131mc\u0131l\u0131\u011f\u0131 Turizm, K\u00fclt\u00fcr, Gen\u00e7lik ve \u00c7evre Bakan\u0131 Fikri Atao\u011flu ve M\u00fcste\u015far\u0131 Serhan Aktun\u00e7 ile g\u00f6r\u00fc\u015fen \u00dcnl\u00fc Sanat\u00e7\u0131 Bora Gencer, 2025 y\u0131l\u0131na y\u00f6nelik projeleri olgunla\u015ft\u0131rmak amac\u0131yla Bakanl\u0131\u011fa ba\u011fl\u0131 K\u00fclt\u00fcr Dairesi M\u00fcd\u00fcr\u00fc \u015eirin Zaima\u011fao\u011flu\u2019nu ziyaret etti. K\u00fclt\u00fcr Dairesi\u2019nden verilen bilgiye g\u00f6re, Bora Gencer Zaima\u011fao\u011flu\u2019nu [&hellip;]","og_url":"https:\/\/kuzeyinsesi.org\/index.php\/2024\/12\/20\/sanatci-bora-gencer-ve-ekibi-kultur-dairesi-muduru-sirin-zaimagaoglunu-ziyaret-etti\/","og_site_name":"Kuzeyin Sesi","article_publisher":"https:\/\/www.facebook.com\/kuzeyinsesii","article_published_time":"2024-12-20T14:34:30+00:00","og_image":[{"url":"https:\/\/brtk.net\/wp-content\/uploads\/2024\/12\/20\/1734698873020ATAOGLU-BORA-GENCER1.jpg?ver=8f121f0f58145300e2a7e4496ffabcaf","type":"","width":"","height":""}],"author":"Kuzeyin Sesi","twitter_card":"summary_large_image","twitter_creator":"@kuzeyinsesii","twitter_site":"@kuzeyinsesii","twitter_misc":{"Yazan:":"Kuzeyin Sesi","Tahmini okuma s\u00fcresi":"1 dakika"},"schema":{"@context":"https:\/\/schema.org","@graph":[{"@type":"Article","@id":"https:\/\/kuzeyinsesi.org\/index.php\/2024\/12\/20\/sanatci-bora-gencer-ve-ekibi-kultur-dairesi-muduru-sirin-zaimagaoglunu-ziyaret-etti\/#article","isPartOf":{"@id":"https:\/\/kuzeyinsesi.org\/index.php\/2024\/12\/20\/sanatci-bora-gencer-ve-ekibi-kultur-dairesi-muduru-sirin-zaimagaoglunu-ziyaret-etti\/"},"author":{"name":"Kuzeyin Sesi","@id":"https:\/\/kuzeyinsesi.org\/#\/schema\/person\/9f859689cdf01485597712386e37f5aa"},"headline":"Sanat\u00e7\u0131 Bora Gencer ve ekibi K\u00fclt\u00fcr Dairesi M\u00fcd\u00fcr\u00fc \u015eirin Zaima\u011fao\u011flu\u2019nu ziyaret etti","datePublished":"2024-12-20T14:34:30+00:00","mainEntityOfPage":{"@id":"https:\/\/kuzeyinsesi.org\/index.php\/2024\/12\/20\/sanatci-bora-gencer-ve-ekibi-kultur-dairesi-muduru-sirin-zaimagaoglunu-ziyaret-etti\/"},"wordCount":232,"commentCount":0,"image":{"@id":"https:\/\/kuzeyinsesi.org\/index.php\/2024\/12\/20\/sanatci-bora-gencer-ve-ekibi-kultur-dairesi-muduru-sirin-zaimagaoglunu-ziyaret-etti\/#primaryimage"},"thumbnailUrl":"https:\/\/kuzeyinsesi.org\/wp-content\/uploads\/2024\/12\/1734698873020ATAOGLU-BORA-GENCER1.jpg","articleSection":["Ya\u015fam"],"inLanguage":"tr","potentialAction":[{"@type":"CommentAction","name":"Comment","target":["https:\/\/kuzeyinsesi.org\/index.php\/2024\/12\/20\/sanatci-bora-gencer-ve-ekibi-kultur-dairesi-muduru-sirin-zaimagaoglunu-ziyaret-etti\/#respond"]}]},{"@type":"WebPage","@id":"https:\/\/kuzeyinsesi.org\/index.php\/2024\/12\/20\/sanatci-bora-gencer-ve-ekibi-kultur-dairesi-muduru-sirin-zaimagaoglunu-ziyaret-etti\/","url":"https:\/\/kuzeyinsesi.org\/index.php\/2024\/12\/20\/sanatci-bora-gencer-ve-ekibi-kultur-dairesi-muduru-sirin-zaimagaoglunu-ziyaret-etti\/","name":"Sanat\u00e7\u0131 Bora Gencer ve ekibi K\u00fclt\u00fcr Dairesi M\u00fcd\u00fcr\u00fc \u015eirin Zaima\u011fao\u011flu\u2019nu ziyaret etti - Kuzeyin Sesi","isPartOf":{"@id":"https:\/\/kuzeyinsesi.org\/#website"},"primaryImageOfPage":{"@id":"https:\/\/kuzeyinsesi.org\/index.php\/2024\/12\/20\/sanatci-bora-gencer-ve-ekibi-kultur-dairesi-muduru-sirin-zaimagaoglunu-ziyaret-etti\/#primaryimage"},"image":{"@id":"https:\/\/kuzeyinsesi.org\/index.php\/2024\/12\/20\/sanatci-bora-gencer-ve-ekibi-kultur-dairesi-muduru-sirin-zaimagaoglunu-ziyaret-etti\/#primaryimage"},"thumbnailUrl":"https:\/\/kuzeyinsesi.org\/wp-content\/uploads\/2024\/12\/1734698873020ATAOGLU-BORA-GENCER1.jpg","datePublished":"2024-12-20T14:34:30+00:00","author":{"@id":"https:\/\/kuzeyinsesi.org\/#\/schema\/person\/9f859689cdf01485597712386e37f5aa"},"breadcrumb":{"@id":"https:\/\/kuzeyinsesi.org\/index.php\/2024\/12\/20\/sanatci-bora-gencer-ve-ekibi-kultur-dairesi-muduru-sirin-zaimagaoglunu-ziyaret-etti\/#breadcrumb"},"inLanguage":"tr","potentialAction":[{"@type":"ReadAction","target":["https:\/\/kuzeyinsesi.org\/index.php\/2024\/12\/20\/sanatci-bora-gencer-ve-ekibi-kultur-dairesi-muduru-sirin-zaimagaoglunu-ziyaret-etti\/"]}]},{"@type":"ImageObject","inLanguage":"tr","@id":"https:\/\/kuzeyinsesi.org\/index.php\/2024\/12\/20\/sanatci-bora-gencer-ve-ekibi-kultur-dairesi-muduru-sirin-zaimagaoglunu-ziyaret-etti\/#primaryimage","url":"https:\/\/kuzeyinsesi.org\/wp-content\/uploads\/2024\/12\/1734698873020ATAOGLU-BORA-GENCER1.jpg","contentUrl":"https:\/\/kuzeyinsesi.org\/wp-content\/uploads\/2024\/12\/1734698873020ATAOGLU-BORA-GENCER1.jpg","width":1600,"height":1200},{"@type":"BreadcrumbList","@id":"https:\/\/kuzeyinsesi.org\/index.php\/2024\/12\/20\/sanatci-bora-gencer-ve-ekibi-kultur-dairesi-muduru-sirin-zaimagaoglunu-ziyaret-etti\/#breadcrumb","itemListElement":[{"@type":"ListItem","position":1,"name":"Anasayfa","item":"https:\/\/kuzeyinsesi.org\/"},{"@type":"ListItem","position":2,"name":"Sanat\u00e7\u0131 Bora Gencer ve ekibi K\u00fclt\u00fcr Dairesi M\u00fcd\u00fcr\u00fc \u015eirin Zaima\u011fao\u011flu\u2019nu ziyaret etti"}]},{"@type":"WebSite","@id":"https:\/\/kuzeyinsesi.org\/#website","url":"https:\/\/kuzeyinsesi.org\/","name":"Kuzeyin Sesi","description":"Do\u011fru Haberin Adresi","potentialAction":[{"@type":"SearchAction","target":{"@type":"EntryPoint","urlTemplate":"https:\/\/kuzeyinsesi.org\/?s={search_term_string}"},"query-input":{"@type":"PropertyValueSpecification","valueRequired":true,"valueName":"search_term_string"}}],"inLanguage":"tr"},{"@type":"Person","@id":"https:\/\/kuzeyinsesi.org\/#\/schema\/person\/9f859689cdf01485597712386e37f5aa","name":"Kuzeyin Sesi","image":{"@type":"ImageObject","inLanguage":"tr","@id":"https:\/\/secure.gravatar.com\/avatar\/bab33852abfd8b282518d6ed81826833d77c3c882d9ab608add591ccace47a44?s=96&d=mm&r=g","url":"https:\/\/secure.gravatar.com\/avatar\/bab33852abfd8b282518d6ed81826833d77c3c882d9ab608add591ccace47a44?s=96&d=mm&r=g","contentUrl":"https:\/\/secure.gravatar.com\/avatar\/bab33852abfd8b282518d6ed81826833d77c3c882d9ab608add591ccace47a44?s=96&d=mm&r=g","caption":"Kuzeyin Sesi"},"sameAs":["https:\/\/kuzeyinsesi.org"],"url":"https:\/\/kuzeyinsesi.org\/index.php\/author\/guven\/"}]}},"_links":{"self":[{"href":"https:\/\/kuzeyinsesi.org\/index.php\/wp-json\/wp\/v2\/posts\/15980","targetHints":{"allow":["GET"]}}],"collection":[{"href":"https:\/\/kuzeyinsesi.org\/index.php\/wp-json\/wp\/v2\/posts"}],"about":[{"href":"https:\/\/kuzeyinsesi.org\/index.php\/wp-json\/wp\/v2\/types\/post"}],"author":[{"embeddable":true,"href":"https:\/\/kuzeyinsesi.org\/index.php\/wp-json\/wp\/v2\/users\/1"}],"replies":[{"embeddable":true,"href":"https:\/\/kuzeyinsesi.org\/index.php\/wp-json\/wp\/v2\/comments?post=15980"}],"version-history":[{"count":0,"href":"https:\/\/kuzeyinsesi.org\/index.php\/wp-json\/wp\/v2\/posts\/15980\/revisions"}],"wp:featuredmedia":[{"embeddable":true,"href":"https:\/\/kuzeyinsesi.org\/index.php\/wp-json\/wp\/v2\/media\/15981"}],"wp:attachment":[{"href":"https:\/\/kuzeyinsesi.org\/index.php\/wp-json\/wp\/v2\/media?parent=15980"}],"wp:term":[{"taxonomy":"category","embeddable":true,"href":"https:\/\/kuzeyinsesi.org\/index.php\/wp-json\/wp\/v2\/categories?post=15980"},{"taxonomy":"post_tag","embeddable":true,"href":"https:\/\/kuzeyinsesi.org\/index.php\/wp-json\/wp\/v2\/tags?post=15980"}],"curies":[{"name":"wp","href":"https:\/\/api.w.org\/{rel}","templated":true}]}}