{"id":15949,"date":"2024-12-20T12:25:51","date_gmt":"2024-12-20T10:25:51","guid":{"rendered":"https:\/\/kuzeyinsesi.org\/index.php\/2024\/12\/20\/cumhurbaskani-ersin-tatar-guzel-sanatlar-kasim-sergisi-acilisini-yapti\/"},"modified":"2024-12-20T12:25:51","modified_gmt":"2024-12-20T10:25:51","slug":"cumhurbaskani-ersin-tatar-guzel-sanatlar-kasim-sergisi-acilisini-yapti","status":"publish","type":"post","link":"https:\/\/kuzeyinsesi.org\/index.php\/2024\/12\/20\/cumhurbaskani-ersin-tatar-guzel-sanatlar-kasim-sergisi-acilisini-yapti\/","title":{"rendered":"Cumhurba\u015fkan\u0131 Ersin Tatar, \u201cG\u00fczel Sanatlar Kas\u0131m Sergisi\u201d a\u00e7\u0131l\u0131\u015f\u0131n\u0131 yapt\u0131"},"content":{"rendered":"<div>\n<div class=\"mariselle-image-container center\">\n                                            <\/div>\n<p>Cumhurba\u015fkan\u0131 Ersin Tatar, \u201cG\u00fczel Sanatlar Kas\u0131m Sergisi\u201d a\u00e7\u0131l\u0131\u015f\u0131n\u0131 yapt\u0131<\/p>\n<p>Cumhurba\u015fkan\u0131 Ersin Tatar, \u00f6d\u00fcll\u00fc akademisyen sanat\u00e7\u0131lar\u0131n 50 eserini bulu\u015fturan \u201cG\u00fczel Sanatlar Ekim Sergisi\u201d a\u00e7\u0131l\u0131\u015f\u0131n\u0131 yapt\u0131. Atat\u00fcrk K\u00fclt\u00fcr ve Kongre Merkezi Sergi Salonu\u2019nda ger\u00e7ekle\u015ftirilen sergide, \u201cG\u00fczel Sanatlar Ekim Sergisi\u201dnde eme\u011fi ge\u00e7en t\u00fcm sanat\u00e7\u0131lara te\u015fekk\u00fcr ederek, ba\u015flayan Cumhurba\u015fkan\u0131 Ersin Tatar, \u201cYak\u0131n Do\u011fu \u00dcniversitesi, bir e\u011fitim kurumu olman\u0131n \u00f6tesinde, k\u00fclt\u00fcr ve sanat\u0131 \u00f6z\u00fcmseyen ve ya\u015fatan bir de\u011ferler yuvas\u0131d\u0131r\u201d dedi.<\/p>\n<p>KKTC\u2019nin, t\u00fcm propagandalara ra\u011fmen Do\u011fu Akdeniz\u2019de g\u00fc\u00e7l\u00fc bir T\u00fcrk devleti olarak varl\u0131\u011f\u0131n\u0131 s\u00fcrd\u00fcrd\u00fc\u011f\u00fcn\u00fc belirten Cumhurba\u015fkan\u0131 Ersin Tatar, \u201cD\u00fcnyan\u0131n \u00f6nde gelen \u00fcniversiteleri aras\u0131nda yer alan Yak\u0131n Do\u011fu \u00dcniversitesi, sadece akademik ba\u015far\u0131lar\u0131yla de\u011fil, sanat ve k\u00fclt\u00fcr alan\u0131nda da \u00fclkemizden s\u0131k\u00e7a s\u00f6z ettiriyor\u201d dedi.<\/p>\n<p>Yak\u0131n Do\u011fu \u00dcniversitesi\u2019nin m\u00fczeleri ve sergileri ile binlerce eseri muhafaza etmesinin gelecek nesiller i\u00e7in b\u00fcy\u00fck \u00f6nem ta\u015f\u0131d\u0131\u011f\u0131n\u0131 belirten Cumhurba\u015fkan\u0131 Ersin Tatar, \u201cK\u00fclt\u00fcr ve sanat, insanl\u0131\u011f\u0131 ileriye ta\u015f\u0131yan k\u00f6pr\u00fclerdir. Maddi de\u011ferlerin ve t\u00fcketimin pe\u015finden ko\u015fulan bir d\u00fcnyada, sanat ve k\u00fclt\u00fcr, bizlere \u00f6zg\u00fcrl\u00fc\u011f\u00fcn ve yarat\u0131c\u0131l\u0131\u011f\u0131n ifadesini sunar\u201d ifadelerini kulland\u0131.<\/p>\n<p>Her bir eserin \u00f6zg\u00fcr bir ortamda \u00fcretildi\u011fini ve sanat\u00e7\u0131lar\u0131n duygu, d\u00fc\u015f\u00fcncelerini a\u00e7\u0131k\u00e7a yans\u0131tt\u0131\u011f\u0131n\u0131 vurgulayan Cumhurba\u015fkan\u0131 Ersin Tatar, \u201cT\u00fcm bu eserler birer hazine niteli\u011finde. Bizler K\u0131br\u0131s T\u00fcrk halk\u0131 olarak; \u00f6zg\u00fcrl\u00fc\u011f\u00fcn, k\u00fclt\u00fcr\u00fcn ve sanat\u0131n de\u011ferini \u00e7ok iyi biliyoruz. Bu y\u00fczden bu miras\u0131 daha da ileriye ta\u015f\u0131may\u0131 hedefliyoruz\u201d dedi.<\/p>\n<\/p><\/div>\n<p><script async\n                    defer\n                    crossorigin=\"anonymous\"\n                    src=\"https:\/\/connect.facebook.net\/tr_TR\/sdk.js#xfbml=1&#038;version=v3.3\"\n            ><\/script><\/p>\n","protected":false},"excerpt":{"rendered":"<p>Cumhurba\u015fkan\u0131 Ersin Tatar, \u201cG\u00fczel Sanatlar Kas\u0131m Sergisi\u201d a\u00e7\u0131l\u0131\u015f\u0131n\u0131 yapt\u0131 Cumhurba\u015fkan\u0131 Ersin Tatar, \u00f6d\u00fcll\u00fc akademisyen sanat\u00e7\u0131lar\u0131n 50 eserini bulu\u015fturan \u201cG\u00fczel Sanatlar Ekim Sergisi\u201d a\u00e7\u0131l\u0131\u015f\u0131n\u0131 yapt\u0131. Atat\u00fcrk K\u00fclt\u00fcr ve Kongre Merkezi Sergi Salonu\u2019nda ger\u00e7ekle\u015ftirilen sergide, \u201cG\u00fczel Sanatlar Ekim Sergisi\u201dnde eme\u011fi ge\u00e7en t\u00fcm sanat\u00e7\u0131lara te\u015fekk\u00fcr ederek, ba\u015flayan Cumhurba\u015fkan\u0131 Ersin Tatar, \u201cYak\u0131n Do\u011fu \u00dcniversitesi, bir e\u011fitim kurumu olman\u0131n \u00f6tesinde, [&hellip;]<\/p>\n","protected":false},"author":1,"featured_media":15950,"comment_status":"open","ping_status":"open","sticky":false,"template":"","format":"standard","meta":{"jnews-multi-image_gallery":[],"jnews_single_post":[],"jnews_primary_category":[],"jnews_social_meta":[],"jnews_override_counter":[],"footnotes":""},"categories":[6],"tags":[],"class_list":["post-15949","post","type-post","status-publish","format-standard","has-post-thumbnail","hentry","category-yasam"],"yoast_head":"<!-- This site is optimized with the Yoast SEO plugin v27.4 - https:\/\/yoast.com\/product\/yoast-seo-wordpress\/ -->\n<title>Cumhurba\u015fkan\u0131 Ersin Tatar, \u201cG\u00fczel Sanatlar Kas\u0131m Sergisi\u201d a\u00e7\u0131l\u0131\u015f\u0131n\u0131 yapt\u0131 - Kuzeyin Sesi<\/title>\n<meta name=\"robots\" content=\"index, follow, max-snippet:-1, max-image-preview:large, max-video-preview:-1\" \/>\n<link rel=\"canonical\" href=\"https:\/\/kuzeyinsesi.org\/index.php\/2024\/12\/20\/cumhurbaskani-ersin-tatar-guzel-sanatlar-kasim-sergisi-acilisini-yapti\/\" \/>\n<meta property=\"og:locale\" content=\"tr_TR\" \/>\n<meta property=\"og:type\" content=\"article\" \/>\n<meta property=\"og:title\" content=\"Cumhurba\u015fkan\u0131 Ersin Tatar, \u201cG\u00fczel Sanatlar Kas\u0131m Sergisi\u201d a\u00e7\u0131l\u0131\u015f\u0131n\u0131 yapt\u0131 - Kuzeyin Sesi\" \/>\n<meta property=\"og:description\" content=\"Cumhurba\u015fkan\u0131 Ersin Tatar, \u201cG\u00fczel Sanatlar Kas\u0131m Sergisi\u201d a\u00e7\u0131l\u0131\u015f\u0131n\u0131 yapt\u0131 Cumhurba\u015fkan\u0131 Ersin Tatar, \u00f6d\u00fcll\u00fc akademisyen sanat\u00e7\u0131lar\u0131n 50 eserini bulu\u015fturan \u201cG\u00fczel Sanatlar Ekim Sergisi\u201d a\u00e7\u0131l\u0131\u015f\u0131n\u0131 yapt\u0131. Atat\u00fcrk K\u00fclt\u00fcr ve Kongre Merkezi Sergi Salonu\u2019nda ger\u00e7ekle\u015ftirilen sergide, \u201cG\u00fczel Sanatlar Ekim Sergisi\u201dnde eme\u011fi ge\u00e7en t\u00fcm sanat\u00e7\u0131lara te\u015fekk\u00fcr ederek, ba\u015flayan Cumhurba\u015fkan\u0131 Ersin Tatar, \u201cYak\u0131n Do\u011fu \u00dcniversitesi, bir e\u011fitim kurumu olman\u0131n \u00f6tesinde, [&hellip;]\" \/>\n<meta property=\"og:url\" content=\"https:\/\/kuzeyinsesi.org\/index.php\/2024\/12\/20\/cumhurbaskani-ersin-tatar-guzel-sanatlar-kasim-sergisi-acilisini-yapti\/\" \/>\n<meta property=\"og:site_name\" content=\"Kuzeyin Sesi\" \/>\n<meta property=\"article:publisher\" content=\"https:\/\/www.facebook.com\/kuzeyinsesii\" \/>\n<meta property=\"article:published_time\" content=\"2024-12-20T10:25:51+00:00\" \/>\n<meta property=\"og:image\" content=\"https:\/\/brtk.net\/wp-content\/uploads\/2024\/12\/20\/1000308375.jpg?ver=8e6ade165eb7e91c2d23f8f3bcaf23d9\" \/>\n<meta name=\"author\" content=\"Kuzeyin Sesi\" \/>\n<meta name=\"twitter:card\" content=\"summary_large_image\" \/>\n<meta name=\"twitter:creator\" content=\"@kuzeyinsesii\" \/>\n<meta name=\"twitter:site\" content=\"@kuzeyinsesii\" \/>\n<meta name=\"twitter:label1\" content=\"Yazan:\" \/>\n\t<meta name=\"twitter:data1\" content=\"Kuzeyin Sesi\" \/>\n\t<meta name=\"twitter:label2\" content=\"Tahmini okuma s\u00fcresi\" \/>\n\t<meta name=\"twitter:data2\" content=\"2 dakika\" \/>\n<script type=\"application\/ld+json\" class=\"yoast-schema-graph\">{\"@context\":\"https:\\\/\\\/schema.org\",\"@graph\":[{\"@type\":\"Article\",\"@id\":\"https:\\\/\\\/kuzeyinsesi.org\\\/index.php\\\/2024\\\/12\\\/20\\\/cumhurbaskani-ersin-tatar-guzel-sanatlar-kasim-sergisi-acilisini-yapti\\\/#article\",\"isPartOf\":{\"@id\":\"https:\\\/\\\/kuzeyinsesi.org\\\/index.php\\\/2024\\\/12\\\/20\\\/cumhurbaskani-ersin-tatar-guzel-sanatlar-kasim-sergisi-acilisini-yapti\\\/\"},\"author\":{\"name\":\"Kuzeyin Sesi\",\"@id\":\"https:\\\/\\\/kuzeyinsesi.org\\\/#\\\/schema\\\/person\\\/9f859689cdf01485597712386e37f5aa\"},\"headline\":\"Cumhurba\u015fkan\u0131 Ersin Tatar, \u201cG\u00fczel Sanatlar Kas\u0131m Sergisi\u201d a\u00e7\u0131l\u0131\u015f\u0131n\u0131 yapt\u0131\",\"datePublished\":\"2024-12-20T10:25:51+00:00\",\"mainEntityOfPage\":{\"@id\":\"https:\\\/\\\/kuzeyinsesi.org\\\/index.php\\\/2024\\\/12\\\/20\\\/cumhurbaskani-ersin-tatar-guzel-sanatlar-kasim-sergisi-acilisini-yapti\\\/\"},\"wordCount\":330,\"commentCount\":0,\"image\":{\"@id\":\"https:\\\/\\\/kuzeyinsesi.org\\\/index.php\\\/2024\\\/12\\\/20\\\/cumhurbaskani-ersin-tatar-guzel-sanatlar-kasim-sergisi-acilisini-yapti\\\/#primaryimage\"},\"thumbnailUrl\":\"https:\\\/\\\/kuzeyinsesi.org\\\/wp-content\\\/uploads\\\/2024\\\/12\\\/1000308375.jpg\",\"articleSection\":[\"Ya\u015fam\"],\"inLanguage\":\"tr\",\"potentialAction\":[{\"@type\":\"CommentAction\",\"name\":\"Comment\",\"target\":[\"https:\\\/\\\/kuzeyinsesi.org\\\/index.php\\\/2024\\\/12\\\/20\\\/cumhurbaskani-ersin-tatar-guzel-sanatlar-kasim-sergisi-acilisini-yapti\\\/#respond\"]}]},{\"@type\":\"WebPage\",\"@id\":\"https:\\\/\\\/kuzeyinsesi.org\\\/index.php\\\/2024\\\/12\\\/20\\\/cumhurbaskani-ersin-tatar-guzel-sanatlar-kasim-sergisi-acilisini-yapti\\\/\",\"url\":\"https:\\\/\\\/kuzeyinsesi.org\\\/index.php\\\/2024\\\/12\\\/20\\\/cumhurbaskani-ersin-tatar-guzel-sanatlar-kasim-sergisi-acilisini-yapti\\\/\",\"name\":\"Cumhurba\u015fkan\u0131 Ersin Tatar, \u201cG\u00fczel Sanatlar Kas\u0131m Sergisi\u201d a\u00e7\u0131l\u0131\u015f\u0131n\u0131 yapt\u0131 - Kuzeyin Sesi\",\"isPartOf\":{\"@id\":\"https:\\\/\\\/kuzeyinsesi.org\\\/#website\"},\"primaryImageOfPage\":{\"@id\":\"https:\\\/\\\/kuzeyinsesi.org\\\/index.php\\\/2024\\\/12\\\/20\\\/cumhurbaskani-ersin-tatar-guzel-sanatlar-kasim-sergisi-acilisini-yapti\\\/#primaryimage\"},\"image\":{\"@id\":\"https:\\\/\\\/kuzeyinsesi.org\\\/index.php\\\/2024\\\/12\\\/20\\\/cumhurbaskani-ersin-tatar-guzel-sanatlar-kasim-sergisi-acilisini-yapti\\\/#primaryimage\"},\"thumbnailUrl\":\"https:\\\/\\\/kuzeyinsesi.org\\\/wp-content\\\/uploads\\\/2024\\\/12\\\/1000308375.jpg\",\"datePublished\":\"2024-12-20T10:25:51+00:00\",\"author\":{\"@id\":\"https:\\\/\\\/kuzeyinsesi.org\\\/#\\\/schema\\\/person\\\/9f859689cdf01485597712386e37f5aa\"},\"breadcrumb\":{\"@id\":\"https:\\\/\\\/kuzeyinsesi.org\\\/index.php\\\/2024\\\/12\\\/20\\\/cumhurbaskani-ersin-tatar-guzel-sanatlar-kasim-sergisi-acilisini-yapti\\\/#breadcrumb\"},\"inLanguage\":\"tr\",\"potentialAction\":[{\"@type\":\"ReadAction\",\"target\":[\"https:\\\/\\\/kuzeyinsesi.org\\\/index.php\\\/2024\\\/12\\\/20\\\/cumhurbaskani-ersin-tatar-guzel-sanatlar-kasim-sergisi-acilisini-yapti\\\/\"]}]},{\"@type\":\"ImageObject\",\"inLanguage\":\"tr\",\"@id\":\"https:\\\/\\\/kuzeyinsesi.org\\\/index.php\\\/2024\\\/12\\\/20\\\/cumhurbaskani-ersin-tatar-guzel-sanatlar-kasim-sergisi-acilisini-yapti\\\/#primaryimage\",\"url\":\"https:\\\/\\\/kuzeyinsesi.org\\\/wp-content\\\/uploads\\\/2024\\\/12\\\/1000308375.jpg\",\"contentUrl\":\"https:\\\/\\\/kuzeyinsesi.org\\\/wp-content\\\/uploads\\\/2024\\\/12\\\/1000308375.jpg\",\"width\":1600,\"height\":1066},{\"@type\":\"BreadcrumbList\",\"@id\":\"https:\\\/\\\/kuzeyinsesi.org\\\/index.php\\\/2024\\\/12\\\/20\\\/cumhurbaskani-ersin-tatar-guzel-sanatlar-kasim-sergisi-acilisini-yapti\\\/#breadcrumb\",\"itemListElement\":[{\"@type\":\"ListItem\",\"position\":1,\"name\":\"Anasayfa\",\"item\":\"https:\\\/\\\/kuzeyinsesi.org\\\/\"},{\"@type\":\"ListItem\",\"position\":2,\"name\":\"Cumhurba\u015fkan\u0131 Ersin Tatar, \u201cG\u00fczel Sanatlar Kas\u0131m Sergisi\u201d a\u00e7\u0131l\u0131\u015f\u0131n\u0131 yapt\u0131\"}]},{\"@type\":\"WebSite\",\"@id\":\"https:\\\/\\\/kuzeyinsesi.org\\\/#website\",\"url\":\"https:\\\/\\\/kuzeyinsesi.org\\\/\",\"name\":\"Kuzeyin Sesi\",\"description\":\"Do\u011fru Haberin Adresi\",\"potentialAction\":[{\"@type\":\"SearchAction\",\"target\":{\"@type\":\"EntryPoint\",\"urlTemplate\":\"https:\\\/\\\/kuzeyinsesi.org\\\/?s={search_term_string}\"},\"query-input\":{\"@type\":\"PropertyValueSpecification\",\"valueRequired\":true,\"valueName\":\"search_term_string\"}}],\"inLanguage\":\"tr\"},{\"@type\":\"Person\",\"@id\":\"https:\\\/\\\/kuzeyinsesi.org\\\/#\\\/schema\\\/person\\\/9f859689cdf01485597712386e37f5aa\",\"name\":\"Kuzeyin Sesi\",\"image\":{\"@type\":\"ImageObject\",\"inLanguage\":\"tr\",\"@id\":\"https:\\\/\\\/secure.gravatar.com\\\/avatar\\\/bab33852abfd8b282518d6ed81826833d77c3c882d9ab608add591ccace47a44?s=96&d=mm&r=g\",\"url\":\"https:\\\/\\\/secure.gravatar.com\\\/avatar\\\/bab33852abfd8b282518d6ed81826833d77c3c882d9ab608add591ccace47a44?s=96&d=mm&r=g\",\"contentUrl\":\"https:\\\/\\\/secure.gravatar.com\\\/avatar\\\/bab33852abfd8b282518d6ed81826833d77c3c882d9ab608add591ccace47a44?s=96&d=mm&r=g\",\"caption\":\"Kuzeyin Sesi\"},\"sameAs\":[\"https:\\\/\\\/kuzeyinsesi.org\"],\"url\":\"https:\\\/\\\/kuzeyinsesi.org\\\/index.php\\\/author\\\/guven\\\/\"}]}<\/script>\n<!-- \/ Yoast SEO plugin. -->","yoast_head_json":{"title":"Cumhurba\u015fkan\u0131 Ersin Tatar, \u201cG\u00fczel Sanatlar Kas\u0131m Sergisi\u201d a\u00e7\u0131l\u0131\u015f\u0131n\u0131 yapt\u0131 - Kuzeyin Sesi","robots":{"index":"index","follow":"follow","max-snippet":"max-snippet:-1","max-image-preview":"max-image-preview:large","max-video-preview":"max-video-preview:-1"},"canonical":"https:\/\/kuzeyinsesi.org\/index.php\/2024\/12\/20\/cumhurbaskani-ersin-tatar-guzel-sanatlar-kasim-sergisi-acilisini-yapti\/","og_locale":"tr_TR","og_type":"article","og_title":"Cumhurba\u015fkan\u0131 Ersin Tatar, \u201cG\u00fczel Sanatlar Kas\u0131m Sergisi\u201d a\u00e7\u0131l\u0131\u015f\u0131n\u0131 yapt\u0131 - Kuzeyin Sesi","og_description":"Cumhurba\u015fkan\u0131 Ersin Tatar, \u201cG\u00fczel Sanatlar Kas\u0131m Sergisi\u201d a\u00e7\u0131l\u0131\u015f\u0131n\u0131 yapt\u0131 Cumhurba\u015fkan\u0131 Ersin Tatar, \u00f6d\u00fcll\u00fc akademisyen sanat\u00e7\u0131lar\u0131n 50 eserini bulu\u015fturan \u201cG\u00fczel Sanatlar Ekim Sergisi\u201d a\u00e7\u0131l\u0131\u015f\u0131n\u0131 yapt\u0131. Atat\u00fcrk K\u00fclt\u00fcr ve Kongre Merkezi Sergi Salonu\u2019nda ger\u00e7ekle\u015ftirilen sergide, \u201cG\u00fczel Sanatlar Ekim Sergisi\u201dnde eme\u011fi ge\u00e7en t\u00fcm sanat\u00e7\u0131lara te\u015fekk\u00fcr ederek, ba\u015flayan Cumhurba\u015fkan\u0131 Ersin Tatar, \u201cYak\u0131n Do\u011fu \u00dcniversitesi, bir e\u011fitim kurumu olman\u0131n \u00f6tesinde, [&hellip;]","og_url":"https:\/\/kuzeyinsesi.org\/index.php\/2024\/12\/20\/cumhurbaskani-ersin-tatar-guzel-sanatlar-kasim-sergisi-acilisini-yapti\/","og_site_name":"Kuzeyin Sesi","article_publisher":"https:\/\/www.facebook.com\/kuzeyinsesii","article_published_time":"2024-12-20T10:25:51+00:00","og_image":[{"url":"https:\/\/brtk.net\/wp-content\/uploads\/2024\/12\/20\/1000308375.jpg?ver=8e6ade165eb7e91c2d23f8f3bcaf23d9","type":"","width":"","height":""}],"author":"Kuzeyin Sesi","twitter_card":"summary_large_image","twitter_creator":"@kuzeyinsesii","twitter_site":"@kuzeyinsesii","twitter_misc":{"Yazan:":"Kuzeyin Sesi","Tahmini okuma s\u00fcresi":"2 dakika"},"schema":{"@context":"https:\/\/schema.org","@graph":[{"@type":"Article","@id":"https:\/\/kuzeyinsesi.org\/index.php\/2024\/12\/20\/cumhurbaskani-ersin-tatar-guzel-sanatlar-kasim-sergisi-acilisini-yapti\/#article","isPartOf":{"@id":"https:\/\/kuzeyinsesi.org\/index.php\/2024\/12\/20\/cumhurbaskani-ersin-tatar-guzel-sanatlar-kasim-sergisi-acilisini-yapti\/"},"author":{"name":"Kuzeyin Sesi","@id":"https:\/\/kuzeyinsesi.org\/#\/schema\/person\/9f859689cdf01485597712386e37f5aa"},"headline":"Cumhurba\u015fkan\u0131 Ersin Tatar, \u201cG\u00fczel Sanatlar Kas\u0131m Sergisi\u201d a\u00e7\u0131l\u0131\u015f\u0131n\u0131 yapt\u0131","datePublished":"2024-12-20T10:25:51+00:00","mainEntityOfPage":{"@id":"https:\/\/kuzeyinsesi.org\/index.php\/2024\/12\/20\/cumhurbaskani-ersin-tatar-guzel-sanatlar-kasim-sergisi-acilisini-yapti\/"},"wordCount":330,"commentCount":0,"image":{"@id":"https:\/\/kuzeyinsesi.org\/index.php\/2024\/12\/20\/cumhurbaskani-ersin-tatar-guzel-sanatlar-kasim-sergisi-acilisini-yapti\/#primaryimage"},"thumbnailUrl":"https:\/\/kuzeyinsesi.org\/wp-content\/uploads\/2024\/12\/1000308375.jpg","articleSection":["Ya\u015fam"],"inLanguage":"tr","potentialAction":[{"@type":"CommentAction","name":"Comment","target":["https:\/\/kuzeyinsesi.org\/index.php\/2024\/12\/20\/cumhurbaskani-ersin-tatar-guzel-sanatlar-kasim-sergisi-acilisini-yapti\/#respond"]}]},{"@type":"WebPage","@id":"https:\/\/kuzeyinsesi.org\/index.php\/2024\/12\/20\/cumhurbaskani-ersin-tatar-guzel-sanatlar-kasim-sergisi-acilisini-yapti\/","url":"https:\/\/kuzeyinsesi.org\/index.php\/2024\/12\/20\/cumhurbaskani-ersin-tatar-guzel-sanatlar-kasim-sergisi-acilisini-yapti\/","name":"Cumhurba\u015fkan\u0131 Ersin Tatar, \u201cG\u00fczel Sanatlar Kas\u0131m Sergisi\u201d a\u00e7\u0131l\u0131\u015f\u0131n\u0131 yapt\u0131 - Kuzeyin Sesi","isPartOf":{"@id":"https:\/\/kuzeyinsesi.org\/#website"},"primaryImageOfPage":{"@id":"https:\/\/kuzeyinsesi.org\/index.php\/2024\/12\/20\/cumhurbaskani-ersin-tatar-guzel-sanatlar-kasim-sergisi-acilisini-yapti\/#primaryimage"},"image":{"@id":"https:\/\/kuzeyinsesi.org\/index.php\/2024\/12\/20\/cumhurbaskani-ersin-tatar-guzel-sanatlar-kasim-sergisi-acilisini-yapti\/#primaryimage"},"thumbnailUrl":"https:\/\/kuzeyinsesi.org\/wp-content\/uploads\/2024\/12\/1000308375.jpg","datePublished":"2024-12-20T10:25:51+00:00","author":{"@id":"https:\/\/kuzeyinsesi.org\/#\/schema\/person\/9f859689cdf01485597712386e37f5aa"},"breadcrumb":{"@id":"https:\/\/kuzeyinsesi.org\/index.php\/2024\/12\/20\/cumhurbaskani-ersin-tatar-guzel-sanatlar-kasim-sergisi-acilisini-yapti\/#breadcrumb"},"inLanguage":"tr","potentialAction":[{"@type":"ReadAction","target":["https:\/\/kuzeyinsesi.org\/index.php\/2024\/12\/20\/cumhurbaskani-ersin-tatar-guzel-sanatlar-kasim-sergisi-acilisini-yapti\/"]}]},{"@type":"ImageObject","inLanguage":"tr","@id":"https:\/\/kuzeyinsesi.org\/index.php\/2024\/12\/20\/cumhurbaskani-ersin-tatar-guzel-sanatlar-kasim-sergisi-acilisini-yapti\/#primaryimage","url":"https:\/\/kuzeyinsesi.org\/wp-content\/uploads\/2024\/12\/1000308375.jpg","contentUrl":"https:\/\/kuzeyinsesi.org\/wp-content\/uploads\/2024\/12\/1000308375.jpg","width":1600,"height":1066},{"@type":"BreadcrumbList","@id":"https:\/\/kuzeyinsesi.org\/index.php\/2024\/12\/20\/cumhurbaskani-ersin-tatar-guzel-sanatlar-kasim-sergisi-acilisini-yapti\/#breadcrumb","itemListElement":[{"@type":"ListItem","position":1,"name":"Anasayfa","item":"https:\/\/kuzeyinsesi.org\/"},{"@type":"ListItem","position":2,"name":"Cumhurba\u015fkan\u0131 Ersin Tatar, \u201cG\u00fczel Sanatlar Kas\u0131m Sergisi\u201d a\u00e7\u0131l\u0131\u015f\u0131n\u0131 yapt\u0131"}]},{"@type":"WebSite","@id":"https:\/\/kuzeyinsesi.org\/#website","url":"https:\/\/kuzeyinsesi.org\/","name":"Kuzeyin Sesi","description":"Do\u011fru Haberin Adresi","potentialAction":[{"@type":"SearchAction","target":{"@type":"EntryPoint","urlTemplate":"https:\/\/kuzeyinsesi.org\/?s={search_term_string}"},"query-input":{"@type":"PropertyValueSpecification","valueRequired":true,"valueName":"search_term_string"}}],"inLanguage":"tr"},{"@type":"Person","@id":"https:\/\/kuzeyinsesi.org\/#\/schema\/person\/9f859689cdf01485597712386e37f5aa","name":"Kuzeyin Sesi","image":{"@type":"ImageObject","inLanguage":"tr","@id":"https:\/\/secure.gravatar.com\/avatar\/bab33852abfd8b282518d6ed81826833d77c3c882d9ab608add591ccace47a44?s=96&d=mm&r=g","url":"https:\/\/secure.gravatar.com\/avatar\/bab33852abfd8b282518d6ed81826833d77c3c882d9ab608add591ccace47a44?s=96&d=mm&r=g","contentUrl":"https:\/\/secure.gravatar.com\/avatar\/bab33852abfd8b282518d6ed81826833d77c3c882d9ab608add591ccace47a44?s=96&d=mm&r=g","caption":"Kuzeyin Sesi"},"sameAs":["https:\/\/kuzeyinsesi.org"],"url":"https:\/\/kuzeyinsesi.org\/index.php\/author\/guven\/"}]}},"_links":{"self":[{"href":"https:\/\/kuzeyinsesi.org\/index.php\/wp-json\/wp\/v2\/posts\/15949","targetHints":{"allow":["GET"]}}],"collection":[{"href":"https:\/\/kuzeyinsesi.org\/index.php\/wp-json\/wp\/v2\/posts"}],"about":[{"href":"https:\/\/kuzeyinsesi.org\/index.php\/wp-json\/wp\/v2\/types\/post"}],"author":[{"embeddable":true,"href":"https:\/\/kuzeyinsesi.org\/index.php\/wp-json\/wp\/v2\/users\/1"}],"replies":[{"embeddable":true,"href":"https:\/\/kuzeyinsesi.org\/index.php\/wp-json\/wp\/v2\/comments?post=15949"}],"version-history":[{"count":0,"href":"https:\/\/kuzeyinsesi.org\/index.php\/wp-json\/wp\/v2\/posts\/15949\/revisions"}],"wp:featuredmedia":[{"embeddable":true,"href":"https:\/\/kuzeyinsesi.org\/index.php\/wp-json\/wp\/v2\/media\/15950"}],"wp:attachment":[{"href":"https:\/\/kuzeyinsesi.org\/index.php\/wp-json\/wp\/v2\/media?parent=15949"}],"wp:term":[{"taxonomy":"category","embeddable":true,"href":"https:\/\/kuzeyinsesi.org\/index.php\/wp-json\/wp\/v2\/categories?post=15949"},{"taxonomy":"post_tag","embeddable":true,"href":"https:\/\/kuzeyinsesi.org\/index.php\/wp-json\/wp\/v2\/tags?post=15949"}],"curies":[{"name":"wp","href":"https:\/\/api.w.org\/{rel}","templated":true}]}}