{"id":1594,"date":"2024-05-07T16:30:06","date_gmt":"2024-05-07T13:30:06","guid":{"rendered":"https:\/\/kuzeyinsesi.com\/index.php\/2024\/05\/07\/50nci-yil-kibris-programi-kapsaminda-kktcye-gelen-gazi-heyeti-buyukelci-feyzioglunu-ziyaret-etti\/"},"modified":"2024-05-07T16:30:06","modified_gmt":"2024-05-07T13:30:06","slug":"50nci-yil-kibris-programi-kapsaminda-kktcye-gelen-gazi-heyeti-buyukelci-feyzioglunu-ziyaret-etti","status":"publish","type":"post","link":"https:\/\/kuzeyinsesi.org\/index.php\/2024\/05\/07\/50nci-yil-kibris-programi-kapsaminda-kktcye-gelen-gazi-heyeti-buyukelci-feyzioglunu-ziyaret-etti\/","title":{"rendered":"50\u2019nci Y\u0131l K\u0131br\u0131s Program\u0131 kapsam\u0131nda KKTC\u2019ye gelen gazi heyeti B\u00fcy\u00fckel\u00e7i Feyzio\u011flu\u2019nu ziyaret etti"},"content":{"rendered":"<div>\n<div class=\"mariselle-image-container center\">\n                                            <\/div>\n<p>\nBar\u0131\u015f Harekat\u0131\u2019n\u0131n 50\u2019nci y\u0131l\u0131 dolay\u0131s\u0131yla K\u0131br\u0131s \u015eehitlerini Anma Platformu\u2019nun d\u00fczenledi\u011fi program \u00e7er\u00e7evesinde \u00fclkeye gelen \u015fehit aileleri ve gaziler T\u00fcrkiye Cumhuriyeti\u2019nin Lefko\u015fa B\u00fcy\u00fckel\u00e7isi Metin Feyzio\u011flu\u2019nu ziyaret etti. <\/p>\n<p>B\u00fcy\u00fckel\u00e7i Feyzio\u011flu, 6-10 May\u0131s tarihleri aras\u0131nda d\u00fczenlenen anma program\u0131 kapsam\u0131nda \u00e7e\u015fitli temaslarda bulunan yakla\u015f\u0131k 50 ki\u015filik heyeti, T\u00fcrkiye Cumhuriyeti B\u00fcy\u00fckel\u00e7ilik Konutu\u2019nda kabul etti. <\/p>\n<p>Kabulde, B\u00fcy\u00fckel\u00e7i Feyzio\u011flu\u2019nun konu\u015fmas\u0131n\u0131n ard\u0131ndan s\u00f6z alan gaziler an\u0131lar\u0131n\u0131 payla\u015ft\u0131. <\/p>\n<p>\u2013 \u201cK\u0131br\u0131s T\u00fcrk\u00fc hi\u00e7bir zaman az\u0131nl\u0131k olmayacakt\u0131r ve asimile edilmeyecektir\u201d<\/p>\n<p>B\u00fcy\u00fckel\u00e7i Feyzio\u011flu, kabulde yapt\u0131\u011f\u0131 konu\u015fmada, bug\u00fcn b\u00f6yle bir heyeti B\u00fcy\u00fckel\u00e7ilikte a\u011f\u0131rlamaktan duydu\u011fu \u015ferefi ifade ederek, heyet i\u00e7erisinde tarihin ak\u0131\u015f\u0131n\u0131 de\u011fi\u015ftiren askerler ve komutanlar oldu\u011funa dikkat \u00e7ekti, varl\u0131klar\u0131n\u0131n her zaman kendilerine gurur ve g\u00fcven verdi\u011fini kaydetti. <\/p>\n<p>\u201cBug\u00fcn e\u011fer T\u00fcrkiye Cumhuriyeti olarak d\u00fcnyan\u0131n say\u0131l\u0131 g\u00fc\u00e7lerinden biri haline geldiysek, sadece b\u00f6lgemizde de\u011fil, d\u00fcnyada T\u00fcrkiye s\u00f6z sahibi ise ve  bu b\u00f6lgede emperyal g\u00fc\u00e7ler kendi kendilerine oyun kuram\u0131yorsa, sizin K\u0131br\u0131s adas\u0131nda yapt\u0131\u011f\u0131n\u0131z fedakarl\u0131klar\u0131n, y\u00fcr\u00fctt\u00fc\u011f\u00fcn\u00fcz m\u00fccadelenin ve g\u00f6reviniz burada sona erdikten devam ettirdi\u011finiz faaliyetlerinizin \u00e7ok b\u00fcy\u00fck etkisi ve katk\u0131s\u0131 vard\u0131r.\u201d diyen Feyzio\u011flu, temsil etti\u011fi T\u00fcrkiye Cumhuriyeti ad\u0131na te\u015fekk\u00fcrlerini iletti.<\/p>\n<p>K\u0131br\u0131s adas\u0131nda 50 y\u0131ld\u0131r bar\u0131\u015f oldu\u011funu ve bu bar\u0131\u015f\u0131n mimarlar\u0131n\u0131n Mehmet\u00e7ik ve m\u00fccahit oldu\u011funu belirten Feyzio\u011flu, \u201cArt\u0131k bar\u0131\u015f istiyoruz.\u201d sloganlar\u0131 atanlar\u0131n ge\u00e7mi\u015f y\u0131llar\u0131 hat\u0131rlamas\u0131, K\u0131br\u0131s T\u00fcrklerinin katledildi\u011fi \u00f6l\u00fcm \u00e7ukurlar\u0131n\u0131 g\u00f6rmesi ve \u015fehitlikleri gezmesi gerekti\u011fini kaydetti. <\/p>\n<p>Feyzio\u011flu, \u201cK\u0131br\u0131s T\u00fcrk\u00fc adada asli unsurdur. T\u00fcrk milletinin asli unsurudur. Bu adada K\u0131br\u0131s T\u00fcrk\u00fc her zaman vard\u0131r, kurucudur. Hi\u00e7bir zaman az\u0131nl\u0131k olmayacakt\u0131r ve asimile edilemeyecektir.\u201d diye konu\u015ftu.<\/p>\n<p>\u201cK\u0131br\u0131s meselesi\u201d ifadesine de de\u011finen Feyzio\u011flu, K\u0131br\u0131s\u2019\u0131n kendileri i\u00e7in bir mesele olmad\u0131\u011f\u0131n\u0131, meselelerin insanlar\u0131 yordu\u011funu, K\u0131br\u0131s\u2019\u0131n T\u00fcrkiye i\u00e7in bir milli dava oldu\u011funu vurgulad\u0131.<\/p>\n<p>\u2013 \u201c1983\u2019ten bu yana da KKTC sonsuzlu\u011fa do\u011fru yelkenlerini a\u00e7m\u0131\u015ft\u0131r ve her g\u00fcn bir ba\u015far\u0131ya do\u011fru ko\u015fmaktad\u0131r\u201d<\/p>\n<p>B\u00fcy\u00fckel\u00e7i Feyzio\u011flu, yeni nesillere de tarihi anlatman\u0131n,  yap\u0131lanlar\u0131 ve \u00e7ekilenleri t\u00fcm objektifli\u011fiyle aktarman\u0131n milli m\u00fccadelenin bir par\u00e7as\u0131 oldu\u011funu kaydetti.<\/p>\n<p>KKTC ve T\u00fcrkiye Cumhuriyeti\u2019nin savundu\u011fu siyasete dikkat \u00e7ekerek, K\u0131br\u0131s adas\u0131nda iki egemen devlet oldu\u011funa ve bu devletlerin uluslararas\u0131 e\u015fit stat\u00fcye sahip olmas\u0131 gerekti\u011fine i\u015faret eden Feyzio\u011flu, KKTC\u2019nin bir devlet oldu\u011funu, g\u00fcneydeki Rum y\u00f6netiminin de devletle\u015fmesinin adadaki ger\u00e7ekleri kabul etmesinden ge\u00e7ti\u011fini belirtti. <\/p>\n<p>K\u0131br\u0131s T\u00fcrklerinin \u00f6nce \u0130ngiliz \u0130mparatorlu\u011fu\u2019nun s\u00f6m\u00fcrge idaresinde bayraklar\u0131n\u0131, milletlerini milli ve manevi de\u011ferlerini \u00e7ok az destekle korudu\u011funu ve ard\u0131ndan Rumlar\u0131n devletlerini gasp ettiklerinde K\u0131br\u0131s T\u00fcrk y\u00f6netimini kurarak devletle\u015ftiklerini ve bu devletin Mutlu Bar\u0131\u015f Harekat\u0131\u2019yla kal\u0131c\u0131 hale geldi\u011fini s\u00f6yleyen Feyzio\u011flu, \u201c1983\u2019ten bu yana da KKTC sonsuzlu\u011fa do\u011fru yelkenlerini a\u00e7m\u0131\u015ft\u0131r ve her g\u00fcn bir ba\u015far\u0131ya do\u011fru ko\u015fmaktad\u0131r. Bunlar sizin sayenizdedir.\u201d ifadelerini kulland\u0131.<\/p>\n<p>B\u00fcy\u00fckel\u00e7i Feyzio\u011flu, \u015fehitleri ve hayatlar\u0131n\u0131 kaybeden gazileri rahmetle anarak, hayatta olanlara uzun, sa\u011fl\u0131kl\u0131 \u00f6m\u00fcrler diledi. <\/p>\n<p>Ard\u0131ndan gaziler ve \u015fehit ailelerden olu\u015fan heyet ve Feyzio\u011flu, B\u00fcy\u00fckel\u00e7ilik konutu \u00f6n\u00fcnde an\u0131 foto\u011fraf\u0131 \u00e7ekti.<\/p>\n<\/p><\/div>\n<p><script async\n                    defer\n                    crossorigin=\"anonymous\"\n                    src=\"https:\/\/connect.facebook.net\/tr_TR\/sdk.js#xfbml=1&#038;version=v3.3\"\n            ><\/script><\/p>\n","protected":false},"excerpt":{"rendered":"<p>Bar\u0131\u015f Harekat\u0131\u2019n\u0131n 50\u2019nci y\u0131l\u0131 dolay\u0131s\u0131yla K\u0131br\u0131s \u015eehitlerini Anma Platformu\u2019nun d\u00fczenledi\u011fi program \u00e7er\u00e7evesinde \u00fclkeye gelen \u015fehit aileleri ve gaziler T\u00fcrkiye Cumhuriyeti\u2019nin Lefko\u015fa B\u00fcy\u00fckel\u00e7isi Metin Feyzio\u011flu\u2019nu ziyaret etti. B\u00fcy\u00fckel\u00e7i Feyzio\u011flu, 6-10 May\u0131s tarihleri aras\u0131nda d\u00fczenlenen anma program\u0131 kapsam\u0131nda \u00e7e\u015fitli temaslarda bulunan yakla\u015f\u0131k 50 ki\u015filik heyeti, T\u00fcrkiye Cumhuriyeti B\u00fcy\u00fckel\u00e7ilik Konutu\u2019nda kabul etti. Kabulde, B\u00fcy\u00fckel\u00e7i Feyzio\u011flu\u2019nun konu\u015fmas\u0131n\u0131n ard\u0131ndan s\u00f6z [&hellip;]<\/p>\n","protected":false},"author":1,"featured_media":1595,"comment_status":"open","ping_status":"open","sticky":false,"template":"","format":"standard","meta":{"jnews-multi-image_gallery":[],"jnews_single_post":[],"jnews_primary_category":[],"jnews_social_meta":[],"jnews_override_counter":[],"footnotes":""},"categories":[1],"tags":[],"class_list":["post-1594","post","type-post","status-publish","format-standard","has-post-thumbnail","hentry","category-kibris"],"yoast_head":"<!-- This site is optimized with the Yoast SEO plugin v27.5 - https:\/\/yoast.com\/product\/yoast-seo-wordpress\/ -->\n<title>50\u2019nci Y\u0131l K\u0131br\u0131s Program\u0131 kapsam\u0131nda KKTC\u2019ye gelen gazi heyeti B\u00fcy\u00fckel\u00e7i Feyzio\u011flu\u2019nu ziyaret etti - Kuzeyin Sesi<\/title>\n<meta name=\"robots\" content=\"index, follow, max-snippet:-1, max-image-preview:large, max-video-preview:-1\" \/>\n<link rel=\"canonical\" href=\"https:\/\/kuzeyinsesi.org\/index.php\/2024\/05\/07\/50nci-yil-kibris-programi-kapsaminda-kktcye-gelen-gazi-heyeti-buyukelci-feyzioglunu-ziyaret-etti\/\" \/>\n<meta property=\"og:locale\" content=\"tr_TR\" \/>\n<meta property=\"og:type\" content=\"article\" \/>\n<meta property=\"og:title\" content=\"50\u2019nci Y\u0131l K\u0131br\u0131s Program\u0131 kapsam\u0131nda KKTC\u2019ye gelen gazi heyeti B\u00fcy\u00fckel\u00e7i Feyzio\u011flu\u2019nu ziyaret etti - Kuzeyin Sesi\" \/>\n<meta property=\"og:description\" content=\"Bar\u0131\u015f Harekat\u0131\u2019n\u0131n 50\u2019nci y\u0131l\u0131 dolay\u0131s\u0131yla K\u0131br\u0131s \u015eehitlerini Anma Platformu\u2019nun d\u00fczenledi\u011fi program \u00e7er\u00e7evesinde \u00fclkeye gelen \u015fehit aileleri ve gaziler T\u00fcrkiye Cumhuriyeti\u2019nin Lefko\u015fa B\u00fcy\u00fckel\u00e7isi Metin Feyzio\u011flu\u2019nu ziyaret etti. B\u00fcy\u00fckel\u00e7i Feyzio\u011flu, 6-10 May\u0131s tarihleri aras\u0131nda d\u00fczenlenen anma program\u0131 kapsam\u0131nda \u00e7e\u015fitli temaslarda bulunan yakla\u015f\u0131k 50 ki\u015filik heyeti, T\u00fcrkiye Cumhuriyeti B\u00fcy\u00fckel\u00e7ilik Konutu\u2019nda kabul etti. Kabulde, B\u00fcy\u00fckel\u00e7i Feyzio\u011flu\u2019nun konu\u015fmas\u0131n\u0131n ard\u0131ndan s\u00f6z [&hellip;]\" \/>\n<meta property=\"og:url\" content=\"https:\/\/kuzeyinsesi.org\/index.php\/2024\/05\/07\/50nci-yil-kibris-programi-kapsaminda-kktcye-gelen-gazi-heyeti-buyukelci-feyzioglunu-ziyaret-etti\/\" \/>\n<meta property=\"og:site_name\" content=\"Kuzeyin Sesi\" \/>\n<meta property=\"article:publisher\" content=\"https:\/\/www.facebook.com\/kuzeyinsesii\" \/>\n<meta property=\"article:published_time\" content=\"2024-05-07T13:30:06+00:00\" \/>\n<meta property=\"og:image\" content=\"https:\/\/kuzeyinsesi.org\/wp-content\/uploads\/2024\/05\/buyukelci-gaziler-scaled.jpg\" \/>\n\t<meta property=\"og:image:width\" content=\"2560\" \/>\n\t<meta property=\"og:image:height\" content=\"1672\" \/>\n\t<meta property=\"og:image:type\" content=\"image\/jpeg\" \/>\n<meta name=\"author\" content=\"Kuzeyin Sesi\" \/>\n<meta name=\"twitter:card\" content=\"summary_large_image\" \/>\n<meta name=\"twitter:creator\" content=\"@kuzeyinsesii\" \/>\n<meta name=\"twitter:site\" content=\"@kuzeyinsesii\" \/>\n<meta name=\"twitter:label1\" content=\"Yazan:\" \/>\n\t<meta name=\"twitter:data1\" content=\"Kuzeyin Sesi\" \/>\n\t<meta name=\"twitter:label2\" content=\"Tahmini okuma s\u00fcresi\" \/>\n\t<meta name=\"twitter:data2\" content=\"3 dakika\" \/>\n<script type=\"application\/ld+json\" class=\"yoast-schema-graph\">{\"@context\":\"https:\\\/\\\/schema.org\",\"@graph\":[{\"@type\":\"Article\",\"@id\":\"https:\\\/\\\/kuzeyinsesi.org\\\/index.php\\\/2024\\\/05\\\/07\\\/50nci-yil-kibris-programi-kapsaminda-kktcye-gelen-gazi-heyeti-buyukelci-feyzioglunu-ziyaret-etti\\\/#article\",\"isPartOf\":{\"@id\":\"https:\\\/\\\/kuzeyinsesi.org\\\/index.php\\\/2024\\\/05\\\/07\\\/50nci-yil-kibris-programi-kapsaminda-kktcye-gelen-gazi-heyeti-buyukelci-feyzioglunu-ziyaret-etti\\\/\"},\"author\":{\"name\":\"Kuzeyin Sesi\",\"@id\":\"https:\\\/\\\/kuzeyinsesi.org\\\/#\\\/schema\\\/person\\\/9f859689cdf01485597712386e37f5aa\"},\"headline\":\"50\u2019nci Y\u0131l K\u0131br\u0131s Program\u0131 kapsam\u0131nda KKTC\u2019ye gelen gazi heyeti B\u00fcy\u00fckel\u00e7i Feyzio\u011flu\u2019nu ziyaret etti\",\"datePublished\":\"2024-05-07T13:30:06+00:00\",\"mainEntityOfPage\":{\"@id\":\"https:\\\/\\\/kuzeyinsesi.org\\\/index.php\\\/2024\\\/05\\\/07\\\/50nci-yil-kibris-programi-kapsaminda-kktcye-gelen-gazi-heyeti-buyukelci-feyzioglunu-ziyaret-etti\\\/\"},\"wordCount\":697,\"commentCount\":0,\"image\":{\"@id\":\"https:\\\/\\\/kuzeyinsesi.org\\\/index.php\\\/2024\\\/05\\\/07\\\/50nci-yil-kibris-programi-kapsaminda-kktcye-gelen-gazi-heyeti-buyukelci-feyzioglunu-ziyaret-etti\\\/#primaryimage\"},\"thumbnailUrl\":\"https:\\\/\\\/kuzeyinsesi.org\\\/wp-content\\\/uploads\\\/2024\\\/05\\\/buyukelci-gaziler-scaled.jpg\",\"articleSection\":[\"K\u0131br\u0131s\"],\"inLanguage\":\"tr\",\"potentialAction\":[{\"@type\":\"CommentAction\",\"name\":\"Comment\",\"target\":[\"https:\\\/\\\/kuzeyinsesi.org\\\/index.php\\\/2024\\\/05\\\/07\\\/50nci-yil-kibris-programi-kapsaminda-kktcye-gelen-gazi-heyeti-buyukelci-feyzioglunu-ziyaret-etti\\\/#respond\"]}]},{\"@type\":\"WebPage\",\"@id\":\"https:\\\/\\\/kuzeyinsesi.org\\\/index.php\\\/2024\\\/05\\\/07\\\/50nci-yil-kibris-programi-kapsaminda-kktcye-gelen-gazi-heyeti-buyukelci-feyzioglunu-ziyaret-etti\\\/\",\"url\":\"https:\\\/\\\/kuzeyinsesi.org\\\/index.php\\\/2024\\\/05\\\/07\\\/50nci-yil-kibris-programi-kapsaminda-kktcye-gelen-gazi-heyeti-buyukelci-feyzioglunu-ziyaret-etti\\\/\",\"name\":\"50\u2019nci Y\u0131l K\u0131br\u0131s Program\u0131 kapsam\u0131nda KKTC\u2019ye gelen gazi heyeti B\u00fcy\u00fckel\u00e7i Feyzio\u011flu\u2019nu ziyaret etti - Kuzeyin Sesi\",\"isPartOf\":{\"@id\":\"https:\\\/\\\/kuzeyinsesi.org\\\/#website\"},\"primaryImageOfPage\":{\"@id\":\"https:\\\/\\\/kuzeyinsesi.org\\\/index.php\\\/2024\\\/05\\\/07\\\/50nci-yil-kibris-programi-kapsaminda-kktcye-gelen-gazi-heyeti-buyukelci-feyzioglunu-ziyaret-etti\\\/#primaryimage\"},\"image\":{\"@id\":\"https:\\\/\\\/kuzeyinsesi.org\\\/index.php\\\/2024\\\/05\\\/07\\\/50nci-yil-kibris-programi-kapsaminda-kktcye-gelen-gazi-heyeti-buyukelci-feyzioglunu-ziyaret-etti\\\/#primaryimage\"},\"thumbnailUrl\":\"https:\\\/\\\/kuzeyinsesi.org\\\/wp-content\\\/uploads\\\/2024\\\/05\\\/buyukelci-gaziler-scaled.jpg\",\"datePublished\":\"2024-05-07T13:30:06+00:00\",\"author\":{\"@id\":\"https:\\\/\\\/kuzeyinsesi.org\\\/#\\\/schema\\\/person\\\/9f859689cdf01485597712386e37f5aa\"},\"breadcrumb\":{\"@id\":\"https:\\\/\\\/kuzeyinsesi.org\\\/index.php\\\/2024\\\/05\\\/07\\\/50nci-yil-kibris-programi-kapsaminda-kktcye-gelen-gazi-heyeti-buyukelci-feyzioglunu-ziyaret-etti\\\/#breadcrumb\"},\"inLanguage\":\"tr\",\"potentialAction\":[{\"@type\":\"ReadAction\",\"target\":[\"https:\\\/\\\/kuzeyinsesi.org\\\/index.php\\\/2024\\\/05\\\/07\\\/50nci-yil-kibris-programi-kapsaminda-kktcye-gelen-gazi-heyeti-buyukelci-feyzioglunu-ziyaret-etti\\\/\"]}]},{\"@type\":\"ImageObject\",\"inLanguage\":\"tr\",\"@id\":\"https:\\\/\\\/kuzeyinsesi.org\\\/index.php\\\/2024\\\/05\\\/07\\\/50nci-yil-kibris-programi-kapsaminda-kktcye-gelen-gazi-heyeti-buyukelci-feyzioglunu-ziyaret-etti\\\/#primaryimage\",\"url\":\"https:\\\/\\\/kuzeyinsesi.org\\\/wp-content\\\/uploads\\\/2024\\\/05\\\/buyukelci-gaziler-scaled.jpg\",\"contentUrl\":\"https:\\\/\\\/kuzeyinsesi.org\\\/wp-content\\\/uploads\\\/2024\\\/05\\\/buyukelci-gaziler-scaled.jpg\",\"width\":2560,\"height\":1672},{\"@type\":\"BreadcrumbList\",\"@id\":\"https:\\\/\\\/kuzeyinsesi.org\\\/index.php\\\/2024\\\/05\\\/07\\\/50nci-yil-kibris-programi-kapsaminda-kktcye-gelen-gazi-heyeti-buyukelci-feyzioglunu-ziyaret-etti\\\/#breadcrumb\",\"itemListElement\":[{\"@type\":\"ListItem\",\"position\":1,\"name\":\"Anasayfa\",\"item\":\"https:\\\/\\\/kuzeyinsesi.org\\\/\"},{\"@type\":\"ListItem\",\"position\":2,\"name\":\"50\u2019nci Y\u0131l K\u0131br\u0131s Program\u0131 kapsam\u0131nda KKTC\u2019ye gelen gazi heyeti B\u00fcy\u00fckel\u00e7i Feyzio\u011flu\u2019nu ziyaret etti\"}]},{\"@type\":\"WebSite\",\"@id\":\"https:\\\/\\\/kuzeyinsesi.org\\\/#website\",\"url\":\"https:\\\/\\\/kuzeyinsesi.org\\\/\",\"name\":\"Kuzeyin Sesi\",\"description\":\"Do\u011fru Haberin Adresi\",\"potentialAction\":[{\"@type\":\"SearchAction\",\"target\":{\"@type\":\"EntryPoint\",\"urlTemplate\":\"https:\\\/\\\/kuzeyinsesi.org\\\/?s={search_term_string}\"},\"query-input\":{\"@type\":\"PropertyValueSpecification\",\"valueRequired\":true,\"valueName\":\"search_term_string\"}}],\"inLanguage\":\"tr\"},{\"@type\":\"Person\",\"@id\":\"https:\\\/\\\/kuzeyinsesi.org\\\/#\\\/schema\\\/person\\\/9f859689cdf01485597712386e37f5aa\",\"name\":\"Kuzeyin Sesi\",\"image\":{\"@type\":\"ImageObject\",\"inLanguage\":\"tr\",\"@id\":\"https:\\\/\\\/secure.gravatar.com\\\/avatar\\\/bab33852abfd8b282518d6ed81826833d77c3c882d9ab608add591ccace47a44?s=96&d=mm&r=g\",\"url\":\"https:\\\/\\\/secure.gravatar.com\\\/avatar\\\/bab33852abfd8b282518d6ed81826833d77c3c882d9ab608add591ccace47a44?s=96&d=mm&r=g\",\"contentUrl\":\"https:\\\/\\\/secure.gravatar.com\\\/avatar\\\/bab33852abfd8b282518d6ed81826833d77c3c882d9ab608add591ccace47a44?s=96&d=mm&r=g\",\"caption\":\"Kuzeyin Sesi\"},\"sameAs\":[\"https:\\\/\\\/kuzeyinsesi.org\"],\"url\":\"https:\\\/\\\/kuzeyinsesi.org\\\/index.php\\\/author\\\/guven\\\/\"}]}<\/script>\n<!-- \/ Yoast SEO plugin. -->","yoast_head_json":{"title":"50\u2019nci Y\u0131l K\u0131br\u0131s Program\u0131 kapsam\u0131nda KKTC\u2019ye gelen gazi heyeti B\u00fcy\u00fckel\u00e7i Feyzio\u011flu\u2019nu ziyaret etti - Kuzeyin Sesi","robots":{"index":"index","follow":"follow","max-snippet":"max-snippet:-1","max-image-preview":"max-image-preview:large","max-video-preview":"max-video-preview:-1"},"canonical":"https:\/\/kuzeyinsesi.org\/index.php\/2024\/05\/07\/50nci-yil-kibris-programi-kapsaminda-kktcye-gelen-gazi-heyeti-buyukelci-feyzioglunu-ziyaret-etti\/","og_locale":"tr_TR","og_type":"article","og_title":"50\u2019nci Y\u0131l K\u0131br\u0131s Program\u0131 kapsam\u0131nda KKTC\u2019ye gelen gazi heyeti B\u00fcy\u00fckel\u00e7i Feyzio\u011flu\u2019nu ziyaret etti - Kuzeyin Sesi","og_description":"Bar\u0131\u015f Harekat\u0131\u2019n\u0131n 50\u2019nci y\u0131l\u0131 dolay\u0131s\u0131yla K\u0131br\u0131s \u015eehitlerini Anma Platformu\u2019nun d\u00fczenledi\u011fi program \u00e7er\u00e7evesinde \u00fclkeye gelen \u015fehit aileleri ve gaziler T\u00fcrkiye Cumhuriyeti\u2019nin Lefko\u015fa B\u00fcy\u00fckel\u00e7isi Metin Feyzio\u011flu\u2019nu ziyaret etti. B\u00fcy\u00fckel\u00e7i Feyzio\u011flu, 6-10 May\u0131s tarihleri aras\u0131nda d\u00fczenlenen anma program\u0131 kapsam\u0131nda \u00e7e\u015fitli temaslarda bulunan yakla\u015f\u0131k 50 ki\u015filik heyeti, T\u00fcrkiye Cumhuriyeti B\u00fcy\u00fckel\u00e7ilik Konutu\u2019nda kabul etti. Kabulde, B\u00fcy\u00fckel\u00e7i Feyzio\u011flu\u2019nun konu\u015fmas\u0131n\u0131n ard\u0131ndan s\u00f6z [&hellip;]","og_url":"https:\/\/kuzeyinsesi.org\/index.php\/2024\/05\/07\/50nci-yil-kibris-programi-kapsaminda-kktcye-gelen-gazi-heyeti-buyukelci-feyzioglunu-ziyaret-etti\/","og_site_name":"Kuzeyin Sesi","article_publisher":"https:\/\/www.facebook.com\/kuzeyinsesii","article_published_time":"2024-05-07T13:30:06+00:00","og_image":[{"width":2560,"height":1672,"url":"https:\/\/kuzeyinsesi.org\/wp-content\/uploads\/2024\/05\/buyukelci-gaziler-scaled.jpg","type":"image\/jpeg"}],"author":"Kuzeyin Sesi","twitter_card":"summary_large_image","twitter_creator":"@kuzeyinsesii","twitter_site":"@kuzeyinsesii","twitter_misc":{"Yazan:":"Kuzeyin Sesi","Tahmini okuma s\u00fcresi":"3 dakika"},"schema":{"@context":"https:\/\/schema.org","@graph":[{"@type":"Article","@id":"https:\/\/kuzeyinsesi.org\/index.php\/2024\/05\/07\/50nci-yil-kibris-programi-kapsaminda-kktcye-gelen-gazi-heyeti-buyukelci-feyzioglunu-ziyaret-etti\/#article","isPartOf":{"@id":"https:\/\/kuzeyinsesi.org\/index.php\/2024\/05\/07\/50nci-yil-kibris-programi-kapsaminda-kktcye-gelen-gazi-heyeti-buyukelci-feyzioglunu-ziyaret-etti\/"},"author":{"name":"Kuzeyin Sesi","@id":"https:\/\/kuzeyinsesi.org\/#\/schema\/person\/9f859689cdf01485597712386e37f5aa"},"headline":"50\u2019nci Y\u0131l K\u0131br\u0131s Program\u0131 kapsam\u0131nda KKTC\u2019ye gelen gazi heyeti B\u00fcy\u00fckel\u00e7i Feyzio\u011flu\u2019nu ziyaret etti","datePublished":"2024-05-07T13:30:06+00:00","mainEntityOfPage":{"@id":"https:\/\/kuzeyinsesi.org\/index.php\/2024\/05\/07\/50nci-yil-kibris-programi-kapsaminda-kktcye-gelen-gazi-heyeti-buyukelci-feyzioglunu-ziyaret-etti\/"},"wordCount":697,"commentCount":0,"image":{"@id":"https:\/\/kuzeyinsesi.org\/index.php\/2024\/05\/07\/50nci-yil-kibris-programi-kapsaminda-kktcye-gelen-gazi-heyeti-buyukelci-feyzioglunu-ziyaret-etti\/#primaryimage"},"thumbnailUrl":"https:\/\/kuzeyinsesi.org\/wp-content\/uploads\/2024\/05\/buyukelci-gaziler-scaled.jpg","articleSection":["K\u0131br\u0131s"],"inLanguage":"tr","potentialAction":[{"@type":"CommentAction","name":"Comment","target":["https:\/\/kuzeyinsesi.org\/index.php\/2024\/05\/07\/50nci-yil-kibris-programi-kapsaminda-kktcye-gelen-gazi-heyeti-buyukelci-feyzioglunu-ziyaret-etti\/#respond"]}]},{"@type":"WebPage","@id":"https:\/\/kuzeyinsesi.org\/index.php\/2024\/05\/07\/50nci-yil-kibris-programi-kapsaminda-kktcye-gelen-gazi-heyeti-buyukelci-feyzioglunu-ziyaret-etti\/","url":"https:\/\/kuzeyinsesi.org\/index.php\/2024\/05\/07\/50nci-yil-kibris-programi-kapsaminda-kktcye-gelen-gazi-heyeti-buyukelci-feyzioglunu-ziyaret-etti\/","name":"50\u2019nci Y\u0131l K\u0131br\u0131s Program\u0131 kapsam\u0131nda KKTC\u2019ye gelen gazi heyeti B\u00fcy\u00fckel\u00e7i Feyzio\u011flu\u2019nu ziyaret etti - Kuzeyin Sesi","isPartOf":{"@id":"https:\/\/kuzeyinsesi.org\/#website"},"primaryImageOfPage":{"@id":"https:\/\/kuzeyinsesi.org\/index.php\/2024\/05\/07\/50nci-yil-kibris-programi-kapsaminda-kktcye-gelen-gazi-heyeti-buyukelci-feyzioglunu-ziyaret-etti\/#primaryimage"},"image":{"@id":"https:\/\/kuzeyinsesi.org\/index.php\/2024\/05\/07\/50nci-yil-kibris-programi-kapsaminda-kktcye-gelen-gazi-heyeti-buyukelci-feyzioglunu-ziyaret-etti\/#primaryimage"},"thumbnailUrl":"https:\/\/kuzeyinsesi.org\/wp-content\/uploads\/2024\/05\/buyukelci-gaziler-scaled.jpg","datePublished":"2024-05-07T13:30:06+00:00","author":{"@id":"https:\/\/kuzeyinsesi.org\/#\/schema\/person\/9f859689cdf01485597712386e37f5aa"},"breadcrumb":{"@id":"https:\/\/kuzeyinsesi.org\/index.php\/2024\/05\/07\/50nci-yil-kibris-programi-kapsaminda-kktcye-gelen-gazi-heyeti-buyukelci-feyzioglunu-ziyaret-etti\/#breadcrumb"},"inLanguage":"tr","potentialAction":[{"@type":"ReadAction","target":["https:\/\/kuzeyinsesi.org\/index.php\/2024\/05\/07\/50nci-yil-kibris-programi-kapsaminda-kktcye-gelen-gazi-heyeti-buyukelci-feyzioglunu-ziyaret-etti\/"]}]},{"@type":"ImageObject","inLanguage":"tr","@id":"https:\/\/kuzeyinsesi.org\/index.php\/2024\/05\/07\/50nci-yil-kibris-programi-kapsaminda-kktcye-gelen-gazi-heyeti-buyukelci-feyzioglunu-ziyaret-etti\/#primaryimage","url":"https:\/\/kuzeyinsesi.org\/wp-content\/uploads\/2024\/05\/buyukelci-gaziler-scaled.jpg","contentUrl":"https:\/\/kuzeyinsesi.org\/wp-content\/uploads\/2024\/05\/buyukelci-gaziler-scaled.jpg","width":2560,"height":1672},{"@type":"BreadcrumbList","@id":"https:\/\/kuzeyinsesi.org\/index.php\/2024\/05\/07\/50nci-yil-kibris-programi-kapsaminda-kktcye-gelen-gazi-heyeti-buyukelci-feyzioglunu-ziyaret-etti\/#breadcrumb","itemListElement":[{"@type":"ListItem","position":1,"name":"Anasayfa","item":"https:\/\/kuzeyinsesi.org\/"},{"@type":"ListItem","position":2,"name":"50\u2019nci Y\u0131l K\u0131br\u0131s Program\u0131 kapsam\u0131nda KKTC\u2019ye gelen gazi heyeti B\u00fcy\u00fckel\u00e7i Feyzio\u011flu\u2019nu ziyaret etti"}]},{"@type":"WebSite","@id":"https:\/\/kuzeyinsesi.org\/#website","url":"https:\/\/kuzeyinsesi.org\/","name":"Kuzeyin Sesi","description":"Do\u011fru Haberin Adresi","potentialAction":[{"@type":"SearchAction","target":{"@type":"EntryPoint","urlTemplate":"https:\/\/kuzeyinsesi.org\/?s={search_term_string}"},"query-input":{"@type":"PropertyValueSpecification","valueRequired":true,"valueName":"search_term_string"}}],"inLanguage":"tr"},{"@type":"Person","@id":"https:\/\/kuzeyinsesi.org\/#\/schema\/person\/9f859689cdf01485597712386e37f5aa","name":"Kuzeyin Sesi","image":{"@type":"ImageObject","inLanguage":"tr","@id":"https:\/\/secure.gravatar.com\/avatar\/bab33852abfd8b282518d6ed81826833d77c3c882d9ab608add591ccace47a44?s=96&d=mm&r=g","url":"https:\/\/secure.gravatar.com\/avatar\/bab33852abfd8b282518d6ed81826833d77c3c882d9ab608add591ccace47a44?s=96&d=mm&r=g","contentUrl":"https:\/\/secure.gravatar.com\/avatar\/bab33852abfd8b282518d6ed81826833d77c3c882d9ab608add591ccace47a44?s=96&d=mm&r=g","caption":"Kuzeyin Sesi"},"sameAs":["https:\/\/kuzeyinsesi.org"],"url":"https:\/\/kuzeyinsesi.org\/index.php\/author\/guven\/"}]}},"_links":{"self":[{"href":"https:\/\/kuzeyinsesi.org\/index.php\/wp-json\/wp\/v2\/posts\/1594","targetHints":{"allow":["GET"]}}],"collection":[{"href":"https:\/\/kuzeyinsesi.org\/index.php\/wp-json\/wp\/v2\/posts"}],"about":[{"href":"https:\/\/kuzeyinsesi.org\/index.php\/wp-json\/wp\/v2\/types\/post"}],"author":[{"embeddable":true,"href":"https:\/\/kuzeyinsesi.org\/index.php\/wp-json\/wp\/v2\/users\/1"}],"replies":[{"embeddable":true,"href":"https:\/\/kuzeyinsesi.org\/index.php\/wp-json\/wp\/v2\/comments?post=1594"}],"version-history":[{"count":0,"href":"https:\/\/kuzeyinsesi.org\/index.php\/wp-json\/wp\/v2\/posts\/1594\/revisions"}],"wp:featuredmedia":[{"embeddable":true,"href":"https:\/\/kuzeyinsesi.org\/index.php\/wp-json\/wp\/v2\/media\/1595"}],"wp:attachment":[{"href":"https:\/\/kuzeyinsesi.org\/index.php\/wp-json\/wp\/v2\/media?parent=1594"}],"wp:term":[{"taxonomy":"category","embeddable":true,"href":"https:\/\/kuzeyinsesi.org\/index.php\/wp-json\/wp\/v2\/categories?post=1594"},{"taxonomy":"post_tag","embeddable":true,"href":"https:\/\/kuzeyinsesi.org\/index.php\/wp-json\/wp\/v2\/tags?post=1594"}],"curies":[{"name":"wp","href":"https:\/\/api.w.org\/{rel}","templated":true}]}}