{"id":15939,"date":"2024-12-20T11:54:51","date_gmt":"2024-12-20T09:54:51","guid":{"rendered":"https:\/\/kuzeyinsesi.org\/index.php\/2024\/12\/20\/buruncuk-turkiye-ulastirma-ve-altyapi-bakan-yardimcisi-ile-gorustu-kktc-ile-turkiye-arasindaki-bilisim-is-birligi-ele-alindi\/"},"modified":"2024-12-20T11:54:51","modified_gmt":"2024-12-20T09:54:51","slug":"buruncuk-turkiye-ulastirma-ve-altyapi-bakan-yardimcisi-ile-gorustu-kktc-ile-turkiye-arasindaki-bilisim-is-birligi-ele-alindi","status":"publish","type":"post","link":"https:\/\/kuzeyinsesi.org\/index.php\/2024\/12\/20\/buruncuk-turkiye-ulastirma-ve-altyapi-bakan-yardimcisi-ile-gorustu-kktc-ile-turkiye-arasindaki-bilisim-is-birligi-ele-alindi\/","title":{"rendered":"B\u00fcr\u00fcnc\u00fck, T\u00fcrkiye Ula\u015ft\u0131rma ve Altyap\u0131 Bakan Yard\u0131mc\u0131s\u0131 ile g\u00f6r\u00fc\u015ft\u00fc: KKTC ile T\u00fcrkiye aras\u0131ndaki bili\u015fim i\u015f birli\u011fi ele al\u0131nd\u0131"},"content":{"rendered":"<div>\n<div class=\"mariselle-image-container center\">\n                                            <\/div>\n<p>Bilgi Teknolojileri ve Haberle\u015fme Kurumu (BTHK) Ba\u015fkan\u0131 Kadri B\u00fcr\u00fcnc\u00fck, T\u00fcrkiye Ula\u015ft\u0131rma ve Altyap\u0131 Bakan Yard\u0131mc\u0131s\u0131 \u00d6mer Fatih Sayan ile g\u00f6r\u00fc\u015ft\u00fc. G\u00f6r\u00fc\u015fmede, bili\u015fim konusunda iki \u00fclke aras\u0131ndaki i\u015f birli\u011fi ve sekt\u00f6rel geli\u015fmeler ele al\u0131nd\u0131.<\/p>\n<p>B\u00fcr\u00fcnc\u00fck, Ankara\u2019da T\u00fcrkiye Bili\u015fim Derne\u011fi taraf\u0131ndan d\u00fczenlenen 41. Ulusal Bili\u015fim Kurultay\u0131\u2019na kat\u0131larak etkinli\u011fin \u00f6ne \u00e7\u0131kan oturumlar\u0131n\u0131 takip etti ve sekt\u00f6r temsilcileriyle fikir al\u0131\u015fveri\u015finde bulundu.<\/p>\n<p>B\u00fcr\u00fcnc\u00fck ayr\u0131ca, T\u00fcrkiye\u2019nin dijital d\u00f6n\u00fc\u015f\u00fcm s\u00fcre\u00e7lerinin y\u00f6netildi\u011fi kritik merkezlerden biri olan Bilgi Teknolojileri ve \u0130leti\u015fim Kurumu (BTK) Merkez Kamp\u00fcs\u00fc\u2019nde de temaslarda bulundu.<\/p>\n<p>Bay\u0131nd\u0131rl\u0131k ve Ula\u015ft\u0131rma Bakanl\u0131\u011f\u0131\u2019ndan yap\u0131lan a\u00e7\u0131klamaya g\u00f6re B\u00fcr\u00fcnc\u00fck, TC Ula\u015ft\u0131rma ve Altyap\u0131 Bakan Yard\u0131mc\u0131s\u0131 Sayan ile g\u00f6r\u00fc\u015fmesinde, iki \u00fclkenin dijitalle\u015fme s\u00fcre\u00e7lerinde i\u015f birli\u011fini art\u0131rma potansiyelini ele ald\u0131. G\u00f6r\u00fc\u015fmeye, BTK Ba\u015fkan\u0131 \u00d6mer Abdullah Karag\u00f6zo\u011flu da kat\u0131larak, T\u00fcrkiye\u2019de ve KKTC\u2019de y\u00fcr\u00fct\u00fclen bili\u015fim, ileti\u015fim, bilgi teknolojileri ve haberle\u015fme sekt\u00f6rlerine ili\u015fkin projelerde gelinen a\u015famalar de\u011ferlendirildi.<\/p>\n<div class=\"mariselle-image-container center\">\n                <img decoding=\"async\" width=\"1600\" height=\"1198\" class=\"lazy-image\" alt=\"\" sizes=\"(max-width: 1600px) 100vw, 1600px\" src=\"https:\/\/brtk.net\/wp-content\/uploads\/2024\/12\/20\/1734686200203BTHK-ANKARA-TEMASLARI2.jpeg?ver=b153bd6309831e2a28b6c398b258ace0\" srcset=\"https:\/\/brtk.net\/wp-content\/uploads\/2024\/12\/20\/1734686200203BTHK-ANKARA-TEMASLARI2.jpeg?ver=b153bd6309831e2a28b6c398b258ace0 1600w, https:\/\/brtk.net\/wp-content\/uploads\/2024\/12\/20\/1734686200203BTHK-ANKARA-TEMASLARI2-300x225.jpeg?ver=b153bd6309831e2a28b6c398b258ace0 300w, https:\/\/brtk.net\/wp-content\/uploads\/2024\/12\/20\/1734686200203BTHK-ANKARA-TEMASLARI2-1024x767.jpeg?ver=0b81446cd97ad3f300be7dc4377bb454 1024w, https:\/\/brtk.net\/wp-content\/uploads\/2024\/12\/20\/1734686200203BTHK-ANKARA-TEMASLARI2-768x575.jpeg?ver=0b81446cd97ad3f300be7dc4377bb454 768w, https:\/\/brtk.net\/wp-content\/uploads\/2024\/12\/20\/1734686200203BTHK-ANKARA-TEMASLARI2-1536x1150.jpeg?ver=9e34d546367b2a78d51815f1206be24b 1536w\"\/>                            <\/div>\n<p>-Sekt\u00f6rel i\u015f birlikleri<\/p>\n<p>G\u00f6r\u00fc\u015fmede, KKTC ile T\u00fcrkiye aras\u0131nda y\u00fcr\u00fct\u00fclen bili\u015fim projelerinin s\u00fcrd\u00fcr\u00fclebilirli\u011fi ve bu projelerin b\u00f6lgesel etkileri \u00fczerine yo\u011funla\u015f\u0131l\u0131rken, gelecekte hayata ge\u00e7irilebilecek ortak projelerin planlanmas\u0131 da g\u00fcndeme geldi. T\u00fcrkiye\u2019nin ileti\u015fim altyap\u0131s\u0131ndaki yenilik\u00e7i yakla\u015f\u0131mlar\u0131n\u0131n ve KKTC\u2019ye bu s\u00fcre\u00e7teki katk\u0131lar\u0131n\u0131n tart\u0131\u015f\u0131ld\u0131\u011f\u0131 toplant\u0131da, dijital d\u00f6n\u00fc\u015f\u00fcm s\u00fcre\u00e7lerine h\u0131z kazand\u0131racak yeni fikirler \u00fczerinde duruldu.<\/p>\n<p>B\u00fcr\u00fcnc\u00fck, g\u00f6r\u00fc\u015fme sonras\u0131 yapt\u0131\u011f\u0131 a\u00e7\u0131klamada, \u201cKKTC\u2019nin bili\u015fim ve ileti\u015fim teknolojileri alan\u0131nda altyap\u0131s\u0131 daha da g\u00fc\u00e7lendirilerek, T\u00fcrkiye ile bu alandaki i\u015f birli\u011fimiz, iki \u00fclkenin b\u00f6lgesel ve uluslararas\u0131 platformlarda daha g\u00fc\u00e7l\u00fc bir \u015fekilde temsil edilmesine katk\u0131 sa\u011flayacakt\u0131r\u201d dedi. B\u00fcr\u00fcnc\u00fck, yap\u0131lan g\u00f6r\u00fc\u015fmelerin sekt\u00f6rdeki mevcut sorunlara \u00e7\u00f6z\u00fcm bulma ve yeni f\u0131rsatlar yaratma ad\u0131na \u00f6nemli oldu\u011funu vurgulad\u0131.<\/p>\n<p>-Ulusal ve uluslararas\u0131 perspektif<\/p>\n<p>B\u00fcr\u00fcnc\u00fck\u2019\u00fcn de kat\u0131ld\u0131\u011f\u0131 41. Ulusal Bili\u015fim Kurultay\u0131 kapsam\u0131nda, yapay zeka, dijital d\u00f6n\u00fc\u015f\u00fcm, 5G teknolojileri, siber g\u00fcvenlik ve blockchain gibi g\u00fcncel konular ele al\u0131n\u0131rken, KKTC\u2019nin bu alanlarda sa\u011flad\u0131\u011f\u0131 katk\u0131lar ve uluslararas\u0131 d\u00fczeyde i\u015f birli\u011fi imkanlar\u0131 g\u00fcndeme geldi.<\/p>\n<p>B\u00fcr\u00fcnc\u00fck\u2019\u00fcn temaslar\u0131 s\u0131ras\u0131nda, T\u00fcrkiye ve KKTC aras\u0131nda teknoloji transferi, insan kayna\u011f\u0131 geli\u015ftirme ve ortak projelerin hayata ge\u00e7irilmesi gibi somut i\u015f birli\u011fi alanlar\u0131n\u0131n art\u0131r\u0131lmas\u0131na y\u00f6nelik fikir al\u0131\u015fveri\u015finde bulunuldu. G\u00f6r\u00fc\u015fmelerin, \u201cKKTC\u2019nin dijitalle\u015fme hedeflerine ula\u015fmas\u0131nda \u00f6nemli bir kilometre ta\u015f\u0131 olaca\u011f\u0131na\u201d dikkat \u00e7ekilen a\u00e7\u0131klamada, B\u00fcr\u00fcnc\u00fck\u2019\u00fcn temaslar\u0131 s\u0131ras\u0131nda ayr\u0131ca T\u00dcRKSAT, T\u00fcrk Telekom ve ULAK Haberle\u015fme A.\u015e.\u2019yi ziyaret etti\u011fi de kaydedildi.<\/p>\n<\/p><\/div>\n<p><script async\n                    defer\n                    crossorigin=\"anonymous\"\n                    src=\"https:\/\/connect.facebook.net\/tr_TR\/sdk.js#xfbml=1&#038;version=v3.3\"\n            ><\/script><\/p>\n","protected":false},"excerpt":{"rendered":"<p>Bilgi Teknolojileri ve Haberle\u015fme Kurumu (BTHK) Ba\u015fkan\u0131 Kadri B\u00fcr\u00fcnc\u00fck, T\u00fcrkiye Ula\u015ft\u0131rma ve Altyap\u0131 Bakan Yard\u0131mc\u0131s\u0131 \u00d6mer Fatih Sayan ile g\u00f6r\u00fc\u015ft\u00fc. G\u00f6r\u00fc\u015fmede, bili\u015fim konusunda iki \u00fclke aras\u0131ndaki i\u015f birli\u011fi ve sekt\u00f6rel geli\u015fmeler ele al\u0131nd\u0131. B\u00fcr\u00fcnc\u00fck, Ankara\u2019da T\u00fcrkiye Bili\u015fim Derne\u011fi taraf\u0131ndan d\u00fczenlenen 41. Ulusal Bili\u015fim Kurultay\u0131\u2019na kat\u0131larak etkinli\u011fin \u00f6ne \u00e7\u0131kan oturumlar\u0131n\u0131 takip etti ve sekt\u00f6r temsilcileriyle fikir [&hellip;]<\/p>\n","protected":false},"author":1,"featured_media":15940,"comment_status":"open","ping_status":"open","sticky":false,"template":"","format":"standard","meta":{"jnews-multi-image_gallery":[],"jnews_single_post":[],"jnews_primary_category":[],"jnews_social_meta":[],"jnews_override_counter":[],"footnotes":""},"categories":[5],"tags":[],"class_list":["post-15939","post","type-post","status-publish","format-standard","has-post-thumbnail","hentry","category-turkiye"],"yoast_head":"<!-- This site is optimized with the Yoast SEO plugin v27.4 - https:\/\/yoast.com\/product\/yoast-seo-wordpress\/ -->\n<title>B\u00fcr\u00fcnc\u00fck, T\u00fcrkiye Ula\u015ft\u0131rma ve Altyap\u0131 Bakan Yard\u0131mc\u0131s\u0131 ile g\u00f6r\u00fc\u015ft\u00fc: KKTC ile T\u00fcrkiye aras\u0131ndaki bili\u015fim i\u015f birli\u011fi ele al\u0131nd\u0131 - Kuzeyin Sesi<\/title>\n<meta name=\"robots\" content=\"index, follow, max-snippet:-1, max-image-preview:large, max-video-preview:-1\" \/>\n<link rel=\"canonical\" href=\"https:\/\/kuzeyinsesi.org\/index.php\/2024\/12\/20\/buruncuk-turkiye-ulastirma-ve-altyapi-bakan-yardimcisi-ile-gorustu-kktc-ile-turkiye-arasindaki-bilisim-is-birligi-ele-alindi\/\" \/>\n<meta property=\"og:locale\" content=\"tr_TR\" \/>\n<meta property=\"og:type\" content=\"article\" \/>\n<meta property=\"og:title\" content=\"B\u00fcr\u00fcnc\u00fck, T\u00fcrkiye Ula\u015ft\u0131rma ve Altyap\u0131 Bakan Yard\u0131mc\u0131s\u0131 ile g\u00f6r\u00fc\u015ft\u00fc: KKTC ile T\u00fcrkiye aras\u0131ndaki bili\u015fim i\u015f birli\u011fi ele al\u0131nd\u0131 - Kuzeyin Sesi\" \/>\n<meta property=\"og:description\" content=\"Bilgi Teknolojileri ve Haberle\u015fme Kurumu (BTHK) Ba\u015fkan\u0131 Kadri B\u00fcr\u00fcnc\u00fck, T\u00fcrkiye Ula\u015ft\u0131rma ve Altyap\u0131 Bakan Yard\u0131mc\u0131s\u0131 \u00d6mer Fatih Sayan ile g\u00f6r\u00fc\u015ft\u00fc. G\u00f6r\u00fc\u015fmede, bili\u015fim konusunda iki \u00fclke aras\u0131ndaki i\u015f birli\u011fi ve sekt\u00f6rel geli\u015fmeler ele al\u0131nd\u0131. B\u00fcr\u00fcnc\u00fck, Ankara\u2019da T\u00fcrkiye Bili\u015fim Derne\u011fi taraf\u0131ndan d\u00fczenlenen 41. Ulusal Bili\u015fim Kurultay\u0131\u2019na kat\u0131larak etkinli\u011fin \u00f6ne \u00e7\u0131kan oturumlar\u0131n\u0131 takip etti ve sekt\u00f6r temsilcileriyle fikir [&hellip;]\" \/>\n<meta property=\"og:url\" content=\"https:\/\/kuzeyinsesi.org\/index.php\/2024\/12\/20\/buruncuk-turkiye-ulastirma-ve-altyapi-bakan-yardimcisi-ile-gorustu-kktc-ile-turkiye-arasindaki-bilisim-is-birligi-ele-alindi\/\" \/>\n<meta property=\"og:site_name\" content=\"Kuzeyin Sesi\" \/>\n<meta property=\"article:publisher\" content=\"https:\/\/www.facebook.com\/kuzeyinsesii\" \/>\n<meta property=\"article:published_time\" content=\"2024-12-20T09:54:51+00:00\" \/>\n<meta property=\"og:image\" content=\"https:\/\/brtk.net\/wp-content\/uploads\/2024\/12\/20\/1734686200197BTHK-ANKARA-TEMASLARI3.jpeg?ver=16027dda21119f2ca84d52a20d4553e1\" \/>\n<meta name=\"author\" content=\"Kuzeyin Sesi\" \/>\n<meta name=\"twitter:card\" content=\"summary_large_image\" \/>\n<meta name=\"twitter:creator\" content=\"@kuzeyinsesii\" \/>\n<meta name=\"twitter:site\" content=\"@kuzeyinsesii\" \/>\n<meta name=\"twitter:label1\" content=\"Yazan:\" \/>\n\t<meta name=\"twitter:data1\" content=\"Kuzeyin Sesi\" \/>\n\t<meta name=\"twitter:label2\" content=\"Tahmini okuma s\u00fcresi\" \/>\n\t<meta name=\"twitter:data2\" content=\"3 dakika\" \/>\n<script type=\"application\/ld+json\" class=\"yoast-schema-graph\">{\"@context\":\"https:\\\/\\\/schema.org\",\"@graph\":[{\"@type\":\"Article\",\"@id\":\"https:\\\/\\\/kuzeyinsesi.org\\\/index.php\\\/2024\\\/12\\\/20\\\/buruncuk-turkiye-ulastirma-ve-altyapi-bakan-yardimcisi-ile-gorustu-kktc-ile-turkiye-arasindaki-bilisim-is-birligi-ele-alindi\\\/#article\",\"isPartOf\":{\"@id\":\"https:\\\/\\\/kuzeyinsesi.org\\\/index.php\\\/2024\\\/12\\\/20\\\/buruncuk-turkiye-ulastirma-ve-altyapi-bakan-yardimcisi-ile-gorustu-kktc-ile-turkiye-arasindaki-bilisim-is-birligi-ele-alindi\\\/\"},\"author\":{\"name\":\"Kuzeyin Sesi\",\"@id\":\"https:\\\/\\\/kuzeyinsesi.org\\\/#\\\/schema\\\/person\\\/9f859689cdf01485597712386e37f5aa\"},\"headline\":\"B\u00fcr\u00fcnc\u00fck, T\u00fcrkiye Ula\u015ft\u0131rma ve Altyap\u0131 Bakan Yard\u0131mc\u0131s\u0131 ile g\u00f6r\u00fc\u015ft\u00fc: KKTC ile T\u00fcrkiye aras\u0131ndaki bili\u015fim i\u015f birli\u011fi ele al\u0131nd\u0131\",\"datePublished\":\"2024-12-20T09:54:51+00:00\",\"mainEntityOfPage\":{\"@id\":\"https:\\\/\\\/kuzeyinsesi.org\\\/index.php\\\/2024\\\/12\\\/20\\\/buruncuk-turkiye-ulastirma-ve-altyapi-bakan-yardimcisi-ile-gorustu-kktc-ile-turkiye-arasindaki-bilisim-is-birligi-ele-alindi\\\/\"},\"wordCount\":580,\"commentCount\":0,\"image\":{\"@id\":\"https:\\\/\\\/kuzeyinsesi.org\\\/index.php\\\/2024\\\/12\\\/20\\\/buruncuk-turkiye-ulastirma-ve-altyapi-bakan-yardimcisi-ile-gorustu-kktc-ile-turkiye-arasindaki-bilisim-is-birligi-ele-alindi\\\/#primaryimage\"},\"thumbnailUrl\":\"https:\\\/\\\/kuzeyinsesi.org\\\/wp-content\\\/uploads\\\/2024\\\/12\\\/1734686200197BTHK-ANKARA-TEMASLARI3.jpeg\",\"articleSection\":[\"T\u00fcrkiye\"],\"inLanguage\":\"tr\",\"potentialAction\":[{\"@type\":\"CommentAction\",\"name\":\"Comment\",\"target\":[\"https:\\\/\\\/kuzeyinsesi.org\\\/index.php\\\/2024\\\/12\\\/20\\\/buruncuk-turkiye-ulastirma-ve-altyapi-bakan-yardimcisi-ile-gorustu-kktc-ile-turkiye-arasindaki-bilisim-is-birligi-ele-alindi\\\/#respond\"]}]},{\"@type\":\"WebPage\",\"@id\":\"https:\\\/\\\/kuzeyinsesi.org\\\/index.php\\\/2024\\\/12\\\/20\\\/buruncuk-turkiye-ulastirma-ve-altyapi-bakan-yardimcisi-ile-gorustu-kktc-ile-turkiye-arasindaki-bilisim-is-birligi-ele-alindi\\\/\",\"url\":\"https:\\\/\\\/kuzeyinsesi.org\\\/index.php\\\/2024\\\/12\\\/20\\\/buruncuk-turkiye-ulastirma-ve-altyapi-bakan-yardimcisi-ile-gorustu-kktc-ile-turkiye-arasindaki-bilisim-is-birligi-ele-alindi\\\/\",\"name\":\"B\u00fcr\u00fcnc\u00fck, T\u00fcrkiye Ula\u015ft\u0131rma ve Altyap\u0131 Bakan Yard\u0131mc\u0131s\u0131 ile g\u00f6r\u00fc\u015ft\u00fc: KKTC ile T\u00fcrkiye aras\u0131ndaki bili\u015fim i\u015f birli\u011fi ele al\u0131nd\u0131 - Kuzeyin Sesi\",\"isPartOf\":{\"@id\":\"https:\\\/\\\/kuzeyinsesi.org\\\/#website\"},\"primaryImageOfPage\":{\"@id\":\"https:\\\/\\\/kuzeyinsesi.org\\\/index.php\\\/2024\\\/12\\\/20\\\/buruncuk-turkiye-ulastirma-ve-altyapi-bakan-yardimcisi-ile-gorustu-kktc-ile-turkiye-arasindaki-bilisim-is-birligi-ele-alindi\\\/#primaryimage\"},\"image\":{\"@id\":\"https:\\\/\\\/kuzeyinsesi.org\\\/index.php\\\/2024\\\/12\\\/20\\\/buruncuk-turkiye-ulastirma-ve-altyapi-bakan-yardimcisi-ile-gorustu-kktc-ile-turkiye-arasindaki-bilisim-is-birligi-ele-alindi\\\/#primaryimage\"},\"thumbnailUrl\":\"https:\\\/\\\/kuzeyinsesi.org\\\/wp-content\\\/uploads\\\/2024\\\/12\\\/1734686200197BTHK-ANKARA-TEMASLARI3.jpeg\",\"datePublished\":\"2024-12-20T09:54:51+00:00\",\"author\":{\"@id\":\"https:\\\/\\\/kuzeyinsesi.org\\\/#\\\/schema\\\/person\\\/9f859689cdf01485597712386e37f5aa\"},\"breadcrumb\":{\"@id\":\"https:\\\/\\\/kuzeyinsesi.org\\\/index.php\\\/2024\\\/12\\\/20\\\/buruncuk-turkiye-ulastirma-ve-altyapi-bakan-yardimcisi-ile-gorustu-kktc-ile-turkiye-arasindaki-bilisim-is-birligi-ele-alindi\\\/#breadcrumb\"},\"inLanguage\":\"tr\",\"potentialAction\":[{\"@type\":\"ReadAction\",\"target\":[\"https:\\\/\\\/kuzeyinsesi.org\\\/index.php\\\/2024\\\/12\\\/20\\\/buruncuk-turkiye-ulastirma-ve-altyapi-bakan-yardimcisi-ile-gorustu-kktc-ile-turkiye-arasindaki-bilisim-is-birligi-ele-alindi\\\/\"]}]},{\"@type\":\"ImageObject\",\"inLanguage\":\"tr\",\"@id\":\"https:\\\/\\\/kuzeyinsesi.org\\\/index.php\\\/2024\\\/12\\\/20\\\/buruncuk-turkiye-ulastirma-ve-altyapi-bakan-yardimcisi-ile-gorustu-kktc-ile-turkiye-arasindaki-bilisim-is-birligi-ele-alindi\\\/#primaryimage\",\"url\":\"https:\\\/\\\/kuzeyinsesi.org\\\/wp-content\\\/uploads\\\/2024\\\/12\\\/1734686200197BTHK-ANKARA-TEMASLARI3.jpeg\",\"contentUrl\":\"https:\\\/\\\/kuzeyinsesi.org\\\/wp-content\\\/uploads\\\/2024\\\/12\\\/1734686200197BTHK-ANKARA-TEMASLARI3.jpeg\",\"width\":1200,\"height\":1600},{\"@type\":\"BreadcrumbList\",\"@id\":\"https:\\\/\\\/kuzeyinsesi.org\\\/index.php\\\/2024\\\/12\\\/20\\\/buruncuk-turkiye-ulastirma-ve-altyapi-bakan-yardimcisi-ile-gorustu-kktc-ile-turkiye-arasindaki-bilisim-is-birligi-ele-alindi\\\/#breadcrumb\",\"itemListElement\":[{\"@type\":\"ListItem\",\"position\":1,\"name\":\"Anasayfa\",\"item\":\"https:\\\/\\\/kuzeyinsesi.org\\\/\"},{\"@type\":\"ListItem\",\"position\":2,\"name\":\"B\u00fcr\u00fcnc\u00fck, T\u00fcrkiye Ula\u015ft\u0131rma ve Altyap\u0131 Bakan Yard\u0131mc\u0131s\u0131 ile g\u00f6r\u00fc\u015ft\u00fc: KKTC ile T\u00fcrkiye aras\u0131ndaki bili\u015fim i\u015f birli\u011fi ele al\u0131nd\u0131\"}]},{\"@type\":\"WebSite\",\"@id\":\"https:\\\/\\\/kuzeyinsesi.org\\\/#website\",\"url\":\"https:\\\/\\\/kuzeyinsesi.org\\\/\",\"name\":\"Kuzeyin Sesi\",\"description\":\"Do\u011fru Haberin Adresi\",\"potentialAction\":[{\"@type\":\"SearchAction\",\"target\":{\"@type\":\"EntryPoint\",\"urlTemplate\":\"https:\\\/\\\/kuzeyinsesi.org\\\/?s={search_term_string}\"},\"query-input\":{\"@type\":\"PropertyValueSpecification\",\"valueRequired\":true,\"valueName\":\"search_term_string\"}}],\"inLanguage\":\"tr\"},{\"@type\":\"Person\",\"@id\":\"https:\\\/\\\/kuzeyinsesi.org\\\/#\\\/schema\\\/person\\\/9f859689cdf01485597712386e37f5aa\",\"name\":\"Kuzeyin Sesi\",\"image\":{\"@type\":\"ImageObject\",\"inLanguage\":\"tr\",\"@id\":\"https:\\\/\\\/secure.gravatar.com\\\/avatar\\\/bab33852abfd8b282518d6ed81826833d77c3c882d9ab608add591ccace47a44?s=96&d=mm&r=g\",\"url\":\"https:\\\/\\\/secure.gravatar.com\\\/avatar\\\/bab33852abfd8b282518d6ed81826833d77c3c882d9ab608add591ccace47a44?s=96&d=mm&r=g\",\"contentUrl\":\"https:\\\/\\\/secure.gravatar.com\\\/avatar\\\/bab33852abfd8b282518d6ed81826833d77c3c882d9ab608add591ccace47a44?s=96&d=mm&r=g\",\"caption\":\"Kuzeyin Sesi\"},\"sameAs\":[\"https:\\\/\\\/kuzeyinsesi.org\"],\"url\":\"https:\\\/\\\/kuzeyinsesi.org\\\/index.php\\\/author\\\/guven\\\/\"}]}<\/script>\n<!-- \/ Yoast SEO plugin. -->","yoast_head_json":{"title":"B\u00fcr\u00fcnc\u00fck, T\u00fcrkiye Ula\u015ft\u0131rma ve Altyap\u0131 Bakan Yard\u0131mc\u0131s\u0131 ile g\u00f6r\u00fc\u015ft\u00fc: KKTC ile T\u00fcrkiye aras\u0131ndaki bili\u015fim i\u015f birli\u011fi ele al\u0131nd\u0131 - Kuzeyin Sesi","robots":{"index":"index","follow":"follow","max-snippet":"max-snippet:-1","max-image-preview":"max-image-preview:large","max-video-preview":"max-video-preview:-1"},"canonical":"https:\/\/kuzeyinsesi.org\/index.php\/2024\/12\/20\/buruncuk-turkiye-ulastirma-ve-altyapi-bakan-yardimcisi-ile-gorustu-kktc-ile-turkiye-arasindaki-bilisim-is-birligi-ele-alindi\/","og_locale":"tr_TR","og_type":"article","og_title":"B\u00fcr\u00fcnc\u00fck, T\u00fcrkiye Ula\u015ft\u0131rma ve Altyap\u0131 Bakan Yard\u0131mc\u0131s\u0131 ile g\u00f6r\u00fc\u015ft\u00fc: KKTC ile T\u00fcrkiye aras\u0131ndaki bili\u015fim i\u015f birli\u011fi ele al\u0131nd\u0131 - Kuzeyin Sesi","og_description":"Bilgi Teknolojileri ve Haberle\u015fme Kurumu (BTHK) Ba\u015fkan\u0131 Kadri B\u00fcr\u00fcnc\u00fck, T\u00fcrkiye Ula\u015ft\u0131rma ve Altyap\u0131 Bakan Yard\u0131mc\u0131s\u0131 \u00d6mer Fatih Sayan ile g\u00f6r\u00fc\u015ft\u00fc. G\u00f6r\u00fc\u015fmede, bili\u015fim konusunda iki \u00fclke aras\u0131ndaki i\u015f birli\u011fi ve sekt\u00f6rel geli\u015fmeler ele al\u0131nd\u0131. B\u00fcr\u00fcnc\u00fck, Ankara\u2019da T\u00fcrkiye Bili\u015fim Derne\u011fi taraf\u0131ndan d\u00fczenlenen 41. Ulusal Bili\u015fim Kurultay\u0131\u2019na kat\u0131larak etkinli\u011fin \u00f6ne \u00e7\u0131kan oturumlar\u0131n\u0131 takip etti ve sekt\u00f6r temsilcileriyle fikir [&hellip;]","og_url":"https:\/\/kuzeyinsesi.org\/index.php\/2024\/12\/20\/buruncuk-turkiye-ulastirma-ve-altyapi-bakan-yardimcisi-ile-gorustu-kktc-ile-turkiye-arasindaki-bilisim-is-birligi-ele-alindi\/","og_site_name":"Kuzeyin Sesi","article_publisher":"https:\/\/www.facebook.com\/kuzeyinsesii","article_published_time":"2024-12-20T09:54:51+00:00","og_image":[{"url":"https:\/\/brtk.net\/wp-content\/uploads\/2024\/12\/20\/1734686200197BTHK-ANKARA-TEMASLARI3.jpeg?ver=16027dda21119f2ca84d52a20d4553e1","type":"","width":"","height":""}],"author":"Kuzeyin Sesi","twitter_card":"summary_large_image","twitter_creator":"@kuzeyinsesii","twitter_site":"@kuzeyinsesii","twitter_misc":{"Yazan:":"Kuzeyin Sesi","Tahmini okuma s\u00fcresi":"3 dakika"},"schema":{"@context":"https:\/\/schema.org","@graph":[{"@type":"Article","@id":"https:\/\/kuzeyinsesi.org\/index.php\/2024\/12\/20\/buruncuk-turkiye-ulastirma-ve-altyapi-bakan-yardimcisi-ile-gorustu-kktc-ile-turkiye-arasindaki-bilisim-is-birligi-ele-alindi\/#article","isPartOf":{"@id":"https:\/\/kuzeyinsesi.org\/index.php\/2024\/12\/20\/buruncuk-turkiye-ulastirma-ve-altyapi-bakan-yardimcisi-ile-gorustu-kktc-ile-turkiye-arasindaki-bilisim-is-birligi-ele-alindi\/"},"author":{"name":"Kuzeyin Sesi","@id":"https:\/\/kuzeyinsesi.org\/#\/schema\/person\/9f859689cdf01485597712386e37f5aa"},"headline":"B\u00fcr\u00fcnc\u00fck, T\u00fcrkiye Ula\u015ft\u0131rma ve Altyap\u0131 Bakan Yard\u0131mc\u0131s\u0131 ile g\u00f6r\u00fc\u015ft\u00fc: KKTC ile T\u00fcrkiye aras\u0131ndaki bili\u015fim i\u015f birli\u011fi ele al\u0131nd\u0131","datePublished":"2024-12-20T09:54:51+00:00","mainEntityOfPage":{"@id":"https:\/\/kuzeyinsesi.org\/index.php\/2024\/12\/20\/buruncuk-turkiye-ulastirma-ve-altyapi-bakan-yardimcisi-ile-gorustu-kktc-ile-turkiye-arasindaki-bilisim-is-birligi-ele-alindi\/"},"wordCount":580,"commentCount":0,"image":{"@id":"https:\/\/kuzeyinsesi.org\/index.php\/2024\/12\/20\/buruncuk-turkiye-ulastirma-ve-altyapi-bakan-yardimcisi-ile-gorustu-kktc-ile-turkiye-arasindaki-bilisim-is-birligi-ele-alindi\/#primaryimage"},"thumbnailUrl":"https:\/\/kuzeyinsesi.org\/wp-content\/uploads\/2024\/12\/1734686200197BTHK-ANKARA-TEMASLARI3.jpeg","articleSection":["T\u00fcrkiye"],"inLanguage":"tr","potentialAction":[{"@type":"CommentAction","name":"Comment","target":["https:\/\/kuzeyinsesi.org\/index.php\/2024\/12\/20\/buruncuk-turkiye-ulastirma-ve-altyapi-bakan-yardimcisi-ile-gorustu-kktc-ile-turkiye-arasindaki-bilisim-is-birligi-ele-alindi\/#respond"]}]},{"@type":"WebPage","@id":"https:\/\/kuzeyinsesi.org\/index.php\/2024\/12\/20\/buruncuk-turkiye-ulastirma-ve-altyapi-bakan-yardimcisi-ile-gorustu-kktc-ile-turkiye-arasindaki-bilisim-is-birligi-ele-alindi\/","url":"https:\/\/kuzeyinsesi.org\/index.php\/2024\/12\/20\/buruncuk-turkiye-ulastirma-ve-altyapi-bakan-yardimcisi-ile-gorustu-kktc-ile-turkiye-arasindaki-bilisim-is-birligi-ele-alindi\/","name":"B\u00fcr\u00fcnc\u00fck, T\u00fcrkiye Ula\u015ft\u0131rma ve Altyap\u0131 Bakan Yard\u0131mc\u0131s\u0131 ile g\u00f6r\u00fc\u015ft\u00fc: KKTC ile T\u00fcrkiye aras\u0131ndaki bili\u015fim i\u015f birli\u011fi ele al\u0131nd\u0131 - Kuzeyin Sesi","isPartOf":{"@id":"https:\/\/kuzeyinsesi.org\/#website"},"primaryImageOfPage":{"@id":"https:\/\/kuzeyinsesi.org\/index.php\/2024\/12\/20\/buruncuk-turkiye-ulastirma-ve-altyapi-bakan-yardimcisi-ile-gorustu-kktc-ile-turkiye-arasindaki-bilisim-is-birligi-ele-alindi\/#primaryimage"},"image":{"@id":"https:\/\/kuzeyinsesi.org\/index.php\/2024\/12\/20\/buruncuk-turkiye-ulastirma-ve-altyapi-bakan-yardimcisi-ile-gorustu-kktc-ile-turkiye-arasindaki-bilisim-is-birligi-ele-alindi\/#primaryimage"},"thumbnailUrl":"https:\/\/kuzeyinsesi.org\/wp-content\/uploads\/2024\/12\/1734686200197BTHK-ANKARA-TEMASLARI3.jpeg","datePublished":"2024-12-20T09:54:51+00:00","author":{"@id":"https:\/\/kuzeyinsesi.org\/#\/schema\/person\/9f859689cdf01485597712386e37f5aa"},"breadcrumb":{"@id":"https:\/\/kuzeyinsesi.org\/index.php\/2024\/12\/20\/buruncuk-turkiye-ulastirma-ve-altyapi-bakan-yardimcisi-ile-gorustu-kktc-ile-turkiye-arasindaki-bilisim-is-birligi-ele-alindi\/#breadcrumb"},"inLanguage":"tr","potentialAction":[{"@type":"ReadAction","target":["https:\/\/kuzeyinsesi.org\/index.php\/2024\/12\/20\/buruncuk-turkiye-ulastirma-ve-altyapi-bakan-yardimcisi-ile-gorustu-kktc-ile-turkiye-arasindaki-bilisim-is-birligi-ele-alindi\/"]}]},{"@type":"ImageObject","inLanguage":"tr","@id":"https:\/\/kuzeyinsesi.org\/index.php\/2024\/12\/20\/buruncuk-turkiye-ulastirma-ve-altyapi-bakan-yardimcisi-ile-gorustu-kktc-ile-turkiye-arasindaki-bilisim-is-birligi-ele-alindi\/#primaryimage","url":"https:\/\/kuzeyinsesi.org\/wp-content\/uploads\/2024\/12\/1734686200197BTHK-ANKARA-TEMASLARI3.jpeg","contentUrl":"https:\/\/kuzeyinsesi.org\/wp-content\/uploads\/2024\/12\/1734686200197BTHK-ANKARA-TEMASLARI3.jpeg","width":1200,"height":1600},{"@type":"BreadcrumbList","@id":"https:\/\/kuzeyinsesi.org\/index.php\/2024\/12\/20\/buruncuk-turkiye-ulastirma-ve-altyapi-bakan-yardimcisi-ile-gorustu-kktc-ile-turkiye-arasindaki-bilisim-is-birligi-ele-alindi\/#breadcrumb","itemListElement":[{"@type":"ListItem","position":1,"name":"Anasayfa","item":"https:\/\/kuzeyinsesi.org\/"},{"@type":"ListItem","position":2,"name":"B\u00fcr\u00fcnc\u00fck, T\u00fcrkiye Ula\u015ft\u0131rma ve Altyap\u0131 Bakan Yard\u0131mc\u0131s\u0131 ile g\u00f6r\u00fc\u015ft\u00fc: KKTC ile T\u00fcrkiye aras\u0131ndaki bili\u015fim i\u015f birli\u011fi ele al\u0131nd\u0131"}]},{"@type":"WebSite","@id":"https:\/\/kuzeyinsesi.org\/#website","url":"https:\/\/kuzeyinsesi.org\/","name":"Kuzeyin Sesi","description":"Do\u011fru Haberin Adresi","potentialAction":[{"@type":"SearchAction","target":{"@type":"EntryPoint","urlTemplate":"https:\/\/kuzeyinsesi.org\/?s={search_term_string}"},"query-input":{"@type":"PropertyValueSpecification","valueRequired":true,"valueName":"search_term_string"}}],"inLanguage":"tr"},{"@type":"Person","@id":"https:\/\/kuzeyinsesi.org\/#\/schema\/person\/9f859689cdf01485597712386e37f5aa","name":"Kuzeyin Sesi","image":{"@type":"ImageObject","inLanguage":"tr","@id":"https:\/\/secure.gravatar.com\/avatar\/bab33852abfd8b282518d6ed81826833d77c3c882d9ab608add591ccace47a44?s=96&d=mm&r=g","url":"https:\/\/secure.gravatar.com\/avatar\/bab33852abfd8b282518d6ed81826833d77c3c882d9ab608add591ccace47a44?s=96&d=mm&r=g","contentUrl":"https:\/\/secure.gravatar.com\/avatar\/bab33852abfd8b282518d6ed81826833d77c3c882d9ab608add591ccace47a44?s=96&d=mm&r=g","caption":"Kuzeyin Sesi"},"sameAs":["https:\/\/kuzeyinsesi.org"],"url":"https:\/\/kuzeyinsesi.org\/index.php\/author\/guven\/"}]}},"_links":{"self":[{"href":"https:\/\/kuzeyinsesi.org\/index.php\/wp-json\/wp\/v2\/posts\/15939","targetHints":{"allow":["GET"]}}],"collection":[{"href":"https:\/\/kuzeyinsesi.org\/index.php\/wp-json\/wp\/v2\/posts"}],"about":[{"href":"https:\/\/kuzeyinsesi.org\/index.php\/wp-json\/wp\/v2\/types\/post"}],"author":[{"embeddable":true,"href":"https:\/\/kuzeyinsesi.org\/index.php\/wp-json\/wp\/v2\/users\/1"}],"replies":[{"embeddable":true,"href":"https:\/\/kuzeyinsesi.org\/index.php\/wp-json\/wp\/v2\/comments?post=15939"}],"version-history":[{"count":0,"href":"https:\/\/kuzeyinsesi.org\/index.php\/wp-json\/wp\/v2\/posts\/15939\/revisions"}],"wp:featuredmedia":[{"embeddable":true,"href":"https:\/\/kuzeyinsesi.org\/index.php\/wp-json\/wp\/v2\/media\/15940"}],"wp:attachment":[{"href":"https:\/\/kuzeyinsesi.org\/index.php\/wp-json\/wp\/v2\/media?parent=15939"}],"wp:term":[{"taxonomy":"category","embeddable":true,"href":"https:\/\/kuzeyinsesi.org\/index.php\/wp-json\/wp\/v2\/categories?post=15939"},{"taxonomy":"post_tag","embeddable":true,"href":"https:\/\/kuzeyinsesi.org\/index.php\/wp-json\/wp\/v2\/tags?post=15939"}],"curies":[{"name":"wp","href":"https:\/\/api.w.org\/{rel}","templated":true}]}}