{"id":15925,"date":"2024-12-19T20:33:38","date_gmt":"2024-12-19T18:33:38","guid":{"rendered":"https:\/\/kuzeyinsesi.org\/index.php\/2024\/12\/19\/tc-cumhurbaskani-erdogan-misir-cumhurbaskani-sisi-ile-gorustu\/"},"modified":"2024-12-19T20:33:38","modified_gmt":"2024-12-19T18:33:38","slug":"tc-cumhurbaskani-erdogan-misir-cumhurbaskani-sisi-ile-gorustu","status":"publish","type":"post","link":"https:\/\/kuzeyinsesi.org\/index.php\/2024\/12\/19\/tc-cumhurbaskani-erdogan-misir-cumhurbaskani-sisi-ile-gorustu\/","title":{"rendered":"TC Cumhurba\u015fkan\u0131 Erdo\u011fan, M\u0131s\u0131r Cumhurba\u015fkan\u0131 Sisi ile g\u00f6r\u00fc\u015ft\u00fc"},"content":{"rendered":"<div>\n<div class=\"mariselle-image-container center\">\n                                            <\/div>\n<p>TC Cumhurba\u015fkan\u0131 Recep Tayyip Erdo\u011fan, M\u0131s\u0131r Cumhurba\u015fkan\u0131 Abd\u00fclfettah es-Sisi ile bir araya geldi.<\/p>\n<p>Cumhurba\u015fkanl\u0131\u011f\u0131 \u0130leti\u015fim Ba\u015fkanl\u0131\u011f\u0131ndan yap\u0131lan a\u00e7\u0131klamada, Erdo\u011fan\u2019\u0131n D-8 Zirvesi i\u00e7in gitti\u011fi Kahire\u2019de M\u0131s\u0131r Cumhurba\u015fkan\u0131 Abd\u00fclfettah es-Sisi ile bir g\u00f6r\u00fc\u015fme ger\u00e7ekle\u015ftirdi\u011fi bildirildi.<\/p>\n<p>A\u00e7\u0131klamaya g\u00f6re, g\u00f6r\u00fc\u015fmede, T\u00fcrkiye ile M\u0131s\u0131r ikili ili\u015fkileri, b\u00f6lgesel ve k\u00fcresel konular ele al\u0131nd\u0131.<\/p>\n<p>TC Cumhurba\u015fkan\u0131 Erdo\u011fan, g\u00f6r\u00fc\u015fmede, T\u00fcrkiye\u2019nin, tarihi ve k\u00fclt\u00fcrel ba\u011flar\u0131 bulunan M\u0131s\u0131r ile savunma sanayi, enerji, ula\u015ft\u0131rma ve kalk\u0131nma ba\u015fta olmak \u00fczere bir\u00e7ok alanda i\u015fbirli\u011fini geli\u015ftirmeye, 15 milyar dolar kar\u015f\u0131l\u0131kl\u0131 ticaret hacmi hedefine ula\u015fmak i\u00e7in gayret g\u00f6stermeye devam edece\u011fini belirtti.<\/p>\n<p>Suriye halk\u0131n\u0131n 13 y\u0131ld\u0131r b\u00fcy\u00fck bedeller \u00f6dedi\u011fini ifade eden Erdo\u011fan, Suriyelilerin kendi geleceklerine karar verece\u011fini, Suriye\u2019nin siyasi birli\u011fi ve toprak b\u00fct\u00fcnl\u00fc\u011f\u00fcn\u00fcn \u00f6nemli oldu\u011funu, Suriye\u2019nin yeniden imar\u0131 ve i\u00e7 uzla\u015f\u0131s\u0131n\u0131n sa\u011flanmas\u0131 i\u00e7in T\u00fcrkiye\u2019nin deste\u011finin s\u00fcrece\u011fini vurgulad\u0131.<\/p>\n<p>Cumhurba\u015fkan\u0131 Erdo\u011fan, g\u00f6r\u00fc\u015fmede, Gazze\u2019de kal\u0131c\u0131 ve s\u00fcrd\u00fcr\u00fclebilir ate\u015fkesin bir an \u00f6nce sa\u011flanmas\u0131n\u0131n gerekti\u011fini, insani yard\u0131mlar\u0131n b\u00f6lgeye kesintisiz ula\u015ft\u0131r\u0131lmas\u0131 i\u00e7in T\u00fcrkiye ile M\u0131s\u0131r aras\u0131ndaki dayan\u0131\u015fman\u0131n artarak devam\u0131n\u0131n fayda sa\u011flayaca\u011f\u0131n\u0131 kaydetti.<\/p>\n<\/p><\/div>\n<p><script async\n                    defer\n                    crossorigin=\"anonymous\"\n                    src=\"https:\/\/connect.facebook.net\/tr_TR\/sdk.js#xfbml=1&#038;version=v3.3\"\n            ><\/script><\/p>\n","protected":false},"excerpt":{"rendered":"<p>TC Cumhurba\u015fkan\u0131 Recep Tayyip Erdo\u011fan, M\u0131s\u0131r Cumhurba\u015fkan\u0131 Abd\u00fclfettah es-Sisi ile bir araya geldi. Cumhurba\u015fkanl\u0131\u011f\u0131 \u0130leti\u015fim Ba\u015fkanl\u0131\u011f\u0131ndan yap\u0131lan a\u00e7\u0131klamada, Erdo\u011fan\u2019\u0131n D-8 Zirvesi i\u00e7in gitti\u011fi Kahire\u2019de M\u0131s\u0131r Cumhurba\u015fkan\u0131 Abd\u00fclfettah es-Sisi ile bir g\u00f6r\u00fc\u015fme ger\u00e7ekle\u015ftirdi\u011fi bildirildi. A\u00e7\u0131klamaya g\u00f6re, g\u00f6r\u00fc\u015fmede, T\u00fcrkiye ile M\u0131s\u0131r ikili ili\u015fkileri, b\u00f6lgesel ve k\u00fcresel konular ele al\u0131nd\u0131. TC Cumhurba\u015fkan\u0131 Erdo\u011fan, g\u00f6r\u00fc\u015fmede, T\u00fcrkiye\u2019nin, tarihi ve k\u00fclt\u00fcrel [&hellip;]<\/p>\n","protected":false},"author":1,"featured_media":15926,"comment_status":"open","ping_status":"open","sticky":false,"template":"","format":"standard","meta":{"jnews-multi-image_gallery":[],"jnews_single_post":[],"jnews_primary_category":[],"jnews_social_meta":[],"jnews_override_counter":[],"footnotes":""},"categories":[5],"tags":[],"class_list":["post-15925","post","type-post","status-publish","format-standard","has-post-thumbnail","hentry","category-turkiye"],"yoast_head":"<!-- This site is optimized with the Yoast SEO plugin v27.4 - https:\/\/yoast.com\/product\/yoast-seo-wordpress\/ -->\n<title>TC Cumhurba\u015fkan\u0131 Erdo\u011fan, M\u0131s\u0131r Cumhurba\u015fkan\u0131 Sisi ile g\u00f6r\u00fc\u015ft\u00fc - Kuzeyin Sesi<\/title>\n<meta name=\"robots\" content=\"index, follow, max-snippet:-1, max-image-preview:large, max-video-preview:-1\" \/>\n<link rel=\"canonical\" href=\"https:\/\/kuzeyinsesi.org\/index.php\/2024\/12\/19\/tc-cumhurbaskani-erdogan-misir-cumhurbaskani-sisi-ile-gorustu\/\" \/>\n<meta property=\"og:locale\" content=\"tr_TR\" \/>\n<meta property=\"og:type\" content=\"article\" \/>\n<meta property=\"og:title\" content=\"TC Cumhurba\u015fkan\u0131 Erdo\u011fan, M\u0131s\u0131r Cumhurba\u015fkan\u0131 Sisi ile g\u00f6r\u00fc\u015ft\u00fc - Kuzeyin Sesi\" \/>\n<meta property=\"og:description\" content=\"TC Cumhurba\u015fkan\u0131 Recep Tayyip Erdo\u011fan, M\u0131s\u0131r Cumhurba\u015fkan\u0131 Abd\u00fclfettah es-Sisi ile bir araya geldi. Cumhurba\u015fkanl\u0131\u011f\u0131 \u0130leti\u015fim Ba\u015fkanl\u0131\u011f\u0131ndan yap\u0131lan a\u00e7\u0131klamada, Erdo\u011fan\u2019\u0131n D-8 Zirvesi i\u00e7in gitti\u011fi Kahire\u2019de M\u0131s\u0131r Cumhurba\u015fkan\u0131 Abd\u00fclfettah es-Sisi ile bir g\u00f6r\u00fc\u015fme ger\u00e7ekle\u015ftirdi\u011fi bildirildi. A\u00e7\u0131klamaya g\u00f6re, g\u00f6r\u00fc\u015fmede, T\u00fcrkiye ile M\u0131s\u0131r ikili ili\u015fkileri, b\u00f6lgesel ve k\u00fcresel konular ele al\u0131nd\u0131. TC Cumhurba\u015fkan\u0131 Erdo\u011fan, g\u00f6r\u00fc\u015fmede, T\u00fcrkiye\u2019nin, tarihi ve k\u00fclt\u00fcrel [&hellip;]\" \/>\n<meta property=\"og:url\" content=\"https:\/\/kuzeyinsesi.org\/index.php\/2024\/12\/19\/tc-cumhurbaskani-erdogan-misir-cumhurbaskani-sisi-ile-gorustu\/\" \/>\n<meta property=\"og:site_name\" content=\"Kuzeyin Sesi\" \/>\n<meta property=\"article:publisher\" content=\"https:\/\/www.facebook.com\/kuzeyinsesii\" \/>\n<meta property=\"article:published_time\" content=\"2024-12-19T18:33:38+00:00\" \/>\n<meta property=\"og:image\" content=\"https:\/\/brtk.net\/wp-content\/uploads\/2024\/12\/19\/kll.jpg?ver=cf52257b87e8eca69c9786825522f831\" \/>\n<meta name=\"author\" content=\"Kuzeyin Sesi\" \/>\n<meta name=\"twitter:card\" content=\"summary_large_image\" \/>\n<meta name=\"twitter:creator\" content=\"@kuzeyinsesii\" \/>\n<meta name=\"twitter:site\" content=\"@kuzeyinsesii\" \/>\n<meta name=\"twitter:label1\" content=\"Yazan:\" \/>\n\t<meta name=\"twitter:data1\" content=\"Kuzeyin Sesi\" \/>\n\t<meta name=\"twitter:label2\" content=\"Tahmini okuma s\u00fcresi\" \/>\n\t<meta name=\"twitter:data2\" content=\"1 dakika\" \/>\n<script type=\"application\/ld+json\" class=\"yoast-schema-graph\">{\"@context\":\"https:\\\/\\\/schema.org\",\"@graph\":[{\"@type\":\"Article\",\"@id\":\"https:\\\/\\\/kuzeyinsesi.org\\\/index.php\\\/2024\\\/12\\\/19\\\/tc-cumhurbaskani-erdogan-misir-cumhurbaskani-sisi-ile-gorustu\\\/#article\",\"isPartOf\":{\"@id\":\"https:\\\/\\\/kuzeyinsesi.org\\\/index.php\\\/2024\\\/12\\\/19\\\/tc-cumhurbaskani-erdogan-misir-cumhurbaskani-sisi-ile-gorustu\\\/\"},\"author\":{\"name\":\"Kuzeyin Sesi\",\"@id\":\"https:\\\/\\\/kuzeyinsesi.org\\\/#\\\/schema\\\/person\\\/9f859689cdf01485597712386e37f5aa\"},\"headline\":\"TC Cumhurba\u015fkan\u0131 Erdo\u011fan, M\u0131s\u0131r Cumhurba\u015fkan\u0131 Sisi ile g\u00f6r\u00fc\u015ft\u00fc\",\"datePublished\":\"2024-12-19T18:33:38+00:00\",\"mainEntityOfPage\":{\"@id\":\"https:\\\/\\\/kuzeyinsesi.org\\\/index.php\\\/2024\\\/12\\\/19\\\/tc-cumhurbaskani-erdogan-misir-cumhurbaskani-sisi-ile-gorustu\\\/\"},\"wordCount\":283,\"commentCount\":0,\"image\":{\"@id\":\"https:\\\/\\\/kuzeyinsesi.org\\\/index.php\\\/2024\\\/12\\\/19\\\/tc-cumhurbaskani-erdogan-misir-cumhurbaskani-sisi-ile-gorustu\\\/#primaryimage\"},\"thumbnailUrl\":\"https:\\\/\\\/kuzeyinsesi.org\\\/wp-content\\\/uploads\\\/2024\\\/12\\\/kll.jpg\",\"articleSection\":[\"T\u00fcrkiye\"],\"inLanguage\":\"tr\",\"potentialAction\":[{\"@type\":\"CommentAction\",\"name\":\"Comment\",\"target\":[\"https:\\\/\\\/kuzeyinsesi.org\\\/index.php\\\/2024\\\/12\\\/19\\\/tc-cumhurbaskani-erdogan-misir-cumhurbaskani-sisi-ile-gorustu\\\/#respond\"]}]},{\"@type\":\"WebPage\",\"@id\":\"https:\\\/\\\/kuzeyinsesi.org\\\/index.php\\\/2024\\\/12\\\/19\\\/tc-cumhurbaskani-erdogan-misir-cumhurbaskani-sisi-ile-gorustu\\\/\",\"url\":\"https:\\\/\\\/kuzeyinsesi.org\\\/index.php\\\/2024\\\/12\\\/19\\\/tc-cumhurbaskani-erdogan-misir-cumhurbaskani-sisi-ile-gorustu\\\/\",\"name\":\"TC Cumhurba\u015fkan\u0131 Erdo\u011fan, M\u0131s\u0131r Cumhurba\u015fkan\u0131 Sisi ile g\u00f6r\u00fc\u015ft\u00fc - Kuzeyin Sesi\",\"isPartOf\":{\"@id\":\"https:\\\/\\\/kuzeyinsesi.org\\\/#website\"},\"primaryImageOfPage\":{\"@id\":\"https:\\\/\\\/kuzeyinsesi.org\\\/index.php\\\/2024\\\/12\\\/19\\\/tc-cumhurbaskani-erdogan-misir-cumhurbaskani-sisi-ile-gorustu\\\/#primaryimage\"},\"image\":{\"@id\":\"https:\\\/\\\/kuzeyinsesi.org\\\/index.php\\\/2024\\\/12\\\/19\\\/tc-cumhurbaskani-erdogan-misir-cumhurbaskani-sisi-ile-gorustu\\\/#primaryimage\"},\"thumbnailUrl\":\"https:\\\/\\\/kuzeyinsesi.org\\\/wp-content\\\/uploads\\\/2024\\\/12\\\/kll.jpg\",\"datePublished\":\"2024-12-19T18:33:38+00:00\",\"author\":{\"@id\":\"https:\\\/\\\/kuzeyinsesi.org\\\/#\\\/schema\\\/person\\\/9f859689cdf01485597712386e37f5aa\"},\"breadcrumb\":{\"@id\":\"https:\\\/\\\/kuzeyinsesi.org\\\/index.php\\\/2024\\\/12\\\/19\\\/tc-cumhurbaskani-erdogan-misir-cumhurbaskani-sisi-ile-gorustu\\\/#breadcrumb\"},\"inLanguage\":\"tr\",\"potentialAction\":[{\"@type\":\"ReadAction\",\"target\":[\"https:\\\/\\\/kuzeyinsesi.org\\\/index.php\\\/2024\\\/12\\\/19\\\/tc-cumhurbaskani-erdogan-misir-cumhurbaskani-sisi-ile-gorustu\\\/\"]}]},{\"@type\":\"ImageObject\",\"inLanguage\":\"tr\",\"@id\":\"https:\\\/\\\/kuzeyinsesi.org\\\/index.php\\\/2024\\\/12\\\/19\\\/tc-cumhurbaskani-erdogan-misir-cumhurbaskani-sisi-ile-gorustu\\\/#primaryimage\",\"url\":\"https:\\\/\\\/kuzeyinsesi.org\\\/wp-content\\\/uploads\\\/2024\\\/12\\\/kll.jpg\",\"contentUrl\":\"https:\\\/\\\/kuzeyinsesi.org\\\/wp-content\\\/uploads\\\/2024\\\/12\\\/kll.jpg\",\"width\":750,\"height\":554},{\"@type\":\"BreadcrumbList\",\"@id\":\"https:\\\/\\\/kuzeyinsesi.org\\\/index.php\\\/2024\\\/12\\\/19\\\/tc-cumhurbaskani-erdogan-misir-cumhurbaskani-sisi-ile-gorustu\\\/#breadcrumb\",\"itemListElement\":[{\"@type\":\"ListItem\",\"position\":1,\"name\":\"Anasayfa\",\"item\":\"https:\\\/\\\/kuzeyinsesi.org\\\/\"},{\"@type\":\"ListItem\",\"position\":2,\"name\":\"TC Cumhurba\u015fkan\u0131 Erdo\u011fan, M\u0131s\u0131r Cumhurba\u015fkan\u0131 Sisi ile g\u00f6r\u00fc\u015ft\u00fc\"}]},{\"@type\":\"WebSite\",\"@id\":\"https:\\\/\\\/kuzeyinsesi.org\\\/#website\",\"url\":\"https:\\\/\\\/kuzeyinsesi.org\\\/\",\"name\":\"Kuzeyin Sesi\",\"description\":\"Do\u011fru Haberin Adresi\",\"potentialAction\":[{\"@type\":\"SearchAction\",\"target\":{\"@type\":\"EntryPoint\",\"urlTemplate\":\"https:\\\/\\\/kuzeyinsesi.org\\\/?s={search_term_string}\"},\"query-input\":{\"@type\":\"PropertyValueSpecification\",\"valueRequired\":true,\"valueName\":\"search_term_string\"}}],\"inLanguage\":\"tr\"},{\"@type\":\"Person\",\"@id\":\"https:\\\/\\\/kuzeyinsesi.org\\\/#\\\/schema\\\/person\\\/9f859689cdf01485597712386e37f5aa\",\"name\":\"Kuzeyin Sesi\",\"image\":{\"@type\":\"ImageObject\",\"inLanguage\":\"tr\",\"@id\":\"https:\\\/\\\/secure.gravatar.com\\\/avatar\\\/bab33852abfd8b282518d6ed81826833d77c3c882d9ab608add591ccace47a44?s=96&d=mm&r=g\",\"url\":\"https:\\\/\\\/secure.gravatar.com\\\/avatar\\\/bab33852abfd8b282518d6ed81826833d77c3c882d9ab608add591ccace47a44?s=96&d=mm&r=g\",\"contentUrl\":\"https:\\\/\\\/secure.gravatar.com\\\/avatar\\\/bab33852abfd8b282518d6ed81826833d77c3c882d9ab608add591ccace47a44?s=96&d=mm&r=g\",\"caption\":\"Kuzeyin Sesi\"},\"sameAs\":[\"https:\\\/\\\/kuzeyinsesi.org\"],\"url\":\"https:\\\/\\\/kuzeyinsesi.org\\\/index.php\\\/author\\\/guven\\\/\"}]}<\/script>\n<!-- \/ Yoast SEO plugin. -->","yoast_head_json":{"title":"TC Cumhurba\u015fkan\u0131 Erdo\u011fan, M\u0131s\u0131r Cumhurba\u015fkan\u0131 Sisi ile g\u00f6r\u00fc\u015ft\u00fc - Kuzeyin Sesi","robots":{"index":"index","follow":"follow","max-snippet":"max-snippet:-1","max-image-preview":"max-image-preview:large","max-video-preview":"max-video-preview:-1"},"canonical":"https:\/\/kuzeyinsesi.org\/index.php\/2024\/12\/19\/tc-cumhurbaskani-erdogan-misir-cumhurbaskani-sisi-ile-gorustu\/","og_locale":"tr_TR","og_type":"article","og_title":"TC Cumhurba\u015fkan\u0131 Erdo\u011fan, M\u0131s\u0131r Cumhurba\u015fkan\u0131 Sisi ile g\u00f6r\u00fc\u015ft\u00fc - Kuzeyin Sesi","og_description":"TC Cumhurba\u015fkan\u0131 Recep Tayyip Erdo\u011fan, M\u0131s\u0131r Cumhurba\u015fkan\u0131 Abd\u00fclfettah es-Sisi ile bir araya geldi. Cumhurba\u015fkanl\u0131\u011f\u0131 \u0130leti\u015fim Ba\u015fkanl\u0131\u011f\u0131ndan yap\u0131lan a\u00e7\u0131klamada, Erdo\u011fan\u2019\u0131n D-8 Zirvesi i\u00e7in gitti\u011fi Kahire\u2019de M\u0131s\u0131r Cumhurba\u015fkan\u0131 Abd\u00fclfettah es-Sisi ile bir g\u00f6r\u00fc\u015fme ger\u00e7ekle\u015ftirdi\u011fi bildirildi. A\u00e7\u0131klamaya g\u00f6re, g\u00f6r\u00fc\u015fmede, T\u00fcrkiye ile M\u0131s\u0131r ikili ili\u015fkileri, b\u00f6lgesel ve k\u00fcresel konular ele al\u0131nd\u0131. TC Cumhurba\u015fkan\u0131 Erdo\u011fan, g\u00f6r\u00fc\u015fmede, T\u00fcrkiye\u2019nin, tarihi ve k\u00fclt\u00fcrel [&hellip;]","og_url":"https:\/\/kuzeyinsesi.org\/index.php\/2024\/12\/19\/tc-cumhurbaskani-erdogan-misir-cumhurbaskani-sisi-ile-gorustu\/","og_site_name":"Kuzeyin Sesi","article_publisher":"https:\/\/www.facebook.com\/kuzeyinsesii","article_published_time":"2024-12-19T18:33:38+00:00","og_image":[{"url":"https:\/\/brtk.net\/wp-content\/uploads\/2024\/12\/19\/kll.jpg?ver=cf52257b87e8eca69c9786825522f831","type":"","width":"","height":""}],"author":"Kuzeyin Sesi","twitter_card":"summary_large_image","twitter_creator":"@kuzeyinsesii","twitter_site":"@kuzeyinsesii","twitter_misc":{"Yazan:":"Kuzeyin Sesi","Tahmini okuma s\u00fcresi":"1 dakika"},"schema":{"@context":"https:\/\/schema.org","@graph":[{"@type":"Article","@id":"https:\/\/kuzeyinsesi.org\/index.php\/2024\/12\/19\/tc-cumhurbaskani-erdogan-misir-cumhurbaskani-sisi-ile-gorustu\/#article","isPartOf":{"@id":"https:\/\/kuzeyinsesi.org\/index.php\/2024\/12\/19\/tc-cumhurbaskani-erdogan-misir-cumhurbaskani-sisi-ile-gorustu\/"},"author":{"name":"Kuzeyin Sesi","@id":"https:\/\/kuzeyinsesi.org\/#\/schema\/person\/9f859689cdf01485597712386e37f5aa"},"headline":"TC Cumhurba\u015fkan\u0131 Erdo\u011fan, M\u0131s\u0131r Cumhurba\u015fkan\u0131 Sisi ile g\u00f6r\u00fc\u015ft\u00fc","datePublished":"2024-12-19T18:33:38+00:00","mainEntityOfPage":{"@id":"https:\/\/kuzeyinsesi.org\/index.php\/2024\/12\/19\/tc-cumhurbaskani-erdogan-misir-cumhurbaskani-sisi-ile-gorustu\/"},"wordCount":283,"commentCount":0,"image":{"@id":"https:\/\/kuzeyinsesi.org\/index.php\/2024\/12\/19\/tc-cumhurbaskani-erdogan-misir-cumhurbaskani-sisi-ile-gorustu\/#primaryimage"},"thumbnailUrl":"https:\/\/kuzeyinsesi.org\/wp-content\/uploads\/2024\/12\/kll.jpg","articleSection":["T\u00fcrkiye"],"inLanguage":"tr","potentialAction":[{"@type":"CommentAction","name":"Comment","target":["https:\/\/kuzeyinsesi.org\/index.php\/2024\/12\/19\/tc-cumhurbaskani-erdogan-misir-cumhurbaskani-sisi-ile-gorustu\/#respond"]}]},{"@type":"WebPage","@id":"https:\/\/kuzeyinsesi.org\/index.php\/2024\/12\/19\/tc-cumhurbaskani-erdogan-misir-cumhurbaskani-sisi-ile-gorustu\/","url":"https:\/\/kuzeyinsesi.org\/index.php\/2024\/12\/19\/tc-cumhurbaskani-erdogan-misir-cumhurbaskani-sisi-ile-gorustu\/","name":"TC Cumhurba\u015fkan\u0131 Erdo\u011fan, M\u0131s\u0131r Cumhurba\u015fkan\u0131 Sisi ile g\u00f6r\u00fc\u015ft\u00fc - Kuzeyin Sesi","isPartOf":{"@id":"https:\/\/kuzeyinsesi.org\/#website"},"primaryImageOfPage":{"@id":"https:\/\/kuzeyinsesi.org\/index.php\/2024\/12\/19\/tc-cumhurbaskani-erdogan-misir-cumhurbaskani-sisi-ile-gorustu\/#primaryimage"},"image":{"@id":"https:\/\/kuzeyinsesi.org\/index.php\/2024\/12\/19\/tc-cumhurbaskani-erdogan-misir-cumhurbaskani-sisi-ile-gorustu\/#primaryimage"},"thumbnailUrl":"https:\/\/kuzeyinsesi.org\/wp-content\/uploads\/2024\/12\/kll.jpg","datePublished":"2024-12-19T18:33:38+00:00","author":{"@id":"https:\/\/kuzeyinsesi.org\/#\/schema\/person\/9f859689cdf01485597712386e37f5aa"},"breadcrumb":{"@id":"https:\/\/kuzeyinsesi.org\/index.php\/2024\/12\/19\/tc-cumhurbaskani-erdogan-misir-cumhurbaskani-sisi-ile-gorustu\/#breadcrumb"},"inLanguage":"tr","potentialAction":[{"@type":"ReadAction","target":["https:\/\/kuzeyinsesi.org\/index.php\/2024\/12\/19\/tc-cumhurbaskani-erdogan-misir-cumhurbaskani-sisi-ile-gorustu\/"]}]},{"@type":"ImageObject","inLanguage":"tr","@id":"https:\/\/kuzeyinsesi.org\/index.php\/2024\/12\/19\/tc-cumhurbaskani-erdogan-misir-cumhurbaskani-sisi-ile-gorustu\/#primaryimage","url":"https:\/\/kuzeyinsesi.org\/wp-content\/uploads\/2024\/12\/kll.jpg","contentUrl":"https:\/\/kuzeyinsesi.org\/wp-content\/uploads\/2024\/12\/kll.jpg","width":750,"height":554},{"@type":"BreadcrumbList","@id":"https:\/\/kuzeyinsesi.org\/index.php\/2024\/12\/19\/tc-cumhurbaskani-erdogan-misir-cumhurbaskani-sisi-ile-gorustu\/#breadcrumb","itemListElement":[{"@type":"ListItem","position":1,"name":"Anasayfa","item":"https:\/\/kuzeyinsesi.org\/"},{"@type":"ListItem","position":2,"name":"TC Cumhurba\u015fkan\u0131 Erdo\u011fan, M\u0131s\u0131r Cumhurba\u015fkan\u0131 Sisi ile g\u00f6r\u00fc\u015ft\u00fc"}]},{"@type":"WebSite","@id":"https:\/\/kuzeyinsesi.org\/#website","url":"https:\/\/kuzeyinsesi.org\/","name":"Kuzeyin Sesi","description":"Do\u011fru Haberin Adresi","potentialAction":[{"@type":"SearchAction","target":{"@type":"EntryPoint","urlTemplate":"https:\/\/kuzeyinsesi.org\/?s={search_term_string}"},"query-input":{"@type":"PropertyValueSpecification","valueRequired":true,"valueName":"search_term_string"}}],"inLanguage":"tr"},{"@type":"Person","@id":"https:\/\/kuzeyinsesi.org\/#\/schema\/person\/9f859689cdf01485597712386e37f5aa","name":"Kuzeyin Sesi","image":{"@type":"ImageObject","inLanguage":"tr","@id":"https:\/\/secure.gravatar.com\/avatar\/bab33852abfd8b282518d6ed81826833d77c3c882d9ab608add591ccace47a44?s=96&d=mm&r=g","url":"https:\/\/secure.gravatar.com\/avatar\/bab33852abfd8b282518d6ed81826833d77c3c882d9ab608add591ccace47a44?s=96&d=mm&r=g","contentUrl":"https:\/\/secure.gravatar.com\/avatar\/bab33852abfd8b282518d6ed81826833d77c3c882d9ab608add591ccace47a44?s=96&d=mm&r=g","caption":"Kuzeyin Sesi"},"sameAs":["https:\/\/kuzeyinsesi.org"],"url":"https:\/\/kuzeyinsesi.org\/index.php\/author\/guven\/"}]}},"_links":{"self":[{"href":"https:\/\/kuzeyinsesi.org\/index.php\/wp-json\/wp\/v2\/posts\/15925","targetHints":{"allow":["GET"]}}],"collection":[{"href":"https:\/\/kuzeyinsesi.org\/index.php\/wp-json\/wp\/v2\/posts"}],"about":[{"href":"https:\/\/kuzeyinsesi.org\/index.php\/wp-json\/wp\/v2\/types\/post"}],"author":[{"embeddable":true,"href":"https:\/\/kuzeyinsesi.org\/index.php\/wp-json\/wp\/v2\/users\/1"}],"replies":[{"embeddable":true,"href":"https:\/\/kuzeyinsesi.org\/index.php\/wp-json\/wp\/v2\/comments?post=15925"}],"version-history":[{"count":0,"href":"https:\/\/kuzeyinsesi.org\/index.php\/wp-json\/wp\/v2\/posts\/15925\/revisions"}],"wp:featuredmedia":[{"embeddable":true,"href":"https:\/\/kuzeyinsesi.org\/index.php\/wp-json\/wp\/v2\/media\/15926"}],"wp:attachment":[{"href":"https:\/\/kuzeyinsesi.org\/index.php\/wp-json\/wp\/v2\/media?parent=15925"}],"wp:term":[{"taxonomy":"category","embeddable":true,"href":"https:\/\/kuzeyinsesi.org\/index.php\/wp-json\/wp\/v2\/categories?post=15925"},{"taxonomy":"post_tag","embeddable":true,"href":"https:\/\/kuzeyinsesi.org\/index.php\/wp-json\/wp\/v2\/tags?post=15925"}],"curies":[{"name":"wp","href":"https:\/\/api.w.org\/{rel}","templated":true}]}}