{"id":15915,"date":"2024-12-19T18:16:43","date_gmt":"2024-12-19T16:16:43","guid":{"rendered":"https:\/\/kuzeyinsesi.org\/index.php\/2024\/12\/19\/nevsehir-rehberler-odasi-baskani-onur-isias-davasinda-saniklarin-en-agir-cezayi-almasini-istedi\/"},"modified":"2024-12-19T18:16:43","modified_gmt":"2024-12-19T16:16:43","slug":"nevsehir-rehberler-odasi-baskani-onur-isias-davasinda-saniklarin-en-agir-cezayi-almasini-istedi","status":"publish","type":"post","link":"https:\/\/kuzeyinsesi.org\/index.php\/2024\/12\/19\/nevsehir-rehberler-odasi-baskani-onur-isias-davasinda-saniklarin-en-agir-cezayi-almasini-istedi\/","title":{"rendered":"Nev\u015fehir Rehberler Odas\u0131 Ba\u015fkan\u0131 Onur, \u0130sias davas\u0131nda san\u0131klar\u0131n en a\u011f\u0131r cezay\u0131 almas\u0131n\u0131 istedi"},"content":{"rendered":"<div>\n<div class=\"mariselle-image-container center\">\n                                            <\/div>\n<p>Nev\u015fehir Rehberler Odas\u0131 \u00fcyesi baz\u0131 rehberler, ellerinde depremde hayat\u0131n\u0131 kaybeden rehberlerin oldu\u011fu foto\u011fraflarla, Kapadokya\u2019n\u0131n en \u00e7ok ziyaret edilen turizm merkezlerinden Pa\u015faba\u011f\u0131 \u00d6ren Yeri\u2019nde bir araya geldi.<\/p>\n<p>Nev\u015fehir Rehberler Odas\u0131 (NERO) Ba\u015fkan\u0131 \u00d6zay Onur,, burada yapt\u0131\u011f\u0131 a\u00e7\u0131klamada, Kuzey K\u0131br\u0131s T\u00fcrk Cumhuriyeti\u2019nden\u00a0sporcu ve \u00f6\u011fretmenlerin yan\u0131 s\u0131ra tur rehberinin de aralar\u0131nda bulundu\u011fu 72 ki\u015finin hayat\u0131n\u0131 kaybetti\u011fi otele ili\u015fkin davan\u0131n takip\u00e7isi olduklar\u0131n\u0131 belirtti.<\/p>\n<p>  \tAd\u0131yaman 3. A\u011f\u0131r Ceza Mahkemesince 3\u2019\u00fc tutuklu 11 san\u0131\u011f\u0131n yarg\u0131lanmas\u0131na devam edilen duru\u015fmalara kat\u0131lmak i\u00e7in s\u0131k s\u0131k Ad\u0131yaman\u2019a gittiklerini anlatan Onur,  \u201cbu davan\u0131n sadece bizim de\u011fil, t\u00fcm toplumun vicdan\u0131nda bir kar\u015f\u0131l\u0131k bulmas\u0131 gerekti\u011fini hat\u0131rlat\u0131yoruz. Bu ac\u0131y\u0131, kayb\u0131, ihmalleri unutturmayaca\u011f\u0131z. Adalet aray\u0131\u015f\u0131m\u0131z bitmeyecek. T\u00fcm sorumlular, su\u00e7lar\u0131n\u0131n kar\u015f\u0131l\u0131\u011f\u0131n\u0131 alana kadar m\u00fccadelemiz devam edecektir\u201d dedi.<\/p>\n<p> \tBilirki\u015fi raporlar\u0131n\u0131n otelin yap\u0131m\u0131nda ve i\u015fletmesindeki bir\u00e7ok kusuru ortaya koydu\u011funu kaydeden Onur, sorumlular\u0131n en a\u011f\u0131r cezay\u0131 almas\u0131n\u0131 istedi.<\/p>\n<\/p><\/div>\n<p><script async\n                    defer\n                    crossorigin=\"anonymous\"\n                    src=\"https:\/\/connect.facebook.net\/tr_TR\/sdk.js#xfbml=1&#038;version=v3.3\"\n            ><\/script><\/p>\n","protected":false},"excerpt":{"rendered":"<p>Nev\u015fehir Rehberler Odas\u0131 \u00fcyesi baz\u0131 rehberler, ellerinde depremde hayat\u0131n\u0131 kaybeden rehberlerin oldu\u011fu foto\u011fraflarla, Kapadokya\u2019n\u0131n en \u00e7ok ziyaret edilen turizm merkezlerinden Pa\u015faba\u011f\u0131 \u00d6ren Yeri\u2019nde bir araya geldi. Nev\u015fehir Rehberler Odas\u0131 (NERO) Ba\u015fkan\u0131 \u00d6zay Onur,, burada yapt\u0131\u011f\u0131 a\u00e7\u0131klamada, Kuzey K\u0131br\u0131s T\u00fcrk Cumhuriyeti\u2019nden\u00a0sporcu ve \u00f6\u011fretmenlerin yan\u0131 s\u0131ra tur rehberinin de aralar\u0131nda bulundu\u011fu 72 ki\u015finin hayat\u0131n\u0131 kaybetti\u011fi otele ili\u015fkin [&hellip;]<\/p>\n","protected":false},"author":1,"featured_media":15916,"comment_status":"open","ping_status":"open","sticky":false,"template":"","format":"standard","meta":{"jnews-multi-image_gallery":[],"jnews_single_post":[],"jnews_primary_category":[],"jnews_social_meta":[],"jnews_override_counter":[],"footnotes":""},"categories":[5],"tags":[],"class_list":["post-15915","post","type-post","status-publish","format-standard","has-post-thumbnail","hentry","category-turkiye"],"yoast_head":"<!-- This site is optimized with the Yoast SEO plugin v27.4 - https:\/\/yoast.com\/product\/yoast-seo-wordpress\/ -->\n<title>Nev\u015fehir Rehberler Odas\u0131 Ba\u015fkan\u0131 Onur, \u0130sias davas\u0131nda san\u0131klar\u0131n en a\u011f\u0131r cezay\u0131 almas\u0131n\u0131 istedi - Kuzeyin Sesi<\/title>\n<meta name=\"robots\" content=\"index, follow, max-snippet:-1, max-image-preview:large, max-video-preview:-1\" \/>\n<link rel=\"canonical\" href=\"https:\/\/kuzeyinsesi.org\/index.php\/2024\/12\/19\/nevsehir-rehberler-odasi-baskani-onur-isias-davasinda-saniklarin-en-agir-cezayi-almasini-istedi\/\" \/>\n<meta property=\"og:locale\" content=\"tr_TR\" \/>\n<meta property=\"og:type\" content=\"article\" \/>\n<meta property=\"og:title\" content=\"Nev\u015fehir Rehberler Odas\u0131 Ba\u015fkan\u0131 Onur, \u0130sias davas\u0131nda san\u0131klar\u0131n en a\u011f\u0131r cezay\u0131 almas\u0131n\u0131 istedi - Kuzeyin Sesi\" \/>\n<meta property=\"og:description\" content=\"Nev\u015fehir Rehberler Odas\u0131 \u00fcyesi baz\u0131 rehberler, ellerinde depremde hayat\u0131n\u0131 kaybeden rehberlerin oldu\u011fu foto\u011fraflarla, Kapadokya\u2019n\u0131n en \u00e7ok ziyaret edilen turizm merkezlerinden Pa\u015faba\u011f\u0131 \u00d6ren Yeri\u2019nde bir araya geldi. Nev\u015fehir Rehberler Odas\u0131 (NERO) Ba\u015fkan\u0131 \u00d6zay Onur,, burada yapt\u0131\u011f\u0131 a\u00e7\u0131klamada, Kuzey K\u0131br\u0131s T\u00fcrk Cumhuriyeti\u2019nden\u00a0sporcu ve \u00f6\u011fretmenlerin yan\u0131 s\u0131ra tur rehberinin de aralar\u0131nda bulundu\u011fu 72 ki\u015finin hayat\u0131n\u0131 kaybetti\u011fi otele ili\u015fkin [&hellip;]\" \/>\n<meta property=\"og:url\" content=\"https:\/\/kuzeyinsesi.org\/index.php\/2024\/12\/19\/nevsehir-rehberler-odasi-baskani-onur-isias-davasinda-saniklarin-en-agir-cezayi-almasini-istedi\/\" \/>\n<meta property=\"og:site_name\" content=\"Kuzeyin Sesi\" \/>\n<meta property=\"article:publisher\" content=\"https:\/\/www.facebook.com\/kuzeyinsesii\" \/>\n<meta property=\"article:published_time\" content=\"2024-12-19T16:16:43+00:00\" \/>\n<meta property=\"og:image\" content=\"https:\/\/brtk.net\/wp-content\/uploads\/2024\/12\/19\/36529310_640x360.jpg?ver=313cb442d869d0484b184a2981ddd409\" \/>\n<meta name=\"author\" content=\"Kuzeyin Sesi\" \/>\n<meta name=\"twitter:card\" content=\"summary_large_image\" \/>\n<meta name=\"twitter:creator\" content=\"@kuzeyinsesii\" \/>\n<meta name=\"twitter:site\" content=\"@kuzeyinsesii\" \/>\n<meta name=\"twitter:label1\" content=\"Yazan:\" \/>\n\t<meta name=\"twitter:data1\" content=\"Kuzeyin Sesi\" \/>\n\t<meta name=\"twitter:label2\" content=\"Tahmini okuma s\u00fcresi\" \/>\n\t<meta name=\"twitter:data2\" content=\"1 dakika\" \/>\n<script type=\"application\/ld+json\" class=\"yoast-schema-graph\">{\"@context\":\"https:\\\/\\\/schema.org\",\"@graph\":[{\"@type\":\"Article\",\"@id\":\"https:\\\/\\\/kuzeyinsesi.org\\\/index.php\\\/2024\\\/12\\\/19\\\/nevsehir-rehberler-odasi-baskani-onur-isias-davasinda-saniklarin-en-agir-cezayi-almasini-istedi\\\/#article\",\"isPartOf\":{\"@id\":\"https:\\\/\\\/kuzeyinsesi.org\\\/index.php\\\/2024\\\/12\\\/19\\\/nevsehir-rehberler-odasi-baskani-onur-isias-davasinda-saniklarin-en-agir-cezayi-almasini-istedi\\\/\"},\"author\":{\"name\":\"Kuzeyin Sesi\",\"@id\":\"https:\\\/\\\/kuzeyinsesi.org\\\/#\\\/schema\\\/person\\\/9f859689cdf01485597712386e37f5aa\"},\"headline\":\"Nev\u015fehir Rehberler Odas\u0131 Ba\u015fkan\u0131 Onur, \u0130sias davas\u0131nda san\u0131klar\u0131n en a\u011f\u0131r cezay\u0131 almas\u0131n\u0131 istedi\",\"datePublished\":\"2024-12-19T16:16:43+00:00\",\"mainEntityOfPage\":{\"@id\":\"https:\\\/\\\/kuzeyinsesi.org\\\/index.php\\\/2024\\\/12\\\/19\\\/nevsehir-rehberler-odasi-baskani-onur-isias-davasinda-saniklarin-en-agir-cezayi-almasini-istedi\\\/\"},\"wordCount\":214,\"commentCount\":0,\"image\":{\"@id\":\"https:\\\/\\\/kuzeyinsesi.org\\\/index.php\\\/2024\\\/12\\\/19\\\/nevsehir-rehberler-odasi-baskani-onur-isias-davasinda-saniklarin-en-agir-cezayi-almasini-istedi\\\/#primaryimage\"},\"thumbnailUrl\":\"https:\\\/\\\/kuzeyinsesi.org\\\/wp-content\\\/uploads\\\/2024\\\/12\\\/36529310_640x360.jpg\",\"articleSection\":[\"T\u00fcrkiye\"],\"inLanguage\":\"tr\",\"potentialAction\":[{\"@type\":\"CommentAction\",\"name\":\"Comment\",\"target\":[\"https:\\\/\\\/kuzeyinsesi.org\\\/index.php\\\/2024\\\/12\\\/19\\\/nevsehir-rehberler-odasi-baskani-onur-isias-davasinda-saniklarin-en-agir-cezayi-almasini-istedi\\\/#respond\"]}]},{\"@type\":\"WebPage\",\"@id\":\"https:\\\/\\\/kuzeyinsesi.org\\\/index.php\\\/2024\\\/12\\\/19\\\/nevsehir-rehberler-odasi-baskani-onur-isias-davasinda-saniklarin-en-agir-cezayi-almasini-istedi\\\/\",\"url\":\"https:\\\/\\\/kuzeyinsesi.org\\\/index.php\\\/2024\\\/12\\\/19\\\/nevsehir-rehberler-odasi-baskani-onur-isias-davasinda-saniklarin-en-agir-cezayi-almasini-istedi\\\/\",\"name\":\"Nev\u015fehir Rehberler Odas\u0131 Ba\u015fkan\u0131 Onur, \u0130sias davas\u0131nda san\u0131klar\u0131n en a\u011f\u0131r cezay\u0131 almas\u0131n\u0131 istedi - Kuzeyin Sesi\",\"isPartOf\":{\"@id\":\"https:\\\/\\\/kuzeyinsesi.org\\\/#website\"},\"primaryImageOfPage\":{\"@id\":\"https:\\\/\\\/kuzeyinsesi.org\\\/index.php\\\/2024\\\/12\\\/19\\\/nevsehir-rehberler-odasi-baskani-onur-isias-davasinda-saniklarin-en-agir-cezayi-almasini-istedi\\\/#primaryimage\"},\"image\":{\"@id\":\"https:\\\/\\\/kuzeyinsesi.org\\\/index.php\\\/2024\\\/12\\\/19\\\/nevsehir-rehberler-odasi-baskani-onur-isias-davasinda-saniklarin-en-agir-cezayi-almasini-istedi\\\/#primaryimage\"},\"thumbnailUrl\":\"https:\\\/\\\/kuzeyinsesi.org\\\/wp-content\\\/uploads\\\/2024\\\/12\\\/36529310_640x360.jpg\",\"datePublished\":\"2024-12-19T16:16:43+00:00\",\"author\":{\"@id\":\"https:\\\/\\\/kuzeyinsesi.org\\\/#\\\/schema\\\/person\\\/9f859689cdf01485597712386e37f5aa\"},\"breadcrumb\":{\"@id\":\"https:\\\/\\\/kuzeyinsesi.org\\\/index.php\\\/2024\\\/12\\\/19\\\/nevsehir-rehberler-odasi-baskani-onur-isias-davasinda-saniklarin-en-agir-cezayi-almasini-istedi\\\/#breadcrumb\"},\"inLanguage\":\"tr\",\"potentialAction\":[{\"@type\":\"ReadAction\",\"target\":[\"https:\\\/\\\/kuzeyinsesi.org\\\/index.php\\\/2024\\\/12\\\/19\\\/nevsehir-rehberler-odasi-baskani-onur-isias-davasinda-saniklarin-en-agir-cezayi-almasini-istedi\\\/\"]}]},{\"@type\":\"ImageObject\",\"inLanguage\":\"tr\",\"@id\":\"https:\\\/\\\/kuzeyinsesi.org\\\/index.php\\\/2024\\\/12\\\/19\\\/nevsehir-rehberler-odasi-baskani-onur-isias-davasinda-saniklarin-en-agir-cezayi-almasini-istedi\\\/#primaryimage\",\"url\":\"https:\\\/\\\/kuzeyinsesi.org\\\/wp-content\\\/uploads\\\/2024\\\/12\\\/36529310_640x360.jpg\",\"contentUrl\":\"https:\\\/\\\/kuzeyinsesi.org\\\/wp-content\\\/uploads\\\/2024\\\/12\\\/36529310_640x360.jpg\",\"width\":640,\"height\":360},{\"@type\":\"BreadcrumbList\",\"@id\":\"https:\\\/\\\/kuzeyinsesi.org\\\/index.php\\\/2024\\\/12\\\/19\\\/nevsehir-rehberler-odasi-baskani-onur-isias-davasinda-saniklarin-en-agir-cezayi-almasini-istedi\\\/#breadcrumb\",\"itemListElement\":[{\"@type\":\"ListItem\",\"position\":1,\"name\":\"Anasayfa\",\"item\":\"https:\\\/\\\/kuzeyinsesi.org\\\/\"},{\"@type\":\"ListItem\",\"position\":2,\"name\":\"Nev\u015fehir Rehberler Odas\u0131 Ba\u015fkan\u0131 Onur, \u0130sias davas\u0131nda san\u0131klar\u0131n en a\u011f\u0131r cezay\u0131 almas\u0131n\u0131 istedi\"}]},{\"@type\":\"WebSite\",\"@id\":\"https:\\\/\\\/kuzeyinsesi.org\\\/#website\",\"url\":\"https:\\\/\\\/kuzeyinsesi.org\\\/\",\"name\":\"Kuzeyin Sesi\",\"description\":\"Do\u011fru Haberin Adresi\",\"potentialAction\":[{\"@type\":\"SearchAction\",\"target\":{\"@type\":\"EntryPoint\",\"urlTemplate\":\"https:\\\/\\\/kuzeyinsesi.org\\\/?s={search_term_string}\"},\"query-input\":{\"@type\":\"PropertyValueSpecification\",\"valueRequired\":true,\"valueName\":\"search_term_string\"}}],\"inLanguage\":\"tr\"},{\"@type\":\"Person\",\"@id\":\"https:\\\/\\\/kuzeyinsesi.org\\\/#\\\/schema\\\/person\\\/9f859689cdf01485597712386e37f5aa\",\"name\":\"Kuzeyin Sesi\",\"image\":{\"@type\":\"ImageObject\",\"inLanguage\":\"tr\",\"@id\":\"https:\\\/\\\/secure.gravatar.com\\\/avatar\\\/bab33852abfd8b282518d6ed81826833d77c3c882d9ab608add591ccace47a44?s=96&d=mm&r=g\",\"url\":\"https:\\\/\\\/secure.gravatar.com\\\/avatar\\\/bab33852abfd8b282518d6ed81826833d77c3c882d9ab608add591ccace47a44?s=96&d=mm&r=g\",\"contentUrl\":\"https:\\\/\\\/secure.gravatar.com\\\/avatar\\\/bab33852abfd8b282518d6ed81826833d77c3c882d9ab608add591ccace47a44?s=96&d=mm&r=g\",\"caption\":\"Kuzeyin Sesi\"},\"sameAs\":[\"https:\\\/\\\/kuzeyinsesi.org\"],\"url\":\"https:\\\/\\\/kuzeyinsesi.org\\\/index.php\\\/author\\\/guven\\\/\"}]}<\/script>\n<!-- \/ Yoast SEO plugin. -->","yoast_head_json":{"title":"Nev\u015fehir Rehberler Odas\u0131 Ba\u015fkan\u0131 Onur, \u0130sias davas\u0131nda san\u0131klar\u0131n en a\u011f\u0131r cezay\u0131 almas\u0131n\u0131 istedi - Kuzeyin Sesi","robots":{"index":"index","follow":"follow","max-snippet":"max-snippet:-1","max-image-preview":"max-image-preview:large","max-video-preview":"max-video-preview:-1"},"canonical":"https:\/\/kuzeyinsesi.org\/index.php\/2024\/12\/19\/nevsehir-rehberler-odasi-baskani-onur-isias-davasinda-saniklarin-en-agir-cezayi-almasini-istedi\/","og_locale":"tr_TR","og_type":"article","og_title":"Nev\u015fehir Rehberler Odas\u0131 Ba\u015fkan\u0131 Onur, \u0130sias davas\u0131nda san\u0131klar\u0131n en a\u011f\u0131r cezay\u0131 almas\u0131n\u0131 istedi - Kuzeyin Sesi","og_description":"Nev\u015fehir Rehberler Odas\u0131 \u00fcyesi baz\u0131 rehberler, ellerinde depremde hayat\u0131n\u0131 kaybeden rehberlerin oldu\u011fu foto\u011fraflarla, Kapadokya\u2019n\u0131n en \u00e7ok ziyaret edilen turizm merkezlerinden Pa\u015faba\u011f\u0131 \u00d6ren Yeri\u2019nde bir araya geldi. Nev\u015fehir Rehberler Odas\u0131 (NERO) Ba\u015fkan\u0131 \u00d6zay Onur,, burada yapt\u0131\u011f\u0131 a\u00e7\u0131klamada, Kuzey K\u0131br\u0131s T\u00fcrk Cumhuriyeti\u2019nden\u00a0sporcu ve \u00f6\u011fretmenlerin yan\u0131 s\u0131ra tur rehberinin de aralar\u0131nda bulundu\u011fu 72 ki\u015finin hayat\u0131n\u0131 kaybetti\u011fi otele ili\u015fkin [&hellip;]","og_url":"https:\/\/kuzeyinsesi.org\/index.php\/2024\/12\/19\/nevsehir-rehberler-odasi-baskani-onur-isias-davasinda-saniklarin-en-agir-cezayi-almasini-istedi\/","og_site_name":"Kuzeyin Sesi","article_publisher":"https:\/\/www.facebook.com\/kuzeyinsesii","article_published_time":"2024-12-19T16:16:43+00:00","og_image":[{"url":"https:\/\/brtk.net\/wp-content\/uploads\/2024\/12\/19\/36529310_640x360.jpg?ver=313cb442d869d0484b184a2981ddd409","type":"","width":"","height":""}],"author":"Kuzeyin Sesi","twitter_card":"summary_large_image","twitter_creator":"@kuzeyinsesii","twitter_site":"@kuzeyinsesii","twitter_misc":{"Yazan:":"Kuzeyin Sesi","Tahmini okuma s\u00fcresi":"1 dakika"},"schema":{"@context":"https:\/\/schema.org","@graph":[{"@type":"Article","@id":"https:\/\/kuzeyinsesi.org\/index.php\/2024\/12\/19\/nevsehir-rehberler-odasi-baskani-onur-isias-davasinda-saniklarin-en-agir-cezayi-almasini-istedi\/#article","isPartOf":{"@id":"https:\/\/kuzeyinsesi.org\/index.php\/2024\/12\/19\/nevsehir-rehberler-odasi-baskani-onur-isias-davasinda-saniklarin-en-agir-cezayi-almasini-istedi\/"},"author":{"name":"Kuzeyin Sesi","@id":"https:\/\/kuzeyinsesi.org\/#\/schema\/person\/9f859689cdf01485597712386e37f5aa"},"headline":"Nev\u015fehir Rehberler Odas\u0131 Ba\u015fkan\u0131 Onur, \u0130sias davas\u0131nda san\u0131klar\u0131n en a\u011f\u0131r cezay\u0131 almas\u0131n\u0131 istedi","datePublished":"2024-12-19T16:16:43+00:00","mainEntityOfPage":{"@id":"https:\/\/kuzeyinsesi.org\/index.php\/2024\/12\/19\/nevsehir-rehberler-odasi-baskani-onur-isias-davasinda-saniklarin-en-agir-cezayi-almasini-istedi\/"},"wordCount":214,"commentCount":0,"image":{"@id":"https:\/\/kuzeyinsesi.org\/index.php\/2024\/12\/19\/nevsehir-rehberler-odasi-baskani-onur-isias-davasinda-saniklarin-en-agir-cezayi-almasini-istedi\/#primaryimage"},"thumbnailUrl":"https:\/\/kuzeyinsesi.org\/wp-content\/uploads\/2024\/12\/36529310_640x360.jpg","articleSection":["T\u00fcrkiye"],"inLanguage":"tr","potentialAction":[{"@type":"CommentAction","name":"Comment","target":["https:\/\/kuzeyinsesi.org\/index.php\/2024\/12\/19\/nevsehir-rehberler-odasi-baskani-onur-isias-davasinda-saniklarin-en-agir-cezayi-almasini-istedi\/#respond"]}]},{"@type":"WebPage","@id":"https:\/\/kuzeyinsesi.org\/index.php\/2024\/12\/19\/nevsehir-rehberler-odasi-baskani-onur-isias-davasinda-saniklarin-en-agir-cezayi-almasini-istedi\/","url":"https:\/\/kuzeyinsesi.org\/index.php\/2024\/12\/19\/nevsehir-rehberler-odasi-baskani-onur-isias-davasinda-saniklarin-en-agir-cezayi-almasini-istedi\/","name":"Nev\u015fehir Rehberler Odas\u0131 Ba\u015fkan\u0131 Onur, \u0130sias davas\u0131nda san\u0131klar\u0131n en a\u011f\u0131r cezay\u0131 almas\u0131n\u0131 istedi - Kuzeyin Sesi","isPartOf":{"@id":"https:\/\/kuzeyinsesi.org\/#website"},"primaryImageOfPage":{"@id":"https:\/\/kuzeyinsesi.org\/index.php\/2024\/12\/19\/nevsehir-rehberler-odasi-baskani-onur-isias-davasinda-saniklarin-en-agir-cezayi-almasini-istedi\/#primaryimage"},"image":{"@id":"https:\/\/kuzeyinsesi.org\/index.php\/2024\/12\/19\/nevsehir-rehberler-odasi-baskani-onur-isias-davasinda-saniklarin-en-agir-cezayi-almasini-istedi\/#primaryimage"},"thumbnailUrl":"https:\/\/kuzeyinsesi.org\/wp-content\/uploads\/2024\/12\/36529310_640x360.jpg","datePublished":"2024-12-19T16:16:43+00:00","author":{"@id":"https:\/\/kuzeyinsesi.org\/#\/schema\/person\/9f859689cdf01485597712386e37f5aa"},"breadcrumb":{"@id":"https:\/\/kuzeyinsesi.org\/index.php\/2024\/12\/19\/nevsehir-rehberler-odasi-baskani-onur-isias-davasinda-saniklarin-en-agir-cezayi-almasini-istedi\/#breadcrumb"},"inLanguage":"tr","potentialAction":[{"@type":"ReadAction","target":["https:\/\/kuzeyinsesi.org\/index.php\/2024\/12\/19\/nevsehir-rehberler-odasi-baskani-onur-isias-davasinda-saniklarin-en-agir-cezayi-almasini-istedi\/"]}]},{"@type":"ImageObject","inLanguage":"tr","@id":"https:\/\/kuzeyinsesi.org\/index.php\/2024\/12\/19\/nevsehir-rehberler-odasi-baskani-onur-isias-davasinda-saniklarin-en-agir-cezayi-almasini-istedi\/#primaryimage","url":"https:\/\/kuzeyinsesi.org\/wp-content\/uploads\/2024\/12\/36529310_640x360.jpg","contentUrl":"https:\/\/kuzeyinsesi.org\/wp-content\/uploads\/2024\/12\/36529310_640x360.jpg","width":640,"height":360},{"@type":"BreadcrumbList","@id":"https:\/\/kuzeyinsesi.org\/index.php\/2024\/12\/19\/nevsehir-rehberler-odasi-baskani-onur-isias-davasinda-saniklarin-en-agir-cezayi-almasini-istedi\/#breadcrumb","itemListElement":[{"@type":"ListItem","position":1,"name":"Anasayfa","item":"https:\/\/kuzeyinsesi.org\/"},{"@type":"ListItem","position":2,"name":"Nev\u015fehir Rehberler Odas\u0131 Ba\u015fkan\u0131 Onur, \u0130sias davas\u0131nda san\u0131klar\u0131n en a\u011f\u0131r cezay\u0131 almas\u0131n\u0131 istedi"}]},{"@type":"WebSite","@id":"https:\/\/kuzeyinsesi.org\/#website","url":"https:\/\/kuzeyinsesi.org\/","name":"Kuzeyin Sesi","description":"Do\u011fru Haberin Adresi","potentialAction":[{"@type":"SearchAction","target":{"@type":"EntryPoint","urlTemplate":"https:\/\/kuzeyinsesi.org\/?s={search_term_string}"},"query-input":{"@type":"PropertyValueSpecification","valueRequired":true,"valueName":"search_term_string"}}],"inLanguage":"tr"},{"@type":"Person","@id":"https:\/\/kuzeyinsesi.org\/#\/schema\/person\/9f859689cdf01485597712386e37f5aa","name":"Kuzeyin Sesi","image":{"@type":"ImageObject","inLanguage":"tr","@id":"https:\/\/secure.gravatar.com\/avatar\/bab33852abfd8b282518d6ed81826833d77c3c882d9ab608add591ccace47a44?s=96&d=mm&r=g","url":"https:\/\/secure.gravatar.com\/avatar\/bab33852abfd8b282518d6ed81826833d77c3c882d9ab608add591ccace47a44?s=96&d=mm&r=g","contentUrl":"https:\/\/secure.gravatar.com\/avatar\/bab33852abfd8b282518d6ed81826833d77c3c882d9ab608add591ccace47a44?s=96&d=mm&r=g","caption":"Kuzeyin Sesi"},"sameAs":["https:\/\/kuzeyinsesi.org"],"url":"https:\/\/kuzeyinsesi.org\/index.php\/author\/guven\/"}]}},"_links":{"self":[{"href":"https:\/\/kuzeyinsesi.org\/index.php\/wp-json\/wp\/v2\/posts\/15915","targetHints":{"allow":["GET"]}}],"collection":[{"href":"https:\/\/kuzeyinsesi.org\/index.php\/wp-json\/wp\/v2\/posts"}],"about":[{"href":"https:\/\/kuzeyinsesi.org\/index.php\/wp-json\/wp\/v2\/types\/post"}],"author":[{"embeddable":true,"href":"https:\/\/kuzeyinsesi.org\/index.php\/wp-json\/wp\/v2\/users\/1"}],"replies":[{"embeddable":true,"href":"https:\/\/kuzeyinsesi.org\/index.php\/wp-json\/wp\/v2\/comments?post=15915"}],"version-history":[{"count":0,"href":"https:\/\/kuzeyinsesi.org\/index.php\/wp-json\/wp\/v2\/posts\/15915\/revisions"}],"wp:featuredmedia":[{"embeddable":true,"href":"https:\/\/kuzeyinsesi.org\/index.php\/wp-json\/wp\/v2\/media\/15916"}],"wp:attachment":[{"href":"https:\/\/kuzeyinsesi.org\/index.php\/wp-json\/wp\/v2\/media?parent=15915"}],"wp:term":[{"taxonomy":"category","embeddable":true,"href":"https:\/\/kuzeyinsesi.org\/index.php\/wp-json\/wp\/v2\/categories?post=15915"},{"taxonomy":"post_tag","embeddable":true,"href":"https:\/\/kuzeyinsesi.org\/index.php\/wp-json\/wp\/v2\/tags?post=15915"}],"curies":[{"name":"wp","href":"https:\/\/api.w.org\/{rel}","templated":true}]}}