{"id":15899,"date":"2024-12-19T15:59:20","date_gmt":"2024-12-19T13:59:20","guid":{"rendered":"https:\/\/kuzeyinsesi.org\/index.php\/2024\/12\/19\/erdogan-d-8-zirvesinde-konustu-suriyede-istikrarin-saglanmasina-katki-sunmaya-calisiyoruz\/"},"modified":"2024-12-19T15:59:20","modified_gmt":"2024-12-19T13:59:20","slug":"erdogan-d-8-zirvesinde-konustu-suriyede-istikrarin-saglanmasina-katki-sunmaya-calisiyoruz","status":"publish","type":"post","link":"https:\/\/kuzeyinsesi.org\/index.php\/2024\/12\/19\/erdogan-d-8-zirvesinde-konustu-suriyede-istikrarin-saglanmasina-katki-sunmaya-calisiyoruz\/","title":{"rendered":"Erdo\u011fan, D-8 Zirvesi\u2019nde konu\u015ftu: \u201cSuriye\u2019de istikrar\u0131n sa\u011flanmas\u0131na katk\u0131 sunmaya \u00e7al\u0131\u015f\u0131yoruz\u201d"},"content":{"rendered":"<div>\n<div class=\"mariselle-image-container center\">\n                                            <\/div>\n<p>\n T\u00fcrkiye Cumhurba\u015fkan\u0131 Recep Tayyip Erdo\u011fan, \u201cSuriye halk\u0131n\u0131n birli\u011fe, dayan\u0131\u015fmaya, uzla\u015f\u0131ya ve sava\u015f yorgunu \u00fclkelerini s\u00fcratle aya\u011fa kald\u0131rmaya ihtiya\u00e7lar\u0131 var. Biz de bu zorlu s\u00fcre\u00e7te Suriye\u2019de istikrar\u0131n sa\u011flanmas\u0131na katk\u0131 sunmaya \u00e7al\u0131\u015f\u0131yoruz.\u201d dedi.<\/p>\n<p>Erdo\u011fan, M\u0131s\u0131r\u2019\u0131n ba\u015fkenti Kahire\u2019de 11\u2019incisi d\u00fczenlenen Geli\u015fen 8 \u00dclke (D-8) Zirvesi\u2019ne kat\u0131ld\u0131.<\/p>\n<p>Erdo\u011fan, D-8 Te\u015fkilat\u0131n\u0131n b\u00fcy\u00fctmek suretiyle etki alan\u0131n\u0131 daha geli\u015ftirmek i\u00e7in yeni \u00fcye ve ortaklara kap\u0131lar\u0131n\u0131n a\u00e7\u0131k olmas\u0131 gerekti\u011fini belirterek, \u201cBu noktada Endonezya Cumhurba\u015fkan\u0131m\u0131z\u0131n talebini ben de aynen payla\u015f\u0131yorum. Son y\u0131llarda \u00f6nemli at\u0131l\u0131mlar ger\u00e7ekle\u015ftiren Azerbaycan\u2019\u0131n te\u015fkilat\u0131m\u0131za \u00fcye olmas\u0131yla birlikte bug\u00fcn hamdolsun d\u00fcnden daha g\u00fc\u00e7l\u00fcy\u00fcz. Karde\u015f Azerbaycan\u2019a D-8 ailemize \u2018ho\u015f geldiniz\u2019 diyorum.\u201d dedi.<\/p>\n<p>B\u00f6lgede ve d\u00fcnyada \u00f6nemli hadiselerin ya\u015fand\u0131\u011f\u0131n\u0131 vurgulayan Erdo\u011fan, \u015f\u00f6yle devam etti:<\/p>\n<p>\u201cFilistin ve L\u00fcbnan\u2019daki duruma dair g\u00f6r\u00fc\u015flerimizi bu konulara hasredilen ikinci oturumda sizlerle ayr\u0131ca payla\u015faca\u011f\u0131m. Suriye\u2019deki son d\u00f6nemde ya\u015fanan geli\u015fmeleri de ayn\u0131 zaviyeden Suriye halk\u0131n\u0131n \u00e7\u0131kar\u0131n\u0131 \u00f6nceleyen bir yakla\u015f\u0131mla \u00e7ok yak\u0131ndan takip ediyorum. Suriye halk\u0131n\u0131n birli\u011fe, dayan\u0131\u015fmaya, uzla\u015f\u0131ya ve sava\u015f yorgunu \u00fclkelerini s\u00fcratle aya\u011fa kald\u0131rmaya ihtiya\u00e7lar\u0131 var. Biz de bu zorlu s\u00fcre\u00e7te Suriye\u2019de istikrar\u0131n sa\u011flanmas\u0131na katk\u0131 sunmaya \u00e7al\u0131\u015f\u0131yoruz. Suriye\u2019nin toprak b\u00fct\u00fcnl\u00fc\u011f\u00fcn\u00fcn ve birli\u011finin yeniden tesisine atfetti\u011fimiz \u00f6nemi her f\u0131rsatta vurguluyoruz. T\u00fcm dini, mezhebi ve etnik gruplar\u0131n yan yana, sulh i\u00e7inde ya\u015fad\u0131\u011f\u0131 ter\u00f6rden ar\u0131nd\u0131r\u0131lm\u0131\u015f bir Suriye\u2019nin in\u015fas\u0131 en samimi beklentimizdir. D-8 \u00fcyeleri olarak bu zorlu m\u00fccadelelerinde Suriyeli karde\u015flerimizin yan\u0131nda olmam\u0131z gerekti\u011fine inan\u0131yorum.\u201d<\/p>\n<\/p><\/div>\n<p><script async\n                    defer\n                    crossorigin=\"anonymous\"\n                    src=\"https:\/\/connect.facebook.net\/tr_TR\/sdk.js#xfbml=1&#038;version=v3.3\"\n            ><\/script><\/p>\n","protected":false},"excerpt":{"rendered":"<p>T\u00fcrkiye Cumhurba\u015fkan\u0131 Recep Tayyip Erdo\u011fan, \u201cSuriye halk\u0131n\u0131n birli\u011fe, dayan\u0131\u015fmaya, uzla\u015f\u0131ya ve sava\u015f yorgunu \u00fclkelerini s\u00fcratle aya\u011fa kald\u0131rmaya ihtiya\u00e7lar\u0131 var. Biz de bu zorlu s\u00fcre\u00e7te Suriye\u2019de istikrar\u0131n sa\u011flanmas\u0131na katk\u0131 sunmaya \u00e7al\u0131\u015f\u0131yoruz.\u201d dedi. Erdo\u011fan, M\u0131s\u0131r\u2019\u0131n ba\u015fkenti Kahire\u2019de 11\u2019incisi d\u00fczenlenen Geli\u015fen 8 \u00dclke (D-8) Zirvesi\u2019ne kat\u0131ld\u0131. Erdo\u011fan, D-8 Te\u015fkilat\u0131n\u0131n b\u00fcy\u00fctmek suretiyle etki alan\u0131n\u0131 daha geli\u015ftirmek i\u00e7in yeni \u00fcye [&hellip;]<\/p>\n","protected":false},"author":1,"featured_media":15900,"comment_status":"open","ping_status":"open","sticky":false,"template":"","format":"standard","meta":{"jnews-multi-image_gallery":[],"jnews_single_post":[],"jnews_primary_category":[],"jnews_social_meta":[],"jnews_override_counter":[],"footnotes":""},"categories":[5],"tags":[],"class_list":["post-15899","post","type-post","status-publish","format-standard","has-post-thumbnail","hentry","category-turkiye"],"yoast_head":"<!-- This site is optimized with the Yoast SEO plugin v27.4 - https:\/\/yoast.com\/product\/yoast-seo-wordpress\/ -->\n<title>Erdo\u011fan, D-8 Zirvesi\u2019nde konu\u015ftu: \u201cSuriye\u2019de istikrar\u0131n sa\u011flanmas\u0131na katk\u0131 sunmaya \u00e7al\u0131\u015f\u0131yoruz\u201d - Kuzeyin Sesi<\/title>\n<meta name=\"robots\" content=\"index, follow, max-snippet:-1, max-image-preview:large, max-video-preview:-1\" \/>\n<link rel=\"canonical\" href=\"https:\/\/kuzeyinsesi.org\/index.php\/2024\/12\/19\/erdogan-d-8-zirvesinde-konustu-suriyede-istikrarin-saglanmasina-katki-sunmaya-calisiyoruz\/\" \/>\n<meta property=\"og:locale\" content=\"tr_TR\" \/>\n<meta property=\"og:type\" content=\"article\" \/>\n<meta property=\"og:title\" content=\"Erdo\u011fan, D-8 Zirvesi\u2019nde konu\u015ftu: \u201cSuriye\u2019de istikrar\u0131n sa\u011flanmas\u0131na katk\u0131 sunmaya \u00e7al\u0131\u015f\u0131yoruz\u201d - Kuzeyin Sesi\" \/>\n<meta property=\"og:description\" content=\"T\u00fcrkiye Cumhurba\u015fkan\u0131 Recep Tayyip Erdo\u011fan, \u201cSuriye halk\u0131n\u0131n birli\u011fe, dayan\u0131\u015fmaya, uzla\u015f\u0131ya ve sava\u015f yorgunu \u00fclkelerini s\u00fcratle aya\u011fa kald\u0131rmaya ihtiya\u00e7lar\u0131 var. Biz de bu zorlu s\u00fcre\u00e7te Suriye\u2019de istikrar\u0131n sa\u011flanmas\u0131na katk\u0131 sunmaya \u00e7al\u0131\u015f\u0131yoruz.\u201d dedi. Erdo\u011fan, M\u0131s\u0131r\u2019\u0131n ba\u015fkenti Kahire\u2019de 11\u2019incisi d\u00fczenlenen Geli\u015fen 8 \u00dclke (D-8) Zirvesi\u2019ne kat\u0131ld\u0131. Erdo\u011fan, D-8 Te\u015fkilat\u0131n\u0131n b\u00fcy\u00fctmek suretiyle etki alan\u0131n\u0131 daha geli\u015ftirmek i\u00e7in yeni \u00fcye [&hellip;]\" \/>\n<meta property=\"og:url\" content=\"https:\/\/kuzeyinsesi.org\/index.php\/2024\/12\/19\/erdogan-d-8-zirvesinde-konustu-suriyede-istikrarin-saglanmasina-katki-sunmaya-calisiyoruz\/\" \/>\n<meta property=\"og:site_name\" content=\"Kuzeyin Sesi\" \/>\n<meta property=\"article:publisher\" content=\"https:\/\/www.facebook.com\/kuzeyinsesii\" \/>\n<meta property=\"article:published_time\" content=\"2024-12-19T13:59:20+00:00\" \/>\n<meta property=\"og:image\" content=\"https:\/\/brtk.net\/wp-content\/uploads\/2024\/12\/19\/jlnh.jpg?ver=41b6e82312ff054452a0eaa354884198\" \/>\n<meta name=\"author\" content=\"Kuzeyin Sesi\" \/>\n<meta name=\"twitter:card\" content=\"summary_large_image\" \/>\n<meta name=\"twitter:creator\" content=\"@kuzeyinsesii\" \/>\n<meta name=\"twitter:site\" content=\"@kuzeyinsesii\" \/>\n<meta name=\"twitter:label1\" content=\"Yazan:\" \/>\n\t<meta name=\"twitter:data1\" content=\"Kuzeyin Sesi\" \/>\n\t<meta name=\"twitter:label2\" content=\"Tahmini okuma s\u00fcresi\" \/>\n\t<meta name=\"twitter:data2\" content=\"2 dakika\" \/>\n<script type=\"application\/ld+json\" class=\"yoast-schema-graph\">{\"@context\":\"https:\\\/\\\/schema.org\",\"@graph\":[{\"@type\":\"Article\",\"@id\":\"https:\\\/\\\/kuzeyinsesi.org\\\/index.php\\\/2024\\\/12\\\/19\\\/erdogan-d-8-zirvesinde-konustu-suriyede-istikrarin-saglanmasina-katki-sunmaya-calisiyoruz\\\/#article\",\"isPartOf\":{\"@id\":\"https:\\\/\\\/kuzeyinsesi.org\\\/index.php\\\/2024\\\/12\\\/19\\\/erdogan-d-8-zirvesinde-konustu-suriyede-istikrarin-saglanmasina-katki-sunmaya-calisiyoruz\\\/\"},\"author\":{\"name\":\"Kuzeyin Sesi\",\"@id\":\"https:\\\/\\\/kuzeyinsesi.org\\\/#\\\/schema\\\/person\\\/9f859689cdf01485597712386e37f5aa\"},\"headline\":\"Erdo\u011fan, D-8 Zirvesi\u2019nde konu\u015ftu: \u201cSuriye\u2019de istikrar\u0131n sa\u011flanmas\u0131na katk\u0131 sunmaya \u00e7al\u0131\u015f\u0131yoruz\u201d\",\"datePublished\":\"2024-12-19T13:59:20+00:00\",\"mainEntityOfPage\":{\"@id\":\"https:\\\/\\\/kuzeyinsesi.org\\\/index.php\\\/2024\\\/12\\\/19\\\/erdogan-d-8-zirvesinde-konustu-suriyede-istikrarin-saglanmasina-katki-sunmaya-calisiyoruz\\\/\"},\"wordCount\":347,\"commentCount\":0,\"image\":{\"@id\":\"https:\\\/\\\/kuzeyinsesi.org\\\/index.php\\\/2024\\\/12\\\/19\\\/erdogan-d-8-zirvesinde-konustu-suriyede-istikrarin-saglanmasina-katki-sunmaya-calisiyoruz\\\/#primaryimage\"},\"thumbnailUrl\":\"https:\\\/\\\/kuzeyinsesi.org\\\/wp-content\\\/uploads\\\/2024\\\/12\\\/jlnh.jpg\",\"articleSection\":[\"T\u00fcrkiye\"],\"inLanguage\":\"tr\",\"potentialAction\":[{\"@type\":\"CommentAction\",\"name\":\"Comment\",\"target\":[\"https:\\\/\\\/kuzeyinsesi.org\\\/index.php\\\/2024\\\/12\\\/19\\\/erdogan-d-8-zirvesinde-konustu-suriyede-istikrarin-saglanmasina-katki-sunmaya-calisiyoruz\\\/#respond\"]}]},{\"@type\":\"WebPage\",\"@id\":\"https:\\\/\\\/kuzeyinsesi.org\\\/index.php\\\/2024\\\/12\\\/19\\\/erdogan-d-8-zirvesinde-konustu-suriyede-istikrarin-saglanmasina-katki-sunmaya-calisiyoruz\\\/\",\"url\":\"https:\\\/\\\/kuzeyinsesi.org\\\/index.php\\\/2024\\\/12\\\/19\\\/erdogan-d-8-zirvesinde-konustu-suriyede-istikrarin-saglanmasina-katki-sunmaya-calisiyoruz\\\/\",\"name\":\"Erdo\u011fan, D-8 Zirvesi\u2019nde konu\u015ftu: \u201cSuriye\u2019de istikrar\u0131n sa\u011flanmas\u0131na katk\u0131 sunmaya \u00e7al\u0131\u015f\u0131yoruz\u201d - Kuzeyin Sesi\",\"isPartOf\":{\"@id\":\"https:\\\/\\\/kuzeyinsesi.org\\\/#website\"},\"primaryImageOfPage\":{\"@id\":\"https:\\\/\\\/kuzeyinsesi.org\\\/index.php\\\/2024\\\/12\\\/19\\\/erdogan-d-8-zirvesinde-konustu-suriyede-istikrarin-saglanmasina-katki-sunmaya-calisiyoruz\\\/#primaryimage\"},\"image\":{\"@id\":\"https:\\\/\\\/kuzeyinsesi.org\\\/index.php\\\/2024\\\/12\\\/19\\\/erdogan-d-8-zirvesinde-konustu-suriyede-istikrarin-saglanmasina-katki-sunmaya-calisiyoruz\\\/#primaryimage\"},\"thumbnailUrl\":\"https:\\\/\\\/kuzeyinsesi.org\\\/wp-content\\\/uploads\\\/2024\\\/12\\\/jlnh.jpg\",\"datePublished\":\"2024-12-19T13:59:20+00:00\",\"author\":{\"@id\":\"https:\\\/\\\/kuzeyinsesi.org\\\/#\\\/schema\\\/person\\\/9f859689cdf01485597712386e37f5aa\"},\"breadcrumb\":{\"@id\":\"https:\\\/\\\/kuzeyinsesi.org\\\/index.php\\\/2024\\\/12\\\/19\\\/erdogan-d-8-zirvesinde-konustu-suriyede-istikrarin-saglanmasina-katki-sunmaya-calisiyoruz\\\/#breadcrumb\"},\"inLanguage\":\"tr\",\"potentialAction\":[{\"@type\":\"ReadAction\",\"target\":[\"https:\\\/\\\/kuzeyinsesi.org\\\/index.php\\\/2024\\\/12\\\/19\\\/erdogan-d-8-zirvesinde-konustu-suriyede-istikrarin-saglanmasina-katki-sunmaya-calisiyoruz\\\/\"]}]},{\"@type\":\"ImageObject\",\"inLanguage\":\"tr\",\"@id\":\"https:\\\/\\\/kuzeyinsesi.org\\\/index.php\\\/2024\\\/12\\\/19\\\/erdogan-d-8-zirvesinde-konustu-suriyede-istikrarin-saglanmasina-katki-sunmaya-calisiyoruz\\\/#primaryimage\",\"url\":\"https:\\\/\\\/kuzeyinsesi.org\\\/wp-content\\\/uploads\\\/2024\\\/12\\\/jlnh.jpg\",\"contentUrl\":\"https:\\\/\\\/kuzeyinsesi.org\\\/wp-content\\\/uploads\\\/2024\\\/12\\\/jlnh.jpg\",\"width\":864,\"height\":486},{\"@type\":\"BreadcrumbList\",\"@id\":\"https:\\\/\\\/kuzeyinsesi.org\\\/index.php\\\/2024\\\/12\\\/19\\\/erdogan-d-8-zirvesinde-konustu-suriyede-istikrarin-saglanmasina-katki-sunmaya-calisiyoruz\\\/#breadcrumb\",\"itemListElement\":[{\"@type\":\"ListItem\",\"position\":1,\"name\":\"Anasayfa\",\"item\":\"https:\\\/\\\/kuzeyinsesi.org\\\/\"},{\"@type\":\"ListItem\",\"position\":2,\"name\":\"Erdo\u011fan, D-8 Zirvesi\u2019nde konu\u015ftu: \u201cSuriye\u2019de istikrar\u0131n sa\u011flanmas\u0131na katk\u0131 sunmaya \u00e7al\u0131\u015f\u0131yoruz\u201d\"}]},{\"@type\":\"WebSite\",\"@id\":\"https:\\\/\\\/kuzeyinsesi.org\\\/#website\",\"url\":\"https:\\\/\\\/kuzeyinsesi.org\\\/\",\"name\":\"Kuzeyin Sesi\",\"description\":\"Do\u011fru Haberin Adresi\",\"potentialAction\":[{\"@type\":\"SearchAction\",\"target\":{\"@type\":\"EntryPoint\",\"urlTemplate\":\"https:\\\/\\\/kuzeyinsesi.org\\\/?s={search_term_string}\"},\"query-input\":{\"@type\":\"PropertyValueSpecification\",\"valueRequired\":true,\"valueName\":\"search_term_string\"}}],\"inLanguage\":\"tr\"},{\"@type\":\"Person\",\"@id\":\"https:\\\/\\\/kuzeyinsesi.org\\\/#\\\/schema\\\/person\\\/9f859689cdf01485597712386e37f5aa\",\"name\":\"Kuzeyin Sesi\",\"image\":{\"@type\":\"ImageObject\",\"inLanguage\":\"tr\",\"@id\":\"https:\\\/\\\/secure.gravatar.com\\\/avatar\\\/bab33852abfd8b282518d6ed81826833d77c3c882d9ab608add591ccace47a44?s=96&d=mm&r=g\",\"url\":\"https:\\\/\\\/secure.gravatar.com\\\/avatar\\\/bab33852abfd8b282518d6ed81826833d77c3c882d9ab608add591ccace47a44?s=96&d=mm&r=g\",\"contentUrl\":\"https:\\\/\\\/secure.gravatar.com\\\/avatar\\\/bab33852abfd8b282518d6ed81826833d77c3c882d9ab608add591ccace47a44?s=96&d=mm&r=g\",\"caption\":\"Kuzeyin Sesi\"},\"sameAs\":[\"https:\\\/\\\/kuzeyinsesi.org\"],\"url\":\"https:\\\/\\\/kuzeyinsesi.org\\\/index.php\\\/author\\\/guven\\\/\"}]}<\/script>\n<!-- \/ Yoast SEO plugin. -->","yoast_head_json":{"title":"Erdo\u011fan, D-8 Zirvesi\u2019nde konu\u015ftu: \u201cSuriye\u2019de istikrar\u0131n sa\u011flanmas\u0131na katk\u0131 sunmaya \u00e7al\u0131\u015f\u0131yoruz\u201d - Kuzeyin Sesi","robots":{"index":"index","follow":"follow","max-snippet":"max-snippet:-1","max-image-preview":"max-image-preview:large","max-video-preview":"max-video-preview:-1"},"canonical":"https:\/\/kuzeyinsesi.org\/index.php\/2024\/12\/19\/erdogan-d-8-zirvesinde-konustu-suriyede-istikrarin-saglanmasina-katki-sunmaya-calisiyoruz\/","og_locale":"tr_TR","og_type":"article","og_title":"Erdo\u011fan, D-8 Zirvesi\u2019nde konu\u015ftu: \u201cSuriye\u2019de istikrar\u0131n sa\u011flanmas\u0131na katk\u0131 sunmaya \u00e7al\u0131\u015f\u0131yoruz\u201d - Kuzeyin Sesi","og_description":"T\u00fcrkiye Cumhurba\u015fkan\u0131 Recep Tayyip Erdo\u011fan, \u201cSuriye halk\u0131n\u0131n birli\u011fe, dayan\u0131\u015fmaya, uzla\u015f\u0131ya ve sava\u015f yorgunu \u00fclkelerini s\u00fcratle aya\u011fa kald\u0131rmaya ihtiya\u00e7lar\u0131 var. Biz de bu zorlu s\u00fcre\u00e7te Suriye\u2019de istikrar\u0131n sa\u011flanmas\u0131na katk\u0131 sunmaya \u00e7al\u0131\u015f\u0131yoruz.\u201d dedi. Erdo\u011fan, M\u0131s\u0131r\u2019\u0131n ba\u015fkenti Kahire\u2019de 11\u2019incisi d\u00fczenlenen Geli\u015fen 8 \u00dclke (D-8) Zirvesi\u2019ne kat\u0131ld\u0131. Erdo\u011fan, D-8 Te\u015fkilat\u0131n\u0131n b\u00fcy\u00fctmek suretiyle etki alan\u0131n\u0131 daha geli\u015ftirmek i\u00e7in yeni \u00fcye [&hellip;]","og_url":"https:\/\/kuzeyinsesi.org\/index.php\/2024\/12\/19\/erdogan-d-8-zirvesinde-konustu-suriyede-istikrarin-saglanmasina-katki-sunmaya-calisiyoruz\/","og_site_name":"Kuzeyin Sesi","article_publisher":"https:\/\/www.facebook.com\/kuzeyinsesii","article_published_time":"2024-12-19T13:59:20+00:00","og_image":[{"url":"https:\/\/brtk.net\/wp-content\/uploads\/2024\/12\/19\/jlnh.jpg?ver=41b6e82312ff054452a0eaa354884198","type":"","width":"","height":""}],"author":"Kuzeyin Sesi","twitter_card":"summary_large_image","twitter_creator":"@kuzeyinsesii","twitter_site":"@kuzeyinsesii","twitter_misc":{"Yazan:":"Kuzeyin Sesi","Tahmini okuma s\u00fcresi":"2 dakika"},"schema":{"@context":"https:\/\/schema.org","@graph":[{"@type":"Article","@id":"https:\/\/kuzeyinsesi.org\/index.php\/2024\/12\/19\/erdogan-d-8-zirvesinde-konustu-suriyede-istikrarin-saglanmasina-katki-sunmaya-calisiyoruz\/#article","isPartOf":{"@id":"https:\/\/kuzeyinsesi.org\/index.php\/2024\/12\/19\/erdogan-d-8-zirvesinde-konustu-suriyede-istikrarin-saglanmasina-katki-sunmaya-calisiyoruz\/"},"author":{"name":"Kuzeyin Sesi","@id":"https:\/\/kuzeyinsesi.org\/#\/schema\/person\/9f859689cdf01485597712386e37f5aa"},"headline":"Erdo\u011fan, D-8 Zirvesi\u2019nde konu\u015ftu: \u201cSuriye\u2019de istikrar\u0131n sa\u011flanmas\u0131na katk\u0131 sunmaya \u00e7al\u0131\u015f\u0131yoruz\u201d","datePublished":"2024-12-19T13:59:20+00:00","mainEntityOfPage":{"@id":"https:\/\/kuzeyinsesi.org\/index.php\/2024\/12\/19\/erdogan-d-8-zirvesinde-konustu-suriyede-istikrarin-saglanmasina-katki-sunmaya-calisiyoruz\/"},"wordCount":347,"commentCount":0,"image":{"@id":"https:\/\/kuzeyinsesi.org\/index.php\/2024\/12\/19\/erdogan-d-8-zirvesinde-konustu-suriyede-istikrarin-saglanmasina-katki-sunmaya-calisiyoruz\/#primaryimage"},"thumbnailUrl":"https:\/\/kuzeyinsesi.org\/wp-content\/uploads\/2024\/12\/jlnh.jpg","articleSection":["T\u00fcrkiye"],"inLanguage":"tr","potentialAction":[{"@type":"CommentAction","name":"Comment","target":["https:\/\/kuzeyinsesi.org\/index.php\/2024\/12\/19\/erdogan-d-8-zirvesinde-konustu-suriyede-istikrarin-saglanmasina-katki-sunmaya-calisiyoruz\/#respond"]}]},{"@type":"WebPage","@id":"https:\/\/kuzeyinsesi.org\/index.php\/2024\/12\/19\/erdogan-d-8-zirvesinde-konustu-suriyede-istikrarin-saglanmasina-katki-sunmaya-calisiyoruz\/","url":"https:\/\/kuzeyinsesi.org\/index.php\/2024\/12\/19\/erdogan-d-8-zirvesinde-konustu-suriyede-istikrarin-saglanmasina-katki-sunmaya-calisiyoruz\/","name":"Erdo\u011fan, D-8 Zirvesi\u2019nde konu\u015ftu: \u201cSuriye\u2019de istikrar\u0131n sa\u011flanmas\u0131na katk\u0131 sunmaya \u00e7al\u0131\u015f\u0131yoruz\u201d - Kuzeyin Sesi","isPartOf":{"@id":"https:\/\/kuzeyinsesi.org\/#website"},"primaryImageOfPage":{"@id":"https:\/\/kuzeyinsesi.org\/index.php\/2024\/12\/19\/erdogan-d-8-zirvesinde-konustu-suriyede-istikrarin-saglanmasina-katki-sunmaya-calisiyoruz\/#primaryimage"},"image":{"@id":"https:\/\/kuzeyinsesi.org\/index.php\/2024\/12\/19\/erdogan-d-8-zirvesinde-konustu-suriyede-istikrarin-saglanmasina-katki-sunmaya-calisiyoruz\/#primaryimage"},"thumbnailUrl":"https:\/\/kuzeyinsesi.org\/wp-content\/uploads\/2024\/12\/jlnh.jpg","datePublished":"2024-12-19T13:59:20+00:00","author":{"@id":"https:\/\/kuzeyinsesi.org\/#\/schema\/person\/9f859689cdf01485597712386e37f5aa"},"breadcrumb":{"@id":"https:\/\/kuzeyinsesi.org\/index.php\/2024\/12\/19\/erdogan-d-8-zirvesinde-konustu-suriyede-istikrarin-saglanmasina-katki-sunmaya-calisiyoruz\/#breadcrumb"},"inLanguage":"tr","potentialAction":[{"@type":"ReadAction","target":["https:\/\/kuzeyinsesi.org\/index.php\/2024\/12\/19\/erdogan-d-8-zirvesinde-konustu-suriyede-istikrarin-saglanmasina-katki-sunmaya-calisiyoruz\/"]}]},{"@type":"ImageObject","inLanguage":"tr","@id":"https:\/\/kuzeyinsesi.org\/index.php\/2024\/12\/19\/erdogan-d-8-zirvesinde-konustu-suriyede-istikrarin-saglanmasina-katki-sunmaya-calisiyoruz\/#primaryimage","url":"https:\/\/kuzeyinsesi.org\/wp-content\/uploads\/2024\/12\/jlnh.jpg","contentUrl":"https:\/\/kuzeyinsesi.org\/wp-content\/uploads\/2024\/12\/jlnh.jpg","width":864,"height":486},{"@type":"BreadcrumbList","@id":"https:\/\/kuzeyinsesi.org\/index.php\/2024\/12\/19\/erdogan-d-8-zirvesinde-konustu-suriyede-istikrarin-saglanmasina-katki-sunmaya-calisiyoruz\/#breadcrumb","itemListElement":[{"@type":"ListItem","position":1,"name":"Anasayfa","item":"https:\/\/kuzeyinsesi.org\/"},{"@type":"ListItem","position":2,"name":"Erdo\u011fan, D-8 Zirvesi\u2019nde konu\u015ftu: \u201cSuriye\u2019de istikrar\u0131n sa\u011flanmas\u0131na katk\u0131 sunmaya \u00e7al\u0131\u015f\u0131yoruz\u201d"}]},{"@type":"WebSite","@id":"https:\/\/kuzeyinsesi.org\/#website","url":"https:\/\/kuzeyinsesi.org\/","name":"Kuzeyin Sesi","description":"Do\u011fru Haberin Adresi","potentialAction":[{"@type":"SearchAction","target":{"@type":"EntryPoint","urlTemplate":"https:\/\/kuzeyinsesi.org\/?s={search_term_string}"},"query-input":{"@type":"PropertyValueSpecification","valueRequired":true,"valueName":"search_term_string"}}],"inLanguage":"tr"},{"@type":"Person","@id":"https:\/\/kuzeyinsesi.org\/#\/schema\/person\/9f859689cdf01485597712386e37f5aa","name":"Kuzeyin Sesi","image":{"@type":"ImageObject","inLanguage":"tr","@id":"https:\/\/secure.gravatar.com\/avatar\/bab33852abfd8b282518d6ed81826833d77c3c882d9ab608add591ccace47a44?s=96&d=mm&r=g","url":"https:\/\/secure.gravatar.com\/avatar\/bab33852abfd8b282518d6ed81826833d77c3c882d9ab608add591ccace47a44?s=96&d=mm&r=g","contentUrl":"https:\/\/secure.gravatar.com\/avatar\/bab33852abfd8b282518d6ed81826833d77c3c882d9ab608add591ccace47a44?s=96&d=mm&r=g","caption":"Kuzeyin Sesi"},"sameAs":["https:\/\/kuzeyinsesi.org"],"url":"https:\/\/kuzeyinsesi.org\/index.php\/author\/guven\/"}]}},"_links":{"self":[{"href":"https:\/\/kuzeyinsesi.org\/index.php\/wp-json\/wp\/v2\/posts\/15899","targetHints":{"allow":["GET"]}}],"collection":[{"href":"https:\/\/kuzeyinsesi.org\/index.php\/wp-json\/wp\/v2\/posts"}],"about":[{"href":"https:\/\/kuzeyinsesi.org\/index.php\/wp-json\/wp\/v2\/types\/post"}],"author":[{"embeddable":true,"href":"https:\/\/kuzeyinsesi.org\/index.php\/wp-json\/wp\/v2\/users\/1"}],"replies":[{"embeddable":true,"href":"https:\/\/kuzeyinsesi.org\/index.php\/wp-json\/wp\/v2\/comments?post=15899"}],"version-history":[{"count":0,"href":"https:\/\/kuzeyinsesi.org\/index.php\/wp-json\/wp\/v2\/posts\/15899\/revisions"}],"wp:featuredmedia":[{"embeddable":true,"href":"https:\/\/kuzeyinsesi.org\/index.php\/wp-json\/wp\/v2\/media\/15900"}],"wp:attachment":[{"href":"https:\/\/kuzeyinsesi.org\/index.php\/wp-json\/wp\/v2\/media?parent=15899"}],"wp:term":[{"taxonomy":"category","embeddable":true,"href":"https:\/\/kuzeyinsesi.org\/index.php\/wp-json\/wp\/v2\/categories?post=15899"},{"taxonomy":"post_tag","embeddable":true,"href":"https:\/\/kuzeyinsesi.org\/index.php\/wp-json\/wp\/v2\/tags?post=15899"}],"curies":[{"name":"wp","href":"https:\/\/api.w.org\/{rel}","templated":true}]}}