{"id":15887,"date":"2024-12-19T13:39:31","date_gmt":"2024-12-19T11:39:31","guid":{"rendered":"https:\/\/kuzeyinsesi.org\/index.php\/2024\/12\/19\/cumhurbaskani-tatar-degirmenlik-akincilar-belediyesi-altin-kalpler-korosunun-turk-sanat-muzigi-konserini-dinledi\/"},"modified":"2024-12-19T13:39:31","modified_gmt":"2024-12-19T11:39:31","slug":"cumhurbaskani-tatar-degirmenlik-akincilar-belediyesi-altin-kalpler-korosunun-turk-sanat-muzigi-konserini-dinledi","status":"publish","type":"post","link":"https:\/\/kuzeyinsesi.org\/index.php\/2024\/12\/19\/cumhurbaskani-tatar-degirmenlik-akincilar-belediyesi-altin-kalpler-korosunun-turk-sanat-muzigi-konserini-dinledi\/","title":{"rendered":"Cumhurba\u015fkan\u0131 Tatar, De\u011firmenlik Ak\u0131nc\u0131lar Belediyesi Alt\u0131n Kalpler Korosu\u2019nun T\u00fcrk Sanat M\u00fczi\u011fi Konseri\u2019ni dinledi"},"content":{"rendered":"<div>\n<div class=\"mariselle-image-container center\">\n                                            <\/div>\n<p>Cumhurba\u015fkan\u0131 Ersin Tatar, \u015eef Murat \u00c7\u0131rako\u011flu y\u00f6netiminde d\u00fczenlenen De\u011firmenlik Ak\u0131nc\u0131lar Belediyesi Alt\u0131n Kalpler Korosu\u2019nun T\u00fcrk Sanat M\u00fczi\u011fi Konseri\u2019ni dinledi.<\/p>\n<p>Tatar, konserde yapt\u0131\u011f\u0131 konu\u015fmada konserin d\u00fczenlenmesinde eme\u011fi ge\u00e7enleri kutlad\u0131.<\/p>\n<p> Bu konseri izlemenin mutlulu\u011funu ya\u015fad\u0131\u011f\u0131n\u0131 belirten Cumhurba\u015fkan\u0131 Tatar, \u201cD\u00fcnyaya kendi k\u00fclt\u00fcr\u00fcm\u00fcz\u00fc sanat\u0131m\u0131z\u0131 ve geleneklerimizi g\u00f6sterirken, ayn\u0131 zamanda var\u0131z ve var olaca\u011f\u0131z mesaj\u0131 veriyoruz\u201d dedi<\/p>\n<\/p><\/div>\n<p><script async\n                    defer\n                    crossorigin=\"anonymous\"\n                    src=\"https:\/\/connect.facebook.net\/tr_TR\/sdk.js#xfbml=1&#038;version=v3.3\"\n            ><\/script><\/p>\n","protected":false},"excerpt":{"rendered":"<p>Cumhurba\u015fkan\u0131 Ersin Tatar, \u015eef Murat \u00c7\u0131rako\u011flu y\u00f6netiminde d\u00fczenlenen De\u011firmenlik Ak\u0131nc\u0131lar Belediyesi Alt\u0131n Kalpler Korosu\u2019nun T\u00fcrk Sanat M\u00fczi\u011fi Konseri\u2019ni dinledi. Tatar, konserde yapt\u0131\u011f\u0131 konu\u015fmada konserin d\u00fczenlenmesinde eme\u011fi ge\u00e7enleri kutlad\u0131. Bu konseri izlemenin mutlulu\u011funu ya\u015fad\u0131\u011f\u0131n\u0131 belirten Cumhurba\u015fkan\u0131 Tatar, \u201cD\u00fcnyaya kendi k\u00fclt\u00fcr\u00fcm\u00fcz\u00fc sanat\u0131m\u0131z\u0131 ve geleneklerimizi g\u00f6sterirken, ayn\u0131 zamanda var\u0131z ve var olaca\u011f\u0131z mesaj\u0131 veriyoruz\u201d dedi<\/p>\n","protected":false},"author":1,"featured_media":15888,"comment_status":"open","ping_status":"open","sticky":false,"template":"","format":"standard","meta":{"jnews-multi-image_gallery":[],"jnews_single_post":[],"jnews_primary_category":[],"jnews_social_meta":[],"jnews_override_counter":[],"footnotes":""},"categories":[6],"tags":[],"class_list":["post-15887","post","type-post","status-publish","format-standard","has-post-thumbnail","hentry","category-yasam"],"yoast_head":"<!-- This site is optimized with the Yoast SEO plugin v27.4 - https:\/\/yoast.com\/product\/yoast-seo-wordpress\/ -->\n<title>Cumhurba\u015fkan\u0131 Tatar, De\u011firmenlik Ak\u0131nc\u0131lar Belediyesi Alt\u0131n Kalpler Korosu\u2019nun T\u00fcrk Sanat M\u00fczi\u011fi Konseri\u2019ni dinledi - Kuzeyin Sesi<\/title>\n<meta name=\"robots\" content=\"index, follow, max-snippet:-1, max-image-preview:large, max-video-preview:-1\" \/>\n<link rel=\"canonical\" href=\"https:\/\/kuzeyinsesi.org\/index.php\/2024\/12\/19\/cumhurbaskani-tatar-degirmenlik-akincilar-belediyesi-altin-kalpler-korosunun-turk-sanat-muzigi-konserini-dinledi\/\" \/>\n<meta property=\"og:locale\" content=\"tr_TR\" \/>\n<meta property=\"og:type\" content=\"article\" \/>\n<meta property=\"og:title\" content=\"Cumhurba\u015fkan\u0131 Tatar, De\u011firmenlik Ak\u0131nc\u0131lar Belediyesi Alt\u0131n Kalpler Korosu\u2019nun T\u00fcrk Sanat M\u00fczi\u011fi Konseri\u2019ni dinledi - Kuzeyin Sesi\" \/>\n<meta property=\"og:description\" content=\"Cumhurba\u015fkan\u0131 Ersin Tatar, \u015eef Murat \u00c7\u0131rako\u011flu y\u00f6netiminde d\u00fczenlenen De\u011firmenlik Ak\u0131nc\u0131lar Belediyesi Alt\u0131n Kalpler Korosu\u2019nun T\u00fcrk Sanat M\u00fczi\u011fi Konseri\u2019ni dinledi. Tatar, konserde yapt\u0131\u011f\u0131 konu\u015fmada konserin d\u00fczenlenmesinde eme\u011fi ge\u00e7enleri kutlad\u0131. Bu konseri izlemenin mutlulu\u011funu ya\u015fad\u0131\u011f\u0131n\u0131 belirten Cumhurba\u015fkan\u0131 Tatar, \u201cD\u00fcnyaya kendi k\u00fclt\u00fcr\u00fcm\u00fcz\u00fc sanat\u0131m\u0131z\u0131 ve geleneklerimizi g\u00f6sterirken, ayn\u0131 zamanda var\u0131z ve var olaca\u011f\u0131z mesaj\u0131 veriyoruz\u201d dedi\" \/>\n<meta property=\"og:url\" content=\"https:\/\/kuzeyinsesi.org\/index.php\/2024\/12\/19\/cumhurbaskani-tatar-degirmenlik-akincilar-belediyesi-altin-kalpler-korosunun-turk-sanat-muzigi-konserini-dinledi\/\" \/>\n<meta property=\"og:site_name\" content=\"Kuzeyin Sesi\" \/>\n<meta property=\"article:publisher\" content=\"https:\/\/www.facebook.com\/kuzeyinsesii\" \/>\n<meta property=\"article:published_time\" content=\"2024-12-19T11:39:31+00:00\" \/>\n<meta property=\"og:image\" content=\"https:\/\/brtk.net\/wp-content\/uploads\/2024\/12\/19\/Screenshot_20241219_130804_X.jpg?ver=726491300d4e5f26e591cde71e6ad403\" \/>\n<meta name=\"author\" content=\"Kuzeyin Sesi\" \/>\n<meta name=\"twitter:card\" content=\"summary_large_image\" \/>\n<meta name=\"twitter:creator\" content=\"@kuzeyinsesii\" \/>\n<meta name=\"twitter:site\" content=\"@kuzeyinsesii\" \/>\n<meta name=\"twitter:label1\" content=\"Yazan:\" \/>\n\t<meta name=\"twitter:data1\" content=\"Kuzeyin Sesi\" \/>\n<script type=\"application\/ld+json\" class=\"yoast-schema-graph\">{\"@context\":\"https:\\\/\\\/schema.org\",\"@graph\":[{\"@type\":\"Article\",\"@id\":\"https:\\\/\\\/kuzeyinsesi.org\\\/index.php\\\/2024\\\/12\\\/19\\\/cumhurbaskani-tatar-degirmenlik-akincilar-belediyesi-altin-kalpler-korosunun-turk-sanat-muzigi-konserini-dinledi\\\/#article\",\"isPartOf\":{\"@id\":\"https:\\\/\\\/kuzeyinsesi.org\\\/index.php\\\/2024\\\/12\\\/19\\\/cumhurbaskani-tatar-degirmenlik-akincilar-belediyesi-altin-kalpler-korosunun-turk-sanat-muzigi-konserini-dinledi\\\/\"},\"author\":{\"name\":\"Kuzeyin Sesi\",\"@id\":\"https:\\\/\\\/kuzeyinsesi.org\\\/#\\\/schema\\\/person\\\/9f859689cdf01485597712386e37f5aa\"},\"headline\":\"Cumhurba\u015fkan\u0131 Tatar, De\u011firmenlik Ak\u0131nc\u0131lar Belediyesi Alt\u0131n Kalpler Korosu\u2019nun T\u00fcrk Sanat M\u00fczi\u011fi Konseri\u2019ni dinledi\",\"datePublished\":\"2024-12-19T11:39:31+00:00\",\"mainEntityOfPage\":{\"@id\":\"https:\\\/\\\/kuzeyinsesi.org\\\/index.php\\\/2024\\\/12\\\/19\\\/cumhurbaskani-tatar-degirmenlik-akincilar-belediyesi-altin-kalpler-korosunun-turk-sanat-muzigi-konserini-dinledi\\\/\"},\"wordCount\":106,\"commentCount\":0,\"image\":{\"@id\":\"https:\\\/\\\/kuzeyinsesi.org\\\/index.php\\\/2024\\\/12\\\/19\\\/cumhurbaskani-tatar-degirmenlik-akincilar-belediyesi-altin-kalpler-korosunun-turk-sanat-muzigi-konserini-dinledi\\\/#primaryimage\"},\"thumbnailUrl\":\"https:\\\/\\\/kuzeyinsesi.org\\\/wp-content\\\/uploads\\\/2024\\\/12\\\/Screenshot_20241219_130804_X.jpg\",\"articleSection\":[\"Ya\u015fam\"],\"inLanguage\":\"tr\",\"potentialAction\":[{\"@type\":\"CommentAction\",\"name\":\"Comment\",\"target\":[\"https:\\\/\\\/kuzeyinsesi.org\\\/index.php\\\/2024\\\/12\\\/19\\\/cumhurbaskani-tatar-degirmenlik-akincilar-belediyesi-altin-kalpler-korosunun-turk-sanat-muzigi-konserini-dinledi\\\/#respond\"]}]},{\"@type\":\"WebPage\",\"@id\":\"https:\\\/\\\/kuzeyinsesi.org\\\/index.php\\\/2024\\\/12\\\/19\\\/cumhurbaskani-tatar-degirmenlik-akincilar-belediyesi-altin-kalpler-korosunun-turk-sanat-muzigi-konserini-dinledi\\\/\",\"url\":\"https:\\\/\\\/kuzeyinsesi.org\\\/index.php\\\/2024\\\/12\\\/19\\\/cumhurbaskani-tatar-degirmenlik-akincilar-belediyesi-altin-kalpler-korosunun-turk-sanat-muzigi-konserini-dinledi\\\/\",\"name\":\"Cumhurba\u015fkan\u0131 Tatar, De\u011firmenlik Ak\u0131nc\u0131lar Belediyesi Alt\u0131n Kalpler Korosu\u2019nun T\u00fcrk Sanat M\u00fczi\u011fi Konseri\u2019ni dinledi - Kuzeyin Sesi\",\"isPartOf\":{\"@id\":\"https:\\\/\\\/kuzeyinsesi.org\\\/#website\"},\"primaryImageOfPage\":{\"@id\":\"https:\\\/\\\/kuzeyinsesi.org\\\/index.php\\\/2024\\\/12\\\/19\\\/cumhurbaskani-tatar-degirmenlik-akincilar-belediyesi-altin-kalpler-korosunun-turk-sanat-muzigi-konserini-dinledi\\\/#primaryimage\"},\"image\":{\"@id\":\"https:\\\/\\\/kuzeyinsesi.org\\\/index.php\\\/2024\\\/12\\\/19\\\/cumhurbaskani-tatar-degirmenlik-akincilar-belediyesi-altin-kalpler-korosunun-turk-sanat-muzigi-konserini-dinledi\\\/#primaryimage\"},\"thumbnailUrl\":\"https:\\\/\\\/kuzeyinsesi.org\\\/wp-content\\\/uploads\\\/2024\\\/12\\\/Screenshot_20241219_130804_X.jpg\",\"datePublished\":\"2024-12-19T11:39:31+00:00\",\"author\":{\"@id\":\"https:\\\/\\\/kuzeyinsesi.org\\\/#\\\/schema\\\/person\\\/9f859689cdf01485597712386e37f5aa\"},\"breadcrumb\":{\"@id\":\"https:\\\/\\\/kuzeyinsesi.org\\\/index.php\\\/2024\\\/12\\\/19\\\/cumhurbaskani-tatar-degirmenlik-akincilar-belediyesi-altin-kalpler-korosunun-turk-sanat-muzigi-konserini-dinledi\\\/#breadcrumb\"},\"inLanguage\":\"tr\",\"potentialAction\":[{\"@type\":\"ReadAction\",\"target\":[\"https:\\\/\\\/kuzeyinsesi.org\\\/index.php\\\/2024\\\/12\\\/19\\\/cumhurbaskani-tatar-degirmenlik-akincilar-belediyesi-altin-kalpler-korosunun-turk-sanat-muzigi-konserini-dinledi\\\/\"]}]},{\"@type\":\"ImageObject\",\"inLanguage\":\"tr\",\"@id\":\"https:\\\/\\\/kuzeyinsesi.org\\\/index.php\\\/2024\\\/12\\\/19\\\/cumhurbaskani-tatar-degirmenlik-akincilar-belediyesi-altin-kalpler-korosunun-turk-sanat-muzigi-konserini-dinledi\\\/#primaryimage\",\"url\":\"https:\\\/\\\/kuzeyinsesi.org\\\/wp-content\\\/uploads\\\/2024\\\/12\\\/Screenshot_20241219_130804_X.jpg\",\"contentUrl\":\"https:\\\/\\\/kuzeyinsesi.org\\\/wp-content\\\/uploads\\\/2024\\\/12\\\/Screenshot_20241219_130804_X.jpg\",\"width\":1080,\"height\":550},{\"@type\":\"BreadcrumbList\",\"@id\":\"https:\\\/\\\/kuzeyinsesi.org\\\/index.php\\\/2024\\\/12\\\/19\\\/cumhurbaskani-tatar-degirmenlik-akincilar-belediyesi-altin-kalpler-korosunun-turk-sanat-muzigi-konserini-dinledi\\\/#breadcrumb\",\"itemListElement\":[{\"@type\":\"ListItem\",\"position\":1,\"name\":\"Anasayfa\",\"item\":\"https:\\\/\\\/kuzeyinsesi.org\\\/\"},{\"@type\":\"ListItem\",\"position\":2,\"name\":\"Cumhurba\u015fkan\u0131 Tatar, De\u011firmenlik Ak\u0131nc\u0131lar Belediyesi Alt\u0131n Kalpler Korosu\u2019nun T\u00fcrk Sanat M\u00fczi\u011fi Konseri\u2019ni dinledi\"}]},{\"@type\":\"WebSite\",\"@id\":\"https:\\\/\\\/kuzeyinsesi.org\\\/#website\",\"url\":\"https:\\\/\\\/kuzeyinsesi.org\\\/\",\"name\":\"Kuzeyin Sesi\",\"description\":\"Do\u011fru Haberin Adresi\",\"potentialAction\":[{\"@type\":\"SearchAction\",\"target\":{\"@type\":\"EntryPoint\",\"urlTemplate\":\"https:\\\/\\\/kuzeyinsesi.org\\\/?s={search_term_string}\"},\"query-input\":{\"@type\":\"PropertyValueSpecification\",\"valueRequired\":true,\"valueName\":\"search_term_string\"}}],\"inLanguage\":\"tr\"},{\"@type\":\"Person\",\"@id\":\"https:\\\/\\\/kuzeyinsesi.org\\\/#\\\/schema\\\/person\\\/9f859689cdf01485597712386e37f5aa\",\"name\":\"Kuzeyin Sesi\",\"image\":{\"@type\":\"ImageObject\",\"inLanguage\":\"tr\",\"@id\":\"https:\\\/\\\/secure.gravatar.com\\\/avatar\\\/bab33852abfd8b282518d6ed81826833d77c3c882d9ab608add591ccace47a44?s=96&d=mm&r=g\",\"url\":\"https:\\\/\\\/secure.gravatar.com\\\/avatar\\\/bab33852abfd8b282518d6ed81826833d77c3c882d9ab608add591ccace47a44?s=96&d=mm&r=g\",\"contentUrl\":\"https:\\\/\\\/secure.gravatar.com\\\/avatar\\\/bab33852abfd8b282518d6ed81826833d77c3c882d9ab608add591ccace47a44?s=96&d=mm&r=g\",\"caption\":\"Kuzeyin Sesi\"},\"sameAs\":[\"https:\\\/\\\/kuzeyinsesi.org\"],\"url\":\"https:\\\/\\\/kuzeyinsesi.org\\\/index.php\\\/author\\\/guven\\\/\"}]}<\/script>\n<!-- \/ Yoast SEO plugin. -->","yoast_head_json":{"title":"Cumhurba\u015fkan\u0131 Tatar, De\u011firmenlik Ak\u0131nc\u0131lar Belediyesi Alt\u0131n Kalpler Korosu\u2019nun T\u00fcrk Sanat M\u00fczi\u011fi Konseri\u2019ni dinledi - Kuzeyin Sesi","robots":{"index":"index","follow":"follow","max-snippet":"max-snippet:-1","max-image-preview":"max-image-preview:large","max-video-preview":"max-video-preview:-1"},"canonical":"https:\/\/kuzeyinsesi.org\/index.php\/2024\/12\/19\/cumhurbaskani-tatar-degirmenlik-akincilar-belediyesi-altin-kalpler-korosunun-turk-sanat-muzigi-konserini-dinledi\/","og_locale":"tr_TR","og_type":"article","og_title":"Cumhurba\u015fkan\u0131 Tatar, De\u011firmenlik Ak\u0131nc\u0131lar Belediyesi Alt\u0131n Kalpler Korosu\u2019nun T\u00fcrk Sanat M\u00fczi\u011fi Konseri\u2019ni dinledi - Kuzeyin Sesi","og_description":"Cumhurba\u015fkan\u0131 Ersin Tatar, \u015eef Murat \u00c7\u0131rako\u011flu y\u00f6netiminde d\u00fczenlenen De\u011firmenlik Ak\u0131nc\u0131lar Belediyesi Alt\u0131n Kalpler Korosu\u2019nun T\u00fcrk Sanat M\u00fczi\u011fi Konseri\u2019ni dinledi. Tatar, konserde yapt\u0131\u011f\u0131 konu\u015fmada konserin d\u00fczenlenmesinde eme\u011fi ge\u00e7enleri kutlad\u0131. Bu konseri izlemenin mutlulu\u011funu ya\u015fad\u0131\u011f\u0131n\u0131 belirten Cumhurba\u015fkan\u0131 Tatar, \u201cD\u00fcnyaya kendi k\u00fclt\u00fcr\u00fcm\u00fcz\u00fc sanat\u0131m\u0131z\u0131 ve geleneklerimizi g\u00f6sterirken, ayn\u0131 zamanda var\u0131z ve var olaca\u011f\u0131z mesaj\u0131 veriyoruz\u201d dedi","og_url":"https:\/\/kuzeyinsesi.org\/index.php\/2024\/12\/19\/cumhurbaskani-tatar-degirmenlik-akincilar-belediyesi-altin-kalpler-korosunun-turk-sanat-muzigi-konserini-dinledi\/","og_site_name":"Kuzeyin Sesi","article_publisher":"https:\/\/www.facebook.com\/kuzeyinsesii","article_published_time":"2024-12-19T11:39:31+00:00","og_image":[{"url":"https:\/\/brtk.net\/wp-content\/uploads\/2024\/12\/19\/Screenshot_20241219_130804_X.jpg?ver=726491300d4e5f26e591cde71e6ad403","type":"","width":"","height":""}],"author":"Kuzeyin Sesi","twitter_card":"summary_large_image","twitter_creator":"@kuzeyinsesii","twitter_site":"@kuzeyinsesii","twitter_misc":{"Yazan:":"Kuzeyin Sesi"},"schema":{"@context":"https:\/\/schema.org","@graph":[{"@type":"Article","@id":"https:\/\/kuzeyinsesi.org\/index.php\/2024\/12\/19\/cumhurbaskani-tatar-degirmenlik-akincilar-belediyesi-altin-kalpler-korosunun-turk-sanat-muzigi-konserini-dinledi\/#article","isPartOf":{"@id":"https:\/\/kuzeyinsesi.org\/index.php\/2024\/12\/19\/cumhurbaskani-tatar-degirmenlik-akincilar-belediyesi-altin-kalpler-korosunun-turk-sanat-muzigi-konserini-dinledi\/"},"author":{"name":"Kuzeyin Sesi","@id":"https:\/\/kuzeyinsesi.org\/#\/schema\/person\/9f859689cdf01485597712386e37f5aa"},"headline":"Cumhurba\u015fkan\u0131 Tatar, De\u011firmenlik Ak\u0131nc\u0131lar Belediyesi Alt\u0131n Kalpler Korosu\u2019nun T\u00fcrk Sanat M\u00fczi\u011fi Konseri\u2019ni dinledi","datePublished":"2024-12-19T11:39:31+00:00","mainEntityOfPage":{"@id":"https:\/\/kuzeyinsesi.org\/index.php\/2024\/12\/19\/cumhurbaskani-tatar-degirmenlik-akincilar-belediyesi-altin-kalpler-korosunun-turk-sanat-muzigi-konserini-dinledi\/"},"wordCount":106,"commentCount":0,"image":{"@id":"https:\/\/kuzeyinsesi.org\/index.php\/2024\/12\/19\/cumhurbaskani-tatar-degirmenlik-akincilar-belediyesi-altin-kalpler-korosunun-turk-sanat-muzigi-konserini-dinledi\/#primaryimage"},"thumbnailUrl":"https:\/\/kuzeyinsesi.org\/wp-content\/uploads\/2024\/12\/Screenshot_20241219_130804_X.jpg","articleSection":["Ya\u015fam"],"inLanguage":"tr","potentialAction":[{"@type":"CommentAction","name":"Comment","target":["https:\/\/kuzeyinsesi.org\/index.php\/2024\/12\/19\/cumhurbaskani-tatar-degirmenlik-akincilar-belediyesi-altin-kalpler-korosunun-turk-sanat-muzigi-konserini-dinledi\/#respond"]}]},{"@type":"WebPage","@id":"https:\/\/kuzeyinsesi.org\/index.php\/2024\/12\/19\/cumhurbaskani-tatar-degirmenlik-akincilar-belediyesi-altin-kalpler-korosunun-turk-sanat-muzigi-konserini-dinledi\/","url":"https:\/\/kuzeyinsesi.org\/index.php\/2024\/12\/19\/cumhurbaskani-tatar-degirmenlik-akincilar-belediyesi-altin-kalpler-korosunun-turk-sanat-muzigi-konserini-dinledi\/","name":"Cumhurba\u015fkan\u0131 Tatar, De\u011firmenlik Ak\u0131nc\u0131lar Belediyesi Alt\u0131n Kalpler Korosu\u2019nun T\u00fcrk Sanat M\u00fczi\u011fi Konseri\u2019ni dinledi - Kuzeyin Sesi","isPartOf":{"@id":"https:\/\/kuzeyinsesi.org\/#website"},"primaryImageOfPage":{"@id":"https:\/\/kuzeyinsesi.org\/index.php\/2024\/12\/19\/cumhurbaskani-tatar-degirmenlik-akincilar-belediyesi-altin-kalpler-korosunun-turk-sanat-muzigi-konserini-dinledi\/#primaryimage"},"image":{"@id":"https:\/\/kuzeyinsesi.org\/index.php\/2024\/12\/19\/cumhurbaskani-tatar-degirmenlik-akincilar-belediyesi-altin-kalpler-korosunun-turk-sanat-muzigi-konserini-dinledi\/#primaryimage"},"thumbnailUrl":"https:\/\/kuzeyinsesi.org\/wp-content\/uploads\/2024\/12\/Screenshot_20241219_130804_X.jpg","datePublished":"2024-12-19T11:39:31+00:00","author":{"@id":"https:\/\/kuzeyinsesi.org\/#\/schema\/person\/9f859689cdf01485597712386e37f5aa"},"breadcrumb":{"@id":"https:\/\/kuzeyinsesi.org\/index.php\/2024\/12\/19\/cumhurbaskani-tatar-degirmenlik-akincilar-belediyesi-altin-kalpler-korosunun-turk-sanat-muzigi-konserini-dinledi\/#breadcrumb"},"inLanguage":"tr","potentialAction":[{"@type":"ReadAction","target":["https:\/\/kuzeyinsesi.org\/index.php\/2024\/12\/19\/cumhurbaskani-tatar-degirmenlik-akincilar-belediyesi-altin-kalpler-korosunun-turk-sanat-muzigi-konserini-dinledi\/"]}]},{"@type":"ImageObject","inLanguage":"tr","@id":"https:\/\/kuzeyinsesi.org\/index.php\/2024\/12\/19\/cumhurbaskani-tatar-degirmenlik-akincilar-belediyesi-altin-kalpler-korosunun-turk-sanat-muzigi-konserini-dinledi\/#primaryimage","url":"https:\/\/kuzeyinsesi.org\/wp-content\/uploads\/2024\/12\/Screenshot_20241219_130804_X.jpg","contentUrl":"https:\/\/kuzeyinsesi.org\/wp-content\/uploads\/2024\/12\/Screenshot_20241219_130804_X.jpg","width":1080,"height":550},{"@type":"BreadcrumbList","@id":"https:\/\/kuzeyinsesi.org\/index.php\/2024\/12\/19\/cumhurbaskani-tatar-degirmenlik-akincilar-belediyesi-altin-kalpler-korosunun-turk-sanat-muzigi-konserini-dinledi\/#breadcrumb","itemListElement":[{"@type":"ListItem","position":1,"name":"Anasayfa","item":"https:\/\/kuzeyinsesi.org\/"},{"@type":"ListItem","position":2,"name":"Cumhurba\u015fkan\u0131 Tatar, De\u011firmenlik Ak\u0131nc\u0131lar Belediyesi Alt\u0131n Kalpler Korosu\u2019nun T\u00fcrk Sanat M\u00fczi\u011fi Konseri\u2019ni dinledi"}]},{"@type":"WebSite","@id":"https:\/\/kuzeyinsesi.org\/#website","url":"https:\/\/kuzeyinsesi.org\/","name":"Kuzeyin Sesi","description":"Do\u011fru Haberin Adresi","potentialAction":[{"@type":"SearchAction","target":{"@type":"EntryPoint","urlTemplate":"https:\/\/kuzeyinsesi.org\/?s={search_term_string}"},"query-input":{"@type":"PropertyValueSpecification","valueRequired":true,"valueName":"search_term_string"}}],"inLanguage":"tr"},{"@type":"Person","@id":"https:\/\/kuzeyinsesi.org\/#\/schema\/person\/9f859689cdf01485597712386e37f5aa","name":"Kuzeyin Sesi","image":{"@type":"ImageObject","inLanguage":"tr","@id":"https:\/\/secure.gravatar.com\/avatar\/bab33852abfd8b282518d6ed81826833d77c3c882d9ab608add591ccace47a44?s=96&d=mm&r=g","url":"https:\/\/secure.gravatar.com\/avatar\/bab33852abfd8b282518d6ed81826833d77c3c882d9ab608add591ccace47a44?s=96&d=mm&r=g","contentUrl":"https:\/\/secure.gravatar.com\/avatar\/bab33852abfd8b282518d6ed81826833d77c3c882d9ab608add591ccace47a44?s=96&d=mm&r=g","caption":"Kuzeyin Sesi"},"sameAs":["https:\/\/kuzeyinsesi.org"],"url":"https:\/\/kuzeyinsesi.org\/index.php\/author\/guven\/"}]}},"_links":{"self":[{"href":"https:\/\/kuzeyinsesi.org\/index.php\/wp-json\/wp\/v2\/posts\/15887","targetHints":{"allow":["GET"]}}],"collection":[{"href":"https:\/\/kuzeyinsesi.org\/index.php\/wp-json\/wp\/v2\/posts"}],"about":[{"href":"https:\/\/kuzeyinsesi.org\/index.php\/wp-json\/wp\/v2\/types\/post"}],"author":[{"embeddable":true,"href":"https:\/\/kuzeyinsesi.org\/index.php\/wp-json\/wp\/v2\/users\/1"}],"replies":[{"embeddable":true,"href":"https:\/\/kuzeyinsesi.org\/index.php\/wp-json\/wp\/v2\/comments?post=15887"}],"version-history":[{"count":0,"href":"https:\/\/kuzeyinsesi.org\/index.php\/wp-json\/wp\/v2\/posts\/15887\/revisions"}],"wp:featuredmedia":[{"embeddable":true,"href":"https:\/\/kuzeyinsesi.org\/index.php\/wp-json\/wp\/v2\/media\/15888"}],"wp:attachment":[{"href":"https:\/\/kuzeyinsesi.org\/index.php\/wp-json\/wp\/v2\/media?parent=15887"}],"wp:term":[{"taxonomy":"category","embeddable":true,"href":"https:\/\/kuzeyinsesi.org\/index.php\/wp-json\/wp\/v2\/categories?post=15887"},{"taxonomy":"post_tag","embeddable":true,"href":"https:\/\/kuzeyinsesi.org\/index.php\/wp-json\/wp\/v2\/tags?post=15887"}],"curies":[{"name":"wp","href":"https:\/\/api.w.org\/{rel}","templated":true}]}}