{"id":15881,"date":"2024-12-19T12:46:48","date_gmt":"2024-12-19T10:46:48","guid":{"rendered":"https:\/\/kuzeyinsesi.org\/index.php\/2024\/12\/19\/abnin-rum-tarafinin-sozculugunu-yapmasi-cozumun-onundeki-en-buyuk-engel\/"},"modified":"2024-12-19T12:46:48","modified_gmt":"2024-12-19T10:46:48","slug":"abnin-rum-tarafinin-sozculugunu-yapmasi-cozumun-onundeki-en-buyuk-engel","status":"publish","type":"post","link":"https:\/\/kuzeyinsesi.org\/index.php\/2024\/12\/19\/abnin-rum-tarafinin-sozculugunu-yapmasi-cozumun-onundeki-en-buyuk-engel\/","title":{"rendered":"\u201cAB\u2019nin,\u00a0Rum taraf\u0131n\u0131n s\u00f6zc\u00fcl\u00fc\u011f\u00fcn\u00fc yapmas\u0131 \u00e7\u00f6z\u00fcm\u00fcn \u00f6n\u00fcndeki en b\u00fcy\u00fck engel\u201d"},"content":{"rendered":"<div>\n<div class=\"mariselle-image-container center\">\n                                            <\/div>\n<p>T\u00fcrkiye D\u0131\u015fi\u015fleri Bakanl\u0131\u011f\u0131, Avrupa Birli\u011fi Genel \u0130\u015fler Konseyinin, Birli\u011fin geni\u015fleme s\u00fcrecine dair kabul etti\u011fi y\u0131ll\u0131k mutat sonu\u00e7lar\u0131na ili\u015fkin yaz\u0131l\u0131 a\u00e7\u0131klama yay\u0131mlad\u0131.<\/p>\n<p>A\u00e7\u0131klamada, sonu\u00e7larda T\u00fcrkiye\u2019nin aday \u00fclke stat\u00fcs\u00fc ve kilit rol\u00fcne vurgu yap\u0131lmas\u0131 do\u011fru ve ger\u00e7ek\u00e7i bir yakla\u015f\u0131m olarak de\u011ferlendirilirken, K\u0131br\u0131s ile ilgili b\u00f6l\u00fcme tepki g\u00f6sterildi. <\/p>\n<p>Konsey sonu\u00e7lar\u0131nda, Yunanistan ve G\u00fcney\u00a0K\u0131br\u0131s\u00a0Rum Y\u00f6netimi\u2019nin ger\u00e7eklerle ba\u011fda\u015fmayan, hukuk d\u0131\u015f\u0131 ve maksimalist g\u00f6r\u00fc\u015flerinin tekrarland\u0131\u011f\u0131n\u0131n g\u00f6r\u00fcld\u00fc\u011f\u00fc aktar\u0131lan a\u00e7\u0131klamada, \u201cT\u00fcrkiye\u2019nin ve Kuzey\u00a0K\u0131br\u0131s\u00a0T\u00fcrk Cumhuriyeti\u2019nin me\u015fru kayg\u0131lar\u0131 ve hakl\u0131 politikalar\u0131 g\u00f6z ard\u0131 edilmi\u015ftir\u201d denildi. <\/p>\n<p>A\u00e7\u0131klamada \u201cAB\u2019nin,\u00a0K\u0131br\u0131s\u00a0Rum taraf\u0131n\u0131n s\u00f6zc\u00fcl\u00fc\u011f\u00fcn\u00fc yapmas\u0131 ve\u00a0K\u0131br\u0131s\u00a0T\u00fcrk halk\u0131n\u0131n \u00f6zden gelen haklar\u0131n\u0131 g\u00f6z ard\u0131 etmesinin, Ada\u2019da \u00e7\u00f6z\u00fcme ula\u015f\u0131lmas\u0131n\u0131n \u00f6n\u00fcndeki en b\u00fcy\u00fck engel oldu\u011funu hat\u0131rlat\u0131yoruz.\u201d \u0130fadeleri kullan\u0131ld\u0131.<\/p>\n<\/p><\/div>\n<p><script async\n                    defer\n                    crossorigin=\"anonymous\"\n                    src=\"https:\/\/connect.facebook.net\/tr_TR\/sdk.js#xfbml=1&#038;version=v3.3\"\n            ><\/script><\/p>\n","protected":false},"excerpt":{"rendered":"<p>T\u00fcrkiye D\u0131\u015fi\u015fleri Bakanl\u0131\u011f\u0131, Avrupa Birli\u011fi Genel \u0130\u015fler Konseyinin, Birli\u011fin geni\u015fleme s\u00fcrecine dair kabul etti\u011fi y\u0131ll\u0131k mutat sonu\u00e7lar\u0131na ili\u015fkin yaz\u0131l\u0131 a\u00e7\u0131klama yay\u0131mlad\u0131. A\u00e7\u0131klamada, sonu\u00e7larda T\u00fcrkiye\u2019nin aday \u00fclke stat\u00fcs\u00fc ve kilit rol\u00fcne vurgu yap\u0131lmas\u0131 do\u011fru ve ger\u00e7ek\u00e7i bir yakla\u015f\u0131m olarak de\u011ferlendirilirken, K\u0131br\u0131s ile ilgili b\u00f6l\u00fcme tepki g\u00f6sterildi. Konsey sonu\u00e7lar\u0131nda, Yunanistan ve G\u00fcney\u00a0K\u0131br\u0131s\u00a0Rum Y\u00f6netimi\u2019nin ger\u00e7eklerle ba\u011fda\u015fmayan, hukuk d\u0131\u015f\u0131 [&hellip;]<\/p>\n","protected":false},"author":1,"featured_media":15882,"comment_status":"open","ping_status":"open","sticky":false,"template":"","format":"standard","meta":{"jnews-multi-image_gallery":[],"jnews_single_post":[],"jnews_primary_category":[],"jnews_social_meta":[],"jnews_override_counter":[],"footnotes":""},"categories":[5],"tags":[],"class_list":["post-15881","post","type-post","status-publish","format-standard","has-post-thumbnail","hentry","category-turkiye"],"yoast_head":"<!-- This site is optimized with the Yoast SEO plugin v27.4 - https:\/\/yoast.com\/product\/yoast-seo-wordpress\/ -->\n<title>\u201cAB\u2019nin,\u00a0Rum taraf\u0131n\u0131n s\u00f6zc\u00fcl\u00fc\u011f\u00fcn\u00fc yapmas\u0131 \u00e7\u00f6z\u00fcm\u00fcn \u00f6n\u00fcndeki en b\u00fcy\u00fck engel\u201d - Kuzeyin Sesi<\/title>\n<meta name=\"robots\" content=\"index, follow, max-snippet:-1, max-image-preview:large, max-video-preview:-1\" \/>\n<link rel=\"canonical\" href=\"https:\/\/kuzeyinsesi.org\/index.php\/2024\/12\/19\/abnin-rum-tarafinin-sozculugunu-yapmasi-cozumun-onundeki-en-buyuk-engel\/\" \/>\n<meta property=\"og:locale\" content=\"tr_TR\" \/>\n<meta property=\"og:type\" content=\"article\" \/>\n<meta property=\"og:title\" content=\"\u201cAB\u2019nin,\u00a0Rum taraf\u0131n\u0131n s\u00f6zc\u00fcl\u00fc\u011f\u00fcn\u00fc yapmas\u0131 \u00e7\u00f6z\u00fcm\u00fcn \u00f6n\u00fcndeki en b\u00fcy\u00fck engel\u201d - Kuzeyin Sesi\" \/>\n<meta property=\"og:description\" content=\"T\u00fcrkiye D\u0131\u015fi\u015fleri Bakanl\u0131\u011f\u0131, Avrupa Birli\u011fi Genel \u0130\u015fler Konseyinin, Birli\u011fin geni\u015fleme s\u00fcrecine dair kabul etti\u011fi y\u0131ll\u0131k mutat sonu\u00e7lar\u0131na ili\u015fkin yaz\u0131l\u0131 a\u00e7\u0131klama yay\u0131mlad\u0131. A\u00e7\u0131klamada, sonu\u00e7larda T\u00fcrkiye\u2019nin aday \u00fclke stat\u00fcs\u00fc ve kilit rol\u00fcne vurgu yap\u0131lmas\u0131 do\u011fru ve ger\u00e7ek\u00e7i bir yakla\u015f\u0131m olarak de\u011ferlendirilirken, K\u0131br\u0131s ile ilgili b\u00f6l\u00fcme tepki g\u00f6sterildi. Konsey sonu\u00e7lar\u0131nda, Yunanistan ve G\u00fcney\u00a0K\u0131br\u0131s\u00a0Rum Y\u00f6netimi\u2019nin ger\u00e7eklerle ba\u011fda\u015fmayan, hukuk d\u0131\u015f\u0131 [&hellip;]\" \/>\n<meta property=\"og:url\" content=\"https:\/\/kuzeyinsesi.org\/index.php\/2024\/12\/19\/abnin-rum-tarafinin-sozculugunu-yapmasi-cozumun-onundeki-en-buyuk-engel\/\" \/>\n<meta property=\"og:site_name\" content=\"Kuzeyin Sesi\" \/>\n<meta property=\"article:publisher\" content=\"https:\/\/www.facebook.com\/kuzeyinsesii\" \/>\n<meta property=\"article:published_time\" content=\"2024-12-19T10:46:48+00:00\" \/>\n<meta property=\"og:image\" content=\"https:\/\/brtk.net\/wp-content\/uploads\/2024\/12\/19\/klklkl.jpg?ver=37dbef39986f578a39a0afadfe1a1bfe\" \/>\n<meta name=\"author\" content=\"Kuzeyin Sesi\" \/>\n<meta name=\"twitter:card\" content=\"summary_large_image\" \/>\n<meta name=\"twitter:creator\" content=\"@kuzeyinsesii\" \/>\n<meta name=\"twitter:site\" content=\"@kuzeyinsesii\" \/>\n<meta name=\"twitter:label1\" content=\"Yazan:\" \/>\n\t<meta name=\"twitter:data1\" content=\"Kuzeyin Sesi\" \/>\n\t<meta name=\"twitter:label2\" content=\"Tahmini okuma s\u00fcresi\" \/>\n\t<meta name=\"twitter:data2\" content=\"1 dakika\" \/>\n<script type=\"application\/ld+json\" class=\"yoast-schema-graph\">{\"@context\":\"https:\\\/\\\/schema.org\",\"@graph\":[{\"@type\":\"Article\",\"@id\":\"https:\\\/\\\/kuzeyinsesi.org\\\/index.php\\\/2024\\\/12\\\/19\\\/abnin-rum-tarafinin-sozculugunu-yapmasi-cozumun-onundeki-en-buyuk-engel\\\/#article\",\"isPartOf\":{\"@id\":\"https:\\\/\\\/kuzeyinsesi.org\\\/index.php\\\/2024\\\/12\\\/19\\\/abnin-rum-tarafinin-sozculugunu-yapmasi-cozumun-onundeki-en-buyuk-engel\\\/\"},\"author\":{\"name\":\"Kuzeyin Sesi\",\"@id\":\"https:\\\/\\\/kuzeyinsesi.org\\\/#\\\/schema\\\/person\\\/9f859689cdf01485597712386e37f5aa\"},\"headline\":\"\u201cAB\u2019nin,\u00a0Rum taraf\u0131n\u0131n s\u00f6zc\u00fcl\u00fc\u011f\u00fcn\u00fc yapmas\u0131 \u00e7\u00f6z\u00fcm\u00fcn \u00f6n\u00fcndeki en b\u00fcy\u00fck engel\u201d\",\"datePublished\":\"2024-12-19T10:46:48+00:00\",\"mainEntityOfPage\":{\"@id\":\"https:\\\/\\\/kuzeyinsesi.org\\\/index.php\\\/2024\\\/12\\\/19\\\/abnin-rum-tarafinin-sozculugunu-yapmasi-cozumun-onundeki-en-buyuk-engel\\\/\"},\"wordCount\":217,\"commentCount\":0,\"image\":{\"@id\":\"https:\\\/\\\/kuzeyinsesi.org\\\/index.php\\\/2024\\\/12\\\/19\\\/abnin-rum-tarafinin-sozculugunu-yapmasi-cozumun-onundeki-en-buyuk-engel\\\/#primaryimage\"},\"thumbnailUrl\":\"https:\\\/\\\/kuzeyinsesi.org\\\/wp-content\\\/uploads\\\/2024\\\/12\\\/klklkl.jpg\",\"articleSection\":[\"T\u00fcrkiye\"],\"inLanguage\":\"tr\",\"potentialAction\":[{\"@type\":\"CommentAction\",\"name\":\"Comment\",\"target\":[\"https:\\\/\\\/kuzeyinsesi.org\\\/index.php\\\/2024\\\/12\\\/19\\\/abnin-rum-tarafinin-sozculugunu-yapmasi-cozumun-onundeki-en-buyuk-engel\\\/#respond\"]}]},{\"@type\":\"WebPage\",\"@id\":\"https:\\\/\\\/kuzeyinsesi.org\\\/index.php\\\/2024\\\/12\\\/19\\\/abnin-rum-tarafinin-sozculugunu-yapmasi-cozumun-onundeki-en-buyuk-engel\\\/\",\"url\":\"https:\\\/\\\/kuzeyinsesi.org\\\/index.php\\\/2024\\\/12\\\/19\\\/abnin-rum-tarafinin-sozculugunu-yapmasi-cozumun-onundeki-en-buyuk-engel\\\/\",\"name\":\"\u201cAB\u2019nin,\u00a0Rum taraf\u0131n\u0131n s\u00f6zc\u00fcl\u00fc\u011f\u00fcn\u00fc yapmas\u0131 \u00e7\u00f6z\u00fcm\u00fcn \u00f6n\u00fcndeki en b\u00fcy\u00fck engel\u201d - Kuzeyin Sesi\",\"isPartOf\":{\"@id\":\"https:\\\/\\\/kuzeyinsesi.org\\\/#website\"},\"primaryImageOfPage\":{\"@id\":\"https:\\\/\\\/kuzeyinsesi.org\\\/index.php\\\/2024\\\/12\\\/19\\\/abnin-rum-tarafinin-sozculugunu-yapmasi-cozumun-onundeki-en-buyuk-engel\\\/#primaryimage\"},\"image\":{\"@id\":\"https:\\\/\\\/kuzeyinsesi.org\\\/index.php\\\/2024\\\/12\\\/19\\\/abnin-rum-tarafinin-sozculugunu-yapmasi-cozumun-onundeki-en-buyuk-engel\\\/#primaryimage\"},\"thumbnailUrl\":\"https:\\\/\\\/kuzeyinsesi.org\\\/wp-content\\\/uploads\\\/2024\\\/12\\\/klklkl.jpg\",\"datePublished\":\"2024-12-19T10:46:48+00:00\",\"author\":{\"@id\":\"https:\\\/\\\/kuzeyinsesi.org\\\/#\\\/schema\\\/person\\\/9f859689cdf01485597712386e37f5aa\"},\"breadcrumb\":{\"@id\":\"https:\\\/\\\/kuzeyinsesi.org\\\/index.php\\\/2024\\\/12\\\/19\\\/abnin-rum-tarafinin-sozculugunu-yapmasi-cozumun-onundeki-en-buyuk-engel\\\/#breadcrumb\"},\"inLanguage\":\"tr\",\"potentialAction\":[{\"@type\":\"ReadAction\",\"target\":[\"https:\\\/\\\/kuzeyinsesi.org\\\/index.php\\\/2024\\\/12\\\/19\\\/abnin-rum-tarafinin-sozculugunu-yapmasi-cozumun-onundeki-en-buyuk-engel\\\/\"]}]},{\"@type\":\"ImageObject\",\"inLanguage\":\"tr\",\"@id\":\"https:\\\/\\\/kuzeyinsesi.org\\\/index.php\\\/2024\\\/12\\\/19\\\/abnin-rum-tarafinin-sozculugunu-yapmasi-cozumun-onundeki-en-buyuk-engel\\\/#primaryimage\",\"url\":\"https:\\\/\\\/kuzeyinsesi.org\\\/wp-content\\\/uploads\\\/2024\\\/12\\\/klklkl.jpg\",\"contentUrl\":\"https:\\\/\\\/kuzeyinsesi.org\\\/wp-content\\\/uploads\\\/2024\\\/12\\\/klklkl.jpg\",\"width\":294,\"height\":171},{\"@type\":\"BreadcrumbList\",\"@id\":\"https:\\\/\\\/kuzeyinsesi.org\\\/index.php\\\/2024\\\/12\\\/19\\\/abnin-rum-tarafinin-sozculugunu-yapmasi-cozumun-onundeki-en-buyuk-engel\\\/#breadcrumb\",\"itemListElement\":[{\"@type\":\"ListItem\",\"position\":1,\"name\":\"Anasayfa\",\"item\":\"https:\\\/\\\/kuzeyinsesi.org\\\/\"},{\"@type\":\"ListItem\",\"position\":2,\"name\":\"\u201cAB\u2019nin,\u00a0Rum taraf\u0131n\u0131n s\u00f6zc\u00fcl\u00fc\u011f\u00fcn\u00fc yapmas\u0131 \u00e7\u00f6z\u00fcm\u00fcn \u00f6n\u00fcndeki en b\u00fcy\u00fck engel\u201d\"}]},{\"@type\":\"WebSite\",\"@id\":\"https:\\\/\\\/kuzeyinsesi.org\\\/#website\",\"url\":\"https:\\\/\\\/kuzeyinsesi.org\\\/\",\"name\":\"Kuzeyin Sesi\",\"description\":\"Do\u011fru Haberin Adresi\",\"potentialAction\":[{\"@type\":\"SearchAction\",\"target\":{\"@type\":\"EntryPoint\",\"urlTemplate\":\"https:\\\/\\\/kuzeyinsesi.org\\\/?s={search_term_string}\"},\"query-input\":{\"@type\":\"PropertyValueSpecification\",\"valueRequired\":true,\"valueName\":\"search_term_string\"}}],\"inLanguage\":\"tr\"},{\"@type\":\"Person\",\"@id\":\"https:\\\/\\\/kuzeyinsesi.org\\\/#\\\/schema\\\/person\\\/9f859689cdf01485597712386e37f5aa\",\"name\":\"Kuzeyin Sesi\",\"image\":{\"@type\":\"ImageObject\",\"inLanguage\":\"tr\",\"@id\":\"https:\\\/\\\/secure.gravatar.com\\\/avatar\\\/bab33852abfd8b282518d6ed81826833d77c3c882d9ab608add591ccace47a44?s=96&d=mm&r=g\",\"url\":\"https:\\\/\\\/secure.gravatar.com\\\/avatar\\\/bab33852abfd8b282518d6ed81826833d77c3c882d9ab608add591ccace47a44?s=96&d=mm&r=g\",\"contentUrl\":\"https:\\\/\\\/secure.gravatar.com\\\/avatar\\\/bab33852abfd8b282518d6ed81826833d77c3c882d9ab608add591ccace47a44?s=96&d=mm&r=g\",\"caption\":\"Kuzeyin Sesi\"},\"sameAs\":[\"https:\\\/\\\/kuzeyinsesi.org\"],\"url\":\"https:\\\/\\\/kuzeyinsesi.org\\\/index.php\\\/author\\\/guven\\\/\"}]}<\/script>\n<!-- \/ Yoast SEO plugin. -->","yoast_head_json":{"title":"\u201cAB\u2019nin,\u00a0Rum taraf\u0131n\u0131n s\u00f6zc\u00fcl\u00fc\u011f\u00fcn\u00fc yapmas\u0131 \u00e7\u00f6z\u00fcm\u00fcn \u00f6n\u00fcndeki en b\u00fcy\u00fck engel\u201d - Kuzeyin Sesi","robots":{"index":"index","follow":"follow","max-snippet":"max-snippet:-1","max-image-preview":"max-image-preview:large","max-video-preview":"max-video-preview:-1"},"canonical":"https:\/\/kuzeyinsesi.org\/index.php\/2024\/12\/19\/abnin-rum-tarafinin-sozculugunu-yapmasi-cozumun-onundeki-en-buyuk-engel\/","og_locale":"tr_TR","og_type":"article","og_title":"\u201cAB\u2019nin,\u00a0Rum taraf\u0131n\u0131n s\u00f6zc\u00fcl\u00fc\u011f\u00fcn\u00fc yapmas\u0131 \u00e7\u00f6z\u00fcm\u00fcn \u00f6n\u00fcndeki en b\u00fcy\u00fck engel\u201d - Kuzeyin Sesi","og_description":"T\u00fcrkiye D\u0131\u015fi\u015fleri Bakanl\u0131\u011f\u0131, Avrupa Birli\u011fi Genel \u0130\u015fler Konseyinin, Birli\u011fin geni\u015fleme s\u00fcrecine dair kabul etti\u011fi y\u0131ll\u0131k mutat sonu\u00e7lar\u0131na ili\u015fkin yaz\u0131l\u0131 a\u00e7\u0131klama yay\u0131mlad\u0131. A\u00e7\u0131klamada, sonu\u00e7larda T\u00fcrkiye\u2019nin aday \u00fclke stat\u00fcs\u00fc ve kilit rol\u00fcne vurgu yap\u0131lmas\u0131 do\u011fru ve ger\u00e7ek\u00e7i bir yakla\u015f\u0131m olarak de\u011ferlendirilirken, K\u0131br\u0131s ile ilgili b\u00f6l\u00fcme tepki g\u00f6sterildi. Konsey sonu\u00e7lar\u0131nda, Yunanistan ve G\u00fcney\u00a0K\u0131br\u0131s\u00a0Rum Y\u00f6netimi\u2019nin ger\u00e7eklerle ba\u011fda\u015fmayan, hukuk d\u0131\u015f\u0131 [&hellip;]","og_url":"https:\/\/kuzeyinsesi.org\/index.php\/2024\/12\/19\/abnin-rum-tarafinin-sozculugunu-yapmasi-cozumun-onundeki-en-buyuk-engel\/","og_site_name":"Kuzeyin Sesi","article_publisher":"https:\/\/www.facebook.com\/kuzeyinsesii","article_published_time":"2024-12-19T10:46:48+00:00","og_image":[{"url":"https:\/\/brtk.net\/wp-content\/uploads\/2024\/12\/19\/klklkl.jpg?ver=37dbef39986f578a39a0afadfe1a1bfe","type":"","width":"","height":""}],"author":"Kuzeyin Sesi","twitter_card":"summary_large_image","twitter_creator":"@kuzeyinsesii","twitter_site":"@kuzeyinsesii","twitter_misc":{"Yazan:":"Kuzeyin Sesi","Tahmini okuma s\u00fcresi":"1 dakika"},"schema":{"@context":"https:\/\/schema.org","@graph":[{"@type":"Article","@id":"https:\/\/kuzeyinsesi.org\/index.php\/2024\/12\/19\/abnin-rum-tarafinin-sozculugunu-yapmasi-cozumun-onundeki-en-buyuk-engel\/#article","isPartOf":{"@id":"https:\/\/kuzeyinsesi.org\/index.php\/2024\/12\/19\/abnin-rum-tarafinin-sozculugunu-yapmasi-cozumun-onundeki-en-buyuk-engel\/"},"author":{"name":"Kuzeyin Sesi","@id":"https:\/\/kuzeyinsesi.org\/#\/schema\/person\/9f859689cdf01485597712386e37f5aa"},"headline":"\u201cAB\u2019nin,\u00a0Rum taraf\u0131n\u0131n s\u00f6zc\u00fcl\u00fc\u011f\u00fcn\u00fc yapmas\u0131 \u00e7\u00f6z\u00fcm\u00fcn \u00f6n\u00fcndeki en b\u00fcy\u00fck engel\u201d","datePublished":"2024-12-19T10:46:48+00:00","mainEntityOfPage":{"@id":"https:\/\/kuzeyinsesi.org\/index.php\/2024\/12\/19\/abnin-rum-tarafinin-sozculugunu-yapmasi-cozumun-onundeki-en-buyuk-engel\/"},"wordCount":217,"commentCount":0,"image":{"@id":"https:\/\/kuzeyinsesi.org\/index.php\/2024\/12\/19\/abnin-rum-tarafinin-sozculugunu-yapmasi-cozumun-onundeki-en-buyuk-engel\/#primaryimage"},"thumbnailUrl":"https:\/\/kuzeyinsesi.org\/wp-content\/uploads\/2024\/12\/klklkl.jpg","articleSection":["T\u00fcrkiye"],"inLanguage":"tr","potentialAction":[{"@type":"CommentAction","name":"Comment","target":["https:\/\/kuzeyinsesi.org\/index.php\/2024\/12\/19\/abnin-rum-tarafinin-sozculugunu-yapmasi-cozumun-onundeki-en-buyuk-engel\/#respond"]}]},{"@type":"WebPage","@id":"https:\/\/kuzeyinsesi.org\/index.php\/2024\/12\/19\/abnin-rum-tarafinin-sozculugunu-yapmasi-cozumun-onundeki-en-buyuk-engel\/","url":"https:\/\/kuzeyinsesi.org\/index.php\/2024\/12\/19\/abnin-rum-tarafinin-sozculugunu-yapmasi-cozumun-onundeki-en-buyuk-engel\/","name":"\u201cAB\u2019nin,\u00a0Rum taraf\u0131n\u0131n s\u00f6zc\u00fcl\u00fc\u011f\u00fcn\u00fc yapmas\u0131 \u00e7\u00f6z\u00fcm\u00fcn \u00f6n\u00fcndeki en b\u00fcy\u00fck engel\u201d - Kuzeyin Sesi","isPartOf":{"@id":"https:\/\/kuzeyinsesi.org\/#website"},"primaryImageOfPage":{"@id":"https:\/\/kuzeyinsesi.org\/index.php\/2024\/12\/19\/abnin-rum-tarafinin-sozculugunu-yapmasi-cozumun-onundeki-en-buyuk-engel\/#primaryimage"},"image":{"@id":"https:\/\/kuzeyinsesi.org\/index.php\/2024\/12\/19\/abnin-rum-tarafinin-sozculugunu-yapmasi-cozumun-onundeki-en-buyuk-engel\/#primaryimage"},"thumbnailUrl":"https:\/\/kuzeyinsesi.org\/wp-content\/uploads\/2024\/12\/klklkl.jpg","datePublished":"2024-12-19T10:46:48+00:00","author":{"@id":"https:\/\/kuzeyinsesi.org\/#\/schema\/person\/9f859689cdf01485597712386e37f5aa"},"breadcrumb":{"@id":"https:\/\/kuzeyinsesi.org\/index.php\/2024\/12\/19\/abnin-rum-tarafinin-sozculugunu-yapmasi-cozumun-onundeki-en-buyuk-engel\/#breadcrumb"},"inLanguage":"tr","potentialAction":[{"@type":"ReadAction","target":["https:\/\/kuzeyinsesi.org\/index.php\/2024\/12\/19\/abnin-rum-tarafinin-sozculugunu-yapmasi-cozumun-onundeki-en-buyuk-engel\/"]}]},{"@type":"ImageObject","inLanguage":"tr","@id":"https:\/\/kuzeyinsesi.org\/index.php\/2024\/12\/19\/abnin-rum-tarafinin-sozculugunu-yapmasi-cozumun-onundeki-en-buyuk-engel\/#primaryimage","url":"https:\/\/kuzeyinsesi.org\/wp-content\/uploads\/2024\/12\/klklkl.jpg","contentUrl":"https:\/\/kuzeyinsesi.org\/wp-content\/uploads\/2024\/12\/klklkl.jpg","width":294,"height":171},{"@type":"BreadcrumbList","@id":"https:\/\/kuzeyinsesi.org\/index.php\/2024\/12\/19\/abnin-rum-tarafinin-sozculugunu-yapmasi-cozumun-onundeki-en-buyuk-engel\/#breadcrumb","itemListElement":[{"@type":"ListItem","position":1,"name":"Anasayfa","item":"https:\/\/kuzeyinsesi.org\/"},{"@type":"ListItem","position":2,"name":"\u201cAB\u2019nin,\u00a0Rum taraf\u0131n\u0131n s\u00f6zc\u00fcl\u00fc\u011f\u00fcn\u00fc yapmas\u0131 \u00e7\u00f6z\u00fcm\u00fcn \u00f6n\u00fcndeki en b\u00fcy\u00fck engel\u201d"}]},{"@type":"WebSite","@id":"https:\/\/kuzeyinsesi.org\/#website","url":"https:\/\/kuzeyinsesi.org\/","name":"Kuzeyin Sesi","description":"Do\u011fru Haberin Adresi","potentialAction":[{"@type":"SearchAction","target":{"@type":"EntryPoint","urlTemplate":"https:\/\/kuzeyinsesi.org\/?s={search_term_string}"},"query-input":{"@type":"PropertyValueSpecification","valueRequired":true,"valueName":"search_term_string"}}],"inLanguage":"tr"},{"@type":"Person","@id":"https:\/\/kuzeyinsesi.org\/#\/schema\/person\/9f859689cdf01485597712386e37f5aa","name":"Kuzeyin Sesi","image":{"@type":"ImageObject","inLanguage":"tr","@id":"https:\/\/secure.gravatar.com\/avatar\/bab33852abfd8b282518d6ed81826833d77c3c882d9ab608add591ccace47a44?s=96&d=mm&r=g","url":"https:\/\/secure.gravatar.com\/avatar\/bab33852abfd8b282518d6ed81826833d77c3c882d9ab608add591ccace47a44?s=96&d=mm&r=g","contentUrl":"https:\/\/secure.gravatar.com\/avatar\/bab33852abfd8b282518d6ed81826833d77c3c882d9ab608add591ccace47a44?s=96&d=mm&r=g","caption":"Kuzeyin Sesi"},"sameAs":["https:\/\/kuzeyinsesi.org"],"url":"https:\/\/kuzeyinsesi.org\/index.php\/author\/guven\/"}]}},"_links":{"self":[{"href":"https:\/\/kuzeyinsesi.org\/index.php\/wp-json\/wp\/v2\/posts\/15881","targetHints":{"allow":["GET"]}}],"collection":[{"href":"https:\/\/kuzeyinsesi.org\/index.php\/wp-json\/wp\/v2\/posts"}],"about":[{"href":"https:\/\/kuzeyinsesi.org\/index.php\/wp-json\/wp\/v2\/types\/post"}],"author":[{"embeddable":true,"href":"https:\/\/kuzeyinsesi.org\/index.php\/wp-json\/wp\/v2\/users\/1"}],"replies":[{"embeddable":true,"href":"https:\/\/kuzeyinsesi.org\/index.php\/wp-json\/wp\/v2\/comments?post=15881"}],"version-history":[{"count":0,"href":"https:\/\/kuzeyinsesi.org\/index.php\/wp-json\/wp\/v2\/posts\/15881\/revisions"}],"wp:featuredmedia":[{"embeddable":true,"href":"https:\/\/kuzeyinsesi.org\/index.php\/wp-json\/wp\/v2\/media\/15882"}],"wp:attachment":[{"href":"https:\/\/kuzeyinsesi.org\/index.php\/wp-json\/wp\/v2\/media?parent=15881"}],"wp:term":[{"taxonomy":"category","embeddable":true,"href":"https:\/\/kuzeyinsesi.org\/index.php\/wp-json\/wp\/v2\/categories?post=15881"},{"taxonomy":"post_tag","embeddable":true,"href":"https:\/\/kuzeyinsesi.org\/index.php\/wp-json\/wp\/v2\/tags?post=15881"}],"curies":[{"name":"wp","href":"https:\/\/api.w.org\/{rel}","templated":true}]}}