{"id":15863,"date":"2024-12-19T10:32:03","date_gmt":"2024-12-19T08:32:03","guid":{"rendered":"https:\/\/kuzeyinsesi.org\/index.php\/2024\/12\/19\/21-22-aralikta-yapilacak-new-year-bazaar-etkinliginin-geliri-ilkokul-cocuklarinin-olacak\/"},"modified":"2024-12-19T10:32:03","modified_gmt":"2024-12-19T08:32:03","slug":"21-22-aralikta-yapilacak-new-year-bazaar-etkinliginin-geliri-ilkokul-cocuklarinin-olacak","status":"publish","type":"post","link":"https:\/\/kuzeyinsesi.org\/index.php\/2024\/12\/19\/21-22-aralikta-yapilacak-new-year-bazaar-etkinliginin-geliri-ilkokul-cocuklarinin-olacak\/","title":{"rendered":"21-22 Aral\u0131k\u2019ta yap\u0131lacak New Year Bazaar etkinli\u011finin geliri ilkokul \u00e7ocuklar\u0131n\u0131n olacak"},"content":{"rendered":"<div>\n<div class=\"mariselle-image-container center\">\n                                            <\/div>\n<p>Lefko\u015fa Gen\u00e7lik Derne\u011fi\u2019nin New Year Bazaar etkinli\u011fi 21-22 Aral\u0131k tarihlerinde Yenikent\u2019te yap\u0131lacak.<\/p>\n<p>Bu y\u0131l 4\u2019\u00fcnc\u00fcs\u00fc d\u00fczenlenecek New Year Bazaar\u2019dan elde edilen gelir, ilkokul \u00e7ocuklar\u0131n\u0131n ihtiya\u00e7lar\u0131 i\u00e7in kullan\u0131lacak. Y\u0131lba\u015f\u0131 \u00e7ekili\u015fiyle hediyelerin de da\u011f\u0131t\u0131laca\u011f\u0131 etkinlikte stantlar kurulacak, dans g\u00f6sterileri sunulacak.<\/p>\n<p>Lefko\u015fa Gen\u00e7lik Derne\u011fi Y\u00fcr\u00fctme Kurulu ad\u0131na yaz\u0131l\u0131 a\u00e7\u0131klama yapan Merve Day\u0131, bu etkinli\u011fe kat\u0131lacaklar\u0131n hem yeni y\u0131l co\u015fkusunu payla\u015fabilece\u011fini, hem de \u00e7ocuklar\u0131n gelece\u011fine katk\u0131 sa\u011flayabilece\u011fi belirtti.<\/p>\n<\/p><\/div>\n<p><script async\n                    defer\n                    crossorigin=\"anonymous\"\n                    src=\"https:\/\/connect.facebook.net\/tr_TR\/sdk.js#xfbml=1&#038;version=v3.3\"\n            ><\/script><\/p>\n","protected":false},"excerpt":{"rendered":"<p>Lefko\u015fa Gen\u00e7lik Derne\u011fi\u2019nin New Year Bazaar etkinli\u011fi 21-22 Aral\u0131k tarihlerinde Yenikent\u2019te yap\u0131lacak. Bu y\u0131l 4\u2019\u00fcnc\u00fcs\u00fc d\u00fczenlenecek New Year Bazaar\u2019dan elde edilen gelir, ilkokul \u00e7ocuklar\u0131n\u0131n ihtiya\u00e7lar\u0131 i\u00e7in kullan\u0131lacak. Y\u0131lba\u015f\u0131 \u00e7ekili\u015fiyle hediyelerin de da\u011f\u0131t\u0131laca\u011f\u0131 etkinlikte stantlar kurulacak, dans g\u00f6sterileri sunulacak. Lefko\u015fa Gen\u00e7lik Derne\u011fi Y\u00fcr\u00fctme Kurulu ad\u0131na yaz\u0131l\u0131 a\u00e7\u0131klama yapan Merve Day\u0131, bu etkinli\u011fe kat\u0131lacaklar\u0131n hem yeni y\u0131l [&hellip;]<\/p>\n","protected":false},"author":1,"featured_media":15864,"comment_status":"open","ping_status":"open","sticky":false,"template":"","format":"standard","meta":{"jnews-multi-image_gallery":[],"jnews_single_post":[],"jnews_primary_category":[],"jnews_social_meta":[],"jnews_override_counter":[],"footnotes":""},"categories":[6],"tags":[],"class_list":["post-15863","post","type-post","status-publish","format-standard","has-post-thumbnail","hentry","category-yasam"],"yoast_head":"<!-- This site is optimized with the Yoast SEO plugin v27.4 - https:\/\/yoast.com\/product\/yoast-seo-wordpress\/ -->\n<title>21-22 Aral\u0131k\u2019ta yap\u0131lacak New Year Bazaar etkinli\u011finin geliri ilkokul \u00e7ocuklar\u0131n\u0131n olacak - Kuzeyin Sesi<\/title>\n<meta name=\"robots\" content=\"index, follow, max-snippet:-1, max-image-preview:large, max-video-preview:-1\" \/>\n<link rel=\"canonical\" href=\"https:\/\/kuzeyinsesi.org\/index.php\/2024\/12\/19\/21-22-aralikta-yapilacak-new-year-bazaar-etkinliginin-geliri-ilkokul-cocuklarinin-olacak\/\" \/>\n<meta property=\"og:locale\" content=\"tr_TR\" \/>\n<meta property=\"og:type\" content=\"article\" \/>\n<meta property=\"og:title\" content=\"21-22 Aral\u0131k\u2019ta yap\u0131lacak New Year Bazaar etkinli\u011finin geliri ilkokul \u00e7ocuklar\u0131n\u0131n olacak - Kuzeyin Sesi\" \/>\n<meta property=\"og:description\" content=\"Lefko\u015fa Gen\u00e7lik Derne\u011fi\u2019nin New Year Bazaar etkinli\u011fi 21-22 Aral\u0131k tarihlerinde Yenikent\u2019te yap\u0131lacak. Bu y\u0131l 4\u2019\u00fcnc\u00fcs\u00fc d\u00fczenlenecek New Year Bazaar\u2019dan elde edilen gelir, ilkokul \u00e7ocuklar\u0131n\u0131n ihtiya\u00e7lar\u0131 i\u00e7in kullan\u0131lacak. Y\u0131lba\u015f\u0131 \u00e7ekili\u015fiyle hediyelerin de da\u011f\u0131t\u0131laca\u011f\u0131 etkinlikte stantlar kurulacak, dans g\u00f6sterileri sunulacak. Lefko\u015fa Gen\u00e7lik Derne\u011fi Y\u00fcr\u00fctme Kurulu ad\u0131na yaz\u0131l\u0131 a\u00e7\u0131klama yapan Merve Day\u0131, bu etkinli\u011fe kat\u0131lacaklar\u0131n hem yeni y\u0131l [&hellip;]\" \/>\n<meta property=\"og:url\" content=\"https:\/\/kuzeyinsesi.org\/index.php\/2024\/12\/19\/21-22-aralikta-yapilacak-new-year-bazaar-etkinliginin-geliri-ilkokul-cocuklarinin-olacak\/\" \/>\n<meta property=\"og:site_name\" content=\"Kuzeyin Sesi\" \/>\n<meta property=\"article:publisher\" content=\"https:\/\/www.facebook.com\/kuzeyinsesii\" \/>\n<meta property=\"article:published_time\" content=\"2024-12-19T08:32:03+00:00\" \/>\n<meta property=\"og:image\" content=\"https:\/\/brtk.net\/wp-content\/uploads\/2024\/12\/19\/1734595518412new-year-bazaar.jpeg?ver=908b665cacf36956172baf67352a48ae\" \/>\n<meta name=\"author\" content=\"Kuzeyin Sesi\" \/>\n<meta name=\"twitter:card\" content=\"summary_large_image\" \/>\n<meta name=\"twitter:creator\" content=\"@kuzeyinsesii\" \/>\n<meta name=\"twitter:site\" content=\"@kuzeyinsesii\" \/>\n<meta name=\"twitter:label1\" content=\"Yazan:\" \/>\n\t<meta name=\"twitter:data1\" content=\"Kuzeyin Sesi\" \/>\n\t<meta name=\"twitter:label2\" content=\"Tahmini okuma s\u00fcresi\" \/>\n\t<meta name=\"twitter:data2\" content=\"1 dakika\" \/>\n<script type=\"application\/ld+json\" class=\"yoast-schema-graph\">{\"@context\":\"https:\\\/\\\/schema.org\",\"@graph\":[{\"@type\":\"Article\",\"@id\":\"https:\\\/\\\/kuzeyinsesi.org\\\/index.php\\\/2024\\\/12\\\/19\\\/21-22-aralikta-yapilacak-new-year-bazaar-etkinliginin-geliri-ilkokul-cocuklarinin-olacak\\\/#article\",\"isPartOf\":{\"@id\":\"https:\\\/\\\/kuzeyinsesi.org\\\/index.php\\\/2024\\\/12\\\/19\\\/21-22-aralikta-yapilacak-new-year-bazaar-etkinliginin-geliri-ilkokul-cocuklarinin-olacak\\\/\"},\"author\":{\"name\":\"Kuzeyin Sesi\",\"@id\":\"https:\\\/\\\/kuzeyinsesi.org\\\/#\\\/schema\\\/person\\\/9f859689cdf01485597712386e37f5aa\"},\"headline\":\"21-22 Aral\u0131k\u2019ta yap\u0131lacak New Year Bazaar etkinli\u011finin geliri ilkokul \u00e7ocuklar\u0131n\u0131n olacak\",\"datePublished\":\"2024-12-19T08:32:03+00:00\",\"mainEntityOfPage\":{\"@id\":\"https:\\\/\\\/kuzeyinsesi.org\\\/index.php\\\/2024\\\/12\\\/19\\\/21-22-aralikta-yapilacak-new-year-bazaar-etkinliginin-geliri-ilkokul-cocuklarinin-olacak\\\/\"},\"wordCount\":122,\"commentCount\":0,\"image\":{\"@id\":\"https:\\\/\\\/kuzeyinsesi.org\\\/index.php\\\/2024\\\/12\\\/19\\\/21-22-aralikta-yapilacak-new-year-bazaar-etkinliginin-geliri-ilkokul-cocuklarinin-olacak\\\/#primaryimage\"},\"thumbnailUrl\":\"https:\\\/\\\/kuzeyinsesi.org\\\/wp-content\\\/uploads\\\/2024\\\/12\\\/1734595518412new-year-bazaar.jpeg\",\"articleSection\":[\"Ya\u015fam\"],\"inLanguage\":\"tr\",\"potentialAction\":[{\"@type\":\"CommentAction\",\"name\":\"Comment\",\"target\":[\"https:\\\/\\\/kuzeyinsesi.org\\\/index.php\\\/2024\\\/12\\\/19\\\/21-22-aralikta-yapilacak-new-year-bazaar-etkinliginin-geliri-ilkokul-cocuklarinin-olacak\\\/#respond\"]}]},{\"@type\":\"WebPage\",\"@id\":\"https:\\\/\\\/kuzeyinsesi.org\\\/index.php\\\/2024\\\/12\\\/19\\\/21-22-aralikta-yapilacak-new-year-bazaar-etkinliginin-geliri-ilkokul-cocuklarinin-olacak\\\/\",\"url\":\"https:\\\/\\\/kuzeyinsesi.org\\\/index.php\\\/2024\\\/12\\\/19\\\/21-22-aralikta-yapilacak-new-year-bazaar-etkinliginin-geliri-ilkokul-cocuklarinin-olacak\\\/\",\"name\":\"21-22 Aral\u0131k\u2019ta yap\u0131lacak New Year Bazaar etkinli\u011finin geliri ilkokul \u00e7ocuklar\u0131n\u0131n olacak - Kuzeyin Sesi\",\"isPartOf\":{\"@id\":\"https:\\\/\\\/kuzeyinsesi.org\\\/#website\"},\"primaryImageOfPage\":{\"@id\":\"https:\\\/\\\/kuzeyinsesi.org\\\/index.php\\\/2024\\\/12\\\/19\\\/21-22-aralikta-yapilacak-new-year-bazaar-etkinliginin-geliri-ilkokul-cocuklarinin-olacak\\\/#primaryimage\"},\"image\":{\"@id\":\"https:\\\/\\\/kuzeyinsesi.org\\\/index.php\\\/2024\\\/12\\\/19\\\/21-22-aralikta-yapilacak-new-year-bazaar-etkinliginin-geliri-ilkokul-cocuklarinin-olacak\\\/#primaryimage\"},\"thumbnailUrl\":\"https:\\\/\\\/kuzeyinsesi.org\\\/wp-content\\\/uploads\\\/2024\\\/12\\\/1734595518412new-year-bazaar.jpeg\",\"datePublished\":\"2024-12-19T08:32:03+00:00\",\"author\":{\"@id\":\"https:\\\/\\\/kuzeyinsesi.org\\\/#\\\/schema\\\/person\\\/9f859689cdf01485597712386e37f5aa\"},\"breadcrumb\":{\"@id\":\"https:\\\/\\\/kuzeyinsesi.org\\\/index.php\\\/2024\\\/12\\\/19\\\/21-22-aralikta-yapilacak-new-year-bazaar-etkinliginin-geliri-ilkokul-cocuklarinin-olacak\\\/#breadcrumb\"},\"inLanguage\":\"tr\",\"potentialAction\":[{\"@type\":\"ReadAction\",\"target\":[\"https:\\\/\\\/kuzeyinsesi.org\\\/index.php\\\/2024\\\/12\\\/19\\\/21-22-aralikta-yapilacak-new-year-bazaar-etkinliginin-geliri-ilkokul-cocuklarinin-olacak\\\/\"]}]},{\"@type\":\"ImageObject\",\"inLanguage\":\"tr\",\"@id\":\"https:\\\/\\\/kuzeyinsesi.org\\\/index.php\\\/2024\\\/12\\\/19\\\/21-22-aralikta-yapilacak-new-year-bazaar-etkinliginin-geliri-ilkokul-cocuklarinin-olacak\\\/#primaryimage\",\"url\":\"https:\\\/\\\/kuzeyinsesi.org\\\/wp-content\\\/uploads\\\/2024\\\/12\\\/1734595518412new-year-bazaar.jpeg\",\"contentUrl\":\"https:\\\/\\\/kuzeyinsesi.org\\\/wp-content\\\/uploads\\\/2024\\\/12\\\/1734595518412new-year-bazaar.jpeg\",\"width\":1080,\"height\":1080},{\"@type\":\"BreadcrumbList\",\"@id\":\"https:\\\/\\\/kuzeyinsesi.org\\\/index.php\\\/2024\\\/12\\\/19\\\/21-22-aralikta-yapilacak-new-year-bazaar-etkinliginin-geliri-ilkokul-cocuklarinin-olacak\\\/#breadcrumb\",\"itemListElement\":[{\"@type\":\"ListItem\",\"position\":1,\"name\":\"Anasayfa\",\"item\":\"https:\\\/\\\/kuzeyinsesi.org\\\/\"},{\"@type\":\"ListItem\",\"position\":2,\"name\":\"21-22 Aral\u0131k\u2019ta yap\u0131lacak New Year Bazaar etkinli\u011finin geliri ilkokul \u00e7ocuklar\u0131n\u0131n olacak\"}]},{\"@type\":\"WebSite\",\"@id\":\"https:\\\/\\\/kuzeyinsesi.org\\\/#website\",\"url\":\"https:\\\/\\\/kuzeyinsesi.org\\\/\",\"name\":\"Kuzeyin Sesi\",\"description\":\"Do\u011fru Haberin Adresi\",\"potentialAction\":[{\"@type\":\"SearchAction\",\"target\":{\"@type\":\"EntryPoint\",\"urlTemplate\":\"https:\\\/\\\/kuzeyinsesi.org\\\/?s={search_term_string}\"},\"query-input\":{\"@type\":\"PropertyValueSpecification\",\"valueRequired\":true,\"valueName\":\"search_term_string\"}}],\"inLanguage\":\"tr\"},{\"@type\":\"Person\",\"@id\":\"https:\\\/\\\/kuzeyinsesi.org\\\/#\\\/schema\\\/person\\\/9f859689cdf01485597712386e37f5aa\",\"name\":\"Kuzeyin Sesi\",\"image\":{\"@type\":\"ImageObject\",\"inLanguage\":\"tr\",\"@id\":\"https:\\\/\\\/secure.gravatar.com\\\/avatar\\\/bab33852abfd8b282518d6ed81826833d77c3c882d9ab608add591ccace47a44?s=96&d=mm&r=g\",\"url\":\"https:\\\/\\\/secure.gravatar.com\\\/avatar\\\/bab33852abfd8b282518d6ed81826833d77c3c882d9ab608add591ccace47a44?s=96&d=mm&r=g\",\"contentUrl\":\"https:\\\/\\\/secure.gravatar.com\\\/avatar\\\/bab33852abfd8b282518d6ed81826833d77c3c882d9ab608add591ccace47a44?s=96&d=mm&r=g\",\"caption\":\"Kuzeyin Sesi\"},\"sameAs\":[\"https:\\\/\\\/kuzeyinsesi.org\"],\"url\":\"https:\\\/\\\/kuzeyinsesi.org\\\/index.php\\\/author\\\/guven\\\/\"}]}<\/script>\n<!-- \/ Yoast SEO plugin. -->","yoast_head_json":{"title":"21-22 Aral\u0131k\u2019ta yap\u0131lacak New Year Bazaar etkinli\u011finin geliri ilkokul \u00e7ocuklar\u0131n\u0131n olacak - Kuzeyin Sesi","robots":{"index":"index","follow":"follow","max-snippet":"max-snippet:-1","max-image-preview":"max-image-preview:large","max-video-preview":"max-video-preview:-1"},"canonical":"https:\/\/kuzeyinsesi.org\/index.php\/2024\/12\/19\/21-22-aralikta-yapilacak-new-year-bazaar-etkinliginin-geliri-ilkokul-cocuklarinin-olacak\/","og_locale":"tr_TR","og_type":"article","og_title":"21-22 Aral\u0131k\u2019ta yap\u0131lacak New Year Bazaar etkinli\u011finin geliri ilkokul \u00e7ocuklar\u0131n\u0131n olacak - Kuzeyin Sesi","og_description":"Lefko\u015fa Gen\u00e7lik Derne\u011fi\u2019nin New Year Bazaar etkinli\u011fi 21-22 Aral\u0131k tarihlerinde Yenikent\u2019te yap\u0131lacak. Bu y\u0131l 4\u2019\u00fcnc\u00fcs\u00fc d\u00fczenlenecek New Year Bazaar\u2019dan elde edilen gelir, ilkokul \u00e7ocuklar\u0131n\u0131n ihtiya\u00e7lar\u0131 i\u00e7in kullan\u0131lacak. Y\u0131lba\u015f\u0131 \u00e7ekili\u015fiyle hediyelerin de da\u011f\u0131t\u0131laca\u011f\u0131 etkinlikte stantlar kurulacak, dans g\u00f6sterileri sunulacak. Lefko\u015fa Gen\u00e7lik Derne\u011fi Y\u00fcr\u00fctme Kurulu ad\u0131na yaz\u0131l\u0131 a\u00e7\u0131klama yapan Merve Day\u0131, bu etkinli\u011fe kat\u0131lacaklar\u0131n hem yeni y\u0131l [&hellip;]","og_url":"https:\/\/kuzeyinsesi.org\/index.php\/2024\/12\/19\/21-22-aralikta-yapilacak-new-year-bazaar-etkinliginin-geliri-ilkokul-cocuklarinin-olacak\/","og_site_name":"Kuzeyin Sesi","article_publisher":"https:\/\/www.facebook.com\/kuzeyinsesii","article_published_time":"2024-12-19T08:32:03+00:00","og_image":[{"url":"https:\/\/brtk.net\/wp-content\/uploads\/2024\/12\/19\/1734595518412new-year-bazaar.jpeg?ver=908b665cacf36956172baf67352a48ae","type":"","width":"","height":""}],"author":"Kuzeyin Sesi","twitter_card":"summary_large_image","twitter_creator":"@kuzeyinsesii","twitter_site":"@kuzeyinsesii","twitter_misc":{"Yazan:":"Kuzeyin Sesi","Tahmini okuma s\u00fcresi":"1 dakika"},"schema":{"@context":"https:\/\/schema.org","@graph":[{"@type":"Article","@id":"https:\/\/kuzeyinsesi.org\/index.php\/2024\/12\/19\/21-22-aralikta-yapilacak-new-year-bazaar-etkinliginin-geliri-ilkokul-cocuklarinin-olacak\/#article","isPartOf":{"@id":"https:\/\/kuzeyinsesi.org\/index.php\/2024\/12\/19\/21-22-aralikta-yapilacak-new-year-bazaar-etkinliginin-geliri-ilkokul-cocuklarinin-olacak\/"},"author":{"name":"Kuzeyin Sesi","@id":"https:\/\/kuzeyinsesi.org\/#\/schema\/person\/9f859689cdf01485597712386e37f5aa"},"headline":"21-22 Aral\u0131k\u2019ta yap\u0131lacak New Year Bazaar etkinli\u011finin geliri ilkokul \u00e7ocuklar\u0131n\u0131n olacak","datePublished":"2024-12-19T08:32:03+00:00","mainEntityOfPage":{"@id":"https:\/\/kuzeyinsesi.org\/index.php\/2024\/12\/19\/21-22-aralikta-yapilacak-new-year-bazaar-etkinliginin-geliri-ilkokul-cocuklarinin-olacak\/"},"wordCount":122,"commentCount":0,"image":{"@id":"https:\/\/kuzeyinsesi.org\/index.php\/2024\/12\/19\/21-22-aralikta-yapilacak-new-year-bazaar-etkinliginin-geliri-ilkokul-cocuklarinin-olacak\/#primaryimage"},"thumbnailUrl":"https:\/\/kuzeyinsesi.org\/wp-content\/uploads\/2024\/12\/1734595518412new-year-bazaar.jpeg","articleSection":["Ya\u015fam"],"inLanguage":"tr","potentialAction":[{"@type":"CommentAction","name":"Comment","target":["https:\/\/kuzeyinsesi.org\/index.php\/2024\/12\/19\/21-22-aralikta-yapilacak-new-year-bazaar-etkinliginin-geliri-ilkokul-cocuklarinin-olacak\/#respond"]}]},{"@type":"WebPage","@id":"https:\/\/kuzeyinsesi.org\/index.php\/2024\/12\/19\/21-22-aralikta-yapilacak-new-year-bazaar-etkinliginin-geliri-ilkokul-cocuklarinin-olacak\/","url":"https:\/\/kuzeyinsesi.org\/index.php\/2024\/12\/19\/21-22-aralikta-yapilacak-new-year-bazaar-etkinliginin-geliri-ilkokul-cocuklarinin-olacak\/","name":"21-22 Aral\u0131k\u2019ta yap\u0131lacak New Year Bazaar etkinli\u011finin geliri ilkokul \u00e7ocuklar\u0131n\u0131n olacak - Kuzeyin Sesi","isPartOf":{"@id":"https:\/\/kuzeyinsesi.org\/#website"},"primaryImageOfPage":{"@id":"https:\/\/kuzeyinsesi.org\/index.php\/2024\/12\/19\/21-22-aralikta-yapilacak-new-year-bazaar-etkinliginin-geliri-ilkokul-cocuklarinin-olacak\/#primaryimage"},"image":{"@id":"https:\/\/kuzeyinsesi.org\/index.php\/2024\/12\/19\/21-22-aralikta-yapilacak-new-year-bazaar-etkinliginin-geliri-ilkokul-cocuklarinin-olacak\/#primaryimage"},"thumbnailUrl":"https:\/\/kuzeyinsesi.org\/wp-content\/uploads\/2024\/12\/1734595518412new-year-bazaar.jpeg","datePublished":"2024-12-19T08:32:03+00:00","author":{"@id":"https:\/\/kuzeyinsesi.org\/#\/schema\/person\/9f859689cdf01485597712386e37f5aa"},"breadcrumb":{"@id":"https:\/\/kuzeyinsesi.org\/index.php\/2024\/12\/19\/21-22-aralikta-yapilacak-new-year-bazaar-etkinliginin-geliri-ilkokul-cocuklarinin-olacak\/#breadcrumb"},"inLanguage":"tr","potentialAction":[{"@type":"ReadAction","target":["https:\/\/kuzeyinsesi.org\/index.php\/2024\/12\/19\/21-22-aralikta-yapilacak-new-year-bazaar-etkinliginin-geliri-ilkokul-cocuklarinin-olacak\/"]}]},{"@type":"ImageObject","inLanguage":"tr","@id":"https:\/\/kuzeyinsesi.org\/index.php\/2024\/12\/19\/21-22-aralikta-yapilacak-new-year-bazaar-etkinliginin-geliri-ilkokul-cocuklarinin-olacak\/#primaryimage","url":"https:\/\/kuzeyinsesi.org\/wp-content\/uploads\/2024\/12\/1734595518412new-year-bazaar.jpeg","contentUrl":"https:\/\/kuzeyinsesi.org\/wp-content\/uploads\/2024\/12\/1734595518412new-year-bazaar.jpeg","width":1080,"height":1080},{"@type":"BreadcrumbList","@id":"https:\/\/kuzeyinsesi.org\/index.php\/2024\/12\/19\/21-22-aralikta-yapilacak-new-year-bazaar-etkinliginin-geliri-ilkokul-cocuklarinin-olacak\/#breadcrumb","itemListElement":[{"@type":"ListItem","position":1,"name":"Anasayfa","item":"https:\/\/kuzeyinsesi.org\/"},{"@type":"ListItem","position":2,"name":"21-22 Aral\u0131k\u2019ta yap\u0131lacak New Year Bazaar etkinli\u011finin geliri ilkokul \u00e7ocuklar\u0131n\u0131n olacak"}]},{"@type":"WebSite","@id":"https:\/\/kuzeyinsesi.org\/#website","url":"https:\/\/kuzeyinsesi.org\/","name":"Kuzeyin Sesi","description":"Do\u011fru Haberin Adresi","potentialAction":[{"@type":"SearchAction","target":{"@type":"EntryPoint","urlTemplate":"https:\/\/kuzeyinsesi.org\/?s={search_term_string}"},"query-input":{"@type":"PropertyValueSpecification","valueRequired":true,"valueName":"search_term_string"}}],"inLanguage":"tr"},{"@type":"Person","@id":"https:\/\/kuzeyinsesi.org\/#\/schema\/person\/9f859689cdf01485597712386e37f5aa","name":"Kuzeyin Sesi","image":{"@type":"ImageObject","inLanguage":"tr","@id":"https:\/\/secure.gravatar.com\/avatar\/bab33852abfd8b282518d6ed81826833d77c3c882d9ab608add591ccace47a44?s=96&d=mm&r=g","url":"https:\/\/secure.gravatar.com\/avatar\/bab33852abfd8b282518d6ed81826833d77c3c882d9ab608add591ccace47a44?s=96&d=mm&r=g","contentUrl":"https:\/\/secure.gravatar.com\/avatar\/bab33852abfd8b282518d6ed81826833d77c3c882d9ab608add591ccace47a44?s=96&d=mm&r=g","caption":"Kuzeyin Sesi"},"sameAs":["https:\/\/kuzeyinsesi.org"],"url":"https:\/\/kuzeyinsesi.org\/index.php\/author\/guven\/"}]}},"_links":{"self":[{"href":"https:\/\/kuzeyinsesi.org\/index.php\/wp-json\/wp\/v2\/posts\/15863","targetHints":{"allow":["GET"]}}],"collection":[{"href":"https:\/\/kuzeyinsesi.org\/index.php\/wp-json\/wp\/v2\/posts"}],"about":[{"href":"https:\/\/kuzeyinsesi.org\/index.php\/wp-json\/wp\/v2\/types\/post"}],"author":[{"embeddable":true,"href":"https:\/\/kuzeyinsesi.org\/index.php\/wp-json\/wp\/v2\/users\/1"}],"replies":[{"embeddable":true,"href":"https:\/\/kuzeyinsesi.org\/index.php\/wp-json\/wp\/v2\/comments?post=15863"}],"version-history":[{"count":0,"href":"https:\/\/kuzeyinsesi.org\/index.php\/wp-json\/wp\/v2\/posts\/15863\/revisions"}],"wp:featuredmedia":[{"embeddable":true,"href":"https:\/\/kuzeyinsesi.org\/index.php\/wp-json\/wp\/v2\/media\/15864"}],"wp:attachment":[{"href":"https:\/\/kuzeyinsesi.org\/index.php\/wp-json\/wp\/v2\/media?parent=15863"}],"wp:term":[{"taxonomy":"category","embeddable":true,"href":"https:\/\/kuzeyinsesi.org\/index.php\/wp-json\/wp\/v2\/categories?post=15863"},{"taxonomy":"post_tag","embeddable":true,"href":"https:\/\/kuzeyinsesi.org\/index.php\/wp-json\/wp\/v2\/tags?post=15863"}],"curies":[{"name":"wp","href":"https:\/\/api.w.org\/{rel}","templated":true}]}}