{"id":15856,"date":"2024-12-18T23:34:18","date_gmt":"2024-12-18T21:34:18","guid":{"rendered":"https:\/\/kuzeyinsesi.org\/index.php\/2024\/12\/18\/tatar-ulusal-cikar-ve-menfaatlerin-korunmasinda-kktc-onemli-bir-noktadadir\/"},"modified":"2024-12-18T23:34:18","modified_gmt":"2024-12-18T21:34:18","slug":"tatar-ulusal-cikar-ve-menfaatlerin-korunmasinda-kktc-onemli-bir-noktadadir","status":"publish","type":"post","link":"https:\/\/kuzeyinsesi.org\/index.php\/2024\/12\/18\/tatar-ulusal-cikar-ve-menfaatlerin-korunmasinda-kktc-onemli-bir-noktadadir\/","title":{"rendered":"Tatar: Ulusal \u00e7\u0131kar ve menfaatlerin korunmas\u0131nda KKTC \u00f6nemli bir noktadad\u0131r"},"content":{"rendered":"<div>\n<div class=\"mariselle-image-container center\">\n                                            <\/div>\n<p>Cumhurba\u015fkan\u0131 Ersin Tatar T.C. Memur-Sen ve E\u011fitim Bir-Sen Genel Ba\u015fkan\u0131 Ali Yal\u00e7\u0131n ve Memur Sen Konfederasyonu heyetini kabul ederek, g\u00f6r\u00fc\u015ft\u00fc. <\/p>\n<p>Kabulde yapt\u0131\u011f\u0131 konu\u015fmada, Cumhurba\u015fkan\u0131 Tatar ziyaretten duydu\u011fu memnuniyeti ifade etti. <\/p>\n<p>Gelece\u011fe bakarken Anavatan T\u00fcrkiye\u2019nin de deste\u011fi ile devletimize ve egemenli\u011fimize sahip \u00e7\u0131k\u0131lmas\u0131n\u0131n \u00f6nemine vurgu yapan Cumhurba\u015fkan\u0131 Tatar, i\u015fbirli\u011finin her noktada \u00f6nemli oldu\u011funu belirtti.  <\/p>\n<p>Cumhurba\u015fkan\u0131 Ersin Tatar, Kuzey K\u0131br\u0131s T\u00fcrk Cumhuriyeti\u2019nin; T\u00fcrkiye ve T\u00fcrk D\u00fcnyas\u0131 ile olan ili\u015fkilerini g\u00fc\u00e7lendirmek, yap\u0131s\u0131n\u0131 daha da g\u00fc\u00e7l\u00fc bir \u015fekilde gelece\u011fe ta\u015f\u0131mak i\u00e7in var g\u00fcc\u00fcyle \u00e7al\u0131\u015ft\u0131\u011f\u0131n\u0131 kaydetti. <\/p>\n<p>Ge\u00e7mi\u015ften bug\u00fcne, K\u0131br\u0131s T\u00fcrk halk\u0131 olarak imkans\u0131z\u0131 ba\u015fard\u0131klar\u0131n\u0131 vurgulayan Cumhurba\u015fkan\u0131 Tatar, K\u0131br\u0131s T\u00fcrk\u00fcn\u00fcn ge\u00e7mi\u015fte \u00e7ok zor g\u00fcnlerden ge\u00e7ti\u011fini, yok olman\u0131n e\u015fi\u011fine geldi\u011fini belirtti. <\/p>\n<p>Cumhurba\u015fkan\u0131 Ersin Tatar, \u201cAnavatan, Yavruvatan, Mavi Vatan ve G\u00f6k Vatan; Bunlar\u0131 g\u00fcvenlik ve gelecek i\u00e7in bir arada tutmak \u00e7ok \u00f6nemlidir. Ulusal \u00e7\u0131kar ve menfaatlerin korunma noktas\u0131nda KKTC \u00f6nemli bir noktadad\u0131r\u201d dedi.<\/p>\n<p>Temaslar\u0131n \u00f6neminin alt\u0131n\u0131 \u00e7izen Cumhurba\u015fkan\u0131 Ersin Tatar, i\u015fbirli\u011finin zeminini haz\u0131rlayan ba\u011flant\u0131lar\u0131n gerekli oldu\u011funu ifade etti. Anavatan\u0131n kurumsal bilgisine i\u015fbirli\u011fine ihtiya\u00e7 oldu\u011funu belirterek, T\u00fcrkiye temaslar\u0131n daha da art\u0131r\u0131lmas\u0131 temennisinde bulundu.<\/p>\n<\/p><\/div>\n<p><script async\n                    defer\n                    crossorigin=\"anonymous\"\n                    src=\"https:\/\/connect.facebook.net\/tr_TR\/sdk.js#xfbml=1&#038;version=v3.3\"\n            ><\/script><\/p>\n","protected":false},"excerpt":{"rendered":"<p>Cumhurba\u015fkan\u0131 Ersin Tatar T.C. Memur-Sen ve E\u011fitim Bir-Sen Genel Ba\u015fkan\u0131 Ali Yal\u00e7\u0131n ve Memur Sen Konfederasyonu heyetini kabul ederek, g\u00f6r\u00fc\u015ft\u00fc. Kabulde yapt\u0131\u011f\u0131 konu\u015fmada, Cumhurba\u015fkan\u0131 Tatar ziyaretten duydu\u011fu memnuniyeti ifade etti. Gelece\u011fe bakarken Anavatan T\u00fcrkiye\u2019nin de deste\u011fi ile devletimize ve egemenli\u011fimize sahip \u00e7\u0131k\u0131lmas\u0131n\u0131n \u00f6nemine vurgu yapan Cumhurba\u015fkan\u0131 Tatar, i\u015fbirli\u011finin her noktada \u00f6nemli oldu\u011funu belirtti. Cumhurba\u015fkan\u0131 Ersin [&hellip;]<\/p>\n","protected":false},"author":1,"featured_media":15857,"comment_status":"open","ping_status":"open","sticky":false,"template":"","format":"standard","meta":{"jnews-multi-image_gallery":[],"jnews_single_post":[],"jnews_primary_category":[],"jnews_social_meta":[],"jnews_override_counter":[],"footnotes":""},"categories":[5],"tags":[],"class_list":["post-15856","post","type-post","status-publish","format-standard","has-post-thumbnail","hentry","category-turkiye"],"yoast_head":"<!-- This site is optimized with the Yoast SEO plugin v27.4 - https:\/\/yoast.com\/product\/yoast-seo-wordpress\/ -->\n<title>Tatar: Ulusal \u00e7\u0131kar ve menfaatlerin korunmas\u0131nda KKTC \u00f6nemli bir noktadad\u0131r - Kuzeyin Sesi<\/title>\n<meta name=\"robots\" content=\"index, follow, max-snippet:-1, max-image-preview:large, max-video-preview:-1\" \/>\n<link rel=\"canonical\" href=\"https:\/\/kuzeyinsesi.org\/index.php\/2024\/12\/18\/tatar-ulusal-cikar-ve-menfaatlerin-korunmasinda-kktc-onemli-bir-noktadadir\/\" \/>\n<meta property=\"og:locale\" content=\"tr_TR\" \/>\n<meta property=\"og:type\" content=\"article\" \/>\n<meta property=\"og:title\" content=\"Tatar: Ulusal \u00e7\u0131kar ve menfaatlerin korunmas\u0131nda KKTC \u00f6nemli bir noktadad\u0131r - Kuzeyin Sesi\" \/>\n<meta property=\"og:description\" content=\"Cumhurba\u015fkan\u0131 Ersin Tatar T.C. Memur-Sen ve E\u011fitim Bir-Sen Genel Ba\u015fkan\u0131 Ali Yal\u00e7\u0131n ve Memur Sen Konfederasyonu heyetini kabul ederek, g\u00f6r\u00fc\u015ft\u00fc. Kabulde yapt\u0131\u011f\u0131 konu\u015fmada, Cumhurba\u015fkan\u0131 Tatar ziyaretten duydu\u011fu memnuniyeti ifade etti. Gelece\u011fe bakarken Anavatan T\u00fcrkiye\u2019nin de deste\u011fi ile devletimize ve egemenli\u011fimize sahip \u00e7\u0131k\u0131lmas\u0131n\u0131n \u00f6nemine vurgu yapan Cumhurba\u015fkan\u0131 Tatar, i\u015fbirli\u011finin her noktada \u00f6nemli oldu\u011funu belirtti. Cumhurba\u015fkan\u0131 Ersin [&hellip;]\" \/>\n<meta property=\"og:url\" content=\"https:\/\/kuzeyinsesi.org\/index.php\/2024\/12\/18\/tatar-ulusal-cikar-ve-menfaatlerin-korunmasinda-kktc-onemli-bir-noktadadir\/\" \/>\n<meta property=\"og:site_name\" content=\"Kuzeyin Sesi\" \/>\n<meta property=\"article:publisher\" content=\"https:\/\/www.facebook.com\/kuzeyinsesii\" \/>\n<meta property=\"article:published_time\" content=\"2024-12-18T21:34:18+00:00\" \/>\n<meta property=\"og:image\" content=\"https:\/\/brtk.net\/wp-content\/uploads\/2024\/12\/18\/IMG-20241218-WA0044.jpg?ver=366e267f97e0d7cb582cfa2e2d02aaae\" \/>\n<meta name=\"author\" content=\"Kuzeyin Sesi\" \/>\n<meta name=\"twitter:card\" content=\"summary_large_image\" \/>\n<meta name=\"twitter:creator\" content=\"@kuzeyinsesii\" \/>\n<meta name=\"twitter:site\" content=\"@kuzeyinsesii\" \/>\n<meta name=\"twitter:label1\" content=\"Yazan:\" \/>\n\t<meta name=\"twitter:data1\" content=\"Kuzeyin Sesi\" \/>\n\t<meta name=\"twitter:label2\" content=\"Tahmini okuma s\u00fcresi\" \/>\n\t<meta name=\"twitter:data2\" content=\"1 dakika\" \/>\n<script type=\"application\/ld+json\" class=\"yoast-schema-graph\">{\"@context\":\"https:\\\/\\\/schema.org\",\"@graph\":[{\"@type\":\"Article\",\"@id\":\"https:\\\/\\\/kuzeyinsesi.org\\\/index.php\\\/2024\\\/12\\\/18\\\/tatar-ulusal-cikar-ve-menfaatlerin-korunmasinda-kktc-onemli-bir-noktadadir\\\/#article\",\"isPartOf\":{\"@id\":\"https:\\\/\\\/kuzeyinsesi.org\\\/index.php\\\/2024\\\/12\\\/18\\\/tatar-ulusal-cikar-ve-menfaatlerin-korunmasinda-kktc-onemli-bir-noktadadir\\\/\"},\"author\":{\"name\":\"Kuzeyin Sesi\",\"@id\":\"https:\\\/\\\/kuzeyinsesi.org\\\/#\\\/schema\\\/person\\\/9f859689cdf01485597712386e37f5aa\"},\"headline\":\"Tatar: Ulusal \u00e7\u0131kar ve menfaatlerin korunmas\u0131nda KKTC \u00f6nemli bir noktadad\u0131r\",\"datePublished\":\"2024-12-18T21:34:18+00:00\",\"mainEntityOfPage\":{\"@id\":\"https:\\\/\\\/kuzeyinsesi.org\\\/index.php\\\/2024\\\/12\\\/18\\\/tatar-ulusal-cikar-ve-menfaatlerin-korunmasinda-kktc-onemli-bir-noktadadir\\\/\"},\"wordCount\":267,\"commentCount\":0,\"image\":{\"@id\":\"https:\\\/\\\/kuzeyinsesi.org\\\/index.php\\\/2024\\\/12\\\/18\\\/tatar-ulusal-cikar-ve-menfaatlerin-korunmasinda-kktc-onemli-bir-noktadadir\\\/#primaryimage\"},\"thumbnailUrl\":\"https:\\\/\\\/kuzeyinsesi.org\\\/wp-content\\\/uploads\\\/2024\\\/12\\\/IMG-20241218-WA0044.jpg\",\"articleSection\":[\"T\u00fcrkiye\"],\"inLanguage\":\"tr\",\"potentialAction\":[{\"@type\":\"CommentAction\",\"name\":\"Comment\",\"target\":[\"https:\\\/\\\/kuzeyinsesi.org\\\/index.php\\\/2024\\\/12\\\/18\\\/tatar-ulusal-cikar-ve-menfaatlerin-korunmasinda-kktc-onemli-bir-noktadadir\\\/#respond\"]}]},{\"@type\":\"WebPage\",\"@id\":\"https:\\\/\\\/kuzeyinsesi.org\\\/index.php\\\/2024\\\/12\\\/18\\\/tatar-ulusal-cikar-ve-menfaatlerin-korunmasinda-kktc-onemli-bir-noktadadir\\\/\",\"url\":\"https:\\\/\\\/kuzeyinsesi.org\\\/index.php\\\/2024\\\/12\\\/18\\\/tatar-ulusal-cikar-ve-menfaatlerin-korunmasinda-kktc-onemli-bir-noktadadir\\\/\",\"name\":\"Tatar: Ulusal \u00e7\u0131kar ve menfaatlerin korunmas\u0131nda KKTC \u00f6nemli bir noktadad\u0131r - Kuzeyin Sesi\",\"isPartOf\":{\"@id\":\"https:\\\/\\\/kuzeyinsesi.org\\\/#website\"},\"primaryImageOfPage\":{\"@id\":\"https:\\\/\\\/kuzeyinsesi.org\\\/index.php\\\/2024\\\/12\\\/18\\\/tatar-ulusal-cikar-ve-menfaatlerin-korunmasinda-kktc-onemli-bir-noktadadir\\\/#primaryimage\"},\"image\":{\"@id\":\"https:\\\/\\\/kuzeyinsesi.org\\\/index.php\\\/2024\\\/12\\\/18\\\/tatar-ulusal-cikar-ve-menfaatlerin-korunmasinda-kktc-onemli-bir-noktadadir\\\/#primaryimage\"},\"thumbnailUrl\":\"https:\\\/\\\/kuzeyinsesi.org\\\/wp-content\\\/uploads\\\/2024\\\/12\\\/IMG-20241218-WA0044.jpg\",\"datePublished\":\"2024-12-18T21:34:18+00:00\",\"author\":{\"@id\":\"https:\\\/\\\/kuzeyinsesi.org\\\/#\\\/schema\\\/person\\\/9f859689cdf01485597712386e37f5aa\"},\"breadcrumb\":{\"@id\":\"https:\\\/\\\/kuzeyinsesi.org\\\/index.php\\\/2024\\\/12\\\/18\\\/tatar-ulusal-cikar-ve-menfaatlerin-korunmasinda-kktc-onemli-bir-noktadadir\\\/#breadcrumb\"},\"inLanguage\":\"tr\",\"potentialAction\":[{\"@type\":\"ReadAction\",\"target\":[\"https:\\\/\\\/kuzeyinsesi.org\\\/index.php\\\/2024\\\/12\\\/18\\\/tatar-ulusal-cikar-ve-menfaatlerin-korunmasinda-kktc-onemli-bir-noktadadir\\\/\"]}]},{\"@type\":\"ImageObject\",\"inLanguage\":\"tr\",\"@id\":\"https:\\\/\\\/kuzeyinsesi.org\\\/index.php\\\/2024\\\/12\\\/18\\\/tatar-ulusal-cikar-ve-menfaatlerin-korunmasinda-kktc-onemli-bir-noktadadir\\\/#primaryimage\",\"url\":\"https:\\\/\\\/kuzeyinsesi.org\\\/wp-content\\\/uploads\\\/2024\\\/12\\\/IMG-20241218-WA0044.jpg\",\"contentUrl\":\"https:\\\/\\\/kuzeyinsesi.org\\\/wp-content\\\/uploads\\\/2024\\\/12\\\/IMG-20241218-WA0044.jpg\",\"width\":1600,\"height\":1066},{\"@type\":\"BreadcrumbList\",\"@id\":\"https:\\\/\\\/kuzeyinsesi.org\\\/index.php\\\/2024\\\/12\\\/18\\\/tatar-ulusal-cikar-ve-menfaatlerin-korunmasinda-kktc-onemli-bir-noktadadir\\\/#breadcrumb\",\"itemListElement\":[{\"@type\":\"ListItem\",\"position\":1,\"name\":\"Anasayfa\",\"item\":\"https:\\\/\\\/kuzeyinsesi.org\\\/\"},{\"@type\":\"ListItem\",\"position\":2,\"name\":\"Tatar: Ulusal \u00e7\u0131kar ve menfaatlerin korunmas\u0131nda KKTC \u00f6nemli bir noktadad\u0131r\"}]},{\"@type\":\"WebSite\",\"@id\":\"https:\\\/\\\/kuzeyinsesi.org\\\/#website\",\"url\":\"https:\\\/\\\/kuzeyinsesi.org\\\/\",\"name\":\"Kuzeyin Sesi\",\"description\":\"Do\u011fru Haberin Adresi\",\"potentialAction\":[{\"@type\":\"SearchAction\",\"target\":{\"@type\":\"EntryPoint\",\"urlTemplate\":\"https:\\\/\\\/kuzeyinsesi.org\\\/?s={search_term_string}\"},\"query-input\":{\"@type\":\"PropertyValueSpecification\",\"valueRequired\":true,\"valueName\":\"search_term_string\"}}],\"inLanguage\":\"tr\"},{\"@type\":\"Person\",\"@id\":\"https:\\\/\\\/kuzeyinsesi.org\\\/#\\\/schema\\\/person\\\/9f859689cdf01485597712386e37f5aa\",\"name\":\"Kuzeyin Sesi\",\"image\":{\"@type\":\"ImageObject\",\"inLanguage\":\"tr\",\"@id\":\"https:\\\/\\\/secure.gravatar.com\\\/avatar\\\/bab33852abfd8b282518d6ed81826833d77c3c882d9ab608add591ccace47a44?s=96&d=mm&r=g\",\"url\":\"https:\\\/\\\/secure.gravatar.com\\\/avatar\\\/bab33852abfd8b282518d6ed81826833d77c3c882d9ab608add591ccace47a44?s=96&d=mm&r=g\",\"contentUrl\":\"https:\\\/\\\/secure.gravatar.com\\\/avatar\\\/bab33852abfd8b282518d6ed81826833d77c3c882d9ab608add591ccace47a44?s=96&d=mm&r=g\",\"caption\":\"Kuzeyin Sesi\"},\"sameAs\":[\"https:\\\/\\\/kuzeyinsesi.org\"],\"url\":\"https:\\\/\\\/kuzeyinsesi.org\\\/index.php\\\/author\\\/guven\\\/\"}]}<\/script>\n<!-- \/ Yoast SEO plugin. -->","yoast_head_json":{"title":"Tatar: Ulusal \u00e7\u0131kar ve menfaatlerin korunmas\u0131nda KKTC \u00f6nemli bir noktadad\u0131r - Kuzeyin Sesi","robots":{"index":"index","follow":"follow","max-snippet":"max-snippet:-1","max-image-preview":"max-image-preview:large","max-video-preview":"max-video-preview:-1"},"canonical":"https:\/\/kuzeyinsesi.org\/index.php\/2024\/12\/18\/tatar-ulusal-cikar-ve-menfaatlerin-korunmasinda-kktc-onemli-bir-noktadadir\/","og_locale":"tr_TR","og_type":"article","og_title":"Tatar: Ulusal \u00e7\u0131kar ve menfaatlerin korunmas\u0131nda KKTC \u00f6nemli bir noktadad\u0131r - Kuzeyin Sesi","og_description":"Cumhurba\u015fkan\u0131 Ersin Tatar T.C. Memur-Sen ve E\u011fitim Bir-Sen Genel Ba\u015fkan\u0131 Ali Yal\u00e7\u0131n ve Memur Sen Konfederasyonu heyetini kabul ederek, g\u00f6r\u00fc\u015ft\u00fc. Kabulde yapt\u0131\u011f\u0131 konu\u015fmada, Cumhurba\u015fkan\u0131 Tatar ziyaretten duydu\u011fu memnuniyeti ifade etti. Gelece\u011fe bakarken Anavatan T\u00fcrkiye\u2019nin de deste\u011fi ile devletimize ve egemenli\u011fimize sahip \u00e7\u0131k\u0131lmas\u0131n\u0131n \u00f6nemine vurgu yapan Cumhurba\u015fkan\u0131 Tatar, i\u015fbirli\u011finin her noktada \u00f6nemli oldu\u011funu belirtti. Cumhurba\u015fkan\u0131 Ersin [&hellip;]","og_url":"https:\/\/kuzeyinsesi.org\/index.php\/2024\/12\/18\/tatar-ulusal-cikar-ve-menfaatlerin-korunmasinda-kktc-onemli-bir-noktadadir\/","og_site_name":"Kuzeyin Sesi","article_publisher":"https:\/\/www.facebook.com\/kuzeyinsesii","article_published_time":"2024-12-18T21:34:18+00:00","og_image":[{"url":"https:\/\/brtk.net\/wp-content\/uploads\/2024\/12\/18\/IMG-20241218-WA0044.jpg?ver=366e267f97e0d7cb582cfa2e2d02aaae","type":"","width":"","height":""}],"author":"Kuzeyin Sesi","twitter_card":"summary_large_image","twitter_creator":"@kuzeyinsesii","twitter_site":"@kuzeyinsesii","twitter_misc":{"Yazan:":"Kuzeyin Sesi","Tahmini okuma s\u00fcresi":"1 dakika"},"schema":{"@context":"https:\/\/schema.org","@graph":[{"@type":"Article","@id":"https:\/\/kuzeyinsesi.org\/index.php\/2024\/12\/18\/tatar-ulusal-cikar-ve-menfaatlerin-korunmasinda-kktc-onemli-bir-noktadadir\/#article","isPartOf":{"@id":"https:\/\/kuzeyinsesi.org\/index.php\/2024\/12\/18\/tatar-ulusal-cikar-ve-menfaatlerin-korunmasinda-kktc-onemli-bir-noktadadir\/"},"author":{"name":"Kuzeyin Sesi","@id":"https:\/\/kuzeyinsesi.org\/#\/schema\/person\/9f859689cdf01485597712386e37f5aa"},"headline":"Tatar: Ulusal \u00e7\u0131kar ve menfaatlerin korunmas\u0131nda KKTC \u00f6nemli bir noktadad\u0131r","datePublished":"2024-12-18T21:34:18+00:00","mainEntityOfPage":{"@id":"https:\/\/kuzeyinsesi.org\/index.php\/2024\/12\/18\/tatar-ulusal-cikar-ve-menfaatlerin-korunmasinda-kktc-onemli-bir-noktadadir\/"},"wordCount":267,"commentCount":0,"image":{"@id":"https:\/\/kuzeyinsesi.org\/index.php\/2024\/12\/18\/tatar-ulusal-cikar-ve-menfaatlerin-korunmasinda-kktc-onemli-bir-noktadadir\/#primaryimage"},"thumbnailUrl":"https:\/\/kuzeyinsesi.org\/wp-content\/uploads\/2024\/12\/IMG-20241218-WA0044.jpg","articleSection":["T\u00fcrkiye"],"inLanguage":"tr","potentialAction":[{"@type":"CommentAction","name":"Comment","target":["https:\/\/kuzeyinsesi.org\/index.php\/2024\/12\/18\/tatar-ulusal-cikar-ve-menfaatlerin-korunmasinda-kktc-onemli-bir-noktadadir\/#respond"]}]},{"@type":"WebPage","@id":"https:\/\/kuzeyinsesi.org\/index.php\/2024\/12\/18\/tatar-ulusal-cikar-ve-menfaatlerin-korunmasinda-kktc-onemli-bir-noktadadir\/","url":"https:\/\/kuzeyinsesi.org\/index.php\/2024\/12\/18\/tatar-ulusal-cikar-ve-menfaatlerin-korunmasinda-kktc-onemli-bir-noktadadir\/","name":"Tatar: Ulusal \u00e7\u0131kar ve menfaatlerin korunmas\u0131nda KKTC \u00f6nemli bir noktadad\u0131r - Kuzeyin Sesi","isPartOf":{"@id":"https:\/\/kuzeyinsesi.org\/#website"},"primaryImageOfPage":{"@id":"https:\/\/kuzeyinsesi.org\/index.php\/2024\/12\/18\/tatar-ulusal-cikar-ve-menfaatlerin-korunmasinda-kktc-onemli-bir-noktadadir\/#primaryimage"},"image":{"@id":"https:\/\/kuzeyinsesi.org\/index.php\/2024\/12\/18\/tatar-ulusal-cikar-ve-menfaatlerin-korunmasinda-kktc-onemli-bir-noktadadir\/#primaryimage"},"thumbnailUrl":"https:\/\/kuzeyinsesi.org\/wp-content\/uploads\/2024\/12\/IMG-20241218-WA0044.jpg","datePublished":"2024-12-18T21:34:18+00:00","author":{"@id":"https:\/\/kuzeyinsesi.org\/#\/schema\/person\/9f859689cdf01485597712386e37f5aa"},"breadcrumb":{"@id":"https:\/\/kuzeyinsesi.org\/index.php\/2024\/12\/18\/tatar-ulusal-cikar-ve-menfaatlerin-korunmasinda-kktc-onemli-bir-noktadadir\/#breadcrumb"},"inLanguage":"tr","potentialAction":[{"@type":"ReadAction","target":["https:\/\/kuzeyinsesi.org\/index.php\/2024\/12\/18\/tatar-ulusal-cikar-ve-menfaatlerin-korunmasinda-kktc-onemli-bir-noktadadir\/"]}]},{"@type":"ImageObject","inLanguage":"tr","@id":"https:\/\/kuzeyinsesi.org\/index.php\/2024\/12\/18\/tatar-ulusal-cikar-ve-menfaatlerin-korunmasinda-kktc-onemli-bir-noktadadir\/#primaryimage","url":"https:\/\/kuzeyinsesi.org\/wp-content\/uploads\/2024\/12\/IMG-20241218-WA0044.jpg","contentUrl":"https:\/\/kuzeyinsesi.org\/wp-content\/uploads\/2024\/12\/IMG-20241218-WA0044.jpg","width":1600,"height":1066},{"@type":"BreadcrumbList","@id":"https:\/\/kuzeyinsesi.org\/index.php\/2024\/12\/18\/tatar-ulusal-cikar-ve-menfaatlerin-korunmasinda-kktc-onemli-bir-noktadadir\/#breadcrumb","itemListElement":[{"@type":"ListItem","position":1,"name":"Anasayfa","item":"https:\/\/kuzeyinsesi.org\/"},{"@type":"ListItem","position":2,"name":"Tatar: Ulusal \u00e7\u0131kar ve menfaatlerin korunmas\u0131nda KKTC \u00f6nemli bir noktadad\u0131r"}]},{"@type":"WebSite","@id":"https:\/\/kuzeyinsesi.org\/#website","url":"https:\/\/kuzeyinsesi.org\/","name":"Kuzeyin Sesi","description":"Do\u011fru Haberin Adresi","potentialAction":[{"@type":"SearchAction","target":{"@type":"EntryPoint","urlTemplate":"https:\/\/kuzeyinsesi.org\/?s={search_term_string}"},"query-input":{"@type":"PropertyValueSpecification","valueRequired":true,"valueName":"search_term_string"}}],"inLanguage":"tr"},{"@type":"Person","@id":"https:\/\/kuzeyinsesi.org\/#\/schema\/person\/9f859689cdf01485597712386e37f5aa","name":"Kuzeyin Sesi","image":{"@type":"ImageObject","inLanguage":"tr","@id":"https:\/\/secure.gravatar.com\/avatar\/bab33852abfd8b282518d6ed81826833d77c3c882d9ab608add591ccace47a44?s=96&d=mm&r=g","url":"https:\/\/secure.gravatar.com\/avatar\/bab33852abfd8b282518d6ed81826833d77c3c882d9ab608add591ccace47a44?s=96&d=mm&r=g","contentUrl":"https:\/\/secure.gravatar.com\/avatar\/bab33852abfd8b282518d6ed81826833d77c3c882d9ab608add591ccace47a44?s=96&d=mm&r=g","caption":"Kuzeyin Sesi"},"sameAs":["https:\/\/kuzeyinsesi.org"],"url":"https:\/\/kuzeyinsesi.org\/index.php\/author\/guven\/"}]}},"_links":{"self":[{"href":"https:\/\/kuzeyinsesi.org\/index.php\/wp-json\/wp\/v2\/posts\/15856","targetHints":{"allow":["GET"]}}],"collection":[{"href":"https:\/\/kuzeyinsesi.org\/index.php\/wp-json\/wp\/v2\/posts"}],"about":[{"href":"https:\/\/kuzeyinsesi.org\/index.php\/wp-json\/wp\/v2\/types\/post"}],"author":[{"embeddable":true,"href":"https:\/\/kuzeyinsesi.org\/index.php\/wp-json\/wp\/v2\/users\/1"}],"replies":[{"embeddable":true,"href":"https:\/\/kuzeyinsesi.org\/index.php\/wp-json\/wp\/v2\/comments?post=15856"}],"version-history":[{"count":0,"href":"https:\/\/kuzeyinsesi.org\/index.php\/wp-json\/wp\/v2\/posts\/15856\/revisions"}],"wp:featuredmedia":[{"embeddable":true,"href":"https:\/\/kuzeyinsesi.org\/index.php\/wp-json\/wp\/v2\/media\/15857"}],"wp:attachment":[{"href":"https:\/\/kuzeyinsesi.org\/index.php\/wp-json\/wp\/v2\/media?parent=15856"}],"wp:term":[{"taxonomy":"category","embeddable":true,"href":"https:\/\/kuzeyinsesi.org\/index.php\/wp-json\/wp\/v2\/categories?post=15856"},{"taxonomy":"post_tag","embeddable":true,"href":"https:\/\/kuzeyinsesi.org\/index.php\/wp-json\/wp\/v2\/tags?post=15856"}],"curies":[{"name":"wp","href":"https:\/\/api.w.org\/{rel}","templated":true}]}}