{"id":15822,"date":"2024-12-18T16:44:10","date_gmt":"2024-12-18T14:44:10","guid":{"rendered":"https:\/\/kuzeyinsesi.org\/index.php\/2024\/12\/18\/eurofighter-typhoon-savas-ucagi-murted-hava-ussune-indi\/"},"modified":"2024-12-18T16:44:10","modified_gmt":"2024-12-18T14:44:10","slug":"eurofighter-typhoon-savas-ucagi-murted-hava-ussune-indi","status":"publish","type":"post","link":"https:\/\/kuzeyinsesi.org\/index.php\/2024\/12\/18\/eurofighter-typhoon-savas-ucagi-murted-hava-ussune-indi\/","title":{"rendered":"Eurofighter Typhoon sava\u015f u\u00e7a\u011f\u0131 M\u00fcrted Hava \u00dcss\u00fc\u2019ne indi"},"content":{"rendered":"<div>\n<div class=\"mariselle-image-container center\">\n                                            <\/div>\n<p>Birle\u015fik Krall\u0131k Hava Kuvvetleri\u2019ne ait Eurofighter Typhoon sava\u015f u\u00e7a\u011f\u0131 Ankara\u2019daki M\u00fcrted Hava \u00dcss\u00fc\u2019ne indi. <\/p>\n<p>T\u00fcrkiye Cumhuriyeti Milli Savunma Bakan\u0131 Ya\u015far G\u00fcler, 14 Aral\u0131k Cumartesi Milli Savunma Bakanl\u0131\u011f\u0131nda medya temsilcilerine y\u00f6nelik Y\u0131ll\u0131k De\u011ferlendirme Toplant\u0131s\u0131na kat\u0131lm\u0131\u015f ve Eurofighter konusundaki g\u00f6r\u00fc\u015fmelerin olumlu \u015fekilde s\u00fcrd\u00fc\u011f\u00fcn\u00fc ifade etmi\u015fti. <\/p>\n<p>Bakan G\u00fcler, Katar\u2019da tatbikata kat\u0131lan Birle\u015fik Krall\u0131\u011fa ait 2 Eurofighter\u2019\u0131n bug\u00fcn Ankara\u2019ya gelece\u011fini ve u\u00e7aklar\u0131 g\u00f6rme f\u0131rsat\u0131 bulacaklar\u0131n\u0131 s\u00f6ylemi\u015fti.<\/p>\n<\/p><\/div>\n<p><script async\n                    defer\n                    crossorigin=\"anonymous\"\n                    src=\"https:\/\/connect.facebook.net\/tr_TR\/sdk.js#xfbml=1&#038;version=v3.3\"\n            ><\/script><\/p>\n","protected":false},"excerpt":{"rendered":"<p>Birle\u015fik Krall\u0131k Hava Kuvvetleri\u2019ne ait Eurofighter Typhoon sava\u015f u\u00e7a\u011f\u0131 Ankara\u2019daki M\u00fcrted Hava \u00dcss\u00fc\u2019ne indi. T\u00fcrkiye Cumhuriyeti Milli Savunma Bakan\u0131 Ya\u015far G\u00fcler, 14 Aral\u0131k Cumartesi Milli Savunma Bakanl\u0131\u011f\u0131nda medya temsilcilerine y\u00f6nelik Y\u0131ll\u0131k De\u011ferlendirme Toplant\u0131s\u0131na kat\u0131lm\u0131\u015f ve Eurofighter konusundaki g\u00f6r\u00fc\u015fmelerin olumlu \u015fekilde s\u00fcrd\u00fc\u011f\u00fcn\u00fc ifade etmi\u015fti. Bakan G\u00fcler, Katar\u2019da tatbikata kat\u0131lan Birle\u015fik Krall\u0131\u011fa ait 2 Eurofighter\u2019\u0131n bug\u00fcn Ankara\u2019ya [&hellip;]<\/p>\n","protected":false},"author":1,"featured_media":15823,"comment_status":"open","ping_status":"open","sticky":false,"template":"","format":"standard","meta":{"jnews-multi-image_gallery":[],"jnews_single_post":[],"jnews_primary_category":[],"jnews_social_meta":[],"jnews_override_counter":[],"footnotes":""},"categories":[5],"tags":[],"class_list":["post-15822","post","type-post","status-publish","format-standard","has-post-thumbnail","hentry","category-turkiye"],"yoast_head":"<!-- This site is optimized with the Yoast SEO plugin v27.4 - https:\/\/yoast.com\/product\/yoast-seo-wordpress\/ -->\n<title>Eurofighter Typhoon sava\u015f u\u00e7a\u011f\u0131 M\u00fcrted Hava \u00dcss\u00fc\u2019ne indi - Kuzeyin Sesi<\/title>\n<meta name=\"robots\" content=\"index, follow, max-snippet:-1, max-image-preview:large, max-video-preview:-1\" \/>\n<link rel=\"canonical\" href=\"https:\/\/kuzeyinsesi.org\/index.php\/2024\/12\/18\/eurofighter-typhoon-savas-ucagi-murted-hava-ussune-indi\/\" \/>\n<meta property=\"og:locale\" content=\"tr_TR\" \/>\n<meta property=\"og:type\" content=\"article\" \/>\n<meta property=\"og:title\" content=\"Eurofighter Typhoon sava\u015f u\u00e7a\u011f\u0131 M\u00fcrted Hava \u00dcss\u00fc\u2019ne indi - Kuzeyin Sesi\" \/>\n<meta property=\"og:description\" content=\"Birle\u015fik Krall\u0131k Hava Kuvvetleri\u2019ne ait Eurofighter Typhoon sava\u015f u\u00e7a\u011f\u0131 Ankara\u2019daki M\u00fcrted Hava \u00dcss\u00fc\u2019ne indi. T\u00fcrkiye Cumhuriyeti Milli Savunma Bakan\u0131 Ya\u015far G\u00fcler, 14 Aral\u0131k Cumartesi Milli Savunma Bakanl\u0131\u011f\u0131nda medya temsilcilerine y\u00f6nelik Y\u0131ll\u0131k De\u011ferlendirme Toplant\u0131s\u0131na kat\u0131lm\u0131\u015f ve Eurofighter konusundaki g\u00f6r\u00fc\u015fmelerin olumlu \u015fekilde s\u00fcrd\u00fc\u011f\u00fcn\u00fc ifade etmi\u015fti. Bakan G\u00fcler, Katar\u2019da tatbikata kat\u0131lan Birle\u015fik Krall\u0131\u011fa ait 2 Eurofighter\u2019\u0131n bug\u00fcn Ankara\u2019ya [&hellip;]\" \/>\n<meta property=\"og:url\" content=\"https:\/\/kuzeyinsesi.org\/index.php\/2024\/12\/18\/eurofighter-typhoon-savas-ucagi-murted-hava-ussune-indi\/\" \/>\n<meta property=\"og:site_name\" content=\"Kuzeyin Sesi\" \/>\n<meta property=\"article:publisher\" content=\"https:\/\/www.facebook.com\/kuzeyinsesii\" \/>\n<meta property=\"article:published_time\" content=\"2024-12-18T14:44:10+00:00\" \/>\n<meta property=\"og:image\" content=\"https:\/\/brtk.net\/wp-content\/uploads\/2024\/12\/18\/1734524352667savas-ucagi.jpg?ver=9ead5823b5a8fd388d2bc76030dcbdd2\" \/>\n<meta name=\"author\" content=\"Kuzeyin Sesi\" \/>\n<meta name=\"twitter:card\" content=\"summary_large_image\" \/>\n<meta name=\"twitter:creator\" content=\"@kuzeyinsesii\" \/>\n<meta name=\"twitter:site\" content=\"@kuzeyinsesii\" \/>\n<meta name=\"twitter:label1\" content=\"Yazan:\" \/>\n\t<meta name=\"twitter:data1\" content=\"Kuzeyin Sesi\" \/>\n<script type=\"application\/ld+json\" class=\"yoast-schema-graph\">{\"@context\":\"https:\\\/\\\/schema.org\",\"@graph\":[{\"@type\":\"Article\",\"@id\":\"https:\\\/\\\/kuzeyinsesi.org\\\/index.php\\\/2024\\\/12\\\/18\\\/eurofighter-typhoon-savas-ucagi-murted-hava-ussune-indi\\\/#article\",\"isPartOf\":{\"@id\":\"https:\\\/\\\/kuzeyinsesi.org\\\/index.php\\\/2024\\\/12\\\/18\\\/eurofighter-typhoon-savas-ucagi-murted-hava-ussune-indi\\\/\"},\"author\":{\"name\":\"Kuzeyin Sesi\",\"@id\":\"https:\\\/\\\/kuzeyinsesi.org\\\/#\\\/schema\\\/person\\\/9f859689cdf01485597712386e37f5aa\"},\"headline\":\"Eurofighter Typhoon sava\u015f u\u00e7a\u011f\u0131 M\u00fcrted Hava \u00dcss\u00fc\u2019ne indi\",\"datePublished\":\"2024-12-18T14:44:10+00:00\",\"mainEntityOfPage\":{\"@id\":\"https:\\\/\\\/kuzeyinsesi.org\\\/index.php\\\/2024\\\/12\\\/18\\\/eurofighter-typhoon-savas-ucagi-murted-hava-ussune-indi\\\/\"},\"wordCount\":110,\"commentCount\":0,\"image\":{\"@id\":\"https:\\\/\\\/kuzeyinsesi.org\\\/index.php\\\/2024\\\/12\\\/18\\\/eurofighter-typhoon-savas-ucagi-murted-hava-ussune-indi\\\/#primaryimage\"},\"thumbnailUrl\":\"https:\\\/\\\/kuzeyinsesi.org\\\/wp-content\\\/uploads\\\/2024\\\/12\\\/1734524352667savas-ucagi.jpg\",\"articleSection\":[\"T\u00fcrkiye\"],\"inLanguage\":\"tr\",\"potentialAction\":[{\"@type\":\"CommentAction\",\"name\":\"Comment\",\"target\":[\"https:\\\/\\\/kuzeyinsesi.org\\\/index.php\\\/2024\\\/12\\\/18\\\/eurofighter-typhoon-savas-ucagi-murted-hava-ussune-indi\\\/#respond\"]}]},{\"@type\":\"WebPage\",\"@id\":\"https:\\\/\\\/kuzeyinsesi.org\\\/index.php\\\/2024\\\/12\\\/18\\\/eurofighter-typhoon-savas-ucagi-murted-hava-ussune-indi\\\/\",\"url\":\"https:\\\/\\\/kuzeyinsesi.org\\\/index.php\\\/2024\\\/12\\\/18\\\/eurofighter-typhoon-savas-ucagi-murted-hava-ussune-indi\\\/\",\"name\":\"Eurofighter Typhoon sava\u015f u\u00e7a\u011f\u0131 M\u00fcrted Hava \u00dcss\u00fc\u2019ne indi - Kuzeyin Sesi\",\"isPartOf\":{\"@id\":\"https:\\\/\\\/kuzeyinsesi.org\\\/#website\"},\"primaryImageOfPage\":{\"@id\":\"https:\\\/\\\/kuzeyinsesi.org\\\/index.php\\\/2024\\\/12\\\/18\\\/eurofighter-typhoon-savas-ucagi-murted-hava-ussune-indi\\\/#primaryimage\"},\"image\":{\"@id\":\"https:\\\/\\\/kuzeyinsesi.org\\\/index.php\\\/2024\\\/12\\\/18\\\/eurofighter-typhoon-savas-ucagi-murted-hava-ussune-indi\\\/#primaryimage\"},\"thumbnailUrl\":\"https:\\\/\\\/kuzeyinsesi.org\\\/wp-content\\\/uploads\\\/2024\\\/12\\\/1734524352667savas-ucagi.jpg\",\"datePublished\":\"2024-12-18T14:44:10+00:00\",\"author\":{\"@id\":\"https:\\\/\\\/kuzeyinsesi.org\\\/#\\\/schema\\\/person\\\/9f859689cdf01485597712386e37f5aa\"},\"breadcrumb\":{\"@id\":\"https:\\\/\\\/kuzeyinsesi.org\\\/index.php\\\/2024\\\/12\\\/18\\\/eurofighter-typhoon-savas-ucagi-murted-hava-ussune-indi\\\/#breadcrumb\"},\"inLanguage\":\"tr\",\"potentialAction\":[{\"@type\":\"ReadAction\",\"target\":[\"https:\\\/\\\/kuzeyinsesi.org\\\/index.php\\\/2024\\\/12\\\/18\\\/eurofighter-typhoon-savas-ucagi-murted-hava-ussune-indi\\\/\"]}]},{\"@type\":\"ImageObject\",\"inLanguage\":\"tr\",\"@id\":\"https:\\\/\\\/kuzeyinsesi.org\\\/index.php\\\/2024\\\/12\\\/18\\\/eurofighter-typhoon-savas-ucagi-murted-hava-ussune-indi\\\/#primaryimage\",\"url\":\"https:\\\/\\\/kuzeyinsesi.org\\\/wp-content\\\/uploads\\\/2024\\\/12\\\/1734524352667savas-ucagi.jpg\",\"contentUrl\":\"https:\\\/\\\/kuzeyinsesi.org\\\/wp-content\\\/uploads\\\/2024\\\/12\\\/1734524352667savas-ucagi.jpg\",\"width\":864,\"height\":486},{\"@type\":\"BreadcrumbList\",\"@id\":\"https:\\\/\\\/kuzeyinsesi.org\\\/index.php\\\/2024\\\/12\\\/18\\\/eurofighter-typhoon-savas-ucagi-murted-hava-ussune-indi\\\/#breadcrumb\",\"itemListElement\":[{\"@type\":\"ListItem\",\"position\":1,\"name\":\"Anasayfa\",\"item\":\"https:\\\/\\\/kuzeyinsesi.org\\\/\"},{\"@type\":\"ListItem\",\"position\":2,\"name\":\"Eurofighter Typhoon sava\u015f u\u00e7a\u011f\u0131 M\u00fcrted Hava \u00dcss\u00fc\u2019ne indi\"}]},{\"@type\":\"WebSite\",\"@id\":\"https:\\\/\\\/kuzeyinsesi.org\\\/#website\",\"url\":\"https:\\\/\\\/kuzeyinsesi.org\\\/\",\"name\":\"Kuzeyin Sesi\",\"description\":\"Do\u011fru Haberin Adresi\",\"potentialAction\":[{\"@type\":\"SearchAction\",\"target\":{\"@type\":\"EntryPoint\",\"urlTemplate\":\"https:\\\/\\\/kuzeyinsesi.org\\\/?s={search_term_string}\"},\"query-input\":{\"@type\":\"PropertyValueSpecification\",\"valueRequired\":true,\"valueName\":\"search_term_string\"}}],\"inLanguage\":\"tr\"},{\"@type\":\"Person\",\"@id\":\"https:\\\/\\\/kuzeyinsesi.org\\\/#\\\/schema\\\/person\\\/9f859689cdf01485597712386e37f5aa\",\"name\":\"Kuzeyin Sesi\",\"image\":{\"@type\":\"ImageObject\",\"inLanguage\":\"tr\",\"@id\":\"https:\\\/\\\/secure.gravatar.com\\\/avatar\\\/bab33852abfd8b282518d6ed81826833d77c3c882d9ab608add591ccace47a44?s=96&d=mm&r=g\",\"url\":\"https:\\\/\\\/secure.gravatar.com\\\/avatar\\\/bab33852abfd8b282518d6ed81826833d77c3c882d9ab608add591ccace47a44?s=96&d=mm&r=g\",\"contentUrl\":\"https:\\\/\\\/secure.gravatar.com\\\/avatar\\\/bab33852abfd8b282518d6ed81826833d77c3c882d9ab608add591ccace47a44?s=96&d=mm&r=g\",\"caption\":\"Kuzeyin Sesi\"},\"sameAs\":[\"https:\\\/\\\/kuzeyinsesi.org\"],\"url\":\"https:\\\/\\\/kuzeyinsesi.org\\\/index.php\\\/author\\\/guven\\\/\"}]}<\/script>\n<!-- \/ Yoast SEO plugin. -->","yoast_head_json":{"title":"Eurofighter Typhoon sava\u015f u\u00e7a\u011f\u0131 M\u00fcrted Hava \u00dcss\u00fc\u2019ne indi - Kuzeyin Sesi","robots":{"index":"index","follow":"follow","max-snippet":"max-snippet:-1","max-image-preview":"max-image-preview:large","max-video-preview":"max-video-preview:-1"},"canonical":"https:\/\/kuzeyinsesi.org\/index.php\/2024\/12\/18\/eurofighter-typhoon-savas-ucagi-murted-hava-ussune-indi\/","og_locale":"tr_TR","og_type":"article","og_title":"Eurofighter Typhoon sava\u015f u\u00e7a\u011f\u0131 M\u00fcrted Hava \u00dcss\u00fc\u2019ne indi - Kuzeyin Sesi","og_description":"Birle\u015fik Krall\u0131k Hava Kuvvetleri\u2019ne ait Eurofighter Typhoon sava\u015f u\u00e7a\u011f\u0131 Ankara\u2019daki M\u00fcrted Hava \u00dcss\u00fc\u2019ne indi. T\u00fcrkiye Cumhuriyeti Milli Savunma Bakan\u0131 Ya\u015far G\u00fcler, 14 Aral\u0131k Cumartesi Milli Savunma Bakanl\u0131\u011f\u0131nda medya temsilcilerine y\u00f6nelik Y\u0131ll\u0131k De\u011ferlendirme Toplant\u0131s\u0131na kat\u0131lm\u0131\u015f ve Eurofighter konusundaki g\u00f6r\u00fc\u015fmelerin olumlu \u015fekilde s\u00fcrd\u00fc\u011f\u00fcn\u00fc ifade etmi\u015fti. Bakan G\u00fcler, Katar\u2019da tatbikata kat\u0131lan Birle\u015fik Krall\u0131\u011fa ait 2 Eurofighter\u2019\u0131n bug\u00fcn Ankara\u2019ya [&hellip;]","og_url":"https:\/\/kuzeyinsesi.org\/index.php\/2024\/12\/18\/eurofighter-typhoon-savas-ucagi-murted-hava-ussune-indi\/","og_site_name":"Kuzeyin Sesi","article_publisher":"https:\/\/www.facebook.com\/kuzeyinsesii","article_published_time":"2024-12-18T14:44:10+00:00","og_image":[{"url":"https:\/\/brtk.net\/wp-content\/uploads\/2024\/12\/18\/1734524352667savas-ucagi.jpg?ver=9ead5823b5a8fd388d2bc76030dcbdd2","type":"","width":"","height":""}],"author":"Kuzeyin Sesi","twitter_card":"summary_large_image","twitter_creator":"@kuzeyinsesii","twitter_site":"@kuzeyinsesii","twitter_misc":{"Yazan:":"Kuzeyin Sesi"},"schema":{"@context":"https:\/\/schema.org","@graph":[{"@type":"Article","@id":"https:\/\/kuzeyinsesi.org\/index.php\/2024\/12\/18\/eurofighter-typhoon-savas-ucagi-murted-hava-ussune-indi\/#article","isPartOf":{"@id":"https:\/\/kuzeyinsesi.org\/index.php\/2024\/12\/18\/eurofighter-typhoon-savas-ucagi-murted-hava-ussune-indi\/"},"author":{"name":"Kuzeyin Sesi","@id":"https:\/\/kuzeyinsesi.org\/#\/schema\/person\/9f859689cdf01485597712386e37f5aa"},"headline":"Eurofighter Typhoon sava\u015f u\u00e7a\u011f\u0131 M\u00fcrted Hava \u00dcss\u00fc\u2019ne indi","datePublished":"2024-12-18T14:44:10+00:00","mainEntityOfPage":{"@id":"https:\/\/kuzeyinsesi.org\/index.php\/2024\/12\/18\/eurofighter-typhoon-savas-ucagi-murted-hava-ussune-indi\/"},"wordCount":110,"commentCount":0,"image":{"@id":"https:\/\/kuzeyinsesi.org\/index.php\/2024\/12\/18\/eurofighter-typhoon-savas-ucagi-murted-hava-ussune-indi\/#primaryimage"},"thumbnailUrl":"https:\/\/kuzeyinsesi.org\/wp-content\/uploads\/2024\/12\/1734524352667savas-ucagi.jpg","articleSection":["T\u00fcrkiye"],"inLanguage":"tr","potentialAction":[{"@type":"CommentAction","name":"Comment","target":["https:\/\/kuzeyinsesi.org\/index.php\/2024\/12\/18\/eurofighter-typhoon-savas-ucagi-murted-hava-ussune-indi\/#respond"]}]},{"@type":"WebPage","@id":"https:\/\/kuzeyinsesi.org\/index.php\/2024\/12\/18\/eurofighter-typhoon-savas-ucagi-murted-hava-ussune-indi\/","url":"https:\/\/kuzeyinsesi.org\/index.php\/2024\/12\/18\/eurofighter-typhoon-savas-ucagi-murted-hava-ussune-indi\/","name":"Eurofighter Typhoon sava\u015f u\u00e7a\u011f\u0131 M\u00fcrted Hava \u00dcss\u00fc\u2019ne indi - Kuzeyin Sesi","isPartOf":{"@id":"https:\/\/kuzeyinsesi.org\/#website"},"primaryImageOfPage":{"@id":"https:\/\/kuzeyinsesi.org\/index.php\/2024\/12\/18\/eurofighter-typhoon-savas-ucagi-murted-hava-ussune-indi\/#primaryimage"},"image":{"@id":"https:\/\/kuzeyinsesi.org\/index.php\/2024\/12\/18\/eurofighter-typhoon-savas-ucagi-murted-hava-ussune-indi\/#primaryimage"},"thumbnailUrl":"https:\/\/kuzeyinsesi.org\/wp-content\/uploads\/2024\/12\/1734524352667savas-ucagi.jpg","datePublished":"2024-12-18T14:44:10+00:00","author":{"@id":"https:\/\/kuzeyinsesi.org\/#\/schema\/person\/9f859689cdf01485597712386e37f5aa"},"breadcrumb":{"@id":"https:\/\/kuzeyinsesi.org\/index.php\/2024\/12\/18\/eurofighter-typhoon-savas-ucagi-murted-hava-ussune-indi\/#breadcrumb"},"inLanguage":"tr","potentialAction":[{"@type":"ReadAction","target":["https:\/\/kuzeyinsesi.org\/index.php\/2024\/12\/18\/eurofighter-typhoon-savas-ucagi-murted-hava-ussune-indi\/"]}]},{"@type":"ImageObject","inLanguage":"tr","@id":"https:\/\/kuzeyinsesi.org\/index.php\/2024\/12\/18\/eurofighter-typhoon-savas-ucagi-murted-hava-ussune-indi\/#primaryimage","url":"https:\/\/kuzeyinsesi.org\/wp-content\/uploads\/2024\/12\/1734524352667savas-ucagi.jpg","contentUrl":"https:\/\/kuzeyinsesi.org\/wp-content\/uploads\/2024\/12\/1734524352667savas-ucagi.jpg","width":864,"height":486},{"@type":"BreadcrumbList","@id":"https:\/\/kuzeyinsesi.org\/index.php\/2024\/12\/18\/eurofighter-typhoon-savas-ucagi-murted-hava-ussune-indi\/#breadcrumb","itemListElement":[{"@type":"ListItem","position":1,"name":"Anasayfa","item":"https:\/\/kuzeyinsesi.org\/"},{"@type":"ListItem","position":2,"name":"Eurofighter Typhoon sava\u015f u\u00e7a\u011f\u0131 M\u00fcrted Hava \u00dcss\u00fc\u2019ne indi"}]},{"@type":"WebSite","@id":"https:\/\/kuzeyinsesi.org\/#website","url":"https:\/\/kuzeyinsesi.org\/","name":"Kuzeyin Sesi","description":"Do\u011fru Haberin Adresi","potentialAction":[{"@type":"SearchAction","target":{"@type":"EntryPoint","urlTemplate":"https:\/\/kuzeyinsesi.org\/?s={search_term_string}"},"query-input":{"@type":"PropertyValueSpecification","valueRequired":true,"valueName":"search_term_string"}}],"inLanguage":"tr"},{"@type":"Person","@id":"https:\/\/kuzeyinsesi.org\/#\/schema\/person\/9f859689cdf01485597712386e37f5aa","name":"Kuzeyin Sesi","image":{"@type":"ImageObject","inLanguage":"tr","@id":"https:\/\/secure.gravatar.com\/avatar\/bab33852abfd8b282518d6ed81826833d77c3c882d9ab608add591ccace47a44?s=96&d=mm&r=g","url":"https:\/\/secure.gravatar.com\/avatar\/bab33852abfd8b282518d6ed81826833d77c3c882d9ab608add591ccace47a44?s=96&d=mm&r=g","contentUrl":"https:\/\/secure.gravatar.com\/avatar\/bab33852abfd8b282518d6ed81826833d77c3c882d9ab608add591ccace47a44?s=96&d=mm&r=g","caption":"Kuzeyin Sesi"},"sameAs":["https:\/\/kuzeyinsesi.org"],"url":"https:\/\/kuzeyinsesi.org\/index.php\/author\/guven\/"}]}},"_links":{"self":[{"href":"https:\/\/kuzeyinsesi.org\/index.php\/wp-json\/wp\/v2\/posts\/15822","targetHints":{"allow":["GET"]}}],"collection":[{"href":"https:\/\/kuzeyinsesi.org\/index.php\/wp-json\/wp\/v2\/posts"}],"about":[{"href":"https:\/\/kuzeyinsesi.org\/index.php\/wp-json\/wp\/v2\/types\/post"}],"author":[{"embeddable":true,"href":"https:\/\/kuzeyinsesi.org\/index.php\/wp-json\/wp\/v2\/users\/1"}],"replies":[{"embeddable":true,"href":"https:\/\/kuzeyinsesi.org\/index.php\/wp-json\/wp\/v2\/comments?post=15822"}],"version-history":[{"count":0,"href":"https:\/\/kuzeyinsesi.org\/index.php\/wp-json\/wp\/v2\/posts\/15822\/revisions"}],"wp:featuredmedia":[{"embeddable":true,"href":"https:\/\/kuzeyinsesi.org\/index.php\/wp-json\/wp\/v2\/media\/15823"}],"wp:attachment":[{"href":"https:\/\/kuzeyinsesi.org\/index.php\/wp-json\/wp\/v2\/media?parent=15822"}],"wp:term":[{"taxonomy":"category","embeddable":true,"href":"https:\/\/kuzeyinsesi.org\/index.php\/wp-json\/wp\/v2\/categories?post=15822"},{"taxonomy":"post_tag","embeddable":true,"href":"https:\/\/kuzeyinsesi.org\/index.php\/wp-json\/wp\/v2\/tags?post=15822"}],"curies":[{"name":"wp","href":"https:\/\/api.w.org\/{rel}","templated":true}]}}