{"id":15814,"date":"2024-12-18T15:47:08","date_gmt":"2024-12-18T13:47:08","guid":{"rendered":"https:\/\/kuzeyinsesi.org\/index.php\/2024\/12\/18\/spot-marine-life-kibrisin-deniz-kaplumbagalarini-havalimaninda-tanitiyor\/"},"modified":"2024-12-18T15:47:08","modified_gmt":"2024-12-18T13:47:08","slug":"spot-marine-life-kibrisin-deniz-kaplumbagalarini-havalimaninda-tanitiyor","status":"publish","type":"post","link":"https:\/\/kuzeyinsesi.org\/index.php\/2024\/12\/18\/spot-marine-life-kibrisin-deniz-kaplumbagalarini-havalimaninda-tanitiyor\/","title":{"rendered":"SPOT Marine Life, K\u0131br\u0131s\u2019\u0131n deniz kaplumba\u011falar\u0131n\u0131 havaliman\u0131nda tan\u0131t\u0131yor"},"content":{"rendered":"<div>\n<div class=\"mariselle-image-container center\">\n                                            <\/div>\n<p>T&amp;T Havaliman\u0131 \u0130\u015fletmecili\u011fi\u2019nin Ercan Havaliman\u0131\u2019ndaki sergileri devam ediyor.<\/p>\n<p>T&amp;T\u2019den verilen bilgiye g\u00f6re, havaliman\u0131ndaki bu ayki serginin konu\u011fu denizin ve deniz canl\u0131lar\u0131n\u0131n korunmas\u0131na y\u00f6nelik \u00e7al\u0131\u015fmalar yapan SPOT Marine Life (cyprusturtles.org). Sergi, SPOT\u2019un projelerinde aktif olarak yer alan ve g\u00f6n\u00fcll\u00fc \u00e7al\u0131\u015fmalar yapan foto\u011fraf\u00e7\u0131lar taraf\u0131ndan \u00e7ekilen etkileyici g\u00f6rselleri sunuyor.<\/p>\n<p>SPOT Marine Life\u2019\u0131n foto\u011fraf sergisi deniz koruma alan\u0131ndaki fark\u0131ndal\u0131\u011f\u0131 art\u0131rmay\u0131 ama\u00e7l\u0131yor ve SPOT\u2019un, deniz kaplumba\u011falar\u0131n\u0131 ve deniz ekosistemini koruma \u00e7abalar\u0131n\u0131 g\u00f6zler \u00f6n\u00fcne seriyor.<\/p>\n<p>Foto\u011fraf\u00e7\u0131lar, Finlay Pitt ve Matthew Wall, SPOT\u2019un koruma projelerine aktif olarak yer alan, deniz ya\u015fam\u0131n\u0131 korumaya y\u00f6nelik \u00f6zverili \u00e7al\u0131\u015fmalar yapan g\u00f6n\u00fcll\u00fcler.<\/p>\n<p>G\u00f6rseller, sadece sanatsal de\u011fil, ayn\u0131 zamanda \u00e7evre bilincini art\u0131ran birer ara\u00e7 olarak ziyaret\u00e7ilere ula\u015f\u0131yor. B\u00f6ylece, bu sergi hem sanat hem de \u00e7evre ad\u0131na mesaj veriyor.<\/p>\n<p>Hem seyahat edenler hem de \u00e7evreye duyarl\u0131 t\u00fcm ziyaret\u00e7ilere a\u00e7\u0131k sergi havaliman\u0131 i\u00e7erisindeki pasaport sonras\u0131, yolcular\u0131n ve \u00e7evreye ilgi duyan herkesin kolayca ula\u015fabilece\u011fi bir noktada bulunuyor.<\/p>\n<p> SPOT Marine Life taraf\u0131ndan ger\u00e7ekle\u015ftirilen t\u00fcm bu \u00e7al\u0131\u015fmalar \u00c7evre Koruma Dairesi izni ve deste\u011fi ile ger\u00e7ekle\u015ftiriliyor.<\/p>\n<\/p><\/div>\n<p><script async\n                    defer\n                    crossorigin=\"anonymous\"\n                    src=\"https:\/\/connect.facebook.net\/tr_TR\/sdk.js#xfbml=1&#038;version=v3.3\"\n            ><\/script><\/p>\n","protected":false},"excerpt":{"rendered":"<p>T&amp;T Havaliman\u0131 \u0130\u015fletmecili\u011fi\u2019nin Ercan Havaliman\u0131\u2019ndaki sergileri devam ediyor. T&amp;T\u2019den verilen bilgiye g\u00f6re, havaliman\u0131ndaki bu ayki serginin konu\u011fu denizin ve deniz canl\u0131lar\u0131n\u0131n korunmas\u0131na y\u00f6nelik \u00e7al\u0131\u015fmalar yapan SPOT Marine Life (cyprusturtles.org). Sergi, SPOT\u2019un projelerinde aktif olarak yer alan ve g\u00f6n\u00fcll\u00fc \u00e7al\u0131\u015fmalar yapan foto\u011fraf\u00e7\u0131lar taraf\u0131ndan \u00e7ekilen etkileyici g\u00f6rselleri sunuyor. SPOT Marine Life\u2019\u0131n foto\u011fraf sergisi deniz koruma alan\u0131ndaki fark\u0131ndal\u0131\u011f\u0131 [&hellip;]<\/p>\n","protected":false},"author":1,"featured_media":15815,"comment_status":"open","ping_status":"open","sticky":false,"template":"","format":"standard","meta":{"jnews-multi-image_gallery":[],"jnews_single_post":[],"jnews_primary_category":[],"jnews_social_meta":[],"jnews_override_counter":[],"footnotes":""},"categories":[6],"tags":[],"class_list":["post-15814","post","type-post","status-publish","format-standard","has-post-thumbnail","hentry","category-yasam"],"yoast_head":"<!-- This site is optimized with the Yoast SEO plugin v27.4 - https:\/\/yoast.com\/product\/yoast-seo-wordpress\/ -->\n<title>SPOT Marine Life, K\u0131br\u0131s\u2019\u0131n deniz kaplumba\u011falar\u0131n\u0131 havaliman\u0131nda tan\u0131t\u0131yor - Kuzeyin Sesi<\/title>\n<meta name=\"robots\" content=\"index, follow, max-snippet:-1, max-image-preview:large, max-video-preview:-1\" \/>\n<link rel=\"canonical\" href=\"https:\/\/kuzeyinsesi.org\/index.php\/2024\/12\/18\/spot-marine-life-kibrisin-deniz-kaplumbagalarini-havalimaninda-tanitiyor\/\" \/>\n<meta property=\"og:locale\" content=\"tr_TR\" \/>\n<meta property=\"og:type\" content=\"article\" \/>\n<meta property=\"og:title\" content=\"SPOT Marine Life, K\u0131br\u0131s\u2019\u0131n deniz kaplumba\u011falar\u0131n\u0131 havaliman\u0131nda tan\u0131t\u0131yor - Kuzeyin Sesi\" \/>\n<meta property=\"og:description\" content=\"T&amp;T Havaliman\u0131 \u0130\u015fletmecili\u011fi\u2019nin Ercan Havaliman\u0131\u2019ndaki sergileri devam ediyor. T&amp;T\u2019den verilen bilgiye g\u00f6re, havaliman\u0131ndaki bu ayki serginin konu\u011fu denizin ve deniz canl\u0131lar\u0131n\u0131n korunmas\u0131na y\u00f6nelik \u00e7al\u0131\u015fmalar yapan SPOT Marine Life (cyprusturtles.org). Sergi, SPOT\u2019un projelerinde aktif olarak yer alan ve g\u00f6n\u00fcll\u00fc \u00e7al\u0131\u015fmalar yapan foto\u011fraf\u00e7\u0131lar taraf\u0131ndan \u00e7ekilen etkileyici g\u00f6rselleri sunuyor. SPOT Marine Life\u2019\u0131n foto\u011fraf sergisi deniz koruma alan\u0131ndaki fark\u0131ndal\u0131\u011f\u0131 [&hellip;]\" \/>\n<meta property=\"og:url\" content=\"https:\/\/kuzeyinsesi.org\/index.php\/2024\/12\/18\/spot-marine-life-kibrisin-deniz-kaplumbagalarini-havalimaninda-tanitiyor\/\" \/>\n<meta property=\"og:site_name\" content=\"Kuzeyin Sesi\" \/>\n<meta property=\"article:publisher\" content=\"https:\/\/www.facebook.com\/kuzeyinsesii\" \/>\n<meta property=\"article:published_time\" content=\"2024-12-18T13:47:08+00:00\" \/>\n<meta property=\"og:image\" content=\"https:\/\/brtk.net\/wp-content\/uploads\/2024\/12\/18\/1734517308858ERCAN-SERGI-1-scaled.jpg?ver=bc300e08a54fa86b8d6e6ad99f2dd50f\" \/>\n<meta name=\"author\" content=\"Kuzeyin Sesi\" \/>\n<meta name=\"twitter:card\" content=\"summary_large_image\" \/>\n<meta name=\"twitter:creator\" content=\"@kuzeyinsesii\" \/>\n<meta name=\"twitter:site\" content=\"@kuzeyinsesii\" \/>\n<meta name=\"twitter:label1\" content=\"Yazan:\" \/>\n\t<meta name=\"twitter:data1\" content=\"Kuzeyin Sesi\" \/>\n\t<meta name=\"twitter:label2\" content=\"Tahmini okuma s\u00fcresi\" \/>\n\t<meta name=\"twitter:data2\" content=\"1 dakika\" \/>\n<script type=\"application\/ld+json\" class=\"yoast-schema-graph\">{\"@context\":\"https:\\\/\\\/schema.org\",\"@graph\":[{\"@type\":\"Article\",\"@id\":\"https:\\\/\\\/kuzeyinsesi.org\\\/index.php\\\/2024\\\/12\\\/18\\\/spot-marine-life-kibrisin-deniz-kaplumbagalarini-havalimaninda-tanitiyor\\\/#article\",\"isPartOf\":{\"@id\":\"https:\\\/\\\/kuzeyinsesi.org\\\/index.php\\\/2024\\\/12\\\/18\\\/spot-marine-life-kibrisin-deniz-kaplumbagalarini-havalimaninda-tanitiyor\\\/\"},\"author\":{\"name\":\"Kuzeyin Sesi\",\"@id\":\"https:\\\/\\\/kuzeyinsesi.org\\\/#\\\/schema\\\/person\\\/9f859689cdf01485597712386e37f5aa\"},\"headline\":\"SPOT Marine Life, K\u0131br\u0131s\u2019\u0131n deniz kaplumba\u011falar\u0131n\u0131 havaliman\u0131nda tan\u0131t\u0131yor\",\"datePublished\":\"2024-12-18T13:47:08+00:00\",\"mainEntityOfPage\":{\"@id\":\"https:\\\/\\\/kuzeyinsesi.org\\\/index.php\\\/2024\\\/12\\\/18\\\/spot-marine-life-kibrisin-deniz-kaplumbagalarini-havalimaninda-tanitiyor\\\/\"},\"wordCount\":244,\"commentCount\":0,\"image\":{\"@id\":\"https:\\\/\\\/kuzeyinsesi.org\\\/index.php\\\/2024\\\/12\\\/18\\\/spot-marine-life-kibrisin-deniz-kaplumbagalarini-havalimaninda-tanitiyor\\\/#primaryimage\"},\"thumbnailUrl\":\"https:\\\/\\\/kuzeyinsesi.org\\\/wp-content\\\/uploads\\\/2024\\\/12\\\/1734517308858ERCAN-SERGI-1-scaled.jpg\",\"articleSection\":[\"Ya\u015fam\"],\"inLanguage\":\"tr\",\"potentialAction\":[{\"@type\":\"CommentAction\",\"name\":\"Comment\",\"target\":[\"https:\\\/\\\/kuzeyinsesi.org\\\/index.php\\\/2024\\\/12\\\/18\\\/spot-marine-life-kibrisin-deniz-kaplumbagalarini-havalimaninda-tanitiyor\\\/#respond\"]}]},{\"@type\":\"WebPage\",\"@id\":\"https:\\\/\\\/kuzeyinsesi.org\\\/index.php\\\/2024\\\/12\\\/18\\\/spot-marine-life-kibrisin-deniz-kaplumbagalarini-havalimaninda-tanitiyor\\\/\",\"url\":\"https:\\\/\\\/kuzeyinsesi.org\\\/index.php\\\/2024\\\/12\\\/18\\\/spot-marine-life-kibrisin-deniz-kaplumbagalarini-havalimaninda-tanitiyor\\\/\",\"name\":\"SPOT Marine Life, K\u0131br\u0131s\u2019\u0131n deniz kaplumba\u011falar\u0131n\u0131 havaliman\u0131nda tan\u0131t\u0131yor - Kuzeyin Sesi\",\"isPartOf\":{\"@id\":\"https:\\\/\\\/kuzeyinsesi.org\\\/#website\"},\"primaryImageOfPage\":{\"@id\":\"https:\\\/\\\/kuzeyinsesi.org\\\/index.php\\\/2024\\\/12\\\/18\\\/spot-marine-life-kibrisin-deniz-kaplumbagalarini-havalimaninda-tanitiyor\\\/#primaryimage\"},\"image\":{\"@id\":\"https:\\\/\\\/kuzeyinsesi.org\\\/index.php\\\/2024\\\/12\\\/18\\\/spot-marine-life-kibrisin-deniz-kaplumbagalarini-havalimaninda-tanitiyor\\\/#primaryimage\"},\"thumbnailUrl\":\"https:\\\/\\\/kuzeyinsesi.org\\\/wp-content\\\/uploads\\\/2024\\\/12\\\/1734517308858ERCAN-SERGI-1-scaled.jpg\",\"datePublished\":\"2024-12-18T13:47:08+00:00\",\"author\":{\"@id\":\"https:\\\/\\\/kuzeyinsesi.org\\\/#\\\/schema\\\/person\\\/9f859689cdf01485597712386e37f5aa\"},\"breadcrumb\":{\"@id\":\"https:\\\/\\\/kuzeyinsesi.org\\\/index.php\\\/2024\\\/12\\\/18\\\/spot-marine-life-kibrisin-deniz-kaplumbagalarini-havalimaninda-tanitiyor\\\/#breadcrumb\"},\"inLanguage\":\"tr\",\"potentialAction\":[{\"@type\":\"ReadAction\",\"target\":[\"https:\\\/\\\/kuzeyinsesi.org\\\/index.php\\\/2024\\\/12\\\/18\\\/spot-marine-life-kibrisin-deniz-kaplumbagalarini-havalimaninda-tanitiyor\\\/\"]}]},{\"@type\":\"ImageObject\",\"inLanguage\":\"tr\",\"@id\":\"https:\\\/\\\/kuzeyinsesi.org\\\/index.php\\\/2024\\\/12\\\/18\\\/spot-marine-life-kibrisin-deniz-kaplumbagalarini-havalimaninda-tanitiyor\\\/#primaryimage\",\"url\":\"https:\\\/\\\/kuzeyinsesi.org\\\/wp-content\\\/uploads\\\/2024\\\/12\\\/1734517308858ERCAN-SERGI-1-scaled.jpg\",\"contentUrl\":\"https:\\\/\\\/kuzeyinsesi.org\\\/wp-content\\\/uploads\\\/2024\\\/12\\\/1734517308858ERCAN-SERGI-1-scaled.jpg\",\"width\":2560,\"height\":1920},{\"@type\":\"BreadcrumbList\",\"@id\":\"https:\\\/\\\/kuzeyinsesi.org\\\/index.php\\\/2024\\\/12\\\/18\\\/spot-marine-life-kibrisin-deniz-kaplumbagalarini-havalimaninda-tanitiyor\\\/#breadcrumb\",\"itemListElement\":[{\"@type\":\"ListItem\",\"position\":1,\"name\":\"Anasayfa\",\"item\":\"https:\\\/\\\/kuzeyinsesi.org\\\/\"},{\"@type\":\"ListItem\",\"position\":2,\"name\":\"SPOT Marine Life, K\u0131br\u0131s\u2019\u0131n deniz kaplumba\u011falar\u0131n\u0131 havaliman\u0131nda tan\u0131t\u0131yor\"}]},{\"@type\":\"WebSite\",\"@id\":\"https:\\\/\\\/kuzeyinsesi.org\\\/#website\",\"url\":\"https:\\\/\\\/kuzeyinsesi.org\\\/\",\"name\":\"Kuzeyin Sesi\",\"description\":\"Do\u011fru Haberin Adresi\",\"potentialAction\":[{\"@type\":\"SearchAction\",\"target\":{\"@type\":\"EntryPoint\",\"urlTemplate\":\"https:\\\/\\\/kuzeyinsesi.org\\\/?s={search_term_string}\"},\"query-input\":{\"@type\":\"PropertyValueSpecification\",\"valueRequired\":true,\"valueName\":\"search_term_string\"}}],\"inLanguage\":\"tr\"},{\"@type\":\"Person\",\"@id\":\"https:\\\/\\\/kuzeyinsesi.org\\\/#\\\/schema\\\/person\\\/9f859689cdf01485597712386e37f5aa\",\"name\":\"Kuzeyin Sesi\",\"image\":{\"@type\":\"ImageObject\",\"inLanguage\":\"tr\",\"@id\":\"https:\\\/\\\/secure.gravatar.com\\\/avatar\\\/bab33852abfd8b282518d6ed81826833d77c3c882d9ab608add591ccace47a44?s=96&d=mm&r=g\",\"url\":\"https:\\\/\\\/secure.gravatar.com\\\/avatar\\\/bab33852abfd8b282518d6ed81826833d77c3c882d9ab608add591ccace47a44?s=96&d=mm&r=g\",\"contentUrl\":\"https:\\\/\\\/secure.gravatar.com\\\/avatar\\\/bab33852abfd8b282518d6ed81826833d77c3c882d9ab608add591ccace47a44?s=96&d=mm&r=g\",\"caption\":\"Kuzeyin Sesi\"},\"sameAs\":[\"https:\\\/\\\/kuzeyinsesi.org\"],\"url\":\"https:\\\/\\\/kuzeyinsesi.org\\\/index.php\\\/author\\\/guven\\\/\"}]}<\/script>\n<!-- \/ Yoast SEO plugin. -->","yoast_head_json":{"title":"SPOT Marine Life, K\u0131br\u0131s\u2019\u0131n deniz kaplumba\u011falar\u0131n\u0131 havaliman\u0131nda tan\u0131t\u0131yor - Kuzeyin Sesi","robots":{"index":"index","follow":"follow","max-snippet":"max-snippet:-1","max-image-preview":"max-image-preview:large","max-video-preview":"max-video-preview:-1"},"canonical":"https:\/\/kuzeyinsesi.org\/index.php\/2024\/12\/18\/spot-marine-life-kibrisin-deniz-kaplumbagalarini-havalimaninda-tanitiyor\/","og_locale":"tr_TR","og_type":"article","og_title":"SPOT Marine Life, K\u0131br\u0131s\u2019\u0131n deniz kaplumba\u011falar\u0131n\u0131 havaliman\u0131nda tan\u0131t\u0131yor - Kuzeyin Sesi","og_description":"T&amp;T Havaliman\u0131 \u0130\u015fletmecili\u011fi\u2019nin Ercan Havaliman\u0131\u2019ndaki sergileri devam ediyor. T&amp;T\u2019den verilen bilgiye g\u00f6re, havaliman\u0131ndaki bu ayki serginin konu\u011fu denizin ve deniz canl\u0131lar\u0131n\u0131n korunmas\u0131na y\u00f6nelik \u00e7al\u0131\u015fmalar yapan SPOT Marine Life (cyprusturtles.org). Sergi, SPOT\u2019un projelerinde aktif olarak yer alan ve g\u00f6n\u00fcll\u00fc \u00e7al\u0131\u015fmalar yapan foto\u011fraf\u00e7\u0131lar taraf\u0131ndan \u00e7ekilen etkileyici g\u00f6rselleri sunuyor. SPOT Marine Life\u2019\u0131n foto\u011fraf sergisi deniz koruma alan\u0131ndaki fark\u0131ndal\u0131\u011f\u0131 [&hellip;]","og_url":"https:\/\/kuzeyinsesi.org\/index.php\/2024\/12\/18\/spot-marine-life-kibrisin-deniz-kaplumbagalarini-havalimaninda-tanitiyor\/","og_site_name":"Kuzeyin Sesi","article_publisher":"https:\/\/www.facebook.com\/kuzeyinsesii","article_published_time":"2024-12-18T13:47:08+00:00","og_image":[{"url":"https:\/\/brtk.net\/wp-content\/uploads\/2024\/12\/18\/1734517308858ERCAN-SERGI-1-scaled.jpg?ver=bc300e08a54fa86b8d6e6ad99f2dd50f","type":"","width":"","height":""}],"author":"Kuzeyin Sesi","twitter_card":"summary_large_image","twitter_creator":"@kuzeyinsesii","twitter_site":"@kuzeyinsesii","twitter_misc":{"Yazan:":"Kuzeyin Sesi","Tahmini okuma s\u00fcresi":"1 dakika"},"schema":{"@context":"https:\/\/schema.org","@graph":[{"@type":"Article","@id":"https:\/\/kuzeyinsesi.org\/index.php\/2024\/12\/18\/spot-marine-life-kibrisin-deniz-kaplumbagalarini-havalimaninda-tanitiyor\/#article","isPartOf":{"@id":"https:\/\/kuzeyinsesi.org\/index.php\/2024\/12\/18\/spot-marine-life-kibrisin-deniz-kaplumbagalarini-havalimaninda-tanitiyor\/"},"author":{"name":"Kuzeyin Sesi","@id":"https:\/\/kuzeyinsesi.org\/#\/schema\/person\/9f859689cdf01485597712386e37f5aa"},"headline":"SPOT Marine Life, K\u0131br\u0131s\u2019\u0131n deniz kaplumba\u011falar\u0131n\u0131 havaliman\u0131nda tan\u0131t\u0131yor","datePublished":"2024-12-18T13:47:08+00:00","mainEntityOfPage":{"@id":"https:\/\/kuzeyinsesi.org\/index.php\/2024\/12\/18\/spot-marine-life-kibrisin-deniz-kaplumbagalarini-havalimaninda-tanitiyor\/"},"wordCount":244,"commentCount":0,"image":{"@id":"https:\/\/kuzeyinsesi.org\/index.php\/2024\/12\/18\/spot-marine-life-kibrisin-deniz-kaplumbagalarini-havalimaninda-tanitiyor\/#primaryimage"},"thumbnailUrl":"https:\/\/kuzeyinsesi.org\/wp-content\/uploads\/2024\/12\/1734517308858ERCAN-SERGI-1-scaled.jpg","articleSection":["Ya\u015fam"],"inLanguage":"tr","potentialAction":[{"@type":"CommentAction","name":"Comment","target":["https:\/\/kuzeyinsesi.org\/index.php\/2024\/12\/18\/spot-marine-life-kibrisin-deniz-kaplumbagalarini-havalimaninda-tanitiyor\/#respond"]}]},{"@type":"WebPage","@id":"https:\/\/kuzeyinsesi.org\/index.php\/2024\/12\/18\/spot-marine-life-kibrisin-deniz-kaplumbagalarini-havalimaninda-tanitiyor\/","url":"https:\/\/kuzeyinsesi.org\/index.php\/2024\/12\/18\/spot-marine-life-kibrisin-deniz-kaplumbagalarini-havalimaninda-tanitiyor\/","name":"SPOT Marine Life, K\u0131br\u0131s\u2019\u0131n deniz kaplumba\u011falar\u0131n\u0131 havaliman\u0131nda tan\u0131t\u0131yor - Kuzeyin Sesi","isPartOf":{"@id":"https:\/\/kuzeyinsesi.org\/#website"},"primaryImageOfPage":{"@id":"https:\/\/kuzeyinsesi.org\/index.php\/2024\/12\/18\/spot-marine-life-kibrisin-deniz-kaplumbagalarini-havalimaninda-tanitiyor\/#primaryimage"},"image":{"@id":"https:\/\/kuzeyinsesi.org\/index.php\/2024\/12\/18\/spot-marine-life-kibrisin-deniz-kaplumbagalarini-havalimaninda-tanitiyor\/#primaryimage"},"thumbnailUrl":"https:\/\/kuzeyinsesi.org\/wp-content\/uploads\/2024\/12\/1734517308858ERCAN-SERGI-1-scaled.jpg","datePublished":"2024-12-18T13:47:08+00:00","author":{"@id":"https:\/\/kuzeyinsesi.org\/#\/schema\/person\/9f859689cdf01485597712386e37f5aa"},"breadcrumb":{"@id":"https:\/\/kuzeyinsesi.org\/index.php\/2024\/12\/18\/spot-marine-life-kibrisin-deniz-kaplumbagalarini-havalimaninda-tanitiyor\/#breadcrumb"},"inLanguage":"tr","potentialAction":[{"@type":"ReadAction","target":["https:\/\/kuzeyinsesi.org\/index.php\/2024\/12\/18\/spot-marine-life-kibrisin-deniz-kaplumbagalarini-havalimaninda-tanitiyor\/"]}]},{"@type":"ImageObject","inLanguage":"tr","@id":"https:\/\/kuzeyinsesi.org\/index.php\/2024\/12\/18\/spot-marine-life-kibrisin-deniz-kaplumbagalarini-havalimaninda-tanitiyor\/#primaryimage","url":"https:\/\/kuzeyinsesi.org\/wp-content\/uploads\/2024\/12\/1734517308858ERCAN-SERGI-1-scaled.jpg","contentUrl":"https:\/\/kuzeyinsesi.org\/wp-content\/uploads\/2024\/12\/1734517308858ERCAN-SERGI-1-scaled.jpg","width":2560,"height":1920},{"@type":"BreadcrumbList","@id":"https:\/\/kuzeyinsesi.org\/index.php\/2024\/12\/18\/spot-marine-life-kibrisin-deniz-kaplumbagalarini-havalimaninda-tanitiyor\/#breadcrumb","itemListElement":[{"@type":"ListItem","position":1,"name":"Anasayfa","item":"https:\/\/kuzeyinsesi.org\/"},{"@type":"ListItem","position":2,"name":"SPOT Marine Life, K\u0131br\u0131s\u2019\u0131n deniz kaplumba\u011falar\u0131n\u0131 havaliman\u0131nda tan\u0131t\u0131yor"}]},{"@type":"WebSite","@id":"https:\/\/kuzeyinsesi.org\/#website","url":"https:\/\/kuzeyinsesi.org\/","name":"Kuzeyin Sesi","description":"Do\u011fru Haberin Adresi","potentialAction":[{"@type":"SearchAction","target":{"@type":"EntryPoint","urlTemplate":"https:\/\/kuzeyinsesi.org\/?s={search_term_string}"},"query-input":{"@type":"PropertyValueSpecification","valueRequired":true,"valueName":"search_term_string"}}],"inLanguage":"tr"},{"@type":"Person","@id":"https:\/\/kuzeyinsesi.org\/#\/schema\/person\/9f859689cdf01485597712386e37f5aa","name":"Kuzeyin Sesi","image":{"@type":"ImageObject","inLanguage":"tr","@id":"https:\/\/secure.gravatar.com\/avatar\/bab33852abfd8b282518d6ed81826833d77c3c882d9ab608add591ccace47a44?s=96&d=mm&r=g","url":"https:\/\/secure.gravatar.com\/avatar\/bab33852abfd8b282518d6ed81826833d77c3c882d9ab608add591ccace47a44?s=96&d=mm&r=g","contentUrl":"https:\/\/secure.gravatar.com\/avatar\/bab33852abfd8b282518d6ed81826833d77c3c882d9ab608add591ccace47a44?s=96&d=mm&r=g","caption":"Kuzeyin Sesi"},"sameAs":["https:\/\/kuzeyinsesi.org"],"url":"https:\/\/kuzeyinsesi.org\/index.php\/author\/guven\/"}]}},"_links":{"self":[{"href":"https:\/\/kuzeyinsesi.org\/index.php\/wp-json\/wp\/v2\/posts\/15814","targetHints":{"allow":["GET"]}}],"collection":[{"href":"https:\/\/kuzeyinsesi.org\/index.php\/wp-json\/wp\/v2\/posts"}],"about":[{"href":"https:\/\/kuzeyinsesi.org\/index.php\/wp-json\/wp\/v2\/types\/post"}],"author":[{"embeddable":true,"href":"https:\/\/kuzeyinsesi.org\/index.php\/wp-json\/wp\/v2\/users\/1"}],"replies":[{"embeddable":true,"href":"https:\/\/kuzeyinsesi.org\/index.php\/wp-json\/wp\/v2\/comments?post=15814"}],"version-history":[{"count":0,"href":"https:\/\/kuzeyinsesi.org\/index.php\/wp-json\/wp\/v2\/posts\/15814\/revisions"}],"wp:featuredmedia":[{"embeddable":true,"href":"https:\/\/kuzeyinsesi.org\/index.php\/wp-json\/wp\/v2\/media\/15815"}],"wp:attachment":[{"href":"https:\/\/kuzeyinsesi.org\/index.php\/wp-json\/wp\/v2\/media?parent=15814"}],"wp:term":[{"taxonomy":"category","embeddable":true,"href":"https:\/\/kuzeyinsesi.org\/index.php\/wp-json\/wp\/v2\/categories?post=15814"},{"taxonomy":"post_tag","embeddable":true,"href":"https:\/\/kuzeyinsesi.org\/index.php\/wp-json\/wp\/v2\/tags?post=15814"}],"curies":[{"name":"wp","href":"https:\/\/api.w.org\/{rel}","templated":true}]}}