{"id":15802,"date":"2024-12-18T14:46:18","date_gmt":"2024-12-18T12:46:18","guid":{"rendered":"https:\/\/kuzeyinsesi.org\/index.php\/2024\/12\/18\/usta-yonetmen-dervis-zaim-flasbellek-cagina-ayna-tutmayi-ongormus-bir-filmdir\/"},"modified":"2024-12-18T14:46:18","modified_gmt":"2024-12-18T12:46:18","slug":"usta-yonetmen-dervis-zaim-flasbellek-cagina-ayna-tutmayi-ongormus-bir-filmdir","status":"publish","type":"post","link":"https:\/\/kuzeyinsesi.org\/index.php\/2024\/12\/18\/usta-yonetmen-dervis-zaim-flasbellek-cagina-ayna-tutmayi-ongormus-bir-filmdir\/","title":{"rendered":"Usta y\u00f6netmen Dervi\u015f Zaim: \u201cFla\u015fbellek \u00e7a\u011f\u0131na ayna tutmay\u0131 \u00f6ng\u00f6rm\u00fc\u015f bir filmdir\u201d"},"content":{"rendered":"<div>\n<div class=\"mariselle-image-container center\">\n                                            <\/div>\n<p>\u201cTabutta R\u00f6va\u015fata\u201d, \u201cCenneti Beklerken\u201d, \u201cG\u00f6lgeler ve Suretler\u201d ile \u201cFla\u015fbellek\u201d filmlerine imza atan y\u00f6netmen Dervi\u015f Zaim, \u201cEsed rejimi zalim bir rejimdi. Bunu teslim edebilmek i\u00e7in elimizde epey \u015fahitlikler vard\u0131. \u0130kinci d\u00fcnya sava\u015f\u0131ndan sonra en vahim insan haklar\u0131 ihlallerinden biriydi. Dolay\u0131s\u0131yla Fla\u015fbellek estetik \u00f6zelliklerinin yan\u0131 s\u0131ra \u00e7a\u011f\u0131na ayna tutmay\u0131 \u00f6ng\u00f6rm\u00fc\u015f bir filmdir.\u201d dedi. <\/p>\n<p>Sinema kariyeri boyunca \u00f6zg\u00fcn anlat\u0131m tarz\u0131n\u0131n yan\u0131 s\u0131ra geleneksel T\u00fcrk sanatlar\u0131na ilgisiyle de tan\u0131nan Zaim, T\u00fcrkiye\u2019deki belgesel sinemac\u0131l\u0131\u011f\u0131 AA muhabirine de\u011ferlendirdi. <\/p>\n<p>Usta y\u00f6netmen, 15. TRT Uluslararas\u0131 Belgesel \u00d6d\u00fclleri program\u0131nda uluslararas\u0131 belgesel j\u00fcrisinde yer ald\u0131. <\/p>\n<p>Etkinli\u011fe ba\u015fvuran uluslararas\u0131 belgesellerin seviyesinin y\u00fcksek oldu\u011funa i\u015faret eden Zaim, TRT Uluslararas\u0131 Belgesel \u00d6d\u00fclleri gibi organizasyonlar\u0131n T\u00fcrkiye\u2019deki belgesel k\u00fclt\u00fcr\u00fcn\u00fcn y\u00fckselmesine katk\u0131da bulunaca\u011f\u0131n\u0131 dile getirdi. <\/p>\n<p>Dervi\u015f Zaim, belgesel sinema ile kurgusal sinema aras\u0131ndaki farklar\u0131 da de\u011ferlendirerek, \u201cBelgeselin kendisi de son 40-50 senede epey bir de\u011fi\u015fikli\u011fe u\u011frad\u0131. Belgeseller, sadece ger\u00e7ekli\u011fi yans\u0131tt\u0131\u011f\u0131 ya da bilgi verdi\u011fi gibi bir paranteze s\u0131k\u0131\u015ft\u0131r\u0131lamayacak kadar b\u00fcy\u00fcd\u00fc, \u00e7ok daha ba\u015fka yerlere gitti. Y\u00f6netmeninin varl\u0131\u011f\u0131yla \u00f6n plana \u00e7\u0131kan belgeseller ortaya \u00e7\u0131kmaya ba\u015flad\u0131. Dolay\u0131s\u0131yla kurmaca ile aralar\u0131nda enteresan gri bir b\u00f6lge olu\u015fturdu\u011funu s\u00f6yleyebilirim. Bu gri b\u00f6lgenin varl\u0131\u011f\u0131n\u0131 bir zenginlik olarak g\u00f6rmek laz\u0131m.\u201d diye konu\u015ftu. <\/p>\n<p>Usta y\u00f6netmen, T\u00fcrk belgeselcili\u011finin anlat\u0131mc\u0131 belgeselle ba\u015flad\u0131\u011f\u0131n\u0131 ve uzun s\u00fcredir bu \u015fekilde devam etti\u011fini vurgulayarak, \u015funlar\u0131 kaydetti: <\/p>\n<p>\u201c\u00c7ok kar\u0131\u015f\u0131k tarzda belgeseller yan yana \u00fcretilebiliyor. Art\u0131k a\u015f\u0131ld\u0131 diye d\u00fc\u015f\u00fcnd\u00fc\u011f\u00fcn\u00fcz belgesellerle, d\u00fcnyay\u0131 daha yak\u0131ndan takip eden birisinin yapt\u0131\u011f\u0131n\u0131 g\u00f6rebilece\u011finiz belgeseller yan yana \u00fcretilebiliyor. Ba\u015fka \u00fclkelerde de bu kadar yo\u011fun bi\u00e7imde yan yana var oluyor muyuz bilmiyorum ama T\u00fcrkiye\u2019de durum b\u00f6yle. Bu tip belgesel organizasyonlar\u0131n\u0131n \u0130stanbul\u2019da ve ba\u015fka yerlerde \u00e7o\u011fal\u0131yor olmas\u0131n\u0131n, k\u00fclt\u00fcr\u00fcn artmas\u0131na katk\u0131da bulundu\u011fu a\u00e7\u0131k. Platformlar \u00e7ok \u00e7e\u015fitlendi. Bunlar da belgesel k\u00fclt\u00fcr\u00fcn\u00fcn inceliklerini g\u00f6rebilmeyi kolayla\u015ft\u0131r\u0131yor.\u201d <\/p>\n<p>\u2013 \u201cFilmimin d\u00fcr\u00fcstl\u00fc\u011f\u00fcne ve hakikatine g\u00fcveniyordum\u201d <\/p>\n<p>Suriye\u2019deki zulm\u00fc konu alan Fla\u015fbellek filminde anlatt\u0131klar\u0131n\u0131n, Suriye\u2019de 61 y\u0131ll\u0131k Baas rejiminin devrilmesinin ard\u0131ndan ortaya \u00e7\u0131kan ger\u00e7eklikle uyu\u015fmas\u0131na da de\u011finen Zaim, \u201cEsed rejimi zalim bir rejimdi. Bunu teslim edebilmek i\u00e7in elimizde epey \u015fahitlikler vard\u0131. Sadece 1982\u2019deki Hama Katliam\u0131 bile onu zalim olarak nitelendirmek i\u00e7in yeterliydi. Hama\u2019da 30 bin ki\u015fiyi \u00f6ld\u00fcrm\u00fc\u015fler, 17 bin ki\u015fi kay\u0131p vaziyette. Neresinden bakarsan\u0131z bak\u0131n, korkun\u00e7 bir \u015fey. \u0130kinci d\u00fcnya sava\u015f\u0131ndan sonra en vahim insan haklar\u0131 ihlallerinden biriydi. Dolay\u0131s\u0131yla Fla\u015fbellek estetik \u00f6zelliklerinin yan\u0131 s\u0131ra \u00e7a\u011f\u0131na ayna tutmay\u0131 \u00f6ng\u00f6rm\u00fc\u015f bir filmdir. Sinema dilini kullanarak iyi bir hikaye anlatmak gerekiyordu. Fla\u015fbellek bunu yapt\u0131.\u201d diye konu\u015ftu. <\/p>\n<p>Zaim, sineman\u0131n bir\u00e7ok fonksiyonu oldu\u011funa i\u015faret ederek, \u015f\u00f6yle devam etti: <\/p>\n<p>\u201cE\u011flendirme bunun bir tanesidir, \u00e7a\u011fa ayna tutmak bir ba\u015fkas\u0131d\u0131r. Yan\u0131 ba\u015f\u0131m\u0131zda uzun senelerden beri devam eden bir zulme ayna tuttu\u011fu ve onun foto\u011fraf\u0131n\u0131 \u00e7ekti\u011fi i\u00e7in Fla\u015fbellek\u2019le gurur duyuyorum. Film g\u00f6sterime \u00e7\u0131kt\u0131\u011f\u0131nda bir sessizlik suikast\u0131na maruz kald\u0131 ama g\u00fcne\u015fi bal\u00e7\u0131kla s\u0131vayamazs\u0131n\u0131z. Ben filmimin d\u00fcr\u00fcstl\u00fc\u011f\u00fcne ve hakikatine g\u00fcveniyordum. Eninde sonunda gidece\u011fi yere gidecekti. Bazen insanlar geciktirebilirler baz\u0131 \u015feyleri ama sonsuza kadar saklayamazlar.\u201d <\/p>\n<p>Filmlerinde K\u0131br\u0131s Bar\u0131\u015f Harekat\u0131n\u0131, Celali \u0130syanlar\u0131n\u0131 ve Suriye\u2019deki sava\u015f\u0131 i\u015fledi\u011fine dikkati \u00e7eken Zaim, \u201cBelgesel ya da sinema filmi yapt\u0131\u011f\u0131n\u0131z zaman, insan ad\u0131n\u0131 verdi\u011fimiz, u\u00e7suz bucaks\u0131z b\u00fct\u00fcn \u00fczerine tefekk\u00fcr ediyorsunuz. \u0130nsan\u0131n \u00fczerine tefekk\u00fcr etti\u011finiz zaman onun hem melek hem de \u015feytan boyutunu g\u00f6rmeye ba\u015fl\u0131yorsunuz. Sava\u015flar, zor durumlar, afetler bu meleklik ve \u015feytanl\u0131\u011f\u0131n b\u00fct\u00fcn boyutlar\u0131yla tezah\u00fcr etti\u011fi zamanlard\u0131r.\u201d \u015feklinde konu\u015ftu. <\/p>\n<p>Zaim, insano\u011flunun karanl\u0131k taraf\u0131yla y\u00fczle\u015fmesinin hayat\u0131n\u0131 daha zengin, m\u00fcreffeh ve bar\u0131\u015f i\u00e7inde ya\u015fayabilmesi i\u00e7in \u00f6nemli bir ad\u0131m oldu\u011funu da dile getirdi. <\/p>\n<p>Sinema filmi yapman\u0131n bir yolculuk oldu\u011funa i\u015faret eden usta y\u00f6netmen, \u201c\u0130nsan\u0131n erdemi bulabilme yolunda y\u00fcr\u00fcd\u00fc\u011f\u00fc uzun bir yolculuktur. Bu yolculu\u011fun sonu da yoktur. \u0130nsan ve do\u011fa ili\u015fkisi, insan\u0131n a\u00e7 g\u00f6zl\u00fcl\u00fc\u011f\u00fc \u00fczerine bir film yapmak gibi bir fikrim var. \u0130n\u015fallah gerekli ko\u015fullar\u0131 haz\u0131rlay\u0131p kollar\u0131 s\u0131var\u0131z.\u201d diye konu\u015ftu.<\/p>\n<\/p><\/div>\n<p><script async\n                    defer\n                    crossorigin=\"anonymous\"\n                    src=\"https:\/\/connect.facebook.net\/tr_TR\/sdk.js#xfbml=1&#038;version=v3.3\"\n            ><\/script><\/p>\n","protected":false},"excerpt":{"rendered":"<p>\u201cTabutta R\u00f6va\u015fata\u201d, \u201cCenneti Beklerken\u201d, \u201cG\u00f6lgeler ve Suretler\u201d ile \u201cFla\u015fbellek\u201d filmlerine imza atan y\u00f6netmen Dervi\u015f Zaim, \u201cEsed rejimi zalim bir rejimdi. Bunu teslim edebilmek i\u00e7in elimizde epey \u015fahitlikler vard\u0131. \u0130kinci d\u00fcnya sava\u015f\u0131ndan sonra en vahim insan haklar\u0131 ihlallerinden biriydi. Dolay\u0131s\u0131yla Fla\u015fbellek estetik \u00f6zelliklerinin yan\u0131 s\u0131ra \u00e7a\u011f\u0131na ayna tutmay\u0131 \u00f6ng\u00f6rm\u00fc\u015f bir filmdir.\u201d dedi. Sinema kariyeri boyunca \u00f6zg\u00fcn [&hellip;]<\/p>\n","protected":false},"author":1,"featured_media":15803,"comment_status":"open","ping_status":"open","sticky":false,"template":"","format":"standard","meta":{"jnews-multi-image_gallery":[],"jnews_single_post":[],"jnews_primary_category":[],"jnews_social_meta":[],"jnews_override_counter":[],"footnotes":""},"categories":[6],"tags":[],"class_list":["post-15802","post","type-post","status-publish","format-standard","has-post-thumbnail","hentry","category-yasam"],"yoast_head":"<!-- This site is optimized with the Yoast SEO plugin v27.4 - https:\/\/yoast.com\/product\/yoast-seo-wordpress\/ -->\n<title>Usta y\u00f6netmen Dervi\u015f Zaim: \u201cFla\u015fbellek \u00e7a\u011f\u0131na ayna tutmay\u0131 \u00f6ng\u00f6rm\u00fc\u015f bir filmdir\u201d - Kuzeyin Sesi<\/title>\n<meta name=\"robots\" content=\"index, follow, max-snippet:-1, max-image-preview:large, max-video-preview:-1\" \/>\n<link rel=\"canonical\" href=\"https:\/\/kuzeyinsesi.org\/index.php\/2024\/12\/18\/usta-yonetmen-dervis-zaim-flasbellek-cagina-ayna-tutmayi-ongormus-bir-filmdir\/\" \/>\n<meta property=\"og:locale\" content=\"tr_TR\" \/>\n<meta property=\"og:type\" content=\"article\" \/>\n<meta property=\"og:title\" content=\"Usta y\u00f6netmen Dervi\u015f Zaim: \u201cFla\u015fbellek \u00e7a\u011f\u0131na ayna tutmay\u0131 \u00f6ng\u00f6rm\u00fc\u015f bir filmdir\u201d - Kuzeyin Sesi\" \/>\n<meta property=\"og:description\" content=\"\u201cTabutta R\u00f6va\u015fata\u201d, \u201cCenneti Beklerken\u201d, \u201cG\u00f6lgeler ve Suretler\u201d ile \u201cFla\u015fbellek\u201d filmlerine imza atan y\u00f6netmen Dervi\u015f Zaim, \u201cEsed rejimi zalim bir rejimdi. Bunu teslim edebilmek i\u00e7in elimizde epey \u015fahitlikler vard\u0131. \u0130kinci d\u00fcnya sava\u015f\u0131ndan sonra en vahim insan haklar\u0131 ihlallerinden biriydi. Dolay\u0131s\u0131yla Fla\u015fbellek estetik \u00f6zelliklerinin yan\u0131 s\u0131ra \u00e7a\u011f\u0131na ayna tutmay\u0131 \u00f6ng\u00f6rm\u00fc\u015f bir filmdir.\u201d dedi. Sinema kariyeri boyunca \u00f6zg\u00fcn [&hellip;]\" \/>\n<meta property=\"og:url\" content=\"https:\/\/kuzeyinsesi.org\/index.php\/2024\/12\/18\/usta-yonetmen-dervis-zaim-flasbellek-cagina-ayna-tutmayi-ongormus-bir-filmdir\/\" \/>\n<meta property=\"og:site_name\" content=\"Kuzeyin Sesi\" \/>\n<meta property=\"article:publisher\" content=\"https:\/\/www.facebook.com\/kuzeyinsesii\" \/>\n<meta property=\"article:published_time\" content=\"2024-12-18T12:46:18+00:00\" \/>\n<meta property=\"og:image\" content=\"https:\/\/brtk.net\/wp-content\/uploads\/2024\/12\/18\/1734516310484zaim.jpg?ver=e25814d33da2c31704e0070664d3ecde\" \/>\n<meta name=\"author\" content=\"Kuzeyin Sesi\" \/>\n<meta name=\"twitter:card\" content=\"summary_large_image\" \/>\n<meta name=\"twitter:creator\" content=\"@kuzeyinsesii\" \/>\n<meta name=\"twitter:site\" content=\"@kuzeyinsesii\" \/>\n<meta name=\"twitter:label1\" content=\"Yazan:\" \/>\n\t<meta name=\"twitter:data1\" content=\"Kuzeyin Sesi\" \/>\n\t<meta name=\"twitter:label2\" content=\"Tahmini okuma s\u00fcresi\" \/>\n\t<meta name=\"twitter:data2\" content=\"4 dakika\" \/>\n<script type=\"application\/ld+json\" class=\"yoast-schema-graph\">{\"@context\":\"https:\\\/\\\/schema.org\",\"@graph\":[{\"@type\":\"Article\",\"@id\":\"https:\\\/\\\/kuzeyinsesi.org\\\/index.php\\\/2024\\\/12\\\/18\\\/usta-yonetmen-dervis-zaim-flasbellek-cagina-ayna-tutmayi-ongormus-bir-filmdir\\\/#article\",\"isPartOf\":{\"@id\":\"https:\\\/\\\/kuzeyinsesi.org\\\/index.php\\\/2024\\\/12\\\/18\\\/usta-yonetmen-dervis-zaim-flasbellek-cagina-ayna-tutmayi-ongormus-bir-filmdir\\\/\"},\"author\":{\"name\":\"Kuzeyin Sesi\",\"@id\":\"https:\\\/\\\/kuzeyinsesi.org\\\/#\\\/schema\\\/person\\\/9f859689cdf01485597712386e37f5aa\"},\"headline\":\"Usta y\u00f6netmen Dervi\u015f Zaim: \u201cFla\u015fbellek \u00e7a\u011f\u0131na ayna tutmay\u0131 \u00f6ng\u00f6rm\u00fc\u015f bir filmdir\u201d\",\"datePublished\":\"2024-12-18T12:46:18+00:00\",\"mainEntityOfPage\":{\"@id\":\"https:\\\/\\\/kuzeyinsesi.org\\\/index.php\\\/2024\\\/12\\\/18\\\/usta-yonetmen-dervis-zaim-flasbellek-cagina-ayna-tutmayi-ongormus-bir-filmdir\\\/\"},\"wordCount\":828,\"commentCount\":0,\"image\":{\"@id\":\"https:\\\/\\\/kuzeyinsesi.org\\\/index.php\\\/2024\\\/12\\\/18\\\/usta-yonetmen-dervis-zaim-flasbellek-cagina-ayna-tutmayi-ongormus-bir-filmdir\\\/#primaryimage\"},\"thumbnailUrl\":\"https:\\\/\\\/kuzeyinsesi.org\\\/wp-content\\\/uploads\\\/2024\\\/12\\\/1734516310484zaim.jpg\",\"articleSection\":[\"Ya\u015fam\"],\"inLanguage\":\"tr\",\"potentialAction\":[{\"@type\":\"CommentAction\",\"name\":\"Comment\",\"target\":[\"https:\\\/\\\/kuzeyinsesi.org\\\/index.php\\\/2024\\\/12\\\/18\\\/usta-yonetmen-dervis-zaim-flasbellek-cagina-ayna-tutmayi-ongormus-bir-filmdir\\\/#respond\"]}]},{\"@type\":\"WebPage\",\"@id\":\"https:\\\/\\\/kuzeyinsesi.org\\\/index.php\\\/2024\\\/12\\\/18\\\/usta-yonetmen-dervis-zaim-flasbellek-cagina-ayna-tutmayi-ongormus-bir-filmdir\\\/\",\"url\":\"https:\\\/\\\/kuzeyinsesi.org\\\/index.php\\\/2024\\\/12\\\/18\\\/usta-yonetmen-dervis-zaim-flasbellek-cagina-ayna-tutmayi-ongormus-bir-filmdir\\\/\",\"name\":\"Usta y\u00f6netmen Dervi\u015f Zaim: \u201cFla\u015fbellek \u00e7a\u011f\u0131na ayna tutmay\u0131 \u00f6ng\u00f6rm\u00fc\u015f bir filmdir\u201d - Kuzeyin Sesi\",\"isPartOf\":{\"@id\":\"https:\\\/\\\/kuzeyinsesi.org\\\/#website\"},\"primaryImageOfPage\":{\"@id\":\"https:\\\/\\\/kuzeyinsesi.org\\\/index.php\\\/2024\\\/12\\\/18\\\/usta-yonetmen-dervis-zaim-flasbellek-cagina-ayna-tutmayi-ongormus-bir-filmdir\\\/#primaryimage\"},\"image\":{\"@id\":\"https:\\\/\\\/kuzeyinsesi.org\\\/index.php\\\/2024\\\/12\\\/18\\\/usta-yonetmen-dervis-zaim-flasbellek-cagina-ayna-tutmayi-ongormus-bir-filmdir\\\/#primaryimage\"},\"thumbnailUrl\":\"https:\\\/\\\/kuzeyinsesi.org\\\/wp-content\\\/uploads\\\/2024\\\/12\\\/1734516310484zaim.jpg\",\"datePublished\":\"2024-12-18T12:46:18+00:00\",\"author\":{\"@id\":\"https:\\\/\\\/kuzeyinsesi.org\\\/#\\\/schema\\\/person\\\/9f859689cdf01485597712386e37f5aa\"},\"breadcrumb\":{\"@id\":\"https:\\\/\\\/kuzeyinsesi.org\\\/index.php\\\/2024\\\/12\\\/18\\\/usta-yonetmen-dervis-zaim-flasbellek-cagina-ayna-tutmayi-ongormus-bir-filmdir\\\/#breadcrumb\"},\"inLanguage\":\"tr\",\"potentialAction\":[{\"@type\":\"ReadAction\",\"target\":[\"https:\\\/\\\/kuzeyinsesi.org\\\/index.php\\\/2024\\\/12\\\/18\\\/usta-yonetmen-dervis-zaim-flasbellek-cagina-ayna-tutmayi-ongormus-bir-filmdir\\\/\"]}]},{\"@type\":\"ImageObject\",\"inLanguage\":\"tr\",\"@id\":\"https:\\\/\\\/kuzeyinsesi.org\\\/index.php\\\/2024\\\/12\\\/18\\\/usta-yonetmen-dervis-zaim-flasbellek-cagina-ayna-tutmayi-ongormus-bir-filmdir\\\/#primaryimage\",\"url\":\"https:\\\/\\\/kuzeyinsesi.org\\\/wp-content\\\/uploads\\\/2024\\\/12\\\/1734516310484zaim.jpg\",\"contentUrl\":\"https:\\\/\\\/kuzeyinsesi.org\\\/wp-content\\\/uploads\\\/2024\\\/12\\\/1734516310484zaim.jpg\",\"width\":259,\"height\":194},{\"@type\":\"BreadcrumbList\",\"@id\":\"https:\\\/\\\/kuzeyinsesi.org\\\/index.php\\\/2024\\\/12\\\/18\\\/usta-yonetmen-dervis-zaim-flasbellek-cagina-ayna-tutmayi-ongormus-bir-filmdir\\\/#breadcrumb\",\"itemListElement\":[{\"@type\":\"ListItem\",\"position\":1,\"name\":\"Anasayfa\",\"item\":\"https:\\\/\\\/kuzeyinsesi.org\\\/\"},{\"@type\":\"ListItem\",\"position\":2,\"name\":\"Usta y\u00f6netmen Dervi\u015f Zaim: \u201cFla\u015fbellek \u00e7a\u011f\u0131na ayna tutmay\u0131 \u00f6ng\u00f6rm\u00fc\u015f bir filmdir\u201d\"}]},{\"@type\":\"WebSite\",\"@id\":\"https:\\\/\\\/kuzeyinsesi.org\\\/#website\",\"url\":\"https:\\\/\\\/kuzeyinsesi.org\\\/\",\"name\":\"Kuzeyin Sesi\",\"description\":\"Do\u011fru Haberin Adresi\",\"potentialAction\":[{\"@type\":\"SearchAction\",\"target\":{\"@type\":\"EntryPoint\",\"urlTemplate\":\"https:\\\/\\\/kuzeyinsesi.org\\\/?s={search_term_string}\"},\"query-input\":{\"@type\":\"PropertyValueSpecification\",\"valueRequired\":true,\"valueName\":\"search_term_string\"}}],\"inLanguage\":\"tr\"},{\"@type\":\"Person\",\"@id\":\"https:\\\/\\\/kuzeyinsesi.org\\\/#\\\/schema\\\/person\\\/9f859689cdf01485597712386e37f5aa\",\"name\":\"Kuzeyin Sesi\",\"image\":{\"@type\":\"ImageObject\",\"inLanguage\":\"tr\",\"@id\":\"https:\\\/\\\/secure.gravatar.com\\\/avatar\\\/bab33852abfd8b282518d6ed81826833d77c3c882d9ab608add591ccace47a44?s=96&d=mm&r=g\",\"url\":\"https:\\\/\\\/secure.gravatar.com\\\/avatar\\\/bab33852abfd8b282518d6ed81826833d77c3c882d9ab608add591ccace47a44?s=96&d=mm&r=g\",\"contentUrl\":\"https:\\\/\\\/secure.gravatar.com\\\/avatar\\\/bab33852abfd8b282518d6ed81826833d77c3c882d9ab608add591ccace47a44?s=96&d=mm&r=g\",\"caption\":\"Kuzeyin Sesi\"},\"sameAs\":[\"https:\\\/\\\/kuzeyinsesi.org\"],\"url\":\"https:\\\/\\\/kuzeyinsesi.org\\\/index.php\\\/author\\\/guven\\\/\"}]}<\/script>\n<!-- \/ Yoast SEO plugin. -->","yoast_head_json":{"title":"Usta y\u00f6netmen Dervi\u015f Zaim: \u201cFla\u015fbellek \u00e7a\u011f\u0131na ayna tutmay\u0131 \u00f6ng\u00f6rm\u00fc\u015f bir filmdir\u201d - Kuzeyin Sesi","robots":{"index":"index","follow":"follow","max-snippet":"max-snippet:-1","max-image-preview":"max-image-preview:large","max-video-preview":"max-video-preview:-1"},"canonical":"https:\/\/kuzeyinsesi.org\/index.php\/2024\/12\/18\/usta-yonetmen-dervis-zaim-flasbellek-cagina-ayna-tutmayi-ongormus-bir-filmdir\/","og_locale":"tr_TR","og_type":"article","og_title":"Usta y\u00f6netmen Dervi\u015f Zaim: \u201cFla\u015fbellek \u00e7a\u011f\u0131na ayna tutmay\u0131 \u00f6ng\u00f6rm\u00fc\u015f bir filmdir\u201d - Kuzeyin Sesi","og_description":"\u201cTabutta R\u00f6va\u015fata\u201d, \u201cCenneti Beklerken\u201d, \u201cG\u00f6lgeler ve Suretler\u201d ile \u201cFla\u015fbellek\u201d filmlerine imza atan y\u00f6netmen Dervi\u015f Zaim, \u201cEsed rejimi zalim bir rejimdi. Bunu teslim edebilmek i\u00e7in elimizde epey \u015fahitlikler vard\u0131. \u0130kinci d\u00fcnya sava\u015f\u0131ndan sonra en vahim insan haklar\u0131 ihlallerinden biriydi. Dolay\u0131s\u0131yla Fla\u015fbellek estetik \u00f6zelliklerinin yan\u0131 s\u0131ra \u00e7a\u011f\u0131na ayna tutmay\u0131 \u00f6ng\u00f6rm\u00fc\u015f bir filmdir.\u201d dedi. Sinema kariyeri boyunca \u00f6zg\u00fcn [&hellip;]","og_url":"https:\/\/kuzeyinsesi.org\/index.php\/2024\/12\/18\/usta-yonetmen-dervis-zaim-flasbellek-cagina-ayna-tutmayi-ongormus-bir-filmdir\/","og_site_name":"Kuzeyin Sesi","article_publisher":"https:\/\/www.facebook.com\/kuzeyinsesii","article_published_time":"2024-12-18T12:46:18+00:00","og_image":[{"url":"https:\/\/brtk.net\/wp-content\/uploads\/2024\/12\/18\/1734516310484zaim.jpg?ver=e25814d33da2c31704e0070664d3ecde","type":"","width":"","height":""}],"author":"Kuzeyin Sesi","twitter_card":"summary_large_image","twitter_creator":"@kuzeyinsesii","twitter_site":"@kuzeyinsesii","twitter_misc":{"Yazan:":"Kuzeyin Sesi","Tahmini okuma s\u00fcresi":"4 dakika"},"schema":{"@context":"https:\/\/schema.org","@graph":[{"@type":"Article","@id":"https:\/\/kuzeyinsesi.org\/index.php\/2024\/12\/18\/usta-yonetmen-dervis-zaim-flasbellek-cagina-ayna-tutmayi-ongormus-bir-filmdir\/#article","isPartOf":{"@id":"https:\/\/kuzeyinsesi.org\/index.php\/2024\/12\/18\/usta-yonetmen-dervis-zaim-flasbellek-cagina-ayna-tutmayi-ongormus-bir-filmdir\/"},"author":{"name":"Kuzeyin Sesi","@id":"https:\/\/kuzeyinsesi.org\/#\/schema\/person\/9f859689cdf01485597712386e37f5aa"},"headline":"Usta y\u00f6netmen Dervi\u015f Zaim: \u201cFla\u015fbellek \u00e7a\u011f\u0131na ayna tutmay\u0131 \u00f6ng\u00f6rm\u00fc\u015f bir filmdir\u201d","datePublished":"2024-12-18T12:46:18+00:00","mainEntityOfPage":{"@id":"https:\/\/kuzeyinsesi.org\/index.php\/2024\/12\/18\/usta-yonetmen-dervis-zaim-flasbellek-cagina-ayna-tutmayi-ongormus-bir-filmdir\/"},"wordCount":828,"commentCount":0,"image":{"@id":"https:\/\/kuzeyinsesi.org\/index.php\/2024\/12\/18\/usta-yonetmen-dervis-zaim-flasbellek-cagina-ayna-tutmayi-ongormus-bir-filmdir\/#primaryimage"},"thumbnailUrl":"https:\/\/kuzeyinsesi.org\/wp-content\/uploads\/2024\/12\/1734516310484zaim.jpg","articleSection":["Ya\u015fam"],"inLanguage":"tr","potentialAction":[{"@type":"CommentAction","name":"Comment","target":["https:\/\/kuzeyinsesi.org\/index.php\/2024\/12\/18\/usta-yonetmen-dervis-zaim-flasbellek-cagina-ayna-tutmayi-ongormus-bir-filmdir\/#respond"]}]},{"@type":"WebPage","@id":"https:\/\/kuzeyinsesi.org\/index.php\/2024\/12\/18\/usta-yonetmen-dervis-zaim-flasbellek-cagina-ayna-tutmayi-ongormus-bir-filmdir\/","url":"https:\/\/kuzeyinsesi.org\/index.php\/2024\/12\/18\/usta-yonetmen-dervis-zaim-flasbellek-cagina-ayna-tutmayi-ongormus-bir-filmdir\/","name":"Usta y\u00f6netmen Dervi\u015f Zaim: \u201cFla\u015fbellek \u00e7a\u011f\u0131na ayna tutmay\u0131 \u00f6ng\u00f6rm\u00fc\u015f bir filmdir\u201d - Kuzeyin Sesi","isPartOf":{"@id":"https:\/\/kuzeyinsesi.org\/#website"},"primaryImageOfPage":{"@id":"https:\/\/kuzeyinsesi.org\/index.php\/2024\/12\/18\/usta-yonetmen-dervis-zaim-flasbellek-cagina-ayna-tutmayi-ongormus-bir-filmdir\/#primaryimage"},"image":{"@id":"https:\/\/kuzeyinsesi.org\/index.php\/2024\/12\/18\/usta-yonetmen-dervis-zaim-flasbellek-cagina-ayna-tutmayi-ongormus-bir-filmdir\/#primaryimage"},"thumbnailUrl":"https:\/\/kuzeyinsesi.org\/wp-content\/uploads\/2024\/12\/1734516310484zaim.jpg","datePublished":"2024-12-18T12:46:18+00:00","author":{"@id":"https:\/\/kuzeyinsesi.org\/#\/schema\/person\/9f859689cdf01485597712386e37f5aa"},"breadcrumb":{"@id":"https:\/\/kuzeyinsesi.org\/index.php\/2024\/12\/18\/usta-yonetmen-dervis-zaim-flasbellek-cagina-ayna-tutmayi-ongormus-bir-filmdir\/#breadcrumb"},"inLanguage":"tr","potentialAction":[{"@type":"ReadAction","target":["https:\/\/kuzeyinsesi.org\/index.php\/2024\/12\/18\/usta-yonetmen-dervis-zaim-flasbellek-cagina-ayna-tutmayi-ongormus-bir-filmdir\/"]}]},{"@type":"ImageObject","inLanguage":"tr","@id":"https:\/\/kuzeyinsesi.org\/index.php\/2024\/12\/18\/usta-yonetmen-dervis-zaim-flasbellek-cagina-ayna-tutmayi-ongormus-bir-filmdir\/#primaryimage","url":"https:\/\/kuzeyinsesi.org\/wp-content\/uploads\/2024\/12\/1734516310484zaim.jpg","contentUrl":"https:\/\/kuzeyinsesi.org\/wp-content\/uploads\/2024\/12\/1734516310484zaim.jpg","width":259,"height":194},{"@type":"BreadcrumbList","@id":"https:\/\/kuzeyinsesi.org\/index.php\/2024\/12\/18\/usta-yonetmen-dervis-zaim-flasbellek-cagina-ayna-tutmayi-ongormus-bir-filmdir\/#breadcrumb","itemListElement":[{"@type":"ListItem","position":1,"name":"Anasayfa","item":"https:\/\/kuzeyinsesi.org\/"},{"@type":"ListItem","position":2,"name":"Usta y\u00f6netmen Dervi\u015f Zaim: \u201cFla\u015fbellek \u00e7a\u011f\u0131na ayna tutmay\u0131 \u00f6ng\u00f6rm\u00fc\u015f bir filmdir\u201d"}]},{"@type":"WebSite","@id":"https:\/\/kuzeyinsesi.org\/#website","url":"https:\/\/kuzeyinsesi.org\/","name":"Kuzeyin Sesi","description":"Do\u011fru Haberin Adresi","potentialAction":[{"@type":"SearchAction","target":{"@type":"EntryPoint","urlTemplate":"https:\/\/kuzeyinsesi.org\/?s={search_term_string}"},"query-input":{"@type":"PropertyValueSpecification","valueRequired":true,"valueName":"search_term_string"}}],"inLanguage":"tr"},{"@type":"Person","@id":"https:\/\/kuzeyinsesi.org\/#\/schema\/person\/9f859689cdf01485597712386e37f5aa","name":"Kuzeyin Sesi","image":{"@type":"ImageObject","inLanguage":"tr","@id":"https:\/\/secure.gravatar.com\/avatar\/bab33852abfd8b282518d6ed81826833d77c3c882d9ab608add591ccace47a44?s=96&d=mm&r=g","url":"https:\/\/secure.gravatar.com\/avatar\/bab33852abfd8b282518d6ed81826833d77c3c882d9ab608add591ccace47a44?s=96&d=mm&r=g","contentUrl":"https:\/\/secure.gravatar.com\/avatar\/bab33852abfd8b282518d6ed81826833d77c3c882d9ab608add591ccace47a44?s=96&d=mm&r=g","caption":"Kuzeyin Sesi"},"sameAs":["https:\/\/kuzeyinsesi.org"],"url":"https:\/\/kuzeyinsesi.org\/index.php\/author\/guven\/"}]}},"_links":{"self":[{"href":"https:\/\/kuzeyinsesi.org\/index.php\/wp-json\/wp\/v2\/posts\/15802","targetHints":{"allow":["GET"]}}],"collection":[{"href":"https:\/\/kuzeyinsesi.org\/index.php\/wp-json\/wp\/v2\/posts"}],"about":[{"href":"https:\/\/kuzeyinsesi.org\/index.php\/wp-json\/wp\/v2\/types\/post"}],"author":[{"embeddable":true,"href":"https:\/\/kuzeyinsesi.org\/index.php\/wp-json\/wp\/v2\/users\/1"}],"replies":[{"embeddable":true,"href":"https:\/\/kuzeyinsesi.org\/index.php\/wp-json\/wp\/v2\/comments?post=15802"}],"version-history":[{"count":0,"href":"https:\/\/kuzeyinsesi.org\/index.php\/wp-json\/wp\/v2\/posts\/15802\/revisions"}],"wp:featuredmedia":[{"embeddable":true,"href":"https:\/\/kuzeyinsesi.org\/index.php\/wp-json\/wp\/v2\/media\/15803"}],"wp:attachment":[{"href":"https:\/\/kuzeyinsesi.org\/index.php\/wp-json\/wp\/v2\/media?parent=15802"}],"wp:term":[{"taxonomy":"category","embeddable":true,"href":"https:\/\/kuzeyinsesi.org\/index.php\/wp-json\/wp\/v2\/categories?post=15802"},{"taxonomy":"post_tag","embeddable":true,"href":"https:\/\/kuzeyinsesi.org\/index.php\/wp-json\/wp\/v2\/tags?post=15802"}],"curies":[{"name":"wp","href":"https:\/\/api.w.org\/{rel}","templated":true}]}}