{"id":15790,"date":"2024-12-18T13:45:30","date_gmt":"2024-12-18T11:45:30","guid":{"rendered":"https:\/\/kuzeyinsesi.org\/index.php\/2024\/12\/18\/tatar-tomgusehanin-ada-karanligindan-kitabinin-tanitim-etkinligine-katildi\/"},"modified":"2024-12-18T13:45:30","modified_gmt":"2024-12-18T11:45:30","slug":"tatar-tomgusehanin-ada-karanligindan-kitabinin-tanitim-etkinligine-katildi","status":"publish","type":"post","link":"https:\/\/kuzeyinsesi.org\/index.php\/2024\/12\/18\/tatar-tomgusehanin-ada-karanligindan-kitabinin-tanitim-etkinligine-katildi\/","title":{"rendered":"Tatar, Tomg\u00fcsehan\u2019\u0131n \u201cAda Karanl\u0131\u011f\u0131ndan\u201d kitab\u0131n\u0131n tan\u0131t\u0131m etkinli\u011fine kat\u0131ld\u0131"},"content":{"rendered":"<div>\n<div class=\"mariselle-image-container center\">\n                                            <\/div>\n<p>Cumhurba\u015fkan\u0131 Ersin Tatar, Turg\u00fcl Tomg\u00fcsehan taraf\u0131ndan kaleme al\u0131nan \u201cAda Karanl\u0131\u011f\u0131ndan\u201d isimli kitab\u0131n tan\u0131t\u0131m etkinli\u011fine kat\u0131ld\u0131.<\/p>\n<p>Cumhurba\u015fkanl\u0131\u011f\u0131\u2019ndan yap\u0131lan a\u00e7\u0131klamaya g\u00f6re Ersin Tatar, I\u015f\u0131k Kitabevi\u2019nde d\u00fcn yap\u0131lan kitap tan\u0131t\u0131m etkinli\u011finde bir konu\u015fma yaparak, etkinlikte bulunmaktan dolay\u0131 duydu\u011fu memnuniyeti dile getirdi.<br \/>Kitap okuma al\u0131\u015fkanl\u0131\u011f\u0131n\u0131 artt\u0131rabilmenin \u00f6nemine vurgu yapan Tatar, kitap okuma al\u0131\u015fkanl\u0131\u011f\u0131n\u0131 art\u0131rmak i\u00e7in yaz\u0131lan kitaplar\u0131n b\u00fcy\u00fck rol oynad\u0131\u011f\u0131n\u0131 belirtti. <\/p>\n<div class=\"mariselle-image-container center\">\n                <img decoding=\"async\" width=\"1600\" height=\"1066\" class=\"lazy-image\" alt=\"\" sizes=\"(max-width: 1600px) 100vw, 1600px\" src=\"https:\/\/brtk.net\/wp-content\/uploads\/2024\/12\/18\/1734511876390tatar-kitap-tanitim-etkinligi-4.jpg?ver=a18ae76816cb8c0d209631b162607acf\" srcset=\"https:\/\/brtk.net\/wp-content\/uploads\/2024\/12\/18\/1734511876390tatar-kitap-tanitim-etkinligi-4.jpg?ver=a18ae76816cb8c0d209631b162607acf 1600w, https:\/\/brtk.net\/wp-content\/uploads\/2024\/12\/18\/1734511876390tatar-kitap-tanitim-etkinligi-4-300x200.jpg?ver=a18ae76816cb8c0d209631b162607acf 300w, https:\/\/brtk.net\/wp-content\/uploads\/2024\/12\/18\/1734511876390tatar-kitap-tanitim-etkinligi-4-1024x682.jpg?ver=2493ea694bca27cb01f60f64ef8eb543 1024w, https:\/\/brtk.net\/wp-content\/uploads\/2024\/12\/18\/1734511876390tatar-kitap-tanitim-etkinligi-4-768x512.jpg?ver=2493ea694bca27cb01f60f64ef8eb543 768w, https:\/\/brtk.net\/wp-content\/uploads\/2024\/12\/18\/1734511876390tatar-kitap-tanitim-etkinligi-4-1536x1023.jpg?ver=76105e02b6545c6658d1e25b642c9ffc 1536w\"\/>                            <\/div>\n<p>Polis ,te\u015fkilat\u0131nda yer alan Tomg\u00fcsehan\u2019\u0131n olaylara analitik bak\u0131\u015f a\u00e7\u0131s\u0131yla yakla\u015farak yazd\u0131\u011f\u0131 kitaplarla K\u0131br\u0131s T\u00fcrk halk\u0131 ile tecr\u00fcbelerini payla\u015fmas\u0131n\u0131n \u00f6nemine i\u015faret eden Cumhurba\u015fkan\u0131 Tatar, ya\u015fan\u0131lan co\u011frafyada kar\u015f\u0131 kar\u015f\u0131ya kal\u0131nan tehlikelere ve su\u00e7 olaylar\u0131na kar\u015f\u0131 fedakar polisin, halkla hareket ederek g\u00fcvenli\u011fi nas\u0131l sa\u011flad\u0131\u011f\u0131n\u0131 aktarmas\u0131ndan dolay\u0131 Tomg\u00fcsehan\u2019\u0131 tebrik etti. <\/p>\n<p>Turg\u00fcl Tomg\u00fcsehan da, yazd\u0131\u011f\u0131 kitaplara Tatar\u2019\u0131n verdi\u011fi de\u011ferden dolay\u0131 b\u00fcy\u00fck onur duydu\u011funu ifade ederek te\u015fekk\u00fcr etti.<\/p>\n<\/p><\/div>\n<p><script async\n                    defer\n                    crossorigin=\"anonymous\"\n                    src=\"https:\/\/connect.facebook.net\/tr_TR\/sdk.js#xfbml=1&#038;version=v3.3\"\n            ><\/script><\/p>\n","protected":false},"excerpt":{"rendered":"<p>Cumhurba\u015fkan\u0131 Ersin Tatar, Turg\u00fcl Tomg\u00fcsehan taraf\u0131ndan kaleme al\u0131nan \u201cAda Karanl\u0131\u011f\u0131ndan\u201d isimli kitab\u0131n tan\u0131t\u0131m etkinli\u011fine kat\u0131ld\u0131. Cumhurba\u015fkanl\u0131\u011f\u0131\u2019ndan yap\u0131lan a\u00e7\u0131klamaya g\u00f6re Ersin Tatar, I\u015f\u0131k Kitabevi\u2019nde d\u00fcn yap\u0131lan kitap tan\u0131t\u0131m etkinli\u011finde bir konu\u015fma yaparak, etkinlikte bulunmaktan dolay\u0131 duydu\u011fu memnuniyeti dile getirdi.Kitap okuma al\u0131\u015fkanl\u0131\u011f\u0131n\u0131 artt\u0131rabilmenin \u00f6nemine vurgu yapan Tatar, kitap okuma al\u0131\u015fkanl\u0131\u011f\u0131n\u0131 art\u0131rmak i\u00e7in yaz\u0131lan kitaplar\u0131n b\u00fcy\u00fck rol oynad\u0131\u011f\u0131n\u0131 [&hellip;]<\/p>\n","protected":false},"author":1,"featured_media":15791,"comment_status":"open","ping_status":"open","sticky":false,"template":"","format":"standard","meta":{"jnews-multi-image_gallery":[],"jnews_single_post":[],"jnews_primary_category":[],"jnews_social_meta":[],"jnews_override_counter":[],"footnotes":""},"categories":[6],"tags":[],"class_list":["post-15790","post","type-post","status-publish","format-standard","has-post-thumbnail","hentry","category-yasam"],"yoast_head":"<!-- This site is optimized with the Yoast SEO plugin v27.4 - https:\/\/yoast.com\/product\/yoast-seo-wordpress\/ -->\n<title>Tatar, Tomg\u00fcsehan\u2019\u0131n \u201cAda Karanl\u0131\u011f\u0131ndan\u201d kitab\u0131n\u0131n tan\u0131t\u0131m etkinli\u011fine kat\u0131ld\u0131 - Kuzeyin Sesi<\/title>\n<meta name=\"robots\" content=\"index, follow, max-snippet:-1, max-image-preview:large, max-video-preview:-1\" \/>\n<link rel=\"canonical\" href=\"https:\/\/kuzeyinsesi.org\/index.php\/2024\/12\/18\/tatar-tomgusehanin-ada-karanligindan-kitabinin-tanitim-etkinligine-katildi\/\" \/>\n<meta property=\"og:locale\" content=\"tr_TR\" \/>\n<meta property=\"og:type\" content=\"article\" \/>\n<meta property=\"og:title\" content=\"Tatar, Tomg\u00fcsehan\u2019\u0131n \u201cAda Karanl\u0131\u011f\u0131ndan\u201d kitab\u0131n\u0131n tan\u0131t\u0131m etkinli\u011fine kat\u0131ld\u0131 - Kuzeyin Sesi\" \/>\n<meta property=\"og:description\" content=\"Cumhurba\u015fkan\u0131 Ersin Tatar, Turg\u00fcl Tomg\u00fcsehan taraf\u0131ndan kaleme al\u0131nan \u201cAda Karanl\u0131\u011f\u0131ndan\u201d isimli kitab\u0131n tan\u0131t\u0131m etkinli\u011fine kat\u0131ld\u0131. Cumhurba\u015fkanl\u0131\u011f\u0131\u2019ndan yap\u0131lan a\u00e7\u0131klamaya g\u00f6re Ersin Tatar, I\u015f\u0131k Kitabevi\u2019nde d\u00fcn yap\u0131lan kitap tan\u0131t\u0131m etkinli\u011finde bir konu\u015fma yaparak, etkinlikte bulunmaktan dolay\u0131 duydu\u011fu memnuniyeti dile getirdi.Kitap okuma al\u0131\u015fkanl\u0131\u011f\u0131n\u0131 artt\u0131rabilmenin \u00f6nemine vurgu yapan Tatar, kitap okuma al\u0131\u015fkanl\u0131\u011f\u0131n\u0131 art\u0131rmak i\u00e7in yaz\u0131lan kitaplar\u0131n b\u00fcy\u00fck rol oynad\u0131\u011f\u0131n\u0131 [&hellip;]\" \/>\n<meta property=\"og:url\" content=\"https:\/\/kuzeyinsesi.org\/index.php\/2024\/12\/18\/tatar-tomgusehanin-ada-karanligindan-kitabinin-tanitim-etkinligine-katildi\/\" \/>\n<meta property=\"og:site_name\" content=\"Kuzeyin Sesi\" \/>\n<meta property=\"article:publisher\" content=\"https:\/\/www.facebook.com\/kuzeyinsesii\" \/>\n<meta property=\"article:published_time\" content=\"2024-12-18T11:45:30+00:00\" \/>\n<meta property=\"og:image\" content=\"https:\/\/brtk.net\/wp-content\/uploads\/2024\/12\/18\/1734511876388tatar-kitap-tanitim-etkinligi-2.jpg?ver=fd3318abacbd75f3036e1e45ee643b0a\" \/>\n<meta name=\"author\" content=\"Kuzeyin Sesi\" \/>\n<meta name=\"twitter:card\" content=\"summary_large_image\" \/>\n<meta name=\"twitter:creator\" content=\"@kuzeyinsesii\" \/>\n<meta name=\"twitter:site\" content=\"@kuzeyinsesii\" \/>\n<meta name=\"twitter:label1\" content=\"Yazan:\" \/>\n\t<meta name=\"twitter:data1\" content=\"Kuzeyin Sesi\" \/>\n\t<meta name=\"twitter:label2\" content=\"Tahmini okuma s\u00fcresi\" \/>\n\t<meta name=\"twitter:data2\" content=\"1 dakika\" \/>\n<script type=\"application\/ld+json\" class=\"yoast-schema-graph\">{\"@context\":\"https:\\\/\\\/schema.org\",\"@graph\":[{\"@type\":\"Article\",\"@id\":\"https:\\\/\\\/kuzeyinsesi.org\\\/index.php\\\/2024\\\/12\\\/18\\\/tatar-tomgusehanin-ada-karanligindan-kitabinin-tanitim-etkinligine-katildi\\\/#article\",\"isPartOf\":{\"@id\":\"https:\\\/\\\/kuzeyinsesi.org\\\/index.php\\\/2024\\\/12\\\/18\\\/tatar-tomgusehanin-ada-karanligindan-kitabinin-tanitim-etkinligine-katildi\\\/\"},\"author\":{\"name\":\"Kuzeyin Sesi\",\"@id\":\"https:\\\/\\\/kuzeyinsesi.org\\\/#\\\/schema\\\/person\\\/9f859689cdf01485597712386e37f5aa\"},\"headline\":\"Tatar, Tomg\u00fcsehan\u2019\u0131n \u201cAda Karanl\u0131\u011f\u0131ndan\u201d kitab\u0131n\u0131n tan\u0131t\u0131m etkinli\u011fine kat\u0131ld\u0131\",\"datePublished\":\"2024-12-18T11:45:30+00:00\",\"mainEntityOfPage\":{\"@id\":\"https:\\\/\\\/kuzeyinsesi.org\\\/index.php\\\/2024\\\/12\\\/18\\\/tatar-tomgusehanin-ada-karanligindan-kitabinin-tanitim-etkinligine-katildi\\\/\"},\"wordCount\":212,\"commentCount\":0,\"image\":{\"@id\":\"https:\\\/\\\/kuzeyinsesi.org\\\/index.php\\\/2024\\\/12\\\/18\\\/tatar-tomgusehanin-ada-karanligindan-kitabinin-tanitim-etkinligine-katildi\\\/#primaryimage\"},\"thumbnailUrl\":\"https:\\\/\\\/kuzeyinsesi.org\\\/wp-content\\\/uploads\\\/2024\\\/12\\\/1734511876388tatar-kitap-tanitim-etkinligi-2.jpg\",\"articleSection\":[\"Ya\u015fam\"],\"inLanguage\":\"tr\",\"potentialAction\":[{\"@type\":\"CommentAction\",\"name\":\"Comment\",\"target\":[\"https:\\\/\\\/kuzeyinsesi.org\\\/index.php\\\/2024\\\/12\\\/18\\\/tatar-tomgusehanin-ada-karanligindan-kitabinin-tanitim-etkinligine-katildi\\\/#respond\"]}]},{\"@type\":\"WebPage\",\"@id\":\"https:\\\/\\\/kuzeyinsesi.org\\\/index.php\\\/2024\\\/12\\\/18\\\/tatar-tomgusehanin-ada-karanligindan-kitabinin-tanitim-etkinligine-katildi\\\/\",\"url\":\"https:\\\/\\\/kuzeyinsesi.org\\\/index.php\\\/2024\\\/12\\\/18\\\/tatar-tomgusehanin-ada-karanligindan-kitabinin-tanitim-etkinligine-katildi\\\/\",\"name\":\"Tatar, Tomg\u00fcsehan\u2019\u0131n \u201cAda Karanl\u0131\u011f\u0131ndan\u201d kitab\u0131n\u0131n tan\u0131t\u0131m etkinli\u011fine kat\u0131ld\u0131 - Kuzeyin Sesi\",\"isPartOf\":{\"@id\":\"https:\\\/\\\/kuzeyinsesi.org\\\/#website\"},\"primaryImageOfPage\":{\"@id\":\"https:\\\/\\\/kuzeyinsesi.org\\\/index.php\\\/2024\\\/12\\\/18\\\/tatar-tomgusehanin-ada-karanligindan-kitabinin-tanitim-etkinligine-katildi\\\/#primaryimage\"},\"image\":{\"@id\":\"https:\\\/\\\/kuzeyinsesi.org\\\/index.php\\\/2024\\\/12\\\/18\\\/tatar-tomgusehanin-ada-karanligindan-kitabinin-tanitim-etkinligine-katildi\\\/#primaryimage\"},\"thumbnailUrl\":\"https:\\\/\\\/kuzeyinsesi.org\\\/wp-content\\\/uploads\\\/2024\\\/12\\\/1734511876388tatar-kitap-tanitim-etkinligi-2.jpg\",\"datePublished\":\"2024-12-18T11:45:30+00:00\",\"author\":{\"@id\":\"https:\\\/\\\/kuzeyinsesi.org\\\/#\\\/schema\\\/person\\\/9f859689cdf01485597712386e37f5aa\"},\"breadcrumb\":{\"@id\":\"https:\\\/\\\/kuzeyinsesi.org\\\/index.php\\\/2024\\\/12\\\/18\\\/tatar-tomgusehanin-ada-karanligindan-kitabinin-tanitim-etkinligine-katildi\\\/#breadcrumb\"},\"inLanguage\":\"tr\",\"potentialAction\":[{\"@type\":\"ReadAction\",\"target\":[\"https:\\\/\\\/kuzeyinsesi.org\\\/index.php\\\/2024\\\/12\\\/18\\\/tatar-tomgusehanin-ada-karanligindan-kitabinin-tanitim-etkinligine-katildi\\\/\"]}]},{\"@type\":\"ImageObject\",\"inLanguage\":\"tr\",\"@id\":\"https:\\\/\\\/kuzeyinsesi.org\\\/index.php\\\/2024\\\/12\\\/18\\\/tatar-tomgusehanin-ada-karanligindan-kitabinin-tanitim-etkinligine-katildi\\\/#primaryimage\",\"url\":\"https:\\\/\\\/kuzeyinsesi.org\\\/wp-content\\\/uploads\\\/2024\\\/12\\\/1734511876388tatar-kitap-tanitim-etkinligi-2.jpg\",\"contentUrl\":\"https:\\\/\\\/kuzeyinsesi.org\\\/wp-content\\\/uploads\\\/2024\\\/12\\\/1734511876388tatar-kitap-tanitim-etkinligi-2.jpg\",\"width\":1600,\"height\":1066},{\"@type\":\"BreadcrumbList\",\"@id\":\"https:\\\/\\\/kuzeyinsesi.org\\\/index.php\\\/2024\\\/12\\\/18\\\/tatar-tomgusehanin-ada-karanligindan-kitabinin-tanitim-etkinligine-katildi\\\/#breadcrumb\",\"itemListElement\":[{\"@type\":\"ListItem\",\"position\":1,\"name\":\"Anasayfa\",\"item\":\"https:\\\/\\\/kuzeyinsesi.org\\\/\"},{\"@type\":\"ListItem\",\"position\":2,\"name\":\"Tatar, Tomg\u00fcsehan\u2019\u0131n \u201cAda Karanl\u0131\u011f\u0131ndan\u201d kitab\u0131n\u0131n tan\u0131t\u0131m etkinli\u011fine kat\u0131ld\u0131\"}]},{\"@type\":\"WebSite\",\"@id\":\"https:\\\/\\\/kuzeyinsesi.org\\\/#website\",\"url\":\"https:\\\/\\\/kuzeyinsesi.org\\\/\",\"name\":\"Kuzeyin Sesi\",\"description\":\"Do\u011fru Haberin Adresi\",\"potentialAction\":[{\"@type\":\"SearchAction\",\"target\":{\"@type\":\"EntryPoint\",\"urlTemplate\":\"https:\\\/\\\/kuzeyinsesi.org\\\/?s={search_term_string}\"},\"query-input\":{\"@type\":\"PropertyValueSpecification\",\"valueRequired\":true,\"valueName\":\"search_term_string\"}}],\"inLanguage\":\"tr\"},{\"@type\":\"Person\",\"@id\":\"https:\\\/\\\/kuzeyinsesi.org\\\/#\\\/schema\\\/person\\\/9f859689cdf01485597712386e37f5aa\",\"name\":\"Kuzeyin Sesi\",\"image\":{\"@type\":\"ImageObject\",\"inLanguage\":\"tr\",\"@id\":\"https:\\\/\\\/secure.gravatar.com\\\/avatar\\\/bab33852abfd8b282518d6ed81826833d77c3c882d9ab608add591ccace47a44?s=96&d=mm&r=g\",\"url\":\"https:\\\/\\\/secure.gravatar.com\\\/avatar\\\/bab33852abfd8b282518d6ed81826833d77c3c882d9ab608add591ccace47a44?s=96&d=mm&r=g\",\"contentUrl\":\"https:\\\/\\\/secure.gravatar.com\\\/avatar\\\/bab33852abfd8b282518d6ed81826833d77c3c882d9ab608add591ccace47a44?s=96&d=mm&r=g\",\"caption\":\"Kuzeyin Sesi\"},\"sameAs\":[\"https:\\\/\\\/kuzeyinsesi.org\"],\"url\":\"https:\\\/\\\/kuzeyinsesi.org\\\/index.php\\\/author\\\/guven\\\/\"}]}<\/script>\n<!-- \/ Yoast SEO plugin. -->","yoast_head_json":{"title":"Tatar, Tomg\u00fcsehan\u2019\u0131n \u201cAda Karanl\u0131\u011f\u0131ndan\u201d kitab\u0131n\u0131n tan\u0131t\u0131m etkinli\u011fine kat\u0131ld\u0131 - Kuzeyin Sesi","robots":{"index":"index","follow":"follow","max-snippet":"max-snippet:-1","max-image-preview":"max-image-preview:large","max-video-preview":"max-video-preview:-1"},"canonical":"https:\/\/kuzeyinsesi.org\/index.php\/2024\/12\/18\/tatar-tomgusehanin-ada-karanligindan-kitabinin-tanitim-etkinligine-katildi\/","og_locale":"tr_TR","og_type":"article","og_title":"Tatar, Tomg\u00fcsehan\u2019\u0131n \u201cAda Karanl\u0131\u011f\u0131ndan\u201d kitab\u0131n\u0131n tan\u0131t\u0131m etkinli\u011fine kat\u0131ld\u0131 - Kuzeyin Sesi","og_description":"Cumhurba\u015fkan\u0131 Ersin Tatar, Turg\u00fcl Tomg\u00fcsehan taraf\u0131ndan kaleme al\u0131nan \u201cAda Karanl\u0131\u011f\u0131ndan\u201d isimli kitab\u0131n tan\u0131t\u0131m etkinli\u011fine kat\u0131ld\u0131. Cumhurba\u015fkanl\u0131\u011f\u0131\u2019ndan yap\u0131lan a\u00e7\u0131klamaya g\u00f6re Ersin Tatar, I\u015f\u0131k Kitabevi\u2019nde d\u00fcn yap\u0131lan kitap tan\u0131t\u0131m etkinli\u011finde bir konu\u015fma yaparak, etkinlikte bulunmaktan dolay\u0131 duydu\u011fu memnuniyeti dile getirdi.Kitap okuma al\u0131\u015fkanl\u0131\u011f\u0131n\u0131 artt\u0131rabilmenin \u00f6nemine vurgu yapan Tatar, kitap okuma al\u0131\u015fkanl\u0131\u011f\u0131n\u0131 art\u0131rmak i\u00e7in yaz\u0131lan kitaplar\u0131n b\u00fcy\u00fck rol oynad\u0131\u011f\u0131n\u0131 [&hellip;]","og_url":"https:\/\/kuzeyinsesi.org\/index.php\/2024\/12\/18\/tatar-tomgusehanin-ada-karanligindan-kitabinin-tanitim-etkinligine-katildi\/","og_site_name":"Kuzeyin Sesi","article_publisher":"https:\/\/www.facebook.com\/kuzeyinsesii","article_published_time":"2024-12-18T11:45:30+00:00","og_image":[{"url":"https:\/\/brtk.net\/wp-content\/uploads\/2024\/12\/18\/1734511876388tatar-kitap-tanitim-etkinligi-2.jpg?ver=fd3318abacbd75f3036e1e45ee643b0a","type":"","width":"","height":""}],"author":"Kuzeyin Sesi","twitter_card":"summary_large_image","twitter_creator":"@kuzeyinsesii","twitter_site":"@kuzeyinsesii","twitter_misc":{"Yazan:":"Kuzeyin Sesi","Tahmini okuma s\u00fcresi":"1 dakika"},"schema":{"@context":"https:\/\/schema.org","@graph":[{"@type":"Article","@id":"https:\/\/kuzeyinsesi.org\/index.php\/2024\/12\/18\/tatar-tomgusehanin-ada-karanligindan-kitabinin-tanitim-etkinligine-katildi\/#article","isPartOf":{"@id":"https:\/\/kuzeyinsesi.org\/index.php\/2024\/12\/18\/tatar-tomgusehanin-ada-karanligindan-kitabinin-tanitim-etkinligine-katildi\/"},"author":{"name":"Kuzeyin Sesi","@id":"https:\/\/kuzeyinsesi.org\/#\/schema\/person\/9f859689cdf01485597712386e37f5aa"},"headline":"Tatar, Tomg\u00fcsehan\u2019\u0131n \u201cAda Karanl\u0131\u011f\u0131ndan\u201d kitab\u0131n\u0131n tan\u0131t\u0131m etkinli\u011fine kat\u0131ld\u0131","datePublished":"2024-12-18T11:45:30+00:00","mainEntityOfPage":{"@id":"https:\/\/kuzeyinsesi.org\/index.php\/2024\/12\/18\/tatar-tomgusehanin-ada-karanligindan-kitabinin-tanitim-etkinligine-katildi\/"},"wordCount":212,"commentCount":0,"image":{"@id":"https:\/\/kuzeyinsesi.org\/index.php\/2024\/12\/18\/tatar-tomgusehanin-ada-karanligindan-kitabinin-tanitim-etkinligine-katildi\/#primaryimage"},"thumbnailUrl":"https:\/\/kuzeyinsesi.org\/wp-content\/uploads\/2024\/12\/1734511876388tatar-kitap-tanitim-etkinligi-2.jpg","articleSection":["Ya\u015fam"],"inLanguage":"tr","potentialAction":[{"@type":"CommentAction","name":"Comment","target":["https:\/\/kuzeyinsesi.org\/index.php\/2024\/12\/18\/tatar-tomgusehanin-ada-karanligindan-kitabinin-tanitim-etkinligine-katildi\/#respond"]}]},{"@type":"WebPage","@id":"https:\/\/kuzeyinsesi.org\/index.php\/2024\/12\/18\/tatar-tomgusehanin-ada-karanligindan-kitabinin-tanitim-etkinligine-katildi\/","url":"https:\/\/kuzeyinsesi.org\/index.php\/2024\/12\/18\/tatar-tomgusehanin-ada-karanligindan-kitabinin-tanitim-etkinligine-katildi\/","name":"Tatar, Tomg\u00fcsehan\u2019\u0131n \u201cAda Karanl\u0131\u011f\u0131ndan\u201d kitab\u0131n\u0131n tan\u0131t\u0131m etkinli\u011fine kat\u0131ld\u0131 - Kuzeyin Sesi","isPartOf":{"@id":"https:\/\/kuzeyinsesi.org\/#website"},"primaryImageOfPage":{"@id":"https:\/\/kuzeyinsesi.org\/index.php\/2024\/12\/18\/tatar-tomgusehanin-ada-karanligindan-kitabinin-tanitim-etkinligine-katildi\/#primaryimage"},"image":{"@id":"https:\/\/kuzeyinsesi.org\/index.php\/2024\/12\/18\/tatar-tomgusehanin-ada-karanligindan-kitabinin-tanitim-etkinligine-katildi\/#primaryimage"},"thumbnailUrl":"https:\/\/kuzeyinsesi.org\/wp-content\/uploads\/2024\/12\/1734511876388tatar-kitap-tanitim-etkinligi-2.jpg","datePublished":"2024-12-18T11:45:30+00:00","author":{"@id":"https:\/\/kuzeyinsesi.org\/#\/schema\/person\/9f859689cdf01485597712386e37f5aa"},"breadcrumb":{"@id":"https:\/\/kuzeyinsesi.org\/index.php\/2024\/12\/18\/tatar-tomgusehanin-ada-karanligindan-kitabinin-tanitim-etkinligine-katildi\/#breadcrumb"},"inLanguage":"tr","potentialAction":[{"@type":"ReadAction","target":["https:\/\/kuzeyinsesi.org\/index.php\/2024\/12\/18\/tatar-tomgusehanin-ada-karanligindan-kitabinin-tanitim-etkinligine-katildi\/"]}]},{"@type":"ImageObject","inLanguage":"tr","@id":"https:\/\/kuzeyinsesi.org\/index.php\/2024\/12\/18\/tatar-tomgusehanin-ada-karanligindan-kitabinin-tanitim-etkinligine-katildi\/#primaryimage","url":"https:\/\/kuzeyinsesi.org\/wp-content\/uploads\/2024\/12\/1734511876388tatar-kitap-tanitim-etkinligi-2.jpg","contentUrl":"https:\/\/kuzeyinsesi.org\/wp-content\/uploads\/2024\/12\/1734511876388tatar-kitap-tanitim-etkinligi-2.jpg","width":1600,"height":1066},{"@type":"BreadcrumbList","@id":"https:\/\/kuzeyinsesi.org\/index.php\/2024\/12\/18\/tatar-tomgusehanin-ada-karanligindan-kitabinin-tanitim-etkinligine-katildi\/#breadcrumb","itemListElement":[{"@type":"ListItem","position":1,"name":"Anasayfa","item":"https:\/\/kuzeyinsesi.org\/"},{"@type":"ListItem","position":2,"name":"Tatar, Tomg\u00fcsehan\u2019\u0131n \u201cAda Karanl\u0131\u011f\u0131ndan\u201d kitab\u0131n\u0131n tan\u0131t\u0131m etkinli\u011fine kat\u0131ld\u0131"}]},{"@type":"WebSite","@id":"https:\/\/kuzeyinsesi.org\/#website","url":"https:\/\/kuzeyinsesi.org\/","name":"Kuzeyin Sesi","description":"Do\u011fru Haberin Adresi","potentialAction":[{"@type":"SearchAction","target":{"@type":"EntryPoint","urlTemplate":"https:\/\/kuzeyinsesi.org\/?s={search_term_string}"},"query-input":{"@type":"PropertyValueSpecification","valueRequired":true,"valueName":"search_term_string"}}],"inLanguage":"tr"},{"@type":"Person","@id":"https:\/\/kuzeyinsesi.org\/#\/schema\/person\/9f859689cdf01485597712386e37f5aa","name":"Kuzeyin Sesi","image":{"@type":"ImageObject","inLanguage":"tr","@id":"https:\/\/secure.gravatar.com\/avatar\/bab33852abfd8b282518d6ed81826833d77c3c882d9ab608add591ccace47a44?s=96&d=mm&r=g","url":"https:\/\/secure.gravatar.com\/avatar\/bab33852abfd8b282518d6ed81826833d77c3c882d9ab608add591ccace47a44?s=96&d=mm&r=g","contentUrl":"https:\/\/secure.gravatar.com\/avatar\/bab33852abfd8b282518d6ed81826833d77c3c882d9ab608add591ccace47a44?s=96&d=mm&r=g","caption":"Kuzeyin Sesi"},"sameAs":["https:\/\/kuzeyinsesi.org"],"url":"https:\/\/kuzeyinsesi.org\/index.php\/author\/guven\/"}]}},"_links":{"self":[{"href":"https:\/\/kuzeyinsesi.org\/index.php\/wp-json\/wp\/v2\/posts\/15790","targetHints":{"allow":["GET"]}}],"collection":[{"href":"https:\/\/kuzeyinsesi.org\/index.php\/wp-json\/wp\/v2\/posts"}],"about":[{"href":"https:\/\/kuzeyinsesi.org\/index.php\/wp-json\/wp\/v2\/types\/post"}],"author":[{"embeddable":true,"href":"https:\/\/kuzeyinsesi.org\/index.php\/wp-json\/wp\/v2\/users\/1"}],"replies":[{"embeddable":true,"href":"https:\/\/kuzeyinsesi.org\/index.php\/wp-json\/wp\/v2\/comments?post=15790"}],"version-history":[{"count":0,"href":"https:\/\/kuzeyinsesi.org\/index.php\/wp-json\/wp\/v2\/posts\/15790\/revisions"}],"wp:featuredmedia":[{"embeddable":true,"href":"https:\/\/kuzeyinsesi.org\/index.php\/wp-json\/wp\/v2\/media\/15791"}],"wp:attachment":[{"href":"https:\/\/kuzeyinsesi.org\/index.php\/wp-json\/wp\/v2\/media?parent=15790"}],"wp:term":[{"taxonomy":"category","embeddable":true,"href":"https:\/\/kuzeyinsesi.org\/index.php\/wp-json\/wp\/v2\/categories?post=15790"},{"taxonomy":"post_tag","embeddable":true,"href":"https:\/\/kuzeyinsesi.org\/index.php\/wp-json\/wp\/v2\/tags?post=15790"}],"curies":[{"name":"wp","href":"https:\/\/api.w.org\/{rel}","templated":true}]}}