{"id":15771,"date":"2024-12-18T11:41:54","date_gmt":"2024-12-18T09:41:54","guid":{"rendered":"https:\/\/kuzeyinsesi.org\/index.php\/2024\/12\/18\/cumhurbaskani-tatar-tasavvuf-muzigi-dinletisi-ve-sema-torenine-katildi\/"},"modified":"2024-12-18T11:41:54","modified_gmt":"2024-12-18T09:41:54","slug":"cumhurbaskani-tatar-tasavvuf-muzigi-dinletisi-ve-sema-torenine-katildi","status":"publish","type":"post","link":"https:\/\/kuzeyinsesi.org\/index.php\/2024\/12\/18\/cumhurbaskani-tatar-tasavvuf-muzigi-dinletisi-ve-sema-torenine-katildi\/","title":{"rendered":"Cumhurba\u015fkan\u0131 Tatar, Tasavvuf M\u00fczi\u011fi Dinletisi ve Sema T\u00f6reni\u2019ne kat\u0131ld\u0131"},"content":{"rendered":"<div>\n<div class=\"mariselle-image-container center\">\n                                            <\/div>\n<p>Cumhurba\u015fkan\u0131 Ersin Tatar, Tasavvuf M\u00fczi\u011fi Dinletisi ve Sema T\u00f6reni etkinli\u011fini izledi.<\/p>\n<p>Cumhurba\u015fkanl\u0131\u011f\u0131\u2019ndan verilen bilgiye g\u00f6re, Tatar d\u00fcn ak\u015fam, T\u00fcrkiye Cumhuriyeti K\u00fclt\u00fcr ve Turizm Bakanl\u0131\u011f\u0131 ile Yunus Emre Enstit\u00fcs\u00fc\u2019n\u00fcn Hz. Mevlana\u2019y\u0131 yad etmek \u00fczere Lefko\u015fa\u2019da ger\u00e7ekle\u015ftirdi\u011fi Tasavvuf M\u00fczi\u011fi Dinletisi ve Sema T\u00f6renine kat\u0131ld\u0131.<\/p>\n<\/p><\/div>\n<p><script async\n                    defer\n                    crossorigin=\"anonymous\"\n                    src=\"https:\/\/connect.facebook.net\/tr_TR\/sdk.js#xfbml=1&#038;version=v3.3\"\n            ><\/script><\/p>\n","protected":false},"excerpt":{"rendered":"<p>Cumhurba\u015fkan\u0131 Ersin Tatar, Tasavvuf M\u00fczi\u011fi Dinletisi ve Sema T\u00f6reni etkinli\u011fini izledi. Cumhurba\u015fkanl\u0131\u011f\u0131\u2019ndan verilen bilgiye g\u00f6re, Tatar d\u00fcn ak\u015fam, T\u00fcrkiye Cumhuriyeti K\u00fclt\u00fcr ve Turizm Bakanl\u0131\u011f\u0131 ile Yunus Emre Enstit\u00fcs\u00fc\u2019n\u00fcn Hz. Mevlana\u2019y\u0131 yad etmek \u00fczere Lefko\u015fa\u2019da ger\u00e7ekle\u015ftirdi\u011fi Tasavvuf M\u00fczi\u011fi Dinletisi ve Sema T\u00f6renine kat\u0131ld\u0131.<\/p>\n","protected":false},"author":1,"featured_media":15772,"comment_status":"open","ping_status":"open","sticky":false,"template":"","format":"standard","meta":{"jnews-multi-image_gallery":[],"jnews_single_post":[],"jnews_primary_category":[],"jnews_social_meta":[],"jnews_override_counter":[],"footnotes":""},"categories":[6],"tags":[],"class_list":["post-15771","post","type-post","status-publish","format-standard","has-post-thumbnail","hentry","category-yasam"],"yoast_head":"<!-- This site is optimized with the Yoast SEO plugin v27.4 - https:\/\/yoast.com\/product\/yoast-seo-wordpress\/ -->\n<title>Cumhurba\u015fkan\u0131 Tatar, Tasavvuf M\u00fczi\u011fi Dinletisi ve Sema T\u00f6reni\u2019ne kat\u0131ld\u0131 - Kuzeyin Sesi<\/title>\n<meta name=\"robots\" content=\"index, follow, max-snippet:-1, max-image-preview:large, max-video-preview:-1\" \/>\n<link rel=\"canonical\" href=\"https:\/\/kuzeyinsesi.org\/index.php\/2024\/12\/18\/cumhurbaskani-tatar-tasavvuf-muzigi-dinletisi-ve-sema-torenine-katildi\/\" \/>\n<meta property=\"og:locale\" content=\"tr_TR\" \/>\n<meta property=\"og:type\" content=\"article\" \/>\n<meta property=\"og:title\" content=\"Cumhurba\u015fkan\u0131 Tatar, Tasavvuf M\u00fczi\u011fi Dinletisi ve Sema T\u00f6reni\u2019ne kat\u0131ld\u0131 - Kuzeyin Sesi\" \/>\n<meta property=\"og:description\" content=\"Cumhurba\u015fkan\u0131 Ersin Tatar, Tasavvuf M\u00fczi\u011fi Dinletisi ve Sema T\u00f6reni etkinli\u011fini izledi. Cumhurba\u015fkanl\u0131\u011f\u0131\u2019ndan verilen bilgiye g\u00f6re, Tatar d\u00fcn ak\u015fam, T\u00fcrkiye Cumhuriyeti K\u00fclt\u00fcr ve Turizm Bakanl\u0131\u011f\u0131 ile Yunus Emre Enstit\u00fcs\u00fc\u2019n\u00fcn Hz. Mevlana\u2019y\u0131 yad etmek \u00fczere Lefko\u015fa\u2019da ger\u00e7ekle\u015ftirdi\u011fi Tasavvuf M\u00fczi\u011fi Dinletisi ve Sema T\u00f6renine kat\u0131ld\u0131.\" \/>\n<meta property=\"og:url\" content=\"https:\/\/kuzeyinsesi.org\/index.php\/2024\/12\/18\/cumhurbaskani-tatar-tasavvuf-muzigi-dinletisi-ve-sema-torenine-katildi\/\" \/>\n<meta property=\"og:site_name\" content=\"Kuzeyin Sesi\" \/>\n<meta property=\"article:publisher\" content=\"https:\/\/www.facebook.com\/kuzeyinsesii\" \/>\n<meta property=\"article:published_time\" content=\"2024-12-18T09:41:54+00:00\" \/>\n<meta property=\"og:image\" content=\"https:\/\/brtk.net\/wp-content\/uploads\/2024\/12\/18\/1734511667746tatar-sema-toreni-3.jpg?ver=7b32d0ed68fbddc37b32a753fff34ded\" \/>\n<meta name=\"author\" content=\"Kuzeyin Sesi\" \/>\n<meta name=\"twitter:card\" content=\"summary_large_image\" \/>\n<meta name=\"twitter:creator\" content=\"@kuzeyinsesii\" \/>\n<meta name=\"twitter:site\" content=\"@kuzeyinsesii\" \/>\n<meta name=\"twitter:label1\" content=\"Yazan:\" \/>\n\t<meta name=\"twitter:data1\" content=\"Kuzeyin Sesi\" \/>\n<script type=\"application\/ld+json\" class=\"yoast-schema-graph\">{\"@context\":\"https:\\\/\\\/schema.org\",\"@graph\":[{\"@type\":\"Article\",\"@id\":\"https:\\\/\\\/kuzeyinsesi.org\\\/index.php\\\/2024\\\/12\\\/18\\\/cumhurbaskani-tatar-tasavvuf-muzigi-dinletisi-ve-sema-torenine-katildi\\\/#article\",\"isPartOf\":{\"@id\":\"https:\\\/\\\/kuzeyinsesi.org\\\/index.php\\\/2024\\\/12\\\/18\\\/cumhurbaskani-tatar-tasavvuf-muzigi-dinletisi-ve-sema-torenine-katildi\\\/\"},\"author\":{\"name\":\"Kuzeyin Sesi\",\"@id\":\"https:\\\/\\\/kuzeyinsesi.org\\\/#\\\/schema\\\/person\\\/9f859689cdf01485597712386e37f5aa\"},\"headline\":\"Cumhurba\u015fkan\u0131 Tatar, Tasavvuf M\u00fczi\u011fi Dinletisi ve Sema T\u00f6reni\u2019ne kat\u0131ld\u0131\",\"datePublished\":\"2024-12-18T09:41:54+00:00\",\"mainEntityOfPage\":{\"@id\":\"https:\\\/\\\/kuzeyinsesi.org\\\/index.php\\\/2024\\\/12\\\/18\\\/cumhurbaskani-tatar-tasavvuf-muzigi-dinletisi-ve-sema-torenine-katildi\\\/\"},\"wordCount\":83,\"commentCount\":0,\"image\":{\"@id\":\"https:\\\/\\\/kuzeyinsesi.org\\\/index.php\\\/2024\\\/12\\\/18\\\/cumhurbaskani-tatar-tasavvuf-muzigi-dinletisi-ve-sema-torenine-katildi\\\/#primaryimage\"},\"thumbnailUrl\":\"https:\\\/\\\/kuzeyinsesi.org\\\/wp-content\\\/uploads\\\/2024\\\/12\\\/af26642f-81f7-4c22-ad42-b87cf3389d5f.jpg\",\"articleSection\":[\"Ya\u015fam\"],\"inLanguage\":\"tr\",\"potentialAction\":[{\"@type\":\"CommentAction\",\"name\":\"Comment\",\"target\":[\"https:\\\/\\\/kuzeyinsesi.org\\\/index.php\\\/2024\\\/12\\\/18\\\/cumhurbaskani-tatar-tasavvuf-muzigi-dinletisi-ve-sema-torenine-katildi\\\/#respond\"]}]},{\"@type\":\"WebPage\",\"@id\":\"https:\\\/\\\/kuzeyinsesi.org\\\/index.php\\\/2024\\\/12\\\/18\\\/cumhurbaskani-tatar-tasavvuf-muzigi-dinletisi-ve-sema-torenine-katildi\\\/\",\"url\":\"https:\\\/\\\/kuzeyinsesi.org\\\/index.php\\\/2024\\\/12\\\/18\\\/cumhurbaskani-tatar-tasavvuf-muzigi-dinletisi-ve-sema-torenine-katildi\\\/\",\"name\":\"Cumhurba\u015fkan\u0131 Tatar, Tasavvuf M\u00fczi\u011fi Dinletisi ve Sema T\u00f6reni\u2019ne kat\u0131ld\u0131 - Kuzeyin Sesi\",\"isPartOf\":{\"@id\":\"https:\\\/\\\/kuzeyinsesi.org\\\/#website\"},\"primaryImageOfPage\":{\"@id\":\"https:\\\/\\\/kuzeyinsesi.org\\\/index.php\\\/2024\\\/12\\\/18\\\/cumhurbaskani-tatar-tasavvuf-muzigi-dinletisi-ve-sema-torenine-katildi\\\/#primaryimage\"},\"image\":{\"@id\":\"https:\\\/\\\/kuzeyinsesi.org\\\/index.php\\\/2024\\\/12\\\/18\\\/cumhurbaskani-tatar-tasavvuf-muzigi-dinletisi-ve-sema-torenine-katildi\\\/#primaryimage\"},\"thumbnailUrl\":\"https:\\\/\\\/kuzeyinsesi.org\\\/wp-content\\\/uploads\\\/2024\\\/12\\\/af26642f-81f7-4c22-ad42-b87cf3389d5f.jpg\",\"datePublished\":\"2024-12-18T09:41:54+00:00\",\"author\":{\"@id\":\"https:\\\/\\\/kuzeyinsesi.org\\\/#\\\/schema\\\/person\\\/9f859689cdf01485597712386e37f5aa\"},\"breadcrumb\":{\"@id\":\"https:\\\/\\\/kuzeyinsesi.org\\\/index.php\\\/2024\\\/12\\\/18\\\/cumhurbaskani-tatar-tasavvuf-muzigi-dinletisi-ve-sema-torenine-katildi\\\/#breadcrumb\"},\"inLanguage\":\"tr\",\"potentialAction\":[{\"@type\":\"ReadAction\",\"target\":[\"https:\\\/\\\/kuzeyinsesi.org\\\/index.php\\\/2024\\\/12\\\/18\\\/cumhurbaskani-tatar-tasavvuf-muzigi-dinletisi-ve-sema-torenine-katildi\\\/\"]}]},{\"@type\":\"ImageObject\",\"inLanguage\":\"tr\",\"@id\":\"https:\\\/\\\/kuzeyinsesi.org\\\/index.php\\\/2024\\\/12\\\/18\\\/cumhurbaskani-tatar-tasavvuf-muzigi-dinletisi-ve-sema-torenine-katildi\\\/#primaryimage\",\"url\":\"https:\\\/\\\/kuzeyinsesi.org\\\/wp-content\\\/uploads\\\/2024\\\/12\\\/af26642f-81f7-4c22-ad42-b87cf3389d5f.jpg\",\"contentUrl\":\"https:\\\/\\\/kuzeyinsesi.org\\\/wp-content\\\/uploads\\\/2024\\\/12\\\/af26642f-81f7-4c22-ad42-b87cf3389d5f.jpg\",\"width\":2560,\"height\":1706},{\"@type\":\"BreadcrumbList\",\"@id\":\"https:\\\/\\\/kuzeyinsesi.org\\\/index.php\\\/2024\\\/12\\\/18\\\/cumhurbaskani-tatar-tasavvuf-muzigi-dinletisi-ve-sema-torenine-katildi\\\/#breadcrumb\",\"itemListElement\":[{\"@type\":\"ListItem\",\"position\":1,\"name\":\"Anasayfa\",\"item\":\"https:\\\/\\\/kuzeyinsesi.org\\\/\"},{\"@type\":\"ListItem\",\"position\":2,\"name\":\"Cumhurba\u015fkan\u0131 Tatar, Tasavvuf M\u00fczi\u011fi Dinletisi ve Sema T\u00f6reni\u2019ne kat\u0131ld\u0131\"}]},{\"@type\":\"WebSite\",\"@id\":\"https:\\\/\\\/kuzeyinsesi.org\\\/#website\",\"url\":\"https:\\\/\\\/kuzeyinsesi.org\\\/\",\"name\":\"Kuzeyin Sesi\",\"description\":\"Do\u011fru Haberin Adresi\",\"potentialAction\":[{\"@type\":\"SearchAction\",\"target\":{\"@type\":\"EntryPoint\",\"urlTemplate\":\"https:\\\/\\\/kuzeyinsesi.org\\\/?s={search_term_string}\"},\"query-input\":{\"@type\":\"PropertyValueSpecification\",\"valueRequired\":true,\"valueName\":\"search_term_string\"}}],\"inLanguage\":\"tr\"},{\"@type\":\"Person\",\"@id\":\"https:\\\/\\\/kuzeyinsesi.org\\\/#\\\/schema\\\/person\\\/9f859689cdf01485597712386e37f5aa\",\"name\":\"Kuzeyin Sesi\",\"image\":{\"@type\":\"ImageObject\",\"inLanguage\":\"tr\",\"@id\":\"https:\\\/\\\/secure.gravatar.com\\\/avatar\\\/bab33852abfd8b282518d6ed81826833d77c3c882d9ab608add591ccace47a44?s=96&d=mm&r=g\",\"url\":\"https:\\\/\\\/secure.gravatar.com\\\/avatar\\\/bab33852abfd8b282518d6ed81826833d77c3c882d9ab608add591ccace47a44?s=96&d=mm&r=g\",\"contentUrl\":\"https:\\\/\\\/secure.gravatar.com\\\/avatar\\\/bab33852abfd8b282518d6ed81826833d77c3c882d9ab608add591ccace47a44?s=96&d=mm&r=g\",\"caption\":\"Kuzeyin Sesi\"},\"sameAs\":[\"https:\\\/\\\/kuzeyinsesi.org\"],\"url\":\"https:\\\/\\\/kuzeyinsesi.org\\\/index.php\\\/author\\\/guven\\\/\"}]}<\/script>\n<!-- \/ Yoast SEO plugin. -->","yoast_head_json":{"title":"Cumhurba\u015fkan\u0131 Tatar, Tasavvuf M\u00fczi\u011fi Dinletisi ve Sema T\u00f6reni\u2019ne kat\u0131ld\u0131 - Kuzeyin Sesi","robots":{"index":"index","follow":"follow","max-snippet":"max-snippet:-1","max-image-preview":"max-image-preview:large","max-video-preview":"max-video-preview:-1"},"canonical":"https:\/\/kuzeyinsesi.org\/index.php\/2024\/12\/18\/cumhurbaskani-tatar-tasavvuf-muzigi-dinletisi-ve-sema-torenine-katildi\/","og_locale":"tr_TR","og_type":"article","og_title":"Cumhurba\u015fkan\u0131 Tatar, Tasavvuf M\u00fczi\u011fi Dinletisi ve Sema T\u00f6reni\u2019ne kat\u0131ld\u0131 - Kuzeyin Sesi","og_description":"Cumhurba\u015fkan\u0131 Ersin Tatar, Tasavvuf M\u00fczi\u011fi Dinletisi ve Sema T\u00f6reni etkinli\u011fini izledi. Cumhurba\u015fkanl\u0131\u011f\u0131\u2019ndan verilen bilgiye g\u00f6re, Tatar d\u00fcn ak\u015fam, T\u00fcrkiye Cumhuriyeti K\u00fclt\u00fcr ve Turizm Bakanl\u0131\u011f\u0131 ile Yunus Emre Enstit\u00fcs\u00fc\u2019n\u00fcn Hz. Mevlana\u2019y\u0131 yad etmek \u00fczere Lefko\u015fa\u2019da ger\u00e7ekle\u015ftirdi\u011fi Tasavvuf M\u00fczi\u011fi Dinletisi ve Sema T\u00f6renine kat\u0131ld\u0131.","og_url":"https:\/\/kuzeyinsesi.org\/index.php\/2024\/12\/18\/cumhurbaskani-tatar-tasavvuf-muzigi-dinletisi-ve-sema-torenine-katildi\/","og_site_name":"Kuzeyin Sesi","article_publisher":"https:\/\/www.facebook.com\/kuzeyinsesii","article_published_time":"2024-12-18T09:41:54+00:00","og_image":[{"url":"https:\/\/brtk.net\/wp-content\/uploads\/2024\/12\/18\/1734511667746tatar-sema-toreni-3.jpg?ver=7b32d0ed68fbddc37b32a753fff34ded","type":"","width":"","height":""}],"author":"Kuzeyin Sesi","twitter_card":"summary_large_image","twitter_creator":"@kuzeyinsesii","twitter_site":"@kuzeyinsesii","twitter_misc":{"Yazan:":"Kuzeyin Sesi"},"schema":{"@context":"https:\/\/schema.org","@graph":[{"@type":"Article","@id":"https:\/\/kuzeyinsesi.org\/index.php\/2024\/12\/18\/cumhurbaskani-tatar-tasavvuf-muzigi-dinletisi-ve-sema-torenine-katildi\/#article","isPartOf":{"@id":"https:\/\/kuzeyinsesi.org\/index.php\/2024\/12\/18\/cumhurbaskani-tatar-tasavvuf-muzigi-dinletisi-ve-sema-torenine-katildi\/"},"author":{"name":"Kuzeyin Sesi","@id":"https:\/\/kuzeyinsesi.org\/#\/schema\/person\/9f859689cdf01485597712386e37f5aa"},"headline":"Cumhurba\u015fkan\u0131 Tatar, Tasavvuf M\u00fczi\u011fi Dinletisi ve Sema T\u00f6reni\u2019ne kat\u0131ld\u0131","datePublished":"2024-12-18T09:41:54+00:00","mainEntityOfPage":{"@id":"https:\/\/kuzeyinsesi.org\/index.php\/2024\/12\/18\/cumhurbaskani-tatar-tasavvuf-muzigi-dinletisi-ve-sema-torenine-katildi\/"},"wordCount":83,"commentCount":0,"image":{"@id":"https:\/\/kuzeyinsesi.org\/index.php\/2024\/12\/18\/cumhurbaskani-tatar-tasavvuf-muzigi-dinletisi-ve-sema-torenine-katildi\/#primaryimage"},"thumbnailUrl":"https:\/\/kuzeyinsesi.org\/wp-content\/uploads\/2024\/12\/af26642f-81f7-4c22-ad42-b87cf3389d5f.jpg","articleSection":["Ya\u015fam"],"inLanguage":"tr","potentialAction":[{"@type":"CommentAction","name":"Comment","target":["https:\/\/kuzeyinsesi.org\/index.php\/2024\/12\/18\/cumhurbaskani-tatar-tasavvuf-muzigi-dinletisi-ve-sema-torenine-katildi\/#respond"]}]},{"@type":"WebPage","@id":"https:\/\/kuzeyinsesi.org\/index.php\/2024\/12\/18\/cumhurbaskani-tatar-tasavvuf-muzigi-dinletisi-ve-sema-torenine-katildi\/","url":"https:\/\/kuzeyinsesi.org\/index.php\/2024\/12\/18\/cumhurbaskani-tatar-tasavvuf-muzigi-dinletisi-ve-sema-torenine-katildi\/","name":"Cumhurba\u015fkan\u0131 Tatar, Tasavvuf M\u00fczi\u011fi Dinletisi ve Sema T\u00f6reni\u2019ne kat\u0131ld\u0131 - Kuzeyin Sesi","isPartOf":{"@id":"https:\/\/kuzeyinsesi.org\/#website"},"primaryImageOfPage":{"@id":"https:\/\/kuzeyinsesi.org\/index.php\/2024\/12\/18\/cumhurbaskani-tatar-tasavvuf-muzigi-dinletisi-ve-sema-torenine-katildi\/#primaryimage"},"image":{"@id":"https:\/\/kuzeyinsesi.org\/index.php\/2024\/12\/18\/cumhurbaskani-tatar-tasavvuf-muzigi-dinletisi-ve-sema-torenine-katildi\/#primaryimage"},"thumbnailUrl":"https:\/\/kuzeyinsesi.org\/wp-content\/uploads\/2024\/12\/af26642f-81f7-4c22-ad42-b87cf3389d5f.jpg","datePublished":"2024-12-18T09:41:54+00:00","author":{"@id":"https:\/\/kuzeyinsesi.org\/#\/schema\/person\/9f859689cdf01485597712386e37f5aa"},"breadcrumb":{"@id":"https:\/\/kuzeyinsesi.org\/index.php\/2024\/12\/18\/cumhurbaskani-tatar-tasavvuf-muzigi-dinletisi-ve-sema-torenine-katildi\/#breadcrumb"},"inLanguage":"tr","potentialAction":[{"@type":"ReadAction","target":["https:\/\/kuzeyinsesi.org\/index.php\/2024\/12\/18\/cumhurbaskani-tatar-tasavvuf-muzigi-dinletisi-ve-sema-torenine-katildi\/"]}]},{"@type":"ImageObject","inLanguage":"tr","@id":"https:\/\/kuzeyinsesi.org\/index.php\/2024\/12\/18\/cumhurbaskani-tatar-tasavvuf-muzigi-dinletisi-ve-sema-torenine-katildi\/#primaryimage","url":"https:\/\/kuzeyinsesi.org\/wp-content\/uploads\/2024\/12\/af26642f-81f7-4c22-ad42-b87cf3389d5f.jpg","contentUrl":"https:\/\/kuzeyinsesi.org\/wp-content\/uploads\/2024\/12\/af26642f-81f7-4c22-ad42-b87cf3389d5f.jpg","width":2560,"height":1706},{"@type":"BreadcrumbList","@id":"https:\/\/kuzeyinsesi.org\/index.php\/2024\/12\/18\/cumhurbaskani-tatar-tasavvuf-muzigi-dinletisi-ve-sema-torenine-katildi\/#breadcrumb","itemListElement":[{"@type":"ListItem","position":1,"name":"Anasayfa","item":"https:\/\/kuzeyinsesi.org\/"},{"@type":"ListItem","position":2,"name":"Cumhurba\u015fkan\u0131 Tatar, Tasavvuf M\u00fczi\u011fi Dinletisi ve Sema T\u00f6reni\u2019ne kat\u0131ld\u0131"}]},{"@type":"WebSite","@id":"https:\/\/kuzeyinsesi.org\/#website","url":"https:\/\/kuzeyinsesi.org\/","name":"Kuzeyin Sesi","description":"Do\u011fru Haberin Adresi","potentialAction":[{"@type":"SearchAction","target":{"@type":"EntryPoint","urlTemplate":"https:\/\/kuzeyinsesi.org\/?s={search_term_string}"},"query-input":{"@type":"PropertyValueSpecification","valueRequired":true,"valueName":"search_term_string"}}],"inLanguage":"tr"},{"@type":"Person","@id":"https:\/\/kuzeyinsesi.org\/#\/schema\/person\/9f859689cdf01485597712386e37f5aa","name":"Kuzeyin Sesi","image":{"@type":"ImageObject","inLanguage":"tr","@id":"https:\/\/secure.gravatar.com\/avatar\/bab33852abfd8b282518d6ed81826833d77c3c882d9ab608add591ccace47a44?s=96&d=mm&r=g","url":"https:\/\/secure.gravatar.com\/avatar\/bab33852abfd8b282518d6ed81826833d77c3c882d9ab608add591ccace47a44?s=96&d=mm&r=g","contentUrl":"https:\/\/secure.gravatar.com\/avatar\/bab33852abfd8b282518d6ed81826833d77c3c882d9ab608add591ccace47a44?s=96&d=mm&r=g","caption":"Kuzeyin Sesi"},"sameAs":["https:\/\/kuzeyinsesi.org"],"url":"https:\/\/kuzeyinsesi.org\/index.php\/author\/guven\/"}]}},"_links":{"self":[{"href":"https:\/\/kuzeyinsesi.org\/index.php\/wp-json\/wp\/v2\/posts\/15771","targetHints":{"allow":["GET"]}}],"collection":[{"href":"https:\/\/kuzeyinsesi.org\/index.php\/wp-json\/wp\/v2\/posts"}],"about":[{"href":"https:\/\/kuzeyinsesi.org\/index.php\/wp-json\/wp\/v2\/types\/post"}],"author":[{"embeddable":true,"href":"https:\/\/kuzeyinsesi.org\/index.php\/wp-json\/wp\/v2\/users\/1"}],"replies":[{"embeddable":true,"href":"https:\/\/kuzeyinsesi.org\/index.php\/wp-json\/wp\/v2\/comments?post=15771"}],"version-history":[{"count":0,"href":"https:\/\/kuzeyinsesi.org\/index.php\/wp-json\/wp\/v2\/posts\/15771\/revisions"}],"wp:featuredmedia":[{"embeddable":true,"href":"https:\/\/kuzeyinsesi.org\/index.php\/wp-json\/wp\/v2\/media\/15772"}],"wp:attachment":[{"href":"https:\/\/kuzeyinsesi.org\/index.php\/wp-json\/wp\/v2\/media?parent=15771"}],"wp:term":[{"taxonomy":"category","embeddable":true,"href":"https:\/\/kuzeyinsesi.org\/index.php\/wp-json\/wp\/v2\/categories?post=15771"},{"taxonomy":"post_tag","embeddable":true,"href":"https:\/\/kuzeyinsesi.org\/index.php\/wp-json\/wp\/v2\/tags?post=15771"}],"curies":[{"name":"wp","href":"https:\/\/api.w.org\/{rel}","templated":true}]}}