{"id":15765,"date":"2024-12-18T10:31:07","date_gmt":"2024-12-18T08:31:07","guid":{"rendered":"https:\/\/kuzeyinsesi.org\/index.php\/2024\/12\/18\/kktcde-hazreti-mevlananin-751-vuslat-yil-donumunde-anma-programi-duzenlendi\/"},"modified":"2024-12-18T10:31:07","modified_gmt":"2024-12-18T08:31:07","slug":"kktcde-hazreti-mevlananin-751-vuslat-yil-donumunde-anma-programi-duzenlendi","status":"publish","type":"post","link":"https:\/\/kuzeyinsesi.org\/index.php\/2024\/12\/18\/kktcde-hazreti-mevlananin-751-vuslat-yil-donumunde-anma-programi-duzenlendi\/","title":{"rendered":"KKTC\u2019de Hazreti Mevlana\u2019n\u0131n 751. vuslat y\u0131l d\u00f6n\u00fcm\u00fcnde anma program\u0131 d\u00fczenlendi"},"content":{"rendered":"<div>\n<div class=\"mariselle-image-container center\">\n                                            <\/div>\n<p>Kuzey K\u0131br\u0131s T\u00fcrk Cumhuriyeti\u2019nde, Hazreti Mevlana\u2019n\u0131n 751. vuslat y\u0131l d\u00f6n\u00fcm\u00fc dolay\u0131s\u0131yla anma program\u0131 d\u00fczenlendi.<\/p>\n<p>Lefko\u015fa Yunus Emre Enstit\u00fcs\u00fc \u00f6nc\u00fcl\u00fc\u011f\u00fcnde, Uluslararas\u0131 Final \u00dcniversitesinin destekleriyle, ba\u015fkent Lefko\u015fa\u2019daki Mevlevihane\u2019de \u015eeb-i Arus t\u00f6reni yap\u0131ld\u0131.<\/p>\n<p>K\u0131br\u0131s T\u00fcrklerinin ilgi g\u00f6sterdi\u011fi t\u00f6rende, T\u00fcrkiye\u2019den gelen sanat\u00e7\u0131lar\u0131n da kat\u0131l\u0131m\u0131yla tasavvuf m\u00fczi\u011fi dinletisi ve sema g\u00f6sterisi sunuldu.<\/p>\n<p>Lefko\u015fa Yunus Emre Enstit\u00fcs\u00fc Koordinat\u00f6r\u00fc Abdullah Akta\u015f, t\u00f6rende yapt\u0131\u011f\u0131 konu\u015fmada, b\u00fcy\u00fck bir mutasavv\u0131f, d\u00fc\u015f\u00fcn\u00fcr, alim ve g\u00f6n\u00fcl insan\u0131 Hazreti Mevlana\u2019n\u0131n, ya\u015fant\u0131s\u0131yla y\u00fczlerce y\u0131ld\u0131r ho\u015fg\u00f6r\u00fc, iyilik, bar\u0131\u015f ve karde\u015fli\u011fin sembol\u00fc olarak insanl\u0131\u011fa yol g\u00f6sterdi\u011fini hat\u0131rlatt\u0131.<\/p>\n<p>Akta\u015f, \u201cKu\u015fkusuz ancak a\u015fkla yaz\u0131lm\u0131\u015f bir eser 7,5 as\u0131r ayakta kalabilir. Hazreti Mevlana eserlerini \u00f6yle bir a\u015fkla me\u015fk etmi\u015f ki, vuslat\u0131ndan 751 sene sonra dahi bir araya geliyor, onun d\u00fc\u011f\u00fcn gecesinde onu hay\u0131rla, muhabbetle yad ediyoruz.\u201d ifadelerini kulland\u0131.<\/p>\n<p>Enstit\u00fc olarak, ba\u015fta KKTC olmak \u00fczere bir\u00e7ok \u00fclkede Hoca Ahmet Yesevi, Mevlana, Yunus Emre, Hac\u0131 Bayram-\u0131 Veli, Hac\u0131 Bekta\u015f-\u0131 Veli gibi bir\u00e7ok de\u011feri ve onlar\u0131n y\u00fczy\u0131llar boyunca olu\u015fturdu\u011fu m\u00fcktesebat\u0131 t\u00fcm insanl\u0131\u011fa duyurmak ve tan\u0131tmak i\u00e7in \u00e7aba harcad\u0131klar\u0131n\u0131 belirten Akta\u015f, program\u0131n d\u00fczenlenmesine katk\u0131 sa\u011flayan kurulu\u015flara te\u015fekk\u00fcr etti.<\/p>\n<\/p><\/div>\n<p><script async\n                    defer\n                    crossorigin=\"anonymous\"\n                    src=\"https:\/\/connect.facebook.net\/tr_TR\/sdk.js#xfbml=1&#038;version=v3.3\"\n            ><\/script><\/p>\n","protected":false},"excerpt":{"rendered":"<p>Kuzey K\u0131br\u0131s T\u00fcrk Cumhuriyeti\u2019nde, Hazreti Mevlana\u2019n\u0131n 751. vuslat y\u0131l d\u00f6n\u00fcm\u00fc dolay\u0131s\u0131yla anma program\u0131 d\u00fczenlendi. Lefko\u015fa Yunus Emre Enstit\u00fcs\u00fc \u00f6nc\u00fcl\u00fc\u011f\u00fcnde, Uluslararas\u0131 Final \u00dcniversitesinin destekleriyle, ba\u015fkent Lefko\u015fa\u2019daki Mevlevihane\u2019de \u015eeb-i Arus t\u00f6reni yap\u0131ld\u0131. K\u0131br\u0131s T\u00fcrklerinin ilgi g\u00f6sterdi\u011fi t\u00f6rende, T\u00fcrkiye\u2019den gelen sanat\u00e7\u0131lar\u0131n da kat\u0131l\u0131m\u0131yla tasavvuf m\u00fczi\u011fi dinletisi ve sema g\u00f6sterisi sunuldu. Lefko\u015fa Yunus Emre Enstit\u00fcs\u00fc Koordinat\u00f6r\u00fc Abdullah Akta\u015f, t\u00f6rende [&hellip;]<\/p>\n","protected":false},"author":1,"featured_media":15766,"comment_status":"open","ping_status":"open","sticky":false,"template":"","format":"standard","meta":{"jnews-multi-image_gallery":[],"jnews_single_post":[],"jnews_primary_category":[],"jnews_social_meta":[],"jnews_override_counter":[],"footnotes":""},"categories":[6],"tags":[],"class_list":["post-15765","post","type-post","status-publish","format-standard","has-post-thumbnail","hentry","category-yasam"],"yoast_head":"<!-- This site is optimized with the Yoast SEO plugin v27.4 - https:\/\/yoast.com\/product\/yoast-seo-wordpress\/ -->\n<title>KKTC\u2019de Hazreti Mevlana\u2019n\u0131n 751. vuslat y\u0131l d\u00f6n\u00fcm\u00fcnde anma program\u0131 d\u00fczenlendi - Kuzeyin Sesi<\/title>\n<meta name=\"robots\" content=\"index, follow, max-snippet:-1, max-image-preview:large, max-video-preview:-1\" \/>\n<link rel=\"canonical\" href=\"https:\/\/kuzeyinsesi.org\/index.php\/2024\/12\/18\/kktcde-hazreti-mevlananin-751-vuslat-yil-donumunde-anma-programi-duzenlendi\/\" \/>\n<meta property=\"og:locale\" content=\"tr_TR\" \/>\n<meta property=\"og:type\" content=\"article\" \/>\n<meta property=\"og:title\" content=\"KKTC\u2019de Hazreti Mevlana\u2019n\u0131n 751. vuslat y\u0131l d\u00f6n\u00fcm\u00fcnde anma program\u0131 d\u00fczenlendi - Kuzeyin Sesi\" \/>\n<meta property=\"og:description\" content=\"Kuzey K\u0131br\u0131s T\u00fcrk Cumhuriyeti\u2019nde, Hazreti Mevlana\u2019n\u0131n 751. vuslat y\u0131l d\u00f6n\u00fcm\u00fc dolay\u0131s\u0131yla anma program\u0131 d\u00fczenlendi. Lefko\u015fa Yunus Emre Enstit\u00fcs\u00fc \u00f6nc\u00fcl\u00fc\u011f\u00fcnde, Uluslararas\u0131 Final \u00dcniversitesinin destekleriyle, ba\u015fkent Lefko\u015fa\u2019daki Mevlevihane\u2019de \u015eeb-i Arus t\u00f6reni yap\u0131ld\u0131. K\u0131br\u0131s T\u00fcrklerinin ilgi g\u00f6sterdi\u011fi t\u00f6rende, T\u00fcrkiye\u2019den gelen sanat\u00e7\u0131lar\u0131n da kat\u0131l\u0131m\u0131yla tasavvuf m\u00fczi\u011fi dinletisi ve sema g\u00f6sterisi sunuldu. Lefko\u015fa Yunus Emre Enstit\u00fcs\u00fc Koordinat\u00f6r\u00fc Abdullah Akta\u015f, t\u00f6rende [&hellip;]\" \/>\n<meta property=\"og:url\" content=\"https:\/\/kuzeyinsesi.org\/index.php\/2024\/12\/18\/kktcde-hazreti-mevlananin-751-vuslat-yil-donumunde-anma-programi-duzenlendi\/\" \/>\n<meta property=\"og:site_name\" content=\"Kuzeyin Sesi\" \/>\n<meta property=\"article:publisher\" content=\"https:\/\/www.facebook.com\/kuzeyinsesii\" \/>\n<meta property=\"article:published_time\" content=\"2024-12-18T08:31:07+00:00\" \/>\n<meta property=\"og:image\" content=\"https:\/\/brtk.net\/wp-content\/uploads\/2024\/12\/18\/lkkklkl-scaled.jpg?ver=43fd7920eeef82b5d52655b6297f7b08\" \/>\n<meta name=\"author\" content=\"Kuzeyin Sesi\" \/>\n<meta name=\"twitter:card\" content=\"summary_large_image\" \/>\n<meta name=\"twitter:creator\" content=\"@kuzeyinsesii\" \/>\n<meta name=\"twitter:site\" content=\"@kuzeyinsesii\" \/>\n<meta name=\"twitter:label1\" content=\"Yazan:\" \/>\n\t<meta name=\"twitter:data1\" content=\"Kuzeyin Sesi\" \/>\n\t<meta name=\"twitter:label2\" content=\"Tahmini okuma s\u00fcresi\" \/>\n\t<meta name=\"twitter:data2\" content=\"1 dakika\" \/>\n<script type=\"application\/ld+json\" class=\"yoast-schema-graph\">{\"@context\":\"https:\\\/\\\/schema.org\",\"@graph\":[{\"@type\":\"Article\",\"@id\":\"https:\\\/\\\/kuzeyinsesi.org\\\/index.php\\\/2024\\\/12\\\/18\\\/kktcde-hazreti-mevlananin-751-vuslat-yil-donumunde-anma-programi-duzenlendi\\\/#article\",\"isPartOf\":{\"@id\":\"https:\\\/\\\/kuzeyinsesi.org\\\/index.php\\\/2024\\\/12\\\/18\\\/kktcde-hazreti-mevlananin-751-vuslat-yil-donumunde-anma-programi-duzenlendi\\\/\"},\"author\":{\"name\":\"Kuzeyin Sesi\",\"@id\":\"https:\\\/\\\/kuzeyinsesi.org\\\/#\\\/schema\\\/person\\\/9f859689cdf01485597712386e37f5aa\"},\"headline\":\"KKTC\u2019de Hazreti Mevlana\u2019n\u0131n 751. vuslat y\u0131l d\u00f6n\u00fcm\u00fcnde anma program\u0131 d\u00fczenlendi\",\"datePublished\":\"2024-12-18T08:31:07+00:00\",\"mainEntityOfPage\":{\"@id\":\"https:\\\/\\\/kuzeyinsesi.org\\\/index.php\\\/2024\\\/12\\\/18\\\/kktcde-hazreti-mevlananin-751-vuslat-yil-donumunde-anma-programi-duzenlendi\\\/\"},\"wordCount\":277,\"commentCount\":0,\"image\":{\"@id\":\"https:\\\/\\\/kuzeyinsesi.org\\\/index.php\\\/2024\\\/12\\\/18\\\/kktcde-hazreti-mevlananin-751-vuslat-yil-donumunde-anma-programi-duzenlendi\\\/#primaryimage\"},\"thumbnailUrl\":\"https:\\\/\\\/kuzeyinsesi.org\\\/wp-content\\\/uploads\\\/2024\\\/12\\\/1734509189129mevlana-2-scaled.jpg\",\"articleSection\":[\"Ya\u015fam\"],\"inLanguage\":\"tr\",\"potentialAction\":[{\"@type\":\"CommentAction\",\"name\":\"Comment\",\"target\":[\"https:\\\/\\\/kuzeyinsesi.org\\\/index.php\\\/2024\\\/12\\\/18\\\/kktcde-hazreti-mevlananin-751-vuslat-yil-donumunde-anma-programi-duzenlendi\\\/#respond\"]}]},{\"@type\":\"WebPage\",\"@id\":\"https:\\\/\\\/kuzeyinsesi.org\\\/index.php\\\/2024\\\/12\\\/18\\\/kktcde-hazreti-mevlananin-751-vuslat-yil-donumunde-anma-programi-duzenlendi\\\/\",\"url\":\"https:\\\/\\\/kuzeyinsesi.org\\\/index.php\\\/2024\\\/12\\\/18\\\/kktcde-hazreti-mevlananin-751-vuslat-yil-donumunde-anma-programi-duzenlendi\\\/\",\"name\":\"KKTC\u2019de Hazreti Mevlana\u2019n\u0131n 751. vuslat y\u0131l d\u00f6n\u00fcm\u00fcnde anma program\u0131 d\u00fczenlendi - Kuzeyin Sesi\",\"isPartOf\":{\"@id\":\"https:\\\/\\\/kuzeyinsesi.org\\\/#website\"},\"primaryImageOfPage\":{\"@id\":\"https:\\\/\\\/kuzeyinsesi.org\\\/index.php\\\/2024\\\/12\\\/18\\\/kktcde-hazreti-mevlananin-751-vuslat-yil-donumunde-anma-programi-duzenlendi\\\/#primaryimage\"},\"image\":{\"@id\":\"https:\\\/\\\/kuzeyinsesi.org\\\/index.php\\\/2024\\\/12\\\/18\\\/kktcde-hazreti-mevlananin-751-vuslat-yil-donumunde-anma-programi-duzenlendi\\\/#primaryimage\"},\"thumbnailUrl\":\"https:\\\/\\\/kuzeyinsesi.org\\\/wp-content\\\/uploads\\\/2024\\\/12\\\/1734509189129mevlana-2-scaled.jpg\",\"datePublished\":\"2024-12-18T08:31:07+00:00\",\"author\":{\"@id\":\"https:\\\/\\\/kuzeyinsesi.org\\\/#\\\/schema\\\/person\\\/9f859689cdf01485597712386e37f5aa\"},\"breadcrumb\":{\"@id\":\"https:\\\/\\\/kuzeyinsesi.org\\\/index.php\\\/2024\\\/12\\\/18\\\/kktcde-hazreti-mevlananin-751-vuslat-yil-donumunde-anma-programi-duzenlendi\\\/#breadcrumb\"},\"inLanguage\":\"tr\",\"potentialAction\":[{\"@type\":\"ReadAction\",\"target\":[\"https:\\\/\\\/kuzeyinsesi.org\\\/index.php\\\/2024\\\/12\\\/18\\\/kktcde-hazreti-mevlananin-751-vuslat-yil-donumunde-anma-programi-duzenlendi\\\/\"]}]},{\"@type\":\"ImageObject\",\"inLanguage\":\"tr\",\"@id\":\"https:\\\/\\\/kuzeyinsesi.org\\\/index.php\\\/2024\\\/12\\\/18\\\/kktcde-hazreti-mevlananin-751-vuslat-yil-donumunde-anma-programi-duzenlendi\\\/#primaryimage\",\"url\":\"https:\\\/\\\/kuzeyinsesi.org\\\/wp-content\\\/uploads\\\/2024\\\/12\\\/1734509189129mevlana-2-scaled.jpg\",\"contentUrl\":\"https:\\\/\\\/kuzeyinsesi.org\\\/wp-content\\\/uploads\\\/2024\\\/12\\\/1734509189129mevlana-2-scaled.jpg\",\"width\":2560,\"height\":1706},{\"@type\":\"BreadcrumbList\",\"@id\":\"https:\\\/\\\/kuzeyinsesi.org\\\/index.php\\\/2024\\\/12\\\/18\\\/kktcde-hazreti-mevlananin-751-vuslat-yil-donumunde-anma-programi-duzenlendi\\\/#breadcrumb\",\"itemListElement\":[{\"@type\":\"ListItem\",\"position\":1,\"name\":\"Anasayfa\",\"item\":\"https:\\\/\\\/kuzeyinsesi.org\\\/\"},{\"@type\":\"ListItem\",\"position\":2,\"name\":\"KKTC\u2019de Hazreti Mevlana\u2019n\u0131n 751. vuslat y\u0131l d\u00f6n\u00fcm\u00fcnde anma program\u0131 d\u00fczenlendi\"}]},{\"@type\":\"WebSite\",\"@id\":\"https:\\\/\\\/kuzeyinsesi.org\\\/#website\",\"url\":\"https:\\\/\\\/kuzeyinsesi.org\\\/\",\"name\":\"Kuzeyin Sesi\",\"description\":\"Do\u011fru Haberin Adresi\",\"potentialAction\":[{\"@type\":\"SearchAction\",\"target\":{\"@type\":\"EntryPoint\",\"urlTemplate\":\"https:\\\/\\\/kuzeyinsesi.org\\\/?s={search_term_string}\"},\"query-input\":{\"@type\":\"PropertyValueSpecification\",\"valueRequired\":true,\"valueName\":\"search_term_string\"}}],\"inLanguage\":\"tr\"},{\"@type\":\"Person\",\"@id\":\"https:\\\/\\\/kuzeyinsesi.org\\\/#\\\/schema\\\/person\\\/9f859689cdf01485597712386e37f5aa\",\"name\":\"Kuzeyin Sesi\",\"image\":{\"@type\":\"ImageObject\",\"inLanguage\":\"tr\",\"@id\":\"https:\\\/\\\/secure.gravatar.com\\\/avatar\\\/bab33852abfd8b282518d6ed81826833d77c3c882d9ab608add591ccace47a44?s=96&d=mm&r=g\",\"url\":\"https:\\\/\\\/secure.gravatar.com\\\/avatar\\\/bab33852abfd8b282518d6ed81826833d77c3c882d9ab608add591ccace47a44?s=96&d=mm&r=g\",\"contentUrl\":\"https:\\\/\\\/secure.gravatar.com\\\/avatar\\\/bab33852abfd8b282518d6ed81826833d77c3c882d9ab608add591ccace47a44?s=96&d=mm&r=g\",\"caption\":\"Kuzeyin Sesi\"},\"sameAs\":[\"https:\\\/\\\/kuzeyinsesi.org\"],\"url\":\"https:\\\/\\\/kuzeyinsesi.org\\\/index.php\\\/author\\\/guven\\\/\"}]}<\/script>\n<!-- \/ Yoast SEO plugin. -->","yoast_head_json":{"title":"KKTC\u2019de Hazreti Mevlana\u2019n\u0131n 751. vuslat y\u0131l d\u00f6n\u00fcm\u00fcnde anma program\u0131 d\u00fczenlendi - Kuzeyin Sesi","robots":{"index":"index","follow":"follow","max-snippet":"max-snippet:-1","max-image-preview":"max-image-preview:large","max-video-preview":"max-video-preview:-1"},"canonical":"https:\/\/kuzeyinsesi.org\/index.php\/2024\/12\/18\/kktcde-hazreti-mevlananin-751-vuslat-yil-donumunde-anma-programi-duzenlendi\/","og_locale":"tr_TR","og_type":"article","og_title":"KKTC\u2019de Hazreti Mevlana\u2019n\u0131n 751. vuslat y\u0131l d\u00f6n\u00fcm\u00fcnde anma program\u0131 d\u00fczenlendi - Kuzeyin Sesi","og_description":"Kuzey K\u0131br\u0131s T\u00fcrk Cumhuriyeti\u2019nde, Hazreti Mevlana\u2019n\u0131n 751. vuslat y\u0131l d\u00f6n\u00fcm\u00fc dolay\u0131s\u0131yla anma program\u0131 d\u00fczenlendi. Lefko\u015fa Yunus Emre Enstit\u00fcs\u00fc \u00f6nc\u00fcl\u00fc\u011f\u00fcnde, Uluslararas\u0131 Final \u00dcniversitesinin destekleriyle, ba\u015fkent Lefko\u015fa\u2019daki Mevlevihane\u2019de \u015eeb-i Arus t\u00f6reni yap\u0131ld\u0131. K\u0131br\u0131s T\u00fcrklerinin ilgi g\u00f6sterdi\u011fi t\u00f6rende, T\u00fcrkiye\u2019den gelen sanat\u00e7\u0131lar\u0131n da kat\u0131l\u0131m\u0131yla tasavvuf m\u00fczi\u011fi dinletisi ve sema g\u00f6sterisi sunuldu. Lefko\u015fa Yunus Emre Enstit\u00fcs\u00fc Koordinat\u00f6r\u00fc Abdullah Akta\u015f, t\u00f6rende [&hellip;]","og_url":"https:\/\/kuzeyinsesi.org\/index.php\/2024\/12\/18\/kktcde-hazreti-mevlananin-751-vuslat-yil-donumunde-anma-programi-duzenlendi\/","og_site_name":"Kuzeyin Sesi","article_publisher":"https:\/\/www.facebook.com\/kuzeyinsesii","article_published_time":"2024-12-18T08:31:07+00:00","og_image":[{"url":"https:\/\/brtk.net\/wp-content\/uploads\/2024\/12\/18\/lkkklkl-scaled.jpg?ver=43fd7920eeef82b5d52655b6297f7b08","type":"","width":"","height":""}],"author":"Kuzeyin Sesi","twitter_card":"summary_large_image","twitter_creator":"@kuzeyinsesii","twitter_site":"@kuzeyinsesii","twitter_misc":{"Yazan:":"Kuzeyin Sesi","Tahmini okuma s\u00fcresi":"1 dakika"},"schema":{"@context":"https:\/\/schema.org","@graph":[{"@type":"Article","@id":"https:\/\/kuzeyinsesi.org\/index.php\/2024\/12\/18\/kktcde-hazreti-mevlananin-751-vuslat-yil-donumunde-anma-programi-duzenlendi\/#article","isPartOf":{"@id":"https:\/\/kuzeyinsesi.org\/index.php\/2024\/12\/18\/kktcde-hazreti-mevlananin-751-vuslat-yil-donumunde-anma-programi-duzenlendi\/"},"author":{"name":"Kuzeyin Sesi","@id":"https:\/\/kuzeyinsesi.org\/#\/schema\/person\/9f859689cdf01485597712386e37f5aa"},"headline":"KKTC\u2019de Hazreti Mevlana\u2019n\u0131n 751. vuslat y\u0131l d\u00f6n\u00fcm\u00fcnde anma program\u0131 d\u00fczenlendi","datePublished":"2024-12-18T08:31:07+00:00","mainEntityOfPage":{"@id":"https:\/\/kuzeyinsesi.org\/index.php\/2024\/12\/18\/kktcde-hazreti-mevlananin-751-vuslat-yil-donumunde-anma-programi-duzenlendi\/"},"wordCount":277,"commentCount":0,"image":{"@id":"https:\/\/kuzeyinsesi.org\/index.php\/2024\/12\/18\/kktcde-hazreti-mevlananin-751-vuslat-yil-donumunde-anma-programi-duzenlendi\/#primaryimage"},"thumbnailUrl":"https:\/\/kuzeyinsesi.org\/wp-content\/uploads\/2024\/12\/1734509189129mevlana-2-scaled.jpg","articleSection":["Ya\u015fam"],"inLanguage":"tr","potentialAction":[{"@type":"CommentAction","name":"Comment","target":["https:\/\/kuzeyinsesi.org\/index.php\/2024\/12\/18\/kktcde-hazreti-mevlananin-751-vuslat-yil-donumunde-anma-programi-duzenlendi\/#respond"]}]},{"@type":"WebPage","@id":"https:\/\/kuzeyinsesi.org\/index.php\/2024\/12\/18\/kktcde-hazreti-mevlananin-751-vuslat-yil-donumunde-anma-programi-duzenlendi\/","url":"https:\/\/kuzeyinsesi.org\/index.php\/2024\/12\/18\/kktcde-hazreti-mevlananin-751-vuslat-yil-donumunde-anma-programi-duzenlendi\/","name":"KKTC\u2019de Hazreti Mevlana\u2019n\u0131n 751. vuslat y\u0131l d\u00f6n\u00fcm\u00fcnde anma program\u0131 d\u00fczenlendi - Kuzeyin Sesi","isPartOf":{"@id":"https:\/\/kuzeyinsesi.org\/#website"},"primaryImageOfPage":{"@id":"https:\/\/kuzeyinsesi.org\/index.php\/2024\/12\/18\/kktcde-hazreti-mevlananin-751-vuslat-yil-donumunde-anma-programi-duzenlendi\/#primaryimage"},"image":{"@id":"https:\/\/kuzeyinsesi.org\/index.php\/2024\/12\/18\/kktcde-hazreti-mevlananin-751-vuslat-yil-donumunde-anma-programi-duzenlendi\/#primaryimage"},"thumbnailUrl":"https:\/\/kuzeyinsesi.org\/wp-content\/uploads\/2024\/12\/1734509189129mevlana-2-scaled.jpg","datePublished":"2024-12-18T08:31:07+00:00","author":{"@id":"https:\/\/kuzeyinsesi.org\/#\/schema\/person\/9f859689cdf01485597712386e37f5aa"},"breadcrumb":{"@id":"https:\/\/kuzeyinsesi.org\/index.php\/2024\/12\/18\/kktcde-hazreti-mevlananin-751-vuslat-yil-donumunde-anma-programi-duzenlendi\/#breadcrumb"},"inLanguage":"tr","potentialAction":[{"@type":"ReadAction","target":["https:\/\/kuzeyinsesi.org\/index.php\/2024\/12\/18\/kktcde-hazreti-mevlananin-751-vuslat-yil-donumunde-anma-programi-duzenlendi\/"]}]},{"@type":"ImageObject","inLanguage":"tr","@id":"https:\/\/kuzeyinsesi.org\/index.php\/2024\/12\/18\/kktcde-hazreti-mevlananin-751-vuslat-yil-donumunde-anma-programi-duzenlendi\/#primaryimage","url":"https:\/\/kuzeyinsesi.org\/wp-content\/uploads\/2024\/12\/1734509189129mevlana-2-scaled.jpg","contentUrl":"https:\/\/kuzeyinsesi.org\/wp-content\/uploads\/2024\/12\/1734509189129mevlana-2-scaled.jpg","width":2560,"height":1706},{"@type":"BreadcrumbList","@id":"https:\/\/kuzeyinsesi.org\/index.php\/2024\/12\/18\/kktcde-hazreti-mevlananin-751-vuslat-yil-donumunde-anma-programi-duzenlendi\/#breadcrumb","itemListElement":[{"@type":"ListItem","position":1,"name":"Anasayfa","item":"https:\/\/kuzeyinsesi.org\/"},{"@type":"ListItem","position":2,"name":"KKTC\u2019de Hazreti Mevlana\u2019n\u0131n 751. vuslat y\u0131l d\u00f6n\u00fcm\u00fcnde anma program\u0131 d\u00fczenlendi"}]},{"@type":"WebSite","@id":"https:\/\/kuzeyinsesi.org\/#website","url":"https:\/\/kuzeyinsesi.org\/","name":"Kuzeyin Sesi","description":"Do\u011fru Haberin Adresi","potentialAction":[{"@type":"SearchAction","target":{"@type":"EntryPoint","urlTemplate":"https:\/\/kuzeyinsesi.org\/?s={search_term_string}"},"query-input":{"@type":"PropertyValueSpecification","valueRequired":true,"valueName":"search_term_string"}}],"inLanguage":"tr"},{"@type":"Person","@id":"https:\/\/kuzeyinsesi.org\/#\/schema\/person\/9f859689cdf01485597712386e37f5aa","name":"Kuzeyin Sesi","image":{"@type":"ImageObject","inLanguage":"tr","@id":"https:\/\/secure.gravatar.com\/avatar\/bab33852abfd8b282518d6ed81826833d77c3c882d9ab608add591ccace47a44?s=96&d=mm&r=g","url":"https:\/\/secure.gravatar.com\/avatar\/bab33852abfd8b282518d6ed81826833d77c3c882d9ab608add591ccace47a44?s=96&d=mm&r=g","contentUrl":"https:\/\/secure.gravatar.com\/avatar\/bab33852abfd8b282518d6ed81826833d77c3c882d9ab608add591ccace47a44?s=96&d=mm&r=g","caption":"Kuzeyin Sesi"},"sameAs":["https:\/\/kuzeyinsesi.org"],"url":"https:\/\/kuzeyinsesi.org\/index.php\/author\/guven\/"}]}},"_links":{"self":[{"href":"https:\/\/kuzeyinsesi.org\/index.php\/wp-json\/wp\/v2\/posts\/15765","targetHints":{"allow":["GET"]}}],"collection":[{"href":"https:\/\/kuzeyinsesi.org\/index.php\/wp-json\/wp\/v2\/posts"}],"about":[{"href":"https:\/\/kuzeyinsesi.org\/index.php\/wp-json\/wp\/v2\/types\/post"}],"author":[{"embeddable":true,"href":"https:\/\/kuzeyinsesi.org\/index.php\/wp-json\/wp\/v2\/users\/1"}],"replies":[{"embeddable":true,"href":"https:\/\/kuzeyinsesi.org\/index.php\/wp-json\/wp\/v2\/comments?post=15765"}],"version-history":[{"count":0,"href":"https:\/\/kuzeyinsesi.org\/index.php\/wp-json\/wp\/v2\/posts\/15765\/revisions"}],"wp:featuredmedia":[{"embeddable":true,"href":"https:\/\/kuzeyinsesi.org\/index.php\/wp-json\/wp\/v2\/media\/15766"}],"wp:attachment":[{"href":"https:\/\/kuzeyinsesi.org\/index.php\/wp-json\/wp\/v2\/media?parent=15765"}],"wp:term":[{"taxonomy":"category","embeddable":true,"href":"https:\/\/kuzeyinsesi.org\/index.php\/wp-json\/wp\/v2\/categories?post=15765"},{"taxonomy":"post_tag","embeddable":true,"href":"https:\/\/kuzeyinsesi.org\/index.php\/wp-json\/wp\/v2\/tags?post=15765"}],"curies":[{"name":"wp","href":"https:\/\/api.w.org\/{rel}","templated":true}]}}