{"id":15753,"date":"2024-12-17T21:03:27","date_gmt":"2024-12-17T19:03:27","guid":{"rendered":"https:\/\/kuzeyinsesi.org\/index.php\/2024\/12\/17\/avrupa-komisyonu-baskani-leyen-kktc-ile-ilgili-bm-cercevesinde-muzakerelerin-devam-ettirilmesi-gerektigini-soyledi\/"},"modified":"2024-12-17T21:03:27","modified_gmt":"2024-12-17T19:03:27","slug":"avrupa-komisyonu-baskani-leyen-kktc-ile-ilgili-bm-cercevesinde-muzakerelerin-devam-ettirilmesi-gerektigini-soyledi","status":"publish","type":"post","link":"https:\/\/kuzeyinsesi.org\/index.php\/2024\/12\/17\/avrupa-komisyonu-baskani-leyen-kktc-ile-ilgili-bm-cercevesinde-muzakerelerin-devam-ettirilmesi-gerektigini-soyledi\/","title":{"rendered":"Avrupa Komisyonu Ba\u015fkan\u0131 Leyen, KKTC ile ilgili BM \u00e7er\u00e7evesinde m\u00fczakerelerin devam ettirilmesi gerekti\u011fini s\u00f6yledi"},"content":{"rendered":"<div>\n<div class=\"mariselle-image-container center\">\n                                            <\/div>\n<p> Avrupa Komisyonu Ba\u015fkan\u0131 von der Leyen, Kuzey K\u0131br\u0131s T\u00fcrk Cumhuriyeti ile ilgili Birle\u015fmi\u015f Milletler \u00e7er\u00e7evesinde m\u00fczakerelerin devam ettirilmesi gerekti\u011fini s\u00f6yledi.<\/p>\n<p>Von der Leyen, TC Cumhurba\u015fkan\u0131 Recep Tayyip Erdo\u011fan ile Cumhurba\u015fkanl\u0131\u011f\u0131 K\u00fclliyesi\u2019nde d\u00fczenlenen ortak bas\u0131n toplant\u0131s\u0131nda konu\u015ftu.<\/p>\n<p>Suriye\u2019de Esed rejiminin y\u0131k\u0131l\u0131\u015f\u0131n\u0131n Suriye halk\u0131 i\u00e7in yeni bir \u00fcmit vadetti\u011fini s\u00f6yleyen von der Leyen, bunun da beraberinde getirdi\u011fi riskler oldu\u011funu ifade etti.<\/p>\n<p>Von der Leyen, \u201cSahada son derece k\u0131r\u0131lgan ve de\u011fi\u015fken bir durum var. Dolay\u0131s\u0131yla bu konuyla ilgili geli\u015fmeleri yak\u0131ndan takip ediyoruz. Suriye halk\u0131n\u0131n bar\u0131\u015f\u00e7\u0131l bir ge\u00e7i\u015f d\u00f6nemine ihtiyac\u0131 var. Bu ge\u00e7i\u015f d\u00f6nemi toprak b\u00fct\u00fcnl\u00fc\u011f\u00fcn\u00fc ve egemenli\u011fini koruyacak bir ge\u00e7i\u015f d\u00f6nemi. Ayn\u0131 zamanda, devlet kurumlar\u0131n\u0131 koruyacak bir d\u00f6nem olmal\u0131.\u201d diye konu\u015ftu.<\/p>\n<p>Suriye halk\u0131n\u0131n b\u00fct\u00fcn \u00e7e\u015fitlili\u011fiyle isteklerine cevap verebilecek bir s\u00fcre\u00e7 olmas\u0131 gerekti\u011fini dile getiren von der Leyen, milli birli\u011fe sayg\u0131 duyulmas\u0131 ve az\u0131nl\u0131klar\u0131n da korunmas\u0131 gerekti\u011fine dikkati \u00e7ekti.<\/p>\n<p>Von der Leyen, Avrupa Birli\u011fi\u2019nin (AB) bu s\u00fcre\u00e7te ataca\u011f\u0131 ad\u0131mlara de\u011finerek, en \u00fcst seviyedeki diplomat\u0131n \u015eam\u2019a geri d\u00f6nece\u011fini vurgulad\u0131.<\/p>\n<p>AB insani yard\u0131m ekiplerinin \u015eam\u2019da bulundu\u011funu da belirten Von der Leyen, \u015f\u00f6yle devam etti:<\/p>\n<p>\u201cBiz, her zaman asl\u0131nda Suriye\u2019de mevcudiyetimizi koruduk ve ihtiyac\u0131 olanlara destek vermeye devam ettik. Herhangi bir temas, herhangi bir i\u015fbirli\u011fi ve herhangi bir finansman olmadan Esed rejimine, biz oradayd\u0131k ancak \u015fu anda b\u00fct\u00fcn bu ad\u0131mlar\u0131 art\u0131rmal\u0131y\u0131z ve do\u011frudan asl\u0131nda Heyet Tahrir \u015eam (HT\u015e) ile ve t\u00fcm di\u011fer temsilcilerle angajman\u0131m\u0131z\u0131 s\u00fcrd\u00fcrmeliyiz.\u201d<\/p>\n<p>Von der Leyen, Suriye\u2019nin bir an \u00f6nce aya\u011fa kalkmas\u0131 ve temel hizmetlerin yan\u0131 s\u0131ra elektrik ve su gibi hizmetlerin sa\u011flanmas\u0131 i\u00e7in \u00e7al\u0131\u015fmalar\u0131n s\u00fcrd\u00fcr\u00fclmesi gerekti\u011fini kaydetti.<\/p>\n<p>\u2013 \u201cBu y\u0131l insani yard\u0131m\u0131m\u0131z\u0131 160 milyon avroya \u00e7\u0131kard\u0131k\u201d<\/p>\n<p>Von der Leyen, insani yard\u0131m i\u00e7in hava k\u00f6pr\u00fcs\u00fc kuruldu\u011funa ve ilk teslimat\u0131n bu hafta i\u00e7erisinde yap\u0131laca\u011f\u0131na i\u015faret ederek, \u201cBu y\u0131l, insani yard\u0131mlar\u0131m\u0131z\u0131 160 milyon avroya \u00e7\u0131kard\u0131k.\u201d \u015feklinde konu\u015ftu.<\/p>\n<p>Avrupa\u2019n\u0131n halihaz\u0131rda Suriye\u2019nin en b\u00fcy\u00fck don\u00f6r\u00fc oldu\u011funun alt\u0131n\u0131 \u00e7izen von der Leyen, \u015funlar\u0131 kaydetti:<\/p>\n<p>\u201c2011\u2019den bu yana y\u0131ll\u0131k d\u00fczenledi\u011fimiz Suriye konferanslar\u0131nda 33 milyar avrodan fazla katk\u0131da bulunduk ve bu deste\u011fe devam etmeliyiz. Bu deste\u011fi tabii ki yeni bir odakla ger\u00e7ekle\u015ftirmeliyiz. Yeniden yap\u0131lanmaya odaklanmal\u0131y\u0131z ve bu tabii ki ad\u0131m ad\u0131m uygulanacak bir yakla\u015f\u0131m olmal\u0131. B\u00fct\u00fcn bunlar\u0131 yaparken ayn\u0131 zamanda m\u00fceyyidelerin kald\u0131r\u0131lmas\u0131ndan da bahsetmeliyiz. Ancak tabii ki ger\u00e7ek anlamda bar\u0131\u015f\u00e7\u0131l bir ge\u00e7i\u015f d\u00f6nemi ya\u015fan\u0131rsa bu m\u00fcmk\u00fcn olabilecektir.\u201d<\/p>\n<p>Suriye halk\u0131n\u0131n evlerine geri d\u00f6nme ve hayatlar\u0131n\u0131 yeniden in\u015fa edebilme \u00fcmidinin en do\u011fal duygulardan biri oldu\u011funu ifade eden von der Leyen, \u00f6ng\u00f6r\u00fclebilirlik olmad\u0131\u011f\u0131 i\u00e7in \u00e7ok dikkatli hareket edilmesi gerekti\u011fini vurgulad\u0131.<\/p>\n<p>Von der Leyen, m\u00fcltecilerin geri d\u00f6n\u00fc\u015flerinin \u201cg\u00f6n\u00fcll\u00fc, g\u00fcvenli ve onurlu\u201d bir \u015fekilde olmas\u0131 gerekti\u011fine dikkati \u00e7ekerek, Birle\u015fmi\u015f Milletler Y\u00fcksek Komiserli\u011fi ile \u00e7al\u0131\u015f\u0131larak gerekli ko\u015fullar\u0131n yerine getirildi\u011finden emin olmak istedi\u011fini kaydetti.<\/p>\n<p>T\u00fcrkiye\u2019nin \u00f6nemli bir role sahip oldu\u011funu dile getiren von der Leyen, \u015funlar\u0131 s\u00f6yledi:<\/p>\n<p>\u201cT\u00fcrkiye\u2019nin b\u00f6lgenin istikrar\u0131 i\u00e7in, b\u00f6lgeye istikrar gelmesi i\u00e7in \u00e7ok \u00f6nemli bir rol\u00fc var. Ter\u00f6rizme kar\u015f\u0131 birlikte \u00e7ok dikkatli olmal\u0131y\u0131z. \u00d6zellikle de Do\u011fu Suriye\u2019de DEA\u015e\u2019\u0131n yeniden canlanmas\u0131 riski var. Bunun olmas\u0131na izin veremeyiz. T\u00fcrkiye\u2019nin de me\u015fru g\u00fcvenlik endi\u015felerine mutlaka cevap verilmesi ve bunlar\u0131n kar\u015f\u0131lanmas\u0131 gerekiyor. Ayn\u0131 zamanda, t\u00fcm Suriyelilerin b\u00fct\u00fcn az\u0131nl\u0131klar dahil olmak \u00fczere g\u00fcvende olmas\u0131n\u0131 sa\u011flamak gerekiyor.\u201d<\/p>\n<p>\u2013 \u201cAram\u0131zdaki ticaret 206 milyar avroya ula\u015ft\u0131\u201d<\/p>\n<p>Von der Leyen, Cumhurba\u015fkan\u0131 Erdo\u011fan ile T\u00fcrkiye-AB ili\u015fkilerini de\u011ferlendirme f\u0131rsat\u0131 buldu\u011funu s\u00f6yleyerek, bu ili\u015fkinin karma\u015f\u0131k oldu\u011fu kadar zengin ve ileriye do\u011fru devam etti\u011fine dikkati \u00e7ekti.<\/p>\n<p>Bu sebeplerden dolay\u0131, ikinci g\u00f6rev s\u00fcresinin ba\u015f\u0131nda ziyaretinin ilkini Ankara\u2019ya d\u00fczenledi\u011fini hat\u0131rlatan von der Leyen, ekonomik ili\u015fkilerin her zamankinden daha g\u00fc\u00e7l\u00fc oldu\u011funu dile getirdi.<\/p>\n<p>Von der Leyen, \u201cAram\u0131zdaki ticaret 206 milyar avroya ula\u015ft\u0131 ve bu bir rekor. Avrupa Birli\u011fi T\u00fcrkiye\u2019nin en b\u00fcy\u00fck ticaret ve yat\u0131r\u0131m orta\u011f\u0131.\u201d diyerek, niyetinin bunu daha da ileriye ta\u015f\u0131mak ve g\u00fc\u00e7lendirmek oldu\u011funu kaydetti.<\/p>\n<p>T\u00fcrkiye ile ekonomi konusunda \u00fcst d\u00fczey diyalog mekanizmas\u0131 ba\u015flat\u0131laca\u011f\u0131n\u0131 duyuran von der Leyen, AB yat\u0131r\u0131m bankas\u0131n\u0131n T\u00fcrkiye\u2019de yeniden angaje olmas\u0131 i\u00e7in \u00e7al\u0131\u015fmalar\u0131n ba\u015flat\u0131laca\u011f\u0131n\u0131 anlatt\u0131.<\/p>\n<p>\u2013 \u201cT\u00fcrkiye g\u00f6\u00e7 y\u00f6netimi konusunda, Do\u011fu Akdeniz rotas\u0131nda son derece kilit orta\u011f\u0131m\u0131z\u201d<\/p>\n<p>Von der Leyen, T\u00fcrkiye ile g\u00fcncellenmi\u015f bir g\u00fcmr\u00fck birli\u011fi m\u00fczakereleri ba\u015flatmay\u0131 b\u00fcy\u00fck bir istekle bekledi\u011fini belirterek, \u201cTabii ki burada ilerleme olacak. Ancak bunun i\u00e7in ger\u00e7ekten g\u00fc\u00e7l\u00fc bir \u00e7aba sarf etmek gerekiyor. Ticaret engellerine mutlaka de\u011finmeliyiz.\u201d dedi.<\/p>\n<p>Ayn\u0131 zamanda Rusya\u2019ya kar\u015f\u0131 uygulanan yapt\u0131r\u0131mlar\u0131n devre d\u0131\u015f\u0131 b\u0131rak\u0131lmas\u0131yla ilgili konular\u0131n de\u011ferlendirildi\u011fini ifade eden von der Leyen, Kuzey K\u0131br\u0131s T\u00fcrk Cumhuriyeti ile ilgili de Birle\u015fmi\u015f Milletler \u00e7er\u00e7evesinde m\u00fczakerelerin devam ettirilmesi gerekti\u011fini s\u00f6yledi.<\/p>\n<p>Von der Leyen, T\u00fcrkiye\u2019nin y\u0131llar i\u00e7inde milyonlarca ki\u015fiye ev sahipli\u011fi yapmas\u0131na ili\u015fkin, \u015funlar\u0131 kaydetti:<\/p>\n<p>\u201cBu \u00e7er\u00e7evede biz de bu \u00e7aban\u0131zda sizin yan\u0131n\u0131zda durduk. 2011\u2019den bu yana AB neredeyse 10 milyar avroyu m\u00fcltecilerin ve ev sahibi toplumun desteklenmesi i\u00e7in sa\u011flad\u0131. Bu \u00e7er\u00e7evede \u00e7ok b\u00fcy\u00fck bir mutlulukla \u015funu duyurmak istiyorum, ilave bir 1 milyar avro 2024 i\u00e7in \u015fu anda tahsis edilmi\u015f durumda. Bu, ba\u015fka \u015feylerin yan\u0131 s\u0131ra m\u00fcltecilerin sa\u011fl\u0131k sistemini ve e\u011fitim \u00e7al\u0131\u015fmalar\u0131n\u0131 destekleyecek. Ayn\u0131 zamanda g\u00f6\u00e7 ve s\u0131n\u0131r g\u00fcvenli\u011fi konular\u0131na odaklanacak ve Suriyeli m\u00fcltecilerin g\u00f6n\u00fcll\u00fc d\u00f6n\u00fc\u015f\u00fc de desteklenecek. Sahada geli\u015fmeler devam ettik\u00e7e bu 1 milyar\u0131 Suriye\u2019deki ihtiya\u00e7lar ortaya \u00e7\u0131kt\u0131k\u00e7a onlara da tahsis edebiliriz.\u201d<\/p>\n<p> T\u00fcrkiye\u2019nin g\u00f6\u00e7 y\u00f6netimi konusunda, Do\u011fu Akdeniz rotas\u0131nda son derece kilit bir ortak oldu\u011funu vurgulayan von der Leyen, \u201cBu \u00e7er\u00e7evede payla\u015ft\u0131\u011f\u0131m\u0131z \u00f6ncelikler i\u00e7in birlikte \u00e7al\u0131\u015fmal\u0131 ve s\u0131n\u0131r y\u00f6netimi, g\u00f6\u00e7men ka\u00e7ak\u00e7\u0131l\u0131\u011f\u0131yla m\u00fccadele ve vize konular\u0131ndaki \u00e7abalar\u0131m\u0131z\u0131 daha yo\u011funla\u015ft\u0131rmal\u0131y\u0131z.\u201d diye konu\u015ftu.<\/p>\n<p>Von der Leyen, Suriyelilerin y\u00f6nlendirdi\u011fi ve sahiplendi\u011fi bir siyasi d\u00f6n\u00fc\u015f\u00fcm\u00fc desteklemek ve ayn\u0131 zamanda bir aday \u00fclke olarak T\u00fcrkiye ile AB aras\u0131ndaki ili\u015fkiyi derinle\u015ftirmek i\u00e7in \u00e7ok fazla \u015feye ula\u015f\u0131labilece\u011fine inand\u0131\u011f\u0131n\u0131 belirterek, ilerleyen zamanda bu \u00e7er\u00e7evede iyi i\u015fbirli\u011fini devam ettirmeyi b\u00fcy\u00fck bir istekle bekledi\u011fini dile getirdi.<\/p>\n<\/p><\/div>\n<p><script async\n                    defer\n                    crossorigin=\"anonymous\"\n                    src=\"https:\/\/connect.facebook.net\/tr_TR\/sdk.js#xfbml=1&#038;version=v3.3\"\n            ><\/script><\/p>\n","protected":false},"excerpt":{"rendered":"<p>Avrupa Komisyonu Ba\u015fkan\u0131 von der Leyen, Kuzey K\u0131br\u0131s T\u00fcrk Cumhuriyeti ile ilgili Birle\u015fmi\u015f Milletler \u00e7er\u00e7evesinde m\u00fczakerelerin devam ettirilmesi gerekti\u011fini s\u00f6yledi. Von der Leyen, TC Cumhurba\u015fkan\u0131 Recep Tayyip Erdo\u011fan ile Cumhurba\u015fkanl\u0131\u011f\u0131 K\u00fclliyesi\u2019nde d\u00fczenlenen ortak bas\u0131n toplant\u0131s\u0131nda konu\u015ftu. Suriye\u2019de Esed rejiminin y\u0131k\u0131l\u0131\u015f\u0131n\u0131n Suriye halk\u0131 i\u00e7in yeni bir \u00fcmit vadetti\u011fini s\u00f6yleyen von der Leyen, bunun da beraberinde getirdi\u011fi [&hellip;]<\/p>\n","protected":false},"author":1,"featured_media":15754,"comment_status":"open","ping_status":"open","sticky":false,"template":"","format":"standard","meta":{"jnews-multi-image_gallery":[],"jnews_single_post":[],"jnews_primary_category":[],"jnews_social_meta":[],"jnews_override_counter":[],"footnotes":""},"categories":[5],"tags":[],"class_list":["post-15753","post","type-post","status-publish","format-standard","has-post-thumbnail","hentry","category-turkiye"],"yoast_head":"<!-- This site is optimized with the Yoast SEO plugin v27.4 - https:\/\/yoast.com\/product\/yoast-seo-wordpress\/ -->\n<title>Avrupa Komisyonu Ba\u015fkan\u0131 Leyen, KKTC ile ilgili BM \u00e7er\u00e7evesinde m\u00fczakerelerin devam ettirilmesi gerekti\u011fini s\u00f6yledi - Kuzeyin Sesi<\/title>\n<meta name=\"robots\" content=\"index, follow, max-snippet:-1, max-image-preview:large, max-video-preview:-1\" \/>\n<link rel=\"canonical\" href=\"https:\/\/kuzeyinsesi.org\/index.php\/2024\/12\/17\/avrupa-komisyonu-baskani-leyen-kktc-ile-ilgili-bm-cercevesinde-muzakerelerin-devam-ettirilmesi-gerektigini-soyledi\/\" \/>\n<meta property=\"og:locale\" content=\"tr_TR\" \/>\n<meta property=\"og:type\" content=\"article\" \/>\n<meta property=\"og:title\" content=\"Avrupa Komisyonu Ba\u015fkan\u0131 Leyen, KKTC ile ilgili BM \u00e7er\u00e7evesinde m\u00fczakerelerin devam ettirilmesi gerekti\u011fini s\u00f6yledi - Kuzeyin Sesi\" \/>\n<meta property=\"og:description\" content=\"Avrupa Komisyonu Ba\u015fkan\u0131 von der Leyen, Kuzey K\u0131br\u0131s T\u00fcrk Cumhuriyeti ile ilgili Birle\u015fmi\u015f Milletler \u00e7er\u00e7evesinde m\u00fczakerelerin devam ettirilmesi gerekti\u011fini s\u00f6yledi. Von der Leyen, TC Cumhurba\u015fkan\u0131 Recep Tayyip Erdo\u011fan ile Cumhurba\u015fkanl\u0131\u011f\u0131 K\u00fclliyesi\u2019nde d\u00fczenlenen ortak bas\u0131n toplant\u0131s\u0131nda konu\u015ftu. Suriye\u2019de Esed rejiminin y\u0131k\u0131l\u0131\u015f\u0131n\u0131n Suriye halk\u0131 i\u00e7in yeni bir \u00fcmit vadetti\u011fini s\u00f6yleyen von der Leyen, bunun da beraberinde getirdi\u011fi [&hellip;]\" \/>\n<meta property=\"og:url\" content=\"https:\/\/kuzeyinsesi.org\/index.php\/2024\/12\/17\/avrupa-komisyonu-baskani-leyen-kktc-ile-ilgili-bm-cercevesinde-muzakerelerin-devam-ettirilmesi-gerektigini-soyledi\/\" \/>\n<meta property=\"og:site_name\" content=\"Kuzeyin Sesi\" \/>\n<meta property=\"article:publisher\" content=\"https:\/\/www.facebook.com\/kuzeyinsesii\" \/>\n<meta property=\"article:published_time\" content=\"2024-12-17T19:03:27+00:00\" \/>\n<meta property=\"og:image\" content=\"https:\/\/brtk.net\/wp-content\/uploads\/2024\/12\/17\/AA-36507999.jpg?ver=30ad3d91e8afd085ab262519831251f1\" \/>\n<meta name=\"author\" content=\"Kuzeyin Sesi\" \/>\n<meta name=\"twitter:card\" content=\"summary_large_image\" \/>\n<meta name=\"twitter:creator\" content=\"@kuzeyinsesii\" \/>\n<meta name=\"twitter:site\" content=\"@kuzeyinsesii\" \/>\n<meta name=\"twitter:label1\" content=\"Yazan:\" \/>\n\t<meta name=\"twitter:data1\" content=\"Kuzeyin Sesi\" \/>\n\t<meta name=\"twitter:label2\" content=\"Tahmini okuma s\u00fcresi\" \/>\n\t<meta name=\"twitter:data2\" content=\"6 dakika\" \/>\n<script type=\"application\/ld+json\" class=\"yoast-schema-graph\">{\"@context\":\"https:\\\/\\\/schema.org\",\"@graph\":[{\"@type\":\"Article\",\"@id\":\"https:\\\/\\\/kuzeyinsesi.org\\\/index.php\\\/2024\\\/12\\\/17\\\/avrupa-komisyonu-baskani-leyen-kktc-ile-ilgili-bm-cercevesinde-muzakerelerin-devam-ettirilmesi-gerektigini-soyledi\\\/#article\",\"isPartOf\":{\"@id\":\"https:\\\/\\\/kuzeyinsesi.org\\\/index.php\\\/2024\\\/12\\\/17\\\/avrupa-komisyonu-baskani-leyen-kktc-ile-ilgili-bm-cercevesinde-muzakerelerin-devam-ettirilmesi-gerektigini-soyledi\\\/\"},\"author\":{\"name\":\"Kuzeyin Sesi\",\"@id\":\"https:\\\/\\\/kuzeyinsesi.org\\\/#\\\/schema\\\/person\\\/9f859689cdf01485597712386e37f5aa\"},\"headline\":\"Avrupa Komisyonu Ba\u015fkan\u0131 Leyen, KKTC ile ilgili BM \u00e7er\u00e7evesinde m\u00fczakerelerin devam ettirilmesi gerekti\u011fini s\u00f6yledi\",\"datePublished\":\"2024-12-17T19:03:27+00:00\",\"mainEntityOfPage\":{\"@id\":\"https:\\\/\\\/kuzeyinsesi.org\\\/index.php\\\/2024\\\/12\\\/17\\\/avrupa-komisyonu-baskani-leyen-kktc-ile-ilgili-bm-cercevesinde-muzakerelerin-devam-ettirilmesi-gerektigini-soyledi\\\/\"},\"wordCount\":1279,\"commentCount\":0,\"image\":{\"@id\":\"https:\\\/\\\/kuzeyinsesi.org\\\/index.php\\\/2024\\\/12\\\/17\\\/avrupa-komisyonu-baskani-leyen-kktc-ile-ilgili-bm-cercevesinde-muzakerelerin-devam-ettirilmesi-gerektigini-soyledi\\\/#primaryimage\"},\"thumbnailUrl\":\"https:\\\/\\\/kuzeyinsesi.org\\\/wp-content\\\/uploads\\\/2024\\\/12\\\/AA-36507999.jpg\",\"articleSection\":[\"T\u00fcrkiye\"],\"inLanguage\":\"tr\",\"potentialAction\":[{\"@type\":\"CommentAction\",\"name\":\"Comment\",\"target\":[\"https:\\\/\\\/kuzeyinsesi.org\\\/index.php\\\/2024\\\/12\\\/17\\\/avrupa-komisyonu-baskani-leyen-kktc-ile-ilgili-bm-cercevesinde-muzakerelerin-devam-ettirilmesi-gerektigini-soyledi\\\/#respond\"]}]},{\"@type\":\"WebPage\",\"@id\":\"https:\\\/\\\/kuzeyinsesi.org\\\/index.php\\\/2024\\\/12\\\/17\\\/avrupa-komisyonu-baskani-leyen-kktc-ile-ilgili-bm-cercevesinde-muzakerelerin-devam-ettirilmesi-gerektigini-soyledi\\\/\",\"url\":\"https:\\\/\\\/kuzeyinsesi.org\\\/index.php\\\/2024\\\/12\\\/17\\\/avrupa-komisyonu-baskani-leyen-kktc-ile-ilgili-bm-cercevesinde-muzakerelerin-devam-ettirilmesi-gerektigini-soyledi\\\/\",\"name\":\"Avrupa Komisyonu Ba\u015fkan\u0131 Leyen, KKTC ile ilgili BM \u00e7er\u00e7evesinde m\u00fczakerelerin devam ettirilmesi gerekti\u011fini s\u00f6yledi - Kuzeyin Sesi\",\"isPartOf\":{\"@id\":\"https:\\\/\\\/kuzeyinsesi.org\\\/#website\"},\"primaryImageOfPage\":{\"@id\":\"https:\\\/\\\/kuzeyinsesi.org\\\/index.php\\\/2024\\\/12\\\/17\\\/avrupa-komisyonu-baskani-leyen-kktc-ile-ilgili-bm-cercevesinde-muzakerelerin-devam-ettirilmesi-gerektigini-soyledi\\\/#primaryimage\"},\"image\":{\"@id\":\"https:\\\/\\\/kuzeyinsesi.org\\\/index.php\\\/2024\\\/12\\\/17\\\/avrupa-komisyonu-baskani-leyen-kktc-ile-ilgili-bm-cercevesinde-muzakerelerin-devam-ettirilmesi-gerektigini-soyledi\\\/#primaryimage\"},\"thumbnailUrl\":\"https:\\\/\\\/kuzeyinsesi.org\\\/wp-content\\\/uploads\\\/2024\\\/12\\\/AA-36507999.jpg\",\"datePublished\":\"2024-12-17T19:03:27+00:00\",\"author\":{\"@id\":\"https:\\\/\\\/kuzeyinsesi.org\\\/#\\\/schema\\\/person\\\/9f859689cdf01485597712386e37f5aa\"},\"breadcrumb\":{\"@id\":\"https:\\\/\\\/kuzeyinsesi.org\\\/index.php\\\/2024\\\/12\\\/17\\\/avrupa-komisyonu-baskani-leyen-kktc-ile-ilgili-bm-cercevesinde-muzakerelerin-devam-ettirilmesi-gerektigini-soyledi\\\/#breadcrumb\"},\"inLanguage\":\"tr\",\"potentialAction\":[{\"@type\":\"ReadAction\",\"target\":[\"https:\\\/\\\/kuzeyinsesi.org\\\/index.php\\\/2024\\\/12\\\/17\\\/avrupa-komisyonu-baskani-leyen-kktc-ile-ilgili-bm-cercevesinde-muzakerelerin-devam-ettirilmesi-gerektigini-soyledi\\\/\"]}]},{\"@type\":\"ImageObject\",\"inLanguage\":\"tr\",\"@id\":\"https:\\\/\\\/kuzeyinsesi.org\\\/index.php\\\/2024\\\/12\\\/17\\\/avrupa-komisyonu-baskani-leyen-kktc-ile-ilgili-bm-cercevesinde-muzakerelerin-devam-ettirilmesi-gerektigini-soyledi\\\/#primaryimage\",\"url\":\"https:\\\/\\\/kuzeyinsesi.org\\\/wp-content\\\/uploads\\\/2024\\\/12\\\/AA-36507999.jpg\",\"contentUrl\":\"https:\\\/\\\/kuzeyinsesi.org\\\/wp-content\\\/uploads\\\/2024\\\/12\\\/AA-36507999.jpg\",\"width\":753,\"height\":498},{\"@type\":\"BreadcrumbList\",\"@id\":\"https:\\\/\\\/kuzeyinsesi.org\\\/index.php\\\/2024\\\/12\\\/17\\\/avrupa-komisyonu-baskani-leyen-kktc-ile-ilgili-bm-cercevesinde-muzakerelerin-devam-ettirilmesi-gerektigini-soyledi\\\/#breadcrumb\",\"itemListElement\":[{\"@type\":\"ListItem\",\"position\":1,\"name\":\"Anasayfa\",\"item\":\"https:\\\/\\\/kuzeyinsesi.org\\\/\"},{\"@type\":\"ListItem\",\"position\":2,\"name\":\"Avrupa Komisyonu Ba\u015fkan\u0131 Leyen, KKTC ile ilgili BM \u00e7er\u00e7evesinde m\u00fczakerelerin devam ettirilmesi gerekti\u011fini s\u00f6yledi\"}]},{\"@type\":\"WebSite\",\"@id\":\"https:\\\/\\\/kuzeyinsesi.org\\\/#website\",\"url\":\"https:\\\/\\\/kuzeyinsesi.org\\\/\",\"name\":\"Kuzeyin Sesi\",\"description\":\"Do\u011fru Haberin Adresi\",\"potentialAction\":[{\"@type\":\"SearchAction\",\"target\":{\"@type\":\"EntryPoint\",\"urlTemplate\":\"https:\\\/\\\/kuzeyinsesi.org\\\/?s={search_term_string}\"},\"query-input\":{\"@type\":\"PropertyValueSpecification\",\"valueRequired\":true,\"valueName\":\"search_term_string\"}}],\"inLanguage\":\"tr\"},{\"@type\":\"Person\",\"@id\":\"https:\\\/\\\/kuzeyinsesi.org\\\/#\\\/schema\\\/person\\\/9f859689cdf01485597712386e37f5aa\",\"name\":\"Kuzeyin Sesi\",\"image\":{\"@type\":\"ImageObject\",\"inLanguage\":\"tr\",\"@id\":\"https:\\\/\\\/secure.gravatar.com\\\/avatar\\\/bab33852abfd8b282518d6ed81826833d77c3c882d9ab608add591ccace47a44?s=96&d=mm&r=g\",\"url\":\"https:\\\/\\\/secure.gravatar.com\\\/avatar\\\/bab33852abfd8b282518d6ed81826833d77c3c882d9ab608add591ccace47a44?s=96&d=mm&r=g\",\"contentUrl\":\"https:\\\/\\\/secure.gravatar.com\\\/avatar\\\/bab33852abfd8b282518d6ed81826833d77c3c882d9ab608add591ccace47a44?s=96&d=mm&r=g\",\"caption\":\"Kuzeyin Sesi\"},\"sameAs\":[\"https:\\\/\\\/kuzeyinsesi.org\"],\"url\":\"https:\\\/\\\/kuzeyinsesi.org\\\/index.php\\\/author\\\/guven\\\/\"}]}<\/script>\n<!-- \/ Yoast SEO plugin. -->","yoast_head_json":{"title":"Avrupa Komisyonu Ba\u015fkan\u0131 Leyen, KKTC ile ilgili BM \u00e7er\u00e7evesinde m\u00fczakerelerin devam ettirilmesi gerekti\u011fini s\u00f6yledi - Kuzeyin Sesi","robots":{"index":"index","follow":"follow","max-snippet":"max-snippet:-1","max-image-preview":"max-image-preview:large","max-video-preview":"max-video-preview:-1"},"canonical":"https:\/\/kuzeyinsesi.org\/index.php\/2024\/12\/17\/avrupa-komisyonu-baskani-leyen-kktc-ile-ilgili-bm-cercevesinde-muzakerelerin-devam-ettirilmesi-gerektigini-soyledi\/","og_locale":"tr_TR","og_type":"article","og_title":"Avrupa Komisyonu Ba\u015fkan\u0131 Leyen, KKTC ile ilgili BM \u00e7er\u00e7evesinde m\u00fczakerelerin devam ettirilmesi gerekti\u011fini s\u00f6yledi - Kuzeyin Sesi","og_description":"Avrupa Komisyonu Ba\u015fkan\u0131 von der Leyen, Kuzey K\u0131br\u0131s T\u00fcrk Cumhuriyeti ile ilgili Birle\u015fmi\u015f Milletler \u00e7er\u00e7evesinde m\u00fczakerelerin devam ettirilmesi gerekti\u011fini s\u00f6yledi. Von der Leyen, TC Cumhurba\u015fkan\u0131 Recep Tayyip Erdo\u011fan ile Cumhurba\u015fkanl\u0131\u011f\u0131 K\u00fclliyesi\u2019nde d\u00fczenlenen ortak bas\u0131n toplant\u0131s\u0131nda konu\u015ftu. Suriye\u2019de Esed rejiminin y\u0131k\u0131l\u0131\u015f\u0131n\u0131n Suriye halk\u0131 i\u00e7in yeni bir \u00fcmit vadetti\u011fini s\u00f6yleyen von der Leyen, bunun da beraberinde getirdi\u011fi [&hellip;]","og_url":"https:\/\/kuzeyinsesi.org\/index.php\/2024\/12\/17\/avrupa-komisyonu-baskani-leyen-kktc-ile-ilgili-bm-cercevesinde-muzakerelerin-devam-ettirilmesi-gerektigini-soyledi\/","og_site_name":"Kuzeyin Sesi","article_publisher":"https:\/\/www.facebook.com\/kuzeyinsesii","article_published_time":"2024-12-17T19:03:27+00:00","og_image":[{"url":"https:\/\/brtk.net\/wp-content\/uploads\/2024\/12\/17\/AA-36507999.jpg?ver=30ad3d91e8afd085ab262519831251f1","type":"","width":"","height":""}],"author":"Kuzeyin Sesi","twitter_card":"summary_large_image","twitter_creator":"@kuzeyinsesii","twitter_site":"@kuzeyinsesii","twitter_misc":{"Yazan:":"Kuzeyin Sesi","Tahmini okuma s\u00fcresi":"6 dakika"},"schema":{"@context":"https:\/\/schema.org","@graph":[{"@type":"Article","@id":"https:\/\/kuzeyinsesi.org\/index.php\/2024\/12\/17\/avrupa-komisyonu-baskani-leyen-kktc-ile-ilgili-bm-cercevesinde-muzakerelerin-devam-ettirilmesi-gerektigini-soyledi\/#article","isPartOf":{"@id":"https:\/\/kuzeyinsesi.org\/index.php\/2024\/12\/17\/avrupa-komisyonu-baskani-leyen-kktc-ile-ilgili-bm-cercevesinde-muzakerelerin-devam-ettirilmesi-gerektigini-soyledi\/"},"author":{"name":"Kuzeyin Sesi","@id":"https:\/\/kuzeyinsesi.org\/#\/schema\/person\/9f859689cdf01485597712386e37f5aa"},"headline":"Avrupa Komisyonu Ba\u015fkan\u0131 Leyen, KKTC ile ilgili BM \u00e7er\u00e7evesinde m\u00fczakerelerin devam ettirilmesi gerekti\u011fini s\u00f6yledi","datePublished":"2024-12-17T19:03:27+00:00","mainEntityOfPage":{"@id":"https:\/\/kuzeyinsesi.org\/index.php\/2024\/12\/17\/avrupa-komisyonu-baskani-leyen-kktc-ile-ilgili-bm-cercevesinde-muzakerelerin-devam-ettirilmesi-gerektigini-soyledi\/"},"wordCount":1279,"commentCount":0,"image":{"@id":"https:\/\/kuzeyinsesi.org\/index.php\/2024\/12\/17\/avrupa-komisyonu-baskani-leyen-kktc-ile-ilgili-bm-cercevesinde-muzakerelerin-devam-ettirilmesi-gerektigini-soyledi\/#primaryimage"},"thumbnailUrl":"https:\/\/kuzeyinsesi.org\/wp-content\/uploads\/2024\/12\/AA-36507999.jpg","articleSection":["T\u00fcrkiye"],"inLanguage":"tr","potentialAction":[{"@type":"CommentAction","name":"Comment","target":["https:\/\/kuzeyinsesi.org\/index.php\/2024\/12\/17\/avrupa-komisyonu-baskani-leyen-kktc-ile-ilgili-bm-cercevesinde-muzakerelerin-devam-ettirilmesi-gerektigini-soyledi\/#respond"]}]},{"@type":"WebPage","@id":"https:\/\/kuzeyinsesi.org\/index.php\/2024\/12\/17\/avrupa-komisyonu-baskani-leyen-kktc-ile-ilgili-bm-cercevesinde-muzakerelerin-devam-ettirilmesi-gerektigini-soyledi\/","url":"https:\/\/kuzeyinsesi.org\/index.php\/2024\/12\/17\/avrupa-komisyonu-baskani-leyen-kktc-ile-ilgili-bm-cercevesinde-muzakerelerin-devam-ettirilmesi-gerektigini-soyledi\/","name":"Avrupa Komisyonu Ba\u015fkan\u0131 Leyen, KKTC ile ilgili BM \u00e7er\u00e7evesinde m\u00fczakerelerin devam ettirilmesi gerekti\u011fini s\u00f6yledi - Kuzeyin Sesi","isPartOf":{"@id":"https:\/\/kuzeyinsesi.org\/#website"},"primaryImageOfPage":{"@id":"https:\/\/kuzeyinsesi.org\/index.php\/2024\/12\/17\/avrupa-komisyonu-baskani-leyen-kktc-ile-ilgili-bm-cercevesinde-muzakerelerin-devam-ettirilmesi-gerektigini-soyledi\/#primaryimage"},"image":{"@id":"https:\/\/kuzeyinsesi.org\/index.php\/2024\/12\/17\/avrupa-komisyonu-baskani-leyen-kktc-ile-ilgili-bm-cercevesinde-muzakerelerin-devam-ettirilmesi-gerektigini-soyledi\/#primaryimage"},"thumbnailUrl":"https:\/\/kuzeyinsesi.org\/wp-content\/uploads\/2024\/12\/AA-36507999.jpg","datePublished":"2024-12-17T19:03:27+00:00","author":{"@id":"https:\/\/kuzeyinsesi.org\/#\/schema\/person\/9f859689cdf01485597712386e37f5aa"},"breadcrumb":{"@id":"https:\/\/kuzeyinsesi.org\/index.php\/2024\/12\/17\/avrupa-komisyonu-baskani-leyen-kktc-ile-ilgili-bm-cercevesinde-muzakerelerin-devam-ettirilmesi-gerektigini-soyledi\/#breadcrumb"},"inLanguage":"tr","potentialAction":[{"@type":"ReadAction","target":["https:\/\/kuzeyinsesi.org\/index.php\/2024\/12\/17\/avrupa-komisyonu-baskani-leyen-kktc-ile-ilgili-bm-cercevesinde-muzakerelerin-devam-ettirilmesi-gerektigini-soyledi\/"]}]},{"@type":"ImageObject","inLanguage":"tr","@id":"https:\/\/kuzeyinsesi.org\/index.php\/2024\/12\/17\/avrupa-komisyonu-baskani-leyen-kktc-ile-ilgili-bm-cercevesinde-muzakerelerin-devam-ettirilmesi-gerektigini-soyledi\/#primaryimage","url":"https:\/\/kuzeyinsesi.org\/wp-content\/uploads\/2024\/12\/AA-36507999.jpg","contentUrl":"https:\/\/kuzeyinsesi.org\/wp-content\/uploads\/2024\/12\/AA-36507999.jpg","width":753,"height":498},{"@type":"BreadcrumbList","@id":"https:\/\/kuzeyinsesi.org\/index.php\/2024\/12\/17\/avrupa-komisyonu-baskani-leyen-kktc-ile-ilgili-bm-cercevesinde-muzakerelerin-devam-ettirilmesi-gerektigini-soyledi\/#breadcrumb","itemListElement":[{"@type":"ListItem","position":1,"name":"Anasayfa","item":"https:\/\/kuzeyinsesi.org\/"},{"@type":"ListItem","position":2,"name":"Avrupa Komisyonu Ba\u015fkan\u0131 Leyen, KKTC ile ilgili BM \u00e7er\u00e7evesinde m\u00fczakerelerin devam ettirilmesi gerekti\u011fini s\u00f6yledi"}]},{"@type":"WebSite","@id":"https:\/\/kuzeyinsesi.org\/#website","url":"https:\/\/kuzeyinsesi.org\/","name":"Kuzeyin Sesi","description":"Do\u011fru Haberin Adresi","potentialAction":[{"@type":"SearchAction","target":{"@type":"EntryPoint","urlTemplate":"https:\/\/kuzeyinsesi.org\/?s={search_term_string}"},"query-input":{"@type":"PropertyValueSpecification","valueRequired":true,"valueName":"search_term_string"}}],"inLanguage":"tr"},{"@type":"Person","@id":"https:\/\/kuzeyinsesi.org\/#\/schema\/person\/9f859689cdf01485597712386e37f5aa","name":"Kuzeyin Sesi","image":{"@type":"ImageObject","inLanguage":"tr","@id":"https:\/\/secure.gravatar.com\/avatar\/bab33852abfd8b282518d6ed81826833d77c3c882d9ab608add591ccace47a44?s=96&d=mm&r=g","url":"https:\/\/secure.gravatar.com\/avatar\/bab33852abfd8b282518d6ed81826833d77c3c882d9ab608add591ccace47a44?s=96&d=mm&r=g","contentUrl":"https:\/\/secure.gravatar.com\/avatar\/bab33852abfd8b282518d6ed81826833d77c3c882d9ab608add591ccace47a44?s=96&d=mm&r=g","caption":"Kuzeyin Sesi"},"sameAs":["https:\/\/kuzeyinsesi.org"],"url":"https:\/\/kuzeyinsesi.org\/index.php\/author\/guven\/"}]}},"_links":{"self":[{"href":"https:\/\/kuzeyinsesi.org\/index.php\/wp-json\/wp\/v2\/posts\/15753","targetHints":{"allow":["GET"]}}],"collection":[{"href":"https:\/\/kuzeyinsesi.org\/index.php\/wp-json\/wp\/v2\/posts"}],"about":[{"href":"https:\/\/kuzeyinsesi.org\/index.php\/wp-json\/wp\/v2\/types\/post"}],"author":[{"embeddable":true,"href":"https:\/\/kuzeyinsesi.org\/index.php\/wp-json\/wp\/v2\/users\/1"}],"replies":[{"embeddable":true,"href":"https:\/\/kuzeyinsesi.org\/index.php\/wp-json\/wp\/v2\/comments?post=15753"}],"version-history":[{"count":0,"href":"https:\/\/kuzeyinsesi.org\/index.php\/wp-json\/wp\/v2\/posts\/15753\/revisions"}],"wp:featuredmedia":[{"embeddable":true,"href":"https:\/\/kuzeyinsesi.org\/index.php\/wp-json\/wp\/v2\/media\/15754"}],"wp:attachment":[{"href":"https:\/\/kuzeyinsesi.org\/index.php\/wp-json\/wp\/v2\/media?parent=15753"}],"wp:term":[{"taxonomy":"category","embeddable":true,"href":"https:\/\/kuzeyinsesi.org\/index.php\/wp-json\/wp\/v2\/categories?post=15753"},{"taxonomy":"post_tag","embeddable":true,"href":"https:\/\/kuzeyinsesi.org\/index.php\/wp-json\/wp\/v2\/tags?post=15753"}],"curies":[{"name":"wp","href":"https:\/\/api.w.org\/{rel}","templated":true}]}}