{"id":15733,"date":"2024-12-17T17:51:19","date_gmt":"2024-12-17T15:51:19","guid":{"rendered":"https:\/\/kuzeyinsesi.org\/index.php\/2024\/12\/17\/dau-bitki-envanteri-dogal-kulturel-degerler-projesi-kitabi-yayimladi\/"},"modified":"2024-12-17T17:51:19","modified_gmt":"2024-12-17T15:51:19","slug":"dau-bitki-envanteri-dogal-kulturel-degerler-projesi-kitabi-yayimladi","status":"publish","type":"post","link":"https:\/\/kuzeyinsesi.org\/index.php\/2024\/12\/17\/dau-bitki-envanteri-dogal-kulturel-degerler-projesi-kitabi-yayimladi\/","title":{"rendered":"DA\u00dc \u201cBitki Envanteri, Do\u011fal K\u00fclt\u00fcrel De\u011ferler Projesi\u201d kitab\u0131 yay\u0131mlad\u0131"},"content":{"rendered":"<div>\n<div class=\"mariselle-image-container center\">\n                                            <\/div>\n<p> \u201cDo\u011fu Akdeniz \u00dcniversitesi Bitki Envanteri, Do\u011fal K\u00fclt\u00fcrel De\u011ferler Projesi\u201d adl\u0131 kitab\u0131n yay\u0131mland\u0131\u011f\u0131 bildirildi.<\/p>\n<p>Do\u011fu Akdeniz \u00dcniversitesi (DA\u00dc) Proje \u0130\u015fleri M\u00fcd\u00fcrl\u00fc\u011f\u00fc koordinasyonunda, Proje \u0130\u015fleri M\u00fcd\u00fcrl\u00fc\u011f\u00fc personeli, Peyzaj Mimar\u0131, \u00c7evre E\u011fitimi ve \u00c7evre Y\u00f6netimi Uzman\u0131 Dr. G\u00fclizar Ero\u011flu\u2019nun yaz\u0131m, ara\u015ft\u0131rma ve foto\u011fraflama \u00e7al\u0131\u015fmalar\u0131yla yaz\u0131lan kitab\u0131n, DA\u00dc\u2019n\u00fcn teknik ve akademik deste\u011fiyle, DA\u00dc kamp\u00fcs\u00fcndeki ye\u015fil doku, bitki \u00e7e\u015fitlili\u011fi ve k\u00fclt\u00fcrel de\u011ferlerin envanterini ortaya koyarak, bu zenginliklerin korunmas\u0131 ve gelecek nesillere aktar\u0131lmas\u0131na y\u00f6nelik bir rehber niteli\u011fi ta\u015f\u0131d\u0131\u011f\u0131 belirtildi.<\/p>\n<p>DA\u00dc\u2019den yap\u0131lan a\u00e7\u0131klamada, Dr. Ero\u011flu, 1999 y\u0131l\u0131ndan bu yana DA\u00dc\u2019deki g\u00f6revinde kamp\u00fcs\u00fcn do\u011fa ile insan\u0131 bulu\u015fturan mek\u00e2nlar\u0131n\u0131 tasarlad\u0131\u011f\u0131n\u0131 belirterek \u201cBa\u015flang\u0131\u00e7ta yaln\u0131zca bitki say\u0131s\u0131n\u0131 ve da\u011f\u0131l\u0131m\u0131n\u0131 tespit etmek amac\u0131yla yola \u00e7\u0131kt\u0131k ancak foto\u011frafl\u0131 belgelerle zenginle\u015fen bu \u00e7al\u0131\u015fma, kamp\u00fcs\u00fcn do\u011fal ve k\u00fclt\u00fcrel miras\u0131n\u0131n korunmas\u0131 i\u00e7in \u00f6nemli bir kaynak haline geldi.\u201d ifadelerini kulland\u0131.<\/p>\n<p>Kitapta, kamp\u00fcs\u00fcn do\u011fal alanlar\u0131ndaki bitki t\u00fcrlerinin envanteri detayl\u0131 bir \u015fekilde sunulurken, foto\u011fraf destekli anlat\u0131mla bu alanlar\u0131n k\u00fclt\u00fcrel ve estetik de\u011ferleri de \u00f6n plana \u00e7\u0131kar\u0131ld\u0131.<\/p>\n<p>Dr. Ero\u011flu, projeye desteklerinden dolay\u0131 d\u00f6nemin DA\u00dc Teknik \u0130\u015flerden Sorumlu Rekt\u00f6r Yard\u0131mc\u0131s\u0131 Prof. Dr. Serhan \u015eensoy ve d\u00f6nemin DA\u00dc Proje \u0130\u015fleri M\u00fcd\u00fcr\u00fc Ersin \u00d6zayg\u0131n\u2019a te\u015fekk\u00fcr etti.<\/p>\n<p>A\u00e7\u0131klamada, \u201cBitki Envanteri, Do\u011fal K\u00fclt\u00fcrel De\u011ferler Projesi\u201d kitab\u0131n\u0131n hem akademik d\u00fcnyaya hem de kamp\u00fcs toplulu\u011funa rehber olaca\u011f\u0131 belirtilerek, kitab\u0131n gelecek \u00e7evre projeleri i\u00e7in \u00f6nemli bir kaynak olaca\u011f\u0131 vurguland\u0131.<\/p>\n<p>Ero\u011flu, \u00e7al\u0131\u015fman\u0131n kamp\u00fcs\u00fcn do\u011fal dokusunun korunmas\u0131na ve e\u011fitime katk\u0131 sa\u011flamas\u0131n\u0131 diledi\u011fini ifade etti.<\/p>\n<\/p><\/div>\n<p><script async\n                    defer\n                    crossorigin=\"anonymous\"\n                    src=\"https:\/\/connect.facebook.net\/tr_TR\/sdk.js#xfbml=1&#038;version=v3.3\"\n            ><\/script><\/p>\n","protected":false},"excerpt":{"rendered":"<p>\u201cDo\u011fu Akdeniz \u00dcniversitesi Bitki Envanteri, Do\u011fal K\u00fclt\u00fcrel De\u011ferler Projesi\u201d adl\u0131 kitab\u0131n yay\u0131mland\u0131\u011f\u0131 bildirildi. Do\u011fu Akdeniz \u00dcniversitesi (DA\u00dc) Proje \u0130\u015fleri M\u00fcd\u00fcrl\u00fc\u011f\u00fc koordinasyonunda, Proje \u0130\u015fleri M\u00fcd\u00fcrl\u00fc\u011f\u00fc personeli, Peyzaj Mimar\u0131, \u00c7evre E\u011fitimi ve \u00c7evre Y\u00f6netimi Uzman\u0131 Dr. G\u00fclizar Ero\u011flu\u2019nun yaz\u0131m, ara\u015ft\u0131rma ve foto\u011fraflama \u00e7al\u0131\u015fmalar\u0131yla yaz\u0131lan kitab\u0131n, DA\u00dc\u2019n\u00fcn teknik ve akademik deste\u011fiyle, DA\u00dc kamp\u00fcs\u00fcndeki ye\u015fil doku, bitki \u00e7e\u015fitlili\u011fi ve [&hellip;]<\/p>\n","protected":false},"author":1,"featured_media":15734,"comment_status":"open","ping_status":"open","sticky":false,"template":"","format":"standard","meta":{"jnews-multi-image_gallery":[],"jnews_single_post":[],"jnews_primary_category":[],"jnews_social_meta":[],"jnews_override_counter":[],"footnotes":""},"categories":[6],"tags":[],"class_list":["post-15733","post","type-post","status-publish","format-standard","has-post-thumbnail","hentry","category-yasam"],"yoast_head":"<!-- This site is optimized with the Yoast SEO plugin v27.4 - https:\/\/yoast.com\/product\/yoast-seo-wordpress\/ -->\n<title>DA\u00dc \u201cBitki Envanteri, Do\u011fal K\u00fclt\u00fcrel De\u011ferler Projesi\u201d kitab\u0131 yay\u0131mlad\u0131 - Kuzeyin Sesi<\/title>\n<meta name=\"robots\" content=\"index, follow, max-snippet:-1, max-image-preview:large, max-video-preview:-1\" \/>\n<link rel=\"canonical\" href=\"https:\/\/kuzeyinsesi.org\/index.php\/2024\/12\/17\/dau-bitki-envanteri-dogal-kulturel-degerler-projesi-kitabi-yayimladi\/\" \/>\n<meta property=\"og:locale\" content=\"tr_TR\" \/>\n<meta property=\"og:type\" content=\"article\" \/>\n<meta property=\"og:title\" content=\"DA\u00dc \u201cBitki Envanteri, Do\u011fal K\u00fclt\u00fcrel De\u011ferler Projesi\u201d kitab\u0131 yay\u0131mlad\u0131 - Kuzeyin Sesi\" \/>\n<meta property=\"og:description\" content=\"\u201cDo\u011fu Akdeniz \u00dcniversitesi Bitki Envanteri, Do\u011fal K\u00fclt\u00fcrel De\u011ferler Projesi\u201d adl\u0131 kitab\u0131n yay\u0131mland\u0131\u011f\u0131 bildirildi. Do\u011fu Akdeniz \u00dcniversitesi (DA\u00dc) Proje \u0130\u015fleri M\u00fcd\u00fcrl\u00fc\u011f\u00fc koordinasyonunda, Proje \u0130\u015fleri M\u00fcd\u00fcrl\u00fc\u011f\u00fc personeli, Peyzaj Mimar\u0131, \u00c7evre E\u011fitimi ve \u00c7evre Y\u00f6netimi Uzman\u0131 Dr. G\u00fclizar Ero\u011flu\u2019nun yaz\u0131m, ara\u015ft\u0131rma ve foto\u011fraflama \u00e7al\u0131\u015fmalar\u0131yla yaz\u0131lan kitab\u0131n, DA\u00dc\u2019n\u00fcn teknik ve akademik deste\u011fiyle, DA\u00dc kamp\u00fcs\u00fcndeki ye\u015fil doku, bitki \u00e7e\u015fitlili\u011fi ve [&hellip;]\" \/>\n<meta property=\"og:url\" content=\"https:\/\/kuzeyinsesi.org\/index.php\/2024\/12\/17\/dau-bitki-envanteri-dogal-kulturel-degerler-projesi-kitabi-yayimladi\/\" \/>\n<meta property=\"og:site_name\" content=\"Kuzeyin Sesi\" \/>\n<meta property=\"article:publisher\" content=\"https:\/\/www.facebook.com\/kuzeyinsesii\" \/>\n<meta property=\"article:published_time\" content=\"2024-12-17T15:51:19+00:00\" \/>\n<meta property=\"og:image\" content=\"https:\/\/brtk.net\/wp-content\/uploads\/2024\/12\/17\/ojiju.jpg?ver=b1203c9f5be7aeab6fc81505b63f416a\" \/>\n<meta name=\"author\" content=\"Kuzeyin Sesi\" \/>\n<meta name=\"twitter:card\" content=\"summary_large_image\" \/>\n<meta name=\"twitter:creator\" content=\"@kuzeyinsesii\" \/>\n<meta name=\"twitter:site\" content=\"@kuzeyinsesii\" \/>\n<meta name=\"twitter:label1\" content=\"Yazan:\" \/>\n\t<meta name=\"twitter:data1\" content=\"Kuzeyin Sesi\" \/>\n\t<meta name=\"twitter:label2\" content=\"Tahmini okuma s\u00fcresi\" \/>\n\t<meta name=\"twitter:data2\" content=\"2 dakika\" \/>\n<script type=\"application\/ld+json\" class=\"yoast-schema-graph\">{\"@context\":\"https:\\\/\\\/schema.org\",\"@graph\":[{\"@type\":\"Article\",\"@id\":\"https:\\\/\\\/kuzeyinsesi.org\\\/index.php\\\/2024\\\/12\\\/17\\\/dau-bitki-envanteri-dogal-kulturel-degerler-projesi-kitabi-yayimladi\\\/#article\",\"isPartOf\":{\"@id\":\"https:\\\/\\\/kuzeyinsesi.org\\\/index.php\\\/2024\\\/12\\\/17\\\/dau-bitki-envanteri-dogal-kulturel-degerler-projesi-kitabi-yayimladi\\\/\"},\"author\":{\"name\":\"Kuzeyin Sesi\",\"@id\":\"https:\\\/\\\/kuzeyinsesi.org\\\/#\\\/schema\\\/person\\\/9f859689cdf01485597712386e37f5aa\"},\"headline\":\"DA\u00dc \u201cBitki Envanteri, Do\u011fal K\u00fclt\u00fcrel De\u011ferler Projesi\u201d kitab\u0131 yay\u0131mlad\u0131\",\"datePublished\":\"2024-12-17T15:51:19+00:00\",\"mainEntityOfPage\":{\"@id\":\"https:\\\/\\\/kuzeyinsesi.org\\\/index.php\\\/2024\\\/12\\\/17\\\/dau-bitki-envanteri-dogal-kulturel-degerler-projesi-kitabi-yayimladi\\\/\"},\"wordCount\":351,\"commentCount\":0,\"image\":{\"@id\":\"https:\\\/\\\/kuzeyinsesi.org\\\/index.php\\\/2024\\\/12\\\/17\\\/dau-bitki-envanteri-dogal-kulturel-degerler-projesi-kitabi-yayimladi\\\/#primaryimage\"},\"thumbnailUrl\":\"https:\\\/\\\/kuzeyinsesi.org\\\/wp-content\\\/uploads\\\/2024\\\/12\\\/ojiju.jpg\",\"articleSection\":[\"Ya\u015fam\"],\"inLanguage\":\"tr\",\"potentialAction\":[{\"@type\":\"CommentAction\",\"name\":\"Comment\",\"target\":[\"https:\\\/\\\/kuzeyinsesi.org\\\/index.php\\\/2024\\\/12\\\/17\\\/dau-bitki-envanteri-dogal-kulturel-degerler-projesi-kitabi-yayimladi\\\/#respond\"]}]},{\"@type\":\"WebPage\",\"@id\":\"https:\\\/\\\/kuzeyinsesi.org\\\/index.php\\\/2024\\\/12\\\/17\\\/dau-bitki-envanteri-dogal-kulturel-degerler-projesi-kitabi-yayimladi\\\/\",\"url\":\"https:\\\/\\\/kuzeyinsesi.org\\\/index.php\\\/2024\\\/12\\\/17\\\/dau-bitki-envanteri-dogal-kulturel-degerler-projesi-kitabi-yayimladi\\\/\",\"name\":\"DA\u00dc \u201cBitki Envanteri, Do\u011fal K\u00fclt\u00fcrel De\u011ferler Projesi\u201d kitab\u0131 yay\u0131mlad\u0131 - Kuzeyin Sesi\",\"isPartOf\":{\"@id\":\"https:\\\/\\\/kuzeyinsesi.org\\\/#website\"},\"primaryImageOfPage\":{\"@id\":\"https:\\\/\\\/kuzeyinsesi.org\\\/index.php\\\/2024\\\/12\\\/17\\\/dau-bitki-envanteri-dogal-kulturel-degerler-projesi-kitabi-yayimladi\\\/#primaryimage\"},\"image\":{\"@id\":\"https:\\\/\\\/kuzeyinsesi.org\\\/index.php\\\/2024\\\/12\\\/17\\\/dau-bitki-envanteri-dogal-kulturel-degerler-projesi-kitabi-yayimladi\\\/#primaryimage\"},\"thumbnailUrl\":\"https:\\\/\\\/kuzeyinsesi.org\\\/wp-content\\\/uploads\\\/2024\\\/12\\\/ojiju.jpg\",\"datePublished\":\"2024-12-17T15:51:19+00:00\",\"author\":{\"@id\":\"https:\\\/\\\/kuzeyinsesi.org\\\/#\\\/schema\\\/person\\\/9f859689cdf01485597712386e37f5aa\"},\"breadcrumb\":{\"@id\":\"https:\\\/\\\/kuzeyinsesi.org\\\/index.php\\\/2024\\\/12\\\/17\\\/dau-bitki-envanteri-dogal-kulturel-degerler-projesi-kitabi-yayimladi\\\/#breadcrumb\"},\"inLanguage\":\"tr\",\"potentialAction\":[{\"@type\":\"ReadAction\",\"target\":[\"https:\\\/\\\/kuzeyinsesi.org\\\/index.php\\\/2024\\\/12\\\/17\\\/dau-bitki-envanteri-dogal-kulturel-degerler-projesi-kitabi-yayimladi\\\/\"]}]},{\"@type\":\"ImageObject\",\"inLanguage\":\"tr\",\"@id\":\"https:\\\/\\\/kuzeyinsesi.org\\\/index.php\\\/2024\\\/12\\\/17\\\/dau-bitki-envanteri-dogal-kulturel-degerler-projesi-kitabi-yayimladi\\\/#primaryimage\",\"url\":\"https:\\\/\\\/kuzeyinsesi.org\\\/wp-content\\\/uploads\\\/2024\\\/12\\\/ojiju.jpg\",\"contentUrl\":\"https:\\\/\\\/kuzeyinsesi.org\\\/wp-content\\\/uploads\\\/2024\\\/12\\\/ojiju.jpg\",\"width\":971,\"height\":551},{\"@type\":\"BreadcrumbList\",\"@id\":\"https:\\\/\\\/kuzeyinsesi.org\\\/index.php\\\/2024\\\/12\\\/17\\\/dau-bitki-envanteri-dogal-kulturel-degerler-projesi-kitabi-yayimladi\\\/#breadcrumb\",\"itemListElement\":[{\"@type\":\"ListItem\",\"position\":1,\"name\":\"Anasayfa\",\"item\":\"https:\\\/\\\/kuzeyinsesi.org\\\/\"},{\"@type\":\"ListItem\",\"position\":2,\"name\":\"DA\u00dc \u201cBitki Envanteri, Do\u011fal K\u00fclt\u00fcrel De\u011ferler Projesi\u201d kitab\u0131 yay\u0131mlad\u0131\"}]},{\"@type\":\"WebSite\",\"@id\":\"https:\\\/\\\/kuzeyinsesi.org\\\/#website\",\"url\":\"https:\\\/\\\/kuzeyinsesi.org\\\/\",\"name\":\"Kuzeyin Sesi\",\"description\":\"Do\u011fru Haberin Adresi\",\"potentialAction\":[{\"@type\":\"SearchAction\",\"target\":{\"@type\":\"EntryPoint\",\"urlTemplate\":\"https:\\\/\\\/kuzeyinsesi.org\\\/?s={search_term_string}\"},\"query-input\":{\"@type\":\"PropertyValueSpecification\",\"valueRequired\":true,\"valueName\":\"search_term_string\"}}],\"inLanguage\":\"tr\"},{\"@type\":\"Person\",\"@id\":\"https:\\\/\\\/kuzeyinsesi.org\\\/#\\\/schema\\\/person\\\/9f859689cdf01485597712386e37f5aa\",\"name\":\"Kuzeyin Sesi\",\"image\":{\"@type\":\"ImageObject\",\"inLanguage\":\"tr\",\"@id\":\"https:\\\/\\\/secure.gravatar.com\\\/avatar\\\/bab33852abfd8b282518d6ed81826833d77c3c882d9ab608add591ccace47a44?s=96&d=mm&r=g\",\"url\":\"https:\\\/\\\/secure.gravatar.com\\\/avatar\\\/bab33852abfd8b282518d6ed81826833d77c3c882d9ab608add591ccace47a44?s=96&d=mm&r=g\",\"contentUrl\":\"https:\\\/\\\/secure.gravatar.com\\\/avatar\\\/bab33852abfd8b282518d6ed81826833d77c3c882d9ab608add591ccace47a44?s=96&d=mm&r=g\",\"caption\":\"Kuzeyin Sesi\"},\"sameAs\":[\"https:\\\/\\\/kuzeyinsesi.org\"],\"url\":\"https:\\\/\\\/kuzeyinsesi.org\\\/index.php\\\/author\\\/guven\\\/\"}]}<\/script>\n<!-- \/ Yoast SEO plugin. -->","yoast_head_json":{"title":"DA\u00dc \u201cBitki Envanteri, Do\u011fal K\u00fclt\u00fcrel De\u011ferler Projesi\u201d kitab\u0131 yay\u0131mlad\u0131 - Kuzeyin Sesi","robots":{"index":"index","follow":"follow","max-snippet":"max-snippet:-1","max-image-preview":"max-image-preview:large","max-video-preview":"max-video-preview:-1"},"canonical":"https:\/\/kuzeyinsesi.org\/index.php\/2024\/12\/17\/dau-bitki-envanteri-dogal-kulturel-degerler-projesi-kitabi-yayimladi\/","og_locale":"tr_TR","og_type":"article","og_title":"DA\u00dc \u201cBitki Envanteri, Do\u011fal K\u00fclt\u00fcrel De\u011ferler Projesi\u201d kitab\u0131 yay\u0131mlad\u0131 - Kuzeyin Sesi","og_description":"\u201cDo\u011fu Akdeniz \u00dcniversitesi Bitki Envanteri, Do\u011fal K\u00fclt\u00fcrel De\u011ferler Projesi\u201d adl\u0131 kitab\u0131n yay\u0131mland\u0131\u011f\u0131 bildirildi. Do\u011fu Akdeniz \u00dcniversitesi (DA\u00dc) Proje \u0130\u015fleri M\u00fcd\u00fcrl\u00fc\u011f\u00fc koordinasyonunda, Proje \u0130\u015fleri M\u00fcd\u00fcrl\u00fc\u011f\u00fc personeli, Peyzaj Mimar\u0131, \u00c7evre E\u011fitimi ve \u00c7evre Y\u00f6netimi Uzman\u0131 Dr. G\u00fclizar Ero\u011flu\u2019nun yaz\u0131m, ara\u015ft\u0131rma ve foto\u011fraflama \u00e7al\u0131\u015fmalar\u0131yla yaz\u0131lan kitab\u0131n, DA\u00dc\u2019n\u00fcn teknik ve akademik deste\u011fiyle, DA\u00dc kamp\u00fcs\u00fcndeki ye\u015fil doku, bitki \u00e7e\u015fitlili\u011fi ve [&hellip;]","og_url":"https:\/\/kuzeyinsesi.org\/index.php\/2024\/12\/17\/dau-bitki-envanteri-dogal-kulturel-degerler-projesi-kitabi-yayimladi\/","og_site_name":"Kuzeyin Sesi","article_publisher":"https:\/\/www.facebook.com\/kuzeyinsesii","article_published_time":"2024-12-17T15:51:19+00:00","og_image":[{"url":"https:\/\/brtk.net\/wp-content\/uploads\/2024\/12\/17\/ojiju.jpg?ver=b1203c9f5be7aeab6fc81505b63f416a","type":"","width":"","height":""}],"author":"Kuzeyin Sesi","twitter_card":"summary_large_image","twitter_creator":"@kuzeyinsesii","twitter_site":"@kuzeyinsesii","twitter_misc":{"Yazan:":"Kuzeyin Sesi","Tahmini okuma s\u00fcresi":"2 dakika"},"schema":{"@context":"https:\/\/schema.org","@graph":[{"@type":"Article","@id":"https:\/\/kuzeyinsesi.org\/index.php\/2024\/12\/17\/dau-bitki-envanteri-dogal-kulturel-degerler-projesi-kitabi-yayimladi\/#article","isPartOf":{"@id":"https:\/\/kuzeyinsesi.org\/index.php\/2024\/12\/17\/dau-bitki-envanteri-dogal-kulturel-degerler-projesi-kitabi-yayimladi\/"},"author":{"name":"Kuzeyin Sesi","@id":"https:\/\/kuzeyinsesi.org\/#\/schema\/person\/9f859689cdf01485597712386e37f5aa"},"headline":"DA\u00dc \u201cBitki Envanteri, Do\u011fal K\u00fclt\u00fcrel De\u011ferler Projesi\u201d kitab\u0131 yay\u0131mlad\u0131","datePublished":"2024-12-17T15:51:19+00:00","mainEntityOfPage":{"@id":"https:\/\/kuzeyinsesi.org\/index.php\/2024\/12\/17\/dau-bitki-envanteri-dogal-kulturel-degerler-projesi-kitabi-yayimladi\/"},"wordCount":351,"commentCount":0,"image":{"@id":"https:\/\/kuzeyinsesi.org\/index.php\/2024\/12\/17\/dau-bitki-envanteri-dogal-kulturel-degerler-projesi-kitabi-yayimladi\/#primaryimage"},"thumbnailUrl":"https:\/\/kuzeyinsesi.org\/wp-content\/uploads\/2024\/12\/ojiju.jpg","articleSection":["Ya\u015fam"],"inLanguage":"tr","potentialAction":[{"@type":"CommentAction","name":"Comment","target":["https:\/\/kuzeyinsesi.org\/index.php\/2024\/12\/17\/dau-bitki-envanteri-dogal-kulturel-degerler-projesi-kitabi-yayimladi\/#respond"]}]},{"@type":"WebPage","@id":"https:\/\/kuzeyinsesi.org\/index.php\/2024\/12\/17\/dau-bitki-envanteri-dogal-kulturel-degerler-projesi-kitabi-yayimladi\/","url":"https:\/\/kuzeyinsesi.org\/index.php\/2024\/12\/17\/dau-bitki-envanteri-dogal-kulturel-degerler-projesi-kitabi-yayimladi\/","name":"DA\u00dc \u201cBitki Envanteri, Do\u011fal K\u00fclt\u00fcrel De\u011ferler Projesi\u201d kitab\u0131 yay\u0131mlad\u0131 - Kuzeyin Sesi","isPartOf":{"@id":"https:\/\/kuzeyinsesi.org\/#website"},"primaryImageOfPage":{"@id":"https:\/\/kuzeyinsesi.org\/index.php\/2024\/12\/17\/dau-bitki-envanteri-dogal-kulturel-degerler-projesi-kitabi-yayimladi\/#primaryimage"},"image":{"@id":"https:\/\/kuzeyinsesi.org\/index.php\/2024\/12\/17\/dau-bitki-envanteri-dogal-kulturel-degerler-projesi-kitabi-yayimladi\/#primaryimage"},"thumbnailUrl":"https:\/\/kuzeyinsesi.org\/wp-content\/uploads\/2024\/12\/ojiju.jpg","datePublished":"2024-12-17T15:51:19+00:00","author":{"@id":"https:\/\/kuzeyinsesi.org\/#\/schema\/person\/9f859689cdf01485597712386e37f5aa"},"breadcrumb":{"@id":"https:\/\/kuzeyinsesi.org\/index.php\/2024\/12\/17\/dau-bitki-envanteri-dogal-kulturel-degerler-projesi-kitabi-yayimladi\/#breadcrumb"},"inLanguage":"tr","potentialAction":[{"@type":"ReadAction","target":["https:\/\/kuzeyinsesi.org\/index.php\/2024\/12\/17\/dau-bitki-envanteri-dogal-kulturel-degerler-projesi-kitabi-yayimladi\/"]}]},{"@type":"ImageObject","inLanguage":"tr","@id":"https:\/\/kuzeyinsesi.org\/index.php\/2024\/12\/17\/dau-bitki-envanteri-dogal-kulturel-degerler-projesi-kitabi-yayimladi\/#primaryimage","url":"https:\/\/kuzeyinsesi.org\/wp-content\/uploads\/2024\/12\/ojiju.jpg","contentUrl":"https:\/\/kuzeyinsesi.org\/wp-content\/uploads\/2024\/12\/ojiju.jpg","width":971,"height":551},{"@type":"BreadcrumbList","@id":"https:\/\/kuzeyinsesi.org\/index.php\/2024\/12\/17\/dau-bitki-envanteri-dogal-kulturel-degerler-projesi-kitabi-yayimladi\/#breadcrumb","itemListElement":[{"@type":"ListItem","position":1,"name":"Anasayfa","item":"https:\/\/kuzeyinsesi.org\/"},{"@type":"ListItem","position":2,"name":"DA\u00dc \u201cBitki Envanteri, Do\u011fal K\u00fclt\u00fcrel De\u011ferler Projesi\u201d kitab\u0131 yay\u0131mlad\u0131"}]},{"@type":"WebSite","@id":"https:\/\/kuzeyinsesi.org\/#website","url":"https:\/\/kuzeyinsesi.org\/","name":"Kuzeyin Sesi","description":"Do\u011fru Haberin Adresi","potentialAction":[{"@type":"SearchAction","target":{"@type":"EntryPoint","urlTemplate":"https:\/\/kuzeyinsesi.org\/?s={search_term_string}"},"query-input":{"@type":"PropertyValueSpecification","valueRequired":true,"valueName":"search_term_string"}}],"inLanguage":"tr"},{"@type":"Person","@id":"https:\/\/kuzeyinsesi.org\/#\/schema\/person\/9f859689cdf01485597712386e37f5aa","name":"Kuzeyin Sesi","image":{"@type":"ImageObject","inLanguage":"tr","@id":"https:\/\/secure.gravatar.com\/avatar\/bab33852abfd8b282518d6ed81826833d77c3c882d9ab608add591ccace47a44?s=96&d=mm&r=g","url":"https:\/\/secure.gravatar.com\/avatar\/bab33852abfd8b282518d6ed81826833d77c3c882d9ab608add591ccace47a44?s=96&d=mm&r=g","contentUrl":"https:\/\/secure.gravatar.com\/avatar\/bab33852abfd8b282518d6ed81826833d77c3c882d9ab608add591ccace47a44?s=96&d=mm&r=g","caption":"Kuzeyin Sesi"},"sameAs":["https:\/\/kuzeyinsesi.org"],"url":"https:\/\/kuzeyinsesi.org\/index.php\/author\/guven\/"}]}},"_links":{"self":[{"href":"https:\/\/kuzeyinsesi.org\/index.php\/wp-json\/wp\/v2\/posts\/15733","targetHints":{"allow":["GET"]}}],"collection":[{"href":"https:\/\/kuzeyinsesi.org\/index.php\/wp-json\/wp\/v2\/posts"}],"about":[{"href":"https:\/\/kuzeyinsesi.org\/index.php\/wp-json\/wp\/v2\/types\/post"}],"author":[{"embeddable":true,"href":"https:\/\/kuzeyinsesi.org\/index.php\/wp-json\/wp\/v2\/users\/1"}],"replies":[{"embeddable":true,"href":"https:\/\/kuzeyinsesi.org\/index.php\/wp-json\/wp\/v2\/comments?post=15733"}],"version-history":[{"count":0,"href":"https:\/\/kuzeyinsesi.org\/index.php\/wp-json\/wp\/v2\/posts\/15733\/revisions"}],"wp:featuredmedia":[{"embeddable":true,"href":"https:\/\/kuzeyinsesi.org\/index.php\/wp-json\/wp\/v2\/media\/15734"}],"wp:attachment":[{"href":"https:\/\/kuzeyinsesi.org\/index.php\/wp-json\/wp\/v2\/media?parent=15733"}],"wp:term":[{"taxonomy":"category","embeddable":true,"href":"https:\/\/kuzeyinsesi.org\/index.php\/wp-json\/wp\/v2\/categories?post=15733"},{"taxonomy":"post_tag","embeddable":true,"href":"https:\/\/kuzeyinsesi.org\/index.php\/wp-json\/wp\/v2\/tags?post=15733"}],"curies":[{"name":"wp","href":"https:\/\/api.w.org\/{rel}","templated":true}]}}