{"id":15718,"date":"2024-12-17T14:57:00","date_gmt":"2024-12-17T12:57:00","guid":{"rendered":"https:\/\/kuzeyinsesi.org\/index.php\/2024\/12\/17\/tc-cumhurbaskani-erdogan-ab-komisyonu-baskani-leyen-ile-ortak-basin-toplantisinda-konustu\/"},"modified":"2024-12-17T14:57:00","modified_gmt":"2024-12-17T12:57:00","slug":"tc-cumhurbaskani-erdogan-ab-komisyonu-baskani-leyen-ile-ortak-basin-toplantisinda-konustu","status":"publish","type":"post","link":"https:\/\/kuzeyinsesi.org\/index.php\/2024\/12\/17\/tc-cumhurbaskani-erdogan-ab-komisyonu-baskani-leyen-ile-ortak-basin-toplantisinda-konustu\/","title":{"rendered":"TC Cumhurba\u015fkan\u0131 Erdo\u011fan, AB Komisyonu Ba\u015fkan\u0131 Leyen ile ortak bas\u0131n toplant\u0131s\u0131nda konu\u015ftu"},"content":{"rendered":"<div>\n<div class=\"mariselle-image-container center\">\n                                            <\/div>\n<p> TC Cumhurba\u015fkan\u0131 Recep Tayyip Erdo\u011fan, Avrupa Birli\u011fi (AB) Komisyonu Ba\u015fkan\u0131 Ursula von der Leyen ile g\u00f6r\u00fc\u015fmelerinde Suriye\u2019nin egemenli\u011fi ile toprak b\u00fct\u00fcnl\u00fc\u011f\u00fcn\u00fcn muhafazas\u0131 ba\u015fta olmak \u00fczere kat\u0131l\u0131mc\u0131 bir idarenin tesisi noktas\u0131nda hemfikir olduklar\u0131n\u0131 g\u00f6rd\u00fc\u011f\u00fcn\u00fc bildirdi.<\/p>\n<p>TC Cumhurba\u015fkan\u0131 Erdo\u011fan ile AB Komisyonu Ba\u015fkan\u0131 von der Leyen, Cumhurba\u015fkanl\u0131\u011f\u0131 K\u00fclliyesi\u2019nde ba\u015f ba\u015fa yapt\u0131klar\u0131 g\u00f6r\u00fc\u015fmenin ard\u0131ndan ortak bas\u0131n toplant\u0131s\u0131 d\u00fczenledi.<\/p>\n<p>T\u00fcrkiye\u2019nin, AB ile \u00fcye \u00fclkelerle temaslar\u0131n\u0131n artt\u0131\u011f\u0131 bir y\u0131l\u0131n geride b\u0131rak\u0131ld\u0131\u011f\u0131n\u0131 s\u00f6yleyen Erdo\u011fan, \u201c\u00d6nce D\u0131\u015fi\u015fleri Bakan\u0131m, 5 y\u0131l aradan sonra Avrupa Birli\u011fi Gayriresmi D\u0131\u015fi\u015fleri Bakanlar\u0131 Toplant\u0131s\u0131na i\u015ftirak etti. Ard\u0131ndan bizler, Say\u0131n Ba\u015fkan von der Leyen ile Budape\u015fte\u2019de d\u00fczenlenen Avrupa Siyasi Toplulu\u011fu Zirvesinde bir araya geldik. Gerek bu g\u00f6r\u00fc\u015fmelerimizde gerek kurumlar\u0131m\u0131z aras\u0131ndaki temaslarda hep \u015funu ifade ettik, AB \u00fcyeli\u011fi T\u00fcrkiye i\u00e7in stratejik hedef olmay\u0131 s\u00fcrd\u00fcr\u00fcyor. \u00dcyeli\u011fimizin \u00fclkemize oldu\u011fu kadar birli\u011fe de \u00f6nemli katk\u0131lar yapaca\u011f\u0131 a\u00e7\u0131kt\u0131r.\u201d ifadelerini kulland\u0131.<\/p>\n<p>Son geli\u015fmelerin T\u00fcrkiye\u2019nin kilit \u00fclke konumunu daha da per\u00e7inledi\u011fini vurgulayan Cumhurba\u015fkan\u0131 Erdo\u011fan, \u201cSay\u0131n Ba\u015fkan ve heyetiyle g\u00f6r\u00fc\u015fmelerimizin \u00f6ncelikli g\u00fcndemi aram\u0131zdaki ili\u015fkileri canland\u0131rmak i\u00e7in at\u0131labilecek ortak ad\u0131mlard\u0131. T\u00fcrkiye\u2019nin \u00fcyelik perspektifini g\u00fc\u00e7lendirecek yeni bir vizyon ortaya koymalar\u0131n\u0131 bekledi\u011fimizi kendilerine ilettim. Ortak \u00e7\u0131karlar\u0131m\u0131z\u0131n baz\u0131 \u00fcyelerin k\u0131s\u0131r g\u00fcndemlerine esir edilmemesi gerekti\u011fini bir kez daha vurgulad\u0131m.\u201d dedi.<\/p>\n<p>T\u00fcrkiye\u2019nin AB ile i\u015fbirli\u011fini kazan-kazan form\u00fcl\u00fc ve kar\u015f\u0131l\u0131kl\u0131 sayg\u0131 temelinde ilerletebileceklerini s\u00f6yleyen Erdo\u011fan, \u015f\u00f6yle devam etti:<\/p>\n<p>\u201cBu minvalde Say\u0131n Ba\u015fkan\u0131n da yak\u0131n i\u015fbirli\u011fine ve diyalo\u011fa de\u011fer verdi\u011fini memnuniyetle m\u00fc\u015fahede ettim. Say\u0131n von der Leyen ile ge\u00e7ti\u011fimiz g\u00fcnlerde bir telefon g\u00f6r\u00fc\u015fmemiz olmu\u015ftu. Bu g\u00f6r\u00fc\u015fmede T\u00fcrkiye\u2019nin ve AB\u2019nin, Suriye\u2019nin istikrar\u0131na ve g\u00fcvenli\u011fine verdi\u011fi \u00f6nemin alt\u0131n\u0131 \u00e7izmi\u015ftik. Bug\u00fcnk\u00fc isti\u015farelerimizde Suriye sahas\u0131ndaki son geli\u015fmeleri detayl\u0131ca ele ald\u0131k. Suriye\u2019nin egemenli\u011fi ile toprak b\u00fct\u00fcnl\u00fc\u011f\u00fcn\u00fcn muhafazas\u0131 ba\u015fta olmak \u00fczere kat\u0131l\u0131mc\u0131 bir idarenin tesisi noktas\u0131nda hemfikir oldu\u011fumuzu g\u00f6rd\u00fcm.<\/p>\n<p>61 y\u0131ll\u0131k zulm\u00fcn, bask\u0131n\u0131n, karanl\u0131\u011f\u0131n ard\u0131ndan y\u0131k\u0131lan Baas rejimi geride kelimenin tam anlam\u0131yla b\u00fcy\u00fck bir enkaz b\u0131rakt\u0131. Yakla\u015f\u0131k 1 milyon insan\u0131 katledilmi\u015f, n\u00fcfusunun yar\u0131s\u0131 yerlerinden edilmi\u015f, 13 y\u0131ld\u0131r s\u00fcren \u00e7at\u0131\u015fmalardan bitap d\u00fc\u015fm\u00fc\u015f bir Suriye ile kar\u015f\u0131 kar\u015f\u0131yay\u0131z. Suriye halk\u0131n\u0131n bu a\u011f\u0131r y\u00fck\u00fcn alt\u0131ndan tek ba\u015f\u0131na kalkmas\u0131 m\u00fcmk\u00fcn de\u011fil. Suriye\u2019nin kom\u015fular\u0131n\u0131n, dost ve karde\u015f \u00fclkelerin, AB ile uluslararas\u0131 kurulu\u015flar\u0131n g\u00fc\u00e7l\u00fc deste\u011fiyle s\u00fcratle aya\u011fa kalkmas\u0131 laz\u0131m. Burada \u015funu \u00e7ok net ifade etmek isterim, uluslararas\u0131 toplum 13 y\u0131l boyunca katliama u\u011frarken Suriye halk\u0131na maalesef yeterli deste\u011fi vermedi, veremedi. \u015eimdi bunu telafi etmek m\u00fcmk\u00fcnd\u00fcr. Bunun yolu da Suriye\u2019nin in\u015fa ve imar \u00e7abalar\u0131na destek olmaktan ge\u00e7iyor. Bu anlay\u0131\u015fla \u015eam B\u00fcy\u00fckel\u00e7ili\u011fimizi 12,5 y\u0131ll\u0131k aran\u0131n ard\u0131ndan, cumartesi g\u00fcn\u00fc yeniden faaliyete ge\u00e7irdik.\u201d<\/p>\n<p>\u2013 \u201cT\u00fcrkiye, DEA\u015e ve PKK\u2019y\u0131 sahada bozguna u\u011fratan tek \u00fclkedir\u201d<\/p>\n<p>T\u00fcrkiye\u2019nin Suriyeli karde\u015flerinin yan\u0131nda olmaya devam edece\u011fini belirten Cumhurba\u015fkan\u0131 Erdo\u011fan, \u201cTabii bu s\u00fcre\u00e7te \u00fclkenin ter\u00f6r yuvas\u0131 olmaktan \u00e7\u0131kar\u0131lmas\u0131 gerekiyor. Gerek DEA\u015e gerekse PKK ve uzant\u0131lar\u0131yla m\u00fccadele, g\u00f6r\u00fc\u015fmemizde ele ald\u0131\u011f\u0131m\u0131z hususlar\u0131n ba\u015f\u0131nda geldi. T\u00fcrkiye, her iki ter\u00f6r \u00f6rg\u00fct\u00fcn\u00fc sahada bozguna u\u011fratan tek \u00fclkedir, yegane NATO m\u00fcttefikidir. Bu \u00f6rg\u00fctlerin palazlanmas\u0131na kesinlikle m\u00fcsaade etmeyece\u011fiz.\u201d ifadelerini kulland\u0131.<\/p>\n<p>B\u00f6lgenin gelece\u011finde ne DEA\u015e\u2019a ne PKK ve t\u00fcrevlerine yer olmad\u0131\u011f\u0131n\u0131 vurgulayan Erdo\u011fan, \u201cBiliyorsunuz, 13 y\u0131ll\u0131k bu insani buhran ve \u00e7at\u0131\u015fma d\u00f6neminde AB ile bir\u00e7ok projeyi hayata ge\u00e7irdik. Birli\u011fin, \u00fclkemizin y\u00fck\u00fcn\u00fc hafifletmek amac\u0131yla sa\u011flad\u0131\u011f\u0131 deste\u011fi, g\u00f6n\u00fcll\u00fc geri d\u00f6n\u00fc\u015fleri kolayla\u015ft\u0131rmak i\u00e7in \u00e7e\u015fitlendirmesini bekliyoruz.\u201d<\/p>\n<p>Bu deste\u011fin Suriye\u2019de temel altyap\u0131 yat\u0131r\u0131mlar\u0131n\u0131 i\u00e7erecek \u015fekilde, orta ve uzun vadeli kapsaml\u0131 ve s\u00fcrd\u00fcr\u00fclebilir olmas\u0131n\u0131n \u00e7ok m\u00fchim oldu\u011funu ifade eden Cumhurba\u015fkan\u0131 Erdo\u011fan, \u015funlar\u0131 kaydetti:<\/p>\n<p>\u201cSuriye\u2019nin kuzey b\u00f6lgelerinde bu alanda bir\u00e7ok faaliyetlerde bulunmu\u015f bir \u00fclke olarak birlikte \u00e7al\u0131\u015fmaya haz\u0131r\u0131z. G\u00f6r\u00fc\u015fmemizde Say\u0131n Ba\u015fkana \u0130srail\u2019in Gazze\u2019deki mezalimi ile b\u00f6lgedeki sald\u0131rganl\u0131\u011f\u0131na art\u0131k bir son verilmesi gerekti\u011fini de aktard\u0131m. K\u0131\u015f\u0131n gelmesiyle birlikte Gazze\u2019deki insani durum daha da k\u00f6t\u00fcle\u015fti. D\u00fcn yine bir okulun hedef al\u0131nd\u0131\u011f\u0131 menfur bir katliam daha ger\u00e7ekle\u015fti. Bundan 13 ay \u00f6nce \u2018Ruhumun ruhu\u2019 dedi\u011fi 3 ya\u015f\u0131ndaki torunu Rim\u2019i, g\u00f6zlerinden \u00f6perek cennete u\u011furlayan Halid Nebhan\u2019\u0131n d\u00fcn \u015fehit edildi\u011fini \u00f6\u011frendik. Rabb\u2019im torunuyla birlikte cenneti ve cemali ile m\u00fc\u015ferref eylesin diyorum.<\/p>\n<p>\u0130srail sald\u0131r\u0131lar\u0131nda can veren 50 bin Filistinlinin neredeyse tamam\u0131n\u0131 Rim ve dedesi gibi \u00e7ocuklar, kad\u0131nlar, ya\u015fl\u0131lar olu\u015fturuyor. Say\u0131n Ba\u015fkan ile g\u00f6r\u00fc\u015fmemizde Gazze\u2019ye insani yard\u0131mlar\u0131n ula\u015ft\u0131r\u0131lmas\u0131 ve kal\u0131c\u0131 ate\u015fkesin sa\u011flanmas\u0131n\u0131n \u00f6nemine dikkat \u00e7ektim. Avrupal\u0131 dostlar\u0131m\u0131z\u0131n, Netanyahu h\u00fck\u00fcmetine bask\u0131 yapmalar\u0131 gerekti\u011fini vurgulad\u0131m. Ukrayna\u2019da gecikmeksizin adil ve istikrarl\u0131 bar\u0131\u015f\u0131n sa\u011flanmas\u0131na y\u00f6nelik tespit ve g\u00f6r\u00fc\u015flerimizi payla\u015ft\u0131m.\u201d<\/p>\n<p>T\u00fcrkiye ve AB aras\u0131nda her zamankinden daha g\u00fc\u00e7l\u00fc ve kurumsalla\u015fm\u0131\u015f bir ili\u015fkiye ihtiya\u00e7 oldu\u011funu vurgulayan Erdo\u011fan, \u201cAday \u00fclke olarak biz bu iradeye sahibiz. AB Komisyonunun da Say\u0131n von der Leyen ile gerekli iradeyi sergileyece\u011fine inan\u0131yorum. \u0130ki g\u00fcn sonra yap\u0131lacak Birlik Zirvesi\u2019nde ili\u015fkilerdeki t\u00fcm k\u0131s\u0131tlamalar\u0131 kald\u0131racak, ask\u0131ya al\u0131nan y\u00fcksek d\u00fczeyli diyaloglar\u0131 canland\u0131racak, G\u00fcmr\u00fck Birli\u011fi\u2019nin g\u00fcncellenmesi beklentimize cevap verecek ve vize serbestisi sa\u011flanana dek vize s\u00fcre\u00e7lerini h\u0131zland\u0131racak kararlar al\u0131nmas\u0131n\u0131 temenni ediyorum. Bu vesileyle en k\u0131sa s\u00fcrede T\u00fcrkiye-Avrupa Birli\u011fi Zirvesi\u2019ni yapmak suretiyle ili\u015fkilerimizi, olmas\u0131 gereken seviyeye \u00e7\u0131karmay\u0131 \u00fcmit ediyorum.\u201d ifadelerini kulland\u0131.<\/p>\n<p>Toplant\u0131da D\u0131\u015fi\u015fleri Bakan\u0131 Hakan Fidan, \u0130\u00e7i\u015fleri Bakan\u0131 Ali Yerlikaya, Cumhurba\u015fkanl\u0131\u011f\u0131 \u0130leti\u015fim Ba\u015fkan\u0131 Fahrettin Altun, Cumhurba\u015fkanl\u0131\u011f\u0131 \u00d6zel Kalem M\u00fcd\u00fcr\u00fc ve B\u00fcy\u00fckel\u00e7i Hasan Do\u011fan, Cumhurba\u015fkan\u0131 D\u0131\u015f Politika ve G\u00fcvenlik Ba\u015fdan\u0131\u015fman\u0131 Akif \u00c7a\u011fatay K\u0131l\u0131\u00e7 da haz\u0131r bulundu.<\/p>\n<\/p><\/div>\n<p><script async\n                    defer\n                    crossorigin=\"anonymous\"\n                    src=\"https:\/\/connect.facebook.net\/tr_TR\/sdk.js#xfbml=1&#038;version=v3.3\"\n            ><\/script><\/p>\n","protected":false},"excerpt":{"rendered":"<p>TC Cumhurba\u015fkan\u0131 Recep Tayyip Erdo\u011fan, Avrupa Birli\u011fi (AB) Komisyonu Ba\u015fkan\u0131 Ursula von der Leyen ile g\u00f6r\u00fc\u015fmelerinde Suriye\u2019nin egemenli\u011fi ile toprak b\u00fct\u00fcnl\u00fc\u011f\u00fcn\u00fcn muhafazas\u0131 ba\u015fta olmak \u00fczere kat\u0131l\u0131mc\u0131 bir idarenin tesisi noktas\u0131nda hemfikir olduklar\u0131n\u0131 g\u00f6rd\u00fc\u011f\u00fcn\u00fc bildirdi. TC Cumhurba\u015fkan\u0131 Erdo\u011fan ile AB Komisyonu Ba\u015fkan\u0131 von der Leyen, Cumhurba\u015fkanl\u0131\u011f\u0131 K\u00fclliyesi\u2019nde ba\u015f ba\u015fa yapt\u0131klar\u0131 g\u00f6r\u00fc\u015fmenin ard\u0131ndan ortak bas\u0131n toplant\u0131s\u0131 d\u00fczenledi. [&hellip;]<\/p>\n","protected":false},"author":1,"featured_media":15719,"comment_status":"open","ping_status":"open","sticky":false,"template":"","format":"standard","meta":{"jnews-multi-image_gallery":[],"jnews_single_post":[],"jnews_primary_category":[],"jnews_social_meta":[],"jnews_override_counter":[],"footnotes":""},"categories":[5],"tags":[],"class_list":["post-15718","post","type-post","status-publish","format-standard","has-post-thumbnail","hentry","category-turkiye"],"yoast_head":"<!-- This site is optimized with the Yoast SEO plugin v27.4 - https:\/\/yoast.com\/product\/yoast-seo-wordpress\/ -->\n<title>TC Cumhurba\u015fkan\u0131 Erdo\u011fan, AB Komisyonu Ba\u015fkan\u0131 Leyen ile ortak bas\u0131n toplant\u0131s\u0131nda konu\u015ftu - Kuzeyin Sesi<\/title>\n<meta name=\"robots\" content=\"index, follow, max-snippet:-1, max-image-preview:large, max-video-preview:-1\" \/>\n<link rel=\"canonical\" href=\"https:\/\/kuzeyinsesi.org\/index.php\/2024\/12\/17\/tc-cumhurbaskani-erdogan-ab-komisyonu-baskani-leyen-ile-ortak-basin-toplantisinda-konustu\/\" \/>\n<meta property=\"og:locale\" content=\"tr_TR\" \/>\n<meta property=\"og:type\" content=\"article\" \/>\n<meta property=\"og:title\" content=\"TC Cumhurba\u015fkan\u0131 Erdo\u011fan, AB Komisyonu Ba\u015fkan\u0131 Leyen ile ortak bas\u0131n toplant\u0131s\u0131nda konu\u015ftu - Kuzeyin Sesi\" \/>\n<meta property=\"og:description\" content=\"TC Cumhurba\u015fkan\u0131 Recep Tayyip Erdo\u011fan, Avrupa Birli\u011fi (AB) Komisyonu Ba\u015fkan\u0131 Ursula von der Leyen ile g\u00f6r\u00fc\u015fmelerinde Suriye\u2019nin egemenli\u011fi ile toprak b\u00fct\u00fcnl\u00fc\u011f\u00fcn\u00fcn muhafazas\u0131 ba\u015fta olmak \u00fczere kat\u0131l\u0131mc\u0131 bir idarenin tesisi noktas\u0131nda hemfikir olduklar\u0131n\u0131 g\u00f6rd\u00fc\u011f\u00fcn\u00fc bildirdi. TC Cumhurba\u015fkan\u0131 Erdo\u011fan ile AB Komisyonu Ba\u015fkan\u0131 von der Leyen, Cumhurba\u015fkanl\u0131\u011f\u0131 K\u00fclliyesi\u2019nde ba\u015f ba\u015fa yapt\u0131klar\u0131 g\u00f6r\u00fc\u015fmenin ard\u0131ndan ortak bas\u0131n toplant\u0131s\u0131 d\u00fczenledi. [&hellip;]\" \/>\n<meta property=\"og:url\" content=\"https:\/\/kuzeyinsesi.org\/index.php\/2024\/12\/17\/tc-cumhurbaskani-erdogan-ab-komisyonu-baskani-leyen-ile-ortak-basin-toplantisinda-konustu\/\" \/>\n<meta property=\"og:site_name\" content=\"Kuzeyin Sesi\" \/>\n<meta property=\"article:publisher\" content=\"https:\/\/www.facebook.com\/kuzeyinsesii\" \/>\n<meta property=\"article:published_time\" content=\"2024-12-17T12:57:00+00:00\" \/>\n<meta property=\"og:image\" content=\"https:\/\/brtk.net\/wp-content\/uploads\/2024\/12\/17\/fkasflksa.jpg?ver=3882078de2520fdc39304ec8f956cb48\" \/>\n<meta name=\"author\" content=\"Kuzeyin Sesi\" \/>\n<meta name=\"twitter:card\" content=\"summary_large_image\" \/>\n<meta name=\"twitter:creator\" content=\"@kuzeyinsesii\" \/>\n<meta name=\"twitter:site\" content=\"@kuzeyinsesii\" \/>\n<meta name=\"twitter:label1\" content=\"Yazan:\" \/>\n\t<meta name=\"twitter:data1\" content=\"Kuzeyin Sesi\" \/>\n\t<meta name=\"twitter:label2\" content=\"Tahmini okuma s\u00fcresi\" \/>\n\t<meta name=\"twitter:data2\" content=\"6 dakika\" \/>\n<script type=\"application\/ld+json\" class=\"yoast-schema-graph\">{\"@context\":\"https:\\\/\\\/schema.org\",\"@graph\":[{\"@type\":\"Article\",\"@id\":\"https:\\\/\\\/kuzeyinsesi.org\\\/index.php\\\/2024\\\/12\\\/17\\\/tc-cumhurbaskani-erdogan-ab-komisyonu-baskani-leyen-ile-ortak-basin-toplantisinda-konustu\\\/#article\",\"isPartOf\":{\"@id\":\"https:\\\/\\\/kuzeyinsesi.org\\\/index.php\\\/2024\\\/12\\\/17\\\/tc-cumhurbaskani-erdogan-ab-komisyonu-baskani-leyen-ile-ortak-basin-toplantisinda-konustu\\\/\"},\"author\":{\"name\":\"Kuzeyin Sesi\",\"@id\":\"https:\\\/\\\/kuzeyinsesi.org\\\/#\\\/schema\\\/person\\\/9f859689cdf01485597712386e37f5aa\"},\"headline\":\"TC Cumhurba\u015fkan\u0131 Erdo\u011fan, AB Komisyonu Ba\u015fkan\u0131 Leyen ile ortak bas\u0131n toplant\u0131s\u0131nda konu\u015ftu\",\"datePublished\":\"2024-12-17T12:57:00+00:00\",\"mainEntityOfPage\":{\"@id\":\"https:\\\/\\\/kuzeyinsesi.org\\\/index.php\\\/2024\\\/12\\\/17\\\/tc-cumhurbaskani-erdogan-ab-komisyonu-baskani-leyen-ile-ortak-basin-toplantisinda-konustu\\\/\"},\"wordCount\":1213,\"commentCount\":0,\"image\":{\"@id\":\"https:\\\/\\\/kuzeyinsesi.org\\\/index.php\\\/2024\\\/12\\\/17\\\/tc-cumhurbaskani-erdogan-ab-komisyonu-baskani-leyen-ile-ortak-basin-toplantisinda-konustu\\\/#primaryimage\"},\"thumbnailUrl\":\"https:\\\/\\\/kuzeyinsesi.org\\\/wp-content\\\/uploads\\\/2024\\\/12\\\/fkasflksa.jpg\",\"articleSection\":[\"T\u00fcrkiye\"],\"inLanguage\":\"tr\",\"potentialAction\":[{\"@type\":\"CommentAction\",\"name\":\"Comment\",\"target\":[\"https:\\\/\\\/kuzeyinsesi.org\\\/index.php\\\/2024\\\/12\\\/17\\\/tc-cumhurbaskani-erdogan-ab-komisyonu-baskani-leyen-ile-ortak-basin-toplantisinda-konustu\\\/#respond\"]}]},{\"@type\":\"WebPage\",\"@id\":\"https:\\\/\\\/kuzeyinsesi.org\\\/index.php\\\/2024\\\/12\\\/17\\\/tc-cumhurbaskani-erdogan-ab-komisyonu-baskani-leyen-ile-ortak-basin-toplantisinda-konustu\\\/\",\"url\":\"https:\\\/\\\/kuzeyinsesi.org\\\/index.php\\\/2024\\\/12\\\/17\\\/tc-cumhurbaskani-erdogan-ab-komisyonu-baskani-leyen-ile-ortak-basin-toplantisinda-konustu\\\/\",\"name\":\"TC Cumhurba\u015fkan\u0131 Erdo\u011fan, AB Komisyonu Ba\u015fkan\u0131 Leyen ile ortak bas\u0131n toplant\u0131s\u0131nda konu\u015ftu - Kuzeyin Sesi\",\"isPartOf\":{\"@id\":\"https:\\\/\\\/kuzeyinsesi.org\\\/#website\"},\"primaryImageOfPage\":{\"@id\":\"https:\\\/\\\/kuzeyinsesi.org\\\/index.php\\\/2024\\\/12\\\/17\\\/tc-cumhurbaskani-erdogan-ab-komisyonu-baskani-leyen-ile-ortak-basin-toplantisinda-konustu\\\/#primaryimage\"},\"image\":{\"@id\":\"https:\\\/\\\/kuzeyinsesi.org\\\/index.php\\\/2024\\\/12\\\/17\\\/tc-cumhurbaskani-erdogan-ab-komisyonu-baskani-leyen-ile-ortak-basin-toplantisinda-konustu\\\/#primaryimage\"},\"thumbnailUrl\":\"https:\\\/\\\/kuzeyinsesi.org\\\/wp-content\\\/uploads\\\/2024\\\/12\\\/fkasflksa.jpg\",\"datePublished\":\"2024-12-17T12:57:00+00:00\",\"author\":{\"@id\":\"https:\\\/\\\/kuzeyinsesi.org\\\/#\\\/schema\\\/person\\\/9f859689cdf01485597712386e37f5aa\"},\"breadcrumb\":{\"@id\":\"https:\\\/\\\/kuzeyinsesi.org\\\/index.php\\\/2024\\\/12\\\/17\\\/tc-cumhurbaskani-erdogan-ab-komisyonu-baskani-leyen-ile-ortak-basin-toplantisinda-konustu\\\/#breadcrumb\"},\"inLanguage\":\"tr\",\"potentialAction\":[{\"@type\":\"ReadAction\",\"target\":[\"https:\\\/\\\/kuzeyinsesi.org\\\/index.php\\\/2024\\\/12\\\/17\\\/tc-cumhurbaskani-erdogan-ab-komisyonu-baskani-leyen-ile-ortak-basin-toplantisinda-konustu\\\/\"]}]},{\"@type\":\"ImageObject\",\"inLanguage\":\"tr\",\"@id\":\"https:\\\/\\\/kuzeyinsesi.org\\\/index.php\\\/2024\\\/12\\\/17\\\/tc-cumhurbaskani-erdogan-ab-komisyonu-baskani-leyen-ile-ortak-basin-toplantisinda-konustu\\\/#primaryimage\",\"url\":\"https:\\\/\\\/kuzeyinsesi.org\\\/wp-content\\\/uploads\\\/2024\\\/12\\\/fkasflksa.jpg\",\"contentUrl\":\"https:\\\/\\\/kuzeyinsesi.org\\\/wp-content\\\/uploads\\\/2024\\\/12\\\/fkasflksa.jpg\",\"width\":1280,\"height\":720},{\"@type\":\"BreadcrumbList\",\"@id\":\"https:\\\/\\\/kuzeyinsesi.org\\\/index.php\\\/2024\\\/12\\\/17\\\/tc-cumhurbaskani-erdogan-ab-komisyonu-baskani-leyen-ile-ortak-basin-toplantisinda-konustu\\\/#breadcrumb\",\"itemListElement\":[{\"@type\":\"ListItem\",\"position\":1,\"name\":\"Anasayfa\",\"item\":\"https:\\\/\\\/kuzeyinsesi.org\\\/\"},{\"@type\":\"ListItem\",\"position\":2,\"name\":\"TC Cumhurba\u015fkan\u0131 Erdo\u011fan, AB Komisyonu Ba\u015fkan\u0131 Leyen ile ortak bas\u0131n toplant\u0131s\u0131nda konu\u015ftu\"}]},{\"@type\":\"WebSite\",\"@id\":\"https:\\\/\\\/kuzeyinsesi.org\\\/#website\",\"url\":\"https:\\\/\\\/kuzeyinsesi.org\\\/\",\"name\":\"Kuzeyin Sesi\",\"description\":\"Do\u011fru Haberin Adresi\",\"potentialAction\":[{\"@type\":\"SearchAction\",\"target\":{\"@type\":\"EntryPoint\",\"urlTemplate\":\"https:\\\/\\\/kuzeyinsesi.org\\\/?s={search_term_string}\"},\"query-input\":{\"@type\":\"PropertyValueSpecification\",\"valueRequired\":true,\"valueName\":\"search_term_string\"}}],\"inLanguage\":\"tr\"},{\"@type\":\"Person\",\"@id\":\"https:\\\/\\\/kuzeyinsesi.org\\\/#\\\/schema\\\/person\\\/9f859689cdf01485597712386e37f5aa\",\"name\":\"Kuzeyin Sesi\",\"image\":{\"@type\":\"ImageObject\",\"inLanguage\":\"tr\",\"@id\":\"https:\\\/\\\/secure.gravatar.com\\\/avatar\\\/bab33852abfd8b282518d6ed81826833d77c3c882d9ab608add591ccace47a44?s=96&d=mm&r=g\",\"url\":\"https:\\\/\\\/secure.gravatar.com\\\/avatar\\\/bab33852abfd8b282518d6ed81826833d77c3c882d9ab608add591ccace47a44?s=96&d=mm&r=g\",\"contentUrl\":\"https:\\\/\\\/secure.gravatar.com\\\/avatar\\\/bab33852abfd8b282518d6ed81826833d77c3c882d9ab608add591ccace47a44?s=96&d=mm&r=g\",\"caption\":\"Kuzeyin Sesi\"},\"sameAs\":[\"https:\\\/\\\/kuzeyinsesi.org\"],\"url\":\"https:\\\/\\\/kuzeyinsesi.org\\\/index.php\\\/author\\\/guven\\\/\"}]}<\/script>\n<!-- \/ Yoast SEO plugin. -->","yoast_head_json":{"title":"TC Cumhurba\u015fkan\u0131 Erdo\u011fan, AB Komisyonu Ba\u015fkan\u0131 Leyen ile ortak bas\u0131n toplant\u0131s\u0131nda konu\u015ftu - Kuzeyin Sesi","robots":{"index":"index","follow":"follow","max-snippet":"max-snippet:-1","max-image-preview":"max-image-preview:large","max-video-preview":"max-video-preview:-1"},"canonical":"https:\/\/kuzeyinsesi.org\/index.php\/2024\/12\/17\/tc-cumhurbaskani-erdogan-ab-komisyonu-baskani-leyen-ile-ortak-basin-toplantisinda-konustu\/","og_locale":"tr_TR","og_type":"article","og_title":"TC Cumhurba\u015fkan\u0131 Erdo\u011fan, AB Komisyonu Ba\u015fkan\u0131 Leyen ile ortak bas\u0131n toplant\u0131s\u0131nda konu\u015ftu - Kuzeyin Sesi","og_description":"TC Cumhurba\u015fkan\u0131 Recep Tayyip Erdo\u011fan, Avrupa Birli\u011fi (AB) Komisyonu Ba\u015fkan\u0131 Ursula von der Leyen ile g\u00f6r\u00fc\u015fmelerinde Suriye\u2019nin egemenli\u011fi ile toprak b\u00fct\u00fcnl\u00fc\u011f\u00fcn\u00fcn muhafazas\u0131 ba\u015fta olmak \u00fczere kat\u0131l\u0131mc\u0131 bir idarenin tesisi noktas\u0131nda hemfikir olduklar\u0131n\u0131 g\u00f6rd\u00fc\u011f\u00fcn\u00fc bildirdi. TC Cumhurba\u015fkan\u0131 Erdo\u011fan ile AB Komisyonu Ba\u015fkan\u0131 von der Leyen, Cumhurba\u015fkanl\u0131\u011f\u0131 K\u00fclliyesi\u2019nde ba\u015f ba\u015fa yapt\u0131klar\u0131 g\u00f6r\u00fc\u015fmenin ard\u0131ndan ortak bas\u0131n toplant\u0131s\u0131 d\u00fczenledi. [&hellip;]","og_url":"https:\/\/kuzeyinsesi.org\/index.php\/2024\/12\/17\/tc-cumhurbaskani-erdogan-ab-komisyonu-baskani-leyen-ile-ortak-basin-toplantisinda-konustu\/","og_site_name":"Kuzeyin Sesi","article_publisher":"https:\/\/www.facebook.com\/kuzeyinsesii","article_published_time":"2024-12-17T12:57:00+00:00","og_image":[{"url":"https:\/\/brtk.net\/wp-content\/uploads\/2024\/12\/17\/fkasflksa.jpg?ver=3882078de2520fdc39304ec8f956cb48","type":"","width":"","height":""}],"author":"Kuzeyin Sesi","twitter_card":"summary_large_image","twitter_creator":"@kuzeyinsesii","twitter_site":"@kuzeyinsesii","twitter_misc":{"Yazan:":"Kuzeyin Sesi","Tahmini okuma s\u00fcresi":"6 dakika"},"schema":{"@context":"https:\/\/schema.org","@graph":[{"@type":"Article","@id":"https:\/\/kuzeyinsesi.org\/index.php\/2024\/12\/17\/tc-cumhurbaskani-erdogan-ab-komisyonu-baskani-leyen-ile-ortak-basin-toplantisinda-konustu\/#article","isPartOf":{"@id":"https:\/\/kuzeyinsesi.org\/index.php\/2024\/12\/17\/tc-cumhurbaskani-erdogan-ab-komisyonu-baskani-leyen-ile-ortak-basin-toplantisinda-konustu\/"},"author":{"name":"Kuzeyin Sesi","@id":"https:\/\/kuzeyinsesi.org\/#\/schema\/person\/9f859689cdf01485597712386e37f5aa"},"headline":"TC Cumhurba\u015fkan\u0131 Erdo\u011fan, AB Komisyonu Ba\u015fkan\u0131 Leyen ile ortak bas\u0131n toplant\u0131s\u0131nda konu\u015ftu","datePublished":"2024-12-17T12:57:00+00:00","mainEntityOfPage":{"@id":"https:\/\/kuzeyinsesi.org\/index.php\/2024\/12\/17\/tc-cumhurbaskani-erdogan-ab-komisyonu-baskani-leyen-ile-ortak-basin-toplantisinda-konustu\/"},"wordCount":1213,"commentCount":0,"image":{"@id":"https:\/\/kuzeyinsesi.org\/index.php\/2024\/12\/17\/tc-cumhurbaskani-erdogan-ab-komisyonu-baskani-leyen-ile-ortak-basin-toplantisinda-konustu\/#primaryimage"},"thumbnailUrl":"https:\/\/kuzeyinsesi.org\/wp-content\/uploads\/2024\/12\/fkasflksa.jpg","articleSection":["T\u00fcrkiye"],"inLanguage":"tr","potentialAction":[{"@type":"CommentAction","name":"Comment","target":["https:\/\/kuzeyinsesi.org\/index.php\/2024\/12\/17\/tc-cumhurbaskani-erdogan-ab-komisyonu-baskani-leyen-ile-ortak-basin-toplantisinda-konustu\/#respond"]}]},{"@type":"WebPage","@id":"https:\/\/kuzeyinsesi.org\/index.php\/2024\/12\/17\/tc-cumhurbaskani-erdogan-ab-komisyonu-baskani-leyen-ile-ortak-basin-toplantisinda-konustu\/","url":"https:\/\/kuzeyinsesi.org\/index.php\/2024\/12\/17\/tc-cumhurbaskani-erdogan-ab-komisyonu-baskani-leyen-ile-ortak-basin-toplantisinda-konustu\/","name":"TC Cumhurba\u015fkan\u0131 Erdo\u011fan, AB Komisyonu Ba\u015fkan\u0131 Leyen ile ortak bas\u0131n toplant\u0131s\u0131nda konu\u015ftu - Kuzeyin Sesi","isPartOf":{"@id":"https:\/\/kuzeyinsesi.org\/#website"},"primaryImageOfPage":{"@id":"https:\/\/kuzeyinsesi.org\/index.php\/2024\/12\/17\/tc-cumhurbaskani-erdogan-ab-komisyonu-baskani-leyen-ile-ortak-basin-toplantisinda-konustu\/#primaryimage"},"image":{"@id":"https:\/\/kuzeyinsesi.org\/index.php\/2024\/12\/17\/tc-cumhurbaskani-erdogan-ab-komisyonu-baskani-leyen-ile-ortak-basin-toplantisinda-konustu\/#primaryimage"},"thumbnailUrl":"https:\/\/kuzeyinsesi.org\/wp-content\/uploads\/2024\/12\/fkasflksa.jpg","datePublished":"2024-12-17T12:57:00+00:00","author":{"@id":"https:\/\/kuzeyinsesi.org\/#\/schema\/person\/9f859689cdf01485597712386e37f5aa"},"breadcrumb":{"@id":"https:\/\/kuzeyinsesi.org\/index.php\/2024\/12\/17\/tc-cumhurbaskani-erdogan-ab-komisyonu-baskani-leyen-ile-ortak-basin-toplantisinda-konustu\/#breadcrumb"},"inLanguage":"tr","potentialAction":[{"@type":"ReadAction","target":["https:\/\/kuzeyinsesi.org\/index.php\/2024\/12\/17\/tc-cumhurbaskani-erdogan-ab-komisyonu-baskani-leyen-ile-ortak-basin-toplantisinda-konustu\/"]}]},{"@type":"ImageObject","inLanguage":"tr","@id":"https:\/\/kuzeyinsesi.org\/index.php\/2024\/12\/17\/tc-cumhurbaskani-erdogan-ab-komisyonu-baskani-leyen-ile-ortak-basin-toplantisinda-konustu\/#primaryimage","url":"https:\/\/kuzeyinsesi.org\/wp-content\/uploads\/2024\/12\/fkasflksa.jpg","contentUrl":"https:\/\/kuzeyinsesi.org\/wp-content\/uploads\/2024\/12\/fkasflksa.jpg","width":1280,"height":720},{"@type":"BreadcrumbList","@id":"https:\/\/kuzeyinsesi.org\/index.php\/2024\/12\/17\/tc-cumhurbaskani-erdogan-ab-komisyonu-baskani-leyen-ile-ortak-basin-toplantisinda-konustu\/#breadcrumb","itemListElement":[{"@type":"ListItem","position":1,"name":"Anasayfa","item":"https:\/\/kuzeyinsesi.org\/"},{"@type":"ListItem","position":2,"name":"TC Cumhurba\u015fkan\u0131 Erdo\u011fan, AB Komisyonu Ba\u015fkan\u0131 Leyen ile ortak bas\u0131n toplant\u0131s\u0131nda konu\u015ftu"}]},{"@type":"WebSite","@id":"https:\/\/kuzeyinsesi.org\/#website","url":"https:\/\/kuzeyinsesi.org\/","name":"Kuzeyin Sesi","description":"Do\u011fru Haberin Adresi","potentialAction":[{"@type":"SearchAction","target":{"@type":"EntryPoint","urlTemplate":"https:\/\/kuzeyinsesi.org\/?s={search_term_string}"},"query-input":{"@type":"PropertyValueSpecification","valueRequired":true,"valueName":"search_term_string"}}],"inLanguage":"tr"},{"@type":"Person","@id":"https:\/\/kuzeyinsesi.org\/#\/schema\/person\/9f859689cdf01485597712386e37f5aa","name":"Kuzeyin Sesi","image":{"@type":"ImageObject","inLanguage":"tr","@id":"https:\/\/secure.gravatar.com\/avatar\/bab33852abfd8b282518d6ed81826833d77c3c882d9ab608add591ccace47a44?s=96&d=mm&r=g","url":"https:\/\/secure.gravatar.com\/avatar\/bab33852abfd8b282518d6ed81826833d77c3c882d9ab608add591ccace47a44?s=96&d=mm&r=g","contentUrl":"https:\/\/secure.gravatar.com\/avatar\/bab33852abfd8b282518d6ed81826833d77c3c882d9ab608add591ccace47a44?s=96&d=mm&r=g","caption":"Kuzeyin Sesi"},"sameAs":["https:\/\/kuzeyinsesi.org"],"url":"https:\/\/kuzeyinsesi.org\/index.php\/author\/guven\/"}]}},"_links":{"self":[{"href":"https:\/\/kuzeyinsesi.org\/index.php\/wp-json\/wp\/v2\/posts\/15718","targetHints":{"allow":["GET"]}}],"collection":[{"href":"https:\/\/kuzeyinsesi.org\/index.php\/wp-json\/wp\/v2\/posts"}],"about":[{"href":"https:\/\/kuzeyinsesi.org\/index.php\/wp-json\/wp\/v2\/types\/post"}],"author":[{"embeddable":true,"href":"https:\/\/kuzeyinsesi.org\/index.php\/wp-json\/wp\/v2\/users\/1"}],"replies":[{"embeddable":true,"href":"https:\/\/kuzeyinsesi.org\/index.php\/wp-json\/wp\/v2\/comments?post=15718"}],"version-history":[{"count":0,"href":"https:\/\/kuzeyinsesi.org\/index.php\/wp-json\/wp\/v2\/posts\/15718\/revisions"}],"wp:featuredmedia":[{"embeddable":true,"href":"https:\/\/kuzeyinsesi.org\/index.php\/wp-json\/wp\/v2\/media\/15719"}],"wp:attachment":[{"href":"https:\/\/kuzeyinsesi.org\/index.php\/wp-json\/wp\/v2\/media?parent=15718"}],"wp:term":[{"taxonomy":"category","embeddable":true,"href":"https:\/\/kuzeyinsesi.org\/index.php\/wp-json\/wp\/v2\/categories?post=15718"},{"taxonomy":"post_tag","embeddable":true,"href":"https:\/\/kuzeyinsesi.org\/index.php\/wp-json\/wp\/v2\/tags?post=15718"}],"curies":[{"name":"wp","href":"https:\/\/api.w.org\/{rel}","templated":true}]}}