{"id":15710,"date":"2024-12-17T13:41:31","date_gmt":"2024-12-17T11:41:31","guid":{"rendered":"https:\/\/kuzeyinsesi.org\/index.php\/2024\/12\/17\/lbo-ile-evans-konseri-lefkosada-yapildi\/"},"modified":"2024-12-17T13:41:31","modified_gmt":"2024-12-17T11:41:31","slug":"lbo-ile-evans-konseri-lefkosada-yapildi","status":"publish","type":"post","link":"https:\/\/kuzeyinsesi.org\/index.php\/2024\/12\/17\/lbo-ile-evans-konseri-lefkosada-yapildi\/","title":{"rendered":"LBO ile Evan\u2019s konseri Lefko\u015fa\u2019da yap\u0131ld\u0131"},"content":{"rendered":"<div>\n<div class=\"mariselle-image-container center\">\n                                            <\/div>\n<p>Lefko\u015fa Belediye Orkestras\u0131\u2019n\u0131n d\u00fczenledi\u011fi Evan\u2019s Konseri, Rauf Denkta\u015f \u00dcniversitesi K\u00fclt\u00fcr Merkezi\u2019nde dinleyicilerle bulu\u015ftu.<\/p>\n<p>LTB\u2019den verilen bilgiye g\u00f6re, \u015eef Oskay Hoca y\u00f6netiminde ger\u00e7ekle\u015fen konser, solistler Mehmet Evan ve Ahmet Evan\u2019\u0131n performanslar\u0131yla be\u011feni toplad\u0131. Konserde, d\u00fcnya m\u00fczi\u011finden se\u00e7ilmi\u015f par\u00e7alar seslendirildi.<\/p>\n<p>D\u00fcetler b\u00f6l\u00fcm\u00fcnde Frank Sinatra\u2019dan \u201cMy Way\u201d, James Brown\u2019dan \u201cIt\u2019s a Man\u2019s Man\u2019s World\u201d, Jose Feliciano\u2019dan \u201cGypsy\u201d, Tom Jones\u2019tan \u201cDelilah\u201d ve Louis Armstrong\u2019dan \u201cWhat a Wonderful World\u201d gibi klasik eserler dinleyicilere sunuldu.<\/p>\n<p>Mehmet Evan\u2019\u0131n solo performanslar\u0131 aras\u0131nda Billy Joel\u2019in \u201cJust the Way You Are\u201d, Tracy Chapman\u2019\u0131n \u201cBaby Can I Hold You\u201d, Deep Purple\u2019\u0131n \u201cSoldier of Fortune\u201d ve sanat\u00e7\u0131n\u0131n kendi bestesi olan \u201cHayat\u201d \u015fark\u0131s\u0131 yer ald\u0131.<\/p>\n<p>Ahmet Evan ise Frank Sinatra\u2019n\u0131n \u201cNew York, New York\u201d, Dennis Edwards\u2019\u0131n \u201cDon\u2019t Look Any Further\u201d, Michael Bubl\u00e9\u2019nin \u201cFeeling Good\u201d ve kendi bestesi olan \u201cEn G\u00fczel Hikayem\u201d eserlerini yorumlad\u0131.<\/p>\n<p>Konserin finalinde, Tom Jones\u2019un efsanevi \u015fark\u0131s\u0131 \u201cSex Bomb\u201d seslendirildi.<\/p>\n<p>Lefko\u015fa T\u00fcrk Belediyesi (LTB) Ba\u015fkan\u0131 Mehmet Harmanc\u0131, y\u0131llard\u0131r sahnelerden dinlenen SOS grubunun solisti Mehmet Evan ile o\u011flu solist Ahmet Evan\u2019\u0131n ayn\u0131 sahnede yer almas\u0131n\u0131n herkesi heyecanland\u0131rd\u0131\u011f\u0131n\u0131 s\u00f6yledi.<\/p>\n<p>Harmanc\u0131, 2025 y\u0131l\u0131 i\u00e7in bar\u0131\u015f dolu bir ba\u015flang\u0131\u00e7 temennisinde bulunarak, \u201cYeni y\u0131l umar\u0131m hepimiz i\u00e7in g\u00fczel ge\u00e7er. Sava\u015f kalmas\u0131n ve bar\u0131\u015fla 2025\u2019e merhaba diyelim.\u201d ifadelerini kulland\u0131.<\/p>\n<p>\u201cLefko\u015fa Belediyesi Orkestras\u0131, \u00fclkedeki kamusal sanat\u0131n lokomotifi konumundad\u0131r. Onlara ayr\u0131ca te\u015fekk\u00fcr ediyorum.\u201d diyen Harmanc\u0131, orkestran\u0131n kamusal anlamda \u00e7ok b\u00fcy\u00fck bir g\u00f6rev \u00fcstlendi\u011fini belirtti.<\/p>\n<\/p><\/div>\n<p><script async\n                    defer\n                    crossorigin=\"anonymous\"\n                    src=\"https:\/\/connect.facebook.net\/tr_TR\/sdk.js#xfbml=1&#038;version=v3.3\"\n            ><\/script><\/p>\n","protected":false},"excerpt":{"rendered":"<p>Lefko\u015fa Belediye Orkestras\u0131\u2019n\u0131n d\u00fczenledi\u011fi Evan\u2019s Konseri, Rauf Denkta\u015f \u00dcniversitesi K\u00fclt\u00fcr Merkezi\u2019nde dinleyicilerle bulu\u015ftu. LTB\u2019den verilen bilgiye g\u00f6re, \u015eef Oskay Hoca y\u00f6netiminde ger\u00e7ekle\u015fen konser, solistler Mehmet Evan ve Ahmet Evan\u2019\u0131n performanslar\u0131yla be\u011feni toplad\u0131. Konserde, d\u00fcnya m\u00fczi\u011finden se\u00e7ilmi\u015f par\u00e7alar seslendirildi. D\u00fcetler b\u00f6l\u00fcm\u00fcnde Frank Sinatra\u2019dan \u201cMy Way\u201d, James Brown\u2019dan \u201cIt\u2019s a Man\u2019s Man\u2019s World\u201d, Jose Feliciano\u2019dan \u201cGypsy\u201d, Tom [&hellip;]<\/p>\n","protected":false},"author":1,"featured_media":15711,"comment_status":"open","ping_status":"open","sticky":false,"template":"","format":"standard","meta":{"jnews-multi-image_gallery":[],"jnews_single_post":[],"jnews_primary_category":[],"jnews_social_meta":[],"jnews_override_counter":[],"footnotes":""},"categories":[6],"tags":[],"class_list":["post-15710","post","type-post","status-publish","format-standard","has-post-thumbnail","hentry","category-yasam"],"yoast_head":"<!-- This site is optimized with the Yoast SEO plugin v27.4 - https:\/\/yoast.com\/product\/yoast-seo-wordpress\/ -->\n<title>LBO ile Evan\u2019s konseri Lefko\u015fa\u2019da yap\u0131ld\u0131 - Kuzeyin Sesi<\/title>\n<meta name=\"robots\" content=\"index, follow, max-snippet:-1, max-image-preview:large, max-video-preview:-1\" \/>\n<link rel=\"canonical\" href=\"https:\/\/kuzeyinsesi.org\/index.php\/2024\/12\/17\/lbo-ile-evans-konseri-lefkosada-yapildi\/\" \/>\n<meta property=\"og:locale\" content=\"tr_TR\" \/>\n<meta property=\"og:type\" content=\"article\" \/>\n<meta property=\"og:title\" content=\"LBO ile Evan\u2019s konseri Lefko\u015fa\u2019da yap\u0131ld\u0131 - Kuzeyin Sesi\" \/>\n<meta property=\"og:description\" content=\"Lefko\u015fa Belediye Orkestras\u0131\u2019n\u0131n d\u00fczenledi\u011fi Evan\u2019s Konseri, Rauf Denkta\u015f \u00dcniversitesi K\u00fclt\u00fcr Merkezi\u2019nde dinleyicilerle bulu\u015ftu. LTB\u2019den verilen bilgiye g\u00f6re, \u015eef Oskay Hoca y\u00f6netiminde ger\u00e7ekle\u015fen konser, solistler Mehmet Evan ve Ahmet Evan\u2019\u0131n performanslar\u0131yla be\u011feni toplad\u0131. Konserde, d\u00fcnya m\u00fczi\u011finden se\u00e7ilmi\u015f par\u00e7alar seslendirildi. D\u00fcetler b\u00f6l\u00fcm\u00fcnde Frank Sinatra\u2019dan \u201cMy Way\u201d, James Brown\u2019dan \u201cIt\u2019s a Man\u2019s Man\u2019s World\u201d, Jose Feliciano\u2019dan \u201cGypsy\u201d, Tom [&hellip;]\" \/>\n<meta property=\"og:url\" content=\"https:\/\/kuzeyinsesi.org\/index.php\/2024\/12\/17\/lbo-ile-evans-konseri-lefkosada-yapildi\/\" \/>\n<meta property=\"og:site_name\" content=\"Kuzeyin Sesi\" \/>\n<meta property=\"article:publisher\" content=\"https:\/\/www.facebook.com\/kuzeyinsesii\" \/>\n<meta property=\"article:published_time\" content=\"2024-12-17T11:41:31+00:00\" \/>\n<meta property=\"og:image\" content=\"https:\/\/brtk.net\/wp-content\/uploads\/2024\/12\/17\/1734430015058LBO-EVANS-KONSER-14-4.jpeg?ver=dcc5c45785af0980e8b020250d890079\" \/>\n<meta name=\"author\" content=\"Kuzeyin Sesi\" \/>\n<meta name=\"twitter:card\" content=\"summary_large_image\" \/>\n<meta name=\"twitter:creator\" content=\"@kuzeyinsesii\" \/>\n<meta name=\"twitter:site\" content=\"@kuzeyinsesii\" \/>\n<meta name=\"twitter:label1\" content=\"Yazan:\" \/>\n\t<meta name=\"twitter:data1\" content=\"Kuzeyin Sesi\" \/>\n\t<meta name=\"twitter:label2\" content=\"Tahmini okuma s\u00fcresi\" \/>\n\t<meta name=\"twitter:data2\" content=\"1 dakika\" \/>\n<script type=\"application\/ld+json\" class=\"yoast-schema-graph\">{\"@context\":\"https:\\\/\\\/schema.org\",\"@graph\":[{\"@type\":\"Article\",\"@id\":\"https:\\\/\\\/kuzeyinsesi.org\\\/index.php\\\/2024\\\/12\\\/17\\\/lbo-ile-evans-konseri-lefkosada-yapildi\\\/#article\",\"isPartOf\":{\"@id\":\"https:\\\/\\\/kuzeyinsesi.org\\\/index.php\\\/2024\\\/12\\\/17\\\/lbo-ile-evans-konseri-lefkosada-yapildi\\\/\"},\"author\":{\"name\":\"Kuzeyin Sesi\",\"@id\":\"https:\\\/\\\/kuzeyinsesi.org\\\/#\\\/schema\\\/person\\\/9f859689cdf01485597712386e37f5aa\"},\"headline\":\"LBO ile Evan\u2019s konseri Lefko\u015fa\u2019da yap\u0131ld\u0131\",\"datePublished\":\"2024-12-17T11:41:31+00:00\",\"mainEntityOfPage\":{\"@id\":\"https:\\\/\\\/kuzeyinsesi.org\\\/index.php\\\/2024\\\/12\\\/17\\\/lbo-ile-evans-konseri-lefkosada-yapildi\\\/\"},\"wordCount\":308,\"commentCount\":0,\"image\":{\"@id\":\"https:\\\/\\\/kuzeyinsesi.org\\\/index.php\\\/2024\\\/12\\\/17\\\/lbo-ile-evans-konseri-lefkosada-yapildi\\\/#primaryimage\"},\"thumbnailUrl\":\"https:\\\/\\\/kuzeyinsesi.org\\\/wp-content\\\/uploads\\\/2024\\\/12\\\/1734430015058LBO-EVANS-KONSER-14-4.jpeg\",\"articleSection\":[\"Ya\u015fam\"],\"inLanguage\":\"tr\",\"potentialAction\":[{\"@type\":\"CommentAction\",\"name\":\"Comment\",\"target\":[\"https:\\\/\\\/kuzeyinsesi.org\\\/index.php\\\/2024\\\/12\\\/17\\\/lbo-ile-evans-konseri-lefkosada-yapildi\\\/#respond\"]}]},{\"@type\":\"WebPage\",\"@id\":\"https:\\\/\\\/kuzeyinsesi.org\\\/index.php\\\/2024\\\/12\\\/17\\\/lbo-ile-evans-konseri-lefkosada-yapildi\\\/\",\"url\":\"https:\\\/\\\/kuzeyinsesi.org\\\/index.php\\\/2024\\\/12\\\/17\\\/lbo-ile-evans-konseri-lefkosada-yapildi\\\/\",\"name\":\"LBO ile Evan\u2019s konseri Lefko\u015fa\u2019da yap\u0131ld\u0131 - Kuzeyin Sesi\",\"isPartOf\":{\"@id\":\"https:\\\/\\\/kuzeyinsesi.org\\\/#website\"},\"primaryImageOfPage\":{\"@id\":\"https:\\\/\\\/kuzeyinsesi.org\\\/index.php\\\/2024\\\/12\\\/17\\\/lbo-ile-evans-konseri-lefkosada-yapildi\\\/#primaryimage\"},\"image\":{\"@id\":\"https:\\\/\\\/kuzeyinsesi.org\\\/index.php\\\/2024\\\/12\\\/17\\\/lbo-ile-evans-konseri-lefkosada-yapildi\\\/#primaryimage\"},\"thumbnailUrl\":\"https:\\\/\\\/kuzeyinsesi.org\\\/wp-content\\\/uploads\\\/2024\\\/12\\\/1734430015058LBO-EVANS-KONSER-14-4.jpeg\",\"datePublished\":\"2024-12-17T11:41:31+00:00\",\"author\":{\"@id\":\"https:\\\/\\\/kuzeyinsesi.org\\\/#\\\/schema\\\/person\\\/9f859689cdf01485597712386e37f5aa\"},\"breadcrumb\":{\"@id\":\"https:\\\/\\\/kuzeyinsesi.org\\\/index.php\\\/2024\\\/12\\\/17\\\/lbo-ile-evans-konseri-lefkosada-yapildi\\\/#breadcrumb\"},\"inLanguage\":\"tr\",\"potentialAction\":[{\"@type\":\"ReadAction\",\"target\":[\"https:\\\/\\\/kuzeyinsesi.org\\\/index.php\\\/2024\\\/12\\\/17\\\/lbo-ile-evans-konseri-lefkosada-yapildi\\\/\"]}]},{\"@type\":\"ImageObject\",\"inLanguage\":\"tr\",\"@id\":\"https:\\\/\\\/kuzeyinsesi.org\\\/index.php\\\/2024\\\/12\\\/17\\\/lbo-ile-evans-konseri-lefkosada-yapildi\\\/#primaryimage\",\"url\":\"https:\\\/\\\/kuzeyinsesi.org\\\/wp-content\\\/uploads\\\/2024\\\/12\\\/1734430015058LBO-EVANS-KONSER-14-4.jpeg\",\"contentUrl\":\"https:\\\/\\\/kuzeyinsesi.org\\\/wp-content\\\/uploads\\\/2024\\\/12\\\/1734430015058LBO-EVANS-KONSER-14-4.jpeg\",\"width\":1600,\"height\":1068},{\"@type\":\"BreadcrumbList\",\"@id\":\"https:\\\/\\\/kuzeyinsesi.org\\\/index.php\\\/2024\\\/12\\\/17\\\/lbo-ile-evans-konseri-lefkosada-yapildi\\\/#breadcrumb\",\"itemListElement\":[{\"@type\":\"ListItem\",\"position\":1,\"name\":\"Anasayfa\",\"item\":\"https:\\\/\\\/kuzeyinsesi.org\\\/\"},{\"@type\":\"ListItem\",\"position\":2,\"name\":\"LBO ile Evan\u2019s konseri Lefko\u015fa\u2019da yap\u0131ld\u0131\"}]},{\"@type\":\"WebSite\",\"@id\":\"https:\\\/\\\/kuzeyinsesi.org\\\/#website\",\"url\":\"https:\\\/\\\/kuzeyinsesi.org\\\/\",\"name\":\"Kuzeyin Sesi\",\"description\":\"Do\u011fru Haberin Adresi\",\"potentialAction\":[{\"@type\":\"SearchAction\",\"target\":{\"@type\":\"EntryPoint\",\"urlTemplate\":\"https:\\\/\\\/kuzeyinsesi.org\\\/?s={search_term_string}\"},\"query-input\":{\"@type\":\"PropertyValueSpecification\",\"valueRequired\":true,\"valueName\":\"search_term_string\"}}],\"inLanguage\":\"tr\"},{\"@type\":\"Person\",\"@id\":\"https:\\\/\\\/kuzeyinsesi.org\\\/#\\\/schema\\\/person\\\/9f859689cdf01485597712386e37f5aa\",\"name\":\"Kuzeyin Sesi\",\"image\":{\"@type\":\"ImageObject\",\"inLanguage\":\"tr\",\"@id\":\"https:\\\/\\\/secure.gravatar.com\\\/avatar\\\/bab33852abfd8b282518d6ed81826833d77c3c882d9ab608add591ccace47a44?s=96&d=mm&r=g\",\"url\":\"https:\\\/\\\/secure.gravatar.com\\\/avatar\\\/bab33852abfd8b282518d6ed81826833d77c3c882d9ab608add591ccace47a44?s=96&d=mm&r=g\",\"contentUrl\":\"https:\\\/\\\/secure.gravatar.com\\\/avatar\\\/bab33852abfd8b282518d6ed81826833d77c3c882d9ab608add591ccace47a44?s=96&d=mm&r=g\",\"caption\":\"Kuzeyin Sesi\"},\"sameAs\":[\"https:\\\/\\\/kuzeyinsesi.org\"],\"url\":\"https:\\\/\\\/kuzeyinsesi.org\\\/index.php\\\/author\\\/guven\\\/\"}]}<\/script>\n<!-- \/ Yoast SEO plugin. -->","yoast_head_json":{"title":"LBO ile Evan\u2019s konseri Lefko\u015fa\u2019da yap\u0131ld\u0131 - Kuzeyin Sesi","robots":{"index":"index","follow":"follow","max-snippet":"max-snippet:-1","max-image-preview":"max-image-preview:large","max-video-preview":"max-video-preview:-1"},"canonical":"https:\/\/kuzeyinsesi.org\/index.php\/2024\/12\/17\/lbo-ile-evans-konseri-lefkosada-yapildi\/","og_locale":"tr_TR","og_type":"article","og_title":"LBO ile Evan\u2019s konseri Lefko\u015fa\u2019da yap\u0131ld\u0131 - Kuzeyin Sesi","og_description":"Lefko\u015fa Belediye Orkestras\u0131\u2019n\u0131n d\u00fczenledi\u011fi Evan\u2019s Konseri, Rauf Denkta\u015f \u00dcniversitesi K\u00fclt\u00fcr Merkezi\u2019nde dinleyicilerle bulu\u015ftu. LTB\u2019den verilen bilgiye g\u00f6re, \u015eef Oskay Hoca y\u00f6netiminde ger\u00e7ekle\u015fen konser, solistler Mehmet Evan ve Ahmet Evan\u2019\u0131n performanslar\u0131yla be\u011feni toplad\u0131. Konserde, d\u00fcnya m\u00fczi\u011finden se\u00e7ilmi\u015f par\u00e7alar seslendirildi. D\u00fcetler b\u00f6l\u00fcm\u00fcnde Frank Sinatra\u2019dan \u201cMy Way\u201d, James Brown\u2019dan \u201cIt\u2019s a Man\u2019s Man\u2019s World\u201d, Jose Feliciano\u2019dan \u201cGypsy\u201d, Tom [&hellip;]","og_url":"https:\/\/kuzeyinsesi.org\/index.php\/2024\/12\/17\/lbo-ile-evans-konseri-lefkosada-yapildi\/","og_site_name":"Kuzeyin Sesi","article_publisher":"https:\/\/www.facebook.com\/kuzeyinsesii","article_published_time":"2024-12-17T11:41:31+00:00","og_image":[{"url":"https:\/\/brtk.net\/wp-content\/uploads\/2024\/12\/17\/1734430015058LBO-EVANS-KONSER-14-4.jpeg?ver=dcc5c45785af0980e8b020250d890079","type":"","width":"","height":""}],"author":"Kuzeyin Sesi","twitter_card":"summary_large_image","twitter_creator":"@kuzeyinsesii","twitter_site":"@kuzeyinsesii","twitter_misc":{"Yazan:":"Kuzeyin Sesi","Tahmini okuma s\u00fcresi":"1 dakika"},"schema":{"@context":"https:\/\/schema.org","@graph":[{"@type":"Article","@id":"https:\/\/kuzeyinsesi.org\/index.php\/2024\/12\/17\/lbo-ile-evans-konseri-lefkosada-yapildi\/#article","isPartOf":{"@id":"https:\/\/kuzeyinsesi.org\/index.php\/2024\/12\/17\/lbo-ile-evans-konseri-lefkosada-yapildi\/"},"author":{"name":"Kuzeyin Sesi","@id":"https:\/\/kuzeyinsesi.org\/#\/schema\/person\/9f859689cdf01485597712386e37f5aa"},"headline":"LBO ile Evan\u2019s konseri Lefko\u015fa\u2019da yap\u0131ld\u0131","datePublished":"2024-12-17T11:41:31+00:00","mainEntityOfPage":{"@id":"https:\/\/kuzeyinsesi.org\/index.php\/2024\/12\/17\/lbo-ile-evans-konseri-lefkosada-yapildi\/"},"wordCount":308,"commentCount":0,"image":{"@id":"https:\/\/kuzeyinsesi.org\/index.php\/2024\/12\/17\/lbo-ile-evans-konseri-lefkosada-yapildi\/#primaryimage"},"thumbnailUrl":"https:\/\/kuzeyinsesi.org\/wp-content\/uploads\/2024\/12\/1734430015058LBO-EVANS-KONSER-14-4.jpeg","articleSection":["Ya\u015fam"],"inLanguage":"tr","potentialAction":[{"@type":"CommentAction","name":"Comment","target":["https:\/\/kuzeyinsesi.org\/index.php\/2024\/12\/17\/lbo-ile-evans-konseri-lefkosada-yapildi\/#respond"]}]},{"@type":"WebPage","@id":"https:\/\/kuzeyinsesi.org\/index.php\/2024\/12\/17\/lbo-ile-evans-konseri-lefkosada-yapildi\/","url":"https:\/\/kuzeyinsesi.org\/index.php\/2024\/12\/17\/lbo-ile-evans-konseri-lefkosada-yapildi\/","name":"LBO ile Evan\u2019s konseri Lefko\u015fa\u2019da yap\u0131ld\u0131 - Kuzeyin Sesi","isPartOf":{"@id":"https:\/\/kuzeyinsesi.org\/#website"},"primaryImageOfPage":{"@id":"https:\/\/kuzeyinsesi.org\/index.php\/2024\/12\/17\/lbo-ile-evans-konseri-lefkosada-yapildi\/#primaryimage"},"image":{"@id":"https:\/\/kuzeyinsesi.org\/index.php\/2024\/12\/17\/lbo-ile-evans-konseri-lefkosada-yapildi\/#primaryimage"},"thumbnailUrl":"https:\/\/kuzeyinsesi.org\/wp-content\/uploads\/2024\/12\/1734430015058LBO-EVANS-KONSER-14-4.jpeg","datePublished":"2024-12-17T11:41:31+00:00","author":{"@id":"https:\/\/kuzeyinsesi.org\/#\/schema\/person\/9f859689cdf01485597712386e37f5aa"},"breadcrumb":{"@id":"https:\/\/kuzeyinsesi.org\/index.php\/2024\/12\/17\/lbo-ile-evans-konseri-lefkosada-yapildi\/#breadcrumb"},"inLanguage":"tr","potentialAction":[{"@type":"ReadAction","target":["https:\/\/kuzeyinsesi.org\/index.php\/2024\/12\/17\/lbo-ile-evans-konseri-lefkosada-yapildi\/"]}]},{"@type":"ImageObject","inLanguage":"tr","@id":"https:\/\/kuzeyinsesi.org\/index.php\/2024\/12\/17\/lbo-ile-evans-konseri-lefkosada-yapildi\/#primaryimage","url":"https:\/\/kuzeyinsesi.org\/wp-content\/uploads\/2024\/12\/1734430015058LBO-EVANS-KONSER-14-4.jpeg","contentUrl":"https:\/\/kuzeyinsesi.org\/wp-content\/uploads\/2024\/12\/1734430015058LBO-EVANS-KONSER-14-4.jpeg","width":1600,"height":1068},{"@type":"BreadcrumbList","@id":"https:\/\/kuzeyinsesi.org\/index.php\/2024\/12\/17\/lbo-ile-evans-konseri-lefkosada-yapildi\/#breadcrumb","itemListElement":[{"@type":"ListItem","position":1,"name":"Anasayfa","item":"https:\/\/kuzeyinsesi.org\/"},{"@type":"ListItem","position":2,"name":"LBO ile Evan\u2019s konseri Lefko\u015fa\u2019da yap\u0131ld\u0131"}]},{"@type":"WebSite","@id":"https:\/\/kuzeyinsesi.org\/#website","url":"https:\/\/kuzeyinsesi.org\/","name":"Kuzeyin Sesi","description":"Do\u011fru Haberin Adresi","potentialAction":[{"@type":"SearchAction","target":{"@type":"EntryPoint","urlTemplate":"https:\/\/kuzeyinsesi.org\/?s={search_term_string}"},"query-input":{"@type":"PropertyValueSpecification","valueRequired":true,"valueName":"search_term_string"}}],"inLanguage":"tr"},{"@type":"Person","@id":"https:\/\/kuzeyinsesi.org\/#\/schema\/person\/9f859689cdf01485597712386e37f5aa","name":"Kuzeyin Sesi","image":{"@type":"ImageObject","inLanguage":"tr","@id":"https:\/\/secure.gravatar.com\/avatar\/bab33852abfd8b282518d6ed81826833d77c3c882d9ab608add591ccace47a44?s=96&d=mm&r=g","url":"https:\/\/secure.gravatar.com\/avatar\/bab33852abfd8b282518d6ed81826833d77c3c882d9ab608add591ccace47a44?s=96&d=mm&r=g","contentUrl":"https:\/\/secure.gravatar.com\/avatar\/bab33852abfd8b282518d6ed81826833d77c3c882d9ab608add591ccace47a44?s=96&d=mm&r=g","caption":"Kuzeyin Sesi"},"sameAs":["https:\/\/kuzeyinsesi.org"],"url":"https:\/\/kuzeyinsesi.org\/index.php\/author\/guven\/"}]}},"_links":{"self":[{"href":"https:\/\/kuzeyinsesi.org\/index.php\/wp-json\/wp\/v2\/posts\/15710","targetHints":{"allow":["GET"]}}],"collection":[{"href":"https:\/\/kuzeyinsesi.org\/index.php\/wp-json\/wp\/v2\/posts"}],"about":[{"href":"https:\/\/kuzeyinsesi.org\/index.php\/wp-json\/wp\/v2\/types\/post"}],"author":[{"embeddable":true,"href":"https:\/\/kuzeyinsesi.org\/index.php\/wp-json\/wp\/v2\/users\/1"}],"replies":[{"embeddable":true,"href":"https:\/\/kuzeyinsesi.org\/index.php\/wp-json\/wp\/v2\/comments?post=15710"}],"version-history":[{"count":0,"href":"https:\/\/kuzeyinsesi.org\/index.php\/wp-json\/wp\/v2\/posts\/15710\/revisions"}],"wp:featuredmedia":[{"embeddable":true,"href":"https:\/\/kuzeyinsesi.org\/index.php\/wp-json\/wp\/v2\/media\/15711"}],"wp:attachment":[{"href":"https:\/\/kuzeyinsesi.org\/index.php\/wp-json\/wp\/v2\/media?parent=15710"}],"wp:term":[{"taxonomy":"category","embeddable":true,"href":"https:\/\/kuzeyinsesi.org\/index.php\/wp-json\/wp\/v2\/categories?post=15710"},{"taxonomy":"post_tag","embeddable":true,"href":"https:\/\/kuzeyinsesi.org\/index.php\/wp-json\/wp\/v2\/tags?post=15710"}],"curies":[{"name":"wp","href":"https:\/\/api.w.org\/{rel}","templated":true}]}}