{"id":15694,"date":"2024-12-17T10:37:43","date_gmt":"2024-12-17T08:37:43","guid":{"rendered":"https:\/\/kuzeyinsesi.org\/index.php\/2024\/12\/17\/manisadan-rauf-denktasa-vefa\/"},"modified":"2024-12-17T10:37:43","modified_gmt":"2024-12-17T08:37:43","slug":"manisadan-rauf-denktasa-vefa","status":"publish","type":"post","link":"https:\/\/kuzeyinsesi.org\/index.php\/2024\/12\/17\/manisadan-rauf-denktasa-vefa\/","title":{"rendered":"Manisa\u2019dan Rauf Denkta\u015f\u2019a vefa\u2026"},"content":{"rendered":"<div>\n<div class=\"mariselle-image-container center\">\n                                            <\/div>\n<p>Salihli Foto\u011fraf Derne\u011fi (SALFOD) taraf\u0131ndan Kuzey K\u0131br\u0131s T\u00fcrk Cumhuriyeti\u2019nin (KKTC) kurucusu ve ilk Cumhurba\u015fkan\u0131 Rauf Denkta\u015f ad\u0131na d\u00fczenlenen turlu foto\u011fraf yar\u0131\u015fmas\u0131nda 33 foto\u011fraf\u00e7\u0131n\u0131n ba\u015far\u0131 elde etti\u011fi bildirildi.<\/p>\n<p>Manisa\u2019n\u0131n Salihli il\u00e7esinde foto\u011fraf alan\u0131nda yapm\u0131\u015f oldu\u011fu faaliyetlerle tan\u0131nan Salihli Foto\u011fraf Derne\u011fi\u2019nin (SALFOD) KKTC\u2019nin kurucusu ve ilk Cumhurba\u015fkan\u0131 Rauf Raif Denkta\u015f ad\u0131na d\u00fczenlemi\u015f oldu\u011fu foto\u011fraf yar\u0131\u015fmas\u0131n\u0131n ilk turu sonu\u00e7land\u0131.<\/p>\n<p> Yar\u0131\u015fmaya T\u00fcrkiye\u2019nin \u00e7e\u015fitli b\u00f6lgelerinden kat\u0131lan foto\u011fraf\u00e7\u0131lar sunumlar\u0131yla yar\u0131\u015fmada ba\u015far\u0131l\u0131 olmaya \u00e7al\u0131\u015ft\u0131.<\/p>\n<p> Turlu bir yar\u0131\u015fma olan Rauf Raif Denkta\u015f kupas\u0131 bu y\u0131l birinci turunu tamamlarken, ba\u015far\u0131l\u0131 olan 33 kat\u0131l\u0131mc\u0131, ikinci tura sunum g\u00f6nderme hakk\u0131na sahip oldu.<\/p>\n<p> Salihli Foto\u011fraf Derne\u011fi Ba\u015fkan\u0131 Mustafa D\u00f6nmez, yar\u0131\u015fman\u0131n geleneksel hale getirilece\u011fini ve \u00e7ok uzun y\u0131llar devam ettirilece\u011fini kaydederek yar\u0131\u015fmada ba\u015far\u0131 g\u00f6steren foto\u011fraf\u00e7\u0131lar\u0131 tebrik etti.<\/p>\n<p><strong>-Serdar Denkta\u015f j\u00fcride\u2026<\/strong><\/p>\n<p> Rauf Denkta\u015f\u2019\u0131n o\u011flu Serdar Denkta\u015f\u2019\u0131n da j\u00fcride bulundu\u011fu yar\u0131\u015fmada, Marmara \u00dcniversitesi G\u00fczel Sanatlar Fak\u00fcltesi Dekan\u0131 Prof. Dr. Emre \u0130kizler, T\u00fcrkiye Foto\u011fraf Sanat\u0131 Federasyonu Ba\u015fkan\u0131 Dr. Sefa Ulukan, Salihli Foto\u011fraf Derne\u011fi Ba\u015fkan\u0131 Mustafa D\u00f6nmez, Foto\u011fraf Sanat\u00e7\u0131s\u0131 Erdem Arif Yi\u011fit, Foto\u011fraf Sanat\u00e7\u0131s\u0131 Erkan Din ve Foto\u011fraf Sanat\u00e7\u0131s\u0131 Lale \u00c7akt\u0131 da j\u00fcride yer ald\u0131.<\/p>\n<\/p><\/div>\n<p><script async\n                    defer\n                    crossorigin=\"anonymous\"\n                    src=\"https:\/\/connect.facebook.net\/tr_TR\/sdk.js#xfbml=1&#038;version=v3.3\"\n            ><\/script><\/p>\n","protected":false},"excerpt":{"rendered":"<p>Salihli Foto\u011fraf Derne\u011fi (SALFOD) taraf\u0131ndan Kuzey K\u0131br\u0131s T\u00fcrk Cumhuriyeti\u2019nin (KKTC) kurucusu ve ilk Cumhurba\u015fkan\u0131 Rauf Denkta\u015f ad\u0131na d\u00fczenlenen turlu foto\u011fraf yar\u0131\u015fmas\u0131nda 33 foto\u011fraf\u00e7\u0131n\u0131n ba\u015far\u0131 elde etti\u011fi bildirildi. Manisa\u2019n\u0131n Salihli il\u00e7esinde foto\u011fraf alan\u0131nda yapm\u0131\u015f oldu\u011fu faaliyetlerle tan\u0131nan Salihli Foto\u011fraf Derne\u011fi\u2019nin (SALFOD) KKTC\u2019nin kurucusu ve ilk Cumhurba\u015fkan\u0131 Rauf Raif Denkta\u015f ad\u0131na d\u00fczenlemi\u015f oldu\u011fu foto\u011fraf yar\u0131\u015fmas\u0131n\u0131n ilk turu [&hellip;]<\/p>\n","protected":false},"author":1,"featured_media":15695,"comment_status":"open","ping_status":"open","sticky":false,"template":"","format":"standard","meta":{"jnews-multi-image_gallery":[],"jnews_single_post":[],"jnews_primary_category":[],"jnews_social_meta":[],"jnews_override_counter":[],"footnotes":""},"categories":[6],"tags":[],"class_list":["post-15694","post","type-post","status-publish","format-standard","has-post-thumbnail","hentry","category-yasam"],"yoast_head":"<!-- This site is optimized with the Yoast SEO plugin v27.4 - https:\/\/yoast.com\/product\/yoast-seo-wordpress\/ -->\n<title>Manisa\u2019dan Rauf Denkta\u015f\u2019a vefa\u2026 - Kuzeyin Sesi<\/title>\n<meta name=\"robots\" content=\"index, follow, max-snippet:-1, max-image-preview:large, max-video-preview:-1\" \/>\n<link rel=\"canonical\" href=\"https:\/\/kuzeyinsesi.org\/index.php\/2024\/12\/17\/manisadan-rauf-denktasa-vefa\/\" \/>\n<meta property=\"og:locale\" content=\"tr_TR\" \/>\n<meta property=\"og:type\" content=\"article\" \/>\n<meta property=\"og:title\" content=\"Manisa\u2019dan Rauf Denkta\u015f\u2019a vefa\u2026 - Kuzeyin Sesi\" \/>\n<meta property=\"og:description\" content=\"Salihli Foto\u011fraf Derne\u011fi (SALFOD) taraf\u0131ndan Kuzey K\u0131br\u0131s T\u00fcrk Cumhuriyeti\u2019nin (KKTC) kurucusu ve ilk Cumhurba\u015fkan\u0131 Rauf Denkta\u015f ad\u0131na d\u00fczenlenen turlu foto\u011fraf yar\u0131\u015fmas\u0131nda 33 foto\u011fraf\u00e7\u0131n\u0131n ba\u015far\u0131 elde etti\u011fi bildirildi. Manisa\u2019n\u0131n Salihli il\u00e7esinde foto\u011fraf alan\u0131nda yapm\u0131\u015f oldu\u011fu faaliyetlerle tan\u0131nan Salihli Foto\u011fraf Derne\u011fi\u2019nin (SALFOD) KKTC\u2019nin kurucusu ve ilk Cumhurba\u015fkan\u0131 Rauf Raif Denkta\u015f ad\u0131na d\u00fczenlemi\u015f oldu\u011fu foto\u011fraf yar\u0131\u015fmas\u0131n\u0131n ilk turu [&hellip;]\" \/>\n<meta property=\"og:url\" content=\"https:\/\/kuzeyinsesi.org\/index.php\/2024\/12\/17\/manisadan-rauf-denktasa-vefa\/\" \/>\n<meta property=\"og:site_name\" content=\"Kuzeyin Sesi\" \/>\n<meta property=\"article:publisher\" content=\"https:\/\/www.facebook.com\/kuzeyinsesii\" \/>\n<meta property=\"article:published_time\" content=\"2024-12-17T08:37:43+00:00\" \/>\n<meta property=\"og:image\" content=\"https:\/\/brtk.net\/wp-content\/uploads\/2024\/12\/17\/mansal.jpg?ver=7c16e28ac58e9dbdc754c710b585f024\" \/>\n<meta name=\"author\" content=\"Kuzeyin Sesi\" \/>\n<meta name=\"twitter:card\" content=\"summary_large_image\" \/>\n<meta name=\"twitter:creator\" content=\"@kuzeyinsesii\" \/>\n<meta name=\"twitter:site\" content=\"@kuzeyinsesii\" \/>\n<meta name=\"twitter:label1\" content=\"Yazan:\" \/>\n\t<meta name=\"twitter:data1\" content=\"Kuzeyin Sesi\" \/>\n\t<meta name=\"twitter:label2\" content=\"Tahmini okuma s\u00fcresi\" \/>\n\t<meta name=\"twitter:data2\" content=\"1 dakika\" \/>\n<script type=\"application\/ld+json\" class=\"yoast-schema-graph\">{\"@context\":\"https:\\\/\\\/schema.org\",\"@graph\":[{\"@type\":\"Article\",\"@id\":\"https:\\\/\\\/kuzeyinsesi.org\\\/index.php\\\/2024\\\/12\\\/17\\\/manisadan-rauf-denktasa-vefa\\\/#article\",\"isPartOf\":{\"@id\":\"https:\\\/\\\/kuzeyinsesi.org\\\/index.php\\\/2024\\\/12\\\/17\\\/manisadan-rauf-denktasa-vefa\\\/\"},\"author\":{\"name\":\"Kuzeyin Sesi\",\"@id\":\"https:\\\/\\\/kuzeyinsesi.org\\\/#\\\/schema\\\/person\\\/9f859689cdf01485597712386e37f5aa\"},\"headline\":\"Manisa\u2019dan Rauf Denkta\u015f\u2019a vefa\u2026\",\"datePublished\":\"2024-12-17T08:37:43+00:00\",\"mainEntityOfPage\":{\"@id\":\"https:\\\/\\\/kuzeyinsesi.org\\\/index.php\\\/2024\\\/12\\\/17\\\/manisadan-rauf-denktasa-vefa\\\/\"},\"wordCount\":269,\"commentCount\":0,\"image\":{\"@id\":\"https:\\\/\\\/kuzeyinsesi.org\\\/index.php\\\/2024\\\/12\\\/17\\\/manisadan-rauf-denktasa-vefa\\\/#primaryimage\"},\"thumbnailUrl\":\"https:\\\/\\\/kuzeyinsesi.org\\\/wp-content\\\/uploads\\\/2024\\\/12\\\/mansal.jpg\",\"articleSection\":[\"Ya\u015fam\"],\"inLanguage\":\"tr\",\"potentialAction\":[{\"@type\":\"CommentAction\",\"name\":\"Comment\",\"target\":[\"https:\\\/\\\/kuzeyinsesi.org\\\/index.php\\\/2024\\\/12\\\/17\\\/manisadan-rauf-denktasa-vefa\\\/#respond\"]}]},{\"@type\":\"WebPage\",\"@id\":\"https:\\\/\\\/kuzeyinsesi.org\\\/index.php\\\/2024\\\/12\\\/17\\\/manisadan-rauf-denktasa-vefa\\\/\",\"url\":\"https:\\\/\\\/kuzeyinsesi.org\\\/index.php\\\/2024\\\/12\\\/17\\\/manisadan-rauf-denktasa-vefa\\\/\",\"name\":\"Manisa\u2019dan Rauf Denkta\u015f\u2019a vefa\u2026 - Kuzeyin Sesi\",\"isPartOf\":{\"@id\":\"https:\\\/\\\/kuzeyinsesi.org\\\/#website\"},\"primaryImageOfPage\":{\"@id\":\"https:\\\/\\\/kuzeyinsesi.org\\\/index.php\\\/2024\\\/12\\\/17\\\/manisadan-rauf-denktasa-vefa\\\/#primaryimage\"},\"image\":{\"@id\":\"https:\\\/\\\/kuzeyinsesi.org\\\/index.php\\\/2024\\\/12\\\/17\\\/manisadan-rauf-denktasa-vefa\\\/#primaryimage\"},\"thumbnailUrl\":\"https:\\\/\\\/kuzeyinsesi.org\\\/wp-content\\\/uploads\\\/2024\\\/12\\\/mansal.jpg\",\"datePublished\":\"2024-12-17T08:37:43+00:00\",\"author\":{\"@id\":\"https:\\\/\\\/kuzeyinsesi.org\\\/#\\\/schema\\\/person\\\/9f859689cdf01485597712386e37f5aa\"},\"breadcrumb\":{\"@id\":\"https:\\\/\\\/kuzeyinsesi.org\\\/index.php\\\/2024\\\/12\\\/17\\\/manisadan-rauf-denktasa-vefa\\\/#breadcrumb\"},\"inLanguage\":\"tr\",\"potentialAction\":[{\"@type\":\"ReadAction\",\"target\":[\"https:\\\/\\\/kuzeyinsesi.org\\\/index.php\\\/2024\\\/12\\\/17\\\/manisadan-rauf-denktasa-vefa\\\/\"]}]},{\"@type\":\"ImageObject\",\"inLanguage\":\"tr\",\"@id\":\"https:\\\/\\\/kuzeyinsesi.org\\\/index.php\\\/2024\\\/12\\\/17\\\/manisadan-rauf-denktasa-vefa\\\/#primaryimage\",\"url\":\"https:\\\/\\\/kuzeyinsesi.org\\\/wp-content\\\/uploads\\\/2024\\\/12\\\/mansal.jpg\",\"contentUrl\":\"https:\\\/\\\/kuzeyinsesi.org\\\/wp-content\\\/uploads\\\/2024\\\/12\\\/mansal.jpg\",\"width\":1106,\"height\":454},{\"@type\":\"BreadcrumbList\",\"@id\":\"https:\\\/\\\/kuzeyinsesi.org\\\/index.php\\\/2024\\\/12\\\/17\\\/manisadan-rauf-denktasa-vefa\\\/#breadcrumb\",\"itemListElement\":[{\"@type\":\"ListItem\",\"position\":1,\"name\":\"Anasayfa\",\"item\":\"https:\\\/\\\/kuzeyinsesi.org\\\/\"},{\"@type\":\"ListItem\",\"position\":2,\"name\":\"Manisa\u2019dan Rauf Denkta\u015f\u2019a vefa\u2026\"}]},{\"@type\":\"WebSite\",\"@id\":\"https:\\\/\\\/kuzeyinsesi.org\\\/#website\",\"url\":\"https:\\\/\\\/kuzeyinsesi.org\\\/\",\"name\":\"Kuzeyin Sesi\",\"description\":\"Do\u011fru Haberin Adresi\",\"potentialAction\":[{\"@type\":\"SearchAction\",\"target\":{\"@type\":\"EntryPoint\",\"urlTemplate\":\"https:\\\/\\\/kuzeyinsesi.org\\\/?s={search_term_string}\"},\"query-input\":{\"@type\":\"PropertyValueSpecification\",\"valueRequired\":true,\"valueName\":\"search_term_string\"}}],\"inLanguage\":\"tr\"},{\"@type\":\"Person\",\"@id\":\"https:\\\/\\\/kuzeyinsesi.org\\\/#\\\/schema\\\/person\\\/9f859689cdf01485597712386e37f5aa\",\"name\":\"Kuzeyin Sesi\",\"image\":{\"@type\":\"ImageObject\",\"inLanguage\":\"tr\",\"@id\":\"https:\\\/\\\/secure.gravatar.com\\\/avatar\\\/bab33852abfd8b282518d6ed81826833d77c3c882d9ab608add591ccace47a44?s=96&d=mm&r=g\",\"url\":\"https:\\\/\\\/secure.gravatar.com\\\/avatar\\\/bab33852abfd8b282518d6ed81826833d77c3c882d9ab608add591ccace47a44?s=96&d=mm&r=g\",\"contentUrl\":\"https:\\\/\\\/secure.gravatar.com\\\/avatar\\\/bab33852abfd8b282518d6ed81826833d77c3c882d9ab608add591ccace47a44?s=96&d=mm&r=g\",\"caption\":\"Kuzeyin Sesi\"},\"sameAs\":[\"https:\\\/\\\/kuzeyinsesi.org\"],\"url\":\"https:\\\/\\\/kuzeyinsesi.org\\\/index.php\\\/author\\\/guven\\\/\"}]}<\/script>\n<!-- \/ Yoast SEO plugin. -->","yoast_head_json":{"title":"Manisa\u2019dan Rauf Denkta\u015f\u2019a vefa\u2026 - Kuzeyin Sesi","robots":{"index":"index","follow":"follow","max-snippet":"max-snippet:-1","max-image-preview":"max-image-preview:large","max-video-preview":"max-video-preview:-1"},"canonical":"https:\/\/kuzeyinsesi.org\/index.php\/2024\/12\/17\/manisadan-rauf-denktasa-vefa\/","og_locale":"tr_TR","og_type":"article","og_title":"Manisa\u2019dan Rauf Denkta\u015f\u2019a vefa\u2026 - Kuzeyin Sesi","og_description":"Salihli Foto\u011fraf Derne\u011fi (SALFOD) taraf\u0131ndan Kuzey K\u0131br\u0131s T\u00fcrk Cumhuriyeti\u2019nin (KKTC) kurucusu ve ilk Cumhurba\u015fkan\u0131 Rauf Denkta\u015f ad\u0131na d\u00fczenlenen turlu foto\u011fraf yar\u0131\u015fmas\u0131nda 33 foto\u011fraf\u00e7\u0131n\u0131n ba\u015far\u0131 elde etti\u011fi bildirildi. Manisa\u2019n\u0131n Salihli il\u00e7esinde foto\u011fraf alan\u0131nda yapm\u0131\u015f oldu\u011fu faaliyetlerle tan\u0131nan Salihli Foto\u011fraf Derne\u011fi\u2019nin (SALFOD) KKTC\u2019nin kurucusu ve ilk Cumhurba\u015fkan\u0131 Rauf Raif Denkta\u015f ad\u0131na d\u00fczenlemi\u015f oldu\u011fu foto\u011fraf yar\u0131\u015fmas\u0131n\u0131n ilk turu [&hellip;]","og_url":"https:\/\/kuzeyinsesi.org\/index.php\/2024\/12\/17\/manisadan-rauf-denktasa-vefa\/","og_site_name":"Kuzeyin Sesi","article_publisher":"https:\/\/www.facebook.com\/kuzeyinsesii","article_published_time":"2024-12-17T08:37:43+00:00","og_image":[{"url":"https:\/\/brtk.net\/wp-content\/uploads\/2024\/12\/17\/mansal.jpg?ver=7c16e28ac58e9dbdc754c710b585f024","type":"","width":"","height":""}],"author":"Kuzeyin Sesi","twitter_card":"summary_large_image","twitter_creator":"@kuzeyinsesii","twitter_site":"@kuzeyinsesii","twitter_misc":{"Yazan:":"Kuzeyin Sesi","Tahmini okuma s\u00fcresi":"1 dakika"},"schema":{"@context":"https:\/\/schema.org","@graph":[{"@type":"Article","@id":"https:\/\/kuzeyinsesi.org\/index.php\/2024\/12\/17\/manisadan-rauf-denktasa-vefa\/#article","isPartOf":{"@id":"https:\/\/kuzeyinsesi.org\/index.php\/2024\/12\/17\/manisadan-rauf-denktasa-vefa\/"},"author":{"name":"Kuzeyin Sesi","@id":"https:\/\/kuzeyinsesi.org\/#\/schema\/person\/9f859689cdf01485597712386e37f5aa"},"headline":"Manisa\u2019dan Rauf Denkta\u015f\u2019a vefa\u2026","datePublished":"2024-12-17T08:37:43+00:00","mainEntityOfPage":{"@id":"https:\/\/kuzeyinsesi.org\/index.php\/2024\/12\/17\/manisadan-rauf-denktasa-vefa\/"},"wordCount":269,"commentCount":0,"image":{"@id":"https:\/\/kuzeyinsesi.org\/index.php\/2024\/12\/17\/manisadan-rauf-denktasa-vefa\/#primaryimage"},"thumbnailUrl":"https:\/\/kuzeyinsesi.org\/wp-content\/uploads\/2024\/12\/mansal.jpg","articleSection":["Ya\u015fam"],"inLanguage":"tr","potentialAction":[{"@type":"CommentAction","name":"Comment","target":["https:\/\/kuzeyinsesi.org\/index.php\/2024\/12\/17\/manisadan-rauf-denktasa-vefa\/#respond"]}]},{"@type":"WebPage","@id":"https:\/\/kuzeyinsesi.org\/index.php\/2024\/12\/17\/manisadan-rauf-denktasa-vefa\/","url":"https:\/\/kuzeyinsesi.org\/index.php\/2024\/12\/17\/manisadan-rauf-denktasa-vefa\/","name":"Manisa\u2019dan Rauf Denkta\u015f\u2019a vefa\u2026 - Kuzeyin Sesi","isPartOf":{"@id":"https:\/\/kuzeyinsesi.org\/#website"},"primaryImageOfPage":{"@id":"https:\/\/kuzeyinsesi.org\/index.php\/2024\/12\/17\/manisadan-rauf-denktasa-vefa\/#primaryimage"},"image":{"@id":"https:\/\/kuzeyinsesi.org\/index.php\/2024\/12\/17\/manisadan-rauf-denktasa-vefa\/#primaryimage"},"thumbnailUrl":"https:\/\/kuzeyinsesi.org\/wp-content\/uploads\/2024\/12\/mansal.jpg","datePublished":"2024-12-17T08:37:43+00:00","author":{"@id":"https:\/\/kuzeyinsesi.org\/#\/schema\/person\/9f859689cdf01485597712386e37f5aa"},"breadcrumb":{"@id":"https:\/\/kuzeyinsesi.org\/index.php\/2024\/12\/17\/manisadan-rauf-denktasa-vefa\/#breadcrumb"},"inLanguage":"tr","potentialAction":[{"@type":"ReadAction","target":["https:\/\/kuzeyinsesi.org\/index.php\/2024\/12\/17\/manisadan-rauf-denktasa-vefa\/"]}]},{"@type":"ImageObject","inLanguage":"tr","@id":"https:\/\/kuzeyinsesi.org\/index.php\/2024\/12\/17\/manisadan-rauf-denktasa-vefa\/#primaryimage","url":"https:\/\/kuzeyinsesi.org\/wp-content\/uploads\/2024\/12\/mansal.jpg","contentUrl":"https:\/\/kuzeyinsesi.org\/wp-content\/uploads\/2024\/12\/mansal.jpg","width":1106,"height":454},{"@type":"BreadcrumbList","@id":"https:\/\/kuzeyinsesi.org\/index.php\/2024\/12\/17\/manisadan-rauf-denktasa-vefa\/#breadcrumb","itemListElement":[{"@type":"ListItem","position":1,"name":"Anasayfa","item":"https:\/\/kuzeyinsesi.org\/"},{"@type":"ListItem","position":2,"name":"Manisa\u2019dan Rauf Denkta\u015f\u2019a vefa\u2026"}]},{"@type":"WebSite","@id":"https:\/\/kuzeyinsesi.org\/#website","url":"https:\/\/kuzeyinsesi.org\/","name":"Kuzeyin Sesi","description":"Do\u011fru Haberin Adresi","potentialAction":[{"@type":"SearchAction","target":{"@type":"EntryPoint","urlTemplate":"https:\/\/kuzeyinsesi.org\/?s={search_term_string}"},"query-input":{"@type":"PropertyValueSpecification","valueRequired":true,"valueName":"search_term_string"}}],"inLanguage":"tr"},{"@type":"Person","@id":"https:\/\/kuzeyinsesi.org\/#\/schema\/person\/9f859689cdf01485597712386e37f5aa","name":"Kuzeyin Sesi","image":{"@type":"ImageObject","inLanguage":"tr","@id":"https:\/\/secure.gravatar.com\/avatar\/bab33852abfd8b282518d6ed81826833d77c3c882d9ab608add591ccace47a44?s=96&d=mm&r=g","url":"https:\/\/secure.gravatar.com\/avatar\/bab33852abfd8b282518d6ed81826833d77c3c882d9ab608add591ccace47a44?s=96&d=mm&r=g","contentUrl":"https:\/\/secure.gravatar.com\/avatar\/bab33852abfd8b282518d6ed81826833d77c3c882d9ab608add591ccace47a44?s=96&d=mm&r=g","caption":"Kuzeyin Sesi"},"sameAs":["https:\/\/kuzeyinsesi.org"],"url":"https:\/\/kuzeyinsesi.org\/index.php\/author\/guven\/"}]}},"_links":{"self":[{"href":"https:\/\/kuzeyinsesi.org\/index.php\/wp-json\/wp\/v2\/posts\/15694","targetHints":{"allow":["GET"]}}],"collection":[{"href":"https:\/\/kuzeyinsesi.org\/index.php\/wp-json\/wp\/v2\/posts"}],"about":[{"href":"https:\/\/kuzeyinsesi.org\/index.php\/wp-json\/wp\/v2\/types\/post"}],"author":[{"embeddable":true,"href":"https:\/\/kuzeyinsesi.org\/index.php\/wp-json\/wp\/v2\/users\/1"}],"replies":[{"embeddable":true,"href":"https:\/\/kuzeyinsesi.org\/index.php\/wp-json\/wp\/v2\/comments?post=15694"}],"version-history":[{"count":0,"href":"https:\/\/kuzeyinsesi.org\/index.php\/wp-json\/wp\/v2\/posts\/15694\/revisions"}],"wp:featuredmedia":[{"embeddable":true,"href":"https:\/\/kuzeyinsesi.org\/index.php\/wp-json\/wp\/v2\/media\/15695"}],"wp:attachment":[{"href":"https:\/\/kuzeyinsesi.org\/index.php\/wp-json\/wp\/v2\/media?parent=15694"}],"wp:term":[{"taxonomy":"category","embeddable":true,"href":"https:\/\/kuzeyinsesi.org\/index.php\/wp-json\/wp\/v2\/categories?post=15694"},{"taxonomy":"post_tag","embeddable":true,"href":"https:\/\/kuzeyinsesi.org\/index.php\/wp-json\/wp\/v2\/tags?post=15694"}],"curies":[{"name":"wp","href":"https:\/\/api.w.org\/{rel}","templated":true}]}}