{"id":15670,"date":"2024-12-16T19:21:55","date_gmt":"2024-12-16T17:21:55","guid":{"rendered":"https:\/\/kuzeyinsesi.org\/index.php\/2024\/12\/16\/erdogan-somali-ile-etiyopya-arasindaki-anlasmanin-ardindan-gelecek-yil-bu-ulkeleri-ziyaret-edecek\/"},"modified":"2024-12-16T19:21:55","modified_gmt":"2024-12-16T17:21:55","slug":"erdogan-somali-ile-etiyopya-arasindaki-anlasmanin-ardindan-gelecek-yil-bu-ulkeleri-ziyaret-edecek","status":"publish","type":"post","link":"https:\/\/kuzeyinsesi.org\/index.php\/2024\/12\/16\/erdogan-somali-ile-etiyopya-arasindaki-anlasmanin-ardindan-gelecek-yil-bu-ulkeleri-ziyaret-edecek\/","title":{"rendered":"Erdo\u011fan, Somali ile Etiyopya aras\u0131ndaki anla\u015fman\u0131n ard\u0131ndan gelecek y\u0131l bu \u00fclkeleri ziyaret edecek"},"content":{"rendered":"<div>\n<div class=\"mariselle-image-container center\">\n                                            <\/div>\n<p>\nT\u00fcrkiye Cumhurba\u015fkan\u0131 Recep Tayyip Erdo\u011fan, Afrika Boynuzu\u2019nun iki kom\u015fusu aras\u0131ndaki gerginli\u011fi sona erdirecek anla\u015fmaya arac\u0131l\u0131k ettikten sonra gelecek y\u0131l\u0131n ba\u015flar\u0131nda Etiyopya ve Somali\u2019yi ziyaret edece\u011fini s\u00f6yledi.<\/p>\n<p>Etiyopya Ba\u015fbakan\u0131 Abiy Ahmed ile Somali Cumhurba\u015fkan\u0131 Hasan \u015eeyh Mahmud aras\u0131nda 11 Aral\u0131k\u2019ta Ankara\u2019da var\u0131lan anla\u015fmaya at\u0131fta bulunan Erdo\u011fan, \u201c\u00d6n\u00fcm\u00fczdeki y\u0131l\u0131n ilk iki ay\u0131nda Etiyopya ve Somali\u2019yi ziyaret edece\u011fim. Bu att\u0131\u011f\u0131m\u0131z ad\u0131m\u0131 d\u00fcnyaya duyuraca\u011f\u0131z\u201d dedi.<\/p>\n<p>Erdo\u011fan, d\u00fcn Erzurum\u2019da gen\u00e7lerle bulu\u015fma program\u0131nda yapt\u0131\u011f\u0131 konu\u015fmada, \u201cBug\u00fcne kadar bir\u00e7ok \u00fclke devreye girmi\u015f ancak bu anla\u015fmazl\u0131k \u00e7\u00f6z\u00fclememi\u015fti. 7 saat s\u00fcren g\u00f6r\u00fc\u015fmeden sonra sa\u011folsunlar paraflar\u0131 att\u0131k ve i\u015fi bitirdik. Bas\u0131n toplant\u0131s\u0131yla da bu anla\u015fmay\u0131 a\u00e7\u0131klad\u0131k\u201d diye konu\u015ftu.<\/p>\n<p>\u2013 Etiyopya ve Somali<\/p>\n<p>Erzurum\u2019da gen\u00e7lerle bulu\u015fma program\u0131nda bir gencin, \u201cSomali ile Etiyopya aras\u0131nda bir mutabakat imzaland\u0131. Bunun arka plan\u0131nda T\u00fcrkiye nas\u0131l bir rol ald\u0131?\u201d sorusuna Erdo\u011fan, \u015fu yan\u0131t\u0131 verdi:<\/p>\n<p>\u201cGer\u00e7ekten uzun y\u0131llard\u0131r bu Somali ve Etiyopya aras\u0131ndaki s\u0131k\u0131nt\u0131 devam ediyordu. Etiyopya, Somali\u2019nin 2 kat\u0131 b\u00fcy\u00fckl\u00fc\u011f\u00fcnde, devasa bir yer ama denize kapal\u0131. Etiyopya\u2019dan denize \u00e7\u0131kam\u0131yorsunuz. Bu kadar b\u00fcy\u00fck, devasa bir araziye sahip olan bir yerin hakikaten denize kapal\u0131 olmas\u0131, onlar\u0131 ciddi manada rahats\u0131z ediyor. Bu konuda da bug\u00fcne kadar bir\u00e7ok \u00fclke devreye girmi\u015f ama bu i\u015fi \u00e7\u00f6zememi\u015fler. Etiyopya Ba\u015fbakan\u0131\u2019n\u0131n benimle olan \u00f6zel muhabbeti sebebiyle kendisiyle bunlar\u0131 konu\u015ftuk, g\u00f6r\u00fc\u015ft\u00fck. Somali\u2019yi biz, en kritik d\u00f6neminde sahiplenen bir \u00fclke olduk ve ter\u00f6r \u00f6rg\u00fctlerinin Somali\u2019ye y\u00fcklendi\u011fi d\u00f6nemde biz tabii Somali\u2019yi de sahiplendik. Orada yat\u0131r\u0131mlar\u0131m\u0131z oldu. O yat\u0131r\u0131mlarla beraber, Somali\u2019de ter\u00f6r \u00f6rg\u00fctlerine kar\u015f\u0131 da ad\u0131mlar att\u0131k. \u015eimdi de Etiyopya\u2019n\u0131n bu yeni aya\u011fa kalk\u0131\u015f\u0131nda dedik ki \u2018Biz size her t\u00fcrl\u00fc deste\u011fi verece\u011fiz.\u2019 Ekonomide, savunmada elimizden gelen deste\u011fi kendilerine verdik. O ak\u015famki bulu\u015fmam\u0131zda, kendileriyle yapt\u0131\u011f\u0131m\u0131z g\u00f6r\u00fc\u015fmelerde, sa\u011f olsunlar bizi k\u0131rmad\u0131lar ve bir Ba\u015fbakan, iki Cumhurba\u015fkan\u0131 olarak bir araya geldik ve bu konuda dedik ki \u2018Bizi k\u0131rmayacaks\u0131n\u0131z.\u2019 7 saat s\u00fcren bir g\u00f6r\u00fc\u015fmeden sonra sa\u011f olsunlar paraflar\u0131 att\u0131k, i\u015fi bitirdik. Ondan sonra da bizim bas\u0131n toplant\u0131s\u0131 salonumuza ge\u00e7ip, oradan d\u00fcnyaya bunu a\u00e7\u0131klad\u0131k. Kendilerine \u015funu da s\u00f6yledim, \u2018\u0130n\u015fallah, \u00f6n\u00fcm\u00fczdeki y\u0131l\u0131n ilk iki ay\u0131nda Etiyopya\u2019y\u0131 ve Somali\u2019yi ziyaret edece\u011fim ve bu att\u0131\u011f\u0131m\u0131z ad\u0131m\u0131 d\u00fcnyaya duyuraca\u011f\u0131z.\u2019 Karar\u0131m\u0131z\u0131 bu \u015fekilde a\u00e7\u0131klad\u0131k. Sa\u011f olsun onlar da bu att\u0131\u011f\u0131m\u0131z ad\u0131m\u0131 kendi \u00fclkelerine ta\u015f\u0131d\u0131lar, ta\u015f\u0131yorlar. G\u00fczel bir gelece\u011fi Afrika\u2019ya bu \u015fekilde duyurmu\u015f olduk, t\u00fcm d\u00fcnyaya duyurmu\u015f olduk. T\u00fcm d\u00fcnya da bu att\u0131\u011f\u0131m\u0131z ad\u0131m\u0131n, ald\u0131\u011f\u0131m\u0131z neticenin iftihar\u0131n\u0131 bizlerle payla\u015ft\u0131. Samimi olunca, niyet halis olunca her \u015fey oluyor.\u201d<\/p>\n<\/p><\/div>\n<p><script async\n                    defer\n                    crossorigin=\"anonymous\"\n                    src=\"https:\/\/connect.facebook.net\/tr_TR\/sdk.js#xfbml=1&#038;version=v3.3\"\n            ><\/script><\/p>\n","protected":false},"excerpt":{"rendered":"<p>T\u00fcrkiye Cumhurba\u015fkan\u0131 Recep Tayyip Erdo\u011fan, Afrika Boynuzu\u2019nun iki kom\u015fusu aras\u0131ndaki gerginli\u011fi sona erdirecek anla\u015fmaya arac\u0131l\u0131k ettikten sonra gelecek y\u0131l\u0131n ba\u015flar\u0131nda Etiyopya ve Somali\u2019yi ziyaret edece\u011fini s\u00f6yledi. Etiyopya Ba\u015fbakan\u0131 Abiy Ahmed ile Somali Cumhurba\u015fkan\u0131 Hasan \u015eeyh Mahmud aras\u0131nda 11 Aral\u0131k\u2019ta Ankara\u2019da var\u0131lan anla\u015fmaya at\u0131fta bulunan Erdo\u011fan, \u201c\u00d6n\u00fcm\u00fczdeki y\u0131l\u0131n ilk iki ay\u0131nda Etiyopya ve Somali\u2019yi ziyaret edece\u011fim. [&hellip;]<\/p>\n","protected":false},"author":1,"featured_media":15671,"comment_status":"open","ping_status":"open","sticky":false,"template":"","format":"standard","meta":{"jnews-multi-image_gallery":[],"jnews_single_post":[],"jnews_primary_category":[],"jnews_social_meta":[],"jnews_override_counter":[],"footnotes":""},"categories":[5],"tags":[],"class_list":["post-15670","post","type-post","status-publish","format-standard","has-post-thumbnail","hentry","category-turkiye"],"yoast_head":"<!-- This site is optimized with the Yoast SEO plugin v27.4 - https:\/\/yoast.com\/product\/yoast-seo-wordpress\/ -->\n<title>Erdo\u011fan, Somali ile Etiyopya aras\u0131ndaki anla\u015fman\u0131n ard\u0131ndan gelecek y\u0131l bu \u00fclkeleri ziyaret edecek - Kuzeyin Sesi<\/title>\n<meta name=\"robots\" content=\"index, follow, max-snippet:-1, max-image-preview:large, max-video-preview:-1\" \/>\n<link rel=\"canonical\" href=\"https:\/\/kuzeyinsesi.org\/index.php\/2024\/12\/16\/erdogan-somali-ile-etiyopya-arasindaki-anlasmanin-ardindan-gelecek-yil-bu-ulkeleri-ziyaret-edecek\/\" \/>\n<meta property=\"og:locale\" content=\"tr_TR\" \/>\n<meta property=\"og:type\" content=\"article\" \/>\n<meta property=\"og:title\" content=\"Erdo\u011fan, Somali ile Etiyopya aras\u0131ndaki anla\u015fman\u0131n ard\u0131ndan gelecek y\u0131l bu \u00fclkeleri ziyaret edecek - Kuzeyin Sesi\" \/>\n<meta property=\"og:description\" content=\"T\u00fcrkiye Cumhurba\u015fkan\u0131 Recep Tayyip Erdo\u011fan, Afrika Boynuzu\u2019nun iki kom\u015fusu aras\u0131ndaki gerginli\u011fi sona erdirecek anla\u015fmaya arac\u0131l\u0131k ettikten sonra gelecek y\u0131l\u0131n ba\u015flar\u0131nda Etiyopya ve Somali\u2019yi ziyaret edece\u011fini s\u00f6yledi. Etiyopya Ba\u015fbakan\u0131 Abiy Ahmed ile Somali Cumhurba\u015fkan\u0131 Hasan \u015eeyh Mahmud aras\u0131nda 11 Aral\u0131k\u2019ta Ankara\u2019da var\u0131lan anla\u015fmaya at\u0131fta bulunan Erdo\u011fan, \u201c\u00d6n\u00fcm\u00fczdeki y\u0131l\u0131n ilk iki ay\u0131nda Etiyopya ve Somali\u2019yi ziyaret edece\u011fim. [&hellip;]\" \/>\n<meta property=\"og:url\" content=\"https:\/\/kuzeyinsesi.org\/index.php\/2024\/12\/16\/erdogan-somali-ile-etiyopya-arasindaki-anlasmanin-ardindan-gelecek-yil-bu-ulkeleri-ziyaret-edecek\/\" \/>\n<meta property=\"og:site_name\" content=\"Kuzeyin Sesi\" \/>\n<meta property=\"article:publisher\" content=\"https:\/\/www.facebook.com\/kuzeyinsesii\" \/>\n<meta property=\"article:published_time\" content=\"2024-12-16T17:21:55+00:00\" \/>\n<meta property=\"og:image\" content=\"https:\/\/brtk.net\/wp-content\/uploads\/2024\/12\/16\/1734337363585AA-20241211-36457993-36457989-CUMHURBASKANI_ERDOGAN_SOMALI_CUMHURBASKANI_MAHMUD_VE_ETIYOPYA_BASBAKANI_AHMED_ILE_ORTAK_BASIN_TOPLANTISI_DUZENLEDI-scaled.jpg?ver=a8386fbf20b67f596c3ea4d8623b065f\" \/>\n<meta name=\"author\" content=\"Kuzeyin Sesi\" \/>\n<meta name=\"twitter:card\" content=\"summary_large_image\" \/>\n<meta name=\"twitter:creator\" content=\"@kuzeyinsesii\" \/>\n<meta name=\"twitter:site\" content=\"@kuzeyinsesii\" \/>\n<meta name=\"twitter:label1\" content=\"Yazan:\" \/>\n\t<meta name=\"twitter:data1\" content=\"Kuzeyin Sesi\" \/>\n\t<meta name=\"twitter:label2\" content=\"Tahmini okuma s\u00fcresi\" \/>\n\t<meta name=\"twitter:data2\" content=\"3 dakika\" \/>\n<script type=\"application\/ld+json\" class=\"yoast-schema-graph\">{\"@context\":\"https:\\\/\\\/schema.org\",\"@graph\":[{\"@type\":\"Article\",\"@id\":\"https:\\\/\\\/kuzeyinsesi.org\\\/index.php\\\/2024\\\/12\\\/16\\\/erdogan-somali-ile-etiyopya-arasindaki-anlasmanin-ardindan-gelecek-yil-bu-ulkeleri-ziyaret-edecek\\\/#article\",\"isPartOf\":{\"@id\":\"https:\\\/\\\/kuzeyinsesi.org\\\/index.php\\\/2024\\\/12\\\/16\\\/erdogan-somali-ile-etiyopya-arasindaki-anlasmanin-ardindan-gelecek-yil-bu-ulkeleri-ziyaret-edecek\\\/\"},\"author\":{\"name\":\"Kuzeyin Sesi\",\"@id\":\"https:\\\/\\\/kuzeyinsesi.org\\\/#\\\/schema\\\/person\\\/9f859689cdf01485597712386e37f5aa\"},\"headline\":\"Erdo\u011fan, Somali ile Etiyopya aras\u0131ndaki anla\u015fman\u0131n ard\u0131ndan gelecek y\u0131l bu \u00fclkeleri ziyaret edecek\",\"datePublished\":\"2024-12-16T17:21:55+00:00\",\"mainEntityOfPage\":{\"@id\":\"https:\\\/\\\/kuzeyinsesi.org\\\/index.php\\\/2024\\\/12\\\/16\\\/erdogan-somali-ile-etiyopya-arasindaki-anlasmanin-ardindan-gelecek-yil-bu-ulkeleri-ziyaret-edecek\\\/\"},\"wordCount\":576,\"commentCount\":0,\"image\":{\"@id\":\"https:\\\/\\\/kuzeyinsesi.org\\\/index.php\\\/2024\\\/12\\\/16\\\/erdogan-somali-ile-etiyopya-arasindaki-anlasmanin-ardindan-gelecek-yil-bu-ulkeleri-ziyaret-edecek\\\/#primaryimage\"},\"thumbnailUrl\":\"https:\\\/\\\/kuzeyinsesi.org\\\/wp-content\\\/uploads\\\/2024\\\/12\\\/1734337363585AA-20241211-36457993-36457989-CUMHURBASKANI_ERDOGAN_SOMALI_CUMHURBASKANI_MAHMUD_VE_ETIY.jpeg\",\"articleSection\":[\"T\u00fcrkiye\"],\"inLanguage\":\"tr\",\"potentialAction\":[{\"@type\":\"CommentAction\",\"name\":\"Comment\",\"target\":[\"https:\\\/\\\/kuzeyinsesi.org\\\/index.php\\\/2024\\\/12\\\/16\\\/erdogan-somali-ile-etiyopya-arasindaki-anlasmanin-ardindan-gelecek-yil-bu-ulkeleri-ziyaret-edecek\\\/#respond\"]}]},{\"@type\":\"WebPage\",\"@id\":\"https:\\\/\\\/kuzeyinsesi.org\\\/index.php\\\/2024\\\/12\\\/16\\\/erdogan-somali-ile-etiyopya-arasindaki-anlasmanin-ardindan-gelecek-yil-bu-ulkeleri-ziyaret-edecek\\\/\",\"url\":\"https:\\\/\\\/kuzeyinsesi.org\\\/index.php\\\/2024\\\/12\\\/16\\\/erdogan-somali-ile-etiyopya-arasindaki-anlasmanin-ardindan-gelecek-yil-bu-ulkeleri-ziyaret-edecek\\\/\",\"name\":\"Erdo\u011fan, Somali ile Etiyopya aras\u0131ndaki anla\u015fman\u0131n ard\u0131ndan gelecek y\u0131l bu \u00fclkeleri ziyaret edecek - Kuzeyin Sesi\",\"isPartOf\":{\"@id\":\"https:\\\/\\\/kuzeyinsesi.org\\\/#website\"},\"primaryImageOfPage\":{\"@id\":\"https:\\\/\\\/kuzeyinsesi.org\\\/index.php\\\/2024\\\/12\\\/16\\\/erdogan-somali-ile-etiyopya-arasindaki-anlasmanin-ardindan-gelecek-yil-bu-ulkeleri-ziyaret-edecek\\\/#primaryimage\"},\"image\":{\"@id\":\"https:\\\/\\\/kuzeyinsesi.org\\\/index.php\\\/2024\\\/12\\\/16\\\/erdogan-somali-ile-etiyopya-arasindaki-anlasmanin-ardindan-gelecek-yil-bu-ulkeleri-ziyaret-edecek\\\/#primaryimage\"},\"thumbnailUrl\":\"https:\\\/\\\/kuzeyinsesi.org\\\/wp-content\\\/uploads\\\/2024\\\/12\\\/1734337363585AA-20241211-36457993-36457989-CUMHURBASKANI_ERDOGAN_SOMALI_CUMHURBASKANI_MAHMUD_VE_ETIY.jpeg\",\"datePublished\":\"2024-12-16T17:21:55+00:00\",\"author\":{\"@id\":\"https:\\\/\\\/kuzeyinsesi.org\\\/#\\\/schema\\\/person\\\/9f859689cdf01485597712386e37f5aa\"},\"breadcrumb\":{\"@id\":\"https:\\\/\\\/kuzeyinsesi.org\\\/index.php\\\/2024\\\/12\\\/16\\\/erdogan-somali-ile-etiyopya-arasindaki-anlasmanin-ardindan-gelecek-yil-bu-ulkeleri-ziyaret-edecek\\\/#breadcrumb\"},\"inLanguage\":\"tr\",\"potentialAction\":[{\"@type\":\"ReadAction\",\"target\":[\"https:\\\/\\\/kuzeyinsesi.org\\\/index.php\\\/2024\\\/12\\\/16\\\/erdogan-somali-ile-etiyopya-arasindaki-anlasmanin-ardindan-gelecek-yil-bu-ulkeleri-ziyaret-edecek\\\/\"]}]},{\"@type\":\"ImageObject\",\"inLanguage\":\"tr\",\"@id\":\"https:\\\/\\\/kuzeyinsesi.org\\\/index.php\\\/2024\\\/12\\\/16\\\/erdogan-somali-ile-etiyopya-arasindaki-anlasmanin-ardindan-gelecek-yil-bu-ulkeleri-ziyaret-edecek\\\/#primaryimage\",\"url\":\"https:\\\/\\\/kuzeyinsesi.org\\\/wp-content\\\/uploads\\\/2024\\\/12\\\/1734337363585AA-20241211-36457993-36457989-CUMHURBASKANI_ERDOGAN_SOMALI_CUMHURBASKANI_MAHMUD_VE_ETIY.jpeg\",\"contentUrl\":\"https:\\\/\\\/kuzeyinsesi.org\\\/wp-content\\\/uploads\\\/2024\\\/12\\\/1734337363585AA-20241211-36457993-36457989-CUMHURBASKANI_ERDOGAN_SOMALI_CUMHURBASKANI_MAHMUD_VE_ETIY.jpeg\",\"width\":2560,\"height\":1788},{\"@type\":\"BreadcrumbList\",\"@id\":\"https:\\\/\\\/kuzeyinsesi.org\\\/index.php\\\/2024\\\/12\\\/16\\\/erdogan-somali-ile-etiyopya-arasindaki-anlasmanin-ardindan-gelecek-yil-bu-ulkeleri-ziyaret-edecek\\\/#breadcrumb\",\"itemListElement\":[{\"@type\":\"ListItem\",\"position\":1,\"name\":\"Anasayfa\",\"item\":\"https:\\\/\\\/kuzeyinsesi.org\\\/\"},{\"@type\":\"ListItem\",\"position\":2,\"name\":\"Erdo\u011fan, Somali ile Etiyopya aras\u0131ndaki anla\u015fman\u0131n ard\u0131ndan gelecek y\u0131l bu \u00fclkeleri ziyaret edecek\"}]},{\"@type\":\"WebSite\",\"@id\":\"https:\\\/\\\/kuzeyinsesi.org\\\/#website\",\"url\":\"https:\\\/\\\/kuzeyinsesi.org\\\/\",\"name\":\"Kuzeyin Sesi\",\"description\":\"Do\u011fru Haberin Adresi\",\"potentialAction\":[{\"@type\":\"SearchAction\",\"target\":{\"@type\":\"EntryPoint\",\"urlTemplate\":\"https:\\\/\\\/kuzeyinsesi.org\\\/?s={search_term_string}\"},\"query-input\":{\"@type\":\"PropertyValueSpecification\",\"valueRequired\":true,\"valueName\":\"search_term_string\"}}],\"inLanguage\":\"tr\"},{\"@type\":\"Person\",\"@id\":\"https:\\\/\\\/kuzeyinsesi.org\\\/#\\\/schema\\\/person\\\/9f859689cdf01485597712386e37f5aa\",\"name\":\"Kuzeyin Sesi\",\"image\":{\"@type\":\"ImageObject\",\"inLanguage\":\"tr\",\"@id\":\"https:\\\/\\\/secure.gravatar.com\\\/avatar\\\/bab33852abfd8b282518d6ed81826833d77c3c882d9ab608add591ccace47a44?s=96&d=mm&r=g\",\"url\":\"https:\\\/\\\/secure.gravatar.com\\\/avatar\\\/bab33852abfd8b282518d6ed81826833d77c3c882d9ab608add591ccace47a44?s=96&d=mm&r=g\",\"contentUrl\":\"https:\\\/\\\/secure.gravatar.com\\\/avatar\\\/bab33852abfd8b282518d6ed81826833d77c3c882d9ab608add591ccace47a44?s=96&d=mm&r=g\",\"caption\":\"Kuzeyin Sesi\"},\"sameAs\":[\"https:\\\/\\\/kuzeyinsesi.org\"],\"url\":\"https:\\\/\\\/kuzeyinsesi.org\\\/index.php\\\/author\\\/guven\\\/\"}]}<\/script>\n<!-- \/ Yoast SEO plugin. -->","yoast_head_json":{"title":"Erdo\u011fan, Somali ile Etiyopya aras\u0131ndaki anla\u015fman\u0131n ard\u0131ndan gelecek y\u0131l bu \u00fclkeleri ziyaret edecek - Kuzeyin Sesi","robots":{"index":"index","follow":"follow","max-snippet":"max-snippet:-1","max-image-preview":"max-image-preview:large","max-video-preview":"max-video-preview:-1"},"canonical":"https:\/\/kuzeyinsesi.org\/index.php\/2024\/12\/16\/erdogan-somali-ile-etiyopya-arasindaki-anlasmanin-ardindan-gelecek-yil-bu-ulkeleri-ziyaret-edecek\/","og_locale":"tr_TR","og_type":"article","og_title":"Erdo\u011fan, Somali ile Etiyopya aras\u0131ndaki anla\u015fman\u0131n ard\u0131ndan gelecek y\u0131l bu \u00fclkeleri ziyaret edecek - Kuzeyin Sesi","og_description":"T\u00fcrkiye Cumhurba\u015fkan\u0131 Recep Tayyip Erdo\u011fan, Afrika Boynuzu\u2019nun iki kom\u015fusu aras\u0131ndaki gerginli\u011fi sona erdirecek anla\u015fmaya arac\u0131l\u0131k ettikten sonra gelecek y\u0131l\u0131n ba\u015flar\u0131nda Etiyopya ve Somali\u2019yi ziyaret edece\u011fini s\u00f6yledi. Etiyopya Ba\u015fbakan\u0131 Abiy Ahmed ile Somali Cumhurba\u015fkan\u0131 Hasan \u015eeyh Mahmud aras\u0131nda 11 Aral\u0131k\u2019ta Ankara\u2019da var\u0131lan anla\u015fmaya at\u0131fta bulunan Erdo\u011fan, \u201c\u00d6n\u00fcm\u00fczdeki y\u0131l\u0131n ilk iki ay\u0131nda Etiyopya ve Somali\u2019yi ziyaret edece\u011fim. [&hellip;]","og_url":"https:\/\/kuzeyinsesi.org\/index.php\/2024\/12\/16\/erdogan-somali-ile-etiyopya-arasindaki-anlasmanin-ardindan-gelecek-yil-bu-ulkeleri-ziyaret-edecek\/","og_site_name":"Kuzeyin Sesi","article_publisher":"https:\/\/www.facebook.com\/kuzeyinsesii","article_published_time":"2024-12-16T17:21:55+00:00","og_image":[{"url":"https:\/\/brtk.net\/wp-content\/uploads\/2024\/12\/16\/1734337363585AA-20241211-36457993-36457989-CUMHURBASKANI_ERDOGAN_SOMALI_CUMHURBASKANI_MAHMUD_VE_ETIYOPYA_BASBAKANI_AHMED_ILE_ORTAK_BASIN_TOPLANTISI_DUZENLEDI-scaled.jpg?ver=a8386fbf20b67f596c3ea4d8623b065f","type":"","width":"","height":""}],"author":"Kuzeyin Sesi","twitter_card":"summary_large_image","twitter_creator":"@kuzeyinsesii","twitter_site":"@kuzeyinsesii","twitter_misc":{"Yazan:":"Kuzeyin Sesi","Tahmini okuma s\u00fcresi":"3 dakika"},"schema":{"@context":"https:\/\/schema.org","@graph":[{"@type":"Article","@id":"https:\/\/kuzeyinsesi.org\/index.php\/2024\/12\/16\/erdogan-somali-ile-etiyopya-arasindaki-anlasmanin-ardindan-gelecek-yil-bu-ulkeleri-ziyaret-edecek\/#article","isPartOf":{"@id":"https:\/\/kuzeyinsesi.org\/index.php\/2024\/12\/16\/erdogan-somali-ile-etiyopya-arasindaki-anlasmanin-ardindan-gelecek-yil-bu-ulkeleri-ziyaret-edecek\/"},"author":{"name":"Kuzeyin Sesi","@id":"https:\/\/kuzeyinsesi.org\/#\/schema\/person\/9f859689cdf01485597712386e37f5aa"},"headline":"Erdo\u011fan, Somali ile Etiyopya aras\u0131ndaki anla\u015fman\u0131n ard\u0131ndan gelecek y\u0131l bu \u00fclkeleri ziyaret edecek","datePublished":"2024-12-16T17:21:55+00:00","mainEntityOfPage":{"@id":"https:\/\/kuzeyinsesi.org\/index.php\/2024\/12\/16\/erdogan-somali-ile-etiyopya-arasindaki-anlasmanin-ardindan-gelecek-yil-bu-ulkeleri-ziyaret-edecek\/"},"wordCount":576,"commentCount":0,"image":{"@id":"https:\/\/kuzeyinsesi.org\/index.php\/2024\/12\/16\/erdogan-somali-ile-etiyopya-arasindaki-anlasmanin-ardindan-gelecek-yil-bu-ulkeleri-ziyaret-edecek\/#primaryimage"},"thumbnailUrl":"https:\/\/kuzeyinsesi.org\/wp-content\/uploads\/2024\/12\/1734337363585AA-20241211-36457993-36457989-CUMHURBASKANI_ERDOGAN_SOMALI_CUMHURBASKANI_MAHMUD_VE_ETIY.jpeg","articleSection":["T\u00fcrkiye"],"inLanguage":"tr","potentialAction":[{"@type":"CommentAction","name":"Comment","target":["https:\/\/kuzeyinsesi.org\/index.php\/2024\/12\/16\/erdogan-somali-ile-etiyopya-arasindaki-anlasmanin-ardindan-gelecek-yil-bu-ulkeleri-ziyaret-edecek\/#respond"]}]},{"@type":"WebPage","@id":"https:\/\/kuzeyinsesi.org\/index.php\/2024\/12\/16\/erdogan-somali-ile-etiyopya-arasindaki-anlasmanin-ardindan-gelecek-yil-bu-ulkeleri-ziyaret-edecek\/","url":"https:\/\/kuzeyinsesi.org\/index.php\/2024\/12\/16\/erdogan-somali-ile-etiyopya-arasindaki-anlasmanin-ardindan-gelecek-yil-bu-ulkeleri-ziyaret-edecek\/","name":"Erdo\u011fan, Somali ile Etiyopya aras\u0131ndaki anla\u015fman\u0131n ard\u0131ndan gelecek y\u0131l bu \u00fclkeleri ziyaret edecek - Kuzeyin Sesi","isPartOf":{"@id":"https:\/\/kuzeyinsesi.org\/#website"},"primaryImageOfPage":{"@id":"https:\/\/kuzeyinsesi.org\/index.php\/2024\/12\/16\/erdogan-somali-ile-etiyopya-arasindaki-anlasmanin-ardindan-gelecek-yil-bu-ulkeleri-ziyaret-edecek\/#primaryimage"},"image":{"@id":"https:\/\/kuzeyinsesi.org\/index.php\/2024\/12\/16\/erdogan-somali-ile-etiyopya-arasindaki-anlasmanin-ardindan-gelecek-yil-bu-ulkeleri-ziyaret-edecek\/#primaryimage"},"thumbnailUrl":"https:\/\/kuzeyinsesi.org\/wp-content\/uploads\/2024\/12\/1734337363585AA-20241211-36457993-36457989-CUMHURBASKANI_ERDOGAN_SOMALI_CUMHURBASKANI_MAHMUD_VE_ETIY.jpeg","datePublished":"2024-12-16T17:21:55+00:00","author":{"@id":"https:\/\/kuzeyinsesi.org\/#\/schema\/person\/9f859689cdf01485597712386e37f5aa"},"breadcrumb":{"@id":"https:\/\/kuzeyinsesi.org\/index.php\/2024\/12\/16\/erdogan-somali-ile-etiyopya-arasindaki-anlasmanin-ardindan-gelecek-yil-bu-ulkeleri-ziyaret-edecek\/#breadcrumb"},"inLanguage":"tr","potentialAction":[{"@type":"ReadAction","target":["https:\/\/kuzeyinsesi.org\/index.php\/2024\/12\/16\/erdogan-somali-ile-etiyopya-arasindaki-anlasmanin-ardindan-gelecek-yil-bu-ulkeleri-ziyaret-edecek\/"]}]},{"@type":"ImageObject","inLanguage":"tr","@id":"https:\/\/kuzeyinsesi.org\/index.php\/2024\/12\/16\/erdogan-somali-ile-etiyopya-arasindaki-anlasmanin-ardindan-gelecek-yil-bu-ulkeleri-ziyaret-edecek\/#primaryimage","url":"https:\/\/kuzeyinsesi.org\/wp-content\/uploads\/2024\/12\/1734337363585AA-20241211-36457993-36457989-CUMHURBASKANI_ERDOGAN_SOMALI_CUMHURBASKANI_MAHMUD_VE_ETIY.jpeg","contentUrl":"https:\/\/kuzeyinsesi.org\/wp-content\/uploads\/2024\/12\/1734337363585AA-20241211-36457993-36457989-CUMHURBASKANI_ERDOGAN_SOMALI_CUMHURBASKANI_MAHMUD_VE_ETIY.jpeg","width":2560,"height":1788},{"@type":"BreadcrumbList","@id":"https:\/\/kuzeyinsesi.org\/index.php\/2024\/12\/16\/erdogan-somali-ile-etiyopya-arasindaki-anlasmanin-ardindan-gelecek-yil-bu-ulkeleri-ziyaret-edecek\/#breadcrumb","itemListElement":[{"@type":"ListItem","position":1,"name":"Anasayfa","item":"https:\/\/kuzeyinsesi.org\/"},{"@type":"ListItem","position":2,"name":"Erdo\u011fan, Somali ile Etiyopya aras\u0131ndaki anla\u015fman\u0131n ard\u0131ndan gelecek y\u0131l bu \u00fclkeleri ziyaret edecek"}]},{"@type":"WebSite","@id":"https:\/\/kuzeyinsesi.org\/#website","url":"https:\/\/kuzeyinsesi.org\/","name":"Kuzeyin Sesi","description":"Do\u011fru Haberin Adresi","potentialAction":[{"@type":"SearchAction","target":{"@type":"EntryPoint","urlTemplate":"https:\/\/kuzeyinsesi.org\/?s={search_term_string}"},"query-input":{"@type":"PropertyValueSpecification","valueRequired":true,"valueName":"search_term_string"}}],"inLanguage":"tr"},{"@type":"Person","@id":"https:\/\/kuzeyinsesi.org\/#\/schema\/person\/9f859689cdf01485597712386e37f5aa","name":"Kuzeyin Sesi","image":{"@type":"ImageObject","inLanguage":"tr","@id":"https:\/\/secure.gravatar.com\/avatar\/bab33852abfd8b282518d6ed81826833d77c3c882d9ab608add591ccace47a44?s=96&d=mm&r=g","url":"https:\/\/secure.gravatar.com\/avatar\/bab33852abfd8b282518d6ed81826833d77c3c882d9ab608add591ccace47a44?s=96&d=mm&r=g","contentUrl":"https:\/\/secure.gravatar.com\/avatar\/bab33852abfd8b282518d6ed81826833d77c3c882d9ab608add591ccace47a44?s=96&d=mm&r=g","caption":"Kuzeyin Sesi"},"sameAs":["https:\/\/kuzeyinsesi.org"],"url":"https:\/\/kuzeyinsesi.org\/index.php\/author\/guven\/"}]}},"_links":{"self":[{"href":"https:\/\/kuzeyinsesi.org\/index.php\/wp-json\/wp\/v2\/posts\/15670","targetHints":{"allow":["GET"]}}],"collection":[{"href":"https:\/\/kuzeyinsesi.org\/index.php\/wp-json\/wp\/v2\/posts"}],"about":[{"href":"https:\/\/kuzeyinsesi.org\/index.php\/wp-json\/wp\/v2\/types\/post"}],"author":[{"embeddable":true,"href":"https:\/\/kuzeyinsesi.org\/index.php\/wp-json\/wp\/v2\/users\/1"}],"replies":[{"embeddable":true,"href":"https:\/\/kuzeyinsesi.org\/index.php\/wp-json\/wp\/v2\/comments?post=15670"}],"version-history":[{"count":0,"href":"https:\/\/kuzeyinsesi.org\/index.php\/wp-json\/wp\/v2\/posts\/15670\/revisions"}],"wp:featuredmedia":[{"embeddable":true,"href":"https:\/\/kuzeyinsesi.org\/index.php\/wp-json\/wp\/v2\/media\/15671"}],"wp:attachment":[{"href":"https:\/\/kuzeyinsesi.org\/index.php\/wp-json\/wp\/v2\/media?parent=15670"}],"wp:term":[{"taxonomy":"category","embeddable":true,"href":"https:\/\/kuzeyinsesi.org\/index.php\/wp-json\/wp\/v2\/categories?post=15670"},{"taxonomy":"post_tag","embeddable":true,"href":"https:\/\/kuzeyinsesi.org\/index.php\/wp-json\/wp\/v2\/tags?post=15670"}],"curies":[{"name":"wp","href":"https:\/\/api.w.org\/{rel}","templated":true}]}}