{"id":15593,"date":"2024-12-14T18:24:27","date_gmt":"2024-12-14T16:24:27","guid":{"rendered":"https:\/\/kuzeyinsesi.org\/index.php\/2024\/12\/14\/tc-milli-savunma-bakani-guler-kibris-turklerinin-egemen-esitliklerinin-kabulu-olmazsa-olmazdir\/"},"modified":"2024-12-14T18:24:27","modified_gmt":"2024-12-14T16:24:27","slug":"tc-milli-savunma-bakani-guler-kibris-turklerinin-egemen-esitliklerinin-kabulu-olmazsa-olmazdir","status":"publish","type":"post","link":"https:\/\/kuzeyinsesi.org\/index.php\/2024\/12\/14\/tc-milli-savunma-bakani-guler-kibris-turklerinin-egemen-esitliklerinin-kabulu-olmazsa-olmazdir\/","title":{"rendered":"TC Milli Savunma Bakan\u0131 G\u00fcler: K\u0131br\u0131s T\u00fcrkleri\u2019nin egemen e\u015fitliklerinin kabul\u00fc olmazsa olmazd\u0131r"},"content":{"rendered":"<div>\n<div class=\"mariselle-image-container center\">\n                                            <\/div>\n<p>T\u00fcrkiye Milli Savunma Bakan\u0131 Ya\u015far G\u00fcler, TBMM Genel Kurulu\u2019nda Milli Savunma Bakanl\u0131\u011f\u0131\u2019n\u0131n 2025 y\u0131l\u0131 b\u00fct\u00e7esine ili\u015fkin yapt\u0131\u011f\u0131 sunumda K\u0131br\u0131s sorunu ve Do\u011fu Akdeniz\u2019e de de\u011findi.<\/p>\n<p>Ege ve Do\u011fu Akdeniz\u2019deki faaliyetlere de\u011finen Bakan G\u00fcler, b\u00f6lgede T\u00fcrkiye\u2019nin hak ve menfaatlerini en y\u00fcksek d\u00fczeyde koruduklar\u0131n\u0131 belirtti.<\/p>\n<p>Yunanistan\u2019la y\u0131llard\u0131r s\u00fcregelen sorunlar\u0131 \u00e7\u00f6zmek i\u00e7in bar\u0131\u015f\u00e7\u0131l bir tutum sergilediklerini, Ege Denizi\u2019nin dostluk ve bar\u0131\u015f denizi olmas\u0131 i\u00e7in yo\u011fun \u00e7aba g\u00f6sterdiklerini dile getiren G\u00fcler, \u015funlar\u0131 kaydetti:<\/p>\n<p>\u201cSon d\u00f6nemde Say\u0131n Cumhurba\u015fkan\u0131\u2019m\u0131z ile Yunanistan Ba\u015fbakan\u0131\u2019n\u0131n gayretleriyle tesis edilen ili\u015fkiler \u00e7er\u00e7evesinde iki \u00fclke aras\u0131ndaki gerginlik b\u00fcy\u00fck \u00f6l\u00e7\u00fcde azalm\u0131\u015f ve kar\u015f\u0131l\u0131kl\u0131 g\u00fcven art\u0131r\u0131c\u0131 \u00f6nlemler kapsam\u0131nda diyalog s\u00fcreci yeniden ba\u015flat\u0131lm\u0131\u015ft\u0131r. Bu kapsamda askeri heyetlerimiz aras\u0131ndaki g\u00f6r\u00fc\u015fme ve ziyaretler, s\u00fcrecin ruhuna uygun olarak ger\u00e7ekle\u015ftirilmektedir. T\u00fcm bunlarla birlikte mavi ve g\u00f6k vatan\u0131m\u0131zdaki hakk\u0131m\u0131z\u0131 ve hukukumuzu koruma kararl\u0131l\u0131\u011f\u0131m\u0131z\u0131 da her f\u0131rsatta dile getiriyoruz. Di\u011fer yandan, Do\u011fu Akdeniz\u2019de tek y\u00fcrek oldu\u011fumuz karde\u015f KKTC\u2019ye her t\u00fcrl\u00fc deste\u011fi veriyor, soyda\u015flar\u0131m\u0131z\u0131n haklar\u0131n\u0131 t\u00fcm platformlarda en g\u00fc\u00e7l\u00fc \u015fekilde savunuyoruz.\u201d<\/p>\n<p>G\u00fcler, K\u0131br\u0131s T\u00fcrklerinin egemen e\u015fitlikleri ile e\u015fit uluslararas\u0131 stat\u00fclerinin kabul\u00fcn\u00fc \u201colmazsa olmaz\u201d olarak nitelendirerek, \u201cBundan sonra da KKTC\u2019nin tan\u0131nmas\u0131 ba\u015fta olmak \u00fczere, K\u0131br\u0131s meselesinin adil \u00e7\u00f6z\u00fcm\u00fc i\u00e7in gayret g\u00f6stermeye devam edece\u011fiz\u201d dedi.<\/p>\n<\/p><\/div>\n<p><script async\n                    defer\n                    crossorigin=\"anonymous\"\n                    src=\"https:\/\/connect.facebook.net\/tr_TR\/sdk.js#xfbml=1&#038;version=v3.3\"\n            ><\/script><\/p>\n","protected":false},"excerpt":{"rendered":"<p>T\u00fcrkiye Milli Savunma Bakan\u0131 Ya\u015far G\u00fcler, TBMM Genel Kurulu\u2019nda Milli Savunma Bakanl\u0131\u011f\u0131\u2019n\u0131n 2025 y\u0131l\u0131 b\u00fct\u00e7esine ili\u015fkin yapt\u0131\u011f\u0131 sunumda K\u0131br\u0131s sorunu ve Do\u011fu Akdeniz\u2019e de de\u011findi. Ege ve Do\u011fu Akdeniz\u2019deki faaliyetlere de\u011finen Bakan G\u00fcler, b\u00f6lgede T\u00fcrkiye\u2019nin hak ve menfaatlerini en y\u00fcksek d\u00fczeyde koruduklar\u0131n\u0131 belirtti. Yunanistan\u2019la y\u0131llard\u0131r s\u00fcregelen sorunlar\u0131 \u00e7\u00f6zmek i\u00e7in bar\u0131\u015f\u00e7\u0131l bir tutum sergilediklerini, Ege Denizi\u2019nin [&hellip;]<\/p>\n","protected":false},"author":1,"featured_media":15594,"comment_status":"open","ping_status":"open","sticky":false,"template":"","format":"standard","meta":{"jnews-multi-image_gallery":[],"jnews_single_post":[],"jnews_primary_category":[],"jnews_social_meta":[],"jnews_override_counter":[],"footnotes":""},"categories":[5],"tags":[],"class_list":["post-15593","post","type-post","status-publish","format-standard","has-post-thumbnail","hentry","category-turkiye"],"yoast_head":"<!-- This site is optimized with the Yoast SEO plugin v27.4 - https:\/\/yoast.com\/product\/yoast-seo-wordpress\/ -->\n<title>TC Milli Savunma Bakan\u0131 G\u00fcler: K\u0131br\u0131s T\u00fcrkleri\u2019nin egemen e\u015fitliklerinin kabul\u00fc olmazsa olmazd\u0131r - Kuzeyin Sesi<\/title>\n<meta name=\"robots\" content=\"index, follow, max-snippet:-1, max-image-preview:large, max-video-preview:-1\" \/>\n<link rel=\"canonical\" href=\"https:\/\/kuzeyinsesi.org\/index.php\/2024\/12\/14\/tc-milli-savunma-bakani-guler-kibris-turklerinin-egemen-esitliklerinin-kabulu-olmazsa-olmazdir\/\" \/>\n<meta property=\"og:locale\" content=\"tr_TR\" \/>\n<meta property=\"og:type\" content=\"article\" \/>\n<meta property=\"og:title\" content=\"TC Milli Savunma Bakan\u0131 G\u00fcler: K\u0131br\u0131s T\u00fcrkleri\u2019nin egemen e\u015fitliklerinin kabul\u00fc olmazsa olmazd\u0131r - Kuzeyin Sesi\" \/>\n<meta property=\"og:description\" content=\"T\u00fcrkiye Milli Savunma Bakan\u0131 Ya\u015far G\u00fcler, TBMM Genel Kurulu\u2019nda Milli Savunma Bakanl\u0131\u011f\u0131\u2019n\u0131n 2025 y\u0131l\u0131 b\u00fct\u00e7esine ili\u015fkin yapt\u0131\u011f\u0131 sunumda K\u0131br\u0131s sorunu ve Do\u011fu Akdeniz\u2019e de de\u011findi. Ege ve Do\u011fu Akdeniz\u2019deki faaliyetlere de\u011finen Bakan G\u00fcler, b\u00f6lgede T\u00fcrkiye\u2019nin hak ve menfaatlerini en y\u00fcksek d\u00fczeyde koruduklar\u0131n\u0131 belirtti. Yunanistan\u2019la y\u0131llard\u0131r s\u00fcregelen sorunlar\u0131 \u00e7\u00f6zmek i\u00e7in bar\u0131\u015f\u00e7\u0131l bir tutum sergilediklerini, Ege Denizi\u2019nin [&hellip;]\" \/>\n<meta property=\"og:url\" content=\"https:\/\/kuzeyinsesi.org\/index.php\/2024\/12\/14\/tc-milli-savunma-bakani-guler-kibris-turklerinin-egemen-esitliklerinin-kabulu-olmazsa-olmazdir\/\" \/>\n<meta property=\"og:site_name\" content=\"Kuzeyin Sesi\" \/>\n<meta property=\"article:publisher\" content=\"https:\/\/www.facebook.com\/kuzeyinsesii\" \/>\n<meta property=\"article:published_time\" content=\"2024-12-14T16:24:27+00:00\" \/>\n<meta property=\"og:image\" content=\"https:\/\/brtk.net\/wp-content\/uploads\/2024\/12\/14\/guler-milli-sav.jpg?ver=d3f59f1bd42977254655e0c651c07ba2\" \/>\n<meta name=\"author\" content=\"Kuzeyin Sesi\" \/>\n<meta name=\"twitter:card\" content=\"summary_large_image\" \/>\n<meta name=\"twitter:creator\" content=\"@kuzeyinsesii\" \/>\n<meta name=\"twitter:site\" content=\"@kuzeyinsesii\" \/>\n<meta name=\"twitter:label1\" content=\"Yazan:\" \/>\n\t<meta name=\"twitter:data1\" content=\"Kuzeyin Sesi\" \/>\n\t<meta name=\"twitter:label2\" content=\"Tahmini okuma s\u00fcresi\" \/>\n\t<meta name=\"twitter:data2\" content=\"1 dakika\" \/>\n<script type=\"application\/ld+json\" class=\"yoast-schema-graph\">{\"@context\":\"https:\\\/\\\/schema.org\",\"@graph\":[{\"@type\":\"Article\",\"@id\":\"https:\\\/\\\/kuzeyinsesi.org\\\/index.php\\\/2024\\\/12\\\/14\\\/tc-milli-savunma-bakani-guler-kibris-turklerinin-egemen-esitliklerinin-kabulu-olmazsa-olmazdir\\\/#article\",\"isPartOf\":{\"@id\":\"https:\\\/\\\/kuzeyinsesi.org\\\/index.php\\\/2024\\\/12\\\/14\\\/tc-milli-savunma-bakani-guler-kibris-turklerinin-egemen-esitliklerinin-kabulu-olmazsa-olmazdir\\\/\"},\"author\":{\"name\":\"Kuzeyin Sesi\",\"@id\":\"https:\\\/\\\/kuzeyinsesi.org\\\/#\\\/schema\\\/person\\\/9f859689cdf01485597712386e37f5aa\"},\"headline\":\"TC Milli Savunma Bakan\u0131 G\u00fcler: K\u0131br\u0131s T\u00fcrkleri\u2019nin egemen e\u015fitliklerinin kabul\u00fc olmazsa olmazd\u0131r\",\"datePublished\":\"2024-12-14T16:24:27+00:00\",\"mainEntityOfPage\":{\"@id\":\"https:\\\/\\\/kuzeyinsesi.org\\\/index.php\\\/2024\\\/12\\\/14\\\/tc-milli-savunma-bakani-guler-kibris-turklerinin-egemen-esitliklerinin-kabulu-olmazsa-olmazdir\\\/\"},\"wordCount\":308,\"commentCount\":0,\"image\":{\"@id\":\"https:\\\/\\\/kuzeyinsesi.org\\\/index.php\\\/2024\\\/12\\\/14\\\/tc-milli-savunma-bakani-guler-kibris-turklerinin-egemen-esitliklerinin-kabulu-olmazsa-olmazdir\\\/#primaryimage\"},\"thumbnailUrl\":\"https:\\\/\\\/kuzeyinsesi.org\\\/wp-content\\\/uploads\\\/2024\\\/12\\\/guler-milli-sav.jpg\",\"articleSection\":[\"T\u00fcrkiye\"],\"inLanguage\":\"tr\",\"potentialAction\":[{\"@type\":\"CommentAction\",\"name\":\"Comment\",\"target\":[\"https:\\\/\\\/kuzeyinsesi.org\\\/index.php\\\/2024\\\/12\\\/14\\\/tc-milli-savunma-bakani-guler-kibris-turklerinin-egemen-esitliklerinin-kabulu-olmazsa-olmazdir\\\/#respond\"]}]},{\"@type\":\"WebPage\",\"@id\":\"https:\\\/\\\/kuzeyinsesi.org\\\/index.php\\\/2024\\\/12\\\/14\\\/tc-milli-savunma-bakani-guler-kibris-turklerinin-egemen-esitliklerinin-kabulu-olmazsa-olmazdir\\\/\",\"url\":\"https:\\\/\\\/kuzeyinsesi.org\\\/index.php\\\/2024\\\/12\\\/14\\\/tc-milli-savunma-bakani-guler-kibris-turklerinin-egemen-esitliklerinin-kabulu-olmazsa-olmazdir\\\/\",\"name\":\"TC Milli Savunma Bakan\u0131 G\u00fcler: K\u0131br\u0131s T\u00fcrkleri\u2019nin egemen e\u015fitliklerinin kabul\u00fc olmazsa olmazd\u0131r - Kuzeyin Sesi\",\"isPartOf\":{\"@id\":\"https:\\\/\\\/kuzeyinsesi.org\\\/#website\"},\"primaryImageOfPage\":{\"@id\":\"https:\\\/\\\/kuzeyinsesi.org\\\/index.php\\\/2024\\\/12\\\/14\\\/tc-milli-savunma-bakani-guler-kibris-turklerinin-egemen-esitliklerinin-kabulu-olmazsa-olmazdir\\\/#primaryimage\"},\"image\":{\"@id\":\"https:\\\/\\\/kuzeyinsesi.org\\\/index.php\\\/2024\\\/12\\\/14\\\/tc-milli-savunma-bakani-guler-kibris-turklerinin-egemen-esitliklerinin-kabulu-olmazsa-olmazdir\\\/#primaryimage\"},\"thumbnailUrl\":\"https:\\\/\\\/kuzeyinsesi.org\\\/wp-content\\\/uploads\\\/2024\\\/12\\\/guler-milli-sav.jpg\",\"datePublished\":\"2024-12-14T16:24:27+00:00\",\"author\":{\"@id\":\"https:\\\/\\\/kuzeyinsesi.org\\\/#\\\/schema\\\/person\\\/9f859689cdf01485597712386e37f5aa\"},\"breadcrumb\":{\"@id\":\"https:\\\/\\\/kuzeyinsesi.org\\\/index.php\\\/2024\\\/12\\\/14\\\/tc-milli-savunma-bakani-guler-kibris-turklerinin-egemen-esitliklerinin-kabulu-olmazsa-olmazdir\\\/#breadcrumb\"},\"inLanguage\":\"tr\",\"potentialAction\":[{\"@type\":\"ReadAction\",\"target\":[\"https:\\\/\\\/kuzeyinsesi.org\\\/index.php\\\/2024\\\/12\\\/14\\\/tc-milli-savunma-bakani-guler-kibris-turklerinin-egemen-esitliklerinin-kabulu-olmazsa-olmazdir\\\/\"]}]},{\"@type\":\"ImageObject\",\"inLanguage\":\"tr\",\"@id\":\"https:\\\/\\\/kuzeyinsesi.org\\\/index.php\\\/2024\\\/12\\\/14\\\/tc-milli-savunma-bakani-guler-kibris-turklerinin-egemen-esitliklerinin-kabulu-olmazsa-olmazdir\\\/#primaryimage\",\"url\":\"https:\\\/\\\/kuzeyinsesi.org\\\/wp-content\\\/uploads\\\/2024\\\/12\\\/guler-milli-sav.jpg\",\"contentUrl\":\"https:\\\/\\\/kuzeyinsesi.org\\\/wp-content\\\/uploads\\\/2024\\\/12\\\/guler-milli-sav.jpg\",\"width\":1920,\"height\":1280},{\"@type\":\"BreadcrumbList\",\"@id\":\"https:\\\/\\\/kuzeyinsesi.org\\\/index.php\\\/2024\\\/12\\\/14\\\/tc-milli-savunma-bakani-guler-kibris-turklerinin-egemen-esitliklerinin-kabulu-olmazsa-olmazdir\\\/#breadcrumb\",\"itemListElement\":[{\"@type\":\"ListItem\",\"position\":1,\"name\":\"Anasayfa\",\"item\":\"https:\\\/\\\/kuzeyinsesi.org\\\/\"},{\"@type\":\"ListItem\",\"position\":2,\"name\":\"TC Milli Savunma Bakan\u0131 G\u00fcler: K\u0131br\u0131s T\u00fcrkleri\u2019nin egemen e\u015fitliklerinin kabul\u00fc olmazsa olmazd\u0131r\"}]},{\"@type\":\"WebSite\",\"@id\":\"https:\\\/\\\/kuzeyinsesi.org\\\/#website\",\"url\":\"https:\\\/\\\/kuzeyinsesi.org\\\/\",\"name\":\"Kuzeyin Sesi\",\"description\":\"Do\u011fru Haberin Adresi\",\"potentialAction\":[{\"@type\":\"SearchAction\",\"target\":{\"@type\":\"EntryPoint\",\"urlTemplate\":\"https:\\\/\\\/kuzeyinsesi.org\\\/?s={search_term_string}\"},\"query-input\":{\"@type\":\"PropertyValueSpecification\",\"valueRequired\":true,\"valueName\":\"search_term_string\"}}],\"inLanguage\":\"tr\"},{\"@type\":\"Person\",\"@id\":\"https:\\\/\\\/kuzeyinsesi.org\\\/#\\\/schema\\\/person\\\/9f859689cdf01485597712386e37f5aa\",\"name\":\"Kuzeyin Sesi\",\"image\":{\"@type\":\"ImageObject\",\"inLanguage\":\"tr\",\"@id\":\"https:\\\/\\\/secure.gravatar.com\\\/avatar\\\/bab33852abfd8b282518d6ed81826833d77c3c882d9ab608add591ccace47a44?s=96&d=mm&r=g\",\"url\":\"https:\\\/\\\/secure.gravatar.com\\\/avatar\\\/bab33852abfd8b282518d6ed81826833d77c3c882d9ab608add591ccace47a44?s=96&d=mm&r=g\",\"contentUrl\":\"https:\\\/\\\/secure.gravatar.com\\\/avatar\\\/bab33852abfd8b282518d6ed81826833d77c3c882d9ab608add591ccace47a44?s=96&d=mm&r=g\",\"caption\":\"Kuzeyin Sesi\"},\"sameAs\":[\"https:\\\/\\\/kuzeyinsesi.org\"],\"url\":\"https:\\\/\\\/kuzeyinsesi.org\\\/index.php\\\/author\\\/guven\\\/\"}]}<\/script>\n<!-- \/ Yoast SEO plugin. -->","yoast_head_json":{"title":"TC Milli Savunma Bakan\u0131 G\u00fcler: K\u0131br\u0131s T\u00fcrkleri\u2019nin egemen e\u015fitliklerinin kabul\u00fc olmazsa olmazd\u0131r - Kuzeyin Sesi","robots":{"index":"index","follow":"follow","max-snippet":"max-snippet:-1","max-image-preview":"max-image-preview:large","max-video-preview":"max-video-preview:-1"},"canonical":"https:\/\/kuzeyinsesi.org\/index.php\/2024\/12\/14\/tc-milli-savunma-bakani-guler-kibris-turklerinin-egemen-esitliklerinin-kabulu-olmazsa-olmazdir\/","og_locale":"tr_TR","og_type":"article","og_title":"TC Milli Savunma Bakan\u0131 G\u00fcler: K\u0131br\u0131s T\u00fcrkleri\u2019nin egemen e\u015fitliklerinin kabul\u00fc olmazsa olmazd\u0131r - Kuzeyin Sesi","og_description":"T\u00fcrkiye Milli Savunma Bakan\u0131 Ya\u015far G\u00fcler, TBMM Genel Kurulu\u2019nda Milli Savunma Bakanl\u0131\u011f\u0131\u2019n\u0131n 2025 y\u0131l\u0131 b\u00fct\u00e7esine ili\u015fkin yapt\u0131\u011f\u0131 sunumda K\u0131br\u0131s sorunu ve Do\u011fu Akdeniz\u2019e de de\u011findi. Ege ve Do\u011fu Akdeniz\u2019deki faaliyetlere de\u011finen Bakan G\u00fcler, b\u00f6lgede T\u00fcrkiye\u2019nin hak ve menfaatlerini en y\u00fcksek d\u00fczeyde koruduklar\u0131n\u0131 belirtti. Yunanistan\u2019la y\u0131llard\u0131r s\u00fcregelen sorunlar\u0131 \u00e7\u00f6zmek i\u00e7in bar\u0131\u015f\u00e7\u0131l bir tutum sergilediklerini, Ege Denizi\u2019nin [&hellip;]","og_url":"https:\/\/kuzeyinsesi.org\/index.php\/2024\/12\/14\/tc-milli-savunma-bakani-guler-kibris-turklerinin-egemen-esitliklerinin-kabulu-olmazsa-olmazdir\/","og_site_name":"Kuzeyin Sesi","article_publisher":"https:\/\/www.facebook.com\/kuzeyinsesii","article_published_time":"2024-12-14T16:24:27+00:00","og_image":[{"url":"https:\/\/brtk.net\/wp-content\/uploads\/2024\/12\/14\/guler-milli-sav.jpg?ver=d3f59f1bd42977254655e0c651c07ba2","type":"","width":"","height":""}],"author":"Kuzeyin Sesi","twitter_card":"summary_large_image","twitter_creator":"@kuzeyinsesii","twitter_site":"@kuzeyinsesii","twitter_misc":{"Yazan:":"Kuzeyin Sesi","Tahmini okuma s\u00fcresi":"1 dakika"},"schema":{"@context":"https:\/\/schema.org","@graph":[{"@type":"Article","@id":"https:\/\/kuzeyinsesi.org\/index.php\/2024\/12\/14\/tc-milli-savunma-bakani-guler-kibris-turklerinin-egemen-esitliklerinin-kabulu-olmazsa-olmazdir\/#article","isPartOf":{"@id":"https:\/\/kuzeyinsesi.org\/index.php\/2024\/12\/14\/tc-milli-savunma-bakani-guler-kibris-turklerinin-egemen-esitliklerinin-kabulu-olmazsa-olmazdir\/"},"author":{"name":"Kuzeyin Sesi","@id":"https:\/\/kuzeyinsesi.org\/#\/schema\/person\/9f859689cdf01485597712386e37f5aa"},"headline":"TC Milli Savunma Bakan\u0131 G\u00fcler: K\u0131br\u0131s T\u00fcrkleri\u2019nin egemen e\u015fitliklerinin kabul\u00fc olmazsa olmazd\u0131r","datePublished":"2024-12-14T16:24:27+00:00","mainEntityOfPage":{"@id":"https:\/\/kuzeyinsesi.org\/index.php\/2024\/12\/14\/tc-milli-savunma-bakani-guler-kibris-turklerinin-egemen-esitliklerinin-kabulu-olmazsa-olmazdir\/"},"wordCount":308,"commentCount":0,"image":{"@id":"https:\/\/kuzeyinsesi.org\/index.php\/2024\/12\/14\/tc-milli-savunma-bakani-guler-kibris-turklerinin-egemen-esitliklerinin-kabulu-olmazsa-olmazdir\/#primaryimage"},"thumbnailUrl":"https:\/\/kuzeyinsesi.org\/wp-content\/uploads\/2024\/12\/guler-milli-sav.jpg","articleSection":["T\u00fcrkiye"],"inLanguage":"tr","potentialAction":[{"@type":"CommentAction","name":"Comment","target":["https:\/\/kuzeyinsesi.org\/index.php\/2024\/12\/14\/tc-milli-savunma-bakani-guler-kibris-turklerinin-egemen-esitliklerinin-kabulu-olmazsa-olmazdir\/#respond"]}]},{"@type":"WebPage","@id":"https:\/\/kuzeyinsesi.org\/index.php\/2024\/12\/14\/tc-milli-savunma-bakani-guler-kibris-turklerinin-egemen-esitliklerinin-kabulu-olmazsa-olmazdir\/","url":"https:\/\/kuzeyinsesi.org\/index.php\/2024\/12\/14\/tc-milli-savunma-bakani-guler-kibris-turklerinin-egemen-esitliklerinin-kabulu-olmazsa-olmazdir\/","name":"TC Milli Savunma Bakan\u0131 G\u00fcler: K\u0131br\u0131s T\u00fcrkleri\u2019nin egemen e\u015fitliklerinin kabul\u00fc olmazsa olmazd\u0131r - Kuzeyin Sesi","isPartOf":{"@id":"https:\/\/kuzeyinsesi.org\/#website"},"primaryImageOfPage":{"@id":"https:\/\/kuzeyinsesi.org\/index.php\/2024\/12\/14\/tc-milli-savunma-bakani-guler-kibris-turklerinin-egemen-esitliklerinin-kabulu-olmazsa-olmazdir\/#primaryimage"},"image":{"@id":"https:\/\/kuzeyinsesi.org\/index.php\/2024\/12\/14\/tc-milli-savunma-bakani-guler-kibris-turklerinin-egemen-esitliklerinin-kabulu-olmazsa-olmazdir\/#primaryimage"},"thumbnailUrl":"https:\/\/kuzeyinsesi.org\/wp-content\/uploads\/2024\/12\/guler-milli-sav.jpg","datePublished":"2024-12-14T16:24:27+00:00","author":{"@id":"https:\/\/kuzeyinsesi.org\/#\/schema\/person\/9f859689cdf01485597712386e37f5aa"},"breadcrumb":{"@id":"https:\/\/kuzeyinsesi.org\/index.php\/2024\/12\/14\/tc-milli-savunma-bakani-guler-kibris-turklerinin-egemen-esitliklerinin-kabulu-olmazsa-olmazdir\/#breadcrumb"},"inLanguage":"tr","potentialAction":[{"@type":"ReadAction","target":["https:\/\/kuzeyinsesi.org\/index.php\/2024\/12\/14\/tc-milli-savunma-bakani-guler-kibris-turklerinin-egemen-esitliklerinin-kabulu-olmazsa-olmazdir\/"]}]},{"@type":"ImageObject","inLanguage":"tr","@id":"https:\/\/kuzeyinsesi.org\/index.php\/2024\/12\/14\/tc-milli-savunma-bakani-guler-kibris-turklerinin-egemen-esitliklerinin-kabulu-olmazsa-olmazdir\/#primaryimage","url":"https:\/\/kuzeyinsesi.org\/wp-content\/uploads\/2024\/12\/guler-milli-sav.jpg","contentUrl":"https:\/\/kuzeyinsesi.org\/wp-content\/uploads\/2024\/12\/guler-milli-sav.jpg","width":1920,"height":1280},{"@type":"BreadcrumbList","@id":"https:\/\/kuzeyinsesi.org\/index.php\/2024\/12\/14\/tc-milli-savunma-bakani-guler-kibris-turklerinin-egemen-esitliklerinin-kabulu-olmazsa-olmazdir\/#breadcrumb","itemListElement":[{"@type":"ListItem","position":1,"name":"Anasayfa","item":"https:\/\/kuzeyinsesi.org\/"},{"@type":"ListItem","position":2,"name":"TC Milli Savunma Bakan\u0131 G\u00fcler: K\u0131br\u0131s T\u00fcrkleri\u2019nin egemen e\u015fitliklerinin kabul\u00fc olmazsa olmazd\u0131r"}]},{"@type":"WebSite","@id":"https:\/\/kuzeyinsesi.org\/#website","url":"https:\/\/kuzeyinsesi.org\/","name":"Kuzeyin Sesi","description":"Do\u011fru Haberin Adresi","potentialAction":[{"@type":"SearchAction","target":{"@type":"EntryPoint","urlTemplate":"https:\/\/kuzeyinsesi.org\/?s={search_term_string}"},"query-input":{"@type":"PropertyValueSpecification","valueRequired":true,"valueName":"search_term_string"}}],"inLanguage":"tr"},{"@type":"Person","@id":"https:\/\/kuzeyinsesi.org\/#\/schema\/person\/9f859689cdf01485597712386e37f5aa","name":"Kuzeyin Sesi","image":{"@type":"ImageObject","inLanguage":"tr","@id":"https:\/\/secure.gravatar.com\/avatar\/bab33852abfd8b282518d6ed81826833d77c3c882d9ab608add591ccace47a44?s=96&d=mm&r=g","url":"https:\/\/secure.gravatar.com\/avatar\/bab33852abfd8b282518d6ed81826833d77c3c882d9ab608add591ccace47a44?s=96&d=mm&r=g","contentUrl":"https:\/\/secure.gravatar.com\/avatar\/bab33852abfd8b282518d6ed81826833d77c3c882d9ab608add591ccace47a44?s=96&d=mm&r=g","caption":"Kuzeyin Sesi"},"sameAs":["https:\/\/kuzeyinsesi.org"],"url":"https:\/\/kuzeyinsesi.org\/index.php\/author\/guven\/"}]}},"_links":{"self":[{"href":"https:\/\/kuzeyinsesi.org\/index.php\/wp-json\/wp\/v2\/posts\/15593","targetHints":{"allow":["GET"]}}],"collection":[{"href":"https:\/\/kuzeyinsesi.org\/index.php\/wp-json\/wp\/v2\/posts"}],"about":[{"href":"https:\/\/kuzeyinsesi.org\/index.php\/wp-json\/wp\/v2\/types\/post"}],"author":[{"embeddable":true,"href":"https:\/\/kuzeyinsesi.org\/index.php\/wp-json\/wp\/v2\/users\/1"}],"replies":[{"embeddable":true,"href":"https:\/\/kuzeyinsesi.org\/index.php\/wp-json\/wp\/v2\/comments?post=15593"}],"version-history":[{"count":0,"href":"https:\/\/kuzeyinsesi.org\/index.php\/wp-json\/wp\/v2\/posts\/15593\/revisions"}],"wp:featuredmedia":[{"embeddable":true,"href":"https:\/\/kuzeyinsesi.org\/index.php\/wp-json\/wp\/v2\/media\/15594"}],"wp:attachment":[{"href":"https:\/\/kuzeyinsesi.org\/index.php\/wp-json\/wp\/v2\/media?parent=15593"}],"wp:term":[{"taxonomy":"category","embeddable":true,"href":"https:\/\/kuzeyinsesi.org\/index.php\/wp-json\/wp\/v2\/categories?post=15593"},{"taxonomy":"post_tag","embeddable":true,"href":"https:\/\/kuzeyinsesi.org\/index.php\/wp-json\/wp\/v2\/tags?post=15593"}],"curies":[{"name":"wp","href":"https:\/\/api.w.org\/{rel}","templated":true}]}}