{"id":15591,"date":"2024-12-14T18:13:24","date_gmt":"2024-12-14T16:13:24","guid":{"rendered":"https:\/\/kuzeyinsesi.org\/index.php\/2024\/12\/14\/turkiyenin-sam-buyukelciligi-12-yil-aradan-sonra-faaliyetlerine-basladi\/"},"modified":"2024-12-14T18:13:24","modified_gmt":"2024-12-14T16:13:24","slug":"turkiyenin-sam-buyukelciligi-12-yil-aradan-sonra-faaliyetlerine-basladi","status":"publish","type":"post","link":"https:\/\/kuzeyinsesi.org\/index.php\/2024\/12\/14\/turkiyenin-sam-buyukelciligi-12-yil-aradan-sonra-faaliyetlerine-basladi\/","title":{"rendered":"T\u00fcrkiye\u2019nin \u015eam B\u00fcy\u00fckel\u00e7ili\u011fi 12 y\u0131l aradan sonra faaliyetlerine ba\u015flad\u0131"},"content":{"rendered":"<div>\n<div class=\"mariselle-image-container center\">\n                                            <\/div>\n<p>T\u00fcrkiye\u2019nin \u015eam B\u00fcy\u00fckel\u00e7ili\u011fi\u2019nde T\u00fcrk bayra\u011f\u0131 g\u00f6ndere \u00e7ekilerek 12 y\u0131l aradan sonra el\u00e7ilik faaliyetleri yeniden ba\u015flad\u0131.<\/p>\n<p>Suriye\u2019de 27 Kas\u0131m\u2019da Halep\u2019in bat\u0131 k\u0131rsal\u0131nda Be\u015f\u015far Esed rejimi g\u00fc\u00e7leriyle \u00e7at\u0131\u015fmalara giren muhalifler, 8 Aral\u0131k\u2019ta ba\u015fkent \u015eam\u2019da kontrol\u00fc sa\u011flam\u0131\u015f, \u00fclkede 61 y\u0131ll\u0131k Baas rejimi devrilmi\u015fti.<\/p>\n<p> T\u00fcrkiye\u2019nin Nuak\u015fot B\u00fcy\u00fckel\u00e7isi Burhan K\u00f6ro\u011flu, 12 Aral\u0131k\u2019ta \u015eam B\u00fcy\u00fckel\u00e7ili\u011fi Ge\u00e7ici Maslahatg\u00fczar\u0131 olarak g\u00f6revlendirilmi\u015fti<\/p>\n<p>2012 y\u0131l\u0131nda faaliyetleri durdurulan T\u00fcrkiye\u2019nin \u015eam B\u00fcy\u00fckel\u00e7ili\u011fi\u2019nde T\u00fcrk bayra\u011f\u0131 bug\u00fcn g\u00f6ndere \u00e7ekildi ve el\u00e7ilik faaliyetleri yeniden ba\u015flad\u0131<\/p>\n<\/p><\/div>\n<p><script async\n                    defer\n                    crossorigin=\"anonymous\"\n                    src=\"https:\/\/connect.facebook.net\/tr_TR\/sdk.js#xfbml=1&#038;version=v3.3\"\n            ><\/script><\/p>\n","protected":false},"excerpt":{"rendered":"<p>T\u00fcrkiye\u2019nin \u015eam B\u00fcy\u00fckel\u00e7ili\u011fi\u2019nde T\u00fcrk bayra\u011f\u0131 g\u00f6ndere \u00e7ekilerek 12 y\u0131l aradan sonra el\u00e7ilik faaliyetleri yeniden ba\u015flad\u0131. Suriye\u2019de 27 Kas\u0131m\u2019da Halep\u2019in bat\u0131 k\u0131rsal\u0131nda Be\u015f\u015far Esed rejimi g\u00fc\u00e7leriyle \u00e7at\u0131\u015fmalara giren muhalifler, 8 Aral\u0131k\u2019ta ba\u015fkent \u015eam\u2019da kontrol\u00fc sa\u011flam\u0131\u015f, \u00fclkede 61 y\u0131ll\u0131k Baas rejimi devrilmi\u015fti. T\u00fcrkiye\u2019nin Nuak\u015fot B\u00fcy\u00fckel\u00e7isi Burhan K\u00f6ro\u011flu, 12 Aral\u0131k\u2019ta \u015eam B\u00fcy\u00fckel\u00e7ili\u011fi Ge\u00e7ici Maslahatg\u00fczar\u0131 olarak g\u00f6revlendirilmi\u015fti 2012 y\u0131l\u0131nda [&hellip;]<\/p>\n","protected":false},"author":1,"featured_media":15592,"comment_status":"open","ping_status":"open","sticky":false,"template":"","format":"standard","meta":{"jnews-multi-image_gallery":[],"jnews_single_post":[],"jnews_primary_category":[],"jnews_social_meta":[],"jnews_override_counter":[],"footnotes":""},"categories":[5],"tags":[],"class_list":["post-15591","post","type-post","status-publish","format-standard","has-post-thumbnail","hentry","category-turkiye"],"yoast_head":"<!-- This site is optimized with the Yoast SEO plugin v27.4 - https:\/\/yoast.com\/product\/yoast-seo-wordpress\/ -->\n<title>T\u00fcrkiye\u2019nin \u015eam B\u00fcy\u00fckel\u00e7ili\u011fi 12 y\u0131l aradan sonra faaliyetlerine ba\u015flad\u0131 - Kuzeyin Sesi<\/title>\n<meta name=\"robots\" content=\"index, follow, max-snippet:-1, max-image-preview:large, max-video-preview:-1\" \/>\n<link rel=\"canonical\" href=\"https:\/\/kuzeyinsesi.org\/index.php\/2024\/12\/14\/turkiyenin-sam-buyukelciligi-12-yil-aradan-sonra-faaliyetlerine-basladi\/\" \/>\n<meta property=\"og:locale\" content=\"tr_TR\" \/>\n<meta property=\"og:type\" content=\"article\" \/>\n<meta property=\"og:title\" content=\"T\u00fcrkiye\u2019nin \u015eam B\u00fcy\u00fckel\u00e7ili\u011fi 12 y\u0131l aradan sonra faaliyetlerine ba\u015flad\u0131 - Kuzeyin Sesi\" \/>\n<meta property=\"og:description\" content=\"T\u00fcrkiye\u2019nin \u015eam B\u00fcy\u00fckel\u00e7ili\u011fi\u2019nde T\u00fcrk bayra\u011f\u0131 g\u00f6ndere \u00e7ekilerek 12 y\u0131l aradan sonra el\u00e7ilik faaliyetleri yeniden ba\u015flad\u0131. Suriye\u2019de 27 Kas\u0131m\u2019da Halep\u2019in bat\u0131 k\u0131rsal\u0131nda Be\u015f\u015far Esed rejimi g\u00fc\u00e7leriyle \u00e7at\u0131\u015fmalara giren muhalifler, 8 Aral\u0131k\u2019ta ba\u015fkent \u015eam\u2019da kontrol\u00fc sa\u011flam\u0131\u015f, \u00fclkede 61 y\u0131ll\u0131k Baas rejimi devrilmi\u015fti. T\u00fcrkiye\u2019nin Nuak\u015fot B\u00fcy\u00fckel\u00e7isi Burhan K\u00f6ro\u011flu, 12 Aral\u0131k\u2019ta \u015eam B\u00fcy\u00fckel\u00e7ili\u011fi Ge\u00e7ici Maslahatg\u00fczar\u0131 olarak g\u00f6revlendirilmi\u015fti 2012 y\u0131l\u0131nda [&hellip;]\" \/>\n<meta property=\"og:url\" content=\"https:\/\/kuzeyinsesi.org\/index.php\/2024\/12\/14\/turkiyenin-sam-buyukelciligi-12-yil-aradan-sonra-faaliyetlerine-basladi\/\" \/>\n<meta property=\"og:site_name\" content=\"Kuzeyin Sesi\" \/>\n<meta property=\"article:publisher\" content=\"https:\/\/www.facebook.com\/kuzeyinsesii\" \/>\n<meta property=\"article:published_time\" content=\"2024-12-14T16:13:24+00:00\" \/>\n<meta property=\"og:image\" content=\"https:\/\/brtk.net\/wp-content\/uploads\/2024\/12\/14\/1734189638432thumbs_b_c_a01db7b03b00f1ff23e12c4705fc2466.jpg?ver=2032d5bb4eca68d328326f796603ad53\" \/>\n<meta name=\"author\" content=\"Kuzeyin Sesi\" \/>\n<meta name=\"twitter:card\" content=\"summary_large_image\" \/>\n<meta name=\"twitter:creator\" content=\"@kuzeyinsesii\" \/>\n<meta name=\"twitter:site\" content=\"@kuzeyinsesii\" \/>\n<meta name=\"twitter:label1\" content=\"Yazan:\" \/>\n\t<meta name=\"twitter:data1\" content=\"Kuzeyin Sesi\" \/>\n\t<meta name=\"twitter:label2\" content=\"Tahmini okuma s\u00fcresi\" \/>\n\t<meta name=\"twitter:data2\" content=\"1 dakika\" \/>\n<script type=\"application\/ld+json\" class=\"yoast-schema-graph\">{\"@context\":\"https:\\\/\\\/schema.org\",\"@graph\":[{\"@type\":\"Article\",\"@id\":\"https:\\\/\\\/kuzeyinsesi.org\\\/index.php\\\/2024\\\/12\\\/14\\\/turkiyenin-sam-buyukelciligi-12-yil-aradan-sonra-faaliyetlerine-basladi\\\/#article\",\"isPartOf\":{\"@id\":\"https:\\\/\\\/kuzeyinsesi.org\\\/index.php\\\/2024\\\/12\\\/14\\\/turkiyenin-sam-buyukelciligi-12-yil-aradan-sonra-faaliyetlerine-basladi\\\/\"},\"author\":{\"name\":\"Kuzeyin Sesi\",\"@id\":\"https:\\\/\\\/kuzeyinsesi.org\\\/#\\\/schema\\\/person\\\/9f859689cdf01485597712386e37f5aa\"},\"headline\":\"T\u00fcrkiye\u2019nin \u015eam B\u00fcy\u00fckel\u00e7ili\u011fi 12 y\u0131l aradan sonra faaliyetlerine ba\u015flad\u0131\",\"datePublished\":\"2024-12-14T16:13:24+00:00\",\"mainEntityOfPage\":{\"@id\":\"https:\\\/\\\/kuzeyinsesi.org\\\/index.php\\\/2024\\\/12\\\/14\\\/turkiyenin-sam-buyukelciligi-12-yil-aradan-sonra-faaliyetlerine-basladi\\\/\"},\"wordCount\":141,\"commentCount\":0,\"image\":{\"@id\":\"https:\\\/\\\/kuzeyinsesi.org\\\/index.php\\\/2024\\\/12\\\/14\\\/turkiyenin-sam-buyukelciligi-12-yil-aradan-sonra-faaliyetlerine-basladi\\\/#primaryimage\"},\"thumbnailUrl\":\"https:\\\/\\\/kuzeyinsesi.org\\\/wp-content\\\/uploads\\\/2024\\\/12\\\/1734189638432thumbs_b_c_a01db7b03b00f1ff23e12c4705fc2466.jpg\",\"articleSection\":[\"T\u00fcrkiye\"],\"inLanguage\":\"tr\",\"potentialAction\":[{\"@type\":\"CommentAction\",\"name\":\"Comment\",\"target\":[\"https:\\\/\\\/kuzeyinsesi.org\\\/index.php\\\/2024\\\/12\\\/14\\\/turkiyenin-sam-buyukelciligi-12-yil-aradan-sonra-faaliyetlerine-basladi\\\/#respond\"]}]},{\"@type\":\"WebPage\",\"@id\":\"https:\\\/\\\/kuzeyinsesi.org\\\/index.php\\\/2024\\\/12\\\/14\\\/turkiyenin-sam-buyukelciligi-12-yil-aradan-sonra-faaliyetlerine-basladi\\\/\",\"url\":\"https:\\\/\\\/kuzeyinsesi.org\\\/index.php\\\/2024\\\/12\\\/14\\\/turkiyenin-sam-buyukelciligi-12-yil-aradan-sonra-faaliyetlerine-basladi\\\/\",\"name\":\"T\u00fcrkiye\u2019nin \u015eam B\u00fcy\u00fckel\u00e7ili\u011fi 12 y\u0131l aradan sonra faaliyetlerine ba\u015flad\u0131 - Kuzeyin Sesi\",\"isPartOf\":{\"@id\":\"https:\\\/\\\/kuzeyinsesi.org\\\/#website\"},\"primaryImageOfPage\":{\"@id\":\"https:\\\/\\\/kuzeyinsesi.org\\\/index.php\\\/2024\\\/12\\\/14\\\/turkiyenin-sam-buyukelciligi-12-yil-aradan-sonra-faaliyetlerine-basladi\\\/#primaryimage\"},\"image\":{\"@id\":\"https:\\\/\\\/kuzeyinsesi.org\\\/index.php\\\/2024\\\/12\\\/14\\\/turkiyenin-sam-buyukelciligi-12-yil-aradan-sonra-faaliyetlerine-basladi\\\/#primaryimage\"},\"thumbnailUrl\":\"https:\\\/\\\/kuzeyinsesi.org\\\/wp-content\\\/uploads\\\/2024\\\/12\\\/1734189638432thumbs_b_c_a01db7b03b00f1ff23e12c4705fc2466.jpg\",\"datePublished\":\"2024-12-14T16:13:24+00:00\",\"author\":{\"@id\":\"https:\\\/\\\/kuzeyinsesi.org\\\/#\\\/schema\\\/person\\\/9f859689cdf01485597712386e37f5aa\"},\"breadcrumb\":{\"@id\":\"https:\\\/\\\/kuzeyinsesi.org\\\/index.php\\\/2024\\\/12\\\/14\\\/turkiyenin-sam-buyukelciligi-12-yil-aradan-sonra-faaliyetlerine-basladi\\\/#breadcrumb\"},\"inLanguage\":\"tr\",\"potentialAction\":[{\"@type\":\"ReadAction\",\"target\":[\"https:\\\/\\\/kuzeyinsesi.org\\\/index.php\\\/2024\\\/12\\\/14\\\/turkiyenin-sam-buyukelciligi-12-yil-aradan-sonra-faaliyetlerine-basladi\\\/\"]}]},{\"@type\":\"ImageObject\",\"inLanguage\":\"tr\",\"@id\":\"https:\\\/\\\/kuzeyinsesi.org\\\/index.php\\\/2024\\\/12\\\/14\\\/turkiyenin-sam-buyukelciligi-12-yil-aradan-sonra-faaliyetlerine-basladi\\\/#primaryimage\",\"url\":\"https:\\\/\\\/kuzeyinsesi.org\\\/wp-content\\\/uploads\\\/2024\\\/12\\\/1734189638432thumbs_b_c_a01db7b03b00f1ff23e12c4705fc2466.jpg\",\"contentUrl\":\"https:\\\/\\\/kuzeyinsesi.org\\\/wp-content\\\/uploads\\\/2024\\\/12\\\/1734189638432thumbs_b_c_a01db7b03b00f1ff23e12c4705fc2466.jpg\",\"width\":864,\"height\":486},{\"@type\":\"BreadcrumbList\",\"@id\":\"https:\\\/\\\/kuzeyinsesi.org\\\/index.php\\\/2024\\\/12\\\/14\\\/turkiyenin-sam-buyukelciligi-12-yil-aradan-sonra-faaliyetlerine-basladi\\\/#breadcrumb\",\"itemListElement\":[{\"@type\":\"ListItem\",\"position\":1,\"name\":\"Anasayfa\",\"item\":\"https:\\\/\\\/kuzeyinsesi.org\\\/\"},{\"@type\":\"ListItem\",\"position\":2,\"name\":\"T\u00fcrkiye\u2019nin \u015eam B\u00fcy\u00fckel\u00e7ili\u011fi 12 y\u0131l aradan sonra faaliyetlerine ba\u015flad\u0131\"}]},{\"@type\":\"WebSite\",\"@id\":\"https:\\\/\\\/kuzeyinsesi.org\\\/#website\",\"url\":\"https:\\\/\\\/kuzeyinsesi.org\\\/\",\"name\":\"Kuzeyin Sesi\",\"description\":\"Do\u011fru Haberin Adresi\",\"potentialAction\":[{\"@type\":\"SearchAction\",\"target\":{\"@type\":\"EntryPoint\",\"urlTemplate\":\"https:\\\/\\\/kuzeyinsesi.org\\\/?s={search_term_string}\"},\"query-input\":{\"@type\":\"PropertyValueSpecification\",\"valueRequired\":true,\"valueName\":\"search_term_string\"}}],\"inLanguage\":\"tr\"},{\"@type\":\"Person\",\"@id\":\"https:\\\/\\\/kuzeyinsesi.org\\\/#\\\/schema\\\/person\\\/9f859689cdf01485597712386e37f5aa\",\"name\":\"Kuzeyin Sesi\",\"image\":{\"@type\":\"ImageObject\",\"inLanguage\":\"tr\",\"@id\":\"https:\\\/\\\/secure.gravatar.com\\\/avatar\\\/bab33852abfd8b282518d6ed81826833d77c3c882d9ab608add591ccace47a44?s=96&d=mm&r=g\",\"url\":\"https:\\\/\\\/secure.gravatar.com\\\/avatar\\\/bab33852abfd8b282518d6ed81826833d77c3c882d9ab608add591ccace47a44?s=96&d=mm&r=g\",\"contentUrl\":\"https:\\\/\\\/secure.gravatar.com\\\/avatar\\\/bab33852abfd8b282518d6ed81826833d77c3c882d9ab608add591ccace47a44?s=96&d=mm&r=g\",\"caption\":\"Kuzeyin Sesi\"},\"sameAs\":[\"https:\\\/\\\/kuzeyinsesi.org\"],\"url\":\"https:\\\/\\\/kuzeyinsesi.org\\\/index.php\\\/author\\\/guven\\\/\"}]}<\/script>\n<!-- \/ Yoast SEO plugin. -->","yoast_head_json":{"title":"T\u00fcrkiye\u2019nin \u015eam B\u00fcy\u00fckel\u00e7ili\u011fi 12 y\u0131l aradan sonra faaliyetlerine ba\u015flad\u0131 - Kuzeyin Sesi","robots":{"index":"index","follow":"follow","max-snippet":"max-snippet:-1","max-image-preview":"max-image-preview:large","max-video-preview":"max-video-preview:-1"},"canonical":"https:\/\/kuzeyinsesi.org\/index.php\/2024\/12\/14\/turkiyenin-sam-buyukelciligi-12-yil-aradan-sonra-faaliyetlerine-basladi\/","og_locale":"tr_TR","og_type":"article","og_title":"T\u00fcrkiye\u2019nin \u015eam B\u00fcy\u00fckel\u00e7ili\u011fi 12 y\u0131l aradan sonra faaliyetlerine ba\u015flad\u0131 - Kuzeyin Sesi","og_description":"T\u00fcrkiye\u2019nin \u015eam B\u00fcy\u00fckel\u00e7ili\u011fi\u2019nde T\u00fcrk bayra\u011f\u0131 g\u00f6ndere \u00e7ekilerek 12 y\u0131l aradan sonra el\u00e7ilik faaliyetleri yeniden ba\u015flad\u0131. Suriye\u2019de 27 Kas\u0131m\u2019da Halep\u2019in bat\u0131 k\u0131rsal\u0131nda Be\u015f\u015far Esed rejimi g\u00fc\u00e7leriyle \u00e7at\u0131\u015fmalara giren muhalifler, 8 Aral\u0131k\u2019ta ba\u015fkent \u015eam\u2019da kontrol\u00fc sa\u011flam\u0131\u015f, \u00fclkede 61 y\u0131ll\u0131k Baas rejimi devrilmi\u015fti. T\u00fcrkiye\u2019nin Nuak\u015fot B\u00fcy\u00fckel\u00e7isi Burhan K\u00f6ro\u011flu, 12 Aral\u0131k\u2019ta \u015eam B\u00fcy\u00fckel\u00e7ili\u011fi Ge\u00e7ici Maslahatg\u00fczar\u0131 olarak g\u00f6revlendirilmi\u015fti 2012 y\u0131l\u0131nda [&hellip;]","og_url":"https:\/\/kuzeyinsesi.org\/index.php\/2024\/12\/14\/turkiyenin-sam-buyukelciligi-12-yil-aradan-sonra-faaliyetlerine-basladi\/","og_site_name":"Kuzeyin Sesi","article_publisher":"https:\/\/www.facebook.com\/kuzeyinsesii","article_published_time":"2024-12-14T16:13:24+00:00","og_image":[{"url":"https:\/\/brtk.net\/wp-content\/uploads\/2024\/12\/14\/1734189638432thumbs_b_c_a01db7b03b00f1ff23e12c4705fc2466.jpg?ver=2032d5bb4eca68d328326f796603ad53","type":"","width":"","height":""}],"author":"Kuzeyin Sesi","twitter_card":"summary_large_image","twitter_creator":"@kuzeyinsesii","twitter_site":"@kuzeyinsesii","twitter_misc":{"Yazan:":"Kuzeyin Sesi","Tahmini okuma s\u00fcresi":"1 dakika"},"schema":{"@context":"https:\/\/schema.org","@graph":[{"@type":"Article","@id":"https:\/\/kuzeyinsesi.org\/index.php\/2024\/12\/14\/turkiyenin-sam-buyukelciligi-12-yil-aradan-sonra-faaliyetlerine-basladi\/#article","isPartOf":{"@id":"https:\/\/kuzeyinsesi.org\/index.php\/2024\/12\/14\/turkiyenin-sam-buyukelciligi-12-yil-aradan-sonra-faaliyetlerine-basladi\/"},"author":{"name":"Kuzeyin Sesi","@id":"https:\/\/kuzeyinsesi.org\/#\/schema\/person\/9f859689cdf01485597712386e37f5aa"},"headline":"T\u00fcrkiye\u2019nin \u015eam B\u00fcy\u00fckel\u00e7ili\u011fi 12 y\u0131l aradan sonra faaliyetlerine ba\u015flad\u0131","datePublished":"2024-12-14T16:13:24+00:00","mainEntityOfPage":{"@id":"https:\/\/kuzeyinsesi.org\/index.php\/2024\/12\/14\/turkiyenin-sam-buyukelciligi-12-yil-aradan-sonra-faaliyetlerine-basladi\/"},"wordCount":141,"commentCount":0,"image":{"@id":"https:\/\/kuzeyinsesi.org\/index.php\/2024\/12\/14\/turkiyenin-sam-buyukelciligi-12-yil-aradan-sonra-faaliyetlerine-basladi\/#primaryimage"},"thumbnailUrl":"https:\/\/kuzeyinsesi.org\/wp-content\/uploads\/2024\/12\/1734189638432thumbs_b_c_a01db7b03b00f1ff23e12c4705fc2466.jpg","articleSection":["T\u00fcrkiye"],"inLanguage":"tr","potentialAction":[{"@type":"CommentAction","name":"Comment","target":["https:\/\/kuzeyinsesi.org\/index.php\/2024\/12\/14\/turkiyenin-sam-buyukelciligi-12-yil-aradan-sonra-faaliyetlerine-basladi\/#respond"]}]},{"@type":"WebPage","@id":"https:\/\/kuzeyinsesi.org\/index.php\/2024\/12\/14\/turkiyenin-sam-buyukelciligi-12-yil-aradan-sonra-faaliyetlerine-basladi\/","url":"https:\/\/kuzeyinsesi.org\/index.php\/2024\/12\/14\/turkiyenin-sam-buyukelciligi-12-yil-aradan-sonra-faaliyetlerine-basladi\/","name":"T\u00fcrkiye\u2019nin \u015eam B\u00fcy\u00fckel\u00e7ili\u011fi 12 y\u0131l aradan sonra faaliyetlerine ba\u015flad\u0131 - Kuzeyin Sesi","isPartOf":{"@id":"https:\/\/kuzeyinsesi.org\/#website"},"primaryImageOfPage":{"@id":"https:\/\/kuzeyinsesi.org\/index.php\/2024\/12\/14\/turkiyenin-sam-buyukelciligi-12-yil-aradan-sonra-faaliyetlerine-basladi\/#primaryimage"},"image":{"@id":"https:\/\/kuzeyinsesi.org\/index.php\/2024\/12\/14\/turkiyenin-sam-buyukelciligi-12-yil-aradan-sonra-faaliyetlerine-basladi\/#primaryimage"},"thumbnailUrl":"https:\/\/kuzeyinsesi.org\/wp-content\/uploads\/2024\/12\/1734189638432thumbs_b_c_a01db7b03b00f1ff23e12c4705fc2466.jpg","datePublished":"2024-12-14T16:13:24+00:00","author":{"@id":"https:\/\/kuzeyinsesi.org\/#\/schema\/person\/9f859689cdf01485597712386e37f5aa"},"breadcrumb":{"@id":"https:\/\/kuzeyinsesi.org\/index.php\/2024\/12\/14\/turkiyenin-sam-buyukelciligi-12-yil-aradan-sonra-faaliyetlerine-basladi\/#breadcrumb"},"inLanguage":"tr","potentialAction":[{"@type":"ReadAction","target":["https:\/\/kuzeyinsesi.org\/index.php\/2024\/12\/14\/turkiyenin-sam-buyukelciligi-12-yil-aradan-sonra-faaliyetlerine-basladi\/"]}]},{"@type":"ImageObject","inLanguage":"tr","@id":"https:\/\/kuzeyinsesi.org\/index.php\/2024\/12\/14\/turkiyenin-sam-buyukelciligi-12-yil-aradan-sonra-faaliyetlerine-basladi\/#primaryimage","url":"https:\/\/kuzeyinsesi.org\/wp-content\/uploads\/2024\/12\/1734189638432thumbs_b_c_a01db7b03b00f1ff23e12c4705fc2466.jpg","contentUrl":"https:\/\/kuzeyinsesi.org\/wp-content\/uploads\/2024\/12\/1734189638432thumbs_b_c_a01db7b03b00f1ff23e12c4705fc2466.jpg","width":864,"height":486},{"@type":"BreadcrumbList","@id":"https:\/\/kuzeyinsesi.org\/index.php\/2024\/12\/14\/turkiyenin-sam-buyukelciligi-12-yil-aradan-sonra-faaliyetlerine-basladi\/#breadcrumb","itemListElement":[{"@type":"ListItem","position":1,"name":"Anasayfa","item":"https:\/\/kuzeyinsesi.org\/"},{"@type":"ListItem","position":2,"name":"T\u00fcrkiye\u2019nin \u015eam B\u00fcy\u00fckel\u00e7ili\u011fi 12 y\u0131l aradan sonra faaliyetlerine ba\u015flad\u0131"}]},{"@type":"WebSite","@id":"https:\/\/kuzeyinsesi.org\/#website","url":"https:\/\/kuzeyinsesi.org\/","name":"Kuzeyin Sesi","description":"Do\u011fru Haberin Adresi","potentialAction":[{"@type":"SearchAction","target":{"@type":"EntryPoint","urlTemplate":"https:\/\/kuzeyinsesi.org\/?s={search_term_string}"},"query-input":{"@type":"PropertyValueSpecification","valueRequired":true,"valueName":"search_term_string"}}],"inLanguage":"tr"},{"@type":"Person","@id":"https:\/\/kuzeyinsesi.org\/#\/schema\/person\/9f859689cdf01485597712386e37f5aa","name":"Kuzeyin Sesi","image":{"@type":"ImageObject","inLanguage":"tr","@id":"https:\/\/secure.gravatar.com\/avatar\/bab33852abfd8b282518d6ed81826833d77c3c882d9ab608add591ccace47a44?s=96&d=mm&r=g","url":"https:\/\/secure.gravatar.com\/avatar\/bab33852abfd8b282518d6ed81826833d77c3c882d9ab608add591ccace47a44?s=96&d=mm&r=g","contentUrl":"https:\/\/secure.gravatar.com\/avatar\/bab33852abfd8b282518d6ed81826833d77c3c882d9ab608add591ccace47a44?s=96&d=mm&r=g","caption":"Kuzeyin Sesi"},"sameAs":["https:\/\/kuzeyinsesi.org"],"url":"https:\/\/kuzeyinsesi.org\/index.php\/author\/guven\/"}]}},"_links":{"self":[{"href":"https:\/\/kuzeyinsesi.org\/index.php\/wp-json\/wp\/v2\/posts\/15591","targetHints":{"allow":["GET"]}}],"collection":[{"href":"https:\/\/kuzeyinsesi.org\/index.php\/wp-json\/wp\/v2\/posts"}],"about":[{"href":"https:\/\/kuzeyinsesi.org\/index.php\/wp-json\/wp\/v2\/types\/post"}],"author":[{"embeddable":true,"href":"https:\/\/kuzeyinsesi.org\/index.php\/wp-json\/wp\/v2\/users\/1"}],"replies":[{"embeddable":true,"href":"https:\/\/kuzeyinsesi.org\/index.php\/wp-json\/wp\/v2\/comments?post=15591"}],"version-history":[{"count":0,"href":"https:\/\/kuzeyinsesi.org\/index.php\/wp-json\/wp\/v2\/posts\/15591\/revisions"}],"wp:featuredmedia":[{"embeddable":true,"href":"https:\/\/kuzeyinsesi.org\/index.php\/wp-json\/wp\/v2\/media\/15592"}],"wp:attachment":[{"href":"https:\/\/kuzeyinsesi.org\/index.php\/wp-json\/wp\/v2\/media?parent=15591"}],"wp:term":[{"taxonomy":"category","embeddable":true,"href":"https:\/\/kuzeyinsesi.org\/index.php\/wp-json\/wp\/v2\/categories?post=15591"},{"taxonomy":"post_tag","embeddable":true,"href":"https:\/\/kuzeyinsesi.org\/index.php\/wp-json\/wp\/v2\/tags?post=15591"}],"curies":[{"name":"wp","href":"https:\/\/api.w.org\/{rel}","templated":true}]}}