{"id":15579,"date":"2024-12-14T16:14:49","date_gmt":"2024-12-14T14:14:49","guid":{"rendered":"https:\/\/kuzeyinsesi.org\/index.php\/2024\/12\/14\/yunan-basini-turkiyenin-savunma-sanayisindeki-yukselisine-dikkati-cekti\/"},"modified":"2024-12-14T16:14:49","modified_gmt":"2024-12-14T14:14:49","slug":"yunan-basini-turkiyenin-savunma-sanayisindeki-yukselisine-dikkati-cekti","status":"publish","type":"post","link":"https:\/\/kuzeyinsesi.org\/index.php\/2024\/12\/14\/yunan-basini-turkiyenin-savunma-sanayisindeki-yukselisine-dikkati-cekti\/","title":{"rendered":"Yunan bas\u0131n\u0131, T\u00fcrkiye\u2019nin savunma sanayisindeki y\u00fckseli\u015fine dikkati \u00e7ekti"},"content":{"rendered":"<div>\n<div class=\"mariselle-image-container center\">\n                                            <\/div>\n<p> Yunan bas\u0131n\u0131, Stockholm Uluslararas\u0131 Bar\u0131\u015f Ara\u015ft\u0131rmalar\u0131 Enstit\u00fcs\u00fcn\u00fcn (SIPRI) yay\u0131mlad\u0131\u011f\u0131 son rapora i\u015faret ederek T\u00fcrkiye\u2019nin savunma sanayisindeki y\u00fckseli\u015fiyle g\u00fc\u00e7 kazand\u0131\u011f\u0131na dikkati \u00e7ekti.<\/p>\n<p>\u00c7e\u015fitli gazeteler ve internet sitelerinde yay\u0131mlanan haberlerde T\u00fcrk savunma \u015firketleri Baykar, ASELSAN ile T\u00fcrk Havac\u0131l\u0131k ve Uzay Sanayiinin (TUSA\u015e) d\u00fcnyan\u0131n en b\u00fcy\u00fck 100 silah tedarik\u00e7isi aras\u0131na girdi\u011fi, bu \u00fc\u00e7 \u015firketin 2023 y\u0131l\u0131 toplam sat\u0131\u015f gelirlerinin 6 milyar dolar\u0131 buldu\u011fu belirtildi.<\/p>\n<p>Haberlerde, bu oran\u0131n d\u00fcnya genelindeki toplam savunma harcamalar\u0131 i\u00e7inde \u00f6nemli bir paya sahip oldu\u011fu vurguland\u0131.<\/p>\n<p>T\u00fcrkiye\u2019nin savunma sanayisi sekt\u00f6r\u00fcnde y\u00fckselen g\u00fc\u00e7 haline geldi\u011fi, \u00fc\u00e7\u00fcnc\u00fc \u00fclkelere sat\u0131\u015flar ve uluslararas\u0131 i\u015fbirlikleriyle \u00fclkenin konumunu da peki\u015ftirdi\u011fi bildirildi.<\/p>\n<p>Sava\u015f teknolojilerine talebin, \u00f6zellikle Ukrayna\u2019daki \u00e7at\u0131\u015fmalar\u0131n ve Gazze\u2019ye y\u00f6nelik sald\u0131r\u0131lar\u0131n artmas\u0131yla T\u00fcrk savunma sanayisi \u015firketlerinin bu alandaki etkisini daha da g\u00fc\u00e7lendirdi\u011fi belirtilen haberlerde, T\u00fcrkiye\u2019nin yerli ve milli \u00fcretime verdi\u011fi \u00f6nemin, savunma sanayisinin hem ulusal hem de uluslararas\u0131 arenada b\u00fcy\u00fcmesini destekledi\u011fi tespiti yer ald\u0131.<\/p>\n<p>\u2013 Haberlerde Baykar\u2019\u0131n stratejik konumuna ayr\u0131 parantez a\u00e7\u0131ld\u0131<\/p>\n<p>T\u00fcrk savunma sanayisinde Baykar\u2019\u0131n stratejik konumuna ayr\u0131 parantez a\u00e7\u0131lan haberlerde, Bayraktar TB2 insans\u0131z hava ara\u00e7lar\u0131n\u0131n (\u0130HA), Ukrayna\u2019dan Arnavutluk\u2019a kadar bir\u00e7ok \u00fclke taraf\u0131ndan tercih edildi\u011fi, T\u00fcrk savunma sanayisinin uluslararas\u0131 pazarda tercih edilerek etkin oyuncu haline geldi\u011fi vurguland\u0131.<\/p>\n<p>T\u00fcrk savunma sanayisi sekt\u00f6r\u00fcn\u00fcn \u00f6nemli bir konuma geldi\u011finin alt\u0131 \u00e7izilen Yunan bas\u0131n\u0131nda Baykar\u2019\u0131n 27 \u00fclkeye \u0130HA ihra\u00e7 etti\u011fi ve bunlar\u0131n aras\u0131nda NATO \u00fcyesi 6 \u00fclke ile 4 Avrupa Birli\u011fi (AB) \u00fcyesinin bulundu\u011fu belirtildi.<\/p>\n<p>SIPRI\u2019n\u0131n ge\u00e7en y\u0131l en \u00e7ok silah ve askeri hizmet sat\u0131\u015f\u0131 yapan ilk 100 savunma sanayisi \u015firketi listesine 3 T\u00fcrk firmas\u0131 girmi\u015fti.<\/p>\n<p>Listede ASELSAN 54, Baykar 69. ve TUSA\u015e 78. s\u0131rada yer alm\u0131\u015ft\u0131.<\/p>\n<p>T\u00fcrk \u015firketlerinin toplam gelirleri, ge\u00e7en y\u0131l 2022\u2019ye g\u00f6re y\u00fczde 24 artarak 6 milyar dolara ula\u015fm\u0131\u015ft\u0131.<\/p>\n<\/p><\/div>\n<p><script async\n                    defer\n                    crossorigin=\"anonymous\"\n                    src=\"https:\/\/connect.facebook.net\/tr_TR\/sdk.js#xfbml=1&#038;version=v3.3\"\n            ><\/script><\/p>\n","protected":false},"excerpt":{"rendered":"<p>Yunan bas\u0131n\u0131, Stockholm Uluslararas\u0131 Bar\u0131\u015f Ara\u015ft\u0131rmalar\u0131 Enstit\u00fcs\u00fcn\u00fcn (SIPRI) yay\u0131mlad\u0131\u011f\u0131 son rapora i\u015faret ederek T\u00fcrkiye\u2019nin savunma sanayisindeki y\u00fckseli\u015fiyle g\u00fc\u00e7 kazand\u0131\u011f\u0131na dikkati \u00e7ekti. \u00c7e\u015fitli gazeteler ve internet sitelerinde yay\u0131mlanan haberlerde T\u00fcrk savunma \u015firketleri Baykar, ASELSAN ile T\u00fcrk Havac\u0131l\u0131k ve Uzay Sanayiinin (TUSA\u015e) d\u00fcnyan\u0131n en b\u00fcy\u00fck 100 silah tedarik\u00e7isi aras\u0131na girdi\u011fi, bu \u00fc\u00e7 \u015firketin 2023 y\u0131l\u0131 toplam sat\u0131\u015f [&hellip;]<\/p>\n","protected":false},"author":1,"featured_media":15580,"comment_status":"open","ping_status":"open","sticky":false,"template":"","format":"standard","meta":{"jnews-multi-image_gallery":[],"jnews_single_post":[],"jnews_primary_category":[],"jnews_social_meta":[],"jnews_override_counter":[],"footnotes":""},"categories":[5],"tags":[],"class_list":["post-15579","post","type-post","status-publish","format-standard","has-post-thumbnail","hentry","category-turkiye"],"yoast_head":"<!-- This site is optimized with the Yoast SEO plugin v27.4 - https:\/\/yoast.com\/product\/yoast-seo-wordpress\/ -->\n<title>Yunan bas\u0131n\u0131, T\u00fcrkiye\u2019nin savunma sanayisindeki y\u00fckseli\u015fine dikkati \u00e7ekti - Kuzeyin Sesi<\/title>\n<meta name=\"robots\" content=\"index, follow, max-snippet:-1, max-image-preview:large, max-video-preview:-1\" \/>\n<link rel=\"canonical\" href=\"https:\/\/kuzeyinsesi.org\/index.php\/2024\/12\/14\/yunan-basini-turkiyenin-savunma-sanayisindeki-yukselisine-dikkati-cekti\/\" \/>\n<meta property=\"og:locale\" content=\"tr_TR\" \/>\n<meta property=\"og:type\" content=\"article\" \/>\n<meta property=\"og:title\" content=\"Yunan bas\u0131n\u0131, T\u00fcrkiye\u2019nin savunma sanayisindeki y\u00fckseli\u015fine dikkati \u00e7ekti - Kuzeyin Sesi\" \/>\n<meta property=\"og:description\" content=\"Yunan bas\u0131n\u0131, Stockholm Uluslararas\u0131 Bar\u0131\u015f Ara\u015ft\u0131rmalar\u0131 Enstit\u00fcs\u00fcn\u00fcn (SIPRI) yay\u0131mlad\u0131\u011f\u0131 son rapora i\u015faret ederek T\u00fcrkiye\u2019nin savunma sanayisindeki y\u00fckseli\u015fiyle g\u00fc\u00e7 kazand\u0131\u011f\u0131na dikkati \u00e7ekti. \u00c7e\u015fitli gazeteler ve internet sitelerinde yay\u0131mlanan haberlerde T\u00fcrk savunma \u015firketleri Baykar, ASELSAN ile T\u00fcrk Havac\u0131l\u0131k ve Uzay Sanayiinin (TUSA\u015e) d\u00fcnyan\u0131n en b\u00fcy\u00fck 100 silah tedarik\u00e7isi aras\u0131na girdi\u011fi, bu \u00fc\u00e7 \u015firketin 2023 y\u0131l\u0131 toplam sat\u0131\u015f [&hellip;]\" \/>\n<meta property=\"og:url\" content=\"https:\/\/kuzeyinsesi.org\/index.php\/2024\/12\/14\/yunan-basini-turkiyenin-savunma-sanayisindeki-yukselisine-dikkati-cekti\/\" \/>\n<meta property=\"og:site_name\" content=\"Kuzeyin Sesi\" \/>\n<meta property=\"article:publisher\" content=\"https:\/\/www.facebook.com\/kuzeyinsesii\" \/>\n<meta property=\"article:published_time\" content=\"2024-12-14T14:14:49+00:00\" \/>\n<meta property=\"og:image\" content=\"https:\/\/brtk.net\/wp-content\/uploads\/2024\/12\/14\/1734183360625thumbs_b_c_3055b61f0d4ff85254a55ada1a0a57d6.jpg?ver=70075c9c6fe7cdb470504b42557ab0cb\" \/>\n<meta name=\"author\" content=\"Kuzeyin Sesi\" \/>\n<meta name=\"twitter:card\" content=\"summary_large_image\" \/>\n<meta name=\"twitter:creator\" content=\"@kuzeyinsesii\" \/>\n<meta name=\"twitter:site\" content=\"@kuzeyinsesii\" \/>\n<meta name=\"twitter:label1\" content=\"Yazan:\" \/>\n\t<meta name=\"twitter:data1\" content=\"Kuzeyin Sesi\" \/>\n\t<meta name=\"twitter:label2\" content=\"Tahmini okuma s\u00fcresi\" \/>\n\t<meta name=\"twitter:data2\" content=\"2 dakika\" \/>\n<script type=\"application\/ld+json\" class=\"yoast-schema-graph\">{\"@context\":\"https:\\\/\\\/schema.org\",\"@graph\":[{\"@type\":\"Article\",\"@id\":\"https:\\\/\\\/kuzeyinsesi.org\\\/index.php\\\/2024\\\/12\\\/14\\\/yunan-basini-turkiyenin-savunma-sanayisindeki-yukselisine-dikkati-cekti\\\/#article\",\"isPartOf\":{\"@id\":\"https:\\\/\\\/kuzeyinsesi.org\\\/index.php\\\/2024\\\/12\\\/14\\\/yunan-basini-turkiyenin-savunma-sanayisindeki-yukselisine-dikkati-cekti\\\/\"},\"author\":{\"name\":\"Kuzeyin Sesi\",\"@id\":\"https:\\\/\\\/kuzeyinsesi.org\\\/#\\\/schema\\\/person\\\/9f859689cdf01485597712386e37f5aa\"},\"headline\":\"Yunan bas\u0131n\u0131, T\u00fcrkiye\u2019nin savunma sanayisindeki y\u00fckseli\u015fine dikkati \u00e7ekti\",\"datePublished\":\"2024-12-14T14:14:49+00:00\",\"mainEntityOfPage\":{\"@id\":\"https:\\\/\\\/kuzeyinsesi.org\\\/index.php\\\/2024\\\/12\\\/14\\\/yunan-basini-turkiyenin-savunma-sanayisindeki-yukselisine-dikkati-cekti\\\/\"},\"wordCount\":364,\"commentCount\":0,\"image\":{\"@id\":\"https:\\\/\\\/kuzeyinsesi.org\\\/index.php\\\/2024\\\/12\\\/14\\\/yunan-basini-turkiyenin-savunma-sanayisindeki-yukselisine-dikkati-cekti\\\/#primaryimage\"},\"thumbnailUrl\":\"https:\\\/\\\/kuzeyinsesi.org\\\/wp-content\\\/uploads\\\/2024\\\/12\\\/1734183360625thumbs_b_c_3055b61f0d4ff85254a55ada1a0a57d6.jpg\",\"articleSection\":[\"T\u00fcrkiye\"],\"inLanguage\":\"tr\",\"potentialAction\":[{\"@type\":\"CommentAction\",\"name\":\"Comment\",\"target\":[\"https:\\\/\\\/kuzeyinsesi.org\\\/index.php\\\/2024\\\/12\\\/14\\\/yunan-basini-turkiyenin-savunma-sanayisindeki-yukselisine-dikkati-cekti\\\/#respond\"]}]},{\"@type\":\"WebPage\",\"@id\":\"https:\\\/\\\/kuzeyinsesi.org\\\/index.php\\\/2024\\\/12\\\/14\\\/yunan-basini-turkiyenin-savunma-sanayisindeki-yukselisine-dikkati-cekti\\\/\",\"url\":\"https:\\\/\\\/kuzeyinsesi.org\\\/index.php\\\/2024\\\/12\\\/14\\\/yunan-basini-turkiyenin-savunma-sanayisindeki-yukselisine-dikkati-cekti\\\/\",\"name\":\"Yunan bas\u0131n\u0131, T\u00fcrkiye\u2019nin savunma sanayisindeki y\u00fckseli\u015fine dikkati \u00e7ekti - Kuzeyin Sesi\",\"isPartOf\":{\"@id\":\"https:\\\/\\\/kuzeyinsesi.org\\\/#website\"},\"primaryImageOfPage\":{\"@id\":\"https:\\\/\\\/kuzeyinsesi.org\\\/index.php\\\/2024\\\/12\\\/14\\\/yunan-basini-turkiyenin-savunma-sanayisindeki-yukselisine-dikkati-cekti\\\/#primaryimage\"},\"image\":{\"@id\":\"https:\\\/\\\/kuzeyinsesi.org\\\/index.php\\\/2024\\\/12\\\/14\\\/yunan-basini-turkiyenin-savunma-sanayisindeki-yukselisine-dikkati-cekti\\\/#primaryimage\"},\"thumbnailUrl\":\"https:\\\/\\\/kuzeyinsesi.org\\\/wp-content\\\/uploads\\\/2024\\\/12\\\/1734183360625thumbs_b_c_3055b61f0d4ff85254a55ada1a0a57d6.jpg\",\"datePublished\":\"2024-12-14T14:14:49+00:00\",\"author\":{\"@id\":\"https:\\\/\\\/kuzeyinsesi.org\\\/#\\\/schema\\\/person\\\/9f859689cdf01485597712386e37f5aa\"},\"breadcrumb\":{\"@id\":\"https:\\\/\\\/kuzeyinsesi.org\\\/index.php\\\/2024\\\/12\\\/14\\\/yunan-basini-turkiyenin-savunma-sanayisindeki-yukselisine-dikkati-cekti\\\/#breadcrumb\"},\"inLanguage\":\"tr\",\"potentialAction\":[{\"@type\":\"ReadAction\",\"target\":[\"https:\\\/\\\/kuzeyinsesi.org\\\/index.php\\\/2024\\\/12\\\/14\\\/yunan-basini-turkiyenin-savunma-sanayisindeki-yukselisine-dikkati-cekti\\\/\"]}]},{\"@type\":\"ImageObject\",\"inLanguage\":\"tr\",\"@id\":\"https:\\\/\\\/kuzeyinsesi.org\\\/index.php\\\/2024\\\/12\\\/14\\\/yunan-basini-turkiyenin-savunma-sanayisindeki-yukselisine-dikkati-cekti\\\/#primaryimage\",\"url\":\"https:\\\/\\\/kuzeyinsesi.org\\\/wp-content\\\/uploads\\\/2024\\\/12\\\/1734183360625thumbs_b_c_3055b61f0d4ff85254a55ada1a0a57d6.jpg\",\"contentUrl\":\"https:\\\/\\\/kuzeyinsesi.org\\\/wp-content\\\/uploads\\\/2024\\\/12\\\/1734183360625thumbs_b_c_3055b61f0d4ff85254a55ada1a0a57d6.jpg\",\"width\":864,\"height\":486},{\"@type\":\"BreadcrumbList\",\"@id\":\"https:\\\/\\\/kuzeyinsesi.org\\\/index.php\\\/2024\\\/12\\\/14\\\/yunan-basini-turkiyenin-savunma-sanayisindeki-yukselisine-dikkati-cekti\\\/#breadcrumb\",\"itemListElement\":[{\"@type\":\"ListItem\",\"position\":1,\"name\":\"Anasayfa\",\"item\":\"https:\\\/\\\/kuzeyinsesi.org\\\/\"},{\"@type\":\"ListItem\",\"position\":2,\"name\":\"Yunan bas\u0131n\u0131, T\u00fcrkiye\u2019nin savunma sanayisindeki y\u00fckseli\u015fine dikkati \u00e7ekti\"}]},{\"@type\":\"WebSite\",\"@id\":\"https:\\\/\\\/kuzeyinsesi.org\\\/#website\",\"url\":\"https:\\\/\\\/kuzeyinsesi.org\\\/\",\"name\":\"Kuzeyin Sesi\",\"description\":\"Do\u011fru Haberin Adresi\",\"potentialAction\":[{\"@type\":\"SearchAction\",\"target\":{\"@type\":\"EntryPoint\",\"urlTemplate\":\"https:\\\/\\\/kuzeyinsesi.org\\\/?s={search_term_string}\"},\"query-input\":{\"@type\":\"PropertyValueSpecification\",\"valueRequired\":true,\"valueName\":\"search_term_string\"}}],\"inLanguage\":\"tr\"},{\"@type\":\"Person\",\"@id\":\"https:\\\/\\\/kuzeyinsesi.org\\\/#\\\/schema\\\/person\\\/9f859689cdf01485597712386e37f5aa\",\"name\":\"Kuzeyin Sesi\",\"image\":{\"@type\":\"ImageObject\",\"inLanguage\":\"tr\",\"@id\":\"https:\\\/\\\/secure.gravatar.com\\\/avatar\\\/bab33852abfd8b282518d6ed81826833d77c3c882d9ab608add591ccace47a44?s=96&d=mm&r=g\",\"url\":\"https:\\\/\\\/secure.gravatar.com\\\/avatar\\\/bab33852abfd8b282518d6ed81826833d77c3c882d9ab608add591ccace47a44?s=96&d=mm&r=g\",\"contentUrl\":\"https:\\\/\\\/secure.gravatar.com\\\/avatar\\\/bab33852abfd8b282518d6ed81826833d77c3c882d9ab608add591ccace47a44?s=96&d=mm&r=g\",\"caption\":\"Kuzeyin Sesi\"},\"sameAs\":[\"https:\\\/\\\/kuzeyinsesi.org\"],\"url\":\"https:\\\/\\\/kuzeyinsesi.org\\\/index.php\\\/author\\\/guven\\\/\"}]}<\/script>\n<!-- \/ Yoast SEO plugin. -->","yoast_head_json":{"title":"Yunan bas\u0131n\u0131, T\u00fcrkiye\u2019nin savunma sanayisindeki y\u00fckseli\u015fine dikkati \u00e7ekti - Kuzeyin Sesi","robots":{"index":"index","follow":"follow","max-snippet":"max-snippet:-1","max-image-preview":"max-image-preview:large","max-video-preview":"max-video-preview:-1"},"canonical":"https:\/\/kuzeyinsesi.org\/index.php\/2024\/12\/14\/yunan-basini-turkiyenin-savunma-sanayisindeki-yukselisine-dikkati-cekti\/","og_locale":"tr_TR","og_type":"article","og_title":"Yunan bas\u0131n\u0131, T\u00fcrkiye\u2019nin savunma sanayisindeki y\u00fckseli\u015fine dikkati \u00e7ekti - Kuzeyin Sesi","og_description":"Yunan bas\u0131n\u0131, Stockholm Uluslararas\u0131 Bar\u0131\u015f Ara\u015ft\u0131rmalar\u0131 Enstit\u00fcs\u00fcn\u00fcn (SIPRI) yay\u0131mlad\u0131\u011f\u0131 son rapora i\u015faret ederek T\u00fcrkiye\u2019nin savunma sanayisindeki y\u00fckseli\u015fiyle g\u00fc\u00e7 kazand\u0131\u011f\u0131na dikkati \u00e7ekti. \u00c7e\u015fitli gazeteler ve internet sitelerinde yay\u0131mlanan haberlerde T\u00fcrk savunma \u015firketleri Baykar, ASELSAN ile T\u00fcrk Havac\u0131l\u0131k ve Uzay Sanayiinin (TUSA\u015e) d\u00fcnyan\u0131n en b\u00fcy\u00fck 100 silah tedarik\u00e7isi aras\u0131na girdi\u011fi, bu \u00fc\u00e7 \u015firketin 2023 y\u0131l\u0131 toplam sat\u0131\u015f [&hellip;]","og_url":"https:\/\/kuzeyinsesi.org\/index.php\/2024\/12\/14\/yunan-basini-turkiyenin-savunma-sanayisindeki-yukselisine-dikkati-cekti\/","og_site_name":"Kuzeyin Sesi","article_publisher":"https:\/\/www.facebook.com\/kuzeyinsesii","article_published_time":"2024-12-14T14:14:49+00:00","og_image":[{"url":"https:\/\/brtk.net\/wp-content\/uploads\/2024\/12\/14\/1734183360625thumbs_b_c_3055b61f0d4ff85254a55ada1a0a57d6.jpg?ver=70075c9c6fe7cdb470504b42557ab0cb","type":"","width":"","height":""}],"author":"Kuzeyin Sesi","twitter_card":"summary_large_image","twitter_creator":"@kuzeyinsesii","twitter_site":"@kuzeyinsesii","twitter_misc":{"Yazan:":"Kuzeyin Sesi","Tahmini okuma s\u00fcresi":"2 dakika"},"schema":{"@context":"https:\/\/schema.org","@graph":[{"@type":"Article","@id":"https:\/\/kuzeyinsesi.org\/index.php\/2024\/12\/14\/yunan-basini-turkiyenin-savunma-sanayisindeki-yukselisine-dikkati-cekti\/#article","isPartOf":{"@id":"https:\/\/kuzeyinsesi.org\/index.php\/2024\/12\/14\/yunan-basini-turkiyenin-savunma-sanayisindeki-yukselisine-dikkati-cekti\/"},"author":{"name":"Kuzeyin Sesi","@id":"https:\/\/kuzeyinsesi.org\/#\/schema\/person\/9f859689cdf01485597712386e37f5aa"},"headline":"Yunan bas\u0131n\u0131, T\u00fcrkiye\u2019nin savunma sanayisindeki y\u00fckseli\u015fine dikkati \u00e7ekti","datePublished":"2024-12-14T14:14:49+00:00","mainEntityOfPage":{"@id":"https:\/\/kuzeyinsesi.org\/index.php\/2024\/12\/14\/yunan-basini-turkiyenin-savunma-sanayisindeki-yukselisine-dikkati-cekti\/"},"wordCount":364,"commentCount":0,"image":{"@id":"https:\/\/kuzeyinsesi.org\/index.php\/2024\/12\/14\/yunan-basini-turkiyenin-savunma-sanayisindeki-yukselisine-dikkati-cekti\/#primaryimage"},"thumbnailUrl":"https:\/\/kuzeyinsesi.org\/wp-content\/uploads\/2024\/12\/1734183360625thumbs_b_c_3055b61f0d4ff85254a55ada1a0a57d6.jpg","articleSection":["T\u00fcrkiye"],"inLanguage":"tr","potentialAction":[{"@type":"CommentAction","name":"Comment","target":["https:\/\/kuzeyinsesi.org\/index.php\/2024\/12\/14\/yunan-basini-turkiyenin-savunma-sanayisindeki-yukselisine-dikkati-cekti\/#respond"]}]},{"@type":"WebPage","@id":"https:\/\/kuzeyinsesi.org\/index.php\/2024\/12\/14\/yunan-basini-turkiyenin-savunma-sanayisindeki-yukselisine-dikkati-cekti\/","url":"https:\/\/kuzeyinsesi.org\/index.php\/2024\/12\/14\/yunan-basini-turkiyenin-savunma-sanayisindeki-yukselisine-dikkati-cekti\/","name":"Yunan bas\u0131n\u0131, T\u00fcrkiye\u2019nin savunma sanayisindeki y\u00fckseli\u015fine dikkati \u00e7ekti - Kuzeyin Sesi","isPartOf":{"@id":"https:\/\/kuzeyinsesi.org\/#website"},"primaryImageOfPage":{"@id":"https:\/\/kuzeyinsesi.org\/index.php\/2024\/12\/14\/yunan-basini-turkiyenin-savunma-sanayisindeki-yukselisine-dikkati-cekti\/#primaryimage"},"image":{"@id":"https:\/\/kuzeyinsesi.org\/index.php\/2024\/12\/14\/yunan-basini-turkiyenin-savunma-sanayisindeki-yukselisine-dikkati-cekti\/#primaryimage"},"thumbnailUrl":"https:\/\/kuzeyinsesi.org\/wp-content\/uploads\/2024\/12\/1734183360625thumbs_b_c_3055b61f0d4ff85254a55ada1a0a57d6.jpg","datePublished":"2024-12-14T14:14:49+00:00","author":{"@id":"https:\/\/kuzeyinsesi.org\/#\/schema\/person\/9f859689cdf01485597712386e37f5aa"},"breadcrumb":{"@id":"https:\/\/kuzeyinsesi.org\/index.php\/2024\/12\/14\/yunan-basini-turkiyenin-savunma-sanayisindeki-yukselisine-dikkati-cekti\/#breadcrumb"},"inLanguage":"tr","potentialAction":[{"@type":"ReadAction","target":["https:\/\/kuzeyinsesi.org\/index.php\/2024\/12\/14\/yunan-basini-turkiyenin-savunma-sanayisindeki-yukselisine-dikkati-cekti\/"]}]},{"@type":"ImageObject","inLanguage":"tr","@id":"https:\/\/kuzeyinsesi.org\/index.php\/2024\/12\/14\/yunan-basini-turkiyenin-savunma-sanayisindeki-yukselisine-dikkati-cekti\/#primaryimage","url":"https:\/\/kuzeyinsesi.org\/wp-content\/uploads\/2024\/12\/1734183360625thumbs_b_c_3055b61f0d4ff85254a55ada1a0a57d6.jpg","contentUrl":"https:\/\/kuzeyinsesi.org\/wp-content\/uploads\/2024\/12\/1734183360625thumbs_b_c_3055b61f0d4ff85254a55ada1a0a57d6.jpg","width":864,"height":486},{"@type":"BreadcrumbList","@id":"https:\/\/kuzeyinsesi.org\/index.php\/2024\/12\/14\/yunan-basini-turkiyenin-savunma-sanayisindeki-yukselisine-dikkati-cekti\/#breadcrumb","itemListElement":[{"@type":"ListItem","position":1,"name":"Anasayfa","item":"https:\/\/kuzeyinsesi.org\/"},{"@type":"ListItem","position":2,"name":"Yunan bas\u0131n\u0131, T\u00fcrkiye\u2019nin savunma sanayisindeki y\u00fckseli\u015fine dikkati \u00e7ekti"}]},{"@type":"WebSite","@id":"https:\/\/kuzeyinsesi.org\/#website","url":"https:\/\/kuzeyinsesi.org\/","name":"Kuzeyin Sesi","description":"Do\u011fru Haberin Adresi","potentialAction":[{"@type":"SearchAction","target":{"@type":"EntryPoint","urlTemplate":"https:\/\/kuzeyinsesi.org\/?s={search_term_string}"},"query-input":{"@type":"PropertyValueSpecification","valueRequired":true,"valueName":"search_term_string"}}],"inLanguage":"tr"},{"@type":"Person","@id":"https:\/\/kuzeyinsesi.org\/#\/schema\/person\/9f859689cdf01485597712386e37f5aa","name":"Kuzeyin Sesi","image":{"@type":"ImageObject","inLanguage":"tr","@id":"https:\/\/secure.gravatar.com\/avatar\/bab33852abfd8b282518d6ed81826833d77c3c882d9ab608add591ccace47a44?s=96&d=mm&r=g","url":"https:\/\/secure.gravatar.com\/avatar\/bab33852abfd8b282518d6ed81826833d77c3c882d9ab608add591ccace47a44?s=96&d=mm&r=g","contentUrl":"https:\/\/secure.gravatar.com\/avatar\/bab33852abfd8b282518d6ed81826833d77c3c882d9ab608add591ccace47a44?s=96&d=mm&r=g","caption":"Kuzeyin Sesi"},"sameAs":["https:\/\/kuzeyinsesi.org"],"url":"https:\/\/kuzeyinsesi.org\/index.php\/author\/guven\/"}]}},"_links":{"self":[{"href":"https:\/\/kuzeyinsesi.org\/index.php\/wp-json\/wp\/v2\/posts\/15579","targetHints":{"allow":["GET"]}}],"collection":[{"href":"https:\/\/kuzeyinsesi.org\/index.php\/wp-json\/wp\/v2\/posts"}],"about":[{"href":"https:\/\/kuzeyinsesi.org\/index.php\/wp-json\/wp\/v2\/types\/post"}],"author":[{"embeddable":true,"href":"https:\/\/kuzeyinsesi.org\/index.php\/wp-json\/wp\/v2\/users\/1"}],"replies":[{"embeddable":true,"href":"https:\/\/kuzeyinsesi.org\/index.php\/wp-json\/wp\/v2\/comments?post=15579"}],"version-history":[{"count":0,"href":"https:\/\/kuzeyinsesi.org\/index.php\/wp-json\/wp\/v2\/posts\/15579\/revisions"}],"wp:featuredmedia":[{"embeddable":true,"href":"https:\/\/kuzeyinsesi.org\/index.php\/wp-json\/wp\/v2\/media\/15580"}],"wp:attachment":[{"href":"https:\/\/kuzeyinsesi.org\/index.php\/wp-json\/wp\/v2\/media?parent=15579"}],"wp:term":[{"taxonomy":"category","embeddable":true,"href":"https:\/\/kuzeyinsesi.org\/index.php\/wp-json\/wp\/v2\/categories?post=15579"},{"taxonomy":"post_tag","embeddable":true,"href":"https:\/\/kuzeyinsesi.org\/index.php\/wp-json\/wp\/v2\/tags?post=15579"}],"curies":[{"name":"wp","href":"https:\/\/api.w.org\/{rel}","templated":true}]}}