{"id":15577,"date":"2024-12-14T16:11:21","date_gmt":"2024-12-14T14:11:21","guid":{"rendered":"https:\/\/kuzeyinsesi.org\/index.php\/2024\/12\/14\/kibris-turk-tabipleri-birligi-68-yil-etkinlikleri-muzik-ruhun-gidasidir-konseri-duzenlendi\/"},"modified":"2024-12-14T16:11:21","modified_gmt":"2024-12-14T14:11:21","slug":"kibris-turk-tabipleri-birligi-68-yil-etkinlikleri-muzik-ruhun-gidasidir-konseri-duzenlendi","status":"publish","type":"post","link":"https:\/\/kuzeyinsesi.org\/index.php\/2024\/12\/14\/kibris-turk-tabipleri-birligi-68-yil-etkinlikleri-muzik-ruhun-gidasidir-konseri-duzenlendi\/","title":{"rendered":"K\u0131br\u0131s T\u00fcrk Tabipleri Birli\u011fi 68. y\u0131l etkinlikleri: \u201cM\u00fczik Ruhun G\u0131das\u0131d\u0131r\u201d konseri d\u00fczenlendi"},"content":{"rendered":"<div>\n<div class=\"mariselle-image-container center\">\n                                            <\/div>\n<p> K\u0131br\u0131s T\u00fcrk Tabipleri Birli\u011fi\u2019nin (KTTB) 68. y\u0131l etkinlikleri kapsam\u0131nda d\u00fczenlenen T\u00fcrk Sanat M\u00fczi\u011fi (TSM) Toplulu\u011fu \u201cM\u00fczik Ruhun G\u0131das\u0131d\u0131r\u201d konseri d\u00fczenlendi.<\/p>\n<p>2019 y\u0131l\u0131nda Dt. H\u00fcseyin B\u0131\u00e7ak\u2019\u0131n \u00f6nc\u00fcl\u00fc\u011f\u00fcnde kurulan ve \u015eef Fikret \u015eent\u00fcrk\u2019\u00fcn orkestra \u015fefli\u011finde sanat yolculu\u011funa devam eden koro, konseri kay\u0131t alt\u0131na alarak geni\u015f kitlelere ula\u015fmas\u0131na katk\u0131 sa\u011flayan Bayrak Radyo ve Televizyon Kurumu\u2019na (BRTK) ve sunucu \u00c7ilem Da\u011f\u0131stanl\u0131\u2019ya te\u015fekk\u00fcr etti. <\/p>\n<p>K\u0131br\u0131s T\u00fcrk Tabipleri Birli\u011fi\u2019nden yap\u0131lan a\u00e7\u0131klamada, \u201cMeslekta\u015flar\u0131m\u0131z\u0131n katk\u0131lar\u0131yla topluma sanat, k\u00fclt\u00fcr ve sa\u011fl\u0131k alanlar\u0131nda dokunmaya devam edecek, bu t\u00fcr etkinliklerimizle birlik ve dayan\u0131\u015fmam\u0131z\u0131 g\u00fc\u00e7lendirece\u011fiz\u2026 Bizlerle olan t\u00fcm misafirlerimize, bu keyifli geceyi bizimle payla\u015fan sanatseverlere ve gecenin kahraman\u0131 orkestra ve koro ekibimize \u00e7ok te\u015fekk\u00fcr ederiz.\u201d ifadeleri kullan\u0131ld\u0131.<\/p>\n<\/p><\/div>\n<p><script async\n                    defer\n                    crossorigin=\"anonymous\"\n                    src=\"https:\/\/connect.facebook.net\/tr_TR\/sdk.js#xfbml=1&#038;version=v3.3\"\n            ><\/script><\/p>\n","protected":false},"excerpt":{"rendered":"<p>K\u0131br\u0131s T\u00fcrk Tabipleri Birli\u011fi\u2019nin (KTTB) 68. y\u0131l etkinlikleri kapsam\u0131nda d\u00fczenlenen T\u00fcrk Sanat M\u00fczi\u011fi (TSM) Toplulu\u011fu \u201cM\u00fczik Ruhun G\u0131das\u0131d\u0131r\u201d konseri d\u00fczenlendi. 2019 y\u0131l\u0131nda Dt. H\u00fcseyin B\u0131\u00e7ak\u2019\u0131n \u00f6nc\u00fcl\u00fc\u011f\u00fcnde kurulan ve \u015eef Fikret \u015eent\u00fcrk\u2019\u00fcn orkestra \u015fefli\u011finde sanat yolculu\u011funa devam eden koro, konseri kay\u0131t alt\u0131na alarak geni\u015f kitlelere ula\u015fmas\u0131na katk\u0131 sa\u011flayan Bayrak Radyo ve Televizyon Kurumu\u2019na (BRTK) ve sunucu [&hellip;]<\/p>\n","protected":false},"author":1,"featured_media":15578,"comment_status":"open","ping_status":"open","sticky":false,"template":"","format":"standard","meta":{"jnews-multi-image_gallery":[],"jnews_single_post":[],"jnews_primary_category":[],"jnews_social_meta":[],"jnews_override_counter":[],"footnotes":""},"categories":[6],"tags":[],"class_list":["post-15577","post","type-post","status-publish","format-standard","has-post-thumbnail","hentry","category-yasam"],"yoast_head":"<!-- This site is optimized with the Yoast SEO plugin v27.4 - https:\/\/yoast.com\/product\/yoast-seo-wordpress\/ -->\n<title>K\u0131br\u0131s T\u00fcrk Tabipleri Birli\u011fi 68. y\u0131l etkinlikleri: \u201cM\u00fczik Ruhun G\u0131das\u0131d\u0131r\u201d konseri d\u00fczenlendi - Kuzeyin Sesi<\/title>\n<meta name=\"robots\" content=\"index, follow, max-snippet:-1, max-image-preview:large, max-video-preview:-1\" \/>\n<link rel=\"canonical\" href=\"https:\/\/kuzeyinsesi.org\/index.php\/2024\/12\/14\/kibris-turk-tabipleri-birligi-68-yil-etkinlikleri-muzik-ruhun-gidasidir-konseri-duzenlendi\/\" \/>\n<meta property=\"og:locale\" content=\"tr_TR\" \/>\n<meta property=\"og:type\" content=\"article\" \/>\n<meta property=\"og:title\" content=\"K\u0131br\u0131s T\u00fcrk Tabipleri Birli\u011fi 68. y\u0131l etkinlikleri: \u201cM\u00fczik Ruhun G\u0131das\u0131d\u0131r\u201d konseri d\u00fczenlendi - Kuzeyin Sesi\" \/>\n<meta property=\"og:description\" content=\"K\u0131br\u0131s T\u00fcrk Tabipleri Birli\u011fi\u2019nin (KTTB) 68. y\u0131l etkinlikleri kapsam\u0131nda d\u00fczenlenen T\u00fcrk Sanat M\u00fczi\u011fi (TSM) Toplulu\u011fu \u201cM\u00fczik Ruhun G\u0131das\u0131d\u0131r\u201d konseri d\u00fczenlendi. 2019 y\u0131l\u0131nda Dt. H\u00fcseyin B\u0131\u00e7ak\u2019\u0131n \u00f6nc\u00fcl\u00fc\u011f\u00fcnde kurulan ve \u015eef Fikret \u015eent\u00fcrk\u2019\u00fcn orkestra \u015fefli\u011finde sanat yolculu\u011funa devam eden koro, konseri kay\u0131t alt\u0131na alarak geni\u015f kitlelere ula\u015fmas\u0131na katk\u0131 sa\u011flayan Bayrak Radyo ve Televizyon Kurumu\u2019na (BRTK) ve sunucu [&hellip;]\" \/>\n<meta property=\"og:url\" content=\"https:\/\/kuzeyinsesi.org\/index.php\/2024\/12\/14\/kibris-turk-tabipleri-birligi-68-yil-etkinlikleri-muzik-ruhun-gidasidir-konseri-duzenlendi\/\" \/>\n<meta property=\"og:site_name\" content=\"Kuzeyin Sesi\" \/>\n<meta property=\"article:publisher\" content=\"https:\/\/www.facebook.com\/kuzeyinsesii\" \/>\n<meta property=\"article:published_time\" content=\"2024-12-14T14:11:21+00:00\" \/>\n<meta property=\"og:image\" content=\"https:\/\/brtk.net\/wp-content\/uploads\/2024\/12\/14\/Konser1-1.jpg?ver=bf4d8abd21b7fb8932bdade7392775cb\" \/>\n<meta name=\"author\" content=\"Kuzeyin Sesi\" \/>\n<meta name=\"twitter:card\" content=\"summary_large_image\" \/>\n<meta name=\"twitter:creator\" content=\"@kuzeyinsesii\" \/>\n<meta name=\"twitter:site\" content=\"@kuzeyinsesii\" \/>\n<meta name=\"twitter:label1\" content=\"Yazan:\" \/>\n\t<meta name=\"twitter:data1\" content=\"Kuzeyin Sesi\" \/>\n\t<meta name=\"twitter:label2\" content=\"Tahmini okuma s\u00fcresi\" \/>\n\t<meta name=\"twitter:data2\" content=\"1 dakika\" \/>\n<script type=\"application\/ld+json\" class=\"yoast-schema-graph\">{\"@context\":\"https:\\\/\\\/schema.org\",\"@graph\":[{\"@type\":\"Article\",\"@id\":\"https:\\\/\\\/kuzeyinsesi.org\\\/index.php\\\/2024\\\/12\\\/14\\\/kibris-turk-tabipleri-birligi-68-yil-etkinlikleri-muzik-ruhun-gidasidir-konseri-duzenlendi\\\/#article\",\"isPartOf\":{\"@id\":\"https:\\\/\\\/kuzeyinsesi.org\\\/index.php\\\/2024\\\/12\\\/14\\\/kibris-turk-tabipleri-birligi-68-yil-etkinlikleri-muzik-ruhun-gidasidir-konseri-duzenlendi\\\/\"},\"author\":{\"name\":\"Kuzeyin Sesi\",\"@id\":\"https:\\\/\\\/kuzeyinsesi.org\\\/#\\\/schema\\\/person\\\/9f859689cdf01485597712386e37f5aa\"},\"headline\":\"K\u0131br\u0131s T\u00fcrk Tabipleri Birli\u011fi 68. y\u0131l etkinlikleri: \u201cM\u00fczik Ruhun G\u0131das\u0131d\u0131r\u201d konseri d\u00fczenlendi\",\"datePublished\":\"2024-12-14T14:11:21+00:00\",\"mainEntityOfPage\":{\"@id\":\"https:\\\/\\\/kuzeyinsesi.org\\\/index.php\\\/2024\\\/12\\\/14\\\/kibris-turk-tabipleri-birligi-68-yil-etkinlikleri-muzik-ruhun-gidasidir-konseri-duzenlendi\\\/\"},\"wordCount\":190,\"commentCount\":0,\"image\":{\"@id\":\"https:\\\/\\\/kuzeyinsesi.org\\\/index.php\\\/2024\\\/12\\\/14\\\/kibris-turk-tabipleri-birligi-68-yil-etkinlikleri-muzik-ruhun-gidasidir-konseri-duzenlendi\\\/#primaryimage\"},\"thumbnailUrl\":\"https:\\\/\\\/kuzeyinsesi.org\\\/wp-content\\\/uploads\\\/2024\\\/12\\\/Konser1-1.jpg\",\"articleSection\":[\"Ya\u015fam\"],\"inLanguage\":\"tr\",\"potentialAction\":[{\"@type\":\"CommentAction\",\"name\":\"Comment\",\"target\":[\"https:\\\/\\\/kuzeyinsesi.org\\\/index.php\\\/2024\\\/12\\\/14\\\/kibris-turk-tabipleri-birligi-68-yil-etkinlikleri-muzik-ruhun-gidasidir-konseri-duzenlendi\\\/#respond\"]}]},{\"@type\":\"WebPage\",\"@id\":\"https:\\\/\\\/kuzeyinsesi.org\\\/index.php\\\/2024\\\/12\\\/14\\\/kibris-turk-tabipleri-birligi-68-yil-etkinlikleri-muzik-ruhun-gidasidir-konseri-duzenlendi\\\/\",\"url\":\"https:\\\/\\\/kuzeyinsesi.org\\\/index.php\\\/2024\\\/12\\\/14\\\/kibris-turk-tabipleri-birligi-68-yil-etkinlikleri-muzik-ruhun-gidasidir-konseri-duzenlendi\\\/\",\"name\":\"K\u0131br\u0131s T\u00fcrk Tabipleri Birli\u011fi 68. y\u0131l etkinlikleri: \u201cM\u00fczik Ruhun G\u0131das\u0131d\u0131r\u201d konseri d\u00fczenlendi - Kuzeyin Sesi\",\"isPartOf\":{\"@id\":\"https:\\\/\\\/kuzeyinsesi.org\\\/#website\"},\"primaryImageOfPage\":{\"@id\":\"https:\\\/\\\/kuzeyinsesi.org\\\/index.php\\\/2024\\\/12\\\/14\\\/kibris-turk-tabipleri-birligi-68-yil-etkinlikleri-muzik-ruhun-gidasidir-konseri-duzenlendi\\\/#primaryimage\"},\"image\":{\"@id\":\"https:\\\/\\\/kuzeyinsesi.org\\\/index.php\\\/2024\\\/12\\\/14\\\/kibris-turk-tabipleri-birligi-68-yil-etkinlikleri-muzik-ruhun-gidasidir-konseri-duzenlendi\\\/#primaryimage\"},\"thumbnailUrl\":\"https:\\\/\\\/kuzeyinsesi.org\\\/wp-content\\\/uploads\\\/2024\\\/12\\\/Konser1-1.jpg\",\"datePublished\":\"2024-12-14T14:11:21+00:00\",\"author\":{\"@id\":\"https:\\\/\\\/kuzeyinsesi.org\\\/#\\\/schema\\\/person\\\/9f859689cdf01485597712386e37f5aa\"},\"breadcrumb\":{\"@id\":\"https:\\\/\\\/kuzeyinsesi.org\\\/index.php\\\/2024\\\/12\\\/14\\\/kibris-turk-tabipleri-birligi-68-yil-etkinlikleri-muzik-ruhun-gidasidir-konseri-duzenlendi\\\/#breadcrumb\"},\"inLanguage\":\"tr\",\"potentialAction\":[{\"@type\":\"ReadAction\",\"target\":[\"https:\\\/\\\/kuzeyinsesi.org\\\/index.php\\\/2024\\\/12\\\/14\\\/kibris-turk-tabipleri-birligi-68-yil-etkinlikleri-muzik-ruhun-gidasidir-konseri-duzenlendi\\\/\"]}]},{\"@type\":\"ImageObject\",\"inLanguage\":\"tr\",\"@id\":\"https:\\\/\\\/kuzeyinsesi.org\\\/index.php\\\/2024\\\/12\\\/14\\\/kibris-turk-tabipleri-birligi-68-yil-etkinlikleri-muzik-ruhun-gidasidir-konseri-duzenlendi\\\/#primaryimage\",\"url\":\"https:\\\/\\\/kuzeyinsesi.org\\\/wp-content\\\/uploads\\\/2024\\\/12\\\/Konser1-1.jpg\",\"contentUrl\":\"https:\\\/\\\/kuzeyinsesi.org\\\/wp-content\\\/uploads\\\/2024\\\/12\\\/Konser1-1.jpg\",\"width\":2048,\"height\":1536},{\"@type\":\"BreadcrumbList\",\"@id\":\"https:\\\/\\\/kuzeyinsesi.org\\\/index.php\\\/2024\\\/12\\\/14\\\/kibris-turk-tabipleri-birligi-68-yil-etkinlikleri-muzik-ruhun-gidasidir-konseri-duzenlendi\\\/#breadcrumb\",\"itemListElement\":[{\"@type\":\"ListItem\",\"position\":1,\"name\":\"Anasayfa\",\"item\":\"https:\\\/\\\/kuzeyinsesi.org\\\/\"},{\"@type\":\"ListItem\",\"position\":2,\"name\":\"K\u0131br\u0131s T\u00fcrk Tabipleri Birli\u011fi 68. y\u0131l etkinlikleri: \u201cM\u00fczik Ruhun G\u0131das\u0131d\u0131r\u201d konseri d\u00fczenlendi\"}]},{\"@type\":\"WebSite\",\"@id\":\"https:\\\/\\\/kuzeyinsesi.org\\\/#website\",\"url\":\"https:\\\/\\\/kuzeyinsesi.org\\\/\",\"name\":\"Kuzeyin Sesi\",\"description\":\"Do\u011fru Haberin Adresi\",\"potentialAction\":[{\"@type\":\"SearchAction\",\"target\":{\"@type\":\"EntryPoint\",\"urlTemplate\":\"https:\\\/\\\/kuzeyinsesi.org\\\/?s={search_term_string}\"},\"query-input\":{\"@type\":\"PropertyValueSpecification\",\"valueRequired\":true,\"valueName\":\"search_term_string\"}}],\"inLanguage\":\"tr\"},{\"@type\":\"Person\",\"@id\":\"https:\\\/\\\/kuzeyinsesi.org\\\/#\\\/schema\\\/person\\\/9f859689cdf01485597712386e37f5aa\",\"name\":\"Kuzeyin Sesi\",\"image\":{\"@type\":\"ImageObject\",\"inLanguage\":\"tr\",\"@id\":\"https:\\\/\\\/secure.gravatar.com\\\/avatar\\\/bab33852abfd8b282518d6ed81826833d77c3c882d9ab608add591ccace47a44?s=96&d=mm&r=g\",\"url\":\"https:\\\/\\\/secure.gravatar.com\\\/avatar\\\/bab33852abfd8b282518d6ed81826833d77c3c882d9ab608add591ccace47a44?s=96&d=mm&r=g\",\"contentUrl\":\"https:\\\/\\\/secure.gravatar.com\\\/avatar\\\/bab33852abfd8b282518d6ed81826833d77c3c882d9ab608add591ccace47a44?s=96&d=mm&r=g\",\"caption\":\"Kuzeyin Sesi\"},\"sameAs\":[\"https:\\\/\\\/kuzeyinsesi.org\"],\"url\":\"https:\\\/\\\/kuzeyinsesi.org\\\/index.php\\\/author\\\/guven\\\/\"}]}<\/script>\n<!-- \/ Yoast SEO plugin. -->","yoast_head_json":{"title":"K\u0131br\u0131s T\u00fcrk Tabipleri Birli\u011fi 68. y\u0131l etkinlikleri: \u201cM\u00fczik Ruhun G\u0131das\u0131d\u0131r\u201d konseri d\u00fczenlendi - Kuzeyin Sesi","robots":{"index":"index","follow":"follow","max-snippet":"max-snippet:-1","max-image-preview":"max-image-preview:large","max-video-preview":"max-video-preview:-1"},"canonical":"https:\/\/kuzeyinsesi.org\/index.php\/2024\/12\/14\/kibris-turk-tabipleri-birligi-68-yil-etkinlikleri-muzik-ruhun-gidasidir-konseri-duzenlendi\/","og_locale":"tr_TR","og_type":"article","og_title":"K\u0131br\u0131s T\u00fcrk Tabipleri Birli\u011fi 68. y\u0131l etkinlikleri: \u201cM\u00fczik Ruhun G\u0131das\u0131d\u0131r\u201d konseri d\u00fczenlendi - Kuzeyin Sesi","og_description":"K\u0131br\u0131s T\u00fcrk Tabipleri Birli\u011fi\u2019nin (KTTB) 68. y\u0131l etkinlikleri kapsam\u0131nda d\u00fczenlenen T\u00fcrk Sanat M\u00fczi\u011fi (TSM) Toplulu\u011fu \u201cM\u00fczik Ruhun G\u0131das\u0131d\u0131r\u201d konseri d\u00fczenlendi. 2019 y\u0131l\u0131nda Dt. H\u00fcseyin B\u0131\u00e7ak\u2019\u0131n \u00f6nc\u00fcl\u00fc\u011f\u00fcnde kurulan ve \u015eef Fikret \u015eent\u00fcrk\u2019\u00fcn orkestra \u015fefli\u011finde sanat yolculu\u011funa devam eden koro, konseri kay\u0131t alt\u0131na alarak geni\u015f kitlelere ula\u015fmas\u0131na katk\u0131 sa\u011flayan Bayrak Radyo ve Televizyon Kurumu\u2019na (BRTK) ve sunucu [&hellip;]","og_url":"https:\/\/kuzeyinsesi.org\/index.php\/2024\/12\/14\/kibris-turk-tabipleri-birligi-68-yil-etkinlikleri-muzik-ruhun-gidasidir-konseri-duzenlendi\/","og_site_name":"Kuzeyin Sesi","article_publisher":"https:\/\/www.facebook.com\/kuzeyinsesii","article_published_time":"2024-12-14T14:11:21+00:00","og_image":[{"url":"https:\/\/brtk.net\/wp-content\/uploads\/2024\/12\/14\/Konser1-1.jpg?ver=bf4d8abd21b7fb8932bdade7392775cb","type":"","width":"","height":""}],"author":"Kuzeyin Sesi","twitter_card":"summary_large_image","twitter_creator":"@kuzeyinsesii","twitter_site":"@kuzeyinsesii","twitter_misc":{"Yazan:":"Kuzeyin Sesi","Tahmini okuma s\u00fcresi":"1 dakika"},"schema":{"@context":"https:\/\/schema.org","@graph":[{"@type":"Article","@id":"https:\/\/kuzeyinsesi.org\/index.php\/2024\/12\/14\/kibris-turk-tabipleri-birligi-68-yil-etkinlikleri-muzik-ruhun-gidasidir-konseri-duzenlendi\/#article","isPartOf":{"@id":"https:\/\/kuzeyinsesi.org\/index.php\/2024\/12\/14\/kibris-turk-tabipleri-birligi-68-yil-etkinlikleri-muzik-ruhun-gidasidir-konseri-duzenlendi\/"},"author":{"name":"Kuzeyin Sesi","@id":"https:\/\/kuzeyinsesi.org\/#\/schema\/person\/9f859689cdf01485597712386e37f5aa"},"headline":"K\u0131br\u0131s T\u00fcrk Tabipleri Birli\u011fi 68. y\u0131l etkinlikleri: \u201cM\u00fczik Ruhun G\u0131das\u0131d\u0131r\u201d konseri d\u00fczenlendi","datePublished":"2024-12-14T14:11:21+00:00","mainEntityOfPage":{"@id":"https:\/\/kuzeyinsesi.org\/index.php\/2024\/12\/14\/kibris-turk-tabipleri-birligi-68-yil-etkinlikleri-muzik-ruhun-gidasidir-konseri-duzenlendi\/"},"wordCount":190,"commentCount":0,"image":{"@id":"https:\/\/kuzeyinsesi.org\/index.php\/2024\/12\/14\/kibris-turk-tabipleri-birligi-68-yil-etkinlikleri-muzik-ruhun-gidasidir-konseri-duzenlendi\/#primaryimage"},"thumbnailUrl":"https:\/\/kuzeyinsesi.org\/wp-content\/uploads\/2024\/12\/Konser1-1.jpg","articleSection":["Ya\u015fam"],"inLanguage":"tr","potentialAction":[{"@type":"CommentAction","name":"Comment","target":["https:\/\/kuzeyinsesi.org\/index.php\/2024\/12\/14\/kibris-turk-tabipleri-birligi-68-yil-etkinlikleri-muzik-ruhun-gidasidir-konseri-duzenlendi\/#respond"]}]},{"@type":"WebPage","@id":"https:\/\/kuzeyinsesi.org\/index.php\/2024\/12\/14\/kibris-turk-tabipleri-birligi-68-yil-etkinlikleri-muzik-ruhun-gidasidir-konseri-duzenlendi\/","url":"https:\/\/kuzeyinsesi.org\/index.php\/2024\/12\/14\/kibris-turk-tabipleri-birligi-68-yil-etkinlikleri-muzik-ruhun-gidasidir-konseri-duzenlendi\/","name":"K\u0131br\u0131s T\u00fcrk Tabipleri Birli\u011fi 68. y\u0131l etkinlikleri: \u201cM\u00fczik Ruhun G\u0131das\u0131d\u0131r\u201d konseri d\u00fczenlendi - Kuzeyin Sesi","isPartOf":{"@id":"https:\/\/kuzeyinsesi.org\/#website"},"primaryImageOfPage":{"@id":"https:\/\/kuzeyinsesi.org\/index.php\/2024\/12\/14\/kibris-turk-tabipleri-birligi-68-yil-etkinlikleri-muzik-ruhun-gidasidir-konseri-duzenlendi\/#primaryimage"},"image":{"@id":"https:\/\/kuzeyinsesi.org\/index.php\/2024\/12\/14\/kibris-turk-tabipleri-birligi-68-yil-etkinlikleri-muzik-ruhun-gidasidir-konseri-duzenlendi\/#primaryimage"},"thumbnailUrl":"https:\/\/kuzeyinsesi.org\/wp-content\/uploads\/2024\/12\/Konser1-1.jpg","datePublished":"2024-12-14T14:11:21+00:00","author":{"@id":"https:\/\/kuzeyinsesi.org\/#\/schema\/person\/9f859689cdf01485597712386e37f5aa"},"breadcrumb":{"@id":"https:\/\/kuzeyinsesi.org\/index.php\/2024\/12\/14\/kibris-turk-tabipleri-birligi-68-yil-etkinlikleri-muzik-ruhun-gidasidir-konseri-duzenlendi\/#breadcrumb"},"inLanguage":"tr","potentialAction":[{"@type":"ReadAction","target":["https:\/\/kuzeyinsesi.org\/index.php\/2024\/12\/14\/kibris-turk-tabipleri-birligi-68-yil-etkinlikleri-muzik-ruhun-gidasidir-konseri-duzenlendi\/"]}]},{"@type":"ImageObject","inLanguage":"tr","@id":"https:\/\/kuzeyinsesi.org\/index.php\/2024\/12\/14\/kibris-turk-tabipleri-birligi-68-yil-etkinlikleri-muzik-ruhun-gidasidir-konseri-duzenlendi\/#primaryimage","url":"https:\/\/kuzeyinsesi.org\/wp-content\/uploads\/2024\/12\/Konser1-1.jpg","contentUrl":"https:\/\/kuzeyinsesi.org\/wp-content\/uploads\/2024\/12\/Konser1-1.jpg","width":2048,"height":1536},{"@type":"BreadcrumbList","@id":"https:\/\/kuzeyinsesi.org\/index.php\/2024\/12\/14\/kibris-turk-tabipleri-birligi-68-yil-etkinlikleri-muzik-ruhun-gidasidir-konseri-duzenlendi\/#breadcrumb","itemListElement":[{"@type":"ListItem","position":1,"name":"Anasayfa","item":"https:\/\/kuzeyinsesi.org\/"},{"@type":"ListItem","position":2,"name":"K\u0131br\u0131s T\u00fcrk Tabipleri Birli\u011fi 68. y\u0131l etkinlikleri: \u201cM\u00fczik Ruhun G\u0131das\u0131d\u0131r\u201d konseri d\u00fczenlendi"}]},{"@type":"WebSite","@id":"https:\/\/kuzeyinsesi.org\/#website","url":"https:\/\/kuzeyinsesi.org\/","name":"Kuzeyin Sesi","description":"Do\u011fru Haberin Adresi","potentialAction":[{"@type":"SearchAction","target":{"@type":"EntryPoint","urlTemplate":"https:\/\/kuzeyinsesi.org\/?s={search_term_string}"},"query-input":{"@type":"PropertyValueSpecification","valueRequired":true,"valueName":"search_term_string"}}],"inLanguage":"tr"},{"@type":"Person","@id":"https:\/\/kuzeyinsesi.org\/#\/schema\/person\/9f859689cdf01485597712386e37f5aa","name":"Kuzeyin Sesi","image":{"@type":"ImageObject","inLanguage":"tr","@id":"https:\/\/secure.gravatar.com\/avatar\/bab33852abfd8b282518d6ed81826833d77c3c882d9ab608add591ccace47a44?s=96&d=mm&r=g","url":"https:\/\/secure.gravatar.com\/avatar\/bab33852abfd8b282518d6ed81826833d77c3c882d9ab608add591ccace47a44?s=96&d=mm&r=g","contentUrl":"https:\/\/secure.gravatar.com\/avatar\/bab33852abfd8b282518d6ed81826833d77c3c882d9ab608add591ccace47a44?s=96&d=mm&r=g","caption":"Kuzeyin Sesi"},"sameAs":["https:\/\/kuzeyinsesi.org"],"url":"https:\/\/kuzeyinsesi.org\/index.php\/author\/guven\/"}]}},"_links":{"self":[{"href":"https:\/\/kuzeyinsesi.org\/index.php\/wp-json\/wp\/v2\/posts\/15577","targetHints":{"allow":["GET"]}}],"collection":[{"href":"https:\/\/kuzeyinsesi.org\/index.php\/wp-json\/wp\/v2\/posts"}],"about":[{"href":"https:\/\/kuzeyinsesi.org\/index.php\/wp-json\/wp\/v2\/types\/post"}],"author":[{"embeddable":true,"href":"https:\/\/kuzeyinsesi.org\/index.php\/wp-json\/wp\/v2\/users\/1"}],"replies":[{"embeddable":true,"href":"https:\/\/kuzeyinsesi.org\/index.php\/wp-json\/wp\/v2\/comments?post=15577"}],"version-history":[{"count":0,"href":"https:\/\/kuzeyinsesi.org\/index.php\/wp-json\/wp\/v2\/posts\/15577\/revisions"}],"wp:featuredmedia":[{"embeddable":true,"href":"https:\/\/kuzeyinsesi.org\/index.php\/wp-json\/wp\/v2\/media\/15578"}],"wp:attachment":[{"href":"https:\/\/kuzeyinsesi.org\/index.php\/wp-json\/wp\/v2\/media?parent=15577"}],"wp:term":[{"taxonomy":"category","embeddable":true,"href":"https:\/\/kuzeyinsesi.org\/index.php\/wp-json\/wp\/v2\/categories?post=15577"},{"taxonomy":"post_tag","embeddable":true,"href":"https:\/\/kuzeyinsesi.org\/index.php\/wp-json\/wp\/v2\/tags?post=15577"}],"curies":[{"name":"wp","href":"https:\/\/api.w.org\/{rel}","templated":true}]}}