{"id":15573,"date":"2024-12-14T15:17:15","date_gmt":"2024-12-14T13:17:15","guid":{"rendered":"https:\/\/kuzeyinsesi.org\/index.php\/2024\/12\/14\/disisleri-bakani-ertugruloglu-turkiye-cumhurbaskanligi-iletisim-baskani-altun-ile-gorustu\/"},"modified":"2024-12-14T15:17:15","modified_gmt":"2024-12-14T13:17:15","slug":"disisleri-bakani-ertugruloglu-turkiye-cumhurbaskanligi-iletisim-baskani-altun-ile-gorustu","status":"publish","type":"post","link":"https:\/\/kuzeyinsesi.org\/index.php\/2024\/12\/14\/disisleri-bakani-ertugruloglu-turkiye-cumhurbaskanligi-iletisim-baskani-altun-ile-gorustu\/","title":{"rendered":"D\u0131\u015fi\u015fleri Bakan\u0131 Ertu\u011frulo\u011flu, T\u00fcrkiye Cumhurba\u015fkanl\u0131\u011f\u0131 \u0130leti\u015fim Ba\u015fkan\u0131 Altun ile g\u00f6r\u00fc\u015ft\u00fc"},"content":{"rendered":"<div>\n<div class=\"mariselle-image-container none\">\n                                            <\/div>\n<p>D\u0131\u015fi\u015fleri Bakan\u0131 Tahsin Ertu\u011frulo\u011flu, \u0130stanbul\u2019da d\u00fczenlenen Uluslararas\u0131 Stratejik \u0130leti\u015fim Zirvesi (STRATCOM SUMMIT\u201924) \u00e7er\u00e7evesinde T\u00fcrkiye Cumhurba\u015fkanl\u0131\u011f\u0131 \u0130leti\u015fim Ba\u015fkan\u0131 Prof.Dr. Fahrettin Altun ile biraraya geldi.<\/p>\n<p>D\u0131\u015fisleri Bakan\u0131 Ertu\u011frulo\u011flu g\u00f6r\u00fc\u015fmede, ileti\u015fim ba\u011flam\u0131nda yeni geli\u015fmeleri takip etmenin \u00f6nemine dikkat \u00e7ekti.<\/p>\n<p>Bu alanda yeni ufuklar\u0131n a\u00e7\u0131lmas\u0131 konusunda T\u00fcrkiye\u2019nin deneyimi ve bilgisinden yararlan\u0131lmas\u0131 gerekti\u011fini ifade eden Ertu\u011frulo\u011flu, gerek Bayrak Radyo Televizyon Kurumu (BRTK), ve T\u00fcrk Ajans\u0131 K\u0131br\u0131s (TAK) gerekse D\u0131\u015fi\u015fleri Bakanl\u0131\u011f\u0131 personelinin hizmet i\u00e7i e\u011fitimi i\u00e7in destek istedi.<\/p>\n<p>Ertu\u011frulo\u011flu, T\u00fcrkiye\u2019nin ileti\u015fim deste\u011finin KKTC\u2019nin sesinin duyulmas\u0131 a\u00e7\u0131s\u0131ndan da \u00f6nemli oldu\u011funu vurgulad\u0131.<\/p>\n<p>T\u00fcrkiye Cumhurba\u015fkanl\u0131\u011f\u0131 \u0130leti\u015fim Ba\u015fkan\u0131 Altun da, ileti\u015fimde ya\u015fanan de\u011fi\u015fim ve geli\u015fim konusunda i\u015fbirli\u011fi yapmaya ve KKTC\u2019ye her t\u00fcrl\u00fc deste\u011fi sa\u011flamaya haz\u0131r olduklar\u0131n\u0131 belirtti.<\/p>\n<\/p><\/div>\n<p><script async\n                    defer\n                    crossorigin=\"anonymous\"\n                    src=\"https:\/\/connect.facebook.net\/tr_TR\/sdk.js#xfbml=1&#038;version=v3.3\"\n            ><\/script><\/p>\n","protected":false},"excerpt":{"rendered":"<p>D\u0131\u015fi\u015fleri Bakan\u0131 Tahsin Ertu\u011frulo\u011flu, \u0130stanbul\u2019da d\u00fczenlenen Uluslararas\u0131 Stratejik \u0130leti\u015fim Zirvesi (STRATCOM SUMMIT\u201924) \u00e7er\u00e7evesinde T\u00fcrkiye Cumhurba\u015fkanl\u0131\u011f\u0131 \u0130leti\u015fim Ba\u015fkan\u0131 Prof.Dr. Fahrettin Altun ile biraraya geldi. D\u0131\u015fisleri Bakan\u0131 Ertu\u011frulo\u011flu g\u00f6r\u00fc\u015fmede, ileti\u015fim ba\u011flam\u0131nda yeni geli\u015fmeleri takip etmenin \u00f6nemine dikkat \u00e7ekti. Bu alanda yeni ufuklar\u0131n a\u00e7\u0131lmas\u0131 konusunda T\u00fcrkiye\u2019nin deneyimi ve bilgisinden yararlan\u0131lmas\u0131 gerekti\u011fini ifade eden Ertu\u011frulo\u011flu, gerek Bayrak Radyo Televizyon [&hellip;]<\/p>\n","protected":false},"author":1,"featured_media":15574,"comment_status":"open","ping_status":"open","sticky":false,"template":"","format":"standard","meta":{"jnews-multi-image_gallery":[],"jnews_single_post":[],"jnews_primary_category":[],"jnews_social_meta":[],"jnews_override_counter":[],"footnotes":""},"categories":[5],"tags":[],"class_list":["post-15573","post","type-post","status-publish","format-standard","has-post-thumbnail","hentry","category-turkiye"],"yoast_head":"<!-- This site is optimized with the Yoast SEO plugin v27.4 - https:\/\/yoast.com\/product\/yoast-seo-wordpress\/ -->\n<title>D\u0131\u015fi\u015fleri Bakan\u0131 Ertu\u011frulo\u011flu, T\u00fcrkiye Cumhurba\u015fkanl\u0131\u011f\u0131 \u0130leti\u015fim Ba\u015fkan\u0131 Altun ile g\u00f6r\u00fc\u015ft\u00fc - Kuzeyin Sesi<\/title>\n<meta name=\"robots\" content=\"index, follow, max-snippet:-1, max-image-preview:large, max-video-preview:-1\" \/>\n<link rel=\"canonical\" href=\"https:\/\/kuzeyinsesi.org\/index.php\/2024\/12\/14\/disisleri-bakani-ertugruloglu-turkiye-cumhurbaskanligi-iletisim-baskani-altun-ile-gorustu\/\" \/>\n<meta property=\"og:locale\" content=\"tr_TR\" \/>\n<meta property=\"og:type\" content=\"article\" \/>\n<meta property=\"og:title\" content=\"D\u0131\u015fi\u015fleri Bakan\u0131 Ertu\u011frulo\u011flu, T\u00fcrkiye Cumhurba\u015fkanl\u0131\u011f\u0131 \u0130leti\u015fim Ba\u015fkan\u0131 Altun ile g\u00f6r\u00fc\u015ft\u00fc - Kuzeyin Sesi\" \/>\n<meta property=\"og:description\" content=\"D\u0131\u015fi\u015fleri Bakan\u0131 Tahsin Ertu\u011frulo\u011flu, \u0130stanbul\u2019da d\u00fczenlenen Uluslararas\u0131 Stratejik \u0130leti\u015fim Zirvesi (STRATCOM SUMMIT\u201924) \u00e7er\u00e7evesinde T\u00fcrkiye Cumhurba\u015fkanl\u0131\u011f\u0131 \u0130leti\u015fim Ba\u015fkan\u0131 Prof.Dr. Fahrettin Altun ile biraraya geldi. D\u0131\u015fisleri Bakan\u0131 Ertu\u011frulo\u011flu g\u00f6r\u00fc\u015fmede, ileti\u015fim ba\u011flam\u0131nda yeni geli\u015fmeleri takip etmenin \u00f6nemine dikkat \u00e7ekti. Bu alanda yeni ufuklar\u0131n a\u00e7\u0131lmas\u0131 konusunda T\u00fcrkiye\u2019nin deneyimi ve bilgisinden yararlan\u0131lmas\u0131 gerekti\u011fini ifade eden Ertu\u011frulo\u011flu, gerek Bayrak Radyo Televizyon [&hellip;]\" \/>\n<meta property=\"og:url\" content=\"https:\/\/kuzeyinsesi.org\/index.php\/2024\/12\/14\/disisleri-bakani-ertugruloglu-turkiye-cumhurbaskanligi-iletisim-baskani-altun-ile-gorustu\/\" \/>\n<meta property=\"og:site_name\" content=\"Kuzeyin Sesi\" \/>\n<meta property=\"article:publisher\" content=\"https:\/\/www.facebook.com\/kuzeyinsesii\" \/>\n<meta property=\"article:published_time\" content=\"2024-12-14T13:17:15+00:00\" \/>\n<meta property=\"og:image\" content=\"https:\/\/brtk.net\/wp-content\/uploads\/2024\/12\/14\/1734173483503Tahsin-Ertugruloglu-2.jpg?ver=9545af3875a98647cc820e31a15bdc35\" \/>\n<meta name=\"author\" content=\"Kuzeyin Sesi\" \/>\n<meta name=\"twitter:card\" content=\"summary_large_image\" \/>\n<meta name=\"twitter:creator\" content=\"@kuzeyinsesii\" \/>\n<meta name=\"twitter:site\" content=\"@kuzeyinsesii\" \/>\n<meta name=\"twitter:label1\" content=\"Yazan:\" \/>\n\t<meta name=\"twitter:data1\" content=\"Kuzeyin Sesi\" \/>\n\t<meta name=\"twitter:label2\" content=\"Tahmini okuma s\u00fcresi\" \/>\n\t<meta name=\"twitter:data2\" content=\"1 dakika\" \/>\n<script type=\"application\/ld+json\" class=\"yoast-schema-graph\">{\"@context\":\"https:\\\/\\\/schema.org\",\"@graph\":[{\"@type\":\"Article\",\"@id\":\"https:\\\/\\\/kuzeyinsesi.org\\\/index.php\\\/2024\\\/12\\\/14\\\/disisleri-bakani-ertugruloglu-turkiye-cumhurbaskanligi-iletisim-baskani-altun-ile-gorustu\\\/#article\",\"isPartOf\":{\"@id\":\"https:\\\/\\\/kuzeyinsesi.org\\\/index.php\\\/2024\\\/12\\\/14\\\/disisleri-bakani-ertugruloglu-turkiye-cumhurbaskanligi-iletisim-baskani-altun-ile-gorustu\\\/\"},\"author\":{\"name\":\"Kuzeyin Sesi\",\"@id\":\"https:\\\/\\\/kuzeyinsesi.org\\\/#\\\/schema\\\/person\\\/9f859689cdf01485597712386e37f5aa\"},\"headline\":\"D\u0131\u015fi\u015fleri Bakan\u0131 Ertu\u011frulo\u011flu, T\u00fcrkiye Cumhurba\u015fkanl\u0131\u011f\u0131 \u0130leti\u015fim Ba\u015fkan\u0131 Altun ile g\u00f6r\u00fc\u015ft\u00fc\",\"datePublished\":\"2024-12-14T13:17:15+00:00\",\"mainEntityOfPage\":{\"@id\":\"https:\\\/\\\/kuzeyinsesi.org\\\/index.php\\\/2024\\\/12\\\/14\\\/disisleri-bakani-ertugruloglu-turkiye-cumhurbaskanligi-iletisim-baskani-altun-ile-gorustu\\\/\"},\"wordCount\":192,\"commentCount\":0,\"image\":{\"@id\":\"https:\\\/\\\/kuzeyinsesi.org\\\/index.php\\\/2024\\\/12\\\/14\\\/disisleri-bakani-ertugruloglu-turkiye-cumhurbaskanligi-iletisim-baskani-altun-ile-gorustu\\\/#primaryimage\"},\"thumbnailUrl\":\"https:\\\/\\\/kuzeyinsesi.org\\\/wp-content\\\/uploads\\\/2024\\\/12\\\/Screenshot_20241214_152415_X.jpg\",\"articleSection\":[\"T\u00fcrkiye\"],\"inLanguage\":\"tr\",\"potentialAction\":[{\"@type\":\"CommentAction\",\"name\":\"Comment\",\"target\":[\"https:\\\/\\\/kuzeyinsesi.org\\\/index.php\\\/2024\\\/12\\\/14\\\/disisleri-bakani-ertugruloglu-turkiye-cumhurbaskanligi-iletisim-baskani-altun-ile-gorustu\\\/#respond\"]}]},{\"@type\":\"WebPage\",\"@id\":\"https:\\\/\\\/kuzeyinsesi.org\\\/index.php\\\/2024\\\/12\\\/14\\\/disisleri-bakani-ertugruloglu-turkiye-cumhurbaskanligi-iletisim-baskani-altun-ile-gorustu\\\/\",\"url\":\"https:\\\/\\\/kuzeyinsesi.org\\\/index.php\\\/2024\\\/12\\\/14\\\/disisleri-bakani-ertugruloglu-turkiye-cumhurbaskanligi-iletisim-baskani-altun-ile-gorustu\\\/\",\"name\":\"D\u0131\u015fi\u015fleri Bakan\u0131 Ertu\u011frulo\u011flu, T\u00fcrkiye Cumhurba\u015fkanl\u0131\u011f\u0131 \u0130leti\u015fim Ba\u015fkan\u0131 Altun ile g\u00f6r\u00fc\u015ft\u00fc - Kuzeyin Sesi\",\"isPartOf\":{\"@id\":\"https:\\\/\\\/kuzeyinsesi.org\\\/#website\"},\"primaryImageOfPage\":{\"@id\":\"https:\\\/\\\/kuzeyinsesi.org\\\/index.php\\\/2024\\\/12\\\/14\\\/disisleri-bakani-ertugruloglu-turkiye-cumhurbaskanligi-iletisim-baskani-altun-ile-gorustu\\\/#primaryimage\"},\"image\":{\"@id\":\"https:\\\/\\\/kuzeyinsesi.org\\\/index.php\\\/2024\\\/12\\\/14\\\/disisleri-bakani-ertugruloglu-turkiye-cumhurbaskanligi-iletisim-baskani-altun-ile-gorustu\\\/#primaryimage\"},\"thumbnailUrl\":\"https:\\\/\\\/kuzeyinsesi.org\\\/wp-content\\\/uploads\\\/2024\\\/12\\\/Screenshot_20241214_152415_X.jpg\",\"datePublished\":\"2024-12-14T13:17:15+00:00\",\"author\":{\"@id\":\"https:\\\/\\\/kuzeyinsesi.org\\\/#\\\/schema\\\/person\\\/9f859689cdf01485597712386e37f5aa\"},\"breadcrumb\":{\"@id\":\"https:\\\/\\\/kuzeyinsesi.org\\\/index.php\\\/2024\\\/12\\\/14\\\/disisleri-bakani-ertugruloglu-turkiye-cumhurbaskanligi-iletisim-baskani-altun-ile-gorustu\\\/#breadcrumb\"},\"inLanguage\":\"tr\",\"potentialAction\":[{\"@type\":\"ReadAction\",\"target\":[\"https:\\\/\\\/kuzeyinsesi.org\\\/index.php\\\/2024\\\/12\\\/14\\\/disisleri-bakani-ertugruloglu-turkiye-cumhurbaskanligi-iletisim-baskani-altun-ile-gorustu\\\/\"]}]},{\"@type\":\"ImageObject\",\"inLanguage\":\"tr\",\"@id\":\"https:\\\/\\\/kuzeyinsesi.org\\\/index.php\\\/2024\\\/12\\\/14\\\/disisleri-bakani-ertugruloglu-turkiye-cumhurbaskanligi-iletisim-baskani-altun-ile-gorustu\\\/#primaryimage\",\"url\":\"https:\\\/\\\/kuzeyinsesi.org\\\/wp-content\\\/uploads\\\/2024\\\/12\\\/Screenshot_20241214_152415_X.jpg\",\"contentUrl\":\"https:\\\/\\\/kuzeyinsesi.org\\\/wp-content\\\/uploads\\\/2024\\\/12\\\/Screenshot_20241214_152415_X.jpg\",\"width\":1080,\"height\":480},{\"@type\":\"BreadcrumbList\",\"@id\":\"https:\\\/\\\/kuzeyinsesi.org\\\/index.php\\\/2024\\\/12\\\/14\\\/disisleri-bakani-ertugruloglu-turkiye-cumhurbaskanligi-iletisim-baskani-altun-ile-gorustu\\\/#breadcrumb\",\"itemListElement\":[{\"@type\":\"ListItem\",\"position\":1,\"name\":\"Anasayfa\",\"item\":\"https:\\\/\\\/kuzeyinsesi.org\\\/\"},{\"@type\":\"ListItem\",\"position\":2,\"name\":\"D\u0131\u015fi\u015fleri Bakan\u0131 Ertu\u011frulo\u011flu, T\u00fcrkiye Cumhurba\u015fkanl\u0131\u011f\u0131 \u0130leti\u015fim Ba\u015fkan\u0131 Altun ile g\u00f6r\u00fc\u015ft\u00fc\"}]},{\"@type\":\"WebSite\",\"@id\":\"https:\\\/\\\/kuzeyinsesi.org\\\/#website\",\"url\":\"https:\\\/\\\/kuzeyinsesi.org\\\/\",\"name\":\"Kuzeyin Sesi\",\"description\":\"Do\u011fru Haberin Adresi\",\"potentialAction\":[{\"@type\":\"SearchAction\",\"target\":{\"@type\":\"EntryPoint\",\"urlTemplate\":\"https:\\\/\\\/kuzeyinsesi.org\\\/?s={search_term_string}\"},\"query-input\":{\"@type\":\"PropertyValueSpecification\",\"valueRequired\":true,\"valueName\":\"search_term_string\"}}],\"inLanguage\":\"tr\"},{\"@type\":\"Person\",\"@id\":\"https:\\\/\\\/kuzeyinsesi.org\\\/#\\\/schema\\\/person\\\/9f859689cdf01485597712386e37f5aa\",\"name\":\"Kuzeyin Sesi\",\"image\":{\"@type\":\"ImageObject\",\"inLanguage\":\"tr\",\"@id\":\"https:\\\/\\\/secure.gravatar.com\\\/avatar\\\/bab33852abfd8b282518d6ed81826833d77c3c882d9ab608add591ccace47a44?s=96&d=mm&r=g\",\"url\":\"https:\\\/\\\/secure.gravatar.com\\\/avatar\\\/bab33852abfd8b282518d6ed81826833d77c3c882d9ab608add591ccace47a44?s=96&d=mm&r=g\",\"contentUrl\":\"https:\\\/\\\/secure.gravatar.com\\\/avatar\\\/bab33852abfd8b282518d6ed81826833d77c3c882d9ab608add591ccace47a44?s=96&d=mm&r=g\",\"caption\":\"Kuzeyin Sesi\"},\"sameAs\":[\"https:\\\/\\\/kuzeyinsesi.org\"],\"url\":\"https:\\\/\\\/kuzeyinsesi.org\\\/index.php\\\/author\\\/guven\\\/\"}]}<\/script>\n<!-- \/ Yoast SEO plugin. -->","yoast_head_json":{"title":"D\u0131\u015fi\u015fleri Bakan\u0131 Ertu\u011frulo\u011flu, T\u00fcrkiye Cumhurba\u015fkanl\u0131\u011f\u0131 \u0130leti\u015fim Ba\u015fkan\u0131 Altun ile g\u00f6r\u00fc\u015ft\u00fc - Kuzeyin Sesi","robots":{"index":"index","follow":"follow","max-snippet":"max-snippet:-1","max-image-preview":"max-image-preview:large","max-video-preview":"max-video-preview:-1"},"canonical":"https:\/\/kuzeyinsesi.org\/index.php\/2024\/12\/14\/disisleri-bakani-ertugruloglu-turkiye-cumhurbaskanligi-iletisim-baskani-altun-ile-gorustu\/","og_locale":"tr_TR","og_type":"article","og_title":"D\u0131\u015fi\u015fleri Bakan\u0131 Ertu\u011frulo\u011flu, T\u00fcrkiye Cumhurba\u015fkanl\u0131\u011f\u0131 \u0130leti\u015fim Ba\u015fkan\u0131 Altun ile g\u00f6r\u00fc\u015ft\u00fc - Kuzeyin Sesi","og_description":"D\u0131\u015fi\u015fleri Bakan\u0131 Tahsin Ertu\u011frulo\u011flu, \u0130stanbul\u2019da d\u00fczenlenen Uluslararas\u0131 Stratejik \u0130leti\u015fim Zirvesi (STRATCOM SUMMIT\u201924) \u00e7er\u00e7evesinde T\u00fcrkiye Cumhurba\u015fkanl\u0131\u011f\u0131 \u0130leti\u015fim Ba\u015fkan\u0131 Prof.Dr. Fahrettin Altun ile biraraya geldi. D\u0131\u015fisleri Bakan\u0131 Ertu\u011frulo\u011flu g\u00f6r\u00fc\u015fmede, ileti\u015fim ba\u011flam\u0131nda yeni geli\u015fmeleri takip etmenin \u00f6nemine dikkat \u00e7ekti. Bu alanda yeni ufuklar\u0131n a\u00e7\u0131lmas\u0131 konusunda T\u00fcrkiye\u2019nin deneyimi ve bilgisinden yararlan\u0131lmas\u0131 gerekti\u011fini ifade eden Ertu\u011frulo\u011flu, gerek Bayrak Radyo Televizyon [&hellip;]","og_url":"https:\/\/kuzeyinsesi.org\/index.php\/2024\/12\/14\/disisleri-bakani-ertugruloglu-turkiye-cumhurbaskanligi-iletisim-baskani-altun-ile-gorustu\/","og_site_name":"Kuzeyin Sesi","article_publisher":"https:\/\/www.facebook.com\/kuzeyinsesii","article_published_time":"2024-12-14T13:17:15+00:00","og_image":[{"url":"https:\/\/brtk.net\/wp-content\/uploads\/2024\/12\/14\/1734173483503Tahsin-Ertugruloglu-2.jpg?ver=9545af3875a98647cc820e31a15bdc35","type":"","width":"","height":""}],"author":"Kuzeyin Sesi","twitter_card":"summary_large_image","twitter_creator":"@kuzeyinsesii","twitter_site":"@kuzeyinsesii","twitter_misc":{"Yazan:":"Kuzeyin Sesi","Tahmini okuma s\u00fcresi":"1 dakika"},"schema":{"@context":"https:\/\/schema.org","@graph":[{"@type":"Article","@id":"https:\/\/kuzeyinsesi.org\/index.php\/2024\/12\/14\/disisleri-bakani-ertugruloglu-turkiye-cumhurbaskanligi-iletisim-baskani-altun-ile-gorustu\/#article","isPartOf":{"@id":"https:\/\/kuzeyinsesi.org\/index.php\/2024\/12\/14\/disisleri-bakani-ertugruloglu-turkiye-cumhurbaskanligi-iletisim-baskani-altun-ile-gorustu\/"},"author":{"name":"Kuzeyin Sesi","@id":"https:\/\/kuzeyinsesi.org\/#\/schema\/person\/9f859689cdf01485597712386e37f5aa"},"headline":"D\u0131\u015fi\u015fleri Bakan\u0131 Ertu\u011frulo\u011flu, T\u00fcrkiye Cumhurba\u015fkanl\u0131\u011f\u0131 \u0130leti\u015fim Ba\u015fkan\u0131 Altun ile g\u00f6r\u00fc\u015ft\u00fc","datePublished":"2024-12-14T13:17:15+00:00","mainEntityOfPage":{"@id":"https:\/\/kuzeyinsesi.org\/index.php\/2024\/12\/14\/disisleri-bakani-ertugruloglu-turkiye-cumhurbaskanligi-iletisim-baskani-altun-ile-gorustu\/"},"wordCount":192,"commentCount":0,"image":{"@id":"https:\/\/kuzeyinsesi.org\/index.php\/2024\/12\/14\/disisleri-bakani-ertugruloglu-turkiye-cumhurbaskanligi-iletisim-baskani-altun-ile-gorustu\/#primaryimage"},"thumbnailUrl":"https:\/\/kuzeyinsesi.org\/wp-content\/uploads\/2024\/12\/Screenshot_20241214_152415_X.jpg","articleSection":["T\u00fcrkiye"],"inLanguage":"tr","potentialAction":[{"@type":"CommentAction","name":"Comment","target":["https:\/\/kuzeyinsesi.org\/index.php\/2024\/12\/14\/disisleri-bakani-ertugruloglu-turkiye-cumhurbaskanligi-iletisim-baskani-altun-ile-gorustu\/#respond"]}]},{"@type":"WebPage","@id":"https:\/\/kuzeyinsesi.org\/index.php\/2024\/12\/14\/disisleri-bakani-ertugruloglu-turkiye-cumhurbaskanligi-iletisim-baskani-altun-ile-gorustu\/","url":"https:\/\/kuzeyinsesi.org\/index.php\/2024\/12\/14\/disisleri-bakani-ertugruloglu-turkiye-cumhurbaskanligi-iletisim-baskani-altun-ile-gorustu\/","name":"D\u0131\u015fi\u015fleri Bakan\u0131 Ertu\u011frulo\u011flu, T\u00fcrkiye Cumhurba\u015fkanl\u0131\u011f\u0131 \u0130leti\u015fim Ba\u015fkan\u0131 Altun ile g\u00f6r\u00fc\u015ft\u00fc - Kuzeyin Sesi","isPartOf":{"@id":"https:\/\/kuzeyinsesi.org\/#website"},"primaryImageOfPage":{"@id":"https:\/\/kuzeyinsesi.org\/index.php\/2024\/12\/14\/disisleri-bakani-ertugruloglu-turkiye-cumhurbaskanligi-iletisim-baskani-altun-ile-gorustu\/#primaryimage"},"image":{"@id":"https:\/\/kuzeyinsesi.org\/index.php\/2024\/12\/14\/disisleri-bakani-ertugruloglu-turkiye-cumhurbaskanligi-iletisim-baskani-altun-ile-gorustu\/#primaryimage"},"thumbnailUrl":"https:\/\/kuzeyinsesi.org\/wp-content\/uploads\/2024\/12\/Screenshot_20241214_152415_X.jpg","datePublished":"2024-12-14T13:17:15+00:00","author":{"@id":"https:\/\/kuzeyinsesi.org\/#\/schema\/person\/9f859689cdf01485597712386e37f5aa"},"breadcrumb":{"@id":"https:\/\/kuzeyinsesi.org\/index.php\/2024\/12\/14\/disisleri-bakani-ertugruloglu-turkiye-cumhurbaskanligi-iletisim-baskani-altun-ile-gorustu\/#breadcrumb"},"inLanguage":"tr","potentialAction":[{"@type":"ReadAction","target":["https:\/\/kuzeyinsesi.org\/index.php\/2024\/12\/14\/disisleri-bakani-ertugruloglu-turkiye-cumhurbaskanligi-iletisim-baskani-altun-ile-gorustu\/"]}]},{"@type":"ImageObject","inLanguage":"tr","@id":"https:\/\/kuzeyinsesi.org\/index.php\/2024\/12\/14\/disisleri-bakani-ertugruloglu-turkiye-cumhurbaskanligi-iletisim-baskani-altun-ile-gorustu\/#primaryimage","url":"https:\/\/kuzeyinsesi.org\/wp-content\/uploads\/2024\/12\/Screenshot_20241214_152415_X.jpg","contentUrl":"https:\/\/kuzeyinsesi.org\/wp-content\/uploads\/2024\/12\/Screenshot_20241214_152415_X.jpg","width":1080,"height":480},{"@type":"BreadcrumbList","@id":"https:\/\/kuzeyinsesi.org\/index.php\/2024\/12\/14\/disisleri-bakani-ertugruloglu-turkiye-cumhurbaskanligi-iletisim-baskani-altun-ile-gorustu\/#breadcrumb","itemListElement":[{"@type":"ListItem","position":1,"name":"Anasayfa","item":"https:\/\/kuzeyinsesi.org\/"},{"@type":"ListItem","position":2,"name":"D\u0131\u015fi\u015fleri Bakan\u0131 Ertu\u011frulo\u011flu, T\u00fcrkiye Cumhurba\u015fkanl\u0131\u011f\u0131 \u0130leti\u015fim Ba\u015fkan\u0131 Altun ile g\u00f6r\u00fc\u015ft\u00fc"}]},{"@type":"WebSite","@id":"https:\/\/kuzeyinsesi.org\/#website","url":"https:\/\/kuzeyinsesi.org\/","name":"Kuzeyin Sesi","description":"Do\u011fru Haberin Adresi","potentialAction":[{"@type":"SearchAction","target":{"@type":"EntryPoint","urlTemplate":"https:\/\/kuzeyinsesi.org\/?s={search_term_string}"},"query-input":{"@type":"PropertyValueSpecification","valueRequired":true,"valueName":"search_term_string"}}],"inLanguage":"tr"},{"@type":"Person","@id":"https:\/\/kuzeyinsesi.org\/#\/schema\/person\/9f859689cdf01485597712386e37f5aa","name":"Kuzeyin Sesi","image":{"@type":"ImageObject","inLanguage":"tr","@id":"https:\/\/secure.gravatar.com\/avatar\/bab33852abfd8b282518d6ed81826833d77c3c882d9ab608add591ccace47a44?s=96&d=mm&r=g","url":"https:\/\/secure.gravatar.com\/avatar\/bab33852abfd8b282518d6ed81826833d77c3c882d9ab608add591ccace47a44?s=96&d=mm&r=g","contentUrl":"https:\/\/secure.gravatar.com\/avatar\/bab33852abfd8b282518d6ed81826833d77c3c882d9ab608add591ccace47a44?s=96&d=mm&r=g","caption":"Kuzeyin Sesi"},"sameAs":["https:\/\/kuzeyinsesi.org"],"url":"https:\/\/kuzeyinsesi.org\/index.php\/author\/guven\/"}]}},"_links":{"self":[{"href":"https:\/\/kuzeyinsesi.org\/index.php\/wp-json\/wp\/v2\/posts\/15573","targetHints":{"allow":["GET"]}}],"collection":[{"href":"https:\/\/kuzeyinsesi.org\/index.php\/wp-json\/wp\/v2\/posts"}],"about":[{"href":"https:\/\/kuzeyinsesi.org\/index.php\/wp-json\/wp\/v2\/types\/post"}],"author":[{"embeddable":true,"href":"https:\/\/kuzeyinsesi.org\/index.php\/wp-json\/wp\/v2\/users\/1"}],"replies":[{"embeddable":true,"href":"https:\/\/kuzeyinsesi.org\/index.php\/wp-json\/wp\/v2\/comments?post=15573"}],"version-history":[{"count":0,"href":"https:\/\/kuzeyinsesi.org\/index.php\/wp-json\/wp\/v2\/posts\/15573\/revisions"}],"wp:featuredmedia":[{"embeddable":true,"href":"https:\/\/kuzeyinsesi.org\/index.php\/wp-json\/wp\/v2\/media\/15574"}],"wp:attachment":[{"href":"https:\/\/kuzeyinsesi.org\/index.php\/wp-json\/wp\/v2\/media?parent=15573"}],"wp:term":[{"taxonomy":"category","embeddable":true,"href":"https:\/\/kuzeyinsesi.org\/index.php\/wp-json\/wp\/v2\/categories?post=15573"},{"taxonomy":"post_tag","embeddable":true,"href":"https:\/\/kuzeyinsesi.org\/index.php\/wp-json\/wp\/v2\/tags?post=15573"}],"curies":[{"name":"wp","href":"https:\/\/api.w.org\/{rel}","templated":true}]}}