{"id":15565,"date":"2024-12-14T11:08:45","date_gmt":"2024-12-14T09:08:45","guid":{"rendered":"https:\/\/kuzeyinsesi.org\/index.php\/2024\/12\/14\/stratcom-summit-24te-dezenformasyonla-mucadelede-yapay-zekanin-onemi-ele-alindi\/"},"modified":"2024-12-14T11:08:45","modified_gmt":"2024-12-14T09:08:45","slug":"stratcom-summit-24te-dezenformasyonla-mucadelede-yapay-zekanin-onemi-ele-alindi","status":"publish","type":"post","link":"https:\/\/kuzeyinsesi.org\/index.php\/2024\/12\/14\/stratcom-summit-24te-dezenformasyonla-mucadelede-yapay-zekanin-onemi-ele-alindi\/","title":{"rendered":"Stratcom Summit 24\u2019te dezenformasyonla m\u00fccadelede yapay zekan\u0131n \u00f6nemi ele al\u0131nd\u0131"},"content":{"rendered":"<div>\n<div class=\"mariselle-image-container center\">\n                                            <\/div>\n<p>TC  Cumhurba\u015fkanl\u0131\u011f\u0131 \u0130leti\u015fim Ba\u015fkanl\u0131\u011f\u0131nca, \u201c\u0130leti\u015fimde Yapay Zeka: E\u011filimler, Tuzaklar ve D\u00f6n\u00fc\u015f\u00fcm\u201d temas\u0131yla bu y\u0131l d\u00f6rd\u00fcnc\u00fcs\u00fc ger\u00e7ekle\u015ftirilen Uluslararas\u0131 Stratejik \u0130leti\u015fim Zirvesi\u2019nde (Stratcom Summit\u201924) \u201cDezenformasyonla M\u00fccadelede Yapay Zeka: Kamu Kurumlar\u0131 \u0130\u00e7in Stratejik Ara\u00e7lar\u201d ba\u015fl\u0131kl\u0131 panel d\u00fczenlendi.<\/p>\n<p>\u00d6zbekistan Kalk\u0131nma Stratejisi Merkezi Direkt\u00f6r\u00fc Eldor Tulyakov\u2019un moderat\u00f6rl\u00fc\u011f\u00fcn\u00fc \u00fcstlendi\u011fi oturumda TC  Cumhurba\u015fkanl\u0131\u011f\u0131 \u0130leti\u015fim Ba\u015fkanl\u0131\u011f\u0131 Dezenformasyonla M\u00fccadele Merkezi Koordinat\u00f6r\u00fc \u0130dris Karda\u015f, Azerbaycan Medya Kalk\u0131nma Ajans\u0131 Direkt\u00f6r\u00fc Ahmet \u0130smay\u0131lov, BM Jakarta Ofisi Enformasyon Merkezi Direkt\u00f6r\u00fc Miklos Gaspar, S\u0131rbistan Kamuoyu Enformasyondan Sorumlu Devlet Sekreteri Milos Garic ile uluslararas\u0131 haber kurulu\u015fu NE Global\u2019de Avrupa Birli\u011fi ve \u0130talya Siyasi \u0130li\u015fkiler Genel Yay\u0131n Y\u00f6netmeni Federico Grandesso konu\u015fmac\u0131 olarak yer ald\u0131.<\/p>\n<p>\u0130smay\u0131lov, \u201cHepimiz, bilginin t\u00fcketicisi olduk.\u201d diyerek, dezenformasyonla m\u00fccadele edebilmek i\u00e7in medya okuryazarl\u0131\u011f\u0131n\u0131n art\u0131r\u0131lmas\u0131n\u0131n gerekti\u011fini s\u00f6yledi.<\/p>\n<p>Azerbaycan\u2019a y\u00f6nelik \u00e7e\u015fitli dezenformasyon ve manip\u00fclasyon \u00e7al\u0131\u015fmalar\u0131n\u0131n yap\u0131ld\u0131\u011f\u0131n\u0131 belirten \u0130smay\u0131lov, dezenformasyonun \u00fclkelerin uluslararas\u0131 anlamda b\u00fcy\u00fcmesini engelleyebildi\u011fini kaydetti.<\/p>\n<p>\u0130smay\u0131lov, Bak\u00fc\u2019de d\u00fczenlenen Birle\u015fmi\u015f Milletler \u0130klim De\u011fi\u015fikli\u011fi Taraflar Konferans\u0131\u2019na (COP29) i\u015faret ederek, bu s\u00fcre\u00e7te Azerbaycan\u2019\u0131 k\u00f6t\u00fc g\u00f6stermeye y\u00f6nelik \u00e7al\u0131\u015fmalar\u0131n yap\u0131ld\u0131\u011f\u0131n\u0131 ve bu tarz dezenformasyonlar\u0131n \u00fclkenin itibar\u0131n\u0131 zedeledi\u011fini s\u00f6yledi.<\/p>\n<p>Azerbaycan\u2019da medya okuryazarl\u0131\u011f\u0131n\u0131 art\u0131rmaya y\u00f6nelik \u00e7al\u0131\u015fmalar y\u00fcr\u00fctt\u00fcklerini dile getiren \u0130smay\u0131lov, bu kapsamda Medya Okuryazarl\u0131\u011f\u0131 Haftas\u0131\u2019n\u0131 olu\u015fturduklar\u0131n\u0131 vurgulad\u0131.<\/p>\n<p>\u2013 \u201cArt\u0131k ger\u00e7ek ve kurguyu birbirinden ay\u0131ramaz olduk\u201d<\/p>\n<p>Garic, Stratcom\u2019da bulunmaktan duydu\u011fu memnuniyeti ifade ederek, organizasyon i\u00e7in te\u015fekk\u00fcrlerini sundu.<\/p>\n<p>Konu\u015fmas\u0131n\u0131n ba\u015f\u0131nda, \u201cGer\u00e7ek, ayakkab\u0131lar\u0131n\u0131 giyene kadar yalan, d\u00fcnyan\u0131n yar\u0131s\u0131n\u0131 dola\u015fm\u0131\u015f olur.\u201d s\u00f6z\u00fcne at\u0131fta bulunan Garic, bu s\u00f6z\u00fcn y\u0131llar \u00f6nce s\u00f6ylenmi\u015f olmas\u0131na ra\u011fmen \u015fu anda ger\u00e7e\u011fi yanl\u0131\u015ftan ay\u0131rman\u0131n daha da zorla\u015ft\u0131\u011f\u0131n\u0131 ifade etti.<\/p>\n<p>Garic, geleneksel medyan\u0131n yava\u015f yava\u015f tarihe kar\u0131\u015fmaya ba\u015flad\u0131\u011f\u0131n\u0131, \u00f6nceden korku filmlerinde rastlanan yapay zekan\u0131n \u015fu an hayat\u0131n par\u00e7as\u0131 haline geldi\u011fini s\u00f6yledi.<\/p>\n<p>Yapay zekan\u0131n \u00fcretti\u011fi i\u00e7erik, ses ve g\u00f6r\u00fcnt\u00fclerin yanl\u0131\u015f bilgiler sunabildi\u011fine dikkati \u00e7eken Garic, \u201cArt\u0131k ger\u00e7ek ve kurguyu birbirinden ay\u0131ramaz olduk.\u201d dedi.<\/p>\n<p>Garic, yanl\u0131\u015f bilginin yay\u0131lmas\u0131n\u0131n \u00f6nlenmesi i\u00e7in yasal bir kesinli\u011fe ihtiya\u00e7 oldu\u011funu belirterek, bireylerin temel ve kullan\u0131m haklar\u0131n\u0131n ihlal edilmemesi i\u00e7in yasal d\u00fczenlemenin \u00f6nemini vurgulad\u0131.<\/p>\n<p>\u2013 Arakanl\u0131 M\u00fcsl\u00fcmanlara y\u00f6nelik nefret s\u00f6ylemi<\/p>\n<p>Birle\u015fmi\u015f Milletlerin (BM) haziranda bilgi b\u00fct\u00fcnl\u00fc\u011f\u00fc ve do\u011frulu\u011fu i\u00e7in bir hukuki \u00e7er\u00e7eve ortaya koydu\u011funa dikkati \u00e7eken Gaspar da bu ilkelerin h\u00fck\u00fcmetler ve \u00f6zel sekt\u00f6r\u00fcn bu konuya nas\u0131l yakla\u015fabileceklerine dair a\u00e7\u0131kl\u0131k getirdi\u011fini kaydetti.<\/p>\n<p>Gaspar, bu yakla\u015f\u0131m\u0131n a\u015famalar\u0131n\u0131n ara\u015ft\u0131rma, riskin de\u011ferlendirilmesi ve al\u0131nacak aksiyonun belirlenmesi \u015feklinde ilerledi\u011fini belirtti.<\/p>\n<p>Sosyal medyada Myanmar ordusunun zulm\u00fcnden ka\u00e7an Arakanl\u0131 M\u00fcsl\u00fcman (Rohingya) m\u00fcltecilere y\u00f6nelik bir\u00e7ok nefret s\u00f6ylemi i\u00e7eren payla\u015f\u0131m\u0131n yap\u0131ld\u0131\u011f\u0131na i\u015faret eden Gaspar, bu nefret s\u00f6ylemlerinin asl\u0131nda Arakanl\u0131 M\u00fcsl\u00fcmanlara kar\u015f\u0131 olumsuz alg\u0131 olu\u015fmas\u0131 i\u00e7in d\u00fczenlenen yapay zeka destekli kampanya oldu\u011funu s\u00f6yledi.<\/p>\n<p>Gaspar, bir \u015feyi s\u00f6ylemenin bir\u00e7ok farkl\u0131 yolunun bulundu\u011funun alt\u0131n\u0131 \u00e7izerek, yapay zeka taraf\u0131ndan haz\u0131rlanan bu payla\u015f\u0131mlarda ise baz\u0131 terim ve ifadelerin s\u00fcrekli tekrar edildi\u011fini vurgulad\u0131.<\/p>\n<p>Arakanl\u0131 M\u00fcsl\u00fcmanlara y\u00f6nelik dezenformasyonla m\u00fccadele i\u00e7in BM ve h\u00fck\u00fcmetlerle ortak \u00e7al\u0131\u015fmalar y\u00fcr\u00fctt\u00fcklerini kaydeden Gaspar, bu kapsamda insanlar\u0131n duygular\u0131na dokunan ve ger\u00e7ekleri g\u00f6steren g\u00f6nderiler payla\u015ft\u0131klar\u0131n\u0131 s\u00f6yledi.<\/p>\n<p>\u2013 T\u00fcrkiye\u2019de dezenformasyonla m\u00fccadele<\/p>\n<p>Karda\u015f da yapay zeka ve dezenformasyonun son zamanlarda en \u00e7ok konu\u015fulan konular\u0131n aras\u0131nda yer ald\u0131\u011f\u0131n\u0131 belirtti.<\/p>\n<p>T\u00fcrkiye\u2019nin yak\u0131n co\u011frafyada ya\u015fananlar nedeniyle bir\u00e7ok olay\u0131n ortas\u0131nda kald\u0131\u011f\u0131na dikkati \u00e7eken Karda\u015f, T\u00fcrkiye\u2019nin dezenformasyonla m\u00fccadelede teknoloji ve yapay zekadan yararland\u0131\u011f\u0131n\u0131 ifade etti.<\/p>\n<p>Karda\u015f, T\u00fcrkiye\u2019nin dezenformasyonla m\u00fccadele kapsam\u0131nda bir\u00e7ok \u00fclkeye model olmaya y\u00f6nelik \u00f6nemli ad\u0131mlar att\u0131\u011f\u0131n\u0131 vurgulad\u0131.<\/p>\n<p>\u2013 Yapay zeka ve e\u011fitim<\/p>\n<p>\u0130talya\u2019da bir\u00e7ok memurun yapay zeka kullanmay\u0131 bilmedi\u011fini ifade eden Grandesso, memurlar\u0131n do\u011fru \u015fekilde yapay zekay\u0131 kullanabilmesi i\u00e7in e\u011fitim verilmesinin gerekti\u011fini belirtti.<\/p>\n<p>Grandesso, sendikalarla ileti\u015fime ge\u00e7ilip \u00e7al\u0131\u015fma saatlerindeki bir k\u0131sm\u0131n e\u011fitime ayr\u0131lmas\u0131 i\u00e7in anla\u015fma yap\u0131labilece\u011fi \u00f6nerisinde bulundu.<\/p>\n<p>\u0130talya\u2019da medyay\u0131 takip edecek, sorunun nereden kaynakland\u0131\u011f\u0131n\u0131 belirleyecek ajans kurulmas\u0131 tavsiyesinde bulunan Grandesso, gen\u00e7lerin de ger\u00e7ek bilgiyle yalan haberi birbirinden ay\u0131rabilmesi amac\u0131yla e\u011fitimin gerekli oldu\u011funu vurgulad\u0131.<\/p>\n<\/div>\n<p><script async\n                    defer\n                    crossorigin=\"anonymous\"\n                    src=\"https:\/\/connect.facebook.net\/tr_TR\/sdk.js#xfbml=1&#038;version=v3.3\"\n            ><\/script><\/p>\n","protected":false},"excerpt":{"rendered":"<p>TC Cumhurba\u015fkanl\u0131\u011f\u0131 \u0130leti\u015fim Ba\u015fkanl\u0131\u011f\u0131nca, \u201c\u0130leti\u015fimde Yapay Zeka: E\u011filimler, Tuzaklar ve D\u00f6n\u00fc\u015f\u00fcm\u201d temas\u0131yla bu y\u0131l d\u00f6rd\u00fcnc\u00fcs\u00fc ger\u00e7ekle\u015ftirilen Uluslararas\u0131 Stratejik \u0130leti\u015fim Zirvesi\u2019nde (Stratcom Summit\u201924) \u201cDezenformasyonla M\u00fccadelede Yapay Zeka: Kamu Kurumlar\u0131 \u0130\u00e7in Stratejik Ara\u00e7lar\u201d ba\u015fl\u0131kl\u0131 panel d\u00fczenlendi. \u00d6zbekistan Kalk\u0131nma Stratejisi Merkezi Direkt\u00f6r\u00fc Eldor Tulyakov\u2019un moderat\u00f6rl\u00fc\u011f\u00fcn\u00fc \u00fcstlendi\u011fi oturumda TC Cumhurba\u015fkanl\u0131\u011f\u0131 \u0130leti\u015fim Ba\u015fkanl\u0131\u011f\u0131 Dezenformasyonla M\u00fccadele Merkezi Koordinat\u00f6r\u00fc \u0130dris Karda\u015f, Azerbaycan [&hellip;]<\/p>\n","protected":false},"author":1,"featured_media":15566,"comment_status":"open","ping_status":"open","sticky":false,"template":"","format":"standard","meta":{"jnews-multi-image_gallery":[],"jnews_single_post":[],"jnews_primary_category":[],"jnews_social_meta":[],"jnews_override_counter":[],"footnotes":""},"categories":[5],"tags":[],"class_list":["post-15565","post","type-post","status-publish","format-standard","has-post-thumbnail","hentry","category-turkiye"],"yoast_head":"<!-- This site is optimized with the Yoast SEO plugin v27.4 - https:\/\/yoast.com\/product\/yoast-seo-wordpress\/ -->\n<title>Stratcom Summit 24\u2019te dezenformasyonla m\u00fccadelede yapay zekan\u0131n \u00f6nemi ele al\u0131nd\u0131 - Kuzeyin Sesi<\/title>\n<meta name=\"robots\" content=\"index, follow, max-snippet:-1, max-image-preview:large, max-video-preview:-1\" \/>\n<link rel=\"canonical\" href=\"https:\/\/kuzeyinsesi.org\/index.php\/2024\/12\/14\/stratcom-summit-24te-dezenformasyonla-mucadelede-yapay-zekanin-onemi-ele-alindi\/\" \/>\n<meta property=\"og:locale\" content=\"tr_TR\" \/>\n<meta property=\"og:type\" content=\"article\" \/>\n<meta property=\"og:title\" content=\"Stratcom Summit 24\u2019te dezenformasyonla m\u00fccadelede yapay zekan\u0131n \u00f6nemi ele al\u0131nd\u0131 - Kuzeyin Sesi\" \/>\n<meta property=\"og:description\" content=\"TC Cumhurba\u015fkanl\u0131\u011f\u0131 \u0130leti\u015fim Ba\u015fkanl\u0131\u011f\u0131nca, \u201c\u0130leti\u015fimde Yapay Zeka: E\u011filimler, Tuzaklar ve D\u00f6n\u00fc\u015f\u00fcm\u201d temas\u0131yla bu y\u0131l d\u00f6rd\u00fcnc\u00fcs\u00fc ger\u00e7ekle\u015ftirilen Uluslararas\u0131 Stratejik \u0130leti\u015fim Zirvesi\u2019nde (Stratcom Summit\u201924) \u201cDezenformasyonla M\u00fccadelede Yapay Zeka: Kamu Kurumlar\u0131 \u0130\u00e7in Stratejik Ara\u00e7lar\u201d ba\u015fl\u0131kl\u0131 panel d\u00fczenlendi. \u00d6zbekistan Kalk\u0131nma Stratejisi Merkezi Direkt\u00f6r\u00fc Eldor Tulyakov\u2019un moderat\u00f6rl\u00fc\u011f\u00fcn\u00fc \u00fcstlendi\u011fi oturumda TC Cumhurba\u015fkanl\u0131\u011f\u0131 \u0130leti\u015fim Ba\u015fkanl\u0131\u011f\u0131 Dezenformasyonla M\u00fccadele Merkezi Koordinat\u00f6r\u00fc \u0130dris Karda\u015f, Azerbaycan [&hellip;]\" \/>\n<meta property=\"og:url\" content=\"https:\/\/kuzeyinsesi.org\/index.php\/2024\/12\/14\/stratcom-summit-24te-dezenformasyonla-mucadelede-yapay-zekanin-onemi-ele-alindi\/\" \/>\n<meta property=\"og:site_name\" content=\"Kuzeyin Sesi\" \/>\n<meta property=\"article:publisher\" content=\"https:\/\/www.facebook.com\/kuzeyinsesii\" \/>\n<meta property=\"article:published_time\" content=\"2024-12-14T09:08:45+00:00\" \/>\n<meta property=\"og:image\" content=\"https:\/\/brtk.net\/wp-content\/uploads\/2024\/12\/14\/1734159928348stratcom-summit-24te-dezenformasyonla-mucadelede-yapay-zekanin-onemi.jpg?ver=6485db5eb71e955b31f834fcefd74bea\" \/>\n<meta name=\"author\" content=\"Kuzeyin Sesi\" \/>\n<meta name=\"twitter:card\" content=\"summary_large_image\" \/>\n<meta name=\"twitter:creator\" content=\"@kuzeyinsesii\" \/>\n<meta name=\"twitter:site\" content=\"@kuzeyinsesii\" \/>\n<meta name=\"twitter:label1\" content=\"Yazan:\" \/>\n\t<meta name=\"twitter:data1\" content=\"Kuzeyin Sesi\" \/>\n\t<meta name=\"twitter:label2\" content=\"Tahmini okuma s\u00fcresi\" \/>\n\t<meta name=\"twitter:data2\" content=\"4 dakika\" \/>\n<script type=\"application\/ld+json\" class=\"yoast-schema-graph\">{\"@context\":\"https:\\\/\\\/schema.org\",\"@graph\":[{\"@type\":\"Article\",\"@id\":\"https:\\\/\\\/kuzeyinsesi.org\\\/index.php\\\/2024\\\/12\\\/14\\\/stratcom-summit-24te-dezenformasyonla-mucadelede-yapay-zekanin-onemi-ele-alindi\\\/#article\",\"isPartOf\":{\"@id\":\"https:\\\/\\\/kuzeyinsesi.org\\\/index.php\\\/2024\\\/12\\\/14\\\/stratcom-summit-24te-dezenformasyonla-mucadelede-yapay-zekanin-onemi-ele-alindi\\\/\"},\"author\":{\"name\":\"Kuzeyin Sesi\",\"@id\":\"https:\\\/\\\/kuzeyinsesi.org\\\/#\\\/schema\\\/person\\\/9f859689cdf01485597712386e37f5aa\"},\"headline\":\"Stratcom Summit 24\u2019te dezenformasyonla m\u00fccadelede yapay zekan\u0131n \u00f6nemi ele al\u0131nd\u0131\",\"datePublished\":\"2024-12-14T09:08:45+00:00\",\"mainEntityOfPage\":{\"@id\":\"https:\\\/\\\/kuzeyinsesi.org\\\/index.php\\\/2024\\\/12\\\/14\\\/stratcom-summit-24te-dezenformasyonla-mucadelede-yapay-zekanin-onemi-ele-alindi\\\/\"},\"wordCount\":873,\"commentCount\":0,\"image\":{\"@id\":\"https:\\\/\\\/kuzeyinsesi.org\\\/index.php\\\/2024\\\/12\\\/14\\\/stratcom-summit-24te-dezenformasyonla-mucadelede-yapay-zekanin-onemi-ele-alindi\\\/#primaryimage\"},\"thumbnailUrl\":\"https:\\\/\\\/kuzeyinsesi.org\\\/wp-content\\\/uploads\\\/2024\\\/12\\\/1734159928348stratcom-summit-24te-dezenformasyonla-mucadelede-yapay-zekanin-onemi.jpg\",\"articleSection\":[\"T\u00fcrkiye\"],\"inLanguage\":\"tr\",\"potentialAction\":[{\"@type\":\"CommentAction\",\"name\":\"Comment\",\"target\":[\"https:\\\/\\\/kuzeyinsesi.org\\\/index.php\\\/2024\\\/12\\\/14\\\/stratcom-summit-24te-dezenformasyonla-mucadelede-yapay-zekanin-onemi-ele-alindi\\\/#respond\"]}]},{\"@type\":\"WebPage\",\"@id\":\"https:\\\/\\\/kuzeyinsesi.org\\\/index.php\\\/2024\\\/12\\\/14\\\/stratcom-summit-24te-dezenformasyonla-mucadelede-yapay-zekanin-onemi-ele-alindi\\\/\",\"url\":\"https:\\\/\\\/kuzeyinsesi.org\\\/index.php\\\/2024\\\/12\\\/14\\\/stratcom-summit-24te-dezenformasyonla-mucadelede-yapay-zekanin-onemi-ele-alindi\\\/\",\"name\":\"Stratcom Summit 24\u2019te dezenformasyonla m\u00fccadelede yapay zekan\u0131n \u00f6nemi ele al\u0131nd\u0131 - Kuzeyin Sesi\",\"isPartOf\":{\"@id\":\"https:\\\/\\\/kuzeyinsesi.org\\\/#website\"},\"primaryImageOfPage\":{\"@id\":\"https:\\\/\\\/kuzeyinsesi.org\\\/index.php\\\/2024\\\/12\\\/14\\\/stratcom-summit-24te-dezenformasyonla-mucadelede-yapay-zekanin-onemi-ele-alindi\\\/#primaryimage\"},\"image\":{\"@id\":\"https:\\\/\\\/kuzeyinsesi.org\\\/index.php\\\/2024\\\/12\\\/14\\\/stratcom-summit-24te-dezenformasyonla-mucadelede-yapay-zekanin-onemi-ele-alindi\\\/#primaryimage\"},\"thumbnailUrl\":\"https:\\\/\\\/kuzeyinsesi.org\\\/wp-content\\\/uploads\\\/2024\\\/12\\\/1734159928348stratcom-summit-24te-dezenformasyonla-mucadelede-yapay-zekanin-onemi.jpg\",\"datePublished\":\"2024-12-14T09:08:45+00:00\",\"author\":{\"@id\":\"https:\\\/\\\/kuzeyinsesi.org\\\/#\\\/schema\\\/person\\\/9f859689cdf01485597712386e37f5aa\"},\"breadcrumb\":{\"@id\":\"https:\\\/\\\/kuzeyinsesi.org\\\/index.php\\\/2024\\\/12\\\/14\\\/stratcom-summit-24te-dezenformasyonla-mucadelede-yapay-zekanin-onemi-ele-alindi\\\/#breadcrumb\"},\"inLanguage\":\"tr\",\"potentialAction\":[{\"@type\":\"ReadAction\",\"target\":[\"https:\\\/\\\/kuzeyinsesi.org\\\/index.php\\\/2024\\\/12\\\/14\\\/stratcom-summit-24te-dezenformasyonla-mucadelede-yapay-zekanin-onemi-ele-alindi\\\/\"]}]},{\"@type\":\"ImageObject\",\"inLanguage\":\"tr\",\"@id\":\"https:\\\/\\\/kuzeyinsesi.org\\\/index.php\\\/2024\\\/12\\\/14\\\/stratcom-summit-24te-dezenformasyonla-mucadelede-yapay-zekanin-onemi-ele-alindi\\\/#primaryimage\",\"url\":\"https:\\\/\\\/kuzeyinsesi.org\\\/wp-content\\\/uploads\\\/2024\\\/12\\\/1734159928348stratcom-summit-24te-dezenformasyonla-mucadelede-yapay-zekanin-onemi.jpg\",\"contentUrl\":\"https:\\\/\\\/kuzeyinsesi.org\\\/wp-content\\\/uploads\\\/2024\\\/12\\\/1734159928348stratcom-summit-24te-dezenformasyonla-mucadelede-yapay-zekanin-onemi.jpg\",\"width\":740,\"height\":493},{\"@type\":\"BreadcrumbList\",\"@id\":\"https:\\\/\\\/kuzeyinsesi.org\\\/index.php\\\/2024\\\/12\\\/14\\\/stratcom-summit-24te-dezenformasyonla-mucadelede-yapay-zekanin-onemi-ele-alindi\\\/#breadcrumb\",\"itemListElement\":[{\"@type\":\"ListItem\",\"position\":1,\"name\":\"Anasayfa\",\"item\":\"https:\\\/\\\/kuzeyinsesi.org\\\/\"},{\"@type\":\"ListItem\",\"position\":2,\"name\":\"Stratcom Summit 24\u2019te dezenformasyonla m\u00fccadelede yapay zekan\u0131n \u00f6nemi ele al\u0131nd\u0131\"}]},{\"@type\":\"WebSite\",\"@id\":\"https:\\\/\\\/kuzeyinsesi.org\\\/#website\",\"url\":\"https:\\\/\\\/kuzeyinsesi.org\\\/\",\"name\":\"Kuzeyin Sesi\",\"description\":\"Do\u011fru Haberin Adresi\",\"potentialAction\":[{\"@type\":\"SearchAction\",\"target\":{\"@type\":\"EntryPoint\",\"urlTemplate\":\"https:\\\/\\\/kuzeyinsesi.org\\\/?s={search_term_string}\"},\"query-input\":{\"@type\":\"PropertyValueSpecification\",\"valueRequired\":true,\"valueName\":\"search_term_string\"}}],\"inLanguage\":\"tr\"},{\"@type\":\"Person\",\"@id\":\"https:\\\/\\\/kuzeyinsesi.org\\\/#\\\/schema\\\/person\\\/9f859689cdf01485597712386e37f5aa\",\"name\":\"Kuzeyin Sesi\",\"image\":{\"@type\":\"ImageObject\",\"inLanguage\":\"tr\",\"@id\":\"https:\\\/\\\/secure.gravatar.com\\\/avatar\\\/bab33852abfd8b282518d6ed81826833d77c3c882d9ab608add591ccace47a44?s=96&d=mm&r=g\",\"url\":\"https:\\\/\\\/secure.gravatar.com\\\/avatar\\\/bab33852abfd8b282518d6ed81826833d77c3c882d9ab608add591ccace47a44?s=96&d=mm&r=g\",\"contentUrl\":\"https:\\\/\\\/secure.gravatar.com\\\/avatar\\\/bab33852abfd8b282518d6ed81826833d77c3c882d9ab608add591ccace47a44?s=96&d=mm&r=g\",\"caption\":\"Kuzeyin Sesi\"},\"sameAs\":[\"https:\\\/\\\/kuzeyinsesi.org\"],\"url\":\"https:\\\/\\\/kuzeyinsesi.org\\\/index.php\\\/author\\\/guven\\\/\"}]}<\/script>\n<!-- \/ Yoast SEO plugin. -->","yoast_head_json":{"title":"Stratcom Summit 24\u2019te dezenformasyonla m\u00fccadelede yapay zekan\u0131n \u00f6nemi ele al\u0131nd\u0131 - Kuzeyin Sesi","robots":{"index":"index","follow":"follow","max-snippet":"max-snippet:-1","max-image-preview":"max-image-preview:large","max-video-preview":"max-video-preview:-1"},"canonical":"https:\/\/kuzeyinsesi.org\/index.php\/2024\/12\/14\/stratcom-summit-24te-dezenformasyonla-mucadelede-yapay-zekanin-onemi-ele-alindi\/","og_locale":"tr_TR","og_type":"article","og_title":"Stratcom Summit 24\u2019te dezenformasyonla m\u00fccadelede yapay zekan\u0131n \u00f6nemi ele al\u0131nd\u0131 - Kuzeyin Sesi","og_description":"TC Cumhurba\u015fkanl\u0131\u011f\u0131 \u0130leti\u015fim Ba\u015fkanl\u0131\u011f\u0131nca, \u201c\u0130leti\u015fimde Yapay Zeka: E\u011filimler, Tuzaklar ve D\u00f6n\u00fc\u015f\u00fcm\u201d temas\u0131yla bu y\u0131l d\u00f6rd\u00fcnc\u00fcs\u00fc ger\u00e7ekle\u015ftirilen Uluslararas\u0131 Stratejik \u0130leti\u015fim Zirvesi\u2019nde (Stratcom Summit\u201924) \u201cDezenformasyonla M\u00fccadelede Yapay Zeka: Kamu Kurumlar\u0131 \u0130\u00e7in Stratejik Ara\u00e7lar\u201d ba\u015fl\u0131kl\u0131 panel d\u00fczenlendi. \u00d6zbekistan Kalk\u0131nma Stratejisi Merkezi Direkt\u00f6r\u00fc Eldor Tulyakov\u2019un moderat\u00f6rl\u00fc\u011f\u00fcn\u00fc \u00fcstlendi\u011fi oturumda TC Cumhurba\u015fkanl\u0131\u011f\u0131 \u0130leti\u015fim Ba\u015fkanl\u0131\u011f\u0131 Dezenformasyonla M\u00fccadele Merkezi Koordinat\u00f6r\u00fc \u0130dris Karda\u015f, Azerbaycan [&hellip;]","og_url":"https:\/\/kuzeyinsesi.org\/index.php\/2024\/12\/14\/stratcom-summit-24te-dezenformasyonla-mucadelede-yapay-zekanin-onemi-ele-alindi\/","og_site_name":"Kuzeyin Sesi","article_publisher":"https:\/\/www.facebook.com\/kuzeyinsesii","article_published_time":"2024-12-14T09:08:45+00:00","og_image":[{"url":"https:\/\/brtk.net\/wp-content\/uploads\/2024\/12\/14\/1734159928348stratcom-summit-24te-dezenformasyonla-mucadelede-yapay-zekanin-onemi.jpg?ver=6485db5eb71e955b31f834fcefd74bea","type":"","width":"","height":""}],"author":"Kuzeyin Sesi","twitter_card":"summary_large_image","twitter_creator":"@kuzeyinsesii","twitter_site":"@kuzeyinsesii","twitter_misc":{"Yazan:":"Kuzeyin Sesi","Tahmini okuma s\u00fcresi":"4 dakika"},"schema":{"@context":"https:\/\/schema.org","@graph":[{"@type":"Article","@id":"https:\/\/kuzeyinsesi.org\/index.php\/2024\/12\/14\/stratcom-summit-24te-dezenformasyonla-mucadelede-yapay-zekanin-onemi-ele-alindi\/#article","isPartOf":{"@id":"https:\/\/kuzeyinsesi.org\/index.php\/2024\/12\/14\/stratcom-summit-24te-dezenformasyonla-mucadelede-yapay-zekanin-onemi-ele-alindi\/"},"author":{"name":"Kuzeyin Sesi","@id":"https:\/\/kuzeyinsesi.org\/#\/schema\/person\/9f859689cdf01485597712386e37f5aa"},"headline":"Stratcom Summit 24\u2019te dezenformasyonla m\u00fccadelede yapay zekan\u0131n \u00f6nemi ele al\u0131nd\u0131","datePublished":"2024-12-14T09:08:45+00:00","mainEntityOfPage":{"@id":"https:\/\/kuzeyinsesi.org\/index.php\/2024\/12\/14\/stratcom-summit-24te-dezenformasyonla-mucadelede-yapay-zekanin-onemi-ele-alindi\/"},"wordCount":873,"commentCount":0,"image":{"@id":"https:\/\/kuzeyinsesi.org\/index.php\/2024\/12\/14\/stratcom-summit-24te-dezenformasyonla-mucadelede-yapay-zekanin-onemi-ele-alindi\/#primaryimage"},"thumbnailUrl":"https:\/\/kuzeyinsesi.org\/wp-content\/uploads\/2024\/12\/1734159928348stratcom-summit-24te-dezenformasyonla-mucadelede-yapay-zekanin-onemi.jpg","articleSection":["T\u00fcrkiye"],"inLanguage":"tr","potentialAction":[{"@type":"CommentAction","name":"Comment","target":["https:\/\/kuzeyinsesi.org\/index.php\/2024\/12\/14\/stratcom-summit-24te-dezenformasyonla-mucadelede-yapay-zekanin-onemi-ele-alindi\/#respond"]}]},{"@type":"WebPage","@id":"https:\/\/kuzeyinsesi.org\/index.php\/2024\/12\/14\/stratcom-summit-24te-dezenformasyonla-mucadelede-yapay-zekanin-onemi-ele-alindi\/","url":"https:\/\/kuzeyinsesi.org\/index.php\/2024\/12\/14\/stratcom-summit-24te-dezenformasyonla-mucadelede-yapay-zekanin-onemi-ele-alindi\/","name":"Stratcom Summit 24\u2019te dezenformasyonla m\u00fccadelede yapay zekan\u0131n \u00f6nemi ele al\u0131nd\u0131 - Kuzeyin Sesi","isPartOf":{"@id":"https:\/\/kuzeyinsesi.org\/#website"},"primaryImageOfPage":{"@id":"https:\/\/kuzeyinsesi.org\/index.php\/2024\/12\/14\/stratcom-summit-24te-dezenformasyonla-mucadelede-yapay-zekanin-onemi-ele-alindi\/#primaryimage"},"image":{"@id":"https:\/\/kuzeyinsesi.org\/index.php\/2024\/12\/14\/stratcom-summit-24te-dezenformasyonla-mucadelede-yapay-zekanin-onemi-ele-alindi\/#primaryimage"},"thumbnailUrl":"https:\/\/kuzeyinsesi.org\/wp-content\/uploads\/2024\/12\/1734159928348stratcom-summit-24te-dezenformasyonla-mucadelede-yapay-zekanin-onemi.jpg","datePublished":"2024-12-14T09:08:45+00:00","author":{"@id":"https:\/\/kuzeyinsesi.org\/#\/schema\/person\/9f859689cdf01485597712386e37f5aa"},"breadcrumb":{"@id":"https:\/\/kuzeyinsesi.org\/index.php\/2024\/12\/14\/stratcom-summit-24te-dezenformasyonla-mucadelede-yapay-zekanin-onemi-ele-alindi\/#breadcrumb"},"inLanguage":"tr","potentialAction":[{"@type":"ReadAction","target":["https:\/\/kuzeyinsesi.org\/index.php\/2024\/12\/14\/stratcom-summit-24te-dezenformasyonla-mucadelede-yapay-zekanin-onemi-ele-alindi\/"]}]},{"@type":"ImageObject","inLanguage":"tr","@id":"https:\/\/kuzeyinsesi.org\/index.php\/2024\/12\/14\/stratcom-summit-24te-dezenformasyonla-mucadelede-yapay-zekanin-onemi-ele-alindi\/#primaryimage","url":"https:\/\/kuzeyinsesi.org\/wp-content\/uploads\/2024\/12\/1734159928348stratcom-summit-24te-dezenformasyonla-mucadelede-yapay-zekanin-onemi.jpg","contentUrl":"https:\/\/kuzeyinsesi.org\/wp-content\/uploads\/2024\/12\/1734159928348stratcom-summit-24te-dezenformasyonla-mucadelede-yapay-zekanin-onemi.jpg","width":740,"height":493},{"@type":"BreadcrumbList","@id":"https:\/\/kuzeyinsesi.org\/index.php\/2024\/12\/14\/stratcom-summit-24te-dezenformasyonla-mucadelede-yapay-zekanin-onemi-ele-alindi\/#breadcrumb","itemListElement":[{"@type":"ListItem","position":1,"name":"Anasayfa","item":"https:\/\/kuzeyinsesi.org\/"},{"@type":"ListItem","position":2,"name":"Stratcom Summit 24\u2019te dezenformasyonla m\u00fccadelede yapay zekan\u0131n \u00f6nemi ele al\u0131nd\u0131"}]},{"@type":"WebSite","@id":"https:\/\/kuzeyinsesi.org\/#website","url":"https:\/\/kuzeyinsesi.org\/","name":"Kuzeyin Sesi","description":"Do\u011fru Haberin Adresi","potentialAction":[{"@type":"SearchAction","target":{"@type":"EntryPoint","urlTemplate":"https:\/\/kuzeyinsesi.org\/?s={search_term_string}"},"query-input":{"@type":"PropertyValueSpecification","valueRequired":true,"valueName":"search_term_string"}}],"inLanguage":"tr"},{"@type":"Person","@id":"https:\/\/kuzeyinsesi.org\/#\/schema\/person\/9f859689cdf01485597712386e37f5aa","name":"Kuzeyin Sesi","image":{"@type":"ImageObject","inLanguage":"tr","@id":"https:\/\/secure.gravatar.com\/avatar\/bab33852abfd8b282518d6ed81826833d77c3c882d9ab608add591ccace47a44?s=96&d=mm&r=g","url":"https:\/\/secure.gravatar.com\/avatar\/bab33852abfd8b282518d6ed81826833d77c3c882d9ab608add591ccace47a44?s=96&d=mm&r=g","contentUrl":"https:\/\/secure.gravatar.com\/avatar\/bab33852abfd8b282518d6ed81826833d77c3c882d9ab608add591ccace47a44?s=96&d=mm&r=g","caption":"Kuzeyin Sesi"},"sameAs":["https:\/\/kuzeyinsesi.org"],"url":"https:\/\/kuzeyinsesi.org\/index.php\/author\/guven\/"}]}},"_links":{"self":[{"href":"https:\/\/kuzeyinsesi.org\/index.php\/wp-json\/wp\/v2\/posts\/15565","targetHints":{"allow":["GET"]}}],"collection":[{"href":"https:\/\/kuzeyinsesi.org\/index.php\/wp-json\/wp\/v2\/posts"}],"about":[{"href":"https:\/\/kuzeyinsesi.org\/index.php\/wp-json\/wp\/v2\/types\/post"}],"author":[{"embeddable":true,"href":"https:\/\/kuzeyinsesi.org\/index.php\/wp-json\/wp\/v2\/users\/1"}],"replies":[{"embeddable":true,"href":"https:\/\/kuzeyinsesi.org\/index.php\/wp-json\/wp\/v2\/comments?post=15565"}],"version-history":[{"count":0,"href":"https:\/\/kuzeyinsesi.org\/index.php\/wp-json\/wp\/v2\/posts\/15565\/revisions"}],"wp:featuredmedia":[{"embeddable":true,"href":"https:\/\/kuzeyinsesi.org\/index.php\/wp-json\/wp\/v2\/media\/15566"}],"wp:attachment":[{"href":"https:\/\/kuzeyinsesi.org\/index.php\/wp-json\/wp\/v2\/media?parent=15565"}],"wp:term":[{"taxonomy":"category","embeddable":true,"href":"https:\/\/kuzeyinsesi.org\/index.php\/wp-json\/wp\/v2\/categories?post=15565"},{"taxonomy":"post_tag","embeddable":true,"href":"https:\/\/kuzeyinsesi.org\/index.php\/wp-json\/wp\/v2\/tags?post=15565"}],"curies":[{"name":"wp","href":"https:\/\/api.w.org\/{rel}","templated":true}]}}