{"id":15535,"date":"2024-12-13T17:24:16","date_gmt":"2024-12-13T15:24:16","guid":{"rendered":"https:\/\/kuzeyinsesi.org\/index.php\/2024\/12\/13\/tc-cumhurbaskani-yardimcisi-yilmaz-stratcom-summit-24un-acilisinda-konustu\/"},"modified":"2024-12-13T17:24:16","modified_gmt":"2024-12-13T15:24:16","slug":"tc-cumhurbaskani-yardimcisi-yilmaz-stratcom-summit-24un-acilisinda-konustu","status":"publish","type":"post","link":"https:\/\/kuzeyinsesi.org\/index.php\/2024\/12\/13\/tc-cumhurbaskani-yardimcisi-yilmaz-stratcom-summit-24un-acilisinda-konustu\/","title":{"rendered":"TC Cumhurba\u015fkan\u0131 Yard\u0131mc\u0131s\u0131 Y\u0131lmaz, Stratcom Summit 24\u2019\u00fcn a\u00e7\u0131l\u0131\u015f\u0131nda konu\u015ftu"},"content":{"rendered":"<div>\n<div class=\"mariselle-image-container center\">\n                                            <\/div>\n<p>TC Cumhurba\u015fkan\u0131 Yard\u0131mc\u0131s\u0131 Cevdet Y\u0131lmaz, Suriye\u2019deki geli\u015fmelere ili\u015fkin, \u201cT\u00fcrkiye Cumhuriyeti olarak bizim temennimiz bu ge\u00e7i\u015f s\u00fcrecinin en sa\u011fl\u0131kl\u0131 \u015fekilde i\u015flemesi ve t\u00fcm Suriye halk\u0131n\u0131 kapsayacak \u015fekilde, farkl\u0131 dinlerden, farkl\u0131 mezheplerden, farkl\u0131 etnik kimliklerden Suriye halk\u0131n\u0131n tamam\u0131n\u0131 kapsayan, i\u00e7eren bir anlay\u0131\u015fla devam etmesidir. Suriyeliler bunu hak ediyor. D\u0131\u015far\u0131dan Suriye\u2019ye m\u00fcdahale edilmesini kesinlikle do\u011fru bulmuyoruz.\u201d dedi.<\/p>\n<p>Y\u0131lmaz, Cumhurba\u015fkanl\u0131\u011f\u0131 \u0130leti\u015fim Ba\u015fkanl\u0131\u011f\u0131nca \u201c\u0130leti\u015fimde Yapay Zeka: E\u011filimler, Tuzaklar ve D\u00f6n\u00fc\u015f\u00fcm\u201d temas\u0131yla bu y\u0131l d\u00f6rd\u00fcnc\u00fcs\u00fc d\u00fczenlenen Uluslararas\u0131 Stratejik \u0130leti\u015fim Forumu\u2019nun (Stratcom Summit 24) a\u00e7\u0131l\u0131\u015f\u0131nda konu\u015ftu.<\/p>\n<p>Forumun temas\u0131na dikkati \u00e7eken Y\u0131lmaz, art\u0131k gelece\u011fin de\u011fil bug\u00fcn\u00fcn hatta bu an\u0131n teknolojisi olarak adland\u0131r\u0131lan \u201cyapay zeka\u201d d\u00f6n\u00fc\u015f\u00fcm\u00fcn\u00fcn irdelenmesini \u00f6nemli bir ad\u0131m olarak g\u00f6rd\u00fc\u011f\u00fcn\u00fc s\u00f6yledi.<\/p>\n<p>\u00c7\u0131\u011f\u0131r a\u00e7an teknolojilerin geli\u015fimiyle hayat\u0131n her alan\u0131nda k\u00f6kl\u00fc bir d\u00f6n\u00fc\u015f\u00fcm s\u00fcreci ya\u015fand\u0131\u011f\u0131n\u0131 belirten Y\u0131lmaz, \u201c\u00d6zellikle yapay zeka teknolojileri her ge\u00e7en g\u00fcn h\u0131zla yeni geli\u015fmelere imza atarak, tarihteki hi\u00e7bir d\u00f6n\u00fc\u015f\u00fcmle k\u0131yaslanamayacak bir ivmeyle ilerliyor. ChatGPT, Kas\u0131m 2022\u2019de piyasaya s\u00fcr\u00fcld\u00fckten sonra sadece be\u015f g\u00fcn i\u00e7inde 1 milyon kullan\u0131c\u0131ya ula\u015fm\u0131\u015ft\u0131. Bu ay itibar\u0131yla ise haftal\u0131k 300 milyondan fazla aktif kullan\u0131c\u0131ya sahip ve kullan\u0131c\u0131lar g\u00fcnde 1 milyardan fazla mesaj g\u00f6nderiyor. Bu b\u00fcy\u00fcme h\u0131z\u0131, yapay zekan\u0131n gelecekteki potansiyel etkisinin ne kadar geni\u015f kapsaml\u0131 olabilece\u011fine i\u015faret ediyor.\u201d diye konu\u015ftu.<\/p>\n<p>Y\u0131lmaz, yapay zeka teknolojilerine dair uluslararas\u0131 ara\u015ft\u0131rmalar\u0131 aktararak, bu alandaki \u00e7al\u0131\u015fmalar\u0131n k\u00fcresel ekonomiye \u00c7in ve Hindistan\u2019\u0131n toplam ekonomik b\u00fcy\u00fckl\u00fc\u011f\u00fcnden daha fazla katk\u0131 sa\u011flamas\u0131n\u0131n beklendi\u011fini anlatt\u0131.<\/p>\n<p>Yapay zeka teknolojilerinin, veriye dayal\u0131 yap\u0131s\u0131yla hem nitelikli veri \u00fcretimi ve payla\u015f\u0131m\u0131n\u0131 gerektirdi\u011fini hem de mahremiyet, siber g\u00fcvenlik ve etik ilkeler konusunda zorluklar olu\u015fturdu\u011funu dile getiren Y\u0131lmaz, \u015funlar\u0131 kaydetti:<\/p>\n<p>\u201cSiber g\u00fcvenli\u011fi \u00e7ok \u00f6nemli g\u00f6r\u00fcyoruz, bir taraftan mahremiyet, ki\u015fisel verilerin korunmas\u0131, insanlar\u0131n fert olarak haklar\u0131n\u0131n korunmas\u0131 di\u011fer taraftan da \u00fclkenin, kurumlar\u0131n, \u015firketlerin korunmas\u0131 s\u00f6z konusu. Siber g\u00fcvenlikle ilgili uzun s\u00fcredir bir \u00e7al\u0131\u015fma s\u00fcrd\u00fcr\u00fcyoruz ve olgunla\u015ft\u0131rm\u0131\u015f durumday\u0131z. T\u00fcrkiye\u2019de yeni bir kurumsal yap\u0131 olu\u015fturaca\u011f\u0131z. Cumhurba\u015fkanl\u0131\u011f\u0131m\u0131za ba\u011fl\u0131 g\u00fc\u00e7l\u00fc bir siber g\u00fcvenlik ba\u015fkanl\u0131\u011f\u0131 kuruyoruz. Bu \u015fekilde \u00fcr\u00fcnleri, \u015firketleri, s\u00fcre\u00e7leri akredite eden, denetleyen ve do\u011fru, emniyetli bir \u015fekilde bu s\u00fcre\u00e7lerin y\u00f6netimine katk\u0131 sa\u011flayan kurumsal yap\u0131m\u0131z\u0131 bir ad\u0131m daha ileriye ta\u015f\u0131yaca\u011f\u0131z. Meclisimizin g\u00fcndemi m\u00fcsait oldu\u011fu anda bu kanunu meclisimize sunaca\u011f\u0131z. Ayr\u0131ca Cumhurba\u015fkanl\u0131\u011f\u0131m\u0131z\u0131n kararnamesiyle de tamamlay\u0131c\u0131 bir d\u00fczenleme ger\u00e7ekle\u015ftirece\u011fiz. Yapay zekan\u0131n getirdi\u011fi f\u0131rsatlar\u0131 en iyi \u015fekilde de\u011ferlendirirken riskleri en aza indirmek i\u00e7in kapsay\u0131c\u0131 ve \u00e7ok boyutlu politikalara ihtiya\u00e7 duyuldu\u011fu bir ger\u00e7ektir.\u201d<\/p>\n<p>\u2013 \u201cEn ileri teknolojiler kullan\u0131larak hakikat \u00e7arp\u0131t\u0131lmaya \u00e7al\u0131\u015f\u0131l\u0131yor\u201d<\/p>\n<p>Y\u0131lmaz, stratejilerinin oda\u011f\u0131nda yapay zeka teknolojilerine ili\u015fkin insan kayna\u011f\u0131n\u0131 geli\u015ftirmek, teknik altyap\u0131y\u0131 kuvvetlendirmek ve kaliteli veriye eri\u015fimi kolayla\u015ft\u0131rmak oldu\u011funa i\u015faret etti.<\/p>\n<p>Bug\u00fcne kadar at\u0131lan di\u011fer baz\u0131 ad\u0131mlara da konu\u015fmas\u0131nda yer veren Y\u0131lmaz, gen\u00e7leri ve giri\u015fimcileri bu alanda desteklemek i\u00e7in y\u00fcr\u00fctt\u00fckleri \u00e7al\u0131\u015fmalara, ulusal ve uluslararas\u0131 alanda uygulanan programlara de\u011findi.<\/p>\n<p>\u00dcretken yapay zeka ile her alanda verimlili\u011fi art\u0131rman\u0131n temel hedefleri oldu\u011funa vurgu yapan Y\u0131lmaz, KAMAG Kamu Yapay Zeka Ekosistemi \u00c7a\u011fr\u0131s\u0131 ile kamu kurumlar\u0131n\u0131n bu alandaki \u00e7abalar\u0131n\u0131 desteklemeye devam edeceklerini dile getirdi.<\/p>\n<p>Y\u0131lmaz, forumun ana temas\u0131 olan \u201c\u0130leti\u015fimde Yapay Zeka: E\u011filimler, Tuzaklar ve D\u00f6n\u00fc\u015f\u00fcm\u201d\u00fcn k\u00fcresel bir ger\u00e7ekli\u011fe \u0131\u015f\u0131k tuttu\u011funu belirterek, \u015f\u00f6yle devam etti:<\/p>\n<p>\u201c\u00d6zellikle konu ileti\u015fim ve medya olunca, yapay zekaya dair tart\u0131\u015fmalar\u0131n bir boyutu ka\u00e7\u0131n\u0131lmaz olarak toplumsal de\u011ferleri ve demokratik s\u00fcre\u00e7lerimizi nas\u0131l koruyup olgunla\u015ft\u0131raca\u011f\u0131m\u0131za geliyor. \u00c7\u00fcnk\u00fc mesele sadece teknolojinin sundu\u011fu imkanlar de\u011fil, bu imkanlar\u0131n nas\u0131l ve ne ama\u00e7la kullan\u0131ld\u0131\u011f\u0131d\u0131r. Gazze\u2019de ya\u015fananlar\u0131 g\u00f6r\u00fcyoruz, L\u00fcbnan\u2019da ya\u015fananlar\u0131 hep birlikte g\u00f6rd\u00fck. Teknolojik imkanlar insanl\u0131k d\u0131\u015f\u0131 ama\u00e7larla soyk\u0131r\u0131m amac\u0131yla kullan\u0131ld\u0131\u011f\u0131nda en ileri teknolojiler maalesef en insanl\u0131k d\u0131\u015f\u0131 sonu\u00e7lar \u00fcretiyorlar. Yaln\u0131z \u015funun da g\u00f6r\u00fclmesi gerekir, i\u015fin bir insana d\u00f6n\u00fck taraf\u0131 var soyk\u0131r\u0131m dedi\u011fimiz bir toplulu\u011fu, bir k\u00fclt\u00fcr\u00fc ortadan kald\u0131rmaya d\u00f6n\u00fck yap\u0131lan eylemler, bir taraftan da hakikat k\u0131r\u0131ml\u0131\u011f\u0131, hakikat soyk\u0131r\u0131ml\u0131\u011f\u0131 var. Ger\u00e7ekli\u011fi, bilgiyi toplumdan ve t\u00fcm d\u00fcnyadan gizleme veya yeniden kurgulay\u0131p farkl\u0131 bir \u015fekilde topluma, d\u00fcnyaya sunma \u00e7abas\u0131 var. En ileri teknolojiler kullan\u0131larak hakikat \u00e7arp\u0131t\u0131lmaya, gizlenmeye, d\u00f6n\u00fc\u015ft\u00fcr\u00fclmeye \u00e7al\u0131\u015f\u0131l\u0131yor, bununla m\u00fccadele etmek durumunday\u0131z.\u201d<\/p>\n<p>Bu durumla m\u00fccadele eden dini, dili, \u0131rk\u0131, co\u011frafyas\u0131 ne olursa olsun her bir medya mensubuna te\u015fekk\u00fcr eden Y\u0131lmaz, \u201cYapay zeka sahte i\u00e7eriklerin \u00fcretimini kolayla\u015ft\u0131rmak ve bu i\u00e7eriklerin daha geni\u015f kitlelere daha h\u0131zl\u0131 bir \u015fekilde yay\u0131lmas\u0131na neden olmak gibi riskleri de beraberinde getiriyor. Bireysel k\u00f6t\u00fcye kullan\u0131mlar\u0131n \u00f6tesinde ekonomik ve siyasi \u00e7\u0131karlar\u0131 i\u00e7in bu teknolojileri k\u00f6t\u00fcye kullanan g\u00fc\u00e7 odaklar\u0131n\u0131n oldu\u011funun da fark\u0131nday\u0131z. B\u00fct\u00fcn uluslararas\u0131 krizlerde maalesef bunu hep birlikte g\u00f6r\u00fcyoruz.\u201d de\u011ferlendirmesinde bulundu.<\/p>\n<p>\u2013 \u201cSuriye\u2019nin toprak b\u00fct\u00fcnl\u00fc\u011f\u00fcne, egemenli\u011fine sonuna kadar sayg\u0131l\u0131y\u0131z\u201d<\/p>\n<p>Cumhurba\u015fkan\u0131 Yard\u0131mc\u0131s\u0131 Cevdet Y\u0131lmaz, Suriye\u2019de farkl\u0131 bir d\u00f6nem ya\u015fand\u0131\u011f\u0131n\u0131 belirterek, \u015f\u00f6yle konu\u015ftu:<\/p>\n<p>\u201cSuriye\u2019de uzun s\u00fcredir devam eden otoriter bir rejim devrildi ve Suriye halk\u0131 yeni bir d\u00f6nem ba\u015flatt\u0131. Bu yeni d\u00f6nem bir ge\u00e7i\u015f s\u00fcreciyle birlikte devam ediyor. Tabii ki bir\u00e7ok belirsizlikleri i\u00e7eriyor, tabii ki bir\u00e7ok riskleri i\u00e7eriyor. Ancak Suriye\u2019nin gelece\u011fi i\u00e7in b\u00fcy\u00fck umutlar da i\u00e7erdi\u011fini ifade etmek isterim. T\u00fcrkiye Cumhuriyeti olarak bizim temennimiz bu ge\u00e7i\u015f s\u00fcrecinin en sa\u011fl\u0131kl\u0131 \u015fekilde i\u015flemesi ve t\u00fcm Suriye halk\u0131n\u0131 kapsayacak \u015fekilde, farkl\u0131 dinlerden, farkl\u0131 mezheplerden, farkl\u0131 etnik kimliklerden Suriye halk\u0131n\u0131n tamam\u0131n\u0131 kapsayan, i\u00e7eren bir anlay\u0131\u015fla devam etmesidir. Suriyeliler bunu hak ediyor. Suriye, Suriyelilerindir, d\u0131\u015far\u0131dan Suriye\u2019ye m\u00fcdahale edilmesini kesinlikle do\u011fru bulmuyoruz. Suriye halk\u0131 \u00e7ok b\u00fcy\u00fck ac\u0131lar \u00e7ekti. Suriye\u2019de istikrars\u0131zl\u0131\u011f\u0131 art\u0131racak, Suriye halk\u0131na yeni maliyetler olu\u015fturacak d\u0131\u015f m\u00fcdahalelere kesinlikle kar\u015f\u0131 oldu\u011fumuzu buradan ifade etmek istiyorum. Suriye\u2019nin toprak b\u00fct\u00fcnl\u00fc\u011f\u00fcne, egemenli\u011fine sonuna kadar sayg\u0131l\u0131y\u0131z.\u201d<\/p>\n<p>Suriye\u2019nin kurumlar\u0131yla ekonomisiyle altyap\u0131s\u0131yla yeniden in\u015fa edilmesi, bu s\u00fcrece herkesin katk\u0131 sunmas\u0131 gerekti\u011fini vurgulayan Y\u0131lmaz, uluslararas\u0131 toplumun, kom\u015fu \u00fclkelerin, t\u00fcm duyarl\u0131 kesimlerin, kurumlar\u0131n bu s\u00fcre\u00e7te Suriye halk\u0131yla dayan\u0131\u015fma sergilemesinin ve Suriye\u2019nin yeniden in\u015fas\u0131na olumlu y\u00f6nde katk\u0131da bulunmas\u0131n\u0131n \u00f6nemli oldu\u011funu kaydetti.<\/p>\n<p>Y\u0131lmaz, T\u00fcrkiye Cumhuriyeti olarak Suriyelilerin yay\u0131nda olduklar\u0131n\u0131 ve dayan\u0131\u015fmay\u0131 devam ettireceklerini belirterek, \u201cBir taraftan T\u00fcrkiye\u2019ye d\u00f6n\u00fck ter\u00f6r\u00fcn tehditlerini engellerken, bununla m\u00fccadele ederken di\u011fer taraftan Suriye\u2019nin yeniden in\u015fas\u0131 ve ekonomisiyle siyasetiyle g\u00fcven ortam\u0131nda insanlar\u0131n ya\u015fad\u0131\u011f\u0131 bir co\u011frafyaya d\u00f6n\u00fc\u015fmesi konusunda her t\u00fcrl\u00fc gayreti sarf edece\u011fiz. Bir yandan da bu ortamda uzun zamand\u0131r T\u00fcrkiye\u2019de ya\u015fayan Suriyeli karde\u015flerimizin g\u00fcvenli, onurlu bir \u015fekilde \u00fclkelerine geri d\u00f6n\u00fc\u015fleri noktas\u0131nda da gerekli ortam\u0131n olu\u015faca\u011f\u0131na inan\u0131yorum. Bu karde\u015flerimizin T\u00fcrkiye ile Suriye aras\u0131nda gelecekte \u00e7ok daha g\u00fc\u00e7l\u00fc ba\u011flar\u0131n olu\u015fturulmas\u0131na, devam etmesine de b\u00fcy\u00fck katk\u0131lar sunaca\u011f\u0131na yine y\u00fcrekten inan\u0131yorum. \u0130n\u015fallah co\u011frafyam\u0131z \u00e7ok daha huzurlu, \u00e7ok daha g\u00fcvenli bir hale gelecek. Buna hep birlikte katk\u0131 sunmak durumunday\u0131z.\u201d ifadelerini kulland\u0131.<\/p>\n<p>\u2013 \u201c\u0130nsan odakl\u0131 bir yapay zeka anlay\u0131\u015f\u0131n\u0131 benimsemek insanl\u0131k i\u00e7in bir zorunluluktur\u201d<\/p>\n<p>Uluslararas\u0131 anla\u015fmalar ve \u00e7al\u0131\u015fmalara de\u011finen Y\u0131lmaz, \u201cT\u00fcrkiye olarak, yapay zekan\u0131n sosyoekonomik hayatta etik ve sorumlu kullan\u0131m\u0131n\u0131 temel politikalar\u0131m\u0131zdan biri haline getirerek, bu alandaki rehber ve ara\u00e7lar\u0131n geli\u015ftirilmesi \u00e7al\u0131\u015fmalar\u0131m\u0131z\u0131 h\u0131zla s\u00fcrd\u00fcr\u00fcyoruz.\u201d dedi.<\/p>\n<p>Etik ve sorumlu yapay zeka kullan\u0131m\u0131 i\u00e7in y\u00fcr\u00fct\u00fclen ulusal ve uluslararas\u0131 \u00e7abalar\u0131n Stratcom Summit 24\u2019\u00fcn temel misyonuyla birebir \u00f6rt\u00fc\u015ft\u00fc\u011f\u00fcn\u00fc dile getiren Y\u0131lmaz, forumun bu \u00e7er\u00e7evede \u00e7ok anlaml\u0131 oldu\u011funu s\u00f6yledi.<\/p>\n<p>Y\u0131lmaz, \u201c\u0130nsan odakl\u0131 bir yapay zeka anlay\u0131\u015f\u0131n\u0131 benimsemek ve bu anlay\u0131\u015f\u0131 etik de\u011ferlerle harmanlamak, yaln\u0131zca bir tercih de\u011fil, insanl\u0131k i\u00e7in bir zorunluluktur. Bug\u00fcn burada ger\u00e7ekle\u015ftirilen tart\u0131\u015fmalar, bu ortak hedefe ula\u015fmam\u0131z i\u00e7in kritik bir ad\u0131m olacakt\u0131r.\u201d \u015feklinde konu\u015ftu.<\/p>\n<p>Cumhurba\u015fkanl\u0131\u011f\u0131 \u0130leti\u015fim Ba\u015fkan\u0131 Fahrettin Altun ve ekibi ba\u015fta olmak \u00fczere Stratcom Summit 24\u2019\u00fcn d\u00fczenlenmesinde eme\u011fi ge\u00e7enlere ve t\u00fcm kat\u0131l\u0131mc\u0131lara te\u015fekk\u00fcr eden Y\u0131lmaz, yap\u0131lacak tart\u0131\u015fmalar\u0131n, yaln\u0131zca T\u00fcrkiye i\u00e7in de\u011fil, t\u00fcm d\u00fcnya i\u00e7in daha \u015feffaf, adil ve s\u00fcrd\u00fcr\u00fclebilir bir dijital ekosistem in\u015fa edilmesine vesile olaca\u011f\u0131na inand\u0131\u011f\u0131n\u0131 s\u00f6zlerine ekledi.<\/p>\n<\/p><\/div>\n<p><script async\n                    defer\n                    crossorigin=\"anonymous\"\n                    src=\"https:\/\/connect.facebook.net\/tr_TR\/sdk.js#xfbml=1&#038;version=v3.3\"\n            ><\/script><\/p>\n","protected":false},"excerpt":{"rendered":"<p>TC Cumhurba\u015fkan\u0131 Yard\u0131mc\u0131s\u0131 Cevdet Y\u0131lmaz, Suriye\u2019deki geli\u015fmelere ili\u015fkin, \u201cT\u00fcrkiye Cumhuriyeti olarak bizim temennimiz bu ge\u00e7i\u015f s\u00fcrecinin en sa\u011fl\u0131kl\u0131 \u015fekilde i\u015flemesi ve t\u00fcm Suriye halk\u0131n\u0131 kapsayacak \u015fekilde, farkl\u0131 dinlerden, farkl\u0131 mezheplerden, farkl\u0131 etnik kimliklerden Suriye halk\u0131n\u0131n tamam\u0131n\u0131 kapsayan, i\u00e7eren bir anlay\u0131\u015fla devam etmesidir. Suriyeliler bunu hak ediyor. D\u0131\u015far\u0131dan Suriye\u2019ye m\u00fcdahale edilmesini kesinlikle do\u011fru bulmuyoruz.\u201d dedi. Y\u0131lmaz, [&hellip;]<\/p>\n","protected":false},"author":1,"featured_media":15536,"comment_status":"open","ping_status":"open","sticky":false,"template":"","format":"standard","meta":{"jnews-multi-image_gallery":[],"jnews_single_post":[],"jnews_primary_category":[],"jnews_social_meta":[],"jnews_override_counter":[],"footnotes":""},"categories":[5],"tags":[],"class_list":["post-15535","post","type-post","status-publish","format-standard","has-post-thumbnail","hentry","category-turkiye"],"yoast_head":"<!-- This site is optimized with the Yoast SEO plugin v27.4 - https:\/\/yoast.com\/product\/yoast-seo-wordpress\/ -->\n<title>TC Cumhurba\u015fkan\u0131 Yard\u0131mc\u0131s\u0131 Y\u0131lmaz, Stratcom Summit 24\u2019\u00fcn a\u00e7\u0131l\u0131\u015f\u0131nda konu\u015ftu - Kuzeyin Sesi<\/title>\n<meta name=\"robots\" content=\"index, follow, max-snippet:-1, max-image-preview:large, max-video-preview:-1\" \/>\n<link rel=\"canonical\" href=\"https:\/\/kuzeyinsesi.org\/index.php\/2024\/12\/13\/tc-cumhurbaskani-yardimcisi-yilmaz-stratcom-summit-24un-acilisinda-konustu\/\" \/>\n<meta property=\"og:locale\" content=\"tr_TR\" \/>\n<meta property=\"og:type\" content=\"article\" \/>\n<meta property=\"og:title\" content=\"TC Cumhurba\u015fkan\u0131 Yard\u0131mc\u0131s\u0131 Y\u0131lmaz, Stratcom Summit 24\u2019\u00fcn a\u00e7\u0131l\u0131\u015f\u0131nda konu\u015ftu - Kuzeyin Sesi\" \/>\n<meta property=\"og:description\" content=\"TC Cumhurba\u015fkan\u0131 Yard\u0131mc\u0131s\u0131 Cevdet Y\u0131lmaz, Suriye\u2019deki geli\u015fmelere ili\u015fkin, \u201cT\u00fcrkiye Cumhuriyeti olarak bizim temennimiz bu ge\u00e7i\u015f s\u00fcrecinin en sa\u011fl\u0131kl\u0131 \u015fekilde i\u015flemesi ve t\u00fcm Suriye halk\u0131n\u0131 kapsayacak \u015fekilde, farkl\u0131 dinlerden, farkl\u0131 mezheplerden, farkl\u0131 etnik kimliklerden Suriye halk\u0131n\u0131n tamam\u0131n\u0131 kapsayan, i\u00e7eren bir anlay\u0131\u015fla devam etmesidir. Suriyeliler bunu hak ediyor. D\u0131\u015far\u0131dan Suriye\u2019ye m\u00fcdahale edilmesini kesinlikle do\u011fru bulmuyoruz.\u201d dedi. Y\u0131lmaz, [&hellip;]\" \/>\n<meta property=\"og:url\" content=\"https:\/\/kuzeyinsesi.org\/index.php\/2024\/12\/13\/tc-cumhurbaskani-yardimcisi-yilmaz-stratcom-summit-24un-acilisinda-konustu\/\" \/>\n<meta property=\"og:site_name\" content=\"Kuzeyin Sesi\" \/>\n<meta property=\"article:publisher\" content=\"https:\/\/www.facebook.com\/kuzeyinsesii\" \/>\n<meta property=\"article:published_time\" content=\"2024-12-13T15:24:16+00:00\" \/>\n<meta property=\"og:image\" content=\"https:\/\/brtk.net\/wp-content\/uploads\/2024\/12\/13\/1734093227861cevdet-yilmaz-suriyede-istikrarsizligi-arttiracak-dis-mudahalelere-kesinlikle-karsiyiz-clnc.png?ver=31dc9800c2194ad63b6f5867cb3ff55f\" \/>\n<meta name=\"author\" content=\"Kuzeyin Sesi\" \/>\n<meta name=\"twitter:card\" content=\"summary_large_image\" \/>\n<meta name=\"twitter:creator\" content=\"@kuzeyinsesii\" \/>\n<meta name=\"twitter:site\" content=\"@kuzeyinsesii\" \/>\n<meta name=\"twitter:label1\" content=\"Yazan:\" \/>\n\t<meta name=\"twitter:data1\" content=\"Kuzeyin Sesi\" \/>\n\t<meta name=\"twitter:label2\" content=\"Tahmini okuma s\u00fcresi\" \/>\n\t<meta name=\"twitter:data2\" content=\"8 dakika\" \/>\n<script type=\"application\/ld+json\" class=\"yoast-schema-graph\">{\"@context\":\"https:\\\/\\\/schema.org\",\"@graph\":[{\"@type\":\"Article\",\"@id\":\"https:\\\/\\\/kuzeyinsesi.org\\\/index.php\\\/2024\\\/12\\\/13\\\/tc-cumhurbaskani-yardimcisi-yilmaz-stratcom-summit-24un-acilisinda-konustu\\\/#article\",\"isPartOf\":{\"@id\":\"https:\\\/\\\/kuzeyinsesi.org\\\/index.php\\\/2024\\\/12\\\/13\\\/tc-cumhurbaskani-yardimcisi-yilmaz-stratcom-summit-24un-acilisinda-konustu\\\/\"},\"author\":{\"name\":\"Kuzeyin Sesi\",\"@id\":\"https:\\\/\\\/kuzeyinsesi.org\\\/#\\\/schema\\\/person\\\/9f859689cdf01485597712386e37f5aa\"},\"headline\":\"TC Cumhurba\u015fkan\u0131 Yard\u0131mc\u0131s\u0131 Y\u0131lmaz, Stratcom Summit 24\u2019\u00fcn a\u00e7\u0131l\u0131\u015f\u0131nda konu\u015ftu\",\"datePublished\":\"2024-12-13T15:24:16+00:00\",\"mainEntityOfPage\":{\"@id\":\"https:\\\/\\\/kuzeyinsesi.org\\\/index.php\\\/2024\\\/12\\\/13\\\/tc-cumhurbaskani-yardimcisi-yilmaz-stratcom-summit-24un-acilisinda-konustu\\\/\"},\"wordCount\":1695,\"commentCount\":0,\"image\":{\"@id\":\"https:\\\/\\\/kuzeyinsesi.org\\\/index.php\\\/2024\\\/12\\\/13\\\/tc-cumhurbaskani-yardimcisi-yilmaz-stratcom-summit-24un-acilisinda-konustu\\\/#primaryimage\"},\"thumbnailUrl\":\"https:\\\/\\\/kuzeyinsesi.org\\\/wp-content\\\/uploads\\\/2024\\\/12\\\/1734093227861cevdet-yilmaz-suriyede-istikrarsizligi-arttiracak-dis-mudahalelere-kesinlikle-karsiyiz.png\",\"articleSection\":[\"T\u00fcrkiye\"],\"inLanguage\":\"tr\",\"potentialAction\":[{\"@type\":\"CommentAction\",\"name\":\"Comment\",\"target\":[\"https:\\\/\\\/kuzeyinsesi.org\\\/index.php\\\/2024\\\/12\\\/13\\\/tc-cumhurbaskani-yardimcisi-yilmaz-stratcom-summit-24un-acilisinda-konustu\\\/#respond\"]}]},{\"@type\":\"WebPage\",\"@id\":\"https:\\\/\\\/kuzeyinsesi.org\\\/index.php\\\/2024\\\/12\\\/13\\\/tc-cumhurbaskani-yardimcisi-yilmaz-stratcom-summit-24un-acilisinda-konustu\\\/\",\"url\":\"https:\\\/\\\/kuzeyinsesi.org\\\/index.php\\\/2024\\\/12\\\/13\\\/tc-cumhurbaskani-yardimcisi-yilmaz-stratcom-summit-24un-acilisinda-konustu\\\/\",\"name\":\"TC Cumhurba\u015fkan\u0131 Yard\u0131mc\u0131s\u0131 Y\u0131lmaz, Stratcom Summit 24\u2019\u00fcn a\u00e7\u0131l\u0131\u015f\u0131nda konu\u015ftu - Kuzeyin Sesi\",\"isPartOf\":{\"@id\":\"https:\\\/\\\/kuzeyinsesi.org\\\/#website\"},\"primaryImageOfPage\":{\"@id\":\"https:\\\/\\\/kuzeyinsesi.org\\\/index.php\\\/2024\\\/12\\\/13\\\/tc-cumhurbaskani-yardimcisi-yilmaz-stratcom-summit-24un-acilisinda-konustu\\\/#primaryimage\"},\"image\":{\"@id\":\"https:\\\/\\\/kuzeyinsesi.org\\\/index.php\\\/2024\\\/12\\\/13\\\/tc-cumhurbaskani-yardimcisi-yilmaz-stratcom-summit-24un-acilisinda-konustu\\\/#primaryimage\"},\"thumbnailUrl\":\"https:\\\/\\\/kuzeyinsesi.org\\\/wp-content\\\/uploads\\\/2024\\\/12\\\/1734093227861cevdet-yilmaz-suriyede-istikrarsizligi-arttiracak-dis-mudahalelere-kesinlikle-karsiyiz.png\",\"datePublished\":\"2024-12-13T15:24:16+00:00\",\"author\":{\"@id\":\"https:\\\/\\\/kuzeyinsesi.org\\\/#\\\/schema\\\/person\\\/9f859689cdf01485597712386e37f5aa\"},\"breadcrumb\":{\"@id\":\"https:\\\/\\\/kuzeyinsesi.org\\\/index.php\\\/2024\\\/12\\\/13\\\/tc-cumhurbaskani-yardimcisi-yilmaz-stratcom-summit-24un-acilisinda-konustu\\\/#breadcrumb\"},\"inLanguage\":\"tr\",\"potentialAction\":[{\"@type\":\"ReadAction\",\"target\":[\"https:\\\/\\\/kuzeyinsesi.org\\\/index.php\\\/2024\\\/12\\\/13\\\/tc-cumhurbaskani-yardimcisi-yilmaz-stratcom-summit-24un-acilisinda-konustu\\\/\"]}]},{\"@type\":\"ImageObject\",\"inLanguage\":\"tr\",\"@id\":\"https:\\\/\\\/kuzeyinsesi.org\\\/index.php\\\/2024\\\/12\\\/13\\\/tc-cumhurbaskani-yardimcisi-yilmaz-stratcom-summit-24un-acilisinda-konustu\\\/#primaryimage\",\"url\":\"https:\\\/\\\/kuzeyinsesi.org\\\/wp-content\\\/uploads\\\/2024\\\/12\\\/1734093227861cevdet-yilmaz-suriyede-istikrarsizligi-arttiracak-dis-mudahalelere-kesinlikle-karsiyiz.png\",\"contentUrl\":\"https:\\\/\\\/kuzeyinsesi.org\\\/wp-content\\\/uploads\\\/2024\\\/12\\\/1734093227861cevdet-yilmaz-suriyede-istikrarsizligi-arttiracak-dis-mudahalelere-kesinlikle-karsiyiz.png\",\"width\":814,\"height\":458},{\"@type\":\"BreadcrumbList\",\"@id\":\"https:\\\/\\\/kuzeyinsesi.org\\\/index.php\\\/2024\\\/12\\\/13\\\/tc-cumhurbaskani-yardimcisi-yilmaz-stratcom-summit-24un-acilisinda-konustu\\\/#breadcrumb\",\"itemListElement\":[{\"@type\":\"ListItem\",\"position\":1,\"name\":\"Anasayfa\",\"item\":\"https:\\\/\\\/kuzeyinsesi.org\\\/\"},{\"@type\":\"ListItem\",\"position\":2,\"name\":\"TC Cumhurba\u015fkan\u0131 Yard\u0131mc\u0131s\u0131 Y\u0131lmaz, Stratcom Summit 24\u2019\u00fcn a\u00e7\u0131l\u0131\u015f\u0131nda konu\u015ftu\"}]},{\"@type\":\"WebSite\",\"@id\":\"https:\\\/\\\/kuzeyinsesi.org\\\/#website\",\"url\":\"https:\\\/\\\/kuzeyinsesi.org\\\/\",\"name\":\"Kuzeyin Sesi\",\"description\":\"Do\u011fru Haberin Adresi\",\"potentialAction\":[{\"@type\":\"SearchAction\",\"target\":{\"@type\":\"EntryPoint\",\"urlTemplate\":\"https:\\\/\\\/kuzeyinsesi.org\\\/?s={search_term_string}\"},\"query-input\":{\"@type\":\"PropertyValueSpecification\",\"valueRequired\":true,\"valueName\":\"search_term_string\"}}],\"inLanguage\":\"tr\"},{\"@type\":\"Person\",\"@id\":\"https:\\\/\\\/kuzeyinsesi.org\\\/#\\\/schema\\\/person\\\/9f859689cdf01485597712386e37f5aa\",\"name\":\"Kuzeyin Sesi\",\"image\":{\"@type\":\"ImageObject\",\"inLanguage\":\"tr\",\"@id\":\"https:\\\/\\\/secure.gravatar.com\\\/avatar\\\/bab33852abfd8b282518d6ed81826833d77c3c882d9ab608add591ccace47a44?s=96&d=mm&r=g\",\"url\":\"https:\\\/\\\/secure.gravatar.com\\\/avatar\\\/bab33852abfd8b282518d6ed81826833d77c3c882d9ab608add591ccace47a44?s=96&d=mm&r=g\",\"contentUrl\":\"https:\\\/\\\/secure.gravatar.com\\\/avatar\\\/bab33852abfd8b282518d6ed81826833d77c3c882d9ab608add591ccace47a44?s=96&d=mm&r=g\",\"caption\":\"Kuzeyin Sesi\"},\"sameAs\":[\"https:\\\/\\\/kuzeyinsesi.org\"],\"url\":\"https:\\\/\\\/kuzeyinsesi.org\\\/index.php\\\/author\\\/guven\\\/\"}]}<\/script>\n<!-- \/ Yoast SEO plugin. -->","yoast_head_json":{"title":"TC Cumhurba\u015fkan\u0131 Yard\u0131mc\u0131s\u0131 Y\u0131lmaz, Stratcom Summit 24\u2019\u00fcn a\u00e7\u0131l\u0131\u015f\u0131nda konu\u015ftu - Kuzeyin Sesi","robots":{"index":"index","follow":"follow","max-snippet":"max-snippet:-1","max-image-preview":"max-image-preview:large","max-video-preview":"max-video-preview:-1"},"canonical":"https:\/\/kuzeyinsesi.org\/index.php\/2024\/12\/13\/tc-cumhurbaskani-yardimcisi-yilmaz-stratcom-summit-24un-acilisinda-konustu\/","og_locale":"tr_TR","og_type":"article","og_title":"TC Cumhurba\u015fkan\u0131 Yard\u0131mc\u0131s\u0131 Y\u0131lmaz, Stratcom Summit 24\u2019\u00fcn a\u00e7\u0131l\u0131\u015f\u0131nda konu\u015ftu - Kuzeyin Sesi","og_description":"TC Cumhurba\u015fkan\u0131 Yard\u0131mc\u0131s\u0131 Cevdet Y\u0131lmaz, Suriye\u2019deki geli\u015fmelere ili\u015fkin, \u201cT\u00fcrkiye Cumhuriyeti olarak bizim temennimiz bu ge\u00e7i\u015f s\u00fcrecinin en sa\u011fl\u0131kl\u0131 \u015fekilde i\u015flemesi ve t\u00fcm Suriye halk\u0131n\u0131 kapsayacak \u015fekilde, farkl\u0131 dinlerden, farkl\u0131 mezheplerden, farkl\u0131 etnik kimliklerden Suriye halk\u0131n\u0131n tamam\u0131n\u0131 kapsayan, i\u00e7eren bir anlay\u0131\u015fla devam etmesidir. Suriyeliler bunu hak ediyor. D\u0131\u015far\u0131dan Suriye\u2019ye m\u00fcdahale edilmesini kesinlikle do\u011fru bulmuyoruz.\u201d dedi. Y\u0131lmaz, [&hellip;]","og_url":"https:\/\/kuzeyinsesi.org\/index.php\/2024\/12\/13\/tc-cumhurbaskani-yardimcisi-yilmaz-stratcom-summit-24un-acilisinda-konustu\/","og_site_name":"Kuzeyin Sesi","article_publisher":"https:\/\/www.facebook.com\/kuzeyinsesii","article_published_time":"2024-12-13T15:24:16+00:00","og_image":[{"url":"https:\/\/brtk.net\/wp-content\/uploads\/2024\/12\/13\/1734093227861cevdet-yilmaz-suriyede-istikrarsizligi-arttiracak-dis-mudahalelere-kesinlikle-karsiyiz-clnc.png?ver=31dc9800c2194ad63b6f5867cb3ff55f","type":"","width":"","height":""}],"author":"Kuzeyin Sesi","twitter_card":"summary_large_image","twitter_creator":"@kuzeyinsesii","twitter_site":"@kuzeyinsesii","twitter_misc":{"Yazan:":"Kuzeyin Sesi","Tahmini okuma s\u00fcresi":"8 dakika"},"schema":{"@context":"https:\/\/schema.org","@graph":[{"@type":"Article","@id":"https:\/\/kuzeyinsesi.org\/index.php\/2024\/12\/13\/tc-cumhurbaskani-yardimcisi-yilmaz-stratcom-summit-24un-acilisinda-konustu\/#article","isPartOf":{"@id":"https:\/\/kuzeyinsesi.org\/index.php\/2024\/12\/13\/tc-cumhurbaskani-yardimcisi-yilmaz-stratcom-summit-24un-acilisinda-konustu\/"},"author":{"name":"Kuzeyin Sesi","@id":"https:\/\/kuzeyinsesi.org\/#\/schema\/person\/9f859689cdf01485597712386e37f5aa"},"headline":"TC Cumhurba\u015fkan\u0131 Yard\u0131mc\u0131s\u0131 Y\u0131lmaz, Stratcom Summit 24\u2019\u00fcn a\u00e7\u0131l\u0131\u015f\u0131nda konu\u015ftu","datePublished":"2024-12-13T15:24:16+00:00","mainEntityOfPage":{"@id":"https:\/\/kuzeyinsesi.org\/index.php\/2024\/12\/13\/tc-cumhurbaskani-yardimcisi-yilmaz-stratcom-summit-24un-acilisinda-konustu\/"},"wordCount":1695,"commentCount":0,"image":{"@id":"https:\/\/kuzeyinsesi.org\/index.php\/2024\/12\/13\/tc-cumhurbaskani-yardimcisi-yilmaz-stratcom-summit-24un-acilisinda-konustu\/#primaryimage"},"thumbnailUrl":"https:\/\/kuzeyinsesi.org\/wp-content\/uploads\/2024\/12\/1734093227861cevdet-yilmaz-suriyede-istikrarsizligi-arttiracak-dis-mudahalelere-kesinlikle-karsiyiz.png","articleSection":["T\u00fcrkiye"],"inLanguage":"tr","potentialAction":[{"@type":"CommentAction","name":"Comment","target":["https:\/\/kuzeyinsesi.org\/index.php\/2024\/12\/13\/tc-cumhurbaskani-yardimcisi-yilmaz-stratcom-summit-24un-acilisinda-konustu\/#respond"]}]},{"@type":"WebPage","@id":"https:\/\/kuzeyinsesi.org\/index.php\/2024\/12\/13\/tc-cumhurbaskani-yardimcisi-yilmaz-stratcom-summit-24un-acilisinda-konustu\/","url":"https:\/\/kuzeyinsesi.org\/index.php\/2024\/12\/13\/tc-cumhurbaskani-yardimcisi-yilmaz-stratcom-summit-24un-acilisinda-konustu\/","name":"TC Cumhurba\u015fkan\u0131 Yard\u0131mc\u0131s\u0131 Y\u0131lmaz, Stratcom Summit 24\u2019\u00fcn a\u00e7\u0131l\u0131\u015f\u0131nda konu\u015ftu - Kuzeyin Sesi","isPartOf":{"@id":"https:\/\/kuzeyinsesi.org\/#website"},"primaryImageOfPage":{"@id":"https:\/\/kuzeyinsesi.org\/index.php\/2024\/12\/13\/tc-cumhurbaskani-yardimcisi-yilmaz-stratcom-summit-24un-acilisinda-konustu\/#primaryimage"},"image":{"@id":"https:\/\/kuzeyinsesi.org\/index.php\/2024\/12\/13\/tc-cumhurbaskani-yardimcisi-yilmaz-stratcom-summit-24un-acilisinda-konustu\/#primaryimage"},"thumbnailUrl":"https:\/\/kuzeyinsesi.org\/wp-content\/uploads\/2024\/12\/1734093227861cevdet-yilmaz-suriyede-istikrarsizligi-arttiracak-dis-mudahalelere-kesinlikle-karsiyiz.png","datePublished":"2024-12-13T15:24:16+00:00","author":{"@id":"https:\/\/kuzeyinsesi.org\/#\/schema\/person\/9f859689cdf01485597712386e37f5aa"},"breadcrumb":{"@id":"https:\/\/kuzeyinsesi.org\/index.php\/2024\/12\/13\/tc-cumhurbaskani-yardimcisi-yilmaz-stratcom-summit-24un-acilisinda-konustu\/#breadcrumb"},"inLanguage":"tr","potentialAction":[{"@type":"ReadAction","target":["https:\/\/kuzeyinsesi.org\/index.php\/2024\/12\/13\/tc-cumhurbaskani-yardimcisi-yilmaz-stratcom-summit-24un-acilisinda-konustu\/"]}]},{"@type":"ImageObject","inLanguage":"tr","@id":"https:\/\/kuzeyinsesi.org\/index.php\/2024\/12\/13\/tc-cumhurbaskani-yardimcisi-yilmaz-stratcom-summit-24un-acilisinda-konustu\/#primaryimage","url":"https:\/\/kuzeyinsesi.org\/wp-content\/uploads\/2024\/12\/1734093227861cevdet-yilmaz-suriyede-istikrarsizligi-arttiracak-dis-mudahalelere-kesinlikle-karsiyiz.png","contentUrl":"https:\/\/kuzeyinsesi.org\/wp-content\/uploads\/2024\/12\/1734093227861cevdet-yilmaz-suriyede-istikrarsizligi-arttiracak-dis-mudahalelere-kesinlikle-karsiyiz.png","width":814,"height":458},{"@type":"BreadcrumbList","@id":"https:\/\/kuzeyinsesi.org\/index.php\/2024\/12\/13\/tc-cumhurbaskani-yardimcisi-yilmaz-stratcom-summit-24un-acilisinda-konustu\/#breadcrumb","itemListElement":[{"@type":"ListItem","position":1,"name":"Anasayfa","item":"https:\/\/kuzeyinsesi.org\/"},{"@type":"ListItem","position":2,"name":"TC Cumhurba\u015fkan\u0131 Yard\u0131mc\u0131s\u0131 Y\u0131lmaz, Stratcom Summit 24\u2019\u00fcn a\u00e7\u0131l\u0131\u015f\u0131nda konu\u015ftu"}]},{"@type":"WebSite","@id":"https:\/\/kuzeyinsesi.org\/#website","url":"https:\/\/kuzeyinsesi.org\/","name":"Kuzeyin Sesi","description":"Do\u011fru Haberin Adresi","potentialAction":[{"@type":"SearchAction","target":{"@type":"EntryPoint","urlTemplate":"https:\/\/kuzeyinsesi.org\/?s={search_term_string}"},"query-input":{"@type":"PropertyValueSpecification","valueRequired":true,"valueName":"search_term_string"}}],"inLanguage":"tr"},{"@type":"Person","@id":"https:\/\/kuzeyinsesi.org\/#\/schema\/person\/9f859689cdf01485597712386e37f5aa","name":"Kuzeyin Sesi","image":{"@type":"ImageObject","inLanguage":"tr","@id":"https:\/\/secure.gravatar.com\/avatar\/bab33852abfd8b282518d6ed81826833d77c3c882d9ab608add591ccace47a44?s=96&d=mm&r=g","url":"https:\/\/secure.gravatar.com\/avatar\/bab33852abfd8b282518d6ed81826833d77c3c882d9ab608add591ccace47a44?s=96&d=mm&r=g","contentUrl":"https:\/\/secure.gravatar.com\/avatar\/bab33852abfd8b282518d6ed81826833d77c3c882d9ab608add591ccace47a44?s=96&d=mm&r=g","caption":"Kuzeyin Sesi"},"sameAs":["https:\/\/kuzeyinsesi.org"],"url":"https:\/\/kuzeyinsesi.org\/index.php\/author\/guven\/"}]}},"_links":{"self":[{"href":"https:\/\/kuzeyinsesi.org\/index.php\/wp-json\/wp\/v2\/posts\/15535","targetHints":{"allow":["GET"]}}],"collection":[{"href":"https:\/\/kuzeyinsesi.org\/index.php\/wp-json\/wp\/v2\/posts"}],"about":[{"href":"https:\/\/kuzeyinsesi.org\/index.php\/wp-json\/wp\/v2\/types\/post"}],"author":[{"embeddable":true,"href":"https:\/\/kuzeyinsesi.org\/index.php\/wp-json\/wp\/v2\/users\/1"}],"replies":[{"embeddable":true,"href":"https:\/\/kuzeyinsesi.org\/index.php\/wp-json\/wp\/v2\/comments?post=15535"}],"version-history":[{"count":0,"href":"https:\/\/kuzeyinsesi.org\/index.php\/wp-json\/wp\/v2\/posts\/15535\/revisions"}],"wp:featuredmedia":[{"embeddable":true,"href":"https:\/\/kuzeyinsesi.org\/index.php\/wp-json\/wp\/v2\/media\/15536"}],"wp:attachment":[{"href":"https:\/\/kuzeyinsesi.org\/index.php\/wp-json\/wp\/v2\/media?parent=15535"}],"wp:term":[{"taxonomy":"category","embeddable":true,"href":"https:\/\/kuzeyinsesi.org\/index.php\/wp-json\/wp\/v2\/categories?post=15535"},{"taxonomy":"post_tag","embeddable":true,"href":"https:\/\/kuzeyinsesi.org\/index.php\/wp-json\/wp\/v2\/tags?post=15535"}],"curies":[{"name":"wp","href":"https:\/\/api.w.org\/{rel}","templated":true}]}}