{"id":15515,"date":"2024-12-13T15:01:51","date_gmt":"2024-12-13T13:01:51","guid":{"rendered":"https:\/\/kuzeyinsesi.org\/index.php\/2024\/12\/13\/tc-disisleri-bakani-hakan-fidan-abd-disisleri-bakani-antony-blinken-ile-bir-araya-geldi\/"},"modified":"2024-12-13T15:01:51","modified_gmt":"2024-12-13T13:01:51","slug":"tc-disisleri-bakani-hakan-fidan-abd-disisleri-bakani-antony-blinken-ile-bir-araya-geldi","status":"publish","type":"post","link":"https:\/\/kuzeyinsesi.org\/index.php\/2024\/12\/13\/tc-disisleri-bakani-hakan-fidan-abd-disisleri-bakani-antony-blinken-ile-bir-araya-geldi\/","title":{"rendered":"TC D\u0131\u015fi\u015fleri Bakan\u0131 Hakan Fidan, ABD D\u0131\u015fi\u015fleri Bakan\u0131 Antony Blinken ile bir araya geldi"},"content":{"rendered":"<div>\n<div class=\"mariselle-image-container center\">\n                                            <\/div>\n<p>ABD D\u0131\u015fi\u015fleri Bakan\u0131 Antony Blinken\u2019\u0131n Ankara temaslar\u0131 devam ediyor.<\/p>\n<p>TC D\u0131\u015fi\u015fleri Bakan\u0131 Hakan Fidan ve ABD\u2019li mevkida\u015f\u0131 Antony Blinken\u2019\u0131n g\u00f6r\u00fc\u015fmesi ba\u015flad\u0131. \u0130ki bakan Suriye g\u00fcndemiyle Ankara\u2019da bir araya gelmi\u015f durumda.<\/p>\n<p>G\u00f6r\u00fc\u015fmedeki iki ana konunun Suriye\u2019de Esad rejiminin devrilmesiyle ba\u015flayan s\u00fcre\u00e7 ve ter\u00f6rle m\u00fccadele konusu olmas\u0131 bekleniyor. Suriye Milli Ordusu\u2019nun b\u00f6lgedeki ilerleyi\u015fi de masada olacak.<\/p>\n<p>Blinken, d\u00fcn ilk olarak Cumhurba\u015fkan\u0131 Recep Tayyip Erdo\u011fan ile bir araya gelmi\u015fti.<\/p>\n<p>Bakan Fidan ve Blinken, 7-10 Aral\u0131k tarihlerinde ger\u00e7ekle\u015ftirdikleri telefon g\u00f6r\u00fc\u015fmelerinde Suriye\u2019yi ele alm\u0131\u015ft\u0131.<\/p>\n<\/p><\/div>\n<p><script async\n                    defer\n                    crossorigin=\"anonymous\"\n                    src=\"https:\/\/connect.facebook.net\/tr_TR\/sdk.js#xfbml=1&#038;version=v3.3\"\n            ><\/script><\/p>\n","protected":false},"excerpt":{"rendered":"<p>ABD D\u0131\u015fi\u015fleri Bakan\u0131 Antony Blinken\u2019\u0131n Ankara temaslar\u0131 devam ediyor. TC D\u0131\u015fi\u015fleri Bakan\u0131 Hakan Fidan ve ABD\u2019li mevkida\u015f\u0131 Antony Blinken\u2019\u0131n g\u00f6r\u00fc\u015fmesi ba\u015flad\u0131. \u0130ki bakan Suriye g\u00fcndemiyle Ankara\u2019da bir araya gelmi\u015f durumda. G\u00f6r\u00fc\u015fmedeki iki ana konunun Suriye\u2019de Esad rejiminin devrilmesiyle ba\u015flayan s\u00fcre\u00e7 ve ter\u00f6rle m\u00fccadele konusu olmas\u0131 bekleniyor. Suriye Milli Ordusu\u2019nun b\u00f6lgedeki ilerleyi\u015fi de masada olacak. Blinken, [&hellip;]<\/p>\n","protected":false},"author":1,"featured_media":15516,"comment_status":"open","ping_status":"open","sticky":false,"template":"","format":"standard","meta":{"jnews-multi-image_gallery":[],"jnews_single_post":[],"jnews_primary_category":[],"jnews_social_meta":[],"jnews_override_counter":[],"footnotes":""},"categories":[5],"tags":[],"class_list":["post-15515","post","type-post","status-publish","format-standard","has-post-thumbnail","hentry","category-turkiye"],"yoast_head":"<!-- This site is optimized with the Yoast SEO plugin v27.4 - https:\/\/yoast.com\/product\/yoast-seo-wordpress\/ -->\n<title>TC D\u0131\u015fi\u015fleri Bakan\u0131 Hakan Fidan, ABD D\u0131\u015fi\u015fleri Bakan\u0131 Antony Blinken ile bir araya geldi - Kuzeyin Sesi<\/title>\n<meta name=\"robots\" content=\"index, follow, max-snippet:-1, max-image-preview:large, max-video-preview:-1\" \/>\n<link rel=\"canonical\" href=\"https:\/\/kuzeyinsesi.org\/index.php\/2024\/12\/13\/tc-disisleri-bakani-hakan-fidan-abd-disisleri-bakani-antony-blinken-ile-bir-araya-geldi\/\" \/>\n<meta property=\"og:locale\" content=\"tr_TR\" \/>\n<meta property=\"og:type\" content=\"article\" \/>\n<meta property=\"og:title\" content=\"TC D\u0131\u015fi\u015fleri Bakan\u0131 Hakan Fidan, ABD D\u0131\u015fi\u015fleri Bakan\u0131 Antony Blinken ile bir araya geldi - Kuzeyin Sesi\" \/>\n<meta property=\"og:description\" content=\"ABD D\u0131\u015fi\u015fleri Bakan\u0131 Antony Blinken\u2019\u0131n Ankara temaslar\u0131 devam ediyor. TC D\u0131\u015fi\u015fleri Bakan\u0131 Hakan Fidan ve ABD\u2019li mevkida\u015f\u0131 Antony Blinken\u2019\u0131n g\u00f6r\u00fc\u015fmesi ba\u015flad\u0131. \u0130ki bakan Suriye g\u00fcndemiyle Ankara\u2019da bir araya gelmi\u015f durumda. G\u00f6r\u00fc\u015fmedeki iki ana konunun Suriye\u2019de Esad rejiminin devrilmesiyle ba\u015flayan s\u00fcre\u00e7 ve ter\u00f6rle m\u00fccadele konusu olmas\u0131 bekleniyor. Suriye Milli Ordusu\u2019nun b\u00f6lgedeki ilerleyi\u015fi de masada olacak. Blinken, [&hellip;]\" \/>\n<meta property=\"og:url\" content=\"https:\/\/kuzeyinsesi.org\/index.php\/2024\/12\/13\/tc-disisleri-bakani-hakan-fidan-abd-disisleri-bakani-antony-blinken-ile-bir-araya-geldi\/\" \/>\n<meta property=\"og:site_name\" content=\"Kuzeyin Sesi\" \/>\n<meta property=\"article:publisher\" content=\"https:\/\/www.facebook.com\/kuzeyinsesii\" \/>\n<meta property=\"article:published_time\" content=\"2024-12-13T13:01:51+00:00\" \/>\n<meta property=\"og:image\" content=\"https:\/\/brtk.net\/wp-content\/uploads\/2024\/12\/13\/1734075063153G-V9_42CekK23fmsYUZ2Aw.webp?ver=07aac643ea599aad8c2683e4bf8fa26f\" \/>\n<meta name=\"author\" content=\"Kuzeyin Sesi\" \/>\n<meta name=\"twitter:card\" content=\"summary_large_image\" \/>\n<meta name=\"twitter:creator\" content=\"@kuzeyinsesii\" \/>\n<meta name=\"twitter:site\" content=\"@kuzeyinsesii\" \/>\n<meta name=\"twitter:label1\" content=\"Yazan:\" \/>\n\t<meta name=\"twitter:data1\" content=\"Kuzeyin Sesi\" \/>\n\t<meta name=\"twitter:label2\" content=\"Tahmini okuma s\u00fcresi\" \/>\n\t<meta name=\"twitter:data2\" content=\"1 dakika\" \/>\n<script type=\"application\/ld+json\" class=\"yoast-schema-graph\">{\"@context\":\"https:\\\/\\\/schema.org\",\"@graph\":[{\"@type\":\"Article\",\"@id\":\"https:\\\/\\\/kuzeyinsesi.org\\\/index.php\\\/2024\\\/12\\\/13\\\/tc-disisleri-bakani-hakan-fidan-abd-disisleri-bakani-antony-blinken-ile-bir-araya-geldi\\\/#article\",\"isPartOf\":{\"@id\":\"https:\\\/\\\/kuzeyinsesi.org\\\/index.php\\\/2024\\\/12\\\/13\\\/tc-disisleri-bakani-hakan-fidan-abd-disisleri-bakani-antony-blinken-ile-bir-araya-geldi\\\/\"},\"author\":{\"name\":\"Kuzeyin Sesi\",\"@id\":\"https:\\\/\\\/kuzeyinsesi.org\\\/#\\\/schema\\\/person\\\/9f859689cdf01485597712386e37f5aa\"},\"headline\":\"TC D\u0131\u015fi\u015fleri Bakan\u0131 Hakan Fidan, ABD D\u0131\u015fi\u015fleri Bakan\u0131 Antony Blinken ile bir araya geldi\",\"datePublished\":\"2024-12-13T13:01:51+00:00\",\"mainEntityOfPage\":{\"@id\":\"https:\\\/\\\/kuzeyinsesi.org\\\/index.php\\\/2024\\\/12\\\/13\\\/tc-disisleri-bakani-hakan-fidan-abd-disisleri-bakani-antony-blinken-ile-bir-araya-geldi\\\/\"},\"wordCount\":130,\"commentCount\":0,\"image\":{\"@id\":\"https:\\\/\\\/kuzeyinsesi.org\\\/index.php\\\/2024\\\/12\\\/13\\\/tc-disisleri-bakani-hakan-fidan-abd-disisleri-bakani-antony-blinken-ile-bir-araya-geldi\\\/#primaryimage\"},\"thumbnailUrl\":\"https:\\\/\\\/kuzeyinsesi.org\\\/wp-content\\\/uploads\\\/2024\\\/12\\\/1734075063153G-V9_42CekK23fmsYUZ2Aw.webp.webp\",\"articleSection\":[\"T\u00fcrkiye\"],\"inLanguage\":\"tr\",\"potentialAction\":[{\"@type\":\"CommentAction\",\"name\":\"Comment\",\"target\":[\"https:\\\/\\\/kuzeyinsesi.org\\\/index.php\\\/2024\\\/12\\\/13\\\/tc-disisleri-bakani-hakan-fidan-abd-disisleri-bakani-antony-blinken-ile-bir-araya-geldi\\\/#respond\"]}]},{\"@type\":\"WebPage\",\"@id\":\"https:\\\/\\\/kuzeyinsesi.org\\\/index.php\\\/2024\\\/12\\\/13\\\/tc-disisleri-bakani-hakan-fidan-abd-disisleri-bakani-antony-blinken-ile-bir-araya-geldi\\\/\",\"url\":\"https:\\\/\\\/kuzeyinsesi.org\\\/index.php\\\/2024\\\/12\\\/13\\\/tc-disisleri-bakani-hakan-fidan-abd-disisleri-bakani-antony-blinken-ile-bir-araya-geldi\\\/\",\"name\":\"TC D\u0131\u015fi\u015fleri Bakan\u0131 Hakan Fidan, ABD D\u0131\u015fi\u015fleri Bakan\u0131 Antony Blinken ile bir araya geldi - Kuzeyin Sesi\",\"isPartOf\":{\"@id\":\"https:\\\/\\\/kuzeyinsesi.org\\\/#website\"},\"primaryImageOfPage\":{\"@id\":\"https:\\\/\\\/kuzeyinsesi.org\\\/index.php\\\/2024\\\/12\\\/13\\\/tc-disisleri-bakani-hakan-fidan-abd-disisleri-bakani-antony-blinken-ile-bir-araya-geldi\\\/#primaryimage\"},\"image\":{\"@id\":\"https:\\\/\\\/kuzeyinsesi.org\\\/index.php\\\/2024\\\/12\\\/13\\\/tc-disisleri-bakani-hakan-fidan-abd-disisleri-bakani-antony-blinken-ile-bir-araya-geldi\\\/#primaryimage\"},\"thumbnailUrl\":\"https:\\\/\\\/kuzeyinsesi.org\\\/wp-content\\\/uploads\\\/2024\\\/12\\\/1734075063153G-V9_42CekK23fmsYUZ2Aw.webp.webp\",\"datePublished\":\"2024-12-13T13:01:51+00:00\",\"author\":{\"@id\":\"https:\\\/\\\/kuzeyinsesi.org\\\/#\\\/schema\\\/person\\\/9f859689cdf01485597712386e37f5aa\"},\"breadcrumb\":{\"@id\":\"https:\\\/\\\/kuzeyinsesi.org\\\/index.php\\\/2024\\\/12\\\/13\\\/tc-disisleri-bakani-hakan-fidan-abd-disisleri-bakani-antony-blinken-ile-bir-araya-geldi\\\/#breadcrumb\"},\"inLanguage\":\"tr\",\"potentialAction\":[{\"@type\":\"ReadAction\",\"target\":[\"https:\\\/\\\/kuzeyinsesi.org\\\/index.php\\\/2024\\\/12\\\/13\\\/tc-disisleri-bakani-hakan-fidan-abd-disisleri-bakani-antony-blinken-ile-bir-araya-geldi\\\/\"]}]},{\"@type\":\"ImageObject\",\"inLanguage\":\"tr\",\"@id\":\"https:\\\/\\\/kuzeyinsesi.org\\\/index.php\\\/2024\\\/12\\\/13\\\/tc-disisleri-bakani-hakan-fidan-abd-disisleri-bakani-antony-blinken-ile-bir-araya-geldi\\\/#primaryimage\",\"url\":\"https:\\\/\\\/kuzeyinsesi.org\\\/wp-content\\\/uploads\\\/2024\\\/12\\\/1734075063153G-V9_42CekK23fmsYUZ2Aw.webp.webp\",\"contentUrl\":\"https:\\\/\\\/kuzeyinsesi.org\\\/wp-content\\\/uploads\\\/2024\\\/12\\\/1734075063153G-V9_42CekK23fmsYUZ2Aw.webp.webp\",\"width\":660,\"height\":374},{\"@type\":\"BreadcrumbList\",\"@id\":\"https:\\\/\\\/kuzeyinsesi.org\\\/index.php\\\/2024\\\/12\\\/13\\\/tc-disisleri-bakani-hakan-fidan-abd-disisleri-bakani-antony-blinken-ile-bir-araya-geldi\\\/#breadcrumb\",\"itemListElement\":[{\"@type\":\"ListItem\",\"position\":1,\"name\":\"Anasayfa\",\"item\":\"https:\\\/\\\/kuzeyinsesi.org\\\/\"},{\"@type\":\"ListItem\",\"position\":2,\"name\":\"TC D\u0131\u015fi\u015fleri Bakan\u0131 Hakan Fidan, ABD D\u0131\u015fi\u015fleri Bakan\u0131 Antony Blinken ile bir araya geldi\"}]},{\"@type\":\"WebSite\",\"@id\":\"https:\\\/\\\/kuzeyinsesi.org\\\/#website\",\"url\":\"https:\\\/\\\/kuzeyinsesi.org\\\/\",\"name\":\"Kuzeyin Sesi\",\"description\":\"Do\u011fru Haberin Adresi\",\"potentialAction\":[{\"@type\":\"SearchAction\",\"target\":{\"@type\":\"EntryPoint\",\"urlTemplate\":\"https:\\\/\\\/kuzeyinsesi.org\\\/?s={search_term_string}\"},\"query-input\":{\"@type\":\"PropertyValueSpecification\",\"valueRequired\":true,\"valueName\":\"search_term_string\"}}],\"inLanguage\":\"tr\"},{\"@type\":\"Person\",\"@id\":\"https:\\\/\\\/kuzeyinsesi.org\\\/#\\\/schema\\\/person\\\/9f859689cdf01485597712386e37f5aa\",\"name\":\"Kuzeyin Sesi\",\"image\":{\"@type\":\"ImageObject\",\"inLanguage\":\"tr\",\"@id\":\"https:\\\/\\\/secure.gravatar.com\\\/avatar\\\/bab33852abfd8b282518d6ed81826833d77c3c882d9ab608add591ccace47a44?s=96&d=mm&r=g\",\"url\":\"https:\\\/\\\/secure.gravatar.com\\\/avatar\\\/bab33852abfd8b282518d6ed81826833d77c3c882d9ab608add591ccace47a44?s=96&d=mm&r=g\",\"contentUrl\":\"https:\\\/\\\/secure.gravatar.com\\\/avatar\\\/bab33852abfd8b282518d6ed81826833d77c3c882d9ab608add591ccace47a44?s=96&d=mm&r=g\",\"caption\":\"Kuzeyin Sesi\"},\"sameAs\":[\"https:\\\/\\\/kuzeyinsesi.org\"],\"url\":\"https:\\\/\\\/kuzeyinsesi.org\\\/index.php\\\/author\\\/guven\\\/\"}]}<\/script>\n<!-- \/ Yoast SEO plugin. -->","yoast_head_json":{"title":"TC D\u0131\u015fi\u015fleri Bakan\u0131 Hakan Fidan, ABD D\u0131\u015fi\u015fleri Bakan\u0131 Antony Blinken ile bir araya geldi - Kuzeyin Sesi","robots":{"index":"index","follow":"follow","max-snippet":"max-snippet:-1","max-image-preview":"max-image-preview:large","max-video-preview":"max-video-preview:-1"},"canonical":"https:\/\/kuzeyinsesi.org\/index.php\/2024\/12\/13\/tc-disisleri-bakani-hakan-fidan-abd-disisleri-bakani-antony-blinken-ile-bir-araya-geldi\/","og_locale":"tr_TR","og_type":"article","og_title":"TC D\u0131\u015fi\u015fleri Bakan\u0131 Hakan Fidan, ABD D\u0131\u015fi\u015fleri Bakan\u0131 Antony Blinken ile bir araya geldi - Kuzeyin Sesi","og_description":"ABD D\u0131\u015fi\u015fleri Bakan\u0131 Antony Blinken\u2019\u0131n Ankara temaslar\u0131 devam ediyor. TC D\u0131\u015fi\u015fleri Bakan\u0131 Hakan Fidan ve ABD\u2019li mevkida\u015f\u0131 Antony Blinken\u2019\u0131n g\u00f6r\u00fc\u015fmesi ba\u015flad\u0131. \u0130ki bakan Suriye g\u00fcndemiyle Ankara\u2019da bir araya gelmi\u015f durumda. G\u00f6r\u00fc\u015fmedeki iki ana konunun Suriye\u2019de Esad rejiminin devrilmesiyle ba\u015flayan s\u00fcre\u00e7 ve ter\u00f6rle m\u00fccadele konusu olmas\u0131 bekleniyor. Suriye Milli Ordusu\u2019nun b\u00f6lgedeki ilerleyi\u015fi de masada olacak. Blinken, [&hellip;]","og_url":"https:\/\/kuzeyinsesi.org\/index.php\/2024\/12\/13\/tc-disisleri-bakani-hakan-fidan-abd-disisleri-bakani-antony-blinken-ile-bir-araya-geldi\/","og_site_name":"Kuzeyin Sesi","article_publisher":"https:\/\/www.facebook.com\/kuzeyinsesii","article_published_time":"2024-12-13T13:01:51+00:00","og_image":[{"url":"https:\/\/brtk.net\/wp-content\/uploads\/2024\/12\/13\/1734075063153G-V9_42CekK23fmsYUZ2Aw.webp?ver=07aac643ea599aad8c2683e4bf8fa26f","type":"","width":"","height":""}],"author":"Kuzeyin Sesi","twitter_card":"summary_large_image","twitter_creator":"@kuzeyinsesii","twitter_site":"@kuzeyinsesii","twitter_misc":{"Yazan:":"Kuzeyin Sesi","Tahmini okuma s\u00fcresi":"1 dakika"},"schema":{"@context":"https:\/\/schema.org","@graph":[{"@type":"Article","@id":"https:\/\/kuzeyinsesi.org\/index.php\/2024\/12\/13\/tc-disisleri-bakani-hakan-fidan-abd-disisleri-bakani-antony-blinken-ile-bir-araya-geldi\/#article","isPartOf":{"@id":"https:\/\/kuzeyinsesi.org\/index.php\/2024\/12\/13\/tc-disisleri-bakani-hakan-fidan-abd-disisleri-bakani-antony-blinken-ile-bir-araya-geldi\/"},"author":{"name":"Kuzeyin Sesi","@id":"https:\/\/kuzeyinsesi.org\/#\/schema\/person\/9f859689cdf01485597712386e37f5aa"},"headline":"TC D\u0131\u015fi\u015fleri Bakan\u0131 Hakan Fidan, ABD D\u0131\u015fi\u015fleri Bakan\u0131 Antony Blinken ile bir araya geldi","datePublished":"2024-12-13T13:01:51+00:00","mainEntityOfPage":{"@id":"https:\/\/kuzeyinsesi.org\/index.php\/2024\/12\/13\/tc-disisleri-bakani-hakan-fidan-abd-disisleri-bakani-antony-blinken-ile-bir-araya-geldi\/"},"wordCount":130,"commentCount":0,"image":{"@id":"https:\/\/kuzeyinsesi.org\/index.php\/2024\/12\/13\/tc-disisleri-bakani-hakan-fidan-abd-disisleri-bakani-antony-blinken-ile-bir-araya-geldi\/#primaryimage"},"thumbnailUrl":"https:\/\/kuzeyinsesi.org\/wp-content\/uploads\/2024\/12\/1734075063153G-V9_42CekK23fmsYUZ2Aw.webp.webp","articleSection":["T\u00fcrkiye"],"inLanguage":"tr","potentialAction":[{"@type":"CommentAction","name":"Comment","target":["https:\/\/kuzeyinsesi.org\/index.php\/2024\/12\/13\/tc-disisleri-bakani-hakan-fidan-abd-disisleri-bakani-antony-blinken-ile-bir-araya-geldi\/#respond"]}]},{"@type":"WebPage","@id":"https:\/\/kuzeyinsesi.org\/index.php\/2024\/12\/13\/tc-disisleri-bakani-hakan-fidan-abd-disisleri-bakani-antony-blinken-ile-bir-araya-geldi\/","url":"https:\/\/kuzeyinsesi.org\/index.php\/2024\/12\/13\/tc-disisleri-bakani-hakan-fidan-abd-disisleri-bakani-antony-blinken-ile-bir-araya-geldi\/","name":"TC D\u0131\u015fi\u015fleri Bakan\u0131 Hakan Fidan, ABD D\u0131\u015fi\u015fleri Bakan\u0131 Antony Blinken ile bir araya geldi - Kuzeyin Sesi","isPartOf":{"@id":"https:\/\/kuzeyinsesi.org\/#website"},"primaryImageOfPage":{"@id":"https:\/\/kuzeyinsesi.org\/index.php\/2024\/12\/13\/tc-disisleri-bakani-hakan-fidan-abd-disisleri-bakani-antony-blinken-ile-bir-araya-geldi\/#primaryimage"},"image":{"@id":"https:\/\/kuzeyinsesi.org\/index.php\/2024\/12\/13\/tc-disisleri-bakani-hakan-fidan-abd-disisleri-bakani-antony-blinken-ile-bir-araya-geldi\/#primaryimage"},"thumbnailUrl":"https:\/\/kuzeyinsesi.org\/wp-content\/uploads\/2024\/12\/1734075063153G-V9_42CekK23fmsYUZ2Aw.webp.webp","datePublished":"2024-12-13T13:01:51+00:00","author":{"@id":"https:\/\/kuzeyinsesi.org\/#\/schema\/person\/9f859689cdf01485597712386e37f5aa"},"breadcrumb":{"@id":"https:\/\/kuzeyinsesi.org\/index.php\/2024\/12\/13\/tc-disisleri-bakani-hakan-fidan-abd-disisleri-bakani-antony-blinken-ile-bir-araya-geldi\/#breadcrumb"},"inLanguage":"tr","potentialAction":[{"@type":"ReadAction","target":["https:\/\/kuzeyinsesi.org\/index.php\/2024\/12\/13\/tc-disisleri-bakani-hakan-fidan-abd-disisleri-bakani-antony-blinken-ile-bir-araya-geldi\/"]}]},{"@type":"ImageObject","inLanguage":"tr","@id":"https:\/\/kuzeyinsesi.org\/index.php\/2024\/12\/13\/tc-disisleri-bakani-hakan-fidan-abd-disisleri-bakani-antony-blinken-ile-bir-araya-geldi\/#primaryimage","url":"https:\/\/kuzeyinsesi.org\/wp-content\/uploads\/2024\/12\/1734075063153G-V9_42CekK23fmsYUZ2Aw.webp.webp","contentUrl":"https:\/\/kuzeyinsesi.org\/wp-content\/uploads\/2024\/12\/1734075063153G-V9_42CekK23fmsYUZ2Aw.webp.webp","width":660,"height":374},{"@type":"BreadcrumbList","@id":"https:\/\/kuzeyinsesi.org\/index.php\/2024\/12\/13\/tc-disisleri-bakani-hakan-fidan-abd-disisleri-bakani-antony-blinken-ile-bir-araya-geldi\/#breadcrumb","itemListElement":[{"@type":"ListItem","position":1,"name":"Anasayfa","item":"https:\/\/kuzeyinsesi.org\/"},{"@type":"ListItem","position":2,"name":"TC D\u0131\u015fi\u015fleri Bakan\u0131 Hakan Fidan, ABD D\u0131\u015fi\u015fleri Bakan\u0131 Antony Blinken ile bir araya geldi"}]},{"@type":"WebSite","@id":"https:\/\/kuzeyinsesi.org\/#website","url":"https:\/\/kuzeyinsesi.org\/","name":"Kuzeyin Sesi","description":"Do\u011fru Haberin Adresi","potentialAction":[{"@type":"SearchAction","target":{"@type":"EntryPoint","urlTemplate":"https:\/\/kuzeyinsesi.org\/?s={search_term_string}"},"query-input":{"@type":"PropertyValueSpecification","valueRequired":true,"valueName":"search_term_string"}}],"inLanguage":"tr"},{"@type":"Person","@id":"https:\/\/kuzeyinsesi.org\/#\/schema\/person\/9f859689cdf01485597712386e37f5aa","name":"Kuzeyin Sesi","image":{"@type":"ImageObject","inLanguage":"tr","@id":"https:\/\/secure.gravatar.com\/avatar\/bab33852abfd8b282518d6ed81826833d77c3c882d9ab608add591ccace47a44?s=96&d=mm&r=g","url":"https:\/\/secure.gravatar.com\/avatar\/bab33852abfd8b282518d6ed81826833d77c3c882d9ab608add591ccace47a44?s=96&d=mm&r=g","contentUrl":"https:\/\/secure.gravatar.com\/avatar\/bab33852abfd8b282518d6ed81826833d77c3c882d9ab608add591ccace47a44?s=96&d=mm&r=g","caption":"Kuzeyin Sesi"},"sameAs":["https:\/\/kuzeyinsesi.org"],"url":"https:\/\/kuzeyinsesi.org\/index.php\/author\/guven\/"}]}},"_links":{"self":[{"href":"https:\/\/kuzeyinsesi.org\/index.php\/wp-json\/wp\/v2\/posts\/15515","targetHints":{"allow":["GET"]}}],"collection":[{"href":"https:\/\/kuzeyinsesi.org\/index.php\/wp-json\/wp\/v2\/posts"}],"about":[{"href":"https:\/\/kuzeyinsesi.org\/index.php\/wp-json\/wp\/v2\/types\/post"}],"author":[{"embeddable":true,"href":"https:\/\/kuzeyinsesi.org\/index.php\/wp-json\/wp\/v2\/users\/1"}],"replies":[{"embeddable":true,"href":"https:\/\/kuzeyinsesi.org\/index.php\/wp-json\/wp\/v2\/comments?post=15515"}],"version-history":[{"count":0,"href":"https:\/\/kuzeyinsesi.org\/index.php\/wp-json\/wp\/v2\/posts\/15515\/revisions"}],"wp:featuredmedia":[{"embeddable":true,"href":"https:\/\/kuzeyinsesi.org\/index.php\/wp-json\/wp\/v2\/media\/15516"}],"wp:attachment":[{"href":"https:\/\/kuzeyinsesi.org\/index.php\/wp-json\/wp\/v2\/media?parent=15515"}],"wp:term":[{"taxonomy":"category","embeddable":true,"href":"https:\/\/kuzeyinsesi.org\/index.php\/wp-json\/wp\/v2\/categories?post=15515"},{"taxonomy":"post_tag","embeddable":true,"href":"https:\/\/kuzeyinsesi.org\/index.php\/wp-json\/wp\/v2\/tags?post=15515"}],"curies":[{"name":"wp","href":"https:\/\/api.w.org\/{rel}","templated":true}]}}