{"id":15511,"date":"2024-12-13T14:50:20","date_gmt":"2024-12-13T12:50:20","guid":{"rendered":"https:\/\/kuzeyinsesi.org\/index.php\/2024\/12\/13\/blinken-suriye-halkinin-bessar-esedin-prangalarindan-kurtulmasina-odaklanmis-durumdayiz\/"},"modified":"2024-12-13T14:50:20","modified_gmt":"2024-12-13T12:50:20","slug":"blinken-suriye-halkinin-bessar-esedin-prangalarindan-kurtulmasina-odaklanmis-durumdayiz","status":"publish","type":"post","link":"https:\/\/kuzeyinsesi.org\/index.php\/2024\/12\/13\/blinken-suriye-halkinin-bessar-esedin-prangalarindan-kurtulmasina-odaklanmis-durumdayiz\/","title":{"rendered":"Blinken: \u201cSuriye halk\u0131n\u0131n Be\u015f\u015far Esed\u2019in prangalar\u0131ndan kurtulmas\u0131na odaklanm\u0131\u015f durumday\u0131z\u201d"},"content":{"rendered":"<div>\n<div class=\"mariselle-image-container center\">\n                                            <\/div>\n<p>ABD D\u0131\u015fi\u015fleri Bakan\u0131 Antony Blinken, \u201cBizim ve Suriye halk\u0131n\u0131n \u00f6n\u00fcndeki f\u0131rsata odaklanm\u0131\u015f durumday\u0131z. Suriye halk\u0131n\u0131n Be\u015f\u015far Esed\u2019in prangalar\u0131ndan kurtulmas\u0131na odaklanm\u0131\u015f durumday\u0131z.\u201d dedi. <\/p>\n<p>Blinken, T\u00fcrkiye D\u0131\u015fi\u015fleri Bakan\u0131 Hakan Fidan ile D\u0131\u015fi\u015fleri Bakanl\u0131\u011f\u0131nda yapt\u0131klar\u0131 ikili g\u00f6r\u00fc\u015fmenin ard\u0131ndan a\u00e7\u0131klama yapt\u0131.<\/p>\n<p>Bakan Blinken, Fidan\u2019a dostlu\u011fu ve ortakl\u0131\u011f\u0131 i\u00e7in te\u015fekk\u00fcr ederek, \u201cHep beraber \u00e7ok g\u00fczel bir \u00e7al\u0131\u015fma yapt\u0131k \u015fimdiye kadar.\u201d ifadesini kulland\u0131.<\/p>\n<p>T\u00fcrkiye-ABD ili\u015fkilerini g\u00fc\u00e7lendirerek bir\u00e7ok konuda iki \u00fclke ad\u0131na ilerleme kaydettiklerini s\u00f6yleyen Blinken, \u201cCumhurba\u015fkan\u0131 (Recep Tayyip) Erdo\u011fan\u2019a d\u00fcn gece bizi kabul ederken g\u00f6sterdi\u011fi anlay\u0131\u015f ve zaman ay\u0131rma c\u00f6mertli\u011fi i\u00e7in \u015f\u00fckranlar\u0131m\u0131 sunmak istiyorum.\u201d diye konu\u015ftu.<\/p>\n<p>Blinken, \u201cBizim ve Suriye halk\u0131n\u0131n \u00f6n\u00fcndeki f\u0131rsata odaklanm\u0131\u015f durumday\u0131z. Suriye halk\u0131n\u0131n Be\u015f\u015far Esed\u2019in prangalar\u0131ndan kurtulmas\u0131na odaklanm\u0131\u015f durumday\u0131z.\u201d de\u011ferlendirmesinde bulunarak, Suriyelilerin \u00e7ok daha g\u00fczel bir gelece\u011fe sahip olmas\u0131 ve kendi geleceklerini kendileri tayin etmesi i\u00e7in \u00e7al\u0131\u015fmaya devam ettiklerini vurgulad\u0131.<\/p>\n<p>T\u00fcrkiye, ABD ve b\u00f6lgedeki di\u011fer \u00fclkelerin Suriye i\u00e7in neler yapabileceklerini g\u00f6r\u00fc\u015ft\u00fcklerini bildiren Blinken, Suriye\u2019de neleri g\u00f6rmek istedikleri konusunda genel bir mutabakat i\u00e7erisinde olduklar\u0131n\u0131 ifade etti.<\/p>\n<p>Blinken, daha \u00e7ok ki\u015fiyi i\u00e7eren, az\u0131nl\u0131klar\u0131n ve kad\u0131nlar\u0131n haklar\u0131n\u0131 koruyan, devlet kurumlar\u0131n\u0131 koruyarak insanlara hizmet sa\u011flamay\u0131 s\u00fcrd\u00fcren, e\u011fer varsa kimyasal silahlar\u0131 bertaraf edecek ve u\u00e7 g\u00f6r\u00fc\u015fl\u00fc gruplarla ili\u015fkileri reddedecek bir Suriye y\u00f6netimini desteklediklerini a\u00e7\u0131klayarak, \u201cAyn\u0131 \u015fekilde, herhangi bir durumda, Suriye\u2019nin \u00e7evresindeki \u00fclkelere, kom\u015fular\u0131na tehdit olu\u015fturmayacak \u015fekilde \u00e7al\u0131\u015fmaya devam etmelerini istiyoruz.\u201d ifadesini kulland\u0131.<\/p>\n<p>Y\u00f6netimin bunlar\u0131 uygulamas\u0131yla Suriye halk\u0131n\u0131n da d\u00fc\u015f\u00fcncesi ve isteklerinin en iyi \u015fekilde ortaya konmas\u0131n\u0131 sa\u011flayaca\u011f\u0131n\u0131 vurgulayan Blinken, Suriye\u2019de ortaya \u00e7\u0131kan y\u00f6netimin \u00fclkede y\u0131llar s\u00fcren yozla\u015fma, diktat\u00f6rl\u00fck ve \u00e7at\u0131\u015fmalar\u0131n ard\u0131ndan uluslararas\u0131 toplumdan bekledi\u011fi deste\u011fi ve tan\u0131n\u0131rl\u0131\u011f\u0131 bu \u015fekilde elde edebilece\u011fini dile getirdi.<\/p>\n<p>Blinken, \u201cDEA\u015e\u2019\u0131n geriletilmesine y\u00f6nelik \u00e7abalar\u0131n s\u00fcrd\u00fcr\u00fclmesinin zorunlulu\u011funu da ele ald\u0131k. \u00dclkelerimiz DEA\u015e\u2019\u0131n ortadan kald\u0131r\u0131lmas\u0131 ve bu tehdidin bir daha ortaya \u00e7\u0131kmamas\u0131 i\u00e7in uzun y\u0131llar boyunca \u00e7ok \u00e7al\u0131\u015ft\u0131lar ve \u00e7ok \u015fey verdiler. Bu \u00e7abalar\u0131m\u0131z\u0131 s\u00fcrd\u00fcrmemiz bir zorunluluktur.\u201d dedi.<\/p>\n<p>Fidan ile Gazze meselesini, rehinelerin evlerine d\u00f6nmesi ve ate\u015fkesin sa\u011flanmas\u0131 konusunu ele ald\u0131klar\u0131n\u0131 anlatan Blinken, \u201cSon birka\u00e7 haftada g\u00f6rd\u00fcklerimiz bunun m\u00fcmk\u00fcn oldu\u011funa dair daha cesaret verici i\u015faretlerdir. Cumhurba\u015fkan\u0131 Erdo\u011fan ve Bakan Fidan ile yapt\u0131\u011f\u0131m g\u00f6r\u00fc\u015fmelerde, Hamas\u2019\u0131n nihayetinde bu i\u015fin sona ermesine yard\u0131mc\u0131 olacak bir anla\u015fmaya evet demesinin zorunlulu\u011fundan bahsettim.\u201d \u015feklinde konu\u015ftu.<\/p>\n<p>Blinken, T\u00fcrkiye\u2019nin Hamas ile g\u00f6r\u00fc\u015ferek meseleyi nihayete erdirme konusunda oynayabilece\u011fi rol\u00fc takdirle kar\u015f\u0131lad\u0131klar\u0131na dikkati \u00e7ekerek, \u00dcrd\u00fcn\u2019de Arap \u00fclkeleriyle g\u00f6r\u00fc\u015fmeleri s\u00fcrd\u00fcreceklerini belirtti.<br \/>Bakan Blinken, T\u00fcrkiye, ABD ve Arap \u00fclkelerinin bir araya gelerek Suriye halk\u0131n\u0131 destekledi\u011fini vurgulayarak, bu f\u0131rsat\u0131 Suriye halk\u0131n\u0131n isteklerini yans\u0131tacak bir y\u00f6ne do\u011frultmaya \u00e7al\u0131\u015ft\u0131\u011f\u0131n\u0131 kaydetti.<\/p>\n<\/p><\/div>\n<p><script async\n                    defer\n                    crossorigin=\"anonymous\"\n                    src=\"https:\/\/connect.facebook.net\/tr_TR\/sdk.js#xfbml=1&#038;version=v3.3\"\n            ><\/script><\/p>\n","protected":false},"excerpt":{"rendered":"<p>ABD D\u0131\u015fi\u015fleri Bakan\u0131 Antony Blinken, \u201cBizim ve Suriye halk\u0131n\u0131n \u00f6n\u00fcndeki f\u0131rsata odaklanm\u0131\u015f durumday\u0131z. Suriye halk\u0131n\u0131n Be\u015f\u015far Esed\u2019in prangalar\u0131ndan kurtulmas\u0131na odaklanm\u0131\u015f durumday\u0131z.\u201d dedi. Blinken, T\u00fcrkiye D\u0131\u015fi\u015fleri Bakan\u0131 Hakan Fidan ile D\u0131\u015fi\u015fleri Bakanl\u0131\u011f\u0131nda yapt\u0131klar\u0131 ikili g\u00f6r\u00fc\u015fmenin ard\u0131ndan a\u00e7\u0131klama yapt\u0131. Bakan Blinken, Fidan\u2019a dostlu\u011fu ve ortakl\u0131\u011f\u0131 i\u00e7in te\u015fekk\u00fcr ederek, \u201cHep beraber \u00e7ok g\u00fczel bir \u00e7al\u0131\u015fma yapt\u0131k \u015fimdiye kadar.\u201d [&hellip;]<\/p>\n","protected":false},"author":1,"featured_media":15512,"comment_status":"open","ping_status":"open","sticky":false,"template":"","format":"standard","meta":{"jnews-multi-image_gallery":[],"jnews_single_post":[],"jnews_primary_category":[],"jnews_social_meta":[],"jnews_override_counter":[],"footnotes":""},"categories":[5],"tags":[],"class_list":["post-15511","post","type-post","status-publish","format-standard","has-post-thumbnail","hentry","category-turkiye"],"yoast_head":"<!-- This site is optimized with the Yoast SEO plugin v27.4 - https:\/\/yoast.com\/product\/yoast-seo-wordpress\/ -->\n<title>Blinken: \u201cSuriye halk\u0131n\u0131n Be\u015f\u015far Esed\u2019in prangalar\u0131ndan kurtulmas\u0131na odaklanm\u0131\u015f durumday\u0131z\u201d - Kuzeyin Sesi<\/title>\n<meta name=\"robots\" content=\"index, follow, max-snippet:-1, max-image-preview:large, max-video-preview:-1\" \/>\n<link rel=\"canonical\" href=\"https:\/\/kuzeyinsesi.org\/index.php\/2024\/12\/13\/blinken-suriye-halkinin-bessar-esedin-prangalarindan-kurtulmasina-odaklanmis-durumdayiz\/\" \/>\n<meta property=\"og:locale\" content=\"tr_TR\" \/>\n<meta property=\"og:type\" content=\"article\" \/>\n<meta property=\"og:title\" content=\"Blinken: \u201cSuriye halk\u0131n\u0131n Be\u015f\u015far Esed\u2019in prangalar\u0131ndan kurtulmas\u0131na odaklanm\u0131\u015f durumday\u0131z\u201d - Kuzeyin Sesi\" \/>\n<meta property=\"og:description\" content=\"ABD D\u0131\u015fi\u015fleri Bakan\u0131 Antony Blinken, \u201cBizim ve Suriye halk\u0131n\u0131n \u00f6n\u00fcndeki f\u0131rsata odaklanm\u0131\u015f durumday\u0131z. Suriye halk\u0131n\u0131n Be\u015f\u015far Esed\u2019in prangalar\u0131ndan kurtulmas\u0131na odaklanm\u0131\u015f durumday\u0131z.\u201d dedi. Blinken, T\u00fcrkiye D\u0131\u015fi\u015fleri Bakan\u0131 Hakan Fidan ile D\u0131\u015fi\u015fleri Bakanl\u0131\u011f\u0131nda yapt\u0131klar\u0131 ikili g\u00f6r\u00fc\u015fmenin ard\u0131ndan a\u00e7\u0131klama yapt\u0131. Bakan Blinken, Fidan\u2019a dostlu\u011fu ve ortakl\u0131\u011f\u0131 i\u00e7in te\u015fekk\u00fcr ederek, \u201cHep beraber \u00e7ok g\u00fczel bir \u00e7al\u0131\u015fma yapt\u0131k \u015fimdiye kadar.\u201d [&hellip;]\" \/>\n<meta property=\"og:url\" content=\"https:\/\/kuzeyinsesi.org\/index.php\/2024\/12\/13\/blinken-suriye-halkinin-bessar-esedin-prangalarindan-kurtulmasina-odaklanmis-durumdayiz\/\" \/>\n<meta property=\"og:site_name\" content=\"Kuzeyin Sesi\" \/>\n<meta property=\"article:publisher\" content=\"https:\/\/www.facebook.com\/kuzeyinsesii\" \/>\n<meta property=\"article:published_time\" content=\"2024-12-13T12:50:20+00:00\" \/>\n<meta property=\"og:image\" content=\"https:\/\/brtk.net\/wp-content\/uploads\/2024\/12\/13\/1734084581133AA-20241213-36470937-36470933-DISISLERI_BAKANI_FIDAN_ABDLI_MEVKIDASI_BLINKEN_ILE_BIR_ARAYA_GELDI-scaled.jpg?ver=f7aaa85f9d94f0756330201896ab1d1e\" \/>\n<meta name=\"author\" content=\"Kuzeyin Sesi\" \/>\n<meta name=\"twitter:card\" content=\"summary_large_image\" \/>\n<meta name=\"twitter:creator\" content=\"@kuzeyinsesii\" \/>\n<meta name=\"twitter:site\" content=\"@kuzeyinsesii\" \/>\n<meta name=\"twitter:label1\" content=\"Yazan:\" \/>\n\t<meta name=\"twitter:data1\" content=\"Kuzeyin Sesi\" \/>\n\t<meta name=\"twitter:label2\" content=\"Tahmini okuma s\u00fcresi\" \/>\n\t<meta name=\"twitter:data2\" content=\"3 dakika\" \/>\n<script type=\"application\/ld+json\" class=\"yoast-schema-graph\">{\"@context\":\"https:\\\/\\\/schema.org\",\"@graph\":[{\"@type\":\"Article\",\"@id\":\"https:\\\/\\\/kuzeyinsesi.org\\\/index.php\\\/2024\\\/12\\\/13\\\/blinken-suriye-halkinin-bessar-esedin-prangalarindan-kurtulmasina-odaklanmis-durumdayiz\\\/#article\",\"isPartOf\":{\"@id\":\"https:\\\/\\\/kuzeyinsesi.org\\\/index.php\\\/2024\\\/12\\\/13\\\/blinken-suriye-halkinin-bessar-esedin-prangalarindan-kurtulmasina-odaklanmis-durumdayiz\\\/\"},\"author\":{\"name\":\"Kuzeyin Sesi\",\"@id\":\"https:\\\/\\\/kuzeyinsesi.org\\\/#\\\/schema\\\/person\\\/9f859689cdf01485597712386e37f5aa\"},\"headline\":\"Blinken: \u201cSuriye halk\u0131n\u0131n Be\u015f\u015far Esed\u2019in prangalar\u0131ndan kurtulmas\u0131na odaklanm\u0131\u015f durumday\u0131z\u201d\",\"datePublished\":\"2024-12-13T12:50:20+00:00\",\"mainEntityOfPage\":{\"@id\":\"https:\\\/\\\/kuzeyinsesi.org\\\/index.php\\\/2024\\\/12\\\/13\\\/blinken-suriye-halkinin-bessar-esedin-prangalarindan-kurtulmasina-odaklanmis-durumdayiz\\\/\"},\"wordCount\":587,\"commentCount\":0,\"image\":{\"@id\":\"https:\\\/\\\/kuzeyinsesi.org\\\/index.php\\\/2024\\\/12\\\/13\\\/blinken-suriye-halkinin-bessar-esedin-prangalarindan-kurtulmasina-odaklanmis-durumdayiz\\\/#primaryimage\"},\"thumbnailUrl\":\"https:\\\/\\\/kuzeyinsesi.org\\\/wp-content\\\/uploads\\\/2024\\\/12\\\/1734084581133AA-20241213-36470937-36470933-DISISLERI_BAKANI_FIDAN_ABDLI_MEVKIDASI_BLINKEN_ILE_BIR_AR.jpeg\",\"articleSection\":[\"T\u00fcrkiye\"],\"inLanguage\":\"tr\",\"potentialAction\":[{\"@type\":\"CommentAction\",\"name\":\"Comment\",\"target\":[\"https:\\\/\\\/kuzeyinsesi.org\\\/index.php\\\/2024\\\/12\\\/13\\\/blinken-suriye-halkinin-bessar-esedin-prangalarindan-kurtulmasina-odaklanmis-durumdayiz\\\/#respond\"]}]},{\"@type\":\"WebPage\",\"@id\":\"https:\\\/\\\/kuzeyinsesi.org\\\/index.php\\\/2024\\\/12\\\/13\\\/blinken-suriye-halkinin-bessar-esedin-prangalarindan-kurtulmasina-odaklanmis-durumdayiz\\\/\",\"url\":\"https:\\\/\\\/kuzeyinsesi.org\\\/index.php\\\/2024\\\/12\\\/13\\\/blinken-suriye-halkinin-bessar-esedin-prangalarindan-kurtulmasina-odaklanmis-durumdayiz\\\/\",\"name\":\"Blinken: \u201cSuriye halk\u0131n\u0131n Be\u015f\u015far Esed\u2019in prangalar\u0131ndan kurtulmas\u0131na odaklanm\u0131\u015f durumday\u0131z\u201d - Kuzeyin Sesi\",\"isPartOf\":{\"@id\":\"https:\\\/\\\/kuzeyinsesi.org\\\/#website\"},\"primaryImageOfPage\":{\"@id\":\"https:\\\/\\\/kuzeyinsesi.org\\\/index.php\\\/2024\\\/12\\\/13\\\/blinken-suriye-halkinin-bessar-esedin-prangalarindan-kurtulmasina-odaklanmis-durumdayiz\\\/#primaryimage\"},\"image\":{\"@id\":\"https:\\\/\\\/kuzeyinsesi.org\\\/index.php\\\/2024\\\/12\\\/13\\\/blinken-suriye-halkinin-bessar-esedin-prangalarindan-kurtulmasina-odaklanmis-durumdayiz\\\/#primaryimage\"},\"thumbnailUrl\":\"https:\\\/\\\/kuzeyinsesi.org\\\/wp-content\\\/uploads\\\/2024\\\/12\\\/1734084581133AA-20241213-36470937-36470933-DISISLERI_BAKANI_FIDAN_ABDLI_MEVKIDASI_BLINKEN_ILE_BIR_AR.jpeg\",\"datePublished\":\"2024-12-13T12:50:20+00:00\",\"author\":{\"@id\":\"https:\\\/\\\/kuzeyinsesi.org\\\/#\\\/schema\\\/person\\\/9f859689cdf01485597712386e37f5aa\"},\"breadcrumb\":{\"@id\":\"https:\\\/\\\/kuzeyinsesi.org\\\/index.php\\\/2024\\\/12\\\/13\\\/blinken-suriye-halkinin-bessar-esedin-prangalarindan-kurtulmasina-odaklanmis-durumdayiz\\\/#breadcrumb\"},\"inLanguage\":\"tr\",\"potentialAction\":[{\"@type\":\"ReadAction\",\"target\":[\"https:\\\/\\\/kuzeyinsesi.org\\\/index.php\\\/2024\\\/12\\\/13\\\/blinken-suriye-halkinin-bessar-esedin-prangalarindan-kurtulmasina-odaklanmis-durumdayiz\\\/\"]}]},{\"@type\":\"ImageObject\",\"inLanguage\":\"tr\",\"@id\":\"https:\\\/\\\/kuzeyinsesi.org\\\/index.php\\\/2024\\\/12\\\/13\\\/blinken-suriye-halkinin-bessar-esedin-prangalarindan-kurtulmasina-odaklanmis-durumdayiz\\\/#primaryimage\",\"url\":\"https:\\\/\\\/kuzeyinsesi.org\\\/wp-content\\\/uploads\\\/2024\\\/12\\\/1734084581133AA-20241213-36470937-36470933-DISISLERI_BAKANI_FIDAN_ABDLI_MEVKIDASI_BLINKEN_ILE_BIR_AR.jpeg\",\"contentUrl\":\"https:\\\/\\\/kuzeyinsesi.org\\\/wp-content\\\/uploads\\\/2024\\\/12\\\/1734084581133AA-20241213-36470937-36470933-DISISLERI_BAKANI_FIDAN_ABDLI_MEVKIDASI_BLINKEN_ILE_BIR_AR.jpeg\",\"width\":2560,\"height\":1708},{\"@type\":\"BreadcrumbList\",\"@id\":\"https:\\\/\\\/kuzeyinsesi.org\\\/index.php\\\/2024\\\/12\\\/13\\\/blinken-suriye-halkinin-bessar-esedin-prangalarindan-kurtulmasina-odaklanmis-durumdayiz\\\/#breadcrumb\",\"itemListElement\":[{\"@type\":\"ListItem\",\"position\":1,\"name\":\"Anasayfa\",\"item\":\"https:\\\/\\\/kuzeyinsesi.org\\\/\"},{\"@type\":\"ListItem\",\"position\":2,\"name\":\"Blinken: \u201cSuriye halk\u0131n\u0131n Be\u015f\u015far Esed\u2019in prangalar\u0131ndan kurtulmas\u0131na odaklanm\u0131\u015f durumday\u0131z\u201d\"}]},{\"@type\":\"WebSite\",\"@id\":\"https:\\\/\\\/kuzeyinsesi.org\\\/#website\",\"url\":\"https:\\\/\\\/kuzeyinsesi.org\\\/\",\"name\":\"Kuzeyin Sesi\",\"description\":\"Do\u011fru Haberin Adresi\",\"potentialAction\":[{\"@type\":\"SearchAction\",\"target\":{\"@type\":\"EntryPoint\",\"urlTemplate\":\"https:\\\/\\\/kuzeyinsesi.org\\\/?s={search_term_string}\"},\"query-input\":{\"@type\":\"PropertyValueSpecification\",\"valueRequired\":true,\"valueName\":\"search_term_string\"}}],\"inLanguage\":\"tr\"},{\"@type\":\"Person\",\"@id\":\"https:\\\/\\\/kuzeyinsesi.org\\\/#\\\/schema\\\/person\\\/9f859689cdf01485597712386e37f5aa\",\"name\":\"Kuzeyin Sesi\",\"image\":{\"@type\":\"ImageObject\",\"inLanguage\":\"tr\",\"@id\":\"https:\\\/\\\/secure.gravatar.com\\\/avatar\\\/bab33852abfd8b282518d6ed81826833d77c3c882d9ab608add591ccace47a44?s=96&d=mm&r=g\",\"url\":\"https:\\\/\\\/secure.gravatar.com\\\/avatar\\\/bab33852abfd8b282518d6ed81826833d77c3c882d9ab608add591ccace47a44?s=96&d=mm&r=g\",\"contentUrl\":\"https:\\\/\\\/secure.gravatar.com\\\/avatar\\\/bab33852abfd8b282518d6ed81826833d77c3c882d9ab608add591ccace47a44?s=96&d=mm&r=g\",\"caption\":\"Kuzeyin Sesi\"},\"sameAs\":[\"https:\\\/\\\/kuzeyinsesi.org\"],\"url\":\"https:\\\/\\\/kuzeyinsesi.org\\\/index.php\\\/author\\\/guven\\\/\"}]}<\/script>\n<!-- \/ Yoast SEO plugin. -->","yoast_head_json":{"title":"Blinken: \u201cSuriye halk\u0131n\u0131n Be\u015f\u015far Esed\u2019in prangalar\u0131ndan kurtulmas\u0131na odaklanm\u0131\u015f durumday\u0131z\u201d - Kuzeyin Sesi","robots":{"index":"index","follow":"follow","max-snippet":"max-snippet:-1","max-image-preview":"max-image-preview:large","max-video-preview":"max-video-preview:-1"},"canonical":"https:\/\/kuzeyinsesi.org\/index.php\/2024\/12\/13\/blinken-suriye-halkinin-bessar-esedin-prangalarindan-kurtulmasina-odaklanmis-durumdayiz\/","og_locale":"tr_TR","og_type":"article","og_title":"Blinken: \u201cSuriye halk\u0131n\u0131n Be\u015f\u015far Esed\u2019in prangalar\u0131ndan kurtulmas\u0131na odaklanm\u0131\u015f durumday\u0131z\u201d - Kuzeyin Sesi","og_description":"ABD D\u0131\u015fi\u015fleri Bakan\u0131 Antony Blinken, \u201cBizim ve Suriye halk\u0131n\u0131n \u00f6n\u00fcndeki f\u0131rsata odaklanm\u0131\u015f durumday\u0131z. Suriye halk\u0131n\u0131n Be\u015f\u015far Esed\u2019in prangalar\u0131ndan kurtulmas\u0131na odaklanm\u0131\u015f durumday\u0131z.\u201d dedi. Blinken, T\u00fcrkiye D\u0131\u015fi\u015fleri Bakan\u0131 Hakan Fidan ile D\u0131\u015fi\u015fleri Bakanl\u0131\u011f\u0131nda yapt\u0131klar\u0131 ikili g\u00f6r\u00fc\u015fmenin ard\u0131ndan a\u00e7\u0131klama yapt\u0131. Bakan Blinken, Fidan\u2019a dostlu\u011fu ve ortakl\u0131\u011f\u0131 i\u00e7in te\u015fekk\u00fcr ederek, \u201cHep beraber \u00e7ok g\u00fczel bir \u00e7al\u0131\u015fma yapt\u0131k \u015fimdiye kadar.\u201d [&hellip;]","og_url":"https:\/\/kuzeyinsesi.org\/index.php\/2024\/12\/13\/blinken-suriye-halkinin-bessar-esedin-prangalarindan-kurtulmasina-odaklanmis-durumdayiz\/","og_site_name":"Kuzeyin Sesi","article_publisher":"https:\/\/www.facebook.com\/kuzeyinsesii","article_published_time":"2024-12-13T12:50:20+00:00","og_image":[{"url":"https:\/\/brtk.net\/wp-content\/uploads\/2024\/12\/13\/1734084581133AA-20241213-36470937-36470933-DISISLERI_BAKANI_FIDAN_ABDLI_MEVKIDASI_BLINKEN_ILE_BIR_ARAYA_GELDI-scaled.jpg?ver=f7aaa85f9d94f0756330201896ab1d1e","type":"","width":"","height":""}],"author":"Kuzeyin Sesi","twitter_card":"summary_large_image","twitter_creator":"@kuzeyinsesii","twitter_site":"@kuzeyinsesii","twitter_misc":{"Yazan:":"Kuzeyin Sesi","Tahmini okuma s\u00fcresi":"3 dakika"},"schema":{"@context":"https:\/\/schema.org","@graph":[{"@type":"Article","@id":"https:\/\/kuzeyinsesi.org\/index.php\/2024\/12\/13\/blinken-suriye-halkinin-bessar-esedin-prangalarindan-kurtulmasina-odaklanmis-durumdayiz\/#article","isPartOf":{"@id":"https:\/\/kuzeyinsesi.org\/index.php\/2024\/12\/13\/blinken-suriye-halkinin-bessar-esedin-prangalarindan-kurtulmasina-odaklanmis-durumdayiz\/"},"author":{"name":"Kuzeyin Sesi","@id":"https:\/\/kuzeyinsesi.org\/#\/schema\/person\/9f859689cdf01485597712386e37f5aa"},"headline":"Blinken: \u201cSuriye halk\u0131n\u0131n Be\u015f\u015far Esed\u2019in prangalar\u0131ndan kurtulmas\u0131na odaklanm\u0131\u015f durumday\u0131z\u201d","datePublished":"2024-12-13T12:50:20+00:00","mainEntityOfPage":{"@id":"https:\/\/kuzeyinsesi.org\/index.php\/2024\/12\/13\/blinken-suriye-halkinin-bessar-esedin-prangalarindan-kurtulmasina-odaklanmis-durumdayiz\/"},"wordCount":587,"commentCount":0,"image":{"@id":"https:\/\/kuzeyinsesi.org\/index.php\/2024\/12\/13\/blinken-suriye-halkinin-bessar-esedin-prangalarindan-kurtulmasina-odaklanmis-durumdayiz\/#primaryimage"},"thumbnailUrl":"https:\/\/kuzeyinsesi.org\/wp-content\/uploads\/2024\/12\/1734084581133AA-20241213-36470937-36470933-DISISLERI_BAKANI_FIDAN_ABDLI_MEVKIDASI_BLINKEN_ILE_BIR_AR.jpeg","articleSection":["T\u00fcrkiye"],"inLanguage":"tr","potentialAction":[{"@type":"CommentAction","name":"Comment","target":["https:\/\/kuzeyinsesi.org\/index.php\/2024\/12\/13\/blinken-suriye-halkinin-bessar-esedin-prangalarindan-kurtulmasina-odaklanmis-durumdayiz\/#respond"]}]},{"@type":"WebPage","@id":"https:\/\/kuzeyinsesi.org\/index.php\/2024\/12\/13\/blinken-suriye-halkinin-bessar-esedin-prangalarindan-kurtulmasina-odaklanmis-durumdayiz\/","url":"https:\/\/kuzeyinsesi.org\/index.php\/2024\/12\/13\/blinken-suriye-halkinin-bessar-esedin-prangalarindan-kurtulmasina-odaklanmis-durumdayiz\/","name":"Blinken: \u201cSuriye halk\u0131n\u0131n Be\u015f\u015far Esed\u2019in prangalar\u0131ndan kurtulmas\u0131na odaklanm\u0131\u015f durumday\u0131z\u201d - Kuzeyin Sesi","isPartOf":{"@id":"https:\/\/kuzeyinsesi.org\/#website"},"primaryImageOfPage":{"@id":"https:\/\/kuzeyinsesi.org\/index.php\/2024\/12\/13\/blinken-suriye-halkinin-bessar-esedin-prangalarindan-kurtulmasina-odaklanmis-durumdayiz\/#primaryimage"},"image":{"@id":"https:\/\/kuzeyinsesi.org\/index.php\/2024\/12\/13\/blinken-suriye-halkinin-bessar-esedin-prangalarindan-kurtulmasina-odaklanmis-durumdayiz\/#primaryimage"},"thumbnailUrl":"https:\/\/kuzeyinsesi.org\/wp-content\/uploads\/2024\/12\/1734084581133AA-20241213-36470937-36470933-DISISLERI_BAKANI_FIDAN_ABDLI_MEVKIDASI_BLINKEN_ILE_BIR_AR.jpeg","datePublished":"2024-12-13T12:50:20+00:00","author":{"@id":"https:\/\/kuzeyinsesi.org\/#\/schema\/person\/9f859689cdf01485597712386e37f5aa"},"breadcrumb":{"@id":"https:\/\/kuzeyinsesi.org\/index.php\/2024\/12\/13\/blinken-suriye-halkinin-bessar-esedin-prangalarindan-kurtulmasina-odaklanmis-durumdayiz\/#breadcrumb"},"inLanguage":"tr","potentialAction":[{"@type":"ReadAction","target":["https:\/\/kuzeyinsesi.org\/index.php\/2024\/12\/13\/blinken-suriye-halkinin-bessar-esedin-prangalarindan-kurtulmasina-odaklanmis-durumdayiz\/"]}]},{"@type":"ImageObject","inLanguage":"tr","@id":"https:\/\/kuzeyinsesi.org\/index.php\/2024\/12\/13\/blinken-suriye-halkinin-bessar-esedin-prangalarindan-kurtulmasina-odaklanmis-durumdayiz\/#primaryimage","url":"https:\/\/kuzeyinsesi.org\/wp-content\/uploads\/2024\/12\/1734084581133AA-20241213-36470937-36470933-DISISLERI_BAKANI_FIDAN_ABDLI_MEVKIDASI_BLINKEN_ILE_BIR_AR.jpeg","contentUrl":"https:\/\/kuzeyinsesi.org\/wp-content\/uploads\/2024\/12\/1734084581133AA-20241213-36470937-36470933-DISISLERI_BAKANI_FIDAN_ABDLI_MEVKIDASI_BLINKEN_ILE_BIR_AR.jpeg","width":2560,"height":1708},{"@type":"BreadcrumbList","@id":"https:\/\/kuzeyinsesi.org\/index.php\/2024\/12\/13\/blinken-suriye-halkinin-bessar-esedin-prangalarindan-kurtulmasina-odaklanmis-durumdayiz\/#breadcrumb","itemListElement":[{"@type":"ListItem","position":1,"name":"Anasayfa","item":"https:\/\/kuzeyinsesi.org\/"},{"@type":"ListItem","position":2,"name":"Blinken: \u201cSuriye halk\u0131n\u0131n Be\u015f\u015far Esed\u2019in prangalar\u0131ndan kurtulmas\u0131na odaklanm\u0131\u015f durumday\u0131z\u201d"}]},{"@type":"WebSite","@id":"https:\/\/kuzeyinsesi.org\/#website","url":"https:\/\/kuzeyinsesi.org\/","name":"Kuzeyin Sesi","description":"Do\u011fru Haberin Adresi","potentialAction":[{"@type":"SearchAction","target":{"@type":"EntryPoint","urlTemplate":"https:\/\/kuzeyinsesi.org\/?s={search_term_string}"},"query-input":{"@type":"PropertyValueSpecification","valueRequired":true,"valueName":"search_term_string"}}],"inLanguage":"tr"},{"@type":"Person","@id":"https:\/\/kuzeyinsesi.org\/#\/schema\/person\/9f859689cdf01485597712386e37f5aa","name":"Kuzeyin Sesi","image":{"@type":"ImageObject","inLanguage":"tr","@id":"https:\/\/secure.gravatar.com\/avatar\/bab33852abfd8b282518d6ed81826833d77c3c882d9ab608add591ccace47a44?s=96&d=mm&r=g","url":"https:\/\/secure.gravatar.com\/avatar\/bab33852abfd8b282518d6ed81826833d77c3c882d9ab608add591ccace47a44?s=96&d=mm&r=g","contentUrl":"https:\/\/secure.gravatar.com\/avatar\/bab33852abfd8b282518d6ed81826833d77c3c882d9ab608add591ccace47a44?s=96&d=mm&r=g","caption":"Kuzeyin Sesi"},"sameAs":["https:\/\/kuzeyinsesi.org"],"url":"https:\/\/kuzeyinsesi.org\/index.php\/author\/guven\/"}]}},"_links":{"self":[{"href":"https:\/\/kuzeyinsesi.org\/index.php\/wp-json\/wp\/v2\/posts\/15511","targetHints":{"allow":["GET"]}}],"collection":[{"href":"https:\/\/kuzeyinsesi.org\/index.php\/wp-json\/wp\/v2\/posts"}],"about":[{"href":"https:\/\/kuzeyinsesi.org\/index.php\/wp-json\/wp\/v2\/types\/post"}],"author":[{"embeddable":true,"href":"https:\/\/kuzeyinsesi.org\/index.php\/wp-json\/wp\/v2\/users\/1"}],"replies":[{"embeddable":true,"href":"https:\/\/kuzeyinsesi.org\/index.php\/wp-json\/wp\/v2\/comments?post=15511"}],"version-history":[{"count":0,"href":"https:\/\/kuzeyinsesi.org\/index.php\/wp-json\/wp\/v2\/posts\/15511\/revisions"}],"wp:featuredmedia":[{"embeddable":true,"href":"https:\/\/kuzeyinsesi.org\/index.php\/wp-json\/wp\/v2\/media\/15512"}],"wp:attachment":[{"href":"https:\/\/kuzeyinsesi.org\/index.php\/wp-json\/wp\/v2\/media?parent=15511"}],"wp:term":[{"taxonomy":"category","embeddable":true,"href":"https:\/\/kuzeyinsesi.org\/index.php\/wp-json\/wp\/v2\/categories?post=15511"},{"taxonomy":"post_tag","embeddable":true,"href":"https:\/\/kuzeyinsesi.org\/index.php\/wp-json\/wp\/v2\/tags?post=15511"}],"curies":[{"name":"wp","href":"https:\/\/api.w.org\/{rel}","templated":true}]}}