{"id":15410,"date":"2024-12-11T18:12:30","date_gmt":"2024-12-11T16:12:30","guid":{"rendered":"https:\/\/kuzeyinsesi.org\/index.php\/2024\/12\/11\/okculuk-sampiyonlari-lefkosada-bulusuyor\/"},"modified":"2024-12-11T18:12:30","modified_gmt":"2024-12-11T16:12:30","slug":"okculuk-sampiyonlari-lefkosada-bulusuyor","status":"publish","type":"post","link":"https:\/\/kuzeyinsesi.org\/index.php\/2024\/12\/11\/okculuk-sampiyonlari-lefkosada-bulusuyor\/","title":{"rendered":"Ok\u00e7uluk \u015fampiyonlar\u0131 Lefko\u015fa\u2019da bulu\u015fuyor"},"content":{"rendered":"<div>\n<div class=\"mariselle-image-container none\">\n                                            <\/div>\n<p>T\u00fcrkiye Ok\u00e7uluk Milli Tak\u0131m\u0131 sporcular\u0131 Mete Gazoz, Muhammed Abdullah Y\u0131ld\u0131rm\u0131\u015f ve Ula\u015f Berkim T\u00fcmer, KKTC\u2019ye geliyor.<\/p>\n<p>KKTC Ok\u00e7uluk Federasyonu ve T\u00fcrkiye Ok\u00e7uluk Federasyonu i\u015fbirli\u011fi ile, Yak\u0131n Do\u011fu \u00dcniversitesi Spor Bilimleri Fak\u00fcltesi Antren\u00f6rl\u00fck E\u011fitimi B\u00f6l\u00fcm\u00fc ev sahipli\u011finde d\u00fczenlenen \u201cBir Asr\u0131n \u015eampiyonlar\u0131\u201d adl\u0131 s\u00f6yle\u015fi 18 Aral\u0131k 2024\u2019te Yak\u0131n Do\u011fu \u00dcniversitesi K\u00fct\u00fcphane Salon 4\u2019te d\u00fczenleniyor.<\/p>\n<p>T\u00fcrkiye Ok\u00e7uluk Federasyonu Ba\u015fkan\u0131 Abdullah Topalo\u011flu, T\u00fcrkiye Ok\u00e7uluk Milli Tak\u0131m\u0131 Antren\u00f6r\u00fc G\u00f6ktu\u011f Ergin, T\u00fcrkiye Ok\u00e7uluk Milli Tak\u0131m\u0131 sporcular\u0131 Mete Gazoz, Muhammed Abdullah Y\u0131ld\u0131rm\u0131\u015f ve Ula\u015f Berkim T\u00fcmer\u2019in konu\u015fmac\u0131 olarak kat\u0131laca\u011f\u0131 etkinlik, saat 15:00\u2019te ba\u015flayacak ve halka a\u00e7\u0131k olacak.<\/p>\n<p>T\u00fcrkiye Ok\u00e7uluk Federasyonu\u2019nun KKTC\u2019ye yapaca\u011f\u0131 ziyarette, iki \u00fclke Ok\u00e7uluk Federasyonlar\u0131 aras\u0131nda i\u015fbirli\u011finin geli\u015ftirilmesi konular\u0131 da ele al\u0131nacak.<\/p>\n<\/p><\/div>\n<p><script async\n                    defer\n                    crossorigin=\"anonymous\"\n                    src=\"https:\/\/connect.facebook.net\/tr_TR\/sdk.js#xfbml=1&#038;version=v3.3\"\n            ><\/script><\/p>\n","protected":false},"excerpt":{"rendered":"<p>T\u00fcrkiye Ok\u00e7uluk Milli Tak\u0131m\u0131 sporcular\u0131 Mete Gazoz, Muhammed Abdullah Y\u0131ld\u0131rm\u0131\u015f ve Ula\u015f Berkim T\u00fcmer, KKTC\u2019ye geliyor. KKTC Ok\u00e7uluk Federasyonu ve T\u00fcrkiye Ok\u00e7uluk Federasyonu i\u015fbirli\u011fi ile, Yak\u0131n Do\u011fu \u00dcniversitesi Spor Bilimleri Fak\u00fcltesi Antren\u00f6rl\u00fck E\u011fitimi B\u00f6l\u00fcm\u00fc ev sahipli\u011finde d\u00fczenlenen \u201cBir Asr\u0131n \u015eampiyonlar\u0131\u201d adl\u0131 s\u00f6yle\u015fi 18 Aral\u0131k 2024\u2019te Yak\u0131n Do\u011fu \u00dcniversitesi K\u00fct\u00fcphane Salon 4\u2019te d\u00fczenleniyor. T\u00fcrkiye Ok\u00e7uluk Federasyonu [&hellip;]<\/p>\n","protected":false},"author":1,"featured_media":15411,"comment_status":"open","ping_status":"open","sticky":false,"template":"","format":"standard","meta":{"jnews-multi-image_gallery":[],"jnews_single_post":[],"jnews_primary_category":[],"jnews_social_meta":[],"jnews_override_counter":[],"footnotes":""},"categories":[5],"tags":[],"class_list":["post-15410","post","type-post","status-publish","format-standard","has-post-thumbnail","hentry","category-turkiye"],"yoast_head":"<!-- This site is optimized with the Yoast SEO plugin v27.4 - https:\/\/yoast.com\/product\/yoast-seo-wordpress\/ -->\n<title>Ok\u00e7uluk \u015fampiyonlar\u0131 Lefko\u015fa\u2019da bulu\u015fuyor - Kuzeyin Sesi<\/title>\n<meta name=\"robots\" content=\"index, follow, max-snippet:-1, max-image-preview:large, max-video-preview:-1\" \/>\n<link rel=\"canonical\" href=\"https:\/\/kuzeyinsesi.org\/index.php\/2024\/12\/11\/okculuk-sampiyonlari-lefkosada-bulusuyor\/\" \/>\n<meta property=\"og:locale\" content=\"tr_TR\" \/>\n<meta property=\"og:type\" content=\"article\" \/>\n<meta property=\"og:title\" content=\"Ok\u00e7uluk \u015fampiyonlar\u0131 Lefko\u015fa\u2019da bulu\u015fuyor - Kuzeyin Sesi\" \/>\n<meta property=\"og:description\" content=\"T\u00fcrkiye Ok\u00e7uluk Milli Tak\u0131m\u0131 sporcular\u0131 Mete Gazoz, Muhammed Abdullah Y\u0131ld\u0131rm\u0131\u015f ve Ula\u015f Berkim T\u00fcmer, KKTC\u2019ye geliyor. KKTC Ok\u00e7uluk Federasyonu ve T\u00fcrkiye Ok\u00e7uluk Federasyonu i\u015fbirli\u011fi ile, Yak\u0131n Do\u011fu \u00dcniversitesi Spor Bilimleri Fak\u00fcltesi Antren\u00f6rl\u00fck E\u011fitimi B\u00f6l\u00fcm\u00fc ev sahipli\u011finde d\u00fczenlenen \u201cBir Asr\u0131n \u015eampiyonlar\u0131\u201d adl\u0131 s\u00f6yle\u015fi 18 Aral\u0131k 2024\u2019te Yak\u0131n Do\u011fu \u00dcniversitesi K\u00fct\u00fcphane Salon 4\u2019te d\u00fczenleniyor. T\u00fcrkiye Ok\u00e7uluk Federasyonu [&hellip;]\" \/>\n<meta property=\"og:url\" content=\"https:\/\/kuzeyinsesi.org\/index.php\/2024\/12\/11\/okculuk-sampiyonlari-lefkosada-bulusuyor\/\" \/>\n<meta property=\"og:site_name\" content=\"Kuzeyin Sesi\" \/>\n<meta property=\"article:publisher\" content=\"https:\/\/www.facebook.com\/kuzeyinsesii\" \/>\n<meta property=\"article:published_time\" content=\"2024-12-11T16:12:30+00:00\" \/>\n<meta property=\"og:image\" content=\"https:\/\/brtk.net\/wp-content\/uploads\/2024\/12\/11\/1733932115957okculuk-5.jpg?ver=c3aa417c9883943db379e552b94e1f9e\" \/>\n<meta name=\"author\" content=\"Kuzeyin Sesi\" \/>\n<meta name=\"twitter:card\" content=\"summary_large_image\" \/>\n<meta name=\"twitter:creator\" content=\"@kuzeyinsesii\" \/>\n<meta name=\"twitter:site\" content=\"@kuzeyinsesii\" \/>\n<meta name=\"twitter:label1\" content=\"Yazan:\" \/>\n\t<meta name=\"twitter:data1\" content=\"Kuzeyin Sesi\" \/>\n\t<meta name=\"twitter:label2\" content=\"Tahmini okuma s\u00fcresi\" \/>\n\t<meta name=\"twitter:data2\" content=\"1 dakika\" \/>\n<script type=\"application\/ld+json\" class=\"yoast-schema-graph\">{\"@context\":\"https:\\\/\\\/schema.org\",\"@graph\":[{\"@type\":\"Article\",\"@id\":\"https:\\\/\\\/kuzeyinsesi.org\\\/index.php\\\/2024\\\/12\\\/11\\\/okculuk-sampiyonlari-lefkosada-bulusuyor\\\/#article\",\"isPartOf\":{\"@id\":\"https:\\\/\\\/kuzeyinsesi.org\\\/index.php\\\/2024\\\/12\\\/11\\\/okculuk-sampiyonlari-lefkosada-bulusuyor\\\/\"},\"author\":{\"name\":\"Kuzeyin Sesi\",\"@id\":\"https:\\\/\\\/kuzeyinsesi.org\\\/#\\\/schema\\\/person\\\/9f859689cdf01485597712386e37f5aa\"},\"headline\":\"Ok\u00e7uluk \u015fampiyonlar\u0131 Lefko\u015fa\u2019da bulu\u015fuyor\",\"datePublished\":\"2024-12-11T16:12:30+00:00\",\"mainEntityOfPage\":{\"@id\":\"https:\\\/\\\/kuzeyinsesi.org\\\/index.php\\\/2024\\\/12\\\/11\\\/okculuk-sampiyonlari-lefkosada-bulusuyor\\\/\"},\"wordCount\":175,\"commentCount\":0,\"image\":{\"@id\":\"https:\\\/\\\/kuzeyinsesi.org\\\/index.php\\\/2024\\\/12\\\/11\\\/okculuk-sampiyonlari-lefkosada-bulusuyor\\\/#primaryimage\"},\"thumbnailUrl\":\"https:\\\/\\\/kuzeyinsesi.org\\\/wp-content\\\/uploads\\\/2024\\\/12\\\/1733932115957okculuk-5.jpg\",\"articleSection\":[\"T\u00fcrkiye\"],\"inLanguage\":\"tr\",\"potentialAction\":[{\"@type\":\"CommentAction\",\"name\":\"Comment\",\"target\":[\"https:\\\/\\\/kuzeyinsesi.org\\\/index.php\\\/2024\\\/12\\\/11\\\/okculuk-sampiyonlari-lefkosada-bulusuyor\\\/#respond\"]}]},{\"@type\":\"WebPage\",\"@id\":\"https:\\\/\\\/kuzeyinsesi.org\\\/index.php\\\/2024\\\/12\\\/11\\\/okculuk-sampiyonlari-lefkosada-bulusuyor\\\/\",\"url\":\"https:\\\/\\\/kuzeyinsesi.org\\\/index.php\\\/2024\\\/12\\\/11\\\/okculuk-sampiyonlari-lefkosada-bulusuyor\\\/\",\"name\":\"Ok\u00e7uluk \u015fampiyonlar\u0131 Lefko\u015fa\u2019da bulu\u015fuyor - Kuzeyin Sesi\",\"isPartOf\":{\"@id\":\"https:\\\/\\\/kuzeyinsesi.org\\\/#website\"},\"primaryImageOfPage\":{\"@id\":\"https:\\\/\\\/kuzeyinsesi.org\\\/index.php\\\/2024\\\/12\\\/11\\\/okculuk-sampiyonlari-lefkosada-bulusuyor\\\/#primaryimage\"},\"image\":{\"@id\":\"https:\\\/\\\/kuzeyinsesi.org\\\/index.php\\\/2024\\\/12\\\/11\\\/okculuk-sampiyonlari-lefkosada-bulusuyor\\\/#primaryimage\"},\"thumbnailUrl\":\"https:\\\/\\\/kuzeyinsesi.org\\\/wp-content\\\/uploads\\\/2024\\\/12\\\/1733932115957okculuk-5.jpg\",\"datePublished\":\"2024-12-11T16:12:30+00:00\",\"author\":{\"@id\":\"https:\\\/\\\/kuzeyinsesi.org\\\/#\\\/schema\\\/person\\\/9f859689cdf01485597712386e37f5aa\"},\"breadcrumb\":{\"@id\":\"https:\\\/\\\/kuzeyinsesi.org\\\/index.php\\\/2024\\\/12\\\/11\\\/okculuk-sampiyonlari-lefkosada-bulusuyor\\\/#breadcrumb\"},\"inLanguage\":\"tr\",\"potentialAction\":[{\"@type\":\"ReadAction\",\"target\":[\"https:\\\/\\\/kuzeyinsesi.org\\\/index.php\\\/2024\\\/12\\\/11\\\/okculuk-sampiyonlari-lefkosada-bulusuyor\\\/\"]}]},{\"@type\":\"ImageObject\",\"inLanguage\":\"tr\",\"@id\":\"https:\\\/\\\/kuzeyinsesi.org\\\/index.php\\\/2024\\\/12\\\/11\\\/okculuk-sampiyonlari-lefkosada-bulusuyor\\\/#primaryimage\",\"url\":\"https:\\\/\\\/kuzeyinsesi.org\\\/wp-content\\\/uploads\\\/2024\\\/12\\\/1733932115957okculuk-5.jpg\",\"contentUrl\":\"https:\\\/\\\/kuzeyinsesi.org\\\/wp-content\\\/uploads\\\/2024\\\/12\\\/1733932115957okculuk-5.jpg\",\"width\":864,\"height\":486},{\"@type\":\"BreadcrumbList\",\"@id\":\"https:\\\/\\\/kuzeyinsesi.org\\\/index.php\\\/2024\\\/12\\\/11\\\/okculuk-sampiyonlari-lefkosada-bulusuyor\\\/#breadcrumb\",\"itemListElement\":[{\"@type\":\"ListItem\",\"position\":1,\"name\":\"Anasayfa\",\"item\":\"https:\\\/\\\/kuzeyinsesi.org\\\/\"},{\"@type\":\"ListItem\",\"position\":2,\"name\":\"Ok\u00e7uluk \u015fampiyonlar\u0131 Lefko\u015fa\u2019da bulu\u015fuyor\"}]},{\"@type\":\"WebSite\",\"@id\":\"https:\\\/\\\/kuzeyinsesi.org\\\/#website\",\"url\":\"https:\\\/\\\/kuzeyinsesi.org\\\/\",\"name\":\"Kuzeyin Sesi\",\"description\":\"Do\u011fru Haberin Adresi\",\"potentialAction\":[{\"@type\":\"SearchAction\",\"target\":{\"@type\":\"EntryPoint\",\"urlTemplate\":\"https:\\\/\\\/kuzeyinsesi.org\\\/?s={search_term_string}\"},\"query-input\":{\"@type\":\"PropertyValueSpecification\",\"valueRequired\":true,\"valueName\":\"search_term_string\"}}],\"inLanguage\":\"tr\"},{\"@type\":\"Person\",\"@id\":\"https:\\\/\\\/kuzeyinsesi.org\\\/#\\\/schema\\\/person\\\/9f859689cdf01485597712386e37f5aa\",\"name\":\"Kuzeyin Sesi\",\"image\":{\"@type\":\"ImageObject\",\"inLanguage\":\"tr\",\"@id\":\"https:\\\/\\\/secure.gravatar.com\\\/avatar\\\/bab33852abfd8b282518d6ed81826833d77c3c882d9ab608add591ccace47a44?s=96&d=mm&r=g\",\"url\":\"https:\\\/\\\/secure.gravatar.com\\\/avatar\\\/bab33852abfd8b282518d6ed81826833d77c3c882d9ab608add591ccace47a44?s=96&d=mm&r=g\",\"contentUrl\":\"https:\\\/\\\/secure.gravatar.com\\\/avatar\\\/bab33852abfd8b282518d6ed81826833d77c3c882d9ab608add591ccace47a44?s=96&d=mm&r=g\",\"caption\":\"Kuzeyin Sesi\"},\"sameAs\":[\"https:\\\/\\\/kuzeyinsesi.org\"],\"url\":\"https:\\\/\\\/kuzeyinsesi.org\\\/index.php\\\/author\\\/guven\\\/\"}]}<\/script>\n<!-- \/ Yoast SEO plugin. -->","yoast_head_json":{"title":"Ok\u00e7uluk \u015fampiyonlar\u0131 Lefko\u015fa\u2019da bulu\u015fuyor - Kuzeyin Sesi","robots":{"index":"index","follow":"follow","max-snippet":"max-snippet:-1","max-image-preview":"max-image-preview:large","max-video-preview":"max-video-preview:-1"},"canonical":"https:\/\/kuzeyinsesi.org\/index.php\/2024\/12\/11\/okculuk-sampiyonlari-lefkosada-bulusuyor\/","og_locale":"tr_TR","og_type":"article","og_title":"Ok\u00e7uluk \u015fampiyonlar\u0131 Lefko\u015fa\u2019da bulu\u015fuyor - Kuzeyin Sesi","og_description":"T\u00fcrkiye Ok\u00e7uluk Milli Tak\u0131m\u0131 sporcular\u0131 Mete Gazoz, Muhammed Abdullah Y\u0131ld\u0131rm\u0131\u015f ve Ula\u015f Berkim T\u00fcmer, KKTC\u2019ye geliyor. KKTC Ok\u00e7uluk Federasyonu ve T\u00fcrkiye Ok\u00e7uluk Federasyonu i\u015fbirli\u011fi ile, Yak\u0131n Do\u011fu \u00dcniversitesi Spor Bilimleri Fak\u00fcltesi Antren\u00f6rl\u00fck E\u011fitimi B\u00f6l\u00fcm\u00fc ev sahipli\u011finde d\u00fczenlenen \u201cBir Asr\u0131n \u015eampiyonlar\u0131\u201d adl\u0131 s\u00f6yle\u015fi 18 Aral\u0131k 2024\u2019te Yak\u0131n Do\u011fu \u00dcniversitesi K\u00fct\u00fcphane Salon 4\u2019te d\u00fczenleniyor. T\u00fcrkiye Ok\u00e7uluk Federasyonu [&hellip;]","og_url":"https:\/\/kuzeyinsesi.org\/index.php\/2024\/12\/11\/okculuk-sampiyonlari-lefkosada-bulusuyor\/","og_site_name":"Kuzeyin Sesi","article_publisher":"https:\/\/www.facebook.com\/kuzeyinsesii","article_published_time":"2024-12-11T16:12:30+00:00","og_image":[{"url":"https:\/\/brtk.net\/wp-content\/uploads\/2024\/12\/11\/1733932115957okculuk-5.jpg?ver=c3aa417c9883943db379e552b94e1f9e","type":"","width":"","height":""}],"author":"Kuzeyin Sesi","twitter_card":"summary_large_image","twitter_creator":"@kuzeyinsesii","twitter_site":"@kuzeyinsesii","twitter_misc":{"Yazan:":"Kuzeyin Sesi","Tahmini okuma s\u00fcresi":"1 dakika"},"schema":{"@context":"https:\/\/schema.org","@graph":[{"@type":"Article","@id":"https:\/\/kuzeyinsesi.org\/index.php\/2024\/12\/11\/okculuk-sampiyonlari-lefkosada-bulusuyor\/#article","isPartOf":{"@id":"https:\/\/kuzeyinsesi.org\/index.php\/2024\/12\/11\/okculuk-sampiyonlari-lefkosada-bulusuyor\/"},"author":{"name":"Kuzeyin Sesi","@id":"https:\/\/kuzeyinsesi.org\/#\/schema\/person\/9f859689cdf01485597712386e37f5aa"},"headline":"Ok\u00e7uluk \u015fampiyonlar\u0131 Lefko\u015fa\u2019da bulu\u015fuyor","datePublished":"2024-12-11T16:12:30+00:00","mainEntityOfPage":{"@id":"https:\/\/kuzeyinsesi.org\/index.php\/2024\/12\/11\/okculuk-sampiyonlari-lefkosada-bulusuyor\/"},"wordCount":175,"commentCount":0,"image":{"@id":"https:\/\/kuzeyinsesi.org\/index.php\/2024\/12\/11\/okculuk-sampiyonlari-lefkosada-bulusuyor\/#primaryimage"},"thumbnailUrl":"https:\/\/kuzeyinsesi.org\/wp-content\/uploads\/2024\/12\/1733932115957okculuk-5.jpg","articleSection":["T\u00fcrkiye"],"inLanguage":"tr","potentialAction":[{"@type":"CommentAction","name":"Comment","target":["https:\/\/kuzeyinsesi.org\/index.php\/2024\/12\/11\/okculuk-sampiyonlari-lefkosada-bulusuyor\/#respond"]}]},{"@type":"WebPage","@id":"https:\/\/kuzeyinsesi.org\/index.php\/2024\/12\/11\/okculuk-sampiyonlari-lefkosada-bulusuyor\/","url":"https:\/\/kuzeyinsesi.org\/index.php\/2024\/12\/11\/okculuk-sampiyonlari-lefkosada-bulusuyor\/","name":"Ok\u00e7uluk \u015fampiyonlar\u0131 Lefko\u015fa\u2019da bulu\u015fuyor - Kuzeyin Sesi","isPartOf":{"@id":"https:\/\/kuzeyinsesi.org\/#website"},"primaryImageOfPage":{"@id":"https:\/\/kuzeyinsesi.org\/index.php\/2024\/12\/11\/okculuk-sampiyonlari-lefkosada-bulusuyor\/#primaryimage"},"image":{"@id":"https:\/\/kuzeyinsesi.org\/index.php\/2024\/12\/11\/okculuk-sampiyonlari-lefkosada-bulusuyor\/#primaryimage"},"thumbnailUrl":"https:\/\/kuzeyinsesi.org\/wp-content\/uploads\/2024\/12\/1733932115957okculuk-5.jpg","datePublished":"2024-12-11T16:12:30+00:00","author":{"@id":"https:\/\/kuzeyinsesi.org\/#\/schema\/person\/9f859689cdf01485597712386e37f5aa"},"breadcrumb":{"@id":"https:\/\/kuzeyinsesi.org\/index.php\/2024\/12\/11\/okculuk-sampiyonlari-lefkosada-bulusuyor\/#breadcrumb"},"inLanguage":"tr","potentialAction":[{"@type":"ReadAction","target":["https:\/\/kuzeyinsesi.org\/index.php\/2024\/12\/11\/okculuk-sampiyonlari-lefkosada-bulusuyor\/"]}]},{"@type":"ImageObject","inLanguage":"tr","@id":"https:\/\/kuzeyinsesi.org\/index.php\/2024\/12\/11\/okculuk-sampiyonlari-lefkosada-bulusuyor\/#primaryimage","url":"https:\/\/kuzeyinsesi.org\/wp-content\/uploads\/2024\/12\/1733932115957okculuk-5.jpg","contentUrl":"https:\/\/kuzeyinsesi.org\/wp-content\/uploads\/2024\/12\/1733932115957okculuk-5.jpg","width":864,"height":486},{"@type":"BreadcrumbList","@id":"https:\/\/kuzeyinsesi.org\/index.php\/2024\/12\/11\/okculuk-sampiyonlari-lefkosada-bulusuyor\/#breadcrumb","itemListElement":[{"@type":"ListItem","position":1,"name":"Anasayfa","item":"https:\/\/kuzeyinsesi.org\/"},{"@type":"ListItem","position":2,"name":"Ok\u00e7uluk \u015fampiyonlar\u0131 Lefko\u015fa\u2019da bulu\u015fuyor"}]},{"@type":"WebSite","@id":"https:\/\/kuzeyinsesi.org\/#website","url":"https:\/\/kuzeyinsesi.org\/","name":"Kuzeyin Sesi","description":"Do\u011fru Haberin Adresi","potentialAction":[{"@type":"SearchAction","target":{"@type":"EntryPoint","urlTemplate":"https:\/\/kuzeyinsesi.org\/?s={search_term_string}"},"query-input":{"@type":"PropertyValueSpecification","valueRequired":true,"valueName":"search_term_string"}}],"inLanguage":"tr"},{"@type":"Person","@id":"https:\/\/kuzeyinsesi.org\/#\/schema\/person\/9f859689cdf01485597712386e37f5aa","name":"Kuzeyin Sesi","image":{"@type":"ImageObject","inLanguage":"tr","@id":"https:\/\/secure.gravatar.com\/avatar\/bab33852abfd8b282518d6ed81826833d77c3c882d9ab608add591ccace47a44?s=96&d=mm&r=g","url":"https:\/\/secure.gravatar.com\/avatar\/bab33852abfd8b282518d6ed81826833d77c3c882d9ab608add591ccace47a44?s=96&d=mm&r=g","contentUrl":"https:\/\/secure.gravatar.com\/avatar\/bab33852abfd8b282518d6ed81826833d77c3c882d9ab608add591ccace47a44?s=96&d=mm&r=g","caption":"Kuzeyin Sesi"},"sameAs":["https:\/\/kuzeyinsesi.org"],"url":"https:\/\/kuzeyinsesi.org\/index.php\/author\/guven\/"}]}},"_links":{"self":[{"href":"https:\/\/kuzeyinsesi.org\/index.php\/wp-json\/wp\/v2\/posts\/15410","targetHints":{"allow":["GET"]}}],"collection":[{"href":"https:\/\/kuzeyinsesi.org\/index.php\/wp-json\/wp\/v2\/posts"}],"about":[{"href":"https:\/\/kuzeyinsesi.org\/index.php\/wp-json\/wp\/v2\/types\/post"}],"author":[{"embeddable":true,"href":"https:\/\/kuzeyinsesi.org\/index.php\/wp-json\/wp\/v2\/users\/1"}],"replies":[{"embeddable":true,"href":"https:\/\/kuzeyinsesi.org\/index.php\/wp-json\/wp\/v2\/comments?post=15410"}],"version-history":[{"count":0,"href":"https:\/\/kuzeyinsesi.org\/index.php\/wp-json\/wp\/v2\/posts\/15410\/revisions"}],"wp:featuredmedia":[{"embeddable":true,"href":"https:\/\/kuzeyinsesi.org\/index.php\/wp-json\/wp\/v2\/media\/15411"}],"wp:attachment":[{"href":"https:\/\/kuzeyinsesi.org\/index.php\/wp-json\/wp\/v2\/media?parent=15410"}],"wp:term":[{"taxonomy":"category","embeddable":true,"href":"https:\/\/kuzeyinsesi.org\/index.php\/wp-json\/wp\/v2\/categories?post=15410"},{"taxonomy":"post_tag","embeddable":true,"href":"https:\/\/kuzeyinsesi.org\/index.php\/wp-json\/wp\/v2\/tags?post=15410"}],"curies":[{"name":"wp","href":"https:\/\/api.w.org\/{rel}","templated":true}]}}