{"id":15398,"date":"2024-12-11T15:03:11","date_gmt":"2024-12-11T13:03:11","guid":{"rendered":"https:\/\/kuzeyinsesi.org\/index.php\/2024\/12\/11\/lefkosa-belediye-orkestrasindan-2024e-veda-konseri\/"},"modified":"2024-12-11T15:03:11","modified_gmt":"2024-12-11T13:03:11","slug":"lefkosa-belediye-orkestrasindan-2024e-veda-konseri","status":"publish","type":"post","link":"https:\/\/kuzeyinsesi.org\/index.php\/2024\/12\/11\/lefkosa-belediye-orkestrasindan-2024e-veda-konseri\/","title":{"rendered":"Lefko\u015fa Belediye Orkestras\u0131\u2019ndan 2024\u2019e veda konseri"},"content":{"rendered":"<div>\n<div class=\"mariselle-image-container none\">\n                                            <\/div>\n<p>Lefko\u015fa Belediye Orkestras\u0131 (LBO), 2024 y\u0131l\u0131n\u0131n kapan\u0131\u015f konserini 16 Aral\u0131k Pazartesi g\u00fcn\u00fc ger\u00e7ekle\u015ftiriyor.<\/p>\n<p>LTB\u2019den yap\u0131lan yaz\u0131l\u0131 a\u00e7\u0131klaya g\u00f6re, Rauf Denkta\u015f \u00dcniversitesi K\u00fclt\u00fcr Merkezi\u2019nde (Eski M\u0131s\u0131rl\u0131zade Sinemas\u0131), ger\u00e7ekle\u015ftirilecek olan Lefko\u015fa Belediye Orkestras\u0131 ile \u201cEVAN\u2019S\u201d Konseri saat 20.00\u2019de ba\u015flayacak.<\/p>\n<p>Oskay Hoca \u015fefli\u011finde, Mehmet Evan ve Ahmet Evan\u2019\u0131n baba o\u011ful solist olarak yer alacaklar\u0131 konserde: Feeling Good, Just the way you are, Baby can I hold you, My way, What a wonderful world gibi bir\u00e7ok par\u00e7a m\u00fczikseverlerle bulu\u015facak.<\/p>\n<p>Konser biletlerine www.gisekibris.com internet adresinden online olarak veya konser gecesi kap\u0131dan temin edilebilecek.<\/p>\n<\/p><\/div>\n<p><script async\n                    defer\n                    crossorigin=\"anonymous\"\n                    src=\"https:\/\/connect.facebook.net\/tr_TR\/sdk.js#xfbml=1&#038;version=v3.3\"\n            ><\/script><\/p>\n","protected":false},"excerpt":{"rendered":"<p>Lefko\u015fa Belediye Orkestras\u0131 (LBO), 2024 y\u0131l\u0131n\u0131n kapan\u0131\u015f konserini 16 Aral\u0131k Pazartesi g\u00fcn\u00fc ger\u00e7ekle\u015ftiriyor. LTB\u2019den yap\u0131lan yaz\u0131l\u0131 a\u00e7\u0131klaya g\u00f6re, Rauf Denkta\u015f \u00dcniversitesi K\u00fclt\u00fcr Merkezi\u2019nde (Eski M\u0131s\u0131rl\u0131zade Sinemas\u0131), ger\u00e7ekle\u015ftirilecek olan Lefko\u015fa Belediye Orkestras\u0131 ile \u201cEVAN\u2019S\u201d Konseri saat 20.00\u2019de ba\u015flayacak. Oskay Hoca \u015fefli\u011finde, Mehmet Evan ve Ahmet Evan\u2019\u0131n baba o\u011ful solist olarak yer alacaklar\u0131 konserde: Feeling Good, Just [&hellip;]<\/p>\n","protected":false},"author":1,"featured_media":15399,"comment_status":"open","ping_status":"open","sticky":false,"template":"","format":"standard","meta":{"jnews-multi-image_gallery":[],"jnews_single_post":[],"jnews_primary_category":[],"jnews_social_meta":[],"jnews_override_counter":[],"footnotes":""},"categories":[6],"tags":[],"class_list":["post-15398","post","type-post","status-publish","format-standard","has-post-thumbnail","hentry","category-yasam"],"yoast_head":"<!-- This site is optimized with the Yoast SEO plugin v27.4 - https:\/\/yoast.com\/product\/yoast-seo-wordpress\/ -->\n<title>Lefko\u015fa Belediye Orkestras\u0131\u2019ndan 2024\u2019e veda konseri - Kuzeyin Sesi<\/title>\n<meta name=\"robots\" content=\"index, follow, max-snippet:-1, max-image-preview:large, max-video-preview:-1\" \/>\n<link rel=\"canonical\" href=\"https:\/\/kuzeyinsesi.org\/index.php\/2024\/12\/11\/lefkosa-belediye-orkestrasindan-2024e-veda-konseri\/\" \/>\n<meta property=\"og:locale\" content=\"tr_TR\" \/>\n<meta property=\"og:type\" content=\"article\" \/>\n<meta property=\"og:title\" content=\"Lefko\u015fa Belediye Orkestras\u0131\u2019ndan 2024\u2019e veda konseri - Kuzeyin Sesi\" \/>\n<meta property=\"og:description\" content=\"Lefko\u015fa Belediye Orkestras\u0131 (LBO), 2024 y\u0131l\u0131n\u0131n kapan\u0131\u015f konserini 16 Aral\u0131k Pazartesi g\u00fcn\u00fc ger\u00e7ekle\u015ftiriyor. LTB\u2019den yap\u0131lan yaz\u0131l\u0131 a\u00e7\u0131klaya g\u00f6re, Rauf Denkta\u015f \u00dcniversitesi K\u00fclt\u00fcr Merkezi\u2019nde (Eski M\u0131s\u0131rl\u0131zade Sinemas\u0131), ger\u00e7ekle\u015ftirilecek olan Lefko\u015fa Belediye Orkestras\u0131 ile \u201cEVAN\u2019S\u201d Konseri saat 20.00\u2019de ba\u015flayacak. Oskay Hoca \u015fefli\u011finde, Mehmet Evan ve Ahmet Evan\u2019\u0131n baba o\u011ful solist olarak yer alacaklar\u0131 konserde: Feeling Good, Just [&hellip;]\" \/>\n<meta property=\"og:url\" content=\"https:\/\/kuzeyinsesi.org\/index.php\/2024\/12\/11\/lefkosa-belediye-orkestrasindan-2024e-veda-konseri\/\" \/>\n<meta property=\"og:site_name\" content=\"Kuzeyin Sesi\" \/>\n<meta property=\"article:publisher\" content=\"https:\/\/www.facebook.com\/kuzeyinsesii\" \/>\n<meta property=\"article:published_time\" content=\"2024-12-11T13:03:11+00:00\" \/>\n<meta property=\"og:image\" content=\"https:\/\/brtk.net\/wp-content\/uploads\/2024\/12\/11\/ltb_evanlar_lbo_konser_story.jpg?ver=3c1af4a76370e373397f096cb81905e9\" \/>\n<meta name=\"author\" content=\"Kuzeyin Sesi\" \/>\n<meta name=\"twitter:card\" content=\"summary_large_image\" \/>\n<meta name=\"twitter:creator\" content=\"@kuzeyinsesii\" \/>\n<meta name=\"twitter:site\" content=\"@kuzeyinsesii\" \/>\n<meta name=\"twitter:label1\" content=\"Yazan:\" \/>\n\t<meta name=\"twitter:data1\" content=\"Kuzeyin Sesi\" \/>\n\t<meta name=\"twitter:label2\" content=\"Tahmini okuma s\u00fcresi\" \/>\n\t<meta name=\"twitter:data2\" content=\"1 dakika\" \/>\n<script type=\"application\/ld+json\" class=\"yoast-schema-graph\">{\"@context\":\"https:\\\/\\\/schema.org\",\"@graph\":[{\"@type\":\"Article\",\"@id\":\"https:\\\/\\\/kuzeyinsesi.org\\\/index.php\\\/2024\\\/12\\\/11\\\/lefkosa-belediye-orkestrasindan-2024e-veda-konseri\\\/#article\",\"isPartOf\":{\"@id\":\"https:\\\/\\\/kuzeyinsesi.org\\\/index.php\\\/2024\\\/12\\\/11\\\/lefkosa-belediye-orkestrasindan-2024e-veda-konseri\\\/\"},\"author\":{\"name\":\"Kuzeyin Sesi\",\"@id\":\"https:\\\/\\\/kuzeyinsesi.org\\\/#\\\/schema\\\/person\\\/9f859689cdf01485597712386e37f5aa\"},\"headline\":\"Lefko\u015fa Belediye Orkestras\u0131\u2019ndan 2024\u2019e veda konseri\",\"datePublished\":\"2024-12-11T13:03:11+00:00\",\"mainEntityOfPage\":{\"@id\":\"https:\\\/\\\/kuzeyinsesi.org\\\/index.php\\\/2024\\\/12\\\/11\\\/lefkosa-belediye-orkestrasindan-2024e-veda-konseri\\\/\"},\"wordCount\":128,\"commentCount\":0,\"image\":{\"@id\":\"https:\\\/\\\/kuzeyinsesi.org\\\/index.php\\\/2024\\\/12\\\/11\\\/lefkosa-belediye-orkestrasindan-2024e-veda-konseri\\\/#primaryimage\"},\"thumbnailUrl\":\"https:\\\/\\\/kuzeyinsesi.org\\\/wp-content\\\/uploads\\\/2024\\\/12\\\/ltb_evanlar_lbo_konser_story.jpg\",\"articleSection\":[\"Ya\u015fam\"],\"inLanguage\":\"tr\",\"potentialAction\":[{\"@type\":\"CommentAction\",\"name\":\"Comment\",\"target\":[\"https:\\\/\\\/kuzeyinsesi.org\\\/index.php\\\/2024\\\/12\\\/11\\\/lefkosa-belediye-orkestrasindan-2024e-veda-konseri\\\/#respond\"]}]},{\"@type\":\"WebPage\",\"@id\":\"https:\\\/\\\/kuzeyinsesi.org\\\/index.php\\\/2024\\\/12\\\/11\\\/lefkosa-belediye-orkestrasindan-2024e-veda-konseri\\\/\",\"url\":\"https:\\\/\\\/kuzeyinsesi.org\\\/index.php\\\/2024\\\/12\\\/11\\\/lefkosa-belediye-orkestrasindan-2024e-veda-konseri\\\/\",\"name\":\"Lefko\u015fa Belediye Orkestras\u0131\u2019ndan 2024\u2019e veda konseri - Kuzeyin Sesi\",\"isPartOf\":{\"@id\":\"https:\\\/\\\/kuzeyinsesi.org\\\/#website\"},\"primaryImageOfPage\":{\"@id\":\"https:\\\/\\\/kuzeyinsesi.org\\\/index.php\\\/2024\\\/12\\\/11\\\/lefkosa-belediye-orkestrasindan-2024e-veda-konseri\\\/#primaryimage\"},\"image\":{\"@id\":\"https:\\\/\\\/kuzeyinsesi.org\\\/index.php\\\/2024\\\/12\\\/11\\\/lefkosa-belediye-orkestrasindan-2024e-veda-konseri\\\/#primaryimage\"},\"thumbnailUrl\":\"https:\\\/\\\/kuzeyinsesi.org\\\/wp-content\\\/uploads\\\/2024\\\/12\\\/ltb_evanlar_lbo_konser_story.jpg\",\"datePublished\":\"2024-12-11T13:03:11+00:00\",\"author\":{\"@id\":\"https:\\\/\\\/kuzeyinsesi.org\\\/#\\\/schema\\\/person\\\/9f859689cdf01485597712386e37f5aa\"},\"breadcrumb\":{\"@id\":\"https:\\\/\\\/kuzeyinsesi.org\\\/index.php\\\/2024\\\/12\\\/11\\\/lefkosa-belediye-orkestrasindan-2024e-veda-konseri\\\/#breadcrumb\"},\"inLanguage\":\"tr\",\"potentialAction\":[{\"@type\":\"ReadAction\",\"target\":[\"https:\\\/\\\/kuzeyinsesi.org\\\/index.php\\\/2024\\\/12\\\/11\\\/lefkosa-belediye-orkestrasindan-2024e-veda-konseri\\\/\"]}]},{\"@type\":\"ImageObject\",\"inLanguage\":\"tr\",\"@id\":\"https:\\\/\\\/kuzeyinsesi.org\\\/index.php\\\/2024\\\/12\\\/11\\\/lefkosa-belediye-orkestrasindan-2024e-veda-konseri\\\/#primaryimage\",\"url\":\"https:\\\/\\\/kuzeyinsesi.org\\\/wp-content\\\/uploads\\\/2024\\\/12\\\/ltb_evanlar_lbo_konser_story.jpg\",\"contentUrl\":\"https:\\\/\\\/kuzeyinsesi.org\\\/wp-content\\\/uploads\\\/2024\\\/12\\\/ltb_evanlar_lbo_konser_story.jpg\",\"width\":930,\"height\":410},{\"@type\":\"BreadcrumbList\",\"@id\":\"https:\\\/\\\/kuzeyinsesi.org\\\/index.php\\\/2024\\\/12\\\/11\\\/lefkosa-belediye-orkestrasindan-2024e-veda-konseri\\\/#breadcrumb\",\"itemListElement\":[{\"@type\":\"ListItem\",\"position\":1,\"name\":\"Anasayfa\",\"item\":\"https:\\\/\\\/kuzeyinsesi.org\\\/\"},{\"@type\":\"ListItem\",\"position\":2,\"name\":\"Lefko\u015fa Belediye Orkestras\u0131\u2019ndan 2024\u2019e veda konseri\"}]},{\"@type\":\"WebSite\",\"@id\":\"https:\\\/\\\/kuzeyinsesi.org\\\/#website\",\"url\":\"https:\\\/\\\/kuzeyinsesi.org\\\/\",\"name\":\"Kuzeyin Sesi\",\"description\":\"Do\u011fru Haberin Adresi\",\"potentialAction\":[{\"@type\":\"SearchAction\",\"target\":{\"@type\":\"EntryPoint\",\"urlTemplate\":\"https:\\\/\\\/kuzeyinsesi.org\\\/?s={search_term_string}\"},\"query-input\":{\"@type\":\"PropertyValueSpecification\",\"valueRequired\":true,\"valueName\":\"search_term_string\"}}],\"inLanguage\":\"tr\"},{\"@type\":\"Person\",\"@id\":\"https:\\\/\\\/kuzeyinsesi.org\\\/#\\\/schema\\\/person\\\/9f859689cdf01485597712386e37f5aa\",\"name\":\"Kuzeyin Sesi\",\"image\":{\"@type\":\"ImageObject\",\"inLanguage\":\"tr\",\"@id\":\"https:\\\/\\\/secure.gravatar.com\\\/avatar\\\/bab33852abfd8b282518d6ed81826833d77c3c882d9ab608add591ccace47a44?s=96&d=mm&r=g\",\"url\":\"https:\\\/\\\/secure.gravatar.com\\\/avatar\\\/bab33852abfd8b282518d6ed81826833d77c3c882d9ab608add591ccace47a44?s=96&d=mm&r=g\",\"contentUrl\":\"https:\\\/\\\/secure.gravatar.com\\\/avatar\\\/bab33852abfd8b282518d6ed81826833d77c3c882d9ab608add591ccace47a44?s=96&d=mm&r=g\",\"caption\":\"Kuzeyin Sesi\"},\"sameAs\":[\"https:\\\/\\\/kuzeyinsesi.org\"],\"url\":\"https:\\\/\\\/kuzeyinsesi.org\\\/index.php\\\/author\\\/guven\\\/\"}]}<\/script>\n<!-- \/ Yoast SEO plugin. -->","yoast_head_json":{"title":"Lefko\u015fa Belediye Orkestras\u0131\u2019ndan 2024\u2019e veda konseri - Kuzeyin Sesi","robots":{"index":"index","follow":"follow","max-snippet":"max-snippet:-1","max-image-preview":"max-image-preview:large","max-video-preview":"max-video-preview:-1"},"canonical":"https:\/\/kuzeyinsesi.org\/index.php\/2024\/12\/11\/lefkosa-belediye-orkestrasindan-2024e-veda-konseri\/","og_locale":"tr_TR","og_type":"article","og_title":"Lefko\u015fa Belediye Orkestras\u0131\u2019ndan 2024\u2019e veda konseri - Kuzeyin Sesi","og_description":"Lefko\u015fa Belediye Orkestras\u0131 (LBO), 2024 y\u0131l\u0131n\u0131n kapan\u0131\u015f konserini 16 Aral\u0131k Pazartesi g\u00fcn\u00fc ger\u00e7ekle\u015ftiriyor. LTB\u2019den yap\u0131lan yaz\u0131l\u0131 a\u00e7\u0131klaya g\u00f6re, Rauf Denkta\u015f \u00dcniversitesi K\u00fclt\u00fcr Merkezi\u2019nde (Eski M\u0131s\u0131rl\u0131zade Sinemas\u0131), ger\u00e7ekle\u015ftirilecek olan Lefko\u015fa Belediye Orkestras\u0131 ile \u201cEVAN\u2019S\u201d Konseri saat 20.00\u2019de ba\u015flayacak. Oskay Hoca \u015fefli\u011finde, Mehmet Evan ve Ahmet Evan\u2019\u0131n baba o\u011ful solist olarak yer alacaklar\u0131 konserde: Feeling Good, Just [&hellip;]","og_url":"https:\/\/kuzeyinsesi.org\/index.php\/2024\/12\/11\/lefkosa-belediye-orkestrasindan-2024e-veda-konseri\/","og_site_name":"Kuzeyin Sesi","article_publisher":"https:\/\/www.facebook.com\/kuzeyinsesii","article_published_time":"2024-12-11T13:03:11+00:00","og_image":[{"url":"https:\/\/brtk.net\/wp-content\/uploads\/2024\/12\/11\/ltb_evanlar_lbo_konser_story.jpg?ver=3c1af4a76370e373397f096cb81905e9","type":"","width":"","height":""}],"author":"Kuzeyin Sesi","twitter_card":"summary_large_image","twitter_creator":"@kuzeyinsesii","twitter_site":"@kuzeyinsesii","twitter_misc":{"Yazan:":"Kuzeyin Sesi","Tahmini okuma s\u00fcresi":"1 dakika"},"schema":{"@context":"https:\/\/schema.org","@graph":[{"@type":"Article","@id":"https:\/\/kuzeyinsesi.org\/index.php\/2024\/12\/11\/lefkosa-belediye-orkestrasindan-2024e-veda-konseri\/#article","isPartOf":{"@id":"https:\/\/kuzeyinsesi.org\/index.php\/2024\/12\/11\/lefkosa-belediye-orkestrasindan-2024e-veda-konseri\/"},"author":{"name":"Kuzeyin Sesi","@id":"https:\/\/kuzeyinsesi.org\/#\/schema\/person\/9f859689cdf01485597712386e37f5aa"},"headline":"Lefko\u015fa Belediye Orkestras\u0131\u2019ndan 2024\u2019e veda konseri","datePublished":"2024-12-11T13:03:11+00:00","mainEntityOfPage":{"@id":"https:\/\/kuzeyinsesi.org\/index.php\/2024\/12\/11\/lefkosa-belediye-orkestrasindan-2024e-veda-konseri\/"},"wordCount":128,"commentCount":0,"image":{"@id":"https:\/\/kuzeyinsesi.org\/index.php\/2024\/12\/11\/lefkosa-belediye-orkestrasindan-2024e-veda-konseri\/#primaryimage"},"thumbnailUrl":"https:\/\/kuzeyinsesi.org\/wp-content\/uploads\/2024\/12\/ltb_evanlar_lbo_konser_story.jpg","articleSection":["Ya\u015fam"],"inLanguage":"tr","potentialAction":[{"@type":"CommentAction","name":"Comment","target":["https:\/\/kuzeyinsesi.org\/index.php\/2024\/12\/11\/lefkosa-belediye-orkestrasindan-2024e-veda-konseri\/#respond"]}]},{"@type":"WebPage","@id":"https:\/\/kuzeyinsesi.org\/index.php\/2024\/12\/11\/lefkosa-belediye-orkestrasindan-2024e-veda-konseri\/","url":"https:\/\/kuzeyinsesi.org\/index.php\/2024\/12\/11\/lefkosa-belediye-orkestrasindan-2024e-veda-konseri\/","name":"Lefko\u015fa Belediye Orkestras\u0131\u2019ndan 2024\u2019e veda konseri - Kuzeyin Sesi","isPartOf":{"@id":"https:\/\/kuzeyinsesi.org\/#website"},"primaryImageOfPage":{"@id":"https:\/\/kuzeyinsesi.org\/index.php\/2024\/12\/11\/lefkosa-belediye-orkestrasindan-2024e-veda-konseri\/#primaryimage"},"image":{"@id":"https:\/\/kuzeyinsesi.org\/index.php\/2024\/12\/11\/lefkosa-belediye-orkestrasindan-2024e-veda-konseri\/#primaryimage"},"thumbnailUrl":"https:\/\/kuzeyinsesi.org\/wp-content\/uploads\/2024\/12\/ltb_evanlar_lbo_konser_story.jpg","datePublished":"2024-12-11T13:03:11+00:00","author":{"@id":"https:\/\/kuzeyinsesi.org\/#\/schema\/person\/9f859689cdf01485597712386e37f5aa"},"breadcrumb":{"@id":"https:\/\/kuzeyinsesi.org\/index.php\/2024\/12\/11\/lefkosa-belediye-orkestrasindan-2024e-veda-konseri\/#breadcrumb"},"inLanguage":"tr","potentialAction":[{"@type":"ReadAction","target":["https:\/\/kuzeyinsesi.org\/index.php\/2024\/12\/11\/lefkosa-belediye-orkestrasindan-2024e-veda-konseri\/"]}]},{"@type":"ImageObject","inLanguage":"tr","@id":"https:\/\/kuzeyinsesi.org\/index.php\/2024\/12\/11\/lefkosa-belediye-orkestrasindan-2024e-veda-konseri\/#primaryimage","url":"https:\/\/kuzeyinsesi.org\/wp-content\/uploads\/2024\/12\/ltb_evanlar_lbo_konser_story.jpg","contentUrl":"https:\/\/kuzeyinsesi.org\/wp-content\/uploads\/2024\/12\/ltb_evanlar_lbo_konser_story.jpg","width":930,"height":410},{"@type":"BreadcrumbList","@id":"https:\/\/kuzeyinsesi.org\/index.php\/2024\/12\/11\/lefkosa-belediye-orkestrasindan-2024e-veda-konseri\/#breadcrumb","itemListElement":[{"@type":"ListItem","position":1,"name":"Anasayfa","item":"https:\/\/kuzeyinsesi.org\/"},{"@type":"ListItem","position":2,"name":"Lefko\u015fa Belediye Orkestras\u0131\u2019ndan 2024\u2019e veda konseri"}]},{"@type":"WebSite","@id":"https:\/\/kuzeyinsesi.org\/#website","url":"https:\/\/kuzeyinsesi.org\/","name":"Kuzeyin Sesi","description":"Do\u011fru Haberin Adresi","potentialAction":[{"@type":"SearchAction","target":{"@type":"EntryPoint","urlTemplate":"https:\/\/kuzeyinsesi.org\/?s={search_term_string}"},"query-input":{"@type":"PropertyValueSpecification","valueRequired":true,"valueName":"search_term_string"}}],"inLanguage":"tr"},{"@type":"Person","@id":"https:\/\/kuzeyinsesi.org\/#\/schema\/person\/9f859689cdf01485597712386e37f5aa","name":"Kuzeyin Sesi","image":{"@type":"ImageObject","inLanguage":"tr","@id":"https:\/\/secure.gravatar.com\/avatar\/bab33852abfd8b282518d6ed81826833d77c3c882d9ab608add591ccace47a44?s=96&d=mm&r=g","url":"https:\/\/secure.gravatar.com\/avatar\/bab33852abfd8b282518d6ed81826833d77c3c882d9ab608add591ccace47a44?s=96&d=mm&r=g","contentUrl":"https:\/\/secure.gravatar.com\/avatar\/bab33852abfd8b282518d6ed81826833d77c3c882d9ab608add591ccace47a44?s=96&d=mm&r=g","caption":"Kuzeyin Sesi"},"sameAs":["https:\/\/kuzeyinsesi.org"],"url":"https:\/\/kuzeyinsesi.org\/index.php\/author\/guven\/"}]}},"_links":{"self":[{"href":"https:\/\/kuzeyinsesi.org\/index.php\/wp-json\/wp\/v2\/posts\/15398","targetHints":{"allow":["GET"]}}],"collection":[{"href":"https:\/\/kuzeyinsesi.org\/index.php\/wp-json\/wp\/v2\/posts"}],"about":[{"href":"https:\/\/kuzeyinsesi.org\/index.php\/wp-json\/wp\/v2\/types\/post"}],"author":[{"embeddable":true,"href":"https:\/\/kuzeyinsesi.org\/index.php\/wp-json\/wp\/v2\/users\/1"}],"replies":[{"embeddable":true,"href":"https:\/\/kuzeyinsesi.org\/index.php\/wp-json\/wp\/v2\/comments?post=15398"}],"version-history":[{"count":0,"href":"https:\/\/kuzeyinsesi.org\/index.php\/wp-json\/wp\/v2\/posts\/15398\/revisions"}],"wp:featuredmedia":[{"embeddable":true,"href":"https:\/\/kuzeyinsesi.org\/index.php\/wp-json\/wp\/v2\/media\/15399"}],"wp:attachment":[{"href":"https:\/\/kuzeyinsesi.org\/index.php\/wp-json\/wp\/v2\/media?parent=15398"}],"wp:term":[{"taxonomy":"category","embeddable":true,"href":"https:\/\/kuzeyinsesi.org\/index.php\/wp-json\/wp\/v2\/categories?post=15398"},{"taxonomy":"post_tag","embeddable":true,"href":"https:\/\/kuzeyinsesi.org\/index.php\/wp-json\/wp\/v2\/tags?post=15398"}],"curies":[{"name":"wp","href":"https:\/\/api.w.org\/{rel}","templated":true}]}}