{"id":15374,"date":"2024-12-11T12:01:41","date_gmt":"2024-12-11T10:01:41","guid":{"rendered":"https:\/\/kuzeyinsesi.org\/index.php\/2024\/12\/11\/fidan-gkrynin-silahlandirilmasi-adada-yeni-bir-silahlanma-yarisini-tetikleyebilir\/"},"modified":"2024-12-11T12:01:41","modified_gmt":"2024-12-11T10:01:41","slug":"fidan-gkrynin-silahlandirilmasi-adada-yeni-bir-silahlanma-yarisini-tetikleyebilir","status":"publish","type":"post","link":"https:\/\/kuzeyinsesi.org\/index.php\/2024\/12\/11\/fidan-gkrynin-silahlandirilmasi-adada-yeni-bir-silahlanma-yarisini-tetikleyebilir\/","title":{"rendered":"Fidan: GKRY\u2019nin silahland\u0131r\u0131lmas\u0131 adada yeni bir silahlanma yar\u0131\u015f\u0131n\u0131 tetikleyebilir"},"content":{"rendered":"<div>\n<div class=\"mariselle-image-container none\">\n                                            <\/div>\n<p style=\"font-weight: 300;\"><span style=\"font-weight: 300 !important;\">T\u00fcrkiye D\u0131\u015fi\u015fleri Bakan\u0131 Hakan Fidan, \u201cG\u00fcney K\u0131br\u0131s Rum Y\u00f6netimi\u2019nin silahland\u0131r\u0131lmas\u0131, adada yeni bir silahlanma yar\u0131\u015f\u0131n\u0131 tetikleyebilecektir.\u201d dedi.<\/span><\/p>\n<p style=\"font-weight: 300;\">Fidan, d\u00fcn, TBMM Genel Kurulu\u2019nda Bakanl\u0131\u011f\u0131 ve ilgili kurumlar\u0131n\u0131n 2025 y\u0131l\u0131 b\u00fct\u00e7esinin sunumunu yapt\u0131.<\/p>\n<p style=\"font-weight: 300;\">G\u00fcney K\u0131br\u0131s Rum Y\u00f6netimi\u2019nin silahlanma \u00e7abalar\u0131na ili\u015fkin Fidan, \u201cG\u00fcney K\u0131br\u0131s Rum Y\u00f6netimi\u2019nin silahland\u0131r\u0131lmas\u0131, adada yeni bir silahlanma yar\u0131\u015f\u0131n\u0131 da tetikleyebilecektir. Milli davam\u0131z K\u0131br\u0131s meselesinde K\u0131br\u0131s T\u00fcrk halk\u0131n\u0131n egemen e\u015fitli\u011finden ve e\u015fit uluslararas\u0131 stat\u00fcs\u00fcnden vazge\u00e7memiz s\u00f6z konusu olamaz. Birle\u015fmi\u015f Milletler ba\u015fta olmak \u00fczere t\u00fcm platformlarda bu hususu vurgulamaktay\u0131z.\u201d dedi.<\/p>\n<p style=\"font-weight: 300;\">Fidan, Yunanistan\u2019la pozitif g\u00fcndem do\u011frultusunda \u00e7al\u0131\u015fmay\u0131 s\u00fcrd\u00fcrd\u00fcklerini kaydederek, \u201cBat\u0131 Trakya T\u00fcrk az\u0131nl\u0131\u011f\u0131n\u0131 ve 12 adalarda ya\u015fayan soyda\u015flar\u0131m\u0131z\u0131n haklar\u0131n\u0131n korunmas\u0131 y\u00f6n\u00fcndeki giri\u015fimlerimize devam ediyoruz. Di\u011fer yandan Ege ve Do\u011fu Akdeniz\u2019deki hak ve \u00e7\u0131karlar\u0131m\u0131z\u0131 hem sahada hem masada kararl\u0131l\u0131kla koruyoruz.\u201d diye konu\u015ftu.<\/p>\n<p>\u00a0<\/p>\n<\/p><\/div>\n<p><script async\n                    defer\n                    crossorigin=\"anonymous\"\n                    src=\"https:\/\/connect.facebook.net\/tr_TR\/sdk.js#xfbml=1&#038;version=v3.3\"\n            ><\/script><\/p>\n","protected":false},"excerpt":{"rendered":"<p>T\u00fcrkiye D\u0131\u015fi\u015fleri Bakan\u0131 Hakan Fidan, \u201cG\u00fcney K\u0131br\u0131s Rum Y\u00f6netimi\u2019nin silahland\u0131r\u0131lmas\u0131, adada yeni bir silahlanma yar\u0131\u015f\u0131n\u0131 tetikleyebilecektir.\u201d dedi. Fidan, d\u00fcn, TBMM Genel Kurulu\u2019nda Bakanl\u0131\u011f\u0131 ve ilgili kurumlar\u0131n\u0131n 2025 y\u0131l\u0131 b\u00fct\u00e7esinin sunumunu yapt\u0131. G\u00fcney K\u0131br\u0131s Rum Y\u00f6netimi\u2019nin silahlanma \u00e7abalar\u0131na ili\u015fkin Fidan, \u201cG\u00fcney K\u0131br\u0131s Rum Y\u00f6netimi\u2019nin silahland\u0131r\u0131lmas\u0131, adada yeni bir silahlanma yar\u0131\u015f\u0131n\u0131 da tetikleyebilecektir. Milli davam\u0131z K\u0131br\u0131s meselesinde [&hellip;]<\/p>\n","protected":false},"author":1,"featured_media":15375,"comment_status":"open","ping_status":"open","sticky":false,"template":"","format":"standard","meta":{"jnews-multi-image_gallery":[],"jnews_single_post":[],"jnews_primary_category":[],"jnews_social_meta":[],"jnews_override_counter":[],"footnotes":""},"categories":[5],"tags":[],"class_list":["post-15374","post","type-post","status-publish","format-standard","has-post-thumbnail","hentry","category-turkiye"],"yoast_head":"<!-- This site is optimized with the Yoast SEO plugin v27.4 - https:\/\/yoast.com\/product\/yoast-seo-wordpress\/ -->\n<title>Fidan: GKRY\u2019nin silahland\u0131r\u0131lmas\u0131 adada yeni bir silahlanma yar\u0131\u015f\u0131n\u0131 tetikleyebilir - Kuzeyin Sesi<\/title>\n<meta name=\"robots\" content=\"index, follow, max-snippet:-1, max-image-preview:large, max-video-preview:-1\" \/>\n<link rel=\"canonical\" href=\"https:\/\/kuzeyinsesi.org\/index.php\/2024\/12\/11\/fidan-gkrynin-silahlandirilmasi-adada-yeni-bir-silahlanma-yarisini-tetikleyebilir\/\" \/>\n<meta property=\"og:locale\" content=\"tr_TR\" \/>\n<meta property=\"og:type\" content=\"article\" \/>\n<meta property=\"og:title\" content=\"Fidan: GKRY\u2019nin silahland\u0131r\u0131lmas\u0131 adada yeni bir silahlanma yar\u0131\u015f\u0131n\u0131 tetikleyebilir - Kuzeyin Sesi\" \/>\n<meta property=\"og:description\" content=\"T\u00fcrkiye D\u0131\u015fi\u015fleri Bakan\u0131 Hakan Fidan, \u201cG\u00fcney K\u0131br\u0131s Rum Y\u00f6netimi\u2019nin silahland\u0131r\u0131lmas\u0131, adada yeni bir silahlanma yar\u0131\u015f\u0131n\u0131 tetikleyebilecektir.\u201d dedi. Fidan, d\u00fcn, TBMM Genel Kurulu\u2019nda Bakanl\u0131\u011f\u0131 ve ilgili kurumlar\u0131n\u0131n 2025 y\u0131l\u0131 b\u00fct\u00e7esinin sunumunu yapt\u0131. G\u00fcney K\u0131br\u0131s Rum Y\u00f6netimi\u2019nin silahlanma \u00e7abalar\u0131na ili\u015fkin Fidan, \u201cG\u00fcney K\u0131br\u0131s Rum Y\u00f6netimi\u2019nin silahland\u0131r\u0131lmas\u0131, adada yeni bir silahlanma yar\u0131\u015f\u0131n\u0131 da tetikleyebilecektir. Milli davam\u0131z K\u0131br\u0131s meselesinde [&hellip;]\" \/>\n<meta property=\"og:url\" content=\"https:\/\/kuzeyinsesi.org\/index.php\/2024\/12\/11\/fidan-gkrynin-silahlandirilmasi-adada-yeni-bir-silahlanma-yarisini-tetikleyebilir\/\" \/>\n<meta property=\"og:site_name\" content=\"Kuzeyin Sesi\" \/>\n<meta property=\"article:publisher\" content=\"https:\/\/www.facebook.com\/kuzeyinsesii\" \/>\n<meta property=\"article:published_time\" content=\"2024-12-11T10:01:41+00:00\" \/>\n<meta property=\"og:image\" content=\"https:\/\/brtk.net\/wp-content\/uploads\/2024\/12\/11\/FIDANN.jpg?ver=3ad50a60c20d0adf2a6f4ec8805cf492\" \/>\n<meta name=\"author\" content=\"Kuzeyin Sesi\" \/>\n<meta name=\"twitter:card\" content=\"summary_large_image\" \/>\n<meta name=\"twitter:creator\" content=\"@kuzeyinsesii\" \/>\n<meta name=\"twitter:site\" content=\"@kuzeyinsesii\" \/>\n<meta name=\"twitter:label1\" content=\"Yazan:\" \/>\n\t<meta name=\"twitter:data1\" content=\"Kuzeyin Sesi\" \/>\n\t<meta name=\"twitter:label2\" content=\"Tahmini okuma s\u00fcresi\" \/>\n\t<meta name=\"twitter:data2\" content=\"1 dakika\" \/>\n<script type=\"application\/ld+json\" class=\"yoast-schema-graph\">{\"@context\":\"https:\\\/\\\/schema.org\",\"@graph\":[{\"@type\":\"Article\",\"@id\":\"https:\\\/\\\/kuzeyinsesi.org\\\/index.php\\\/2024\\\/12\\\/11\\\/fidan-gkrynin-silahlandirilmasi-adada-yeni-bir-silahlanma-yarisini-tetikleyebilir\\\/#article\",\"isPartOf\":{\"@id\":\"https:\\\/\\\/kuzeyinsesi.org\\\/index.php\\\/2024\\\/12\\\/11\\\/fidan-gkrynin-silahlandirilmasi-adada-yeni-bir-silahlanma-yarisini-tetikleyebilir\\\/\"},\"author\":{\"name\":\"Kuzeyin Sesi\",\"@id\":\"https:\\\/\\\/kuzeyinsesi.org\\\/#\\\/schema\\\/person\\\/9f859689cdf01485597712386e37f5aa\"},\"headline\":\"Fidan: GKRY\u2019nin silahland\u0131r\u0131lmas\u0131 adada yeni bir silahlanma yar\u0131\u015f\u0131n\u0131 tetikleyebilir\",\"datePublished\":\"2024-12-11T10:01:41+00:00\",\"mainEntityOfPage\":{\"@id\":\"https:\\\/\\\/kuzeyinsesi.org\\\/index.php\\\/2024\\\/12\\\/11\\\/fidan-gkrynin-silahlandirilmasi-adada-yeni-bir-silahlanma-yarisini-tetikleyebilir\\\/\"},\"wordCount\":210,\"commentCount\":0,\"image\":{\"@id\":\"https:\\\/\\\/kuzeyinsesi.org\\\/index.php\\\/2024\\\/12\\\/11\\\/fidan-gkrynin-silahlandirilmasi-adada-yeni-bir-silahlanma-yarisini-tetikleyebilir\\\/#primaryimage\"},\"thumbnailUrl\":\"https:\\\/\\\/kuzeyinsesi.org\\\/wp-content\\\/uploads\\\/2024\\\/12\\\/FIDANN.jpg\",\"articleSection\":[\"T\u00fcrkiye\"],\"inLanguage\":\"tr\",\"potentialAction\":[{\"@type\":\"CommentAction\",\"name\":\"Comment\",\"target\":[\"https:\\\/\\\/kuzeyinsesi.org\\\/index.php\\\/2024\\\/12\\\/11\\\/fidan-gkrynin-silahlandirilmasi-adada-yeni-bir-silahlanma-yarisini-tetikleyebilir\\\/#respond\"]}]},{\"@type\":\"WebPage\",\"@id\":\"https:\\\/\\\/kuzeyinsesi.org\\\/index.php\\\/2024\\\/12\\\/11\\\/fidan-gkrynin-silahlandirilmasi-adada-yeni-bir-silahlanma-yarisini-tetikleyebilir\\\/\",\"url\":\"https:\\\/\\\/kuzeyinsesi.org\\\/index.php\\\/2024\\\/12\\\/11\\\/fidan-gkrynin-silahlandirilmasi-adada-yeni-bir-silahlanma-yarisini-tetikleyebilir\\\/\",\"name\":\"Fidan: GKRY\u2019nin silahland\u0131r\u0131lmas\u0131 adada yeni bir silahlanma yar\u0131\u015f\u0131n\u0131 tetikleyebilir - Kuzeyin Sesi\",\"isPartOf\":{\"@id\":\"https:\\\/\\\/kuzeyinsesi.org\\\/#website\"},\"primaryImageOfPage\":{\"@id\":\"https:\\\/\\\/kuzeyinsesi.org\\\/index.php\\\/2024\\\/12\\\/11\\\/fidan-gkrynin-silahlandirilmasi-adada-yeni-bir-silahlanma-yarisini-tetikleyebilir\\\/#primaryimage\"},\"image\":{\"@id\":\"https:\\\/\\\/kuzeyinsesi.org\\\/index.php\\\/2024\\\/12\\\/11\\\/fidan-gkrynin-silahlandirilmasi-adada-yeni-bir-silahlanma-yarisini-tetikleyebilir\\\/#primaryimage\"},\"thumbnailUrl\":\"https:\\\/\\\/kuzeyinsesi.org\\\/wp-content\\\/uploads\\\/2024\\\/12\\\/FIDANN.jpg\",\"datePublished\":\"2024-12-11T10:01:41+00:00\",\"author\":{\"@id\":\"https:\\\/\\\/kuzeyinsesi.org\\\/#\\\/schema\\\/person\\\/9f859689cdf01485597712386e37f5aa\"},\"breadcrumb\":{\"@id\":\"https:\\\/\\\/kuzeyinsesi.org\\\/index.php\\\/2024\\\/12\\\/11\\\/fidan-gkrynin-silahlandirilmasi-adada-yeni-bir-silahlanma-yarisini-tetikleyebilir\\\/#breadcrumb\"},\"inLanguage\":\"tr\",\"potentialAction\":[{\"@type\":\"ReadAction\",\"target\":[\"https:\\\/\\\/kuzeyinsesi.org\\\/index.php\\\/2024\\\/12\\\/11\\\/fidan-gkrynin-silahlandirilmasi-adada-yeni-bir-silahlanma-yarisini-tetikleyebilir\\\/\"]}]},{\"@type\":\"ImageObject\",\"inLanguage\":\"tr\",\"@id\":\"https:\\\/\\\/kuzeyinsesi.org\\\/index.php\\\/2024\\\/12\\\/11\\\/fidan-gkrynin-silahlandirilmasi-adada-yeni-bir-silahlanma-yarisini-tetikleyebilir\\\/#primaryimage\",\"url\":\"https:\\\/\\\/kuzeyinsesi.org\\\/wp-content\\\/uploads\\\/2024\\\/12\\\/FIDANN.jpg\",\"contentUrl\":\"https:\\\/\\\/kuzeyinsesi.org\\\/wp-content\\\/uploads\\\/2024\\\/12\\\/FIDANN.jpg\",\"width\":864,\"height\":486},{\"@type\":\"BreadcrumbList\",\"@id\":\"https:\\\/\\\/kuzeyinsesi.org\\\/index.php\\\/2024\\\/12\\\/11\\\/fidan-gkrynin-silahlandirilmasi-adada-yeni-bir-silahlanma-yarisini-tetikleyebilir\\\/#breadcrumb\",\"itemListElement\":[{\"@type\":\"ListItem\",\"position\":1,\"name\":\"Anasayfa\",\"item\":\"https:\\\/\\\/kuzeyinsesi.org\\\/\"},{\"@type\":\"ListItem\",\"position\":2,\"name\":\"Fidan: GKRY\u2019nin silahland\u0131r\u0131lmas\u0131 adada yeni bir silahlanma yar\u0131\u015f\u0131n\u0131 tetikleyebilir\"}]},{\"@type\":\"WebSite\",\"@id\":\"https:\\\/\\\/kuzeyinsesi.org\\\/#website\",\"url\":\"https:\\\/\\\/kuzeyinsesi.org\\\/\",\"name\":\"Kuzeyin Sesi\",\"description\":\"Do\u011fru Haberin Adresi\",\"potentialAction\":[{\"@type\":\"SearchAction\",\"target\":{\"@type\":\"EntryPoint\",\"urlTemplate\":\"https:\\\/\\\/kuzeyinsesi.org\\\/?s={search_term_string}\"},\"query-input\":{\"@type\":\"PropertyValueSpecification\",\"valueRequired\":true,\"valueName\":\"search_term_string\"}}],\"inLanguage\":\"tr\"},{\"@type\":\"Person\",\"@id\":\"https:\\\/\\\/kuzeyinsesi.org\\\/#\\\/schema\\\/person\\\/9f859689cdf01485597712386e37f5aa\",\"name\":\"Kuzeyin Sesi\",\"image\":{\"@type\":\"ImageObject\",\"inLanguage\":\"tr\",\"@id\":\"https:\\\/\\\/secure.gravatar.com\\\/avatar\\\/bab33852abfd8b282518d6ed81826833d77c3c882d9ab608add591ccace47a44?s=96&d=mm&r=g\",\"url\":\"https:\\\/\\\/secure.gravatar.com\\\/avatar\\\/bab33852abfd8b282518d6ed81826833d77c3c882d9ab608add591ccace47a44?s=96&d=mm&r=g\",\"contentUrl\":\"https:\\\/\\\/secure.gravatar.com\\\/avatar\\\/bab33852abfd8b282518d6ed81826833d77c3c882d9ab608add591ccace47a44?s=96&d=mm&r=g\",\"caption\":\"Kuzeyin Sesi\"},\"sameAs\":[\"https:\\\/\\\/kuzeyinsesi.org\"],\"url\":\"https:\\\/\\\/kuzeyinsesi.org\\\/index.php\\\/author\\\/guven\\\/\"}]}<\/script>\n<!-- \/ Yoast SEO plugin. -->","yoast_head_json":{"title":"Fidan: GKRY\u2019nin silahland\u0131r\u0131lmas\u0131 adada yeni bir silahlanma yar\u0131\u015f\u0131n\u0131 tetikleyebilir - Kuzeyin Sesi","robots":{"index":"index","follow":"follow","max-snippet":"max-snippet:-1","max-image-preview":"max-image-preview:large","max-video-preview":"max-video-preview:-1"},"canonical":"https:\/\/kuzeyinsesi.org\/index.php\/2024\/12\/11\/fidan-gkrynin-silahlandirilmasi-adada-yeni-bir-silahlanma-yarisini-tetikleyebilir\/","og_locale":"tr_TR","og_type":"article","og_title":"Fidan: GKRY\u2019nin silahland\u0131r\u0131lmas\u0131 adada yeni bir silahlanma yar\u0131\u015f\u0131n\u0131 tetikleyebilir - Kuzeyin Sesi","og_description":"T\u00fcrkiye D\u0131\u015fi\u015fleri Bakan\u0131 Hakan Fidan, \u201cG\u00fcney K\u0131br\u0131s Rum Y\u00f6netimi\u2019nin silahland\u0131r\u0131lmas\u0131, adada yeni bir silahlanma yar\u0131\u015f\u0131n\u0131 tetikleyebilecektir.\u201d dedi. Fidan, d\u00fcn, TBMM Genel Kurulu\u2019nda Bakanl\u0131\u011f\u0131 ve ilgili kurumlar\u0131n\u0131n 2025 y\u0131l\u0131 b\u00fct\u00e7esinin sunumunu yapt\u0131. G\u00fcney K\u0131br\u0131s Rum Y\u00f6netimi\u2019nin silahlanma \u00e7abalar\u0131na ili\u015fkin Fidan, \u201cG\u00fcney K\u0131br\u0131s Rum Y\u00f6netimi\u2019nin silahland\u0131r\u0131lmas\u0131, adada yeni bir silahlanma yar\u0131\u015f\u0131n\u0131 da tetikleyebilecektir. Milli davam\u0131z K\u0131br\u0131s meselesinde [&hellip;]","og_url":"https:\/\/kuzeyinsesi.org\/index.php\/2024\/12\/11\/fidan-gkrynin-silahlandirilmasi-adada-yeni-bir-silahlanma-yarisini-tetikleyebilir\/","og_site_name":"Kuzeyin Sesi","article_publisher":"https:\/\/www.facebook.com\/kuzeyinsesii","article_published_time":"2024-12-11T10:01:41+00:00","og_image":[{"url":"https:\/\/brtk.net\/wp-content\/uploads\/2024\/12\/11\/FIDANN.jpg?ver=3ad50a60c20d0adf2a6f4ec8805cf492","type":"","width":"","height":""}],"author":"Kuzeyin Sesi","twitter_card":"summary_large_image","twitter_creator":"@kuzeyinsesii","twitter_site":"@kuzeyinsesii","twitter_misc":{"Yazan:":"Kuzeyin Sesi","Tahmini okuma s\u00fcresi":"1 dakika"},"schema":{"@context":"https:\/\/schema.org","@graph":[{"@type":"Article","@id":"https:\/\/kuzeyinsesi.org\/index.php\/2024\/12\/11\/fidan-gkrynin-silahlandirilmasi-adada-yeni-bir-silahlanma-yarisini-tetikleyebilir\/#article","isPartOf":{"@id":"https:\/\/kuzeyinsesi.org\/index.php\/2024\/12\/11\/fidan-gkrynin-silahlandirilmasi-adada-yeni-bir-silahlanma-yarisini-tetikleyebilir\/"},"author":{"name":"Kuzeyin Sesi","@id":"https:\/\/kuzeyinsesi.org\/#\/schema\/person\/9f859689cdf01485597712386e37f5aa"},"headline":"Fidan: GKRY\u2019nin silahland\u0131r\u0131lmas\u0131 adada yeni bir silahlanma yar\u0131\u015f\u0131n\u0131 tetikleyebilir","datePublished":"2024-12-11T10:01:41+00:00","mainEntityOfPage":{"@id":"https:\/\/kuzeyinsesi.org\/index.php\/2024\/12\/11\/fidan-gkrynin-silahlandirilmasi-adada-yeni-bir-silahlanma-yarisini-tetikleyebilir\/"},"wordCount":210,"commentCount":0,"image":{"@id":"https:\/\/kuzeyinsesi.org\/index.php\/2024\/12\/11\/fidan-gkrynin-silahlandirilmasi-adada-yeni-bir-silahlanma-yarisini-tetikleyebilir\/#primaryimage"},"thumbnailUrl":"https:\/\/kuzeyinsesi.org\/wp-content\/uploads\/2024\/12\/FIDANN.jpg","articleSection":["T\u00fcrkiye"],"inLanguage":"tr","potentialAction":[{"@type":"CommentAction","name":"Comment","target":["https:\/\/kuzeyinsesi.org\/index.php\/2024\/12\/11\/fidan-gkrynin-silahlandirilmasi-adada-yeni-bir-silahlanma-yarisini-tetikleyebilir\/#respond"]}]},{"@type":"WebPage","@id":"https:\/\/kuzeyinsesi.org\/index.php\/2024\/12\/11\/fidan-gkrynin-silahlandirilmasi-adada-yeni-bir-silahlanma-yarisini-tetikleyebilir\/","url":"https:\/\/kuzeyinsesi.org\/index.php\/2024\/12\/11\/fidan-gkrynin-silahlandirilmasi-adada-yeni-bir-silahlanma-yarisini-tetikleyebilir\/","name":"Fidan: GKRY\u2019nin silahland\u0131r\u0131lmas\u0131 adada yeni bir silahlanma yar\u0131\u015f\u0131n\u0131 tetikleyebilir - Kuzeyin Sesi","isPartOf":{"@id":"https:\/\/kuzeyinsesi.org\/#website"},"primaryImageOfPage":{"@id":"https:\/\/kuzeyinsesi.org\/index.php\/2024\/12\/11\/fidan-gkrynin-silahlandirilmasi-adada-yeni-bir-silahlanma-yarisini-tetikleyebilir\/#primaryimage"},"image":{"@id":"https:\/\/kuzeyinsesi.org\/index.php\/2024\/12\/11\/fidan-gkrynin-silahlandirilmasi-adada-yeni-bir-silahlanma-yarisini-tetikleyebilir\/#primaryimage"},"thumbnailUrl":"https:\/\/kuzeyinsesi.org\/wp-content\/uploads\/2024\/12\/FIDANN.jpg","datePublished":"2024-12-11T10:01:41+00:00","author":{"@id":"https:\/\/kuzeyinsesi.org\/#\/schema\/person\/9f859689cdf01485597712386e37f5aa"},"breadcrumb":{"@id":"https:\/\/kuzeyinsesi.org\/index.php\/2024\/12\/11\/fidan-gkrynin-silahlandirilmasi-adada-yeni-bir-silahlanma-yarisini-tetikleyebilir\/#breadcrumb"},"inLanguage":"tr","potentialAction":[{"@type":"ReadAction","target":["https:\/\/kuzeyinsesi.org\/index.php\/2024\/12\/11\/fidan-gkrynin-silahlandirilmasi-adada-yeni-bir-silahlanma-yarisini-tetikleyebilir\/"]}]},{"@type":"ImageObject","inLanguage":"tr","@id":"https:\/\/kuzeyinsesi.org\/index.php\/2024\/12\/11\/fidan-gkrynin-silahlandirilmasi-adada-yeni-bir-silahlanma-yarisini-tetikleyebilir\/#primaryimage","url":"https:\/\/kuzeyinsesi.org\/wp-content\/uploads\/2024\/12\/FIDANN.jpg","contentUrl":"https:\/\/kuzeyinsesi.org\/wp-content\/uploads\/2024\/12\/FIDANN.jpg","width":864,"height":486},{"@type":"BreadcrumbList","@id":"https:\/\/kuzeyinsesi.org\/index.php\/2024\/12\/11\/fidan-gkrynin-silahlandirilmasi-adada-yeni-bir-silahlanma-yarisini-tetikleyebilir\/#breadcrumb","itemListElement":[{"@type":"ListItem","position":1,"name":"Anasayfa","item":"https:\/\/kuzeyinsesi.org\/"},{"@type":"ListItem","position":2,"name":"Fidan: GKRY\u2019nin silahland\u0131r\u0131lmas\u0131 adada yeni bir silahlanma yar\u0131\u015f\u0131n\u0131 tetikleyebilir"}]},{"@type":"WebSite","@id":"https:\/\/kuzeyinsesi.org\/#website","url":"https:\/\/kuzeyinsesi.org\/","name":"Kuzeyin Sesi","description":"Do\u011fru Haberin Adresi","potentialAction":[{"@type":"SearchAction","target":{"@type":"EntryPoint","urlTemplate":"https:\/\/kuzeyinsesi.org\/?s={search_term_string}"},"query-input":{"@type":"PropertyValueSpecification","valueRequired":true,"valueName":"search_term_string"}}],"inLanguage":"tr"},{"@type":"Person","@id":"https:\/\/kuzeyinsesi.org\/#\/schema\/person\/9f859689cdf01485597712386e37f5aa","name":"Kuzeyin Sesi","image":{"@type":"ImageObject","inLanguage":"tr","@id":"https:\/\/secure.gravatar.com\/avatar\/bab33852abfd8b282518d6ed81826833d77c3c882d9ab608add591ccace47a44?s=96&d=mm&r=g","url":"https:\/\/secure.gravatar.com\/avatar\/bab33852abfd8b282518d6ed81826833d77c3c882d9ab608add591ccace47a44?s=96&d=mm&r=g","contentUrl":"https:\/\/secure.gravatar.com\/avatar\/bab33852abfd8b282518d6ed81826833d77c3c882d9ab608add591ccace47a44?s=96&d=mm&r=g","caption":"Kuzeyin Sesi"},"sameAs":["https:\/\/kuzeyinsesi.org"],"url":"https:\/\/kuzeyinsesi.org\/index.php\/author\/guven\/"}]}},"_links":{"self":[{"href":"https:\/\/kuzeyinsesi.org\/index.php\/wp-json\/wp\/v2\/posts\/15374","targetHints":{"allow":["GET"]}}],"collection":[{"href":"https:\/\/kuzeyinsesi.org\/index.php\/wp-json\/wp\/v2\/posts"}],"about":[{"href":"https:\/\/kuzeyinsesi.org\/index.php\/wp-json\/wp\/v2\/types\/post"}],"author":[{"embeddable":true,"href":"https:\/\/kuzeyinsesi.org\/index.php\/wp-json\/wp\/v2\/users\/1"}],"replies":[{"embeddable":true,"href":"https:\/\/kuzeyinsesi.org\/index.php\/wp-json\/wp\/v2\/comments?post=15374"}],"version-history":[{"count":0,"href":"https:\/\/kuzeyinsesi.org\/index.php\/wp-json\/wp\/v2\/posts\/15374\/revisions"}],"wp:featuredmedia":[{"embeddable":true,"href":"https:\/\/kuzeyinsesi.org\/index.php\/wp-json\/wp\/v2\/media\/15375"}],"wp:attachment":[{"href":"https:\/\/kuzeyinsesi.org\/index.php\/wp-json\/wp\/v2\/media?parent=15374"}],"wp:term":[{"taxonomy":"category","embeddable":true,"href":"https:\/\/kuzeyinsesi.org\/index.php\/wp-json\/wp\/v2\/categories?post=15374"},{"taxonomy":"post_tag","embeddable":true,"href":"https:\/\/kuzeyinsesi.org\/index.php\/wp-json\/wp\/v2\/tags?post=15374"}],"curies":[{"name":"wp","href":"https:\/\/api.w.org\/{rel}","templated":true}]}}