{"id":15370,"date":"2024-12-11T11:56:58","date_gmt":"2024-12-11T09:56:58","guid":{"rendered":"https:\/\/kuzeyinsesi.org\/index.php\/2024\/12\/11\/dr-kenan-arifoglunun-iki-tekerlek-uzerinde-uzun-bir-zaman-adli-otantik-bisikletler-sergisi-lefkede-acildi\/"},"modified":"2024-12-11T11:56:58","modified_gmt":"2024-12-11T09:56:58","slug":"dr-kenan-arifoglunun-iki-tekerlek-uzerinde-uzun-bir-zaman-adli-otantik-bisikletler-sergisi-lefkede-acildi","status":"publish","type":"post","link":"https:\/\/kuzeyinsesi.org\/index.php\/2024\/12\/11\/dr-kenan-arifoglunun-iki-tekerlek-uzerinde-uzun-bir-zaman-adli-otantik-bisikletler-sergisi-lefkede-acildi\/","title":{"rendered":"Dr. Kenan Arifo\u011flu\u2019nun \u201c\u0130ki Tekerlek \u00dczerinde Uzun Bir Zaman\u201d adl\u0131 Otantik Bisikletler Sergisi Lefke\u2019de a\u00e7\u0131ld\u0131"},"content":{"rendered":"<div>\n<div class=\"mariselle-image-container none\">\n                                            <\/div>\n<p style=\"font-weight: 300;\"><span style=\"font-weight: 300 !important;\">Ba\u015fbakan Yard\u0131mc\u0131l\u0131\u011f\u0131, Turizm, K\u00fclt\u00fcr, Gen\u00e7lik ve \u00c7evre Bakanl\u0131\u011f\u0131\u2019na ba\u011fl\u0131 K\u00fclt\u00fcr Dairesi, Dr. Kenan Arifo\u011flu\u2019nun \u201c\u0130ki Tekerlek \u00dczerinde Uzun Bir Zaman\u201d adl\u0131 Otantik Bisikletler Sergisi\u2019ni d\u00fcn Lefke\u2019de Atat\u00fcrk Park\u0131\u2019nda a\u00e7t\u0131.<\/span><\/p>\n<p style=\"font-weight: 300;\"><span style=\"font-weight: 300 !important;\">Daireden yap\u0131lan a\u00e7\u0131klamaya g\u00f6re, Lefke Belediyesi ile i\u015f birli\u011finde a\u00e7\u0131lan sergi bisiklet kullanma k\u00fclt\u00fcr\u00fcne dikkat \u00e7ekmek amac\u0131yla Lefke\u2019ye ta\u015f\u0131nd\u0131.<\/span><\/p>\n<p style=\"font-weight: 300;\"><span style=\"font-weight: 300 !important;\">K\u00fclt\u00fcr Dairesi M\u00fcd\u00fcr\u00fc \u015eirin Zaima\u011fao\u011flu ile Lefke Belediye Ba\u015fkan\u0131 Aziz Kaya\u2019n\u0131n a\u00e7\u0131l\u0131\u015f\u0131n\u0131 birlikte yapt\u0131klar\u0131 sergi, 18 Aral\u0131k \u00c7ar\u015famba g\u00fcn\u00fcne kadar ziyaret edilebilecek.<\/span><\/p>\n<p style=\"font-weight: 300;\"><span style=\"font-weight: 300 !important;\">K\u00fclt\u00fcr Dairesi M\u00fcd\u00fcr\u00fc \u015eirin Zaima\u011fao\u011flu a\u00e7\u0131l\u0131\u015fta yapt\u0131\u011f\u0131 konu\u015fmada, bisiklet kullanman\u0131n do\u011fa ve insan sa\u011fl\u0131\u011f\u0131na iyi geldi\u011fi gibi insanlar\u0131n birbirine \u00f6zen g\u00f6sterip, korumas\u0131na da katk\u0131 koydu\u011funu belirtti.<\/span><\/p>\n<p style=\"font-weight: 300;\"><span style=\"font-weight: 300 !important;\">Bisiklet kullan\u0131rken, selamla\u015fman\u0131n insanlar\u0131 birbirine ba\u011flad\u0131\u011f\u0131n\u0131 ifade eden Zaima\u011fao\u011flu, serginin, kendisini eski Lefko\u015fa\u2019ya, \u00e7ocuklu\u011funa g\u00f6t\u00fcrd\u00fc\u011f\u00fcn\u00fc s\u00f6yledi.<\/span><\/p>\n<p style=\"font-weight: 300;\"><span style=\"font-weight: 300 !important;\">Lefke Belediye Ba\u015fkan\u0131 Aziz Kaya da, K\u00fclt\u00fcr Dairesi M\u00fcd\u00fcr\u00fc \u015eirin Zaima\u011fao\u011flu ve Dr. Kenan Arifo\u011flu\u2019na, serginin, Lefkeliler ile bulu\u015fmas\u0131n\u0131 sa\u011flad\u0131klar\u0131 i\u00e7in te\u015fekk\u00fcr etti.<\/span><\/p>\n<p style=\"font-weight: 300;\"><span style=\"font-weight: 300 !important;\">\u201c\u0130ki Tekerlek \u00dczerinde Uzun Bir Zaman\u201d adl\u0131 Otantik Bisikletler Sergisi, pazar g\u00fcn\u00fc hari\u00e7 11-18 Aral\u0131k tarihleri aras\u0131nda 11.00-15.00 saatlerinde ziyarete a\u00e7\u0131k olacak.<\/span><\/p>\n<p>\u00a0<\/p>\n<p>\u00a0<\/p>\n<\/p><\/div>\n<p><script async\n                    defer\n                    crossorigin=\"anonymous\"\n                    src=\"https:\/\/connect.facebook.net\/tr_TR\/sdk.js#xfbml=1&#038;version=v3.3\"\n            ><\/script><\/p>\n","protected":false},"excerpt":{"rendered":"<p>Ba\u015fbakan Yard\u0131mc\u0131l\u0131\u011f\u0131, Turizm, K\u00fclt\u00fcr, Gen\u00e7lik ve \u00c7evre Bakanl\u0131\u011f\u0131\u2019na ba\u011fl\u0131 K\u00fclt\u00fcr Dairesi, Dr. Kenan Arifo\u011flu\u2019nun \u201c\u0130ki Tekerlek \u00dczerinde Uzun Bir Zaman\u201d adl\u0131 Otantik Bisikletler Sergisi\u2019ni d\u00fcn Lefke\u2019de Atat\u00fcrk Park\u0131\u2019nda a\u00e7t\u0131. Daireden yap\u0131lan a\u00e7\u0131klamaya g\u00f6re, Lefke Belediyesi ile i\u015f birli\u011finde a\u00e7\u0131lan sergi bisiklet kullanma k\u00fclt\u00fcr\u00fcne dikkat \u00e7ekmek amac\u0131yla Lefke\u2019ye ta\u015f\u0131nd\u0131. K\u00fclt\u00fcr Dairesi M\u00fcd\u00fcr\u00fc \u015eirin Zaima\u011fao\u011flu ile Lefke [&hellip;]<\/p>\n","protected":false},"author":1,"featured_media":15371,"comment_status":"open","ping_status":"open","sticky":false,"template":"","format":"standard","meta":{"jnews-multi-image_gallery":[],"jnews_single_post":[],"jnews_primary_category":[],"jnews_social_meta":[],"jnews_override_counter":[],"footnotes":""},"categories":[6],"tags":[],"class_list":["post-15370","post","type-post","status-publish","format-standard","has-post-thumbnail","hentry","category-yasam"],"yoast_head":"<!-- This site is optimized with the Yoast SEO plugin v27.4 - https:\/\/yoast.com\/product\/yoast-seo-wordpress\/ -->\n<title>Dr. Kenan Arifo\u011flu\u2019nun \u201c\u0130ki Tekerlek \u00dczerinde Uzun Bir Zaman\u201d adl\u0131 Otantik Bisikletler Sergisi Lefke\u2019de a\u00e7\u0131ld\u0131 - Kuzeyin Sesi<\/title>\n<meta name=\"robots\" content=\"index, follow, max-snippet:-1, max-image-preview:large, max-video-preview:-1\" \/>\n<link rel=\"canonical\" href=\"https:\/\/kuzeyinsesi.org\/index.php\/2024\/12\/11\/dr-kenan-arifoglunun-iki-tekerlek-uzerinde-uzun-bir-zaman-adli-otantik-bisikletler-sergisi-lefkede-acildi\/\" \/>\n<meta property=\"og:locale\" content=\"tr_TR\" \/>\n<meta property=\"og:type\" content=\"article\" \/>\n<meta property=\"og:title\" content=\"Dr. Kenan Arifo\u011flu\u2019nun \u201c\u0130ki Tekerlek \u00dczerinde Uzun Bir Zaman\u201d adl\u0131 Otantik Bisikletler Sergisi Lefke\u2019de a\u00e7\u0131ld\u0131 - Kuzeyin Sesi\" \/>\n<meta property=\"og:description\" content=\"Ba\u015fbakan Yard\u0131mc\u0131l\u0131\u011f\u0131, Turizm, K\u00fclt\u00fcr, Gen\u00e7lik ve \u00c7evre Bakanl\u0131\u011f\u0131\u2019na ba\u011fl\u0131 K\u00fclt\u00fcr Dairesi, Dr. Kenan Arifo\u011flu\u2019nun \u201c\u0130ki Tekerlek \u00dczerinde Uzun Bir Zaman\u201d adl\u0131 Otantik Bisikletler Sergisi\u2019ni d\u00fcn Lefke\u2019de Atat\u00fcrk Park\u0131\u2019nda a\u00e7t\u0131. Daireden yap\u0131lan a\u00e7\u0131klamaya g\u00f6re, Lefke Belediyesi ile i\u015f birli\u011finde a\u00e7\u0131lan sergi bisiklet kullanma k\u00fclt\u00fcr\u00fcne dikkat \u00e7ekmek amac\u0131yla Lefke\u2019ye ta\u015f\u0131nd\u0131. K\u00fclt\u00fcr Dairesi M\u00fcd\u00fcr\u00fc \u015eirin Zaima\u011fao\u011flu ile Lefke [&hellip;]\" \/>\n<meta property=\"og:url\" content=\"https:\/\/kuzeyinsesi.org\/index.php\/2024\/12\/11\/dr-kenan-arifoglunun-iki-tekerlek-uzerinde-uzun-bir-zaman-adli-otantik-bisikletler-sergisi-lefkede-acildi\/\" \/>\n<meta property=\"og:site_name\" content=\"Kuzeyin Sesi\" \/>\n<meta property=\"article:publisher\" content=\"https:\/\/www.facebook.com\/kuzeyinsesii\" \/>\n<meta property=\"article:published_time\" content=\"2024-12-11T09:56:58+00:00\" \/>\n<meta property=\"og:image\" content=\"https:\/\/brtk.net\/wp-content\/uploads\/2024\/12\/11\/Kultur-dairesi-bisiklet-sergisi-2.jpg?ver=be542c9544b1dfa73426ca3f046a2166\" \/>\n<meta name=\"author\" content=\"Kuzeyin Sesi\" \/>\n<meta name=\"twitter:card\" content=\"summary_large_image\" \/>\n<meta name=\"twitter:creator\" content=\"@kuzeyinsesii\" \/>\n<meta name=\"twitter:site\" content=\"@kuzeyinsesii\" \/>\n<meta name=\"twitter:label1\" content=\"Yazan:\" \/>\n\t<meta name=\"twitter:data1\" content=\"Kuzeyin Sesi\" \/>\n\t<meta name=\"twitter:label2\" content=\"Tahmini okuma s\u00fcresi\" \/>\n\t<meta name=\"twitter:data2\" content=\"1 dakika\" \/>\n<script type=\"application\/ld+json\" class=\"yoast-schema-graph\">{\"@context\":\"https:\\\/\\\/schema.org\",\"@graph\":[{\"@type\":\"Article\",\"@id\":\"https:\\\/\\\/kuzeyinsesi.org\\\/index.php\\\/2024\\\/12\\\/11\\\/dr-kenan-arifoglunun-iki-tekerlek-uzerinde-uzun-bir-zaman-adli-otantik-bisikletler-sergisi-lefkede-acildi\\\/#article\",\"isPartOf\":{\"@id\":\"https:\\\/\\\/kuzeyinsesi.org\\\/index.php\\\/2024\\\/12\\\/11\\\/dr-kenan-arifoglunun-iki-tekerlek-uzerinde-uzun-bir-zaman-adli-otantik-bisikletler-sergisi-lefkede-acildi\\\/\"},\"author\":{\"name\":\"Kuzeyin Sesi\",\"@id\":\"https:\\\/\\\/kuzeyinsesi.org\\\/#\\\/schema\\\/person\\\/9f859689cdf01485597712386e37f5aa\"},\"headline\":\"Dr. Kenan Arifo\u011flu\u2019nun \u201c\u0130ki Tekerlek \u00dczerinde Uzun Bir Zaman\u201d adl\u0131 Otantik Bisikletler Sergisi Lefke\u2019de a\u00e7\u0131ld\u0131\",\"datePublished\":\"2024-12-11T09:56:58+00:00\",\"mainEntityOfPage\":{\"@id\":\"https:\\\/\\\/kuzeyinsesi.org\\\/index.php\\\/2024\\\/12\\\/11\\\/dr-kenan-arifoglunun-iki-tekerlek-uzerinde-uzun-bir-zaman-adli-otantik-bisikletler-sergisi-lefkede-acildi\\\/\"},\"wordCount\":272,\"commentCount\":0,\"image\":{\"@id\":\"https:\\\/\\\/kuzeyinsesi.org\\\/index.php\\\/2024\\\/12\\\/11\\\/dr-kenan-arifoglunun-iki-tekerlek-uzerinde-uzun-bir-zaman-adli-otantik-bisikletler-sergisi-lefkede-acildi\\\/#primaryimage\"},\"thumbnailUrl\":\"https:\\\/\\\/kuzeyinsesi.org\\\/wp-content\\\/uploads\\\/2024\\\/12\\\/Kultur-dairesi-bisiklet-sergisi-2.jpg\",\"articleSection\":[\"Ya\u015fam\"],\"inLanguage\":\"tr\",\"potentialAction\":[{\"@type\":\"CommentAction\",\"name\":\"Comment\",\"target\":[\"https:\\\/\\\/kuzeyinsesi.org\\\/index.php\\\/2024\\\/12\\\/11\\\/dr-kenan-arifoglunun-iki-tekerlek-uzerinde-uzun-bir-zaman-adli-otantik-bisikletler-sergisi-lefkede-acildi\\\/#respond\"]}]},{\"@type\":\"WebPage\",\"@id\":\"https:\\\/\\\/kuzeyinsesi.org\\\/index.php\\\/2024\\\/12\\\/11\\\/dr-kenan-arifoglunun-iki-tekerlek-uzerinde-uzun-bir-zaman-adli-otantik-bisikletler-sergisi-lefkede-acildi\\\/\",\"url\":\"https:\\\/\\\/kuzeyinsesi.org\\\/index.php\\\/2024\\\/12\\\/11\\\/dr-kenan-arifoglunun-iki-tekerlek-uzerinde-uzun-bir-zaman-adli-otantik-bisikletler-sergisi-lefkede-acildi\\\/\",\"name\":\"Dr. Kenan Arifo\u011flu\u2019nun \u201c\u0130ki Tekerlek \u00dczerinde Uzun Bir Zaman\u201d adl\u0131 Otantik Bisikletler Sergisi Lefke\u2019de a\u00e7\u0131ld\u0131 - Kuzeyin Sesi\",\"isPartOf\":{\"@id\":\"https:\\\/\\\/kuzeyinsesi.org\\\/#website\"},\"primaryImageOfPage\":{\"@id\":\"https:\\\/\\\/kuzeyinsesi.org\\\/index.php\\\/2024\\\/12\\\/11\\\/dr-kenan-arifoglunun-iki-tekerlek-uzerinde-uzun-bir-zaman-adli-otantik-bisikletler-sergisi-lefkede-acildi\\\/#primaryimage\"},\"image\":{\"@id\":\"https:\\\/\\\/kuzeyinsesi.org\\\/index.php\\\/2024\\\/12\\\/11\\\/dr-kenan-arifoglunun-iki-tekerlek-uzerinde-uzun-bir-zaman-adli-otantik-bisikletler-sergisi-lefkede-acildi\\\/#primaryimage\"},\"thumbnailUrl\":\"https:\\\/\\\/kuzeyinsesi.org\\\/wp-content\\\/uploads\\\/2024\\\/12\\\/Kultur-dairesi-bisiklet-sergisi-2.jpg\",\"datePublished\":\"2024-12-11T09:56:58+00:00\",\"author\":{\"@id\":\"https:\\\/\\\/kuzeyinsesi.org\\\/#\\\/schema\\\/person\\\/9f859689cdf01485597712386e37f5aa\"},\"breadcrumb\":{\"@id\":\"https:\\\/\\\/kuzeyinsesi.org\\\/index.php\\\/2024\\\/12\\\/11\\\/dr-kenan-arifoglunun-iki-tekerlek-uzerinde-uzun-bir-zaman-adli-otantik-bisikletler-sergisi-lefkede-acildi\\\/#breadcrumb\"},\"inLanguage\":\"tr\",\"potentialAction\":[{\"@type\":\"ReadAction\",\"target\":[\"https:\\\/\\\/kuzeyinsesi.org\\\/index.php\\\/2024\\\/12\\\/11\\\/dr-kenan-arifoglunun-iki-tekerlek-uzerinde-uzun-bir-zaman-adli-otantik-bisikletler-sergisi-lefkede-acildi\\\/\"]}]},{\"@type\":\"ImageObject\",\"inLanguage\":\"tr\",\"@id\":\"https:\\\/\\\/kuzeyinsesi.org\\\/index.php\\\/2024\\\/12\\\/11\\\/dr-kenan-arifoglunun-iki-tekerlek-uzerinde-uzun-bir-zaman-adli-otantik-bisikletler-sergisi-lefkede-acildi\\\/#primaryimage\",\"url\":\"https:\\\/\\\/kuzeyinsesi.org\\\/wp-content\\\/uploads\\\/2024\\\/12\\\/Kultur-dairesi-bisiklet-sergisi-2.jpg\",\"contentUrl\":\"https:\\\/\\\/kuzeyinsesi.org\\\/wp-content\\\/uploads\\\/2024\\\/12\\\/Kultur-dairesi-bisiklet-sergisi-2.jpg\",\"width\":930,\"height\":421},{\"@type\":\"BreadcrumbList\",\"@id\":\"https:\\\/\\\/kuzeyinsesi.org\\\/index.php\\\/2024\\\/12\\\/11\\\/dr-kenan-arifoglunun-iki-tekerlek-uzerinde-uzun-bir-zaman-adli-otantik-bisikletler-sergisi-lefkede-acildi\\\/#breadcrumb\",\"itemListElement\":[{\"@type\":\"ListItem\",\"position\":1,\"name\":\"Anasayfa\",\"item\":\"https:\\\/\\\/kuzeyinsesi.org\\\/\"},{\"@type\":\"ListItem\",\"position\":2,\"name\":\"Dr. Kenan Arifo\u011flu\u2019nun \u201c\u0130ki Tekerlek \u00dczerinde Uzun Bir Zaman\u201d adl\u0131 Otantik Bisikletler Sergisi Lefke\u2019de a\u00e7\u0131ld\u0131\"}]},{\"@type\":\"WebSite\",\"@id\":\"https:\\\/\\\/kuzeyinsesi.org\\\/#website\",\"url\":\"https:\\\/\\\/kuzeyinsesi.org\\\/\",\"name\":\"Kuzeyin Sesi\",\"description\":\"Do\u011fru Haberin Adresi\",\"potentialAction\":[{\"@type\":\"SearchAction\",\"target\":{\"@type\":\"EntryPoint\",\"urlTemplate\":\"https:\\\/\\\/kuzeyinsesi.org\\\/?s={search_term_string}\"},\"query-input\":{\"@type\":\"PropertyValueSpecification\",\"valueRequired\":true,\"valueName\":\"search_term_string\"}}],\"inLanguage\":\"tr\"},{\"@type\":\"Person\",\"@id\":\"https:\\\/\\\/kuzeyinsesi.org\\\/#\\\/schema\\\/person\\\/9f859689cdf01485597712386e37f5aa\",\"name\":\"Kuzeyin Sesi\",\"image\":{\"@type\":\"ImageObject\",\"inLanguage\":\"tr\",\"@id\":\"https:\\\/\\\/secure.gravatar.com\\\/avatar\\\/bab33852abfd8b282518d6ed81826833d77c3c882d9ab608add591ccace47a44?s=96&d=mm&r=g\",\"url\":\"https:\\\/\\\/secure.gravatar.com\\\/avatar\\\/bab33852abfd8b282518d6ed81826833d77c3c882d9ab608add591ccace47a44?s=96&d=mm&r=g\",\"contentUrl\":\"https:\\\/\\\/secure.gravatar.com\\\/avatar\\\/bab33852abfd8b282518d6ed81826833d77c3c882d9ab608add591ccace47a44?s=96&d=mm&r=g\",\"caption\":\"Kuzeyin Sesi\"},\"sameAs\":[\"https:\\\/\\\/kuzeyinsesi.org\"],\"url\":\"https:\\\/\\\/kuzeyinsesi.org\\\/index.php\\\/author\\\/guven\\\/\"}]}<\/script>\n<!-- \/ Yoast SEO plugin. -->","yoast_head_json":{"title":"Dr. Kenan Arifo\u011flu\u2019nun \u201c\u0130ki Tekerlek \u00dczerinde Uzun Bir Zaman\u201d adl\u0131 Otantik Bisikletler Sergisi Lefke\u2019de a\u00e7\u0131ld\u0131 - Kuzeyin Sesi","robots":{"index":"index","follow":"follow","max-snippet":"max-snippet:-1","max-image-preview":"max-image-preview:large","max-video-preview":"max-video-preview:-1"},"canonical":"https:\/\/kuzeyinsesi.org\/index.php\/2024\/12\/11\/dr-kenan-arifoglunun-iki-tekerlek-uzerinde-uzun-bir-zaman-adli-otantik-bisikletler-sergisi-lefkede-acildi\/","og_locale":"tr_TR","og_type":"article","og_title":"Dr. Kenan Arifo\u011flu\u2019nun \u201c\u0130ki Tekerlek \u00dczerinde Uzun Bir Zaman\u201d adl\u0131 Otantik Bisikletler Sergisi Lefke\u2019de a\u00e7\u0131ld\u0131 - Kuzeyin Sesi","og_description":"Ba\u015fbakan Yard\u0131mc\u0131l\u0131\u011f\u0131, Turizm, K\u00fclt\u00fcr, Gen\u00e7lik ve \u00c7evre Bakanl\u0131\u011f\u0131\u2019na ba\u011fl\u0131 K\u00fclt\u00fcr Dairesi, Dr. Kenan Arifo\u011flu\u2019nun \u201c\u0130ki Tekerlek \u00dczerinde Uzun Bir Zaman\u201d adl\u0131 Otantik Bisikletler Sergisi\u2019ni d\u00fcn Lefke\u2019de Atat\u00fcrk Park\u0131\u2019nda a\u00e7t\u0131. Daireden yap\u0131lan a\u00e7\u0131klamaya g\u00f6re, Lefke Belediyesi ile i\u015f birli\u011finde a\u00e7\u0131lan sergi bisiklet kullanma k\u00fclt\u00fcr\u00fcne dikkat \u00e7ekmek amac\u0131yla Lefke\u2019ye ta\u015f\u0131nd\u0131. K\u00fclt\u00fcr Dairesi M\u00fcd\u00fcr\u00fc \u015eirin Zaima\u011fao\u011flu ile Lefke [&hellip;]","og_url":"https:\/\/kuzeyinsesi.org\/index.php\/2024\/12\/11\/dr-kenan-arifoglunun-iki-tekerlek-uzerinde-uzun-bir-zaman-adli-otantik-bisikletler-sergisi-lefkede-acildi\/","og_site_name":"Kuzeyin Sesi","article_publisher":"https:\/\/www.facebook.com\/kuzeyinsesii","article_published_time":"2024-12-11T09:56:58+00:00","og_image":[{"url":"https:\/\/brtk.net\/wp-content\/uploads\/2024\/12\/11\/Kultur-dairesi-bisiklet-sergisi-2.jpg?ver=be542c9544b1dfa73426ca3f046a2166","type":"","width":"","height":""}],"author":"Kuzeyin Sesi","twitter_card":"summary_large_image","twitter_creator":"@kuzeyinsesii","twitter_site":"@kuzeyinsesii","twitter_misc":{"Yazan:":"Kuzeyin Sesi","Tahmini okuma s\u00fcresi":"1 dakika"},"schema":{"@context":"https:\/\/schema.org","@graph":[{"@type":"Article","@id":"https:\/\/kuzeyinsesi.org\/index.php\/2024\/12\/11\/dr-kenan-arifoglunun-iki-tekerlek-uzerinde-uzun-bir-zaman-adli-otantik-bisikletler-sergisi-lefkede-acildi\/#article","isPartOf":{"@id":"https:\/\/kuzeyinsesi.org\/index.php\/2024\/12\/11\/dr-kenan-arifoglunun-iki-tekerlek-uzerinde-uzun-bir-zaman-adli-otantik-bisikletler-sergisi-lefkede-acildi\/"},"author":{"name":"Kuzeyin Sesi","@id":"https:\/\/kuzeyinsesi.org\/#\/schema\/person\/9f859689cdf01485597712386e37f5aa"},"headline":"Dr. Kenan Arifo\u011flu\u2019nun \u201c\u0130ki Tekerlek \u00dczerinde Uzun Bir Zaman\u201d adl\u0131 Otantik Bisikletler Sergisi Lefke\u2019de a\u00e7\u0131ld\u0131","datePublished":"2024-12-11T09:56:58+00:00","mainEntityOfPage":{"@id":"https:\/\/kuzeyinsesi.org\/index.php\/2024\/12\/11\/dr-kenan-arifoglunun-iki-tekerlek-uzerinde-uzun-bir-zaman-adli-otantik-bisikletler-sergisi-lefkede-acildi\/"},"wordCount":272,"commentCount":0,"image":{"@id":"https:\/\/kuzeyinsesi.org\/index.php\/2024\/12\/11\/dr-kenan-arifoglunun-iki-tekerlek-uzerinde-uzun-bir-zaman-adli-otantik-bisikletler-sergisi-lefkede-acildi\/#primaryimage"},"thumbnailUrl":"https:\/\/kuzeyinsesi.org\/wp-content\/uploads\/2024\/12\/Kultur-dairesi-bisiklet-sergisi-2.jpg","articleSection":["Ya\u015fam"],"inLanguage":"tr","potentialAction":[{"@type":"CommentAction","name":"Comment","target":["https:\/\/kuzeyinsesi.org\/index.php\/2024\/12\/11\/dr-kenan-arifoglunun-iki-tekerlek-uzerinde-uzun-bir-zaman-adli-otantik-bisikletler-sergisi-lefkede-acildi\/#respond"]}]},{"@type":"WebPage","@id":"https:\/\/kuzeyinsesi.org\/index.php\/2024\/12\/11\/dr-kenan-arifoglunun-iki-tekerlek-uzerinde-uzun-bir-zaman-adli-otantik-bisikletler-sergisi-lefkede-acildi\/","url":"https:\/\/kuzeyinsesi.org\/index.php\/2024\/12\/11\/dr-kenan-arifoglunun-iki-tekerlek-uzerinde-uzun-bir-zaman-adli-otantik-bisikletler-sergisi-lefkede-acildi\/","name":"Dr. Kenan Arifo\u011flu\u2019nun \u201c\u0130ki Tekerlek \u00dczerinde Uzun Bir Zaman\u201d adl\u0131 Otantik Bisikletler Sergisi Lefke\u2019de a\u00e7\u0131ld\u0131 - Kuzeyin Sesi","isPartOf":{"@id":"https:\/\/kuzeyinsesi.org\/#website"},"primaryImageOfPage":{"@id":"https:\/\/kuzeyinsesi.org\/index.php\/2024\/12\/11\/dr-kenan-arifoglunun-iki-tekerlek-uzerinde-uzun-bir-zaman-adli-otantik-bisikletler-sergisi-lefkede-acildi\/#primaryimage"},"image":{"@id":"https:\/\/kuzeyinsesi.org\/index.php\/2024\/12\/11\/dr-kenan-arifoglunun-iki-tekerlek-uzerinde-uzun-bir-zaman-adli-otantik-bisikletler-sergisi-lefkede-acildi\/#primaryimage"},"thumbnailUrl":"https:\/\/kuzeyinsesi.org\/wp-content\/uploads\/2024\/12\/Kultur-dairesi-bisiklet-sergisi-2.jpg","datePublished":"2024-12-11T09:56:58+00:00","author":{"@id":"https:\/\/kuzeyinsesi.org\/#\/schema\/person\/9f859689cdf01485597712386e37f5aa"},"breadcrumb":{"@id":"https:\/\/kuzeyinsesi.org\/index.php\/2024\/12\/11\/dr-kenan-arifoglunun-iki-tekerlek-uzerinde-uzun-bir-zaman-adli-otantik-bisikletler-sergisi-lefkede-acildi\/#breadcrumb"},"inLanguage":"tr","potentialAction":[{"@type":"ReadAction","target":["https:\/\/kuzeyinsesi.org\/index.php\/2024\/12\/11\/dr-kenan-arifoglunun-iki-tekerlek-uzerinde-uzun-bir-zaman-adli-otantik-bisikletler-sergisi-lefkede-acildi\/"]}]},{"@type":"ImageObject","inLanguage":"tr","@id":"https:\/\/kuzeyinsesi.org\/index.php\/2024\/12\/11\/dr-kenan-arifoglunun-iki-tekerlek-uzerinde-uzun-bir-zaman-adli-otantik-bisikletler-sergisi-lefkede-acildi\/#primaryimage","url":"https:\/\/kuzeyinsesi.org\/wp-content\/uploads\/2024\/12\/Kultur-dairesi-bisiklet-sergisi-2.jpg","contentUrl":"https:\/\/kuzeyinsesi.org\/wp-content\/uploads\/2024\/12\/Kultur-dairesi-bisiklet-sergisi-2.jpg","width":930,"height":421},{"@type":"BreadcrumbList","@id":"https:\/\/kuzeyinsesi.org\/index.php\/2024\/12\/11\/dr-kenan-arifoglunun-iki-tekerlek-uzerinde-uzun-bir-zaman-adli-otantik-bisikletler-sergisi-lefkede-acildi\/#breadcrumb","itemListElement":[{"@type":"ListItem","position":1,"name":"Anasayfa","item":"https:\/\/kuzeyinsesi.org\/"},{"@type":"ListItem","position":2,"name":"Dr. Kenan Arifo\u011flu\u2019nun \u201c\u0130ki Tekerlek \u00dczerinde Uzun Bir Zaman\u201d adl\u0131 Otantik Bisikletler Sergisi Lefke\u2019de a\u00e7\u0131ld\u0131"}]},{"@type":"WebSite","@id":"https:\/\/kuzeyinsesi.org\/#website","url":"https:\/\/kuzeyinsesi.org\/","name":"Kuzeyin Sesi","description":"Do\u011fru Haberin Adresi","potentialAction":[{"@type":"SearchAction","target":{"@type":"EntryPoint","urlTemplate":"https:\/\/kuzeyinsesi.org\/?s={search_term_string}"},"query-input":{"@type":"PropertyValueSpecification","valueRequired":true,"valueName":"search_term_string"}}],"inLanguage":"tr"},{"@type":"Person","@id":"https:\/\/kuzeyinsesi.org\/#\/schema\/person\/9f859689cdf01485597712386e37f5aa","name":"Kuzeyin Sesi","image":{"@type":"ImageObject","inLanguage":"tr","@id":"https:\/\/secure.gravatar.com\/avatar\/bab33852abfd8b282518d6ed81826833d77c3c882d9ab608add591ccace47a44?s=96&d=mm&r=g","url":"https:\/\/secure.gravatar.com\/avatar\/bab33852abfd8b282518d6ed81826833d77c3c882d9ab608add591ccace47a44?s=96&d=mm&r=g","contentUrl":"https:\/\/secure.gravatar.com\/avatar\/bab33852abfd8b282518d6ed81826833d77c3c882d9ab608add591ccace47a44?s=96&d=mm&r=g","caption":"Kuzeyin Sesi"},"sameAs":["https:\/\/kuzeyinsesi.org"],"url":"https:\/\/kuzeyinsesi.org\/index.php\/author\/guven\/"}]}},"_links":{"self":[{"href":"https:\/\/kuzeyinsesi.org\/index.php\/wp-json\/wp\/v2\/posts\/15370","targetHints":{"allow":["GET"]}}],"collection":[{"href":"https:\/\/kuzeyinsesi.org\/index.php\/wp-json\/wp\/v2\/posts"}],"about":[{"href":"https:\/\/kuzeyinsesi.org\/index.php\/wp-json\/wp\/v2\/types\/post"}],"author":[{"embeddable":true,"href":"https:\/\/kuzeyinsesi.org\/index.php\/wp-json\/wp\/v2\/users\/1"}],"replies":[{"embeddable":true,"href":"https:\/\/kuzeyinsesi.org\/index.php\/wp-json\/wp\/v2\/comments?post=15370"}],"version-history":[{"count":0,"href":"https:\/\/kuzeyinsesi.org\/index.php\/wp-json\/wp\/v2\/posts\/15370\/revisions"}],"wp:featuredmedia":[{"embeddable":true,"href":"https:\/\/kuzeyinsesi.org\/index.php\/wp-json\/wp\/v2\/media\/15371"}],"wp:attachment":[{"href":"https:\/\/kuzeyinsesi.org\/index.php\/wp-json\/wp\/v2\/media?parent=15370"}],"wp:term":[{"taxonomy":"category","embeddable":true,"href":"https:\/\/kuzeyinsesi.org\/index.php\/wp-json\/wp\/v2\/categories?post=15370"},{"taxonomy":"post_tag","embeddable":true,"href":"https:\/\/kuzeyinsesi.org\/index.php\/wp-json\/wp\/v2\/tags?post=15370"}],"curies":[{"name":"wp","href":"https:\/\/api.w.org\/{rel}","templated":true}]}}