{"id":1534,"date":"2024-05-07T03:55:21","date_gmt":"2024-05-07T00:55:21","guid":{"rendered":"https:\/\/kuzeyinsesi.com\/index.php\/2024\/05\/07\/katar-ateskes-muzakereleri-icin-bugun-misira-heyet-gonderiyor\/"},"modified":"2024-05-07T03:55:21","modified_gmt":"2024-05-07T00:55:21","slug":"katar-ateskes-muzakereleri-icin-bugun-misira-heyet-gonderiyor","status":"publish","type":"post","link":"https:\/\/kuzeyinsesi.org\/index.php\/2024\/05\/07\/katar-ateskes-muzakereleri-icin-bugun-misira-heyet-gonderiyor\/","title":{"rendered":"Katar, ate\u015fkes m\u00fczakereleri i\u00e7in bug\u00fcn M\u0131s\u0131r&#039;a heyet g\u00f6nderiyor"},"content":{"rendered":"<p><\/p>\n<div>\n<p>&#13;<br \/>\n\t<a href=\"https:\/\/www.trthaber.com\/etiket\/katar\/\" target=\"_blank\" rel=\"noopener\">Katar<\/a> D\u0131\u015fi\u015fleri Bakanl\u0131\u011f\u0131n\u0131n X sosyal <a href=\"https:\/\/www.trthaber.com\/etiket\/medya\/\" target=\"_blank\" rel=\"noopener\">medya<\/a> platformundan yapt\u0131\u011f\u0131 a\u00e7\u0131klamaya g\u00f6re, <a href=\"https:\/\/www.trthaber.com\/etiket\/disisleri-bakanligi\/\" target=\"_blank\" rel=\"noopener\">D\u0131\u015fi\u015fleri Bakanl\u0131\u011f\u0131<\/a> S\u00f6zc\u00fcs\u00fc Macid el-Ensari, arabulucular\u0131n <a href=\"https:\/\/www.trthaber.com\/etiket\/israil\/\" target=\"_blank\" rel=\"noopener\">\u0130srail<\/a> ve Hamas&#8217;a sunduklar\u0131 \u00f6nerilere ili\u015fkin Hamas&#8217;tan bir yan\u0131t ald\u0131klar\u0131n\u0131 belirtti.<\/p>\n<p>&#13;<br \/>\n\tHamas&#8217;\u0131n yan\u0131t\u0131n\u0131 &#8220;olumlu&#8221; de\u011ferlendiren Ensari, &#8220;Katar heyeti, arabulucular \u00fczerinden yap\u0131lan dolayl\u0131 m\u00fczakerelerin yeniden ba\u015flamas\u0131 i\u00e7in Sal\u0131 g\u00fcn\u00fc sabah\u0131 Kahire&#8217;ye gidecek&#8221; ifadelerini kulland\u0131.<\/p>\n<p>&#13;<br \/>\n\tEnsari, m\u00fczakere turunun derhal ba\u015flayacak kal\u0131c\u0131 bir ate\u015fkesin yan\u0131 s\u0131ra esir takas\u0131 ve <a href=\"https:\/\/www.trthaber.com\/etiket\/gazze\/\" target=\"_blank\" rel=\"noopener\">Gazze<\/a> \u015eeridi&#8217;nin t\u00fcm b\u00f6lgelerine insani yard\u0131mlar\u0131n giri\u015fini sa\u011flayacak anla\u015fmayla sonu\u00e7lanmas\u0131n\u0131 temenni ettiklerini kaydetti.<\/p>\n<p>&#13;<br \/>\n\t<strong>Hamas ate\u015fkes \u00f6nerisine onay vermi\u015fti<\/strong><\/p>\n<p>&#13;<br \/>\n\t<a href=\"https:\/\/www.trthaber.com\/etiket\/hamas\/\" target=\"_blank\" rel=\"noopener\">Hamas<\/a> Hareketi Siyasi B\u00fcro Ba\u015fkan\u0131 \u0130smail Heniyye, Katar ve M\u0131s\u0131r&#8217;a, Gazze \u015eeridi&#8217;nde ate\u015fkes anla\u015fmas\u0131na ili\u015fkin \u00f6nerilerini onaylad\u0131\u011f\u0131n\u0131 bildirmi\u015fti.<\/p>\n<p>&#13;<br \/>\n\tHamas&#8217;\u0131n Katar ve <a href=\"https:\/\/www.trthaber.com\/etiket\/misir\/\" target=\"_blank\" rel=\"noopener\">M\u0131s\u0131r<\/a> taraf\u0131ndan iletilen &#8220;ate\u015fkes \u00f6nerilerine&#8221; onay verdi\u011fini duyurmas\u0131n\u0131n ard\u0131ndan \u0130srail <a href=\"https:\/\/www.trthaber.com\/etiket\/savas\/\" target=\"_blank\" rel=\"noopener\">Sava\u015f<\/a> Kabinesi, Refah&#8217;ta sald\u0131r\u0131lara devam karar\u0131 alm\u0131\u015ft\u0131.<\/p>\n<p>&#13;<br \/>\n\t\u0130srail ordusu, sabah yapt\u0131\u011f\u0131 a\u00e7\u0131klamada, zorla yerinden edilmi\u015f Filistinlilerin s\u0131\u011f\u0131nd\u0131\u011f\u0131 Refah&#8217;\u0131n do\u011fusundaki baz\u0131 mahallelerin bo\u015falt\u0131lmas\u0131n\u0131 istemi\u015fti.<\/p>\n<p>&#13;<br \/>\n\t\u0130srail <a href=\"https:\/\/www.trthaber.com\/etiket\/ordu\/\" target=\"_blank\" rel=\"noopener\">Ordu<\/a> Radyosunun haberine g\u00f6re, Refah&#8217;\u0131n do\u011fusunda bo\u015falt\u0131lmas\u0131 istenen b\u00f6lgede yakla\u015f\u0131k 100 bin Filistinli ikamet ediyor.<\/p>\n<p>&#13;<br \/>\n\t\u0130srail ordusunun Refah&#8217;a karadan da sald\u0131r\u0131 ba\u015flataca\u011f\u0131 endi\u015fesiyle b\u00f6lgenin do\u011fusunda zorunlu <a href=\"https:\/\/www.trthaber.com\/etiket\/goc\/\" target=\"_blank\" rel=\"noopener\">g\u00f6\u00e7<\/a> ba\u015flad\u0131.<\/p>\n<p>&#13;<br \/>\n\t\u0130srail ordusunun tahliye edilmesini talep etti\u011fi b\u00f6lge, Gazze&#8217;ye insani yard\u0131mlar\u0131n giri\u015finde ana ge\u00e7i\u015f noktas\u0131 olan ve Gazze \u015eeridi&#8217;ndeki Filistinlilerin yurt d\u0131\u015f\u0131na seyahat etmek i\u00e7in kulland\u0131klar\u0131 tek ge\u00e7i\u015f noktas\u0131 halindeki M\u0131s\u0131r s\u0131n\u0131r\u0131ndaki Refah S\u0131n\u0131r Kap\u0131s\u0131&#8217;n\u0131 da i\u00e7eriyor.<\/p>\n<p>&#13;<br \/>\n\t\u0130srail&#8217;in 7 Ekim&#8217;den bu yana Gazze \u015eeridi&#8217;ne d\u00fczenledi\u011fi sald\u0131r\u0131larda en az 14 bin 944\u2019\u00fc \u00e7ocuk, 9 bin 849&#8217;u kad\u0131n olmak \u00fczere 34 bin 735 Filistinli \u00f6ld\u00fcr\u00fcld\u00fc, 78 bin 108 ki\u015fi yaraland\u0131.<\/p>\n<p>&#13;<br \/>\n\tEnkaz alt\u0131nda halen binlerce \u00f6l\u00fc oldu\u011fu bildirilirken, halk\u0131n s\u0131\u011f\u0131nd\u0131\u011f\u0131 hastane ve <a href=\"https:\/\/www.trthaber.com\/etiket\/egitim\/\" target=\"_blank\" rel=\"noopener\">e\u011fitim<\/a> kurumlar\u0131 hedef al\u0131narak sivil altyap\u0131 da tahrip ediliyor.<\/p>\n<\/p><\/div>\n","protected":false},"excerpt":{"rendered":"<p>&#13; Katar D\u0131\u015fi\u015fleri Bakanl\u0131\u011f\u0131n\u0131n X sosyal medya platformundan yapt\u0131\u011f\u0131 a\u00e7\u0131klamaya g\u00f6re, D\u0131\u015fi\u015fleri Bakanl\u0131\u011f\u0131 S\u00f6zc\u00fcs\u00fc Macid el-Ensari, arabulucular\u0131n \u0130srail ve Hamas&#8217;a sunduklar\u0131 \u00f6nerilere ili\u015fkin Hamas&#8217;tan bir yan\u0131t ald\u0131klar\u0131n\u0131 belirtti. &#13; Hamas&#8217;\u0131n yan\u0131t\u0131n\u0131 &#8220;olumlu&#8221; de\u011ferlendiren Ensari, &#8220;Katar heyeti, arabulucular \u00fczerinden yap\u0131lan dolayl\u0131 m\u00fczakerelerin yeniden ba\u015flamas\u0131 i\u00e7in Sal\u0131 g\u00fcn\u00fc sabah\u0131 Kahire&#8217;ye gidecek&#8221; ifadelerini kulland\u0131. &#13; Ensari, m\u00fczakere turunun [&hellip;]<\/p>\n","protected":false},"author":1,"featured_media":1535,"comment_status":"open","ping_status":"open","sticky":false,"template":"","format":"standard","meta":{"jnews-multi-image_gallery":[],"jnews_single_post":[],"jnews_primary_category":[],"jnews_social_meta":[],"jnews_override_counter":[],"footnotes":""},"categories":[2],"tags":[],"class_list":["post-1534","post","type-post","status-publish","format-standard","has-post-thumbnail","hentry","category-dunya"],"yoast_head":"<!-- This site is optimized with the Yoast SEO plugin v27.5 - https:\/\/yoast.com\/product\/yoast-seo-wordpress\/ -->\n<title>Katar, ate\u015fkes m\u00fczakereleri i\u00e7in bug\u00fcn M\u0131s\u0131r&#039;a heyet g\u00f6nderiyor - Kuzeyin Sesi<\/title>\n<meta name=\"robots\" content=\"index, follow, max-snippet:-1, max-image-preview:large, max-video-preview:-1\" \/>\n<link rel=\"canonical\" href=\"https:\/\/kuzeyinsesi.org\/index.php\/2024\/05\/07\/katar-ateskes-muzakereleri-icin-bugun-misira-heyet-gonderiyor\/\" \/>\n<meta property=\"og:locale\" content=\"tr_TR\" \/>\n<meta property=\"og:type\" content=\"article\" \/>\n<meta property=\"og:title\" content=\"Katar, ate\u015fkes m\u00fczakereleri i\u00e7in bug\u00fcn M\u0131s\u0131r&#039;a heyet g\u00f6nderiyor - Kuzeyin Sesi\" \/>\n<meta property=\"og:description\" content=\"&#013; Katar D\u0131\u015fi\u015fleri Bakanl\u0131\u011f\u0131n\u0131n X sosyal medya platformundan yapt\u0131\u011f\u0131 a\u00e7\u0131klamaya g\u00f6re, D\u0131\u015fi\u015fleri Bakanl\u0131\u011f\u0131 S\u00f6zc\u00fcs\u00fc Macid el-Ensari, arabulucular\u0131n \u0130srail ve Hamas&#8217;a sunduklar\u0131 \u00f6nerilere ili\u015fkin Hamas&#8217;tan bir yan\u0131t ald\u0131klar\u0131n\u0131 belirtti. &#013; Hamas&#8217;\u0131n yan\u0131t\u0131n\u0131 &#8220;olumlu&#8221; de\u011ferlendiren Ensari, &#8220;Katar heyeti, arabulucular \u00fczerinden yap\u0131lan dolayl\u0131 m\u00fczakerelerin yeniden ba\u015flamas\u0131 i\u00e7in Sal\u0131 g\u00fcn\u00fc sabah\u0131 Kahire&#8217;ye gidecek&#8221; ifadelerini kulland\u0131. &#013; Ensari, m\u00fczakere turunun [&hellip;]\" \/>\n<meta property=\"og:url\" content=\"https:\/\/kuzeyinsesi.org\/index.php\/2024\/05\/07\/katar-ateskes-muzakereleri-icin-bugun-misira-heyet-gonderiyor\/\" \/>\n<meta property=\"og:site_name\" content=\"Kuzeyin Sesi\" \/>\n<meta property=\"article:publisher\" content=\"https:\/\/www.facebook.com\/kuzeyinsesii\" \/>\n<meta property=\"article:published_time\" content=\"2024-05-07T00:55:21+00:00\" \/>\n<meta property=\"og:image\" content=\"https:\/\/kuzeyinsesi.org\/wp-content\/uploads\/2024\/05\/katar-dunya-kupasi-aa-1937759.jpg\" \/>\n\t<meta property=\"og:image:width\" content=\"1280\" \/>\n\t<meta property=\"og:image:height\" content=\"720\" \/>\n\t<meta property=\"og:image:type\" content=\"image\/jpeg\" \/>\n<meta name=\"author\" content=\"Kuzeyin Sesi\" \/>\n<meta name=\"twitter:card\" content=\"summary_large_image\" \/>\n<meta name=\"twitter:creator\" content=\"@kuzeyinsesii\" \/>\n<meta name=\"twitter:site\" content=\"@kuzeyinsesii\" \/>\n<meta name=\"twitter:label1\" content=\"Yazan:\" \/>\n\t<meta name=\"twitter:data1\" content=\"Kuzeyin Sesi\" \/>\n\t<meta name=\"twitter:label2\" content=\"Tahmini okuma s\u00fcresi\" \/>\n\t<meta name=\"twitter:data2\" content=\"2 dakika\" \/>\n<script type=\"application\/ld+json\" class=\"yoast-schema-graph\">{\"@context\":\"https:\\\/\\\/schema.org\",\"@graph\":[{\"@type\":\"Article\",\"@id\":\"https:\\\/\\\/kuzeyinsesi.org\\\/index.php\\\/2024\\\/05\\\/07\\\/katar-ateskes-muzakereleri-icin-bugun-misira-heyet-gonderiyor\\\/#article\",\"isPartOf\":{\"@id\":\"https:\\\/\\\/kuzeyinsesi.org\\\/index.php\\\/2024\\\/05\\\/07\\\/katar-ateskes-muzakereleri-icin-bugun-misira-heyet-gonderiyor\\\/\"},\"author\":{\"name\":\"Kuzeyin Sesi\",\"@id\":\"https:\\\/\\\/kuzeyinsesi.org\\\/#\\\/schema\\\/person\\\/9f859689cdf01485597712386e37f5aa\"},\"headline\":\"Katar, ate\u015fkes m\u00fczakereleri i\u00e7in bug\u00fcn M\u0131s\u0131r&#039;a heyet g\u00f6nderiyor\",\"datePublished\":\"2024-05-07T00:55:21+00:00\",\"mainEntityOfPage\":{\"@id\":\"https:\\\/\\\/kuzeyinsesi.org\\\/index.php\\\/2024\\\/05\\\/07\\\/katar-ateskes-muzakereleri-icin-bugun-misira-heyet-gonderiyor\\\/\"},\"wordCount\":387,\"commentCount\":0,\"image\":{\"@id\":\"https:\\\/\\\/kuzeyinsesi.org\\\/index.php\\\/2024\\\/05\\\/07\\\/katar-ateskes-muzakereleri-icin-bugun-misira-heyet-gonderiyor\\\/#primaryimage\"},\"thumbnailUrl\":\"https:\\\/\\\/kuzeyinsesi.org\\\/wp-content\\\/uploads\\\/2024\\\/05\\\/katar-dunya-kupasi-aa-1937759.jpg\",\"articleSection\":[\"D\u00fcnya\"],\"inLanguage\":\"tr\",\"potentialAction\":[{\"@type\":\"CommentAction\",\"name\":\"Comment\",\"target\":[\"https:\\\/\\\/kuzeyinsesi.org\\\/index.php\\\/2024\\\/05\\\/07\\\/katar-ateskes-muzakereleri-icin-bugun-misira-heyet-gonderiyor\\\/#respond\"]}]},{\"@type\":\"WebPage\",\"@id\":\"https:\\\/\\\/kuzeyinsesi.org\\\/index.php\\\/2024\\\/05\\\/07\\\/katar-ateskes-muzakereleri-icin-bugun-misira-heyet-gonderiyor\\\/\",\"url\":\"https:\\\/\\\/kuzeyinsesi.org\\\/index.php\\\/2024\\\/05\\\/07\\\/katar-ateskes-muzakereleri-icin-bugun-misira-heyet-gonderiyor\\\/\",\"name\":\"Katar, ate\u015fkes m\u00fczakereleri i\u00e7in bug\u00fcn M\u0131s\u0131r&#039;a heyet g\u00f6nderiyor - Kuzeyin Sesi\",\"isPartOf\":{\"@id\":\"https:\\\/\\\/kuzeyinsesi.org\\\/#website\"},\"primaryImageOfPage\":{\"@id\":\"https:\\\/\\\/kuzeyinsesi.org\\\/index.php\\\/2024\\\/05\\\/07\\\/katar-ateskes-muzakereleri-icin-bugun-misira-heyet-gonderiyor\\\/#primaryimage\"},\"image\":{\"@id\":\"https:\\\/\\\/kuzeyinsesi.org\\\/index.php\\\/2024\\\/05\\\/07\\\/katar-ateskes-muzakereleri-icin-bugun-misira-heyet-gonderiyor\\\/#primaryimage\"},\"thumbnailUrl\":\"https:\\\/\\\/kuzeyinsesi.org\\\/wp-content\\\/uploads\\\/2024\\\/05\\\/katar-dunya-kupasi-aa-1937759.jpg\",\"datePublished\":\"2024-05-07T00:55:21+00:00\",\"author\":{\"@id\":\"https:\\\/\\\/kuzeyinsesi.org\\\/#\\\/schema\\\/person\\\/9f859689cdf01485597712386e37f5aa\"},\"breadcrumb\":{\"@id\":\"https:\\\/\\\/kuzeyinsesi.org\\\/index.php\\\/2024\\\/05\\\/07\\\/katar-ateskes-muzakereleri-icin-bugun-misira-heyet-gonderiyor\\\/#breadcrumb\"},\"inLanguage\":\"tr\",\"potentialAction\":[{\"@type\":\"ReadAction\",\"target\":[\"https:\\\/\\\/kuzeyinsesi.org\\\/index.php\\\/2024\\\/05\\\/07\\\/katar-ateskes-muzakereleri-icin-bugun-misira-heyet-gonderiyor\\\/\"]}]},{\"@type\":\"ImageObject\",\"inLanguage\":\"tr\",\"@id\":\"https:\\\/\\\/kuzeyinsesi.org\\\/index.php\\\/2024\\\/05\\\/07\\\/katar-ateskes-muzakereleri-icin-bugun-misira-heyet-gonderiyor\\\/#primaryimage\",\"url\":\"https:\\\/\\\/kuzeyinsesi.org\\\/wp-content\\\/uploads\\\/2024\\\/05\\\/katar-dunya-kupasi-aa-1937759.jpg\",\"contentUrl\":\"https:\\\/\\\/kuzeyinsesi.org\\\/wp-content\\\/uploads\\\/2024\\\/05\\\/katar-dunya-kupasi-aa-1937759.jpg\",\"width\":1280,\"height\":720},{\"@type\":\"BreadcrumbList\",\"@id\":\"https:\\\/\\\/kuzeyinsesi.org\\\/index.php\\\/2024\\\/05\\\/07\\\/katar-ateskes-muzakereleri-icin-bugun-misira-heyet-gonderiyor\\\/#breadcrumb\",\"itemListElement\":[{\"@type\":\"ListItem\",\"position\":1,\"name\":\"Anasayfa\",\"item\":\"https:\\\/\\\/kuzeyinsesi.org\\\/\"},{\"@type\":\"ListItem\",\"position\":2,\"name\":\"Katar, ate\u015fkes m\u00fczakereleri i\u00e7in bug\u00fcn M\u0131s\u0131r&#039;a heyet g\u00f6nderiyor\"}]},{\"@type\":\"WebSite\",\"@id\":\"https:\\\/\\\/kuzeyinsesi.org\\\/#website\",\"url\":\"https:\\\/\\\/kuzeyinsesi.org\\\/\",\"name\":\"Kuzeyin Sesi\",\"description\":\"Do\u011fru Haberin Adresi\",\"potentialAction\":[{\"@type\":\"SearchAction\",\"target\":{\"@type\":\"EntryPoint\",\"urlTemplate\":\"https:\\\/\\\/kuzeyinsesi.org\\\/?s={search_term_string}\"},\"query-input\":{\"@type\":\"PropertyValueSpecification\",\"valueRequired\":true,\"valueName\":\"search_term_string\"}}],\"inLanguage\":\"tr\"},{\"@type\":\"Person\",\"@id\":\"https:\\\/\\\/kuzeyinsesi.org\\\/#\\\/schema\\\/person\\\/9f859689cdf01485597712386e37f5aa\",\"name\":\"Kuzeyin Sesi\",\"image\":{\"@type\":\"ImageObject\",\"inLanguage\":\"tr\",\"@id\":\"https:\\\/\\\/secure.gravatar.com\\\/avatar\\\/bab33852abfd8b282518d6ed81826833d77c3c882d9ab608add591ccace47a44?s=96&d=mm&r=g\",\"url\":\"https:\\\/\\\/secure.gravatar.com\\\/avatar\\\/bab33852abfd8b282518d6ed81826833d77c3c882d9ab608add591ccace47a44?s=96&d=mm&r=g\",\"contentUrl\":\"https:\\\/\\\/secure.gravatar.com\\\/avatar\\\/bab33852abfd8b282518d6ed81826833d77c3c882d9ab608add591ccace47a44?s=96&d=mm&r=g\",\"caption\":\"Kuzeyin Sesi\"},\"sameAs\":[\"https:\\\/\\\/kuzeyinsesi.org\"],\"url\":\"https:\\\/\\\/kuzeyinsesi.org\\\/index.php\\\/author\\\/guven\\\/\"}]}<\/script>\n<!-- \/ Yoast SEO plugin. -->","yoast_head_json":{"title":"Katar, ate\u015fkes m\u00fczakereleri i\u00e7in bug\u00fcn M\u0131s\u0131r&#039;a heyet g\u00f6nderiyor - Kuzeyin Sesi","robots":{"index":"index","follow":"follow","max-snippet":"max-snippet:-1","max-image-preview":"max-image-preview:large","max-video-preview":"max-video-preview:-1"},"canonical":"https:\/\/kuzeyinsesi.org\/index.php\/2024\/05\/07\/katar-ateskes-muzakereleri-icin-bugun-misira-heyet-gonderiyor\/","og_locale":"tr_TR","og_type":"article","og_title":"Katar, ate\u015fkes m\u00fczakereleri i\u00e7in bug\u00fcn M\u0131s\u0131r&#039;a heyet g\u00f6nderiyor - Kuzeyin Sesi","og_description":"&#13; Katar D\u0131\u015fi\u015fleri Bakanl\u0131\u011f\u0131n\u0131n X sosyal medya platformundan yapt\u0131\u011f\u0131 a\u00e7\u0131klamaya g\u00f6re, D\u0131\u015fi\u015fleri Bakanl\u0131\u011f\u0131 S\u00f6zc\u00fcs\u00fc Macid el-Ensari, arabulucular\u0131n \u0130srail ve Hamas&#8217;a sunduklar\u0131 \u00f6nerilere ili\u015fkin Hamas&#8217;tan bir yan\u0131t ald\u0131klar\u0131n\u0131 belirtti. &#13; Hamas&#8217;\u0131n yan\u0131t\u0131n\u0131 &#8220;olumlu&#8221; de\u011ferlendiren Ensari, &#8220;Katar heyeti, arabulucular \u00fczerinden yap\u0131lan dolayl\u0131 m\u00fczakerelerin yeniden ba\u015flamas\u0131 i\u00e7in Sal\u0131 g\u00fcn\u00fc sabah\u0131 Kahire&#8217;ye gidecek&#8221; ifadelerini kulland\u0131. &#13; Ensari, m\u00fczakere turunun [&hellip;]","og_url":"https:\/\/kuzeyinsesi.org\/index.php\/2024\/05\/07\/katar-ateskes-muzakereleri-icin-bugun-misira-heyet-gonderiyor\/","og_site_name":"Kuzeyin Sesi","article_publisher":"https:\/\/www.facebook.com\/kuzeyinsesii","article_published_time":"2024-05-07T00:55:21+00:00","og_image":[{"width":1280,"height":720,"url":"https:\/\/kuzeyinsesi.org\/wp-content\/uploads\/2024\/05\/katar-dunya-kupasi-aa-1937759.jpg","type":"image\/jpeg"}],"author":"Kuzeyin Sesi","twitter_card":"summary_large_image","twitter_creator":"@kuzeyinsesii","twitter_site":"@kuzeyinsesii","twitter_misc":{"Yazan:":"Kuzeyin Sesi","Tahmini okuma s\u00fcresi":"2 dakika"},"schema":{"@context":"https:\/\/schema.org","@graph":[{"@type":"Article","@id":"https:\/\/kuzeyinsesi.org\/index.php\/2024\/05\/07\/katar-ateskes-muzakereleri-icin-bugun-misira-heyet-gonderiyor\/#article","isPartOf":{"@id":"https:\/\/kuzeyinsesi.org\/index.php\/2024\/05\/07\/katar-ateskes-muzakereleri-icin-bugun-misira-heyet-gonderiyor\/"},"author":{"name":"Kuzeyin Sesi","@id":"https:\/\/kuzeyinsesi.org\/#\/schema\/person\/9f859689cdf01485597712386e37f5aa"},"headline":"Katar, ate\u015fkes m\u00fczakereleri i\u00e7in bug\u00fcn M\u0131s\u0131r&#039;a heyet g\u00f6nderiyor","datePublished":"2024-05-07T00:55:21+00:00","mainEntityOfPage":{"@id":"https:\/\/kuzeyinsesi.org\/index.php\/2024\/05\/07\/katar-ateskes-muzakereleri-icin-bugun-misira-heyet-gonderiyor\/"},"wordCount":387,"commentCount":0,"image":{"@id":"https:\/\/kuzeyinsesi.org\/index.php\/2024\/05\/07\/katar-ateskes-muzakereleri-icin-bugun-misira-heyet-gonderiyor\/#primaryimage"},"thumbnailUrl":"https:\/\/kuzeyinsesi.org\/wp-content\/uploads\/2024\/05\/katar-dunya-kupasi-aa-1937759.jpg","articleSection":["D\u00fcnya"],"inLanguage":"tr","potentialAction":[{"@type":"CommentAction","name":"Comment","target":["https:\/\/kuzeyinsesi.org\/index.php\/2024\/05\/07\/katar-ateskes-muzakereleri-icin-bugun-misira-heyet-gonderiyor\/#respond"]}]},{"@type":"WebPage","@id":"https:\/\/kuzeyinsesi.org\/index.php\/2024\/05\/07\/katar-ateskes-muzakereleri-icin-bugun-misira-heyet-gonderiyor\/","url":"https:\/\/kuzeyinsesi.org\/index.php\/2024\/05\/07\/katar-ateskes-muzakereleri-icin-bugun-misira-heyet-gonderiyor\/","name":"Katar, ate\u015fkes m\u00fczakereleri i\u00e7in bug\u00fcn M\u0131s\u0131r&#039;a heyet g\u00f6nderiyor - Kuzeyin Sesi","isPartOf":{"@id":"https:\/\/kuzeyinsesi.org\/#website"},"primaryImageOfPage":{"@id":"https:\/\/kuzeyinsesi.org\/index.php\/2024\/05\/07\/katar-ateskes-muzakereleri-icin-bugun-misira-heyet-gonderiyor\/#primaryimage"},"image":{"@id":"https:\/\/kuzeyinsesi.org\/index.php\/2024\/05\/07\/katar-ateskes-muzakereleri-icin-bugun-misira-heyet-gonderiyor\/#primaryimage"},"thumbnailUrl":"https:\/\/kuzeyinsesi.org\/wp-content\/uploads\/2024\/05\/katar-dunya-kupasi-aa-1937759.jpg","datePublished":"2024-05-07T00:55:21+00:00","author":{"@id":"https:\/\/kuzeyinsesi.org\/#\/schema\/person\/9f859689cdf01485597712386e37f5aa"},"breadcrumb":{"@id":"https:\/\/kuzeyinsesi.org\/index.php\/2024\/05\/07\/katar-ateskes-muzakereleri-icin-bugun-misira-heyet-gonderiyor\/#breadcrumb"},"inLanguage":"tr","potentialAction":[{"@type":"ReadAction","target":["https:\/\/kuzeyinsesi.org\/index.php\/2024\/05\/07\/katar-ateskes-muzakereleri-icin-bugun-misira-heyet-gonderiyor\/"]}]},{"@type":"ImageObject","inLanguage":"tr","@id":"https:\/\/kuzeyinsesi.org\/index.php\/2024\/05\/07\/katar-ateskes-muzakereleri-icin-bugun-misira-heyet-gonderiyor\/#primaryimage","url":"https:\/\/kuzeyinsesi.org\/wp-content\/uploads\/2024\/05\/katar-dunya-kupasi-aa-1937759.jpg","contentUrl":"https:\/\/kuzeyinsesi.org\/wp-content\/uploads\/2024\/05\/katar-dunya-kupasi-aa-1937759.jpg","width":1280,"height":720},{"@type":"BreadcrumbList","@id":"https:\/\/kuzeyinsesi.org\/index.php\/2024\/05\/07\/katar-ateskes-muzakereleri-icin-bugun-misira-heyet-gonderiyor\/#breadcrumb","itemListElement":[{"@type":"ListItem","position":1,"name":"Anasayfa","item":"https:\/\/kuzeyinsesi.org\/"},{"@type":"ListItem","position":2,"name":"Katar, ate\u015fkes m\u00fczakereleri i\u00e7in bug\u00fcn M\u0131s\u0131r&#039;a heyet g\u00f6nderiyor"}]},{"@type":"WebSite","@id":"https:\/\/kuzeyinsesi.org\/#website","url":"https:\/\/kuzeyinsesi.org\/","name":"Kuzeyin Sesi","description":"Do\u011fru Haberin Adresi","potentialAction":[{"@type":"SearchAction","target":{"@type":"EntryPoint","urlTemplate":"https:\/\/kuzeyinsesi.org\/?s={search_term_string}"},"query-input":{"@type":"PropertyValueSpecification","valueRequired":true,"valueName":"search_term_string"}}],"inLanguage":"tr"},{"@type":"Person","@id":"https:\/\/kuzeyinsesi.org\/#\/schema\/person\/9f859689cdf01485597712386e37f5aa","name":"Kuzeyin Sesi","image":{"@type":"ImageObject","inLanguage":"tr","@id":"https:\/\/secure.gravatar.com\/avatar\/bab33852abfd8b282518d6ed81826833d77c3c882d9ab608add591ccace47a44?s=96&d=mm&r=g","url":"https:\/\/secure.gravatar.com\/avatar\/bab33852abfd8b282518d6ed81826833d77c3c882d9ab608add591ccace47a44?s=96&d=mm&r=g","contentUrl":"https:\/\/secure.gravatar.com\/avatar\/bab33852abfd8b282518d6ed81826833d77c3c882d9ab608add591ccace47a44?s=96&d=mm&r=g","caption":"Kuzeyin Sesi"},"sameAs":["https:\/\/kuzeyinsesi.org"],"url":"https:\/\/kuzeyinsesi.org\/index.php\/author\/guven\/"}]}},"_links":{"self":[{"href":"https:\/\/kuzeyinsesi.org\/index.php\/wp-json\/wp\/v2\/posts\/1534","targetHints":{"allow":["GET"]}}],"collection":[{"href":"https:\/\/kuzeyinsesi.org\/index.php\/wp-json\/wp\/v2\/posts"}],"about":[{"href":"https:\/\/kuzeyinsesi.org\/index.php\/wp-json\/wp\/v2\/types\/post"}],"author":[{"embeddable":true,"href":"https:\/\/kuzeyinsesi.org\/index.php\/wp-json\/wp\/v2\/users\/1"}],"replies":[{"embeddable":true,"href":"https:\/\/kuzeyinsesi.org\/index.php\/wp-json\/wp\/v2\/comments?post=1534"}],"version-history":[{"count":0,"href":"https:\/\/kuzeyinsesi.org\/index.php\/wp-json\/wp\/v2\/posts\/1534\/revisions"}],"wp:featuredmedia":[{"embeddable":true,"href":"https:\/\/kuzeyinsesi.org\/index.php\/wp-json\/wp\/v2\/media\/1535"}],"wp:attachment":[{"href":"https:\/\/kuzeyinsesi.org\/index.php\/wp-json\/wp\/v2\/media?parent=1534"}],"wp:term":[{"taxonomy":"category","embeddable":true,"href":"https:\/\/kuzeyinsesi.org\/index.php\/wp-json\/wp\/v2\/categories?post=1534"},{"taxonomy":"post_tag","embeddable":true,"href":"https:\/\/kuzeyinsesi.org\/index.php\/wp-json\/wp\/v2\/tags?post=1534"}],"curies":[{"name":"wp","href":"https:\/\/api.w.org\/{rel}","templated":true}]}}