{"id":15330,"date":"2024-12-10T18:24:19","date_gmt":"2024-12-10T16:24:19","guid":{"rendered":"https:\/\/kuzeyinsesi.org\/index.php\/2024\/12\/10\/tatar-gel-gokyuzunde-yildiz-olalim-konserini-izledi\/"},"modified":"2024-12-10T18:24:19","modified_gmt":"2024-12-10T16:24:19","slug":"tatar-gel-gokyuzunde-yildiz-olalim-konserini-izledi","status":"publish","type":"post","link":"https:\/\/kuzeyinsesi.org\/index.php\/2024\/12\/10\/tatar-gel-gokyuzunde-yildiz-olalim-konserini-izledi\/","title":{"rendered":"Tatar, \u201cGel G\u00f6ky\u00fcz\u00fcnde Y\u0131ld\u0131z Olal\u0131m\u201d konserini izledi"},"content":{"rendered":"<div>\n<div class=\"mariselle-image-container center\">\n                                            <\/div>\n<p>Cumhurba\u015fkan\u0131 Ersin Tatar, Serdarl\u0131 Sa\u011fl\u0131k ve K\u00fclt\u00fcr Derne\u011fi\u2019nin d\u00fczenledi\u011fi \u201cGel G\u00f6ky\u00fcz\u00fcnde Y\u0131ld\u0131z Olal\u0131m\u201d konseri izledi.<\/p>\n<p>Cumhurba\u015fkanl\u0131\u011f\u0131\u2019ndan verilen bilgiye g\u00f6re, T\u00fcrk Maarif Koleji Rauf Raif Denkta\u015f K\u00fclt\u00fcr Salonu\u2019ndaki konser \u00f6ncesi konu\u015fan Tatar, Sa\u011fl\u0131k ve K\u00fclt\u00fcr Derne\u011fi\u2019nin icra etti\u011fi konseri dinlemekten b\u00fcy\u00fck keyif ald\u0131\u011f\u0131n\u0131 s\u00f6yledi.<\/p>\n<p>Serdarl\u0131 Sa\u011fl\u0131k ve K\u00fclt\u00fcr Derne\u011fi\u2019nin yapt\u0131\u011f\u0131 \u00e7al\u0131\u015fmalar\u0131yla K\u0131br\u0131s T\u00fcrk halk\u0131n\u0131 yurtd\u0131\u015f\u0131nda temsil edip KKTC\u2019nin sesini duyurdu\u011funa dikkat \u00e7eken Tatar, \u201cK\u0131br\u0131s T\u00fcrk\u00fc\u2019n\u00fcn hakl\u0131 m\u00fccadelesi, siyaset\u00e7iler ve vatanda\u015flar\u0131n giri\u015fimleri ile y\u00fcr\u00fct\u00fclmelidir. K\u0131br\u0131s T\u00fcrk\u00fc\u2019n\u00fcn d\u00fcnyadaki hakl\u0131 sesini k\u00fclt\u00fcr, sanat ve m\u00fczi\u011fimizle duyurmaya devam edece\u011fiz\u201d dedi.<\/p>\n<\/p><\/div>\n<p><script async\n                    defer\n                    crossorigin=\"anonymous\"\n                    src=\"https:\/\/connect.facebook.net\/tr_TR\/sdk.js#xfbml=1&#038;version=v3.3\"\n            ><\/script><\/p>\n","protected":false},"excerpt":{"rendered":"<p>Cumhurba\u015fkan\u0131 Ersin Tatar, Serdarl\u0131 Sa\u011fl\u0131k ve K\u00fclt\u00fcr Derne\u011fi\u2019nin d\u00fczenledi\u011fi \u201cGel G\u00f6ky\u00fcz\u00fcnde Y\u0131ld\u0131z Olal\u0131m\u201d konseri izledi. Cumhurba\u015fkanl\u0131\u011f\u0131\u2019ndan verilen bilgiye g\u00f6re, T\u00fcrk Maarif Koleji Rauf Raif Denkta\u015f K\u00fclt\u00fcr Salonu\u2019ndaki konser \u00f6ncesi konu\u015fan Tatar, Sa\u011fl\u0131k ve K\u00fclt\u00fcr Derne\u011fi\u2019nin icra etti\u011fi konseri dinlemekten b\u00fcy\u00fck keyif ald\u0131\u011f\u0131n\u0131 s\u00f6yledi. Serdarl\u0131 Sa\u011fl\u0131k ve K\u00fclt\u00fcr Derne\u011fi\u2019nin yapt\u0131\u011f\u0131 \u00e7al\u0131\u015fmalar\u0131yla K\u0131br\u0131s T\u00fcrk halk\u0131n\u0131 yurtd\u0131\u015f\u0131nda temsil [&hellip;]<\/p>\n","protected":false},"author":1,"featured_media":15331,"comment_status":"open","ping_status":"open","sticky":false,"template":"","format":"standard","meta":{"jnews-multi-image_gallery":[],"jnews_single_post":[],"jnews_primary_category":[],"jnews_social_meta":[],"jnews_override_counter":[],"footnotes":""},"categories":[6],"tags":[],"class_list":["post-15330","post","type-post","status-publish","format-standard","has-post-thumbnail","hentry","category-yasam"],"yoast_head":"<!-- This site is optimized with the Yoast SEO plugin v27.4 - https:\/\/yoast.com\/product\/yoast-seo-wordpress\/ -->\n<title>Tatar, \u201cGel G\u00f6ky\u00fcz\u00fcnde Y\u0131ld\u0131z Olal\u0131m\u201d konserini izledi - Kuzeyin Sesi<\/title>\n<meta name=\"robots\" content=\"index, follow, max-snippet:-1, max-image-preview:large, max-video-preview:-1\" \/>\n<link rel=\"canonical\" href=\"https:\/\/kuzeyinsesi.org\/index.php\/2024\/12\/10\/tatar-gel-gokyuzunde-yildiz-olalim-konserini-izledi\/\" \/>\n<meta property=\"og:locale\" content=\"tr_TR\" \/>\n<meta property=\"og:type\" content=\"article\" \/>\n<meta property=\"og:title\" content=\"Tatar, \u201cGel G\u00f6ky\u00fcz\u00fcnde Y\u0131ld\u0131z Olal\u0131m\u201d konserini izledi - Kuzeyin Sesi\" \/>\n<meta property=\"og:description\" content=\"Cumhurba\u015fkan\u0131 Ersin Tatar, Serdarl\u0131 Sa\u011fl\u0131k ve K\u00fclt\u00fcr Derne\u011fi\u2019nin d\u00fczenledi\u011fi \u201cGel G\u00f6ky\u00fcz\u00fcnde Y\u0131ld\u0131z Olal\u0131m\u201d konseri izledi. Cumhurba\u015fkanl\u0131\u011f\u0131\u2019ndan verilen bilgiye g\u00f6re, T\u00fcrk Maarif Koleji Rauf Raif Denkta\u015f K\u00fclt\u00fcr Salonu\u2019ndaki konser \u00f6ncesi konu\u015fan Tatar, Sa\u011fl\u0131k ve K\u00fclt\u00fcr Derne\u011fi\u2019nin icra etti\u011fi konseri dinlemekten b\u00fcy\u00fck keyif ald\u0131\u011f\u0131n\u0131 s\u00f6yledi. Serdarl\u0131 Sa\u011fl\u0131k ve K\u00fclt\u00fcr Derne\u011fi\u2019nin yapt\u0131\u011f\u0131 \u00e7al\u0131\u015fmalar\u0131yla K\u0131br\u0131s T\u00fcrk halk\u0131n\u0131 yurtd\u0131\u015f\u0131nda temsil [&hellip;]\" \/>\n<meta property=\"og:url\" content=\"https:\/\/kuzeyinsesi.org\/index.php\/2024\/12\/10\/tatar-gel-gokyuzunde-yildiz-olalim-konserini-izledi\/\" \/>\n<meta property=\"og:site_name\" content=\"Kuzeyin Sesi\" \/>\n<meta property=\"article:publisher\" content=\"https:\/\/www.facebook.com\/kuzeyinsesii\" \/>\n<meta property=\"article:published_time\" content=\"2024-12-10T16:24:19+00:00\" \/>\n<meta property=\"og:image\" content=\"https:\/\/brtk.net\/wp-content\/uploads\/2024\/12\/10\/1733838180402tatar-konser-2.jpg?ver=bc7d6f3362df6c9c9b3a388645047178\" \/>\n<meta name=\"author\" content=\"Kuzeyin Sesi\" \/>\n<meta name=\"twitter:card\" content=\"summary_large_image\" \/>\n<meta name=\"twitter:creator\" content=\"@kuzeyinsesii\" \/>\n<meta name=\"twitter:site\" content=\"@kuzeyinsesii\" \/>\n<meta name=\"twitter:label1\" content=\"Yazan:\" \/>\n\t<meta name=\"twitter:data1\" content=\"Kuzeyin Sesi\" \/>\n\t<meta name=\"twitter:label2\" content=\"Tahmini okuma s\u00fcresi\" \/>\n\t<meta name=\"twitter:data2\" content=\"1 dakika\" \/>\n<script type=\"application\/ld+json\" class=\"yoast-schema-graph\">{\"@context\":\"https:\\\/\\\/schema.org\",\"@graph\":[{\"@type\":\"Article\",\"@id\":\"https:\\\/\\\/kuzeyinsesi.org\\\/index.php\\\/2024\\\/12\\\/10\\\/tatar-gel-gokyuzunde-yildiz-olalim-konserini-izledi\\\/#article\",\"isPartOf\":{\"@id\":\"https:\\\/\\\/kuzeyinsesi.org\\\/index.php\\\/2024\\\/12\\\/10\\\/tatar-gel-gokyuzunde-yildiz-olalim-konserini-izledi\\\/\"},\"author\":{\"name\":\"Kuzeyin Sesi\",\"@id\":\"https:\\\/\\\/kuzeyinsesi.org\\\/#\\\/schema\\\/person\\\/9f859689cdf01485597712386e37f5aa\"},\"headline\":\"Tatar, \u201cGel G\u00f6ky\u00fcz\u00fcnde Y\u0131ld\u0131z Olal\u0131m\u201d konserini izledi\",\"datePublished\":\"2024-12-10T16:24:19+00:00\",\"mainEntityOfPage\":{\"@id\":\"https:\\\/\\\/kuzeyinsesi.org\\\/index.php\\\/2024\\\/12\\\/10\\\/tatar-gel-gokyuzunde-yildiz-olalim-konserini-izledi\\\/\"},\"wordCount\":171,\"commentCount\":0,\"image\":{\"@id\":\"https:\\\/\\\/kuzeyinsesi.org\\\/index.php\\\/2024\\\/12\\\/10\\\/tatar-gel-gokyuzunde-yildiz-olalim-konserini-izledi\\\/#primaryimage\"},\"thumbnailUrl\":\"https:\\\/\\\/kuzeyinsesi.org\\\/wp-content\\\/uploads\\\/2024\\\/12\\\/1733838180402tatar-konser-2.jpg\",\"articleSection\":[\"Ya\u015fam\"],\"inLanguage\":\"tr\",\"potentialAction\":[{\"@type\":\"CommentAction\",\"name\":\"Comment\",\"target\":[\"https:\\\/\\\/kuzeyinsesi.org\\\/index.php\\\/2024\\\/12\\\/10\\\/tatar-gel-gokyuzunde-yildiz-olalim-konserini-izledi\\\/#respond\"]}]},{\"@type\":\"WebPage\",\"@id\":\"https:\\\/\\\/kuzeyinsesi.org\\\/index.php\\\/2024\\\/12\\\/10\\\/tatar-gel-gokyuzunde-yildiz-olalim-konserini-izledi\\\/\",\"url\":\"https:\\\/\\\/kuzeyinsesi.org\\\/index.php\\\/2024\\\/12\\\/10\\\/tatar-gel-gokyuzunde-yildiz-olalim-konserini-izledi\\\/\",\"name\":\"Tatar, \u201cGel G\u00f6ky\u00fcz\u00fcnde Y\u0131ld\u0131z Olal\u0131m\u201d konserini izledi - Kuzeyin Sesi\",\"isPartOf\":{\"@id\":\"https:\\\/\\\/kuzeyinsesi.org\\\/#website\"},\"primaryImageOfPage\":{\"@id\":\"https:\\\/\\\/kuzeyinsesi.org\\\/index.php\\\/2024\\\/12\\\/10\\\/tatar-gel-gokyuzunde-yildiz-olalim-konserini-izledi\\\/#primaryimage\"},\"image\":{\"@id\":\"https:\\\/\\\/kuzeyinsesi.org\\\/index.php\\\/2024\\\/12\\\/10\\\/tatar-gel-gokyuzunde-yildiz-olalim-konserini-izledi\\\/#primaryimage\"},\"thumbnailUrl\":\"https:\\\/\\\/kuzeyinsesi.org\\\/wp-content\\\/uploads\\\/2024\\\/12\\\/1733838180402tatar-konser-2.jpg\",\"datePublished\":\"2024-12-10T16:24:19+00:00\",\"author\":{\"@id\":\"https:\\\/\\\/kuzeyinsesi.org\\\/#\\\/schema\\\/person\\\/9f859689cdf01485597712386e37f5aa\"},\"breadcrumb\":{\"@id\":\"https:\\\/\\\/kuzeyinsesi.org\\\/index.php\\\/2024\\\/12\\\/10\\\/tatar-gel-gokyuzunde-yildiz-olalim-konserini-izledi\\\/#breadcrumb\"},\"inLanguage\":\"tr\",\"potentialAction\":[{\"@type\":\"ReadAction\",\"target\":[\"https:\\\/\\\/kuzeyinsesi.org\\\/index.php\\\/2024\\\/12\\\/10\\\/tatar-gel-gokyuzunde-yildiz-olalim-konserini-izledi\\\/\"]}]},{\"@type\":\"ImageObject\",\"inLanguage\":\"tr\",\"@id\":\"https:\\\/\\\/kuzeyinsesi.org\\\/index.php\\\/2024\\\/12\\\/10\\\/tatar-gel-gokyuzunde-yildiz-olalim-konserini-izledi\\\/#primaryimage\",\"url\":\"https:\\\/\\\/kuzeyinsesi.org\\\/wp-content\\\/uploads\\\/2024\\\/12\\\/1733838180402tatar-konser-2.jpg\",\"contentUrl\":\"https:\\\/\\\/kuzeyinsesi.org\\\/wp-content\\\/uploads\\\/2024\\\/12\\\/1733838180402tatar-konser-2.jpg\",\"width\":1600,\"height\":1066},{\"@type\":\"BreadcrumbList\",\"@id\":\"https:\\\/\\\/kuzeyinsesi.org\\\/index.php\\\/2024\\\/12\\\/10\\\/tatar-gel-gokyuzunde-yildiz-olalim-konserini-izledi\\\/#breadcrumb\",\"itemListElement\":[{\"@type\":\"ListItem\",\"position\":1,\"name\":\"Anasayfa\",\"item\":\"https:\\\/\\\/kuzeyinsesi.org\\\/\"},{\"@type\":\"ListItem\",\"position\":2,\"name\":\"Tatar, \u201cGel G\u00f6ky\u00fcz\u00fcnde Y\u0131ld\u0131z Olal\u0131m\u201d konserini izledi\"}]},{\"@type\":\"WebSite\",\"@id\":\"https:\\\/\\\/kuzeyinsesi.org\\\/#website\",\"url\":\"https:\\\/\\\/kuzeyinsesi.org\\\/\",\"name\":\"Kuzeyin Sesi\",\"description\":\"Do\u011fru Haberin Adresi\",\"potentialAction\":[{\"@type\":\"SearchAction\",\"target\":{\"@type\":\"EntryPoint\",\"urlTemplate\":\"https:\\\/\\\/kuzeyinsesi.org\\\/?s={search_term_string}\"},\"query-input\":{\"@type\":\"PropertyValueSpecification\",\"valueRequired\":true,\"valueName\":\"search_term_string\"}}],\"inLanguage\":\"tr\"},{\"@type\":\"Person\",\"@id\":\"https:\\\/\\\/kuzeyinsesi.org\\\/#\\\/schema\\\/person\\\/9f859689cdf01485597712386e37f5aa\",\"name\":\"Kuzeyin Sesi\",\"image\":{\"@type\":\"ImageObject\",\"inLanguage\":\"tr\",\"@id\":\"https:\\\/\\\/secure.gravatar.com\\\/avatar\\\/bab33852abfd8b282518d6ed81826833d77c3c882d9ab608add591ccace47a44?s=96&d=mm&r=g\",\"url\":\"https:\\\/\\\/secure.gravatar.com\\\/avatar\\\/bab33852abfd8b282518d6ed81826833d77c3c882d9ab608add591ccace47a44?s=96&d=mm&r=g\",\"contentUrl\":\"https:\\\/\\\/secure.gravatar.com\\\/avatar\\\/bab33852abfd8b282518d6ed81826833d77c3c882d9ab608add591ccace47a44?s=96&d=mm&r=g\",\"caption\":\"Kuzeyin Sesi\"},\"sameAs\":[\"https:\\\/\\\/kuzeyinsesi.org\"],\"url\":\"https:\\\/\\\/kuzeyinsesi.org\\\/index.php\\\/author\\\/guven\\\/\"}]}<\/script>\n<!-- \/ Yoast SEO plugin. -->","yoast_head_json":{"title":"Tatar, \u201cGel G\u00f6ky\u00fcz\u00fcnde Y\u0131ld\u0131z Olal\u0131m\u201d konserini izledi - Kuzeyin Sesi","robots":{"index":"index","follow":"follow","max-snippet":"max-snippet:-1","max-image-preview":"max-image-preview:large","max-video-preview":"max-video-preview:-1"},"canonical":"https:\/\/kuzeyinsesi.org\/index.php\/2024\/12\/10\/tatar-gel-gokyuzunde-yildiz-olalim-konserini-izledi\/","og_locale":"tr_TR","og_type":"article","og_title":"Tatar, \u201cGel G\u00f6ky\u00fcz\u00fcnde Y\u0131ld\u0131z Olal\u0131m\u201d konserini izledi - Kuzeyin Sesi","og_description":"Cumhurba\u015fkan\u0131 Ersin Tatar, Serdarl\u0131 Sa\u011fl\u0131k ve K\u00fclt\u00fcr Derne\u011fi\u2019nin d\u00fczenledi\u011fi \u201cGel G\u00f6ky\u00fcz\u00fcnde Y\u0131ld\u0131z Olal\u0131m\u201d konseri izledi. Cumhurba\u015fkanl\u0131\u011f\u0131\u2019ndan verilen bilgiye g\u00f6re, T\u00fcrk Maarif Koleji Rauf Raif Denkta\u015f K\u00fclt\u00fcr Salonu\u2019ndaki konser \u00f6ncesi konu\u015fan Tatar, Sa\u011fl\u0131k ve K\u00fclt\u00fcr Derne\u011fi\u2019nin icra etti\u011fi konseri dinlemekten b\u00fcy\u00fck keyif ald\u0131\u011f\u0131n\u0131 s\u00f6yledi. Serdarl\u0131 Sa\u011fl\u0131k ve K\u00fclt\u00fcr Derne\u011fi\u2019nin yapt\u0131\u011f\u0131 \u00e7al\u0131\u015fmalar\u0131yla K\u0131br\u0131s T\u00fcrk halk\u0131n\u0131 yurtd\u0131\u015f\u0131nda temsil [&hellip;]","og_url":"https:\/\/kuzeyinsesi.org\/index.php\/2024\/12\/10\/tatar-gel-gokyuzunde-yildiz-olalim-konserini-izledi\/","og_site_name":"Kuzeyin Sesi","article_publisher":"https:\/\/www.facebook.com\/kuzeyinsesii","article_published_time":"2024-12-10T16:24:19+00:00","og_image":[{"url":"https:\/\/brtk.net\/wp-content\/uploads\/2024\/12\/10\/1733838180402tatar-konser-2.jpg?ver=bc7d6f3362df6c9c9b3a388645047178","type":"","width":"","height":""}],"author":"Kuzeyin Sesi","twitter_card":"summary_large_image","twitter_creator":"@kuzeyinsesii","twitter_site":"@kuzeyinsesii","twitter_misc":{"Yazan:":"Kuzeyin Sesi","Tahmini okuma s\u00fcresi":"1 dakika"},"schema":{"@context":"https:\/\/schema.org","@graph":[{"@type":"Article","@id":"https:\/\/kuzeyinsesi.org\/index.php\/2024\/12\/10\/tatar-gel-gokyuzunde-yildiz-olalim-konserini-izledi\/#article","isPartOf":{"@id":"https:\/\/kuzeyinsesi.org\/index.php\/2024\/12\/10\/tatar-gel-gokyuzunde-yildiz-olalim-konserini-izledi\/"},"author":{"name":"Kuzeyin Sesi","@id":"https:\/\/kuzeyinsesi.org\/#\/schema\/person\/9f859689cdf01485597712386e37f5aa"},"headline":"Tatar, \u201cGel G\u00f6ky\u00fcz\u00fcnde Y\u0131ld\u0131z Olal\u0131m\u201d konserini izledi","datePublished":"2024-12-10T16:24:19+00:00","mainEntityOfPage":{"@id":"https:\/\/kuzeyinsesi.org\/index.php\/2024\/12\/10\/tatar-gel-gokyuzunde-yildiz-olalim-konserini-izledi\/"},"wordCount":171,"commentCount":0,"image":{"@id":"https:\/\/kuzeyinsesi.org\/index.php\/2024\/12\/10\/tatar-gel-gokyuzunde-yildiz-olalim-konserini-izledi\/#primaryimage"},"thumbnailUrl":"https:\/\/kuzeyinsesi.org\/wp-content\/uploads\/2024\/12\/1733838180402tatar-konser-2.jpg","articleSection":["Ya\u015fam"],"inLanguage":"tr","potentialAction":[{"@type":"CommentAction","name":"Comment","target":["https:\/\/kuzeyinsesi.org\/index.php\/2024\/12\/10\/tatar-gel-gokyuzunde-yildiz-olalim-konserini-izledi\/#respond"]}]},{"@type":"WebPage","@id":"https:\/\/kuzeyinsesi.org\/index.php\/2024\/12\/10\/tatar-gel-gokyuzunde-yildiz-olalim-konserini-izledi\/","url":"https:\/\/kuzeyinsesi.org\/index.php\/2024\/12\/10\/tatar-gel-gokyuzunde-yildiz-olalim-konserini-izledi\/","name":"Tatar, \u201cGel G\u00f6ky\u00fcz\u00fcnde Y\u0131ld\u0131z Olal\u0131m\u201d konserini izledi - Kuzeyin Sesi","isPartOf":{"@id":"https:\/\/kuzeyinsesi.org\/#website"},"primaryImageOfPage":{"@id":"https:\/\/kuzeyinsesi.org\/index.php\/2024\/12\/10\/tatar-gel-gokyuzunde-yildiz-olalim-konserini-izledi\/#primaryimage"},"image":{"@id":"https:\/\/kuzeyinsesi.org\/index.php\/2024\/12\/10\/tatar-gel-gokyuzunde-yildiz-olalim-konserini-izledi\/#primaryimage"},"thumbnailUrl":"https:\/\/kuzeyinsesi.org\/wp-content\/uploads\/2024\/12\/1733838180402tatar-konser-2.jpg","datePublished":"2024-12-10T16:24:19+00:00","author":{"@id":"https:\/\/kuzeyinsesi.org\/#\/schema\/person\/9f859689cdf01485597712386e37f5aa"},"breadcrumb":{"@id":"https:\/\/kuzeyinsesi.org\/index.php\/2024\/12\/10\/tatar-gel-gokyuzunde-yildiz-olalim-konserini-izledi\/#breadcrumb"},"inLanguage":"tr","potentialAction":[{"@type":"ReadAction","target":["https:\/\/kuzeyinsesi.org\/index.php\/2024\/12\/10\/tatar-gel-gokyuzunde-yildiz-olalim-konserini-izledi\/"]}]},{"@type":"ImageObject","inLanguage":"tr","@id":"https:\/\/kuzeyinsesi.org\/index.php\/2024\/12\/10\/tatar-gel-gokyuzunde-yildiz-olalim-konserini-izledi\/#primaryimage","url":"https:\/\/kuzeyinsesi.org\/wp-content\/uploads\/2024\/12\/1733838180402tatar-konser-2.jpg","contentUrl":"https:\/\/kuzeyinsesi.org\/wp-content\/uploads\/2024\/12\/1733838180402tatar-konser-2.jpg","width":1600,"height":1066},{"@type":"BreadcrumbList","@id":"https:\/\/kuzeyinsesi.org\/index.php\/2024\/12\/10\/tatar-gel-gokyuzunde-yildiz-olalim-konserini-izledi\/#breadcrumb","itemListElement":[{"@type":"ListItem","position":1,"name":"Anasayfa","item":"https:\/\/kuzeyinsesi.org\/"},{"@type":"ListItem","position":2,"name":"Tatar, \u201cGel G\u00f6ky\u00fcz\u00fcnde Y\u0131ld\u0131z Olal\u0131m\u201d konserini izledi"}]},{"@type":"WebSite","@id":"https:\/\/kuzeyinsesi.org\/#website","url":"https:\/\/kuzeyinsesi.org\/","name":"Kuzeyin Sesi","description":"Do\u011fru Haberin Adresi","potentialAction":[{"@type":"SearchAction","target":{"@type":"EntryPoint","urlTemplate":"https:\/\/kuzeyinsesi.org\/?s={search_term_string}"},"query-input":{"@type":"PropertyValueSpecification","valueRequired":true,"valueName":"search_term_string"}}],"inLanguage":"tr"},{"@type":"Person","@id":"https:\/\/kuzeyinsesi.org\/#\/schema\/person\/9f859689cdf01485597712386e37f5aa","name":"Kuzeyin Sesi","image":{"@type":"ImageObject","inLanguage":"tr","@id":"https:\/\/secure.gravatar.com\/avatar\/bab33852abfd8b282518d6ed81826833d77c3c882d9ab608add591ccace47a44?s=96&d=mm&r=g","url":"https:\/\/secure.gravatar.com\/avatar\/bab33852abfd8b282518d6ed81826833d77c3c882d9ab608add591ccace47a44?s=96&d=mm&r=g","contentUrl":"https:\/\/secure.gravatar.com\/avatar\/bab33852abfd8b282518d6ed81826833d77c3c882d9ab608add591ccace47a44?s=96&d=mm&r=g","caption":"Kuzeyin Sesi"},"sameAs":["https:\/\/kuzeyinsesi.org"],"url":"https:\/\/kuzeyinsesi.org\/index.php\/author\/guven\/"}]}},"_links":{"self":[{"href":"https:\/\/kuzeyinsesi.org\/index.php\/wp-json\/wp\/v2\/posts\/15330","targetHints":{"allow":["GET"]}}],"collection":[{"href":"https:\/\/kuzeyinsesi.org\/index.php\/wp-json\/wp\/v2\/posts"}],"about":[{"href":"https:\/\/kuzeyinsesi.org\/index.php\/wp-json\/wp\/v2\/types\/post"}],"author":[{"embeddable":true,"href":"https:\/\/kuzeyinsesi.org\/index.php\/wp-json\/wp\/v2\/users\/1"}],"replies":[{"embeddable":true,"href":"https:\/\/kuzeyinsesi.org\/index.php\/wp-json\/wp\/v2\/comments?post=15330"}],"version-history":[{"count":0,"href":"https:\/\/kuzeyinsesi.org\/index.php\/wp-json\/wp\/v2\/posts\/15330\/revisions"}],"wp:featuredmedia":[{"embeddable":true,"href":"https:\/\/kuzeyinsesi.org\/index.php\/wp-json\/wp\/v2\/media\/15331"}],"wp:attachment":[{"href":"https:\/\/kuzeyinsesi.org\/index.php\/wp-json\/wp\/v2\/media?parent=15330"}],"wp:term":[{"taxonomy":"category","embeddable":true,"href":"https:\/\/kuzeyinsesi.org\/index.php\/wp-json\/wp\/v2\/categories?post=15330"},{"taxonomy":"post_tag","embeddable":true,"href":"https:\/\/kuzeyinsesi.org\/index.php\/wp-json\/wp\/v2\/tags?post=15330"}],"curies":[{"name":"wp","href":"https:\/\/api.w.org\/{rel}","templated":true}]}}