{"id":15320,"date":"2024-12-10T17:45:08","date_gmt":"2024-12-10T15:45:08","guid":{"rendered":"https:\/\/kuzeyinsesi.org\/index.php\/2024\/12\/10\/yilmaz-suriyeden-ulkemize-yonelebilecek-teror-goc-tehditlerine-karsi-ilgili-kurumlarimiz-her-turlu-tedbiri-aliyor\/"},"modified":"2024-12-10T17:45:08","modified_gmt":"2024-12-10T15:45:08","slug":"yilmaz-suriyeden-ulkemize-yonelebilecek-teror-goc-tehditlerine-karsi-ilgili-kurumlarimiz-her-turlu-tedbiri-aliyor","status":"publish","type":"post","link":"https:\/\/kuzeyinsesi.org\/index.php\/2024\/12\/10\/yilmaz-suriyeden-ulkemize-yonelebilecek-teror-goc-tehditlerine-karsi-ilgili-kurumlarimiz-her-turlu-tedbiri-aliyor\/","title":{"rendered":"Y\u0131lmaz: \u201cSuriye\u2019den \u00fclkemize y\u00f6nelebilecek ter\u00f6r, g\u00f6\u00e7 tehditlerine kar\u015f\u0131 ilgili kurumlar\u0131m\u0131z her t\u00fcrl\u00fc tedbiri al\u0131yor\u201d"},"content":{"rendered":"<div>\n<div class=\"mariselle-image-container center\">\n                                            <\/div>\n<p>T\u00fcrkiye Cumhurba\u015fkan\u0131 Yard\u0131mc\u0131s\u0131 Cevdet Y\u0131lmaz, \u201cSuriye\u2019den \u00fclkemize y\u00f6nelebilecek ter\u00f6r, g\u00f6\u00e7 tehditlerine kar\u015f\u0131 ilgili kurumlar\u0131m\u0131z her t\u00fcrl\u00fc tedbiri al\u0131yor, her t\u00fcrl\u00fc geli\u015fmeyi de yak\u0131ndan takip ediyoruz.\u201d dedi.<\/p>\n<p>Y\u0131lmaz, TBMM Genel Kurulunda, 2025 Y\u0131l\u0131 Merkezi Y\u00f6netim B\u00fct\u00e7e Kanunu Teklifi\u2019nin t\u00fcm\u00fc \u00fczerinde milletvekillerinin soru ve ele\u015ftirilerini yan\u0131tlad\u0131.<\/p>\n<p>Suriye\u2019deki geli\u015fmelere ili\u015fkin de\u011ferlendirmelerde bulunan Y\u0131lmaz, b\u00f6lgede g\u00fcven, refah ve istikrar istediklerinin ve t\u00fcm kom\u015fu \u00fclkelere bu g\u00f6zle bakt\u0131klar\u0131n\u0131n alt\u0131n\u0131 \u00e7izdi.<\/p>\n<p>\u0130stikrar ve t\u00fcm kesimleri kucaklayan siyasi bir yap\u0131 olu\u015ftu\u011funda Suriye\u2019nin \u00e7ok farkl\u0131 bir y\u00f6ne do\u011fru gidece\u011fini, ekonomik olarak da daha canl\u0131 ve g\u00fc\u00e7l\u00fc bir hale gelece\u011fine inand\u0131\u011f\u0131n\u0131 vurgulayan Y\u0131lmaz, s\u00f6zlerini \u015f\u00f6yle s\u00fcrd\u00fcrd\u00fc:<\/p>\n<p>\u201cB\u00f6lgemizde sava\u015f, \u00e7at\u0131\u015fma g\u00f6rmek istemiyoruz, bar\u0131\u015f, huzur ve refah g\u00f6rmek istiyoruz. T\u00fcrkiye olarak buna \u00f6nc\u00fcl\u00fck yapmaya devam edece\u011fiz. Bu b\u00f6lge \u00fczerinde emperyalist emelleri olanlar\u0131n tuza\u011f\u0131na d\u00fc\u015fmeden, bu co\u011frafyan\u0131n ve medeniyetin insanlar\u0131 olarak birlik ve beraberlik i\u00e7inde yolumuza devam edece\u011fimize inan\u0131yorum. T\u00fcrkiye bug\u00fcne kadar oldu\u011fu gibi bundan sonra da Suriye halk\u0131n\u0131n yan\u0131nda olmaya devam edecektir. \u00c7ok zor g\u00fcnler ya\u015fad\u0131lar, \u015fimdi ise oradaki g\u00fcvenlik, siyasi, kurumsal ve ekonomik ortam\u0131n geli\u015fmesiyle inan\u0131yorum ki belli bir s\u00fcre\u00e7 i\u00e7inde \u00fclkelerine d\u00f6neceklerdir. Giden karde\u015flerimiz, T\u00fcrkiye ile hem k\u00fclt\u00fcrel, sosyal ve siyasi ba\u011flar hem de ekonomik ili\u015fkiler anlam\u0131nda \u00e7ok daha olumlu rol oynayacaklard\u0131r. Bir yandan da risklere kar\u015f\u0131 her t\u00fcrl\u00fc tedbiri al\u0131yoruz. Suriye\u2019den \u00fclkemize y\u00f6nelebilecek ter\u00f6r, g\u00f6\u00e7 tehditlerine kar\u015f\u0131 ilgili kurumlar\u0131m\u0131z her t\u00fcrl\u00fc tedbiri al\u0131yor, her t\u00fcrl\u00fc geli\u015fmeyi de yak\u0131ndan takip ediyoruz. Suriye\u2019nin \u00f6n\u00fcm\u00fczdeki d\u00f6nemde \u00e7at\u0131\u015fma ve istikrars\u0131zl\u0131k unsuru de\u011fil, b\u00f6lgemizin b\u00fcy\u00fcmesi ve geli\u015fmesi i\u00e7in \u00e7ok farkl\u0131 bir konuma gelece\u011fine y\u00fcrekten inan\u0131yorum.\u201d<\/p>\n<\/p><\/div>\n<p><script async\n                    defer\n                    crossorigin=\"anonymous\"\n                    src=\"https:\/\/connect.facebook.net\/tr_TR\/sdk.js#xfbml=1&#038;version=v3.3\"\n            ><\/script><\/p>\n","protected":false},"excerpt":{"rendered":"<p>T\u00fcrkiye Cumhurba\u015fkan\u0131 Yard\u0131mc\u0131s\u0131 Cevdet Y\u0131lmaz, \u201cSuriye\u2019den \u00fclkemize y\u00f6nelebilecek ter\u00f6r, g\u00f6\u00e7 tehditlerine kar\u015f\u0131 ilgili kurumlar\u0131m\u0131z her t\u00fcrl\u00fc tedbiri al\u0131yor, her t\u00fcrl\u00fc geli\u015fmeyi de yak\u0131ndan takip ediyoruz.\u201d dedi. Y\u0131lmaz, TBMM Genel Kurulunda, 2025 Y\u0131l\u0131 Merkezi Y\u00f6netim B\u00fct\u00e7e Kanunu Teklifi\u2019nin t\u00fcm\u00fc \u00fczerinde milletvekillerinin soru ve ele\u015ftirilerini yan\u0131tlad\u0131. Suriye\u2019deki geli\u015fmelere ili\u015fkin de\u011ferlendirmelerde bulunan Y\u0131lmaz, b\u00f6lgede g\u00fcven, refah ve istikrar [&hellip;]<\/p>\n","protected":false},"author":1,"featured_media":15321,"comment_status":"open","ping_status":"open","sticky":false,"template":"","format":"standard","meta":{"jnews-multi-image_gallery":[],"jnews_single_post":[],"jnews_primary_category":[],"jnews_social_meta":[],"jnews_override_counter":[],"footnotes":""},"categories":[5],"tags":[],"class_list":["post-15320","post","type-post","status-publish","format-standard","has-post-thumbnail","hentry","category-turkiye"],"yoast_head":"<!-- This site is optimized with the Yoast SEO plugin v27.4 - https:\/\/yoast.com\/product\/yoast-seo-wordpress\/ -->\n<title>Y\u0131lmaz: \u201cSuriye\u2019den \u00fclkemize y\u00f6nelebilecek ter\u00f6r, g\u00f6\u00e7 tehditlerine kar\u015f\u0131 ilgili kurumlar\u0131m\u0131z her t\u00fcrl\u00fc tedbiri al\u0131yor\u201d - Kuzeyin Sesi<\/title>\n<meta name=\"robots\" content=\"index, follow, max-snippet:-1, max-image-preview:large, max-video-preview:-1\" \/>\n<link rel=\"canonical\" href=\"https:\/\/kuzeyinsesi.org\/index.php\/2024\/12\/10\/yilmaz-suriyeden-ulkemize-yonelebilecek-teror-goc-tehditlerine-karsi-ilgili-kurumlarimiz-her-turlu-tedbiri-aliyor\/\" \/>\n<meta property=\"og:locale\" content=\"tr_TR\" \/>\n<meta property=\"og:type\" content=\"article\" \/>\n<meta property=\"og:title\" content=\"Y\u0131lmaz: \u201cSuriye\u2019den \u00fclkemize y\u00f6nelebilecek ter\u00f6r, g\u00f6\u00e7 tehditlerine kar\u015f\u0131 ilgili kurumlar\u0131m\u0131z her t\u00fcrl\u00fc tedbiri al\u0131yor\u201d - Kuzeyin Sesi\" \/>\n<meta property=\"og:description\" content=\"T\u00fcrkiye Cumhurba\u015fkan\u0131 Yard\u0131mc\u0131s\u0131 Cevdet Y\u0131lmaz, \u201cSuriye\u2019den \u00fclkemize y\u00f6nelebilecek ter\u00f6r, g\u00f6\u00e7 tehditlerine kar\u015f\u0131 ilgili kurumlar\u0131m\u0131z her t\u00fcrl\u00fc tedbiri al\u0131yor, her t\u00fcrl\u00fc geli\u015fmeyi de yak\u0131ndan takip ediyoruz.\u201d dedi. Y\u0131lmaz, TBMM Genel Kurulunda, 2025 Y\u0131l\u0131 Merkezi Y\u00f6netim B\u00fct\u00e7e Kanunu Teklifi\u2019nin t\u00fcm\u00fc \u00fczerinde milletvekillerinin soru ve ele\u015ftirilerini yan\u0131tlad\u0131. Suriye\u2019deki geli\u015fmelere ili\u015fkin de\u011ferlendirmelerde bulunan Y\u0131lmaz, b\u00f6lgede g\u00fcven, refah ve istikrar [&hellip;]\" \/>\n<meta property=\"og:url\" content=\"https:\/\/kuzeyinsesi.org\/index.php\/2024\/12\/10\/yilmaz-suriyeden-ulkemize-yonelebilecek-teror-goc-tehditlerine-karsi-ilgili-kurumlarimiz-her-turlu-tedbiri-aliyor\/\" \/>\n<meta property=\"og:site_name\" content=\"Kuzeyin Sesi\" \/>\n<meta property=\"article:publisher\" content=\"https:\/\/www.facebook.com\/kuzeyinsesii\" \/>\n<meta property=\"article:published_time\" content=\"2024-12-10T15:45:08+00:00\" \/>\n<meta property=\"og:image\" content=\"https:\/\/brtk.net\/wp-content\/uploads\/2024\/12\/10\/1733817698919AA-20241209-36438036-36438032-TBMM_GENEL_KURULU-scaled.jpg?ver=082f419a1bee56c4f4b439ef22d5455b\" \/>\n<meta name=\"author\" content=\"Kuzeyin Sesi\" \/>\n<meta name=\"twitter:card\" content=\"summary_large_image\" \/>\n<meta name=\"twitter:creator\" content=\"@kuzeyinsesii\" \/>\n<meta name=\"twitter:site\" content=\"@kuzeyinsesii\" \/>\n<meta name=\"twitter:label1\" content=\"Yazan:\" \/>\n\t<meta name=\"twitter:data1\" content=\"Kuzeyin Sesi\" \/>\n\t<meta name=\"twitter:label2\" content=\"Tahmini okuma s\u00fcresi\" \/>\n\t<meta name=\"twitter:data2\" content=\"2 dakika\" \/>\n<script type=\"application\/ld+json\" class=\"yoast-schema-graph\">{\"@context\":\"https:\\\/\\\/schema.org\",\"@graph\":[{\"@type\":\"Article\",\"@id\":\"https:\\\/\\\/kuzeyinsesi.org\\\/index.php\\\/2024\\\/12\\\/10\\\/yilmaz-suriyeden-ulkemize-yonelebilecek-teror-goc-tehditlerine-karsi-ilgili-kurumlarimiz-her-turlu-tedbiri-aliyor\\\/#article\",\"isPartOf\":{\"@id\":\"https:\\\/\\\/kuzeyinsesi.org\\\/index.php\\\/2024\\\/12\\\/10\\\/yilmaz-suriyeden-ulkemize-yonelebilecek-teror-goc-tehditlerine-karsi-ilgili-kurumlarimiz-her-turlu-tedbiri-aliyor\\\/\"},\"author\":{\"name\":\"Kuzeyin Sesi\",\"@id\":\"https:\\\/\\\/kuzeyinsesi.org\\\/#\\\/schema\\\/person\\\/9f859689cdf01485597712386e37f5aa\"},\"headline\":\"Y\u0131lmaz: \u201cSuriye\u2019den \u00fclkemize y\u00f6nelebilecek ter\u00f6r, g\u00f6\u00e7 tehditlerine kar\u015f\u0131 ilgili kurumlar\u0131m\u0131z her t\u00fcrl\u00fc tedbiri al\u0131yor\u201d\",\"datePublished\":\"2024-12-10T15:45:08+00:00\",\"mainEntityOfPage\":{\"@id\":\"https:\\\/\\\/kuzeyinsesi.org\\\/index.php\\\/2024\\\/12\\\/10\\\/yilmaz-suriyeden-ulkemize-yonelebilecek-teror-goc-tehditlerine-karsi-ilgili-kurumlarimiz-her-turlu-tedbiri-aliyor\\\/\"},\"wordCount\":384,\"commentCount\":0,\"image\":{\"@id\":\"https:\\\/\\\/kuzeyinsesi.org\\\/index.php\\\/2024\\\/12\\\/10\\\/yilmaz-suriyeden-ulkemize-yonelebilecek-teror-goc-tehditlerine-karsi-ilgili-kurumlarimiz-her-turlu-tedbiri-aliyor\\\/#primaryimage\"},\"thumbnailUrl\":\"https:\\\/\\\/kuzeyinsesi.org\\\/wp-content\\\/uploads\\\/2024\\\/12\\\/1733817698919AA-20241209-36438036-36438032-TBMM_GENEL_KURULU-scaled.jpg\",\"articleSection\":[\"T\u00fcrkiye\"],\"inLanguage\":\"tr\",\"potentialAction\":[{\"@type\":\"CommentAction\",\"name\":\"Comment\",\"target\":[\"https:\\\/\\\/kuzeyinsesi.org\\\/index.php\\\/2024\\\/12\\\/10\\\/yilmaz-suriyeden-ulkemize-yonelebilecek-teror-goc-tehditlerine-karsi-ilgili-kurumlarimiz-her-turlu-tedbiri-aliyor\\\/#respond\"]}]},{\"@type\":\"WebPage\",\"@id\":\"https:\\\/\\\/kuzeyinsesi.org\\\/index.php\\\/2024\\\/12\\\/10\\\/yilmaz-suriyeden-ulkemize-yonelebilecek-teror-goc-tehditlerine-karsi-ilgili-kurumlarimiz-her-turlu-tedbiri-aliyor\\\/\",\"url\":\"https:\\\/\\\/kuzeyinsesi.org\\\/index.php\\\/2024\\\/12\\\/10\\\/yilmaz-suriyeden-ulkemize-yonelebilecek-teror-goc-tehditlerine-karsi-ilgili-kurumlarimiz-her-turlu-tedbiri-aliyor\\\/\",\"name\":\"Y\u0131lmaz: \u201cSuriye\u2019den \u00fclkemize y\u00f6nelebilecek ter\u00f6r, g\u00f6\u00e7 tehditlerine kar\u015f\u0131 ilgili kurumlar\u0131m\u0131z her t\u00fcrl\u00fc tedbiri al\u0131yor\u201d - Kuzeyin Sesi\",\"isPartOf\":{\"@id\":\"https:\\\/\\\/kuzeyinsesi.org\\\/#website\"},\"primaryImageOfPage\":{\"@id\":\"https:\\\/\\\/kuzeyinsesi.org\\\/index.php\\\/2024\\\/12\\\/10\\\/yilmaz-suriyeden-ulkemize-yonelebilecek-teror-goc-tehditlerine-karsi-ilgili-kurumlarimiz-her-turlu-tedbiri-aliyor\\\/#primaryimage\"},\"image\":{\"@id\":\"https:\\\/\\\/kuzeyinsesi.org\\\/index.php\\\/2024\\\/12\\\/10\\\/yilmaz-suriyeden-ulkemize-yonelebilecek-teror-goc-tehditlerine-karsi-ilgili-kurumlarimiz-her-turlu-tedbiri-aliyor\\\/#primaryimage\"},\"thumbnailUrl\":\"https:\\\/\\\/kuzeyinsesi.org\\\/wp-content\\\/uploads\\\/2024\\\/12\\\/1733817698919AA-20241209-36438036-36438032-TBMM_GENEL_KURULU-scaled.jpg\",\"datePublished\":\"2024-12-10T15:45:08+00:00\",\"author\":{\"@id\":\"https:\\\/\\\/kuzeyinsesi.org\\\/#\\\/schema\\\/person\\\/9f859689cdf01485597712386e37f5aa\"},\"breadcrumb\":{\"@id\":\"https:\\\/\\\/kuzeyinsesi.org\\\/index.php\\\/2024\\\/12\\\/10\\\/yilmaz-suriyeden-ulkemize-yonelebilecek-teror-goc-tehditlerine-karsi-ilgili-kurumlarimiz-her-turlu-tedbiri-aliyor\\\/#breadcrumb\"},\"inLanguage\":\"tr\",\"potentialAction\":[{\"@type\":\"ReadAction\",\"target\":[\"https:\\\/\\\/kuzeyinsesi.org\\\/index.php\\\/2024\\\/12\\\/10\\\/yilmaz-suriyeden-ulkemize-yonelebilecek-teror-goc-tehditlerine-karsi-ilgili-kurumlarimiz-her-turlu-tedbiri-aliyor\\\/\"]}]},{\"@type\":\"ImageObject\",\"inLanguage\":\"tr\",\"@id\":\"https:\\\/\\\/kuzeyinsesi.org\\\/index.php\\\/2024\\\/12\\\/10\\\/yilmaz-suriyeden-ulkemize-yonelebilecek-teror-goc-tehditlerine-karsi-ilgili-kurumlarimiz-her-turlu-tedbiri-aliyor\\\/#primaryimage\",\"url\":\"https:\\\/\\\/kuzeyinsesi.org\\\/wp-content\\\/uploads\\\/2024\\\/12\\\/1733817698919AA-20241209-36438036-36438032-TBMM_GENEL_KURULU-scaled.jpg\",\"contentUrl\":\"https:\\\/\\\/kuzeyinsesi.org\\\/wp-content\\\/uploads\\\/2024\\\/12\\\/1733817698919AA-20241209-36438036-36438032-TBMM_GENEL_KURULU-scaled.jpg\",\"width\":2560,\"height\":1724},{\"@type\":\"BreadcrumbList\",\"@id\":\"https:\\\/\\\/kuzeyinsesi.org\\\/index.php\\\/2024\\\/12\\\/10\\\/yilmaz-suriyeden-ulkemize-yonelebilecek-teror-goc-tehditlerine-karsi-ilgili-kurumlarimiz-her-turlu-tedbiri-aliyor\\\/#breadcrumb\",\"itemListElement\":[{\"@type\":\"ListItem\",\"position\":1,\"name\":\"Anasayfa\",\"item\":\"https:\\\/\\\/kuzeyinsesi.org\\\/\"},{\"@type\":\"ListItem\",\"position\":2,\"name\":\"Y\u0131lmaz: \u201cSuriye\u2019den \u00fclkemize y\u00f6nelebilecek ter\u00f6r, g\u00f6\u00e7 tehditlerine kar\u015f\u0131 ilgili kurumlar\u0131m\u0131z her t\u00fcrl\u00fc tedbiri al\u0131yor\u201d\"}]},{\"@type\":\"WebSite\",\"@id\":\"https:\\\/\\\/kuzeyinsesi.org\\\/#website\",\"url\":\"https:\\\/\\\/kuzeyinsesi.org\\\/\",\"name\":\"Kuzeyin Sesi\",\"description\":\"Do\u011fru Haberin Adresi\",\"potentialAction\":[{\"@type\":\"SearchAction\",\"target\":{\"@type\":\"EntryPoint\",\"urlTemplate\":\"https:\\\/\\\/kuzeyinsesi.org\\\/?s={search_term_string}\"},\"query-input\":{\"@type\":\"PropertyValueSpecification\",\"valueRequired\":true,\"valueName\":\"search_term_string\"}}],\"inLanguage\":\"tr\"},{\"@type\":\"Person\",\"@id\":\"https:\\\/\\\/kuzeyinsesi.org\\\/#\\\/schema\\\/person\\\/9f859689cdf01485597712386e37f5aa\",\"name\":\"Kuzeyin Sesi\",\"image\":{\"@type\":\"ImageObject\",\"inLanguage\":\"tr\",\"@id\":\"https:\\\/\\\/secure.gravatar.com\\\/avatar\\\/bab33852abfd8b282518d6ed81826833d77c3c882d9ab608add591ccace47a44?s=96&d=mm&r=g\",\"url\":\"https:\\\/\\\/secure.gravatar.com\\\/avatar\\\/bab33852abfd8b282518d6ed81826833d77c3c882d9ab608add591ccace47a44?s=96&d=mm&r=g\",\"contentUrl\":\"https:\\\/\\\/secure.gravatar.com\\\/avatar\\\/bab33852abfd8b282518d6ed81826833d77c3c882d9ab608add591ccace47a44?s=96&d=mm&r=g\",\"caption\":\"Kuzeyin Sesi\"},\"sameAs\":[\"https:\\\/\\\/kuzeyinsesi.org\"],\"url\":\"https:\\\/\\\/kuzeyinsesi.org\\\/index.php\\\/author\\\/guven\\\/\"}]}<\/script>\n<!-- \/ Yoast SEO plugin. -->","yoast_head_json":{"title":"Y\u0131lmaz: \u201cSuriye\u2019den \u00fclkemize y\u00f6nelebilecek ter\u00f6r, g\u00f6\u00e7 tehditlerine kar\u015f\u0131 ilgili kurumlar\u0131m\u0131z her t\u00fcrl\u00fc tedbiri al\u0131yor\u201d - Kuzeyin Sesi","robots":{"index":"index","follow":"follow","max-snippet":"max-snippet:-1","max-image-preview":"max-image-preview:large","max-video-preview":"max-video-preview:-1"},"canonical":"https:\/\/kuzeyinsesi.org\/index.php\/2024\/12\/10\/yilmaz-suriyeden-ulkemize-yonelebilecek-teror-goc-tehditlerine-karsi-ilgili-kurumlarimiz-her-turlu-tedbiri-aliyor\/","og_locale":"tr_TR","og_type":"article","og_title":"Y\u0131lmaz: \u201cSuriye\u2019den \u00fclkemize y\u00f6nelebilecek ter\u00f6r, g\u00f6\u00e7 tehditlerine kar\u015f\u0131 ilgili kurumlar\u0131m\u0131z her t\u00fcrl\u00fc tedbiri al\u0131yor\u201d - Kuzeyin Sesi","og_description":"T\u00fcrkiye Cumhurba\u015fkan\u0131 Yard\u0131mc\u0131s\u0131 Cevdet Y\u0131lmaz, \u201cSuriye\u2019den \u00fclkemize y\u00f6nelebilecek ter\u00f6r, g\u00f6\u00e7 tehditlerine kar\u015f\u0131 ilgili kurumlar\u0131m\u0131z her t\u00fcrl\u00fc tedbiri al\u0131yor, her t\u00fcrl\u00fc geli\u015fmeyi de yak\u0131ndan takip ediyoruz.\u201d dedi. Y\u0131lmaz, TBMM Genel Kurulunda, 2025 Y\u0131l\u0131 Merkezi Y\u00f6netim B\u00fct\u00e7e Kanunu Teklifi\u2019nin t\u00fcm\u00fc \u00fczerinde milletvekillerinin soru ve ele\u015ftirilerini yan\u0131tlad\u0131. Suriye\u2019deki geli\u015fmelere ili\u015fkin de\u011ferlendirmelerde bulunan Y\u0131lmaz, b\u00f6lgede g\u00fcven, refah ve istikrar [&hellip;]","og_url":"https:\/\/kuzeyinsesi.org\/index.php\/2024\/12\/10\/yilmaz-suriyeden-ulkemize-yonelebilecek-teror-goc-tehditlerine-karsi-ilgili-kurumlarimiz-her-turlu-tedbiri-aliyor\/","og_site_name":"Kuzeyin Sesi","article_publisher":"https:\/\/www.facebook.com\/kuzeyinsesii","article_published_time":"2024-12-10T15:45:08+00:00","og_image":[{"url":"https:\/\/brtk.net\/wp-content\/uploads\/2024\/12\/10\/1733817698919AA-20241209-36438036-36438032-TBMM_GENEL_KURULU-scaled.jpg?ver=082f419a1bee56c4f4b439ef22d5455b","type":"","width":"","height":""}],"author":"Kuzeyin Sesi","twitter_card":"summary_large_image","twitter_creator":"@kuzeyinsesii","twitter_site":"@kuzeyinsesii","twitter_misc":{"Yazan:":"Kuzeyin Sesi","Tahmini okuma s\u00fcresi":"2 dakika"},"schema":{"@context":"https:\/\/schema.org","@graph":[{"@type":"Article","@id":"https:\/\/kuzeyinsesi.org\/index.php\/2024\/12\/10\/yilmaz-suriyeden-ulkemize-yonelebilecek-teror-goc-tehditlerine-karsi-ilgili-kurumlarimiz-her-turlu-tedbiri-aliyor\/#article","isPartOf":{"@id":"https:\/\/kuzeyinsesi.org\/index.php\/2024\/12\/10\/yilmaz-suriyeden-ulkemize-yonelebilecek-teror-goc-tehditlerine-karsi-ilgili-kurumlarimiz-her-turlu-tedbiri-aliyor\/"},"author":{"name":"Kuzeyin Sesi","@id":"https:\/\/kuzeyinsesi.org\/#\/schema\/person\/9f859689cdf01485597712386e37f5aa"},"headline":"Y\u0131lmaz: \u201cSuriye\u2019den \u00fclkemize y\u00f6nelebilecek ter\u00f6r, g\u00f6\u00e7 tehditlerine kar\u015f\u0131 ilgili kurumlar\u0131m\u0131z her t\u00fcrl\u00fc tedbiri al\u0131yor\u201d","datePublished":"2024-12-10T15:45:08+00:00","mainEntityOfPage":{"@id":"https:\/\/kuzeyinsesi.org\/index.php\/2024\/12\/10\/yilmaz-suriyeden-ulkemize-yonelebilecek-teror-goc-tehditlerine-karsi-ilgili-kurumlarimiz-her-turlu-tedbiri-aliyor\/"},"wordCount":384,"commentCount":0,"image":{"@id":"https:\/\/kuzeyinsesi.org\/index.php\/2024\/12\/10\/yilmaz-suriyeden-ulkemize-yonelebilecek-teror-goc-tehditlerine-karsi-ilgili-kurumlarimiz-her-turlu-tedbiri-aliyor\/#primaryimage"},"thumbnailUrl":"https:\/\/kuzeyinsesi.org\/wp-content\/uploads\/2024\/12\/1733817698919AA-20241209-36438036-36438032-TBMM_GENEL_KURULU-scaled.jpg","articleSection":["T\u00fcrkiye"],"inLanguage":"tr","potentialAction":[{"@type":"CommentAction","name":"Comment","target":["https:\/\/kuzeyinsesi.org\/index.php\/2024\/12\/10\/yilmaz-suriyeden-ulkemize-yonelebilecek-teror-goc-tehditlerine-karsi-ilgili-kurumlarimiz-her-turlu-tedbiri-aliyor\/#respond"]}]},{"@type":"WebPage","@id":"https:\/\/kuzeyinsesi.org\/index.php\/2024\/12\/10\/yilmaz-suriyeden-ulkemize-yonelebilecek-teror-goc-tehditlerine-karsi-ilgili-kurumlarimiz-her-turlu-tedbiri-aliyor\/","url":"https:\/\/kuzeyinsesi.org\/index.php\/2024\/12\/10\/yilmaz-suriyeden-ulkemize-yonelebilecek-teror-goc-tehditlerine-karsi-ilgili-kurumlarimiz-her-turlu-tedbiri-aliyor\/","name":"Y\u0131lmaz: \u201cSuriye\u2019den \u00fclkemize y\u00f6nelebilecek ter\u00f6r, g\u00f6\u00e7 tehditlerine kar\u015f\u0131 ilgili kurumlar\u0131m\u0131z her t\u00fcrl\u00fc tedbiri al\u0131yor\u201d - Kuzeyin Sesi","isPartOf":{"@id":"https:\/\/kuzeyinsesi.org\/#website"},"primaryImageOfPage":{"@id":"https:\/\/kuzeyinsesi.org\/index.php\/2024\/12\/10\/yilmaz-suriyeden-ulkemize-yonelebilecek-teror-goc-tehditlerine-karsi-ilgili-kurumlarimiz-her-turlu-tedbiri-aliyor\/#primaryimage"},"image":{"@id":"https:\/\/kuzeyinsesi.org\/index.php\/2024\/12\/10\/yilmaz-suriyeden-ulkemize-yonelebilecek-teror-goc-tehditlerine-karsi-ilgili-kurumlarimiz-her-turlu-tedbiri-aliyor\/#primaryimage"},"thumbnailUrl":"https:\/\/kuzeyinsesi.org\/wp-content\/uploads\/2024\/12\/1733817698919AA-20241209-36438036-36438032-TBMM_GENEL_KURULU-scaled.jpg","datePublished":"2024-12-10T15:45:08+00:00","author":{"@id":"https:\/\/kuzeyinsesi.org\/#\/schema\/person\/9f859689cdf01485597712386e37f5aa"},"breadcrumb":{"@id":"https:\/\/kuzeyinsesi.org\/index.php\/2024\/12\/10\/yilmaz-suriyeden-ulkemize-yonelebilecek-teror-goc-tehditlerine-karsi-ilgili-kurumlarimiz-her-turlu-tedbiri-aliyor\/#breadcrumb"},"inLanguage":"tr","potentialAction":[{"@type":"ReadAction","target":["https:\/\/kuzeyinsesi.org\/index.php\/2024\/12\/10\/yilmaz-suriyeden-ulkemize-yonelebilecek-teror-goc-tehditlerine-karsi-ilgili-kurumlarimiz-her-turlu-tedbiri-aliyor\/"]}]},{"@type":"ImageObject","inLanguage":"tr","@id":"https:\/\/kuzeyinsesi.org\/index.php\/2024\/12\/10\/yilmaz-suriyeden-ulkemize-yonelebilecek-teror-goc-tehditlerine-karsi-ilgili-kurumlarimiz-her-turlu-tedbiri-aliyor\/#primaryimage","url":"https:\/\/kuzeyinsesi.org\/wp-content\/uploads\/2024\/12\/1733817698919AA-20241209-36438036-36438032-TBMM_GENEL_KURULU-scaled.jpg","contentUrl":"https:\/\/kuzeyinsesi.org\/wp-content\/uploads\/2024\/12\/1733817698919AA-20241209-36438036-36438032-TBMM_GENEL_KURULU-scaled.jpg","width":2560,"height":1724},{"@type":"BreadcrumbList","@id":"https:\/\/kuzeyinsesi.org\/index.php\/2024\/12\/10\/yilmaz-suriyeden-ulkemize-yonelebilecek-teror-goc-tehditlerine-karsi-ilgili-kurumlarimiz-her-turlu-tedbiri-aliyor\/#breadcrumb","itemListElement":[{"@type":"ListItem","position":1,"name":"Anasayfa","item":"https:\/\/kuzeyinsesi.org\/"},{"@type":"ListItem","position":2,"name":"Y\u0131lmaz: \u201cSuriye\u2019den \u00fclkemize y\u00f6nelebilecek ter\u00f6r, g\u00f6\u00e7 tehditlerine kar\u015f\u0131 ilgili kurumlar\u0131m\u0131z her t\u00fcrl\u00fc tedbiri al\u0131yor\u201d"}]},{"@type":"WebSite","@id":"https:\/\/kuzeyinsesi.org\/#website","url":"https:\/\/kuzeyinsesi.org\/","name":"Kuzeyin Sesi","description":"Do\u011fru Haberin Adresi","potentialAction":[{"@type":"SearchAction","target":{"@type":"EntryPoint","urlTemplate":"https:\/\/kuzeyinsesi.org\/?s={search_term_string}"},"query-input":{"@type":"PropertyValueSpecification","valueRequired":true,"valueName":"search_term_string"}}],"inLanguage":"tr"},{"@type":"Person","@id":"https:\/\/kuzeyinsesi.org\/#\/schema\/person\/9f859689cdf01485597712386e37f5aa","name":"Kuzeyin Sesi","image":{"@type":"ImageObject","inLanguage":"tr","@id":"https:\/\/secure.gravatar.com\/avatar\/bab33852abfd8b282518d6ed81826833d77c3c882d9ab608add591ccace47a44?s=96&d=mm&r=g","url":"https:\/\/secure.gravatar.com\/avatar\/bab33852abfd8b282518d6ed81826833d77c3c882d9ab608add591ccace47a44?s=96&d=mm&r=g","contentUrl":"https:\/\/secure.gravatar.com\/avatar\/bab33852abfd8b282518d6ed81826833d77c3c882d9ab608add591ccace47a44?s=96&d=mm&r=g","caption":"Kuzeyin Sesi"},"sameAs":["https:\/\/kuzeyinsesi.org"],"url":"https:\/\/kuzeyinsesi.org\/index.php\/author\/guven\/"}]}},"_links":{"self":[{"href":"https:\/\/kuzeyinsesi.org\/index.php\/wp-json\/wp\/v2\/posts\/15320","targetHints":{"allow":["GET"]}}],"collection":[{"href":"https:\/\/kuzeyinsesi.org\/index.php\/wp-json\/wp\/v2\/posts"}],"about":[{"href":"https:\/\/kuzeyinsesi.org\/index.php\/wp-json\/wp\/v2\/types\/post"}],"author":[{"embeddable":true,"href":"https:\/\/kuzeyinsesi.org\/index.php\/wp-json\/wp\/v2\/users\/1"}],"replies":[{"embeddable":true,"href":"https:\/\/kuzeyinsesi.org\/index.php\/wp-json\/wp\/v2\/comments?post=15320"}],"version-history":[{"count":0,"href":"https:\/\/kuzeyinsesi.org\/index.php\/wp-json\/wp\/v2\/posts\/15320\/revisions"}],"wp:featuredmedia":[{"embeddable":true,"href":"https:\/\/kuzeyinsesi.org\/index.php\/wp-json\/wp\/v2\/media\/15321"}],"wp:attachment":[{"href":"https:\/\/kuzeyinsesi.org\/index.php\/wp-json\/wp\/v2\/media?parent=15320"}],"wp:term":[{"taxonomy":"category","embeddable":true,"href":"https:\/\/kuzeyinsesi.org\/index.php\/wp-json\/wp\/v2\/categories?post=15320"},{"taxonomy":"post_tag","embeddable":true,"href":"https:\/\/kuzeyinsesi.org\/index.php\/wp-json\/wp\/v2\/tags?post=15320"}],"curies":[{"name":"wp","href":"https:\/\/api.w.org\/{rel}","templated":true}]}}