{"id":15316,"date":"2024-12-10T17:33:39","date_gmt":"2024-12-10T15:33:39","guid":{"rendered":"https:\/\/kuzeyinsesi.org\/index.php\/2024\/12\/10\/erdogan-suriyenin-bir-kez-daha-bolunmesine-izin-veremeyiz\/"},"modified":"2024-12-10T17:33:39","modified_gmt":"2024-12-10T15:33:39","slug":"erdogan-suriyenin-bir-kez-daha-bolunmesine-izin-veremeyiz","status":"publish","type":"post","link":"https:\/\/kuzeyinsesi.org\/index.php\/2024\/12\/10\/erdogan-suriyenin-bir-kez-daha-bolunmesine-izin-veremeyiz\/","title":{"rendered":"Erdo\u011fan: \u201cSuriye\u2019nin bir kez daha b\u00f6l\u00fcnmesine izin veremeyiz\u201d"},"content":{"rendered":"<div>\n<div class=\"mariselle-image-container center\">\n                                            <\/div>\n<p>T\u00fcrkiye Cumhurba\u015fkan\u0131 ve AK Parti Genel Ba\u015fkan\u0131 Recep Tayyip Erdo\u011fan, \u201cSuriye halk\u0131n\u0131n \u00f6zg\u00fcrl\u00fc\u011f\u00fcne, yeni Suriye y\u00f6netiminin istikrar\u0131na, kadim Suriye topraklar\u0131n\u0131n b\u00fct\u00fcnl\u00fc\u011f\u00fcne y\u00f6nelik her sald\u0131r\u0131, kar\u015f\u0131s\u0131nda Suriye halk\u0131yla birlikte bizi de bulacakt\u0131r.\u201d dedi.<\/p>\n<p>Erdo\u011fan, AK Parti Konferans Salonu\u2019nda d\u00fczenlenen Geni\u015fletilmi\u015f \u0130l Ba\u015fkanlar\u0131 Toplant\u0131s\u0131\u2019nda yapt\u0131\u011f\u0131 konu\u015fmada, toplant\u0131y\u0131, b\u00f6lgede tarihi diyebilecekleri nitelikte geli\u015fmelerin ya\u015fand\u0131\u011f\u0131 bir d\u00f6nemde ger\u00e7ekle\u015ftirdiklerini belirtti.<\/p>\n<p>Cumhurba\u015fkan\u0131 Erdo\u011fan, \u201cSuriye halk\u0131 y\u0131llard\u0131r s\u00fcren bir zul\u00fcm d\u00fczenini y\u0131karak, \u00f6zg\u00fcrl\u00fc\u011f\u00fcne, hakk\u0131na, hukukuna, gelece\u011fine sahip \u00e7\u0131kt\u0131\u011f\u0131 asil bir k\u0131yam\u0131, elhamd\u00fclillah, zaferle ta\u00e7land\u0131rm\u0131\u015ft\u0131r.\u201d ifadelerini kulland\u0131.<\/p>\n<p>Erdo\u011fan, \u015fairin, \u201cGergin uykulardan, k\u00f6r gecelerden, bir sabah gelecek kardan ayd\u0131nl\u0131k, sonra d\u00fc\u011f\u00fcm d\u00fc\u011f\u00fcm bilmecelerden, bir sabah gelecek kardan ayd\u0131nl\u0131k, vurulup \u00f6mr\u00fcn\u00fcn ilkbahar\u0131nda, kan\u0131ndan \u00e7i\u00e7ekler a\u00e7ar yar\u0131nda, c\u00fcmle \u015fehitlerin omuzlar\u0131nda bir sabah gelecek kardan ayd\u0131nl\u0131k.\u201d dizelerinin ete kemi\u011fe b\u00fcr\u00fcnd\u00fc\u011f\u00fcn\u00fc Suriye\u2019de g\u00f6rd\u00fcklerini s\u00f6yledi.<\/p>\n<p>\u2013 \u201cSuriye halk\u0131n\u0131n \u00f6n\u00fcnde, m\u00fcreffeh ve mutlu gelece\u011fe giden bir kap\u0131 a\u00e7\u0131lm\u0131\u015ft\u0131r\u201d<\/p>\n<p>\u201c\u0130nanc\u0131m\u0131z ve duam\u0131z odur ki son 13 y\u0131ld\u0131r tam anlam\u0131yla zifiri karanl\u0131k olan 61 y\u0131ll\u0131k Baas diktat\u00f6rl\u00fc\u011f\u00fc sonras\u0131nda Suriye kardan ayd\u0131nl\u0131k g\u00fcnlere kavu\u015fmu\u015ftur.\u201d diyen Erdo\u011fan, s\u00f6zlerini \u015f\u00f6yle s\u00fcrd\u00fcrd\u00fc:<\/p>\n<p>\u201cZalim Esed\u2019in bask\u0131, zul\u00fcm ve katliamlarla y\u0131llard\u0131r ayakta tutmaya \u00e7al\u0131\u015ft\u0131\u011f\u0131 az\u0131nl\u0131k rejimi, 8 Aral\u0131k Pazar g\u00fcn\u00fc \u015eam\u2019\u0131n kurtulu\u015fuyla art\u0131k \u00e7\u00f6km\u00fc\u015ft\u00fcr. Suriye\u2019nin ve Suriye halk\u0131n\u0131n \u00f6n\u00fcnde, m\u00fcreffeh ve mutlu gelece\u011fe giden bir kap\u0131 a\u00e7\u0131lm\u0131\u015ft\u0131r. \u0130n\u015fallah \u00fclkenin di\u011fer k\u0131s\u0131mlar\u0131ndaki DEA\u015e ve PKK\/PYD gibi ter\u00f6r \u00f6rg\u00fctlerinin de en k\u0131sa s\u00fcrede ba\u015f\u0131 ezilecektir. B\u00f6ylece Suriye\u2019nin toprak b\u00fct\u00fcnl\u00fc\u011f\u00fc ve egemenli\u011fi \u00fclkenin her taraf\u0131nda t\u00fcm\u00fcyle g\u00fc\u00e7lendirilecektir. Suriye halk\u0131n\u0131n birli\u011fini, b\u00fct\u00fcnl\u00fc\u011f\u00fcn\u00fc, karde\u015fli\u011fini yeniden tesis etmeye bu kadar yakla\u015ft\u0131\u011f\u0131 bir d\u00f6nemde, ak\u0131l ve vicdan sahibi hi\u00e7bir g\u00fcc\u00fcn, ter\u00f6r \u00f6rg\u00fctleriyle i\u015f tutmaya devam edece\u011fini d\u00fc\u015f\u00fcnm\u00fcyoruz. T\u00fcrkiye, siyasi, diplomatik, ekonomik, askeri t\u00fcm kapasitesiyle, bu tarihi m\u00fccadelesinde Suriye halk\u0131n\u0131n hep yan\u0131nda olacakt\u0131r. Hep s\u00f6yledi\u011fimiz gibi; Suriye, t\u00fcm inan\u00e7 gruplar\u0131 ve etnik kesimleriyle Suriyelilerindir. Ge\u00e7mi\u015fte ya\u015fanan ac\u0131lar\u0131n, gelecekte in\u015fa edilecek huzurlu, g\u00fc\u00e7l\u00fc, m\u00fcreffeh Suriye\u2019ye giden yolu, bir fener gibi ayd\u0131nlatmas\u0131n\u0131 temenni ediyoruz, bunu g\u00f6n\u00fclden diliyoruz.\u201d<\/p>\n<p>\u2013 \u201cSuriye\u2019nin bir kez daha b\u00f6l\u00fcnmesine izin veremeyiz\u201d<\/p>\n<p>Suriye topraklar\u0131na g\u00f6z\u00fcn\u00fc dikenlere hat\u0131rlatma yapmakta fayda g\u00f6rd\u00fc\u011f\u00fcne dikkati \u00e7eken Cumhurba\u015fkan\u0131 Erdo\u011fan, T\u00fcrkiye olarak, Suriye\u2019nin bug\u00fcnk\u00fc seviyesine gelmesi konusunda \u00e7ok b\u00fcy\u00fck fedakarl\u0131klarda bulunduklar\u0131n\u0131 \u00e7ok b\u00fcy\u00fck gayretler g\u00f6sterdiklerini dile getirdi.<\/p>\n<p>Herkesin s\u0131rt\u0131n\u0131 d\u00f6nd\u00fc\u011f\u00fc Suriye halk\u0131n\u0131, T\u00fcrkiye\u2019nin hem topraklar\u0131 i\u00e7inde, hem de s\u0131n\u0131rlar\u0131 dibinde y\u0131llarca koruduklar\u0131n\u0131, kollad\u0131klar\u0131n\u0131, himaye ettiklerini anlatan Erdo\u011fan, \u015fu de\u011ferlendirmelerde bulundu:<\/p>\n<p>\u201cD\u00fcn de s\u00f6yledim; bunu \u015fikayet ederek de\u011fil, memnuniyetle yerine getirdik. Rabb\u2019im, bizlere, insanl\u0131\u011f\u0131m\u0131z\u0131n ve M\u00fcsl\u00fcmanl\u0131\u011f\u0131m\u0131z\u0131n s\u0131nand\u0131\u011f\u0131 zor bir d\u00f6nemde, karde\u015flik imtihan\u0131n\u0131 aln\u0131m\u0131z\u0131n ak\u0131yla vermeyi nasip etti. Nefret s\u00f6ylemleriyle bu s\u00fcreci zehirlemek; \u0131rk\u00e7\u0131 vandall\u0131kla T\u00fcrkiye\u2019nin e\u015fsiz misafirperverli\u011fine leke bula\u015ft\u0131rmak isteyenler de oldu. Ama milletimiz basiret ve ferasetle hareket ederek, bu fa\u015fist zihniyetin oyununa hamdolsun gelmedi. Bir defa \u015funun bilinmesini isterim: Bu saatten sonra, Suriye\u2019nin bir kez daha b\u00f6l\u00fcnmesine izin veremeyiz. \u00dclke topraklar\u0131n\u0131n yeniden bir \u00e7at\u0131\u015fma alan\u0131 haline gelmesine asla r\u0131za g\u00f6steremeyiz. Karde\u015f Suriye halk\u0131n\u0131n evlerine geri d\u00f6n\u00fc\u015f\u00fcn\u00fc engellemeye y\u00f6nelik hi\u00e7bir ad\u0131m\u0131, hi\u00e7bir k\u0131\u015fk\u0131rtmay\u0131 kabul edemeyiz. Suriye halk\u0131n\u0131n \u00f6zg\u00fcrl\u00fc\u011f\u00fcne, yeni Suriye y\u00f6netiminin istikrar\u0131na, kadim Suriye topraklar\u0131n\u0131n b\u00fct\u00fcnl\u00fc\u011f\u00fcne y\u00f6nelik her sald\u0131r\u0131, kar\u015f\u0131s\u0131nda Suriye halk\u0131yla birlikte bizi de bulacakt\u0131r. Birilerinin, s\u0131rtlar\u0131n\u0131 dayad\u0131klar\u0131 g\u00fc\u00e7lerden ald\u0131klar\u0131 cesaretleri, fanatik inan\u00e7lar\u0131, sapk\u0131n ideolojileri, hastal\u0131kl\u0131 hayalleri u\u011fruna b\u00f6lgemizi kana ve ate\u015fe bulamas\u0131na seyirci kalmayaca\u011f\u0131z. Hem Suriye\u2019de ya\u015fananlardan, hem Filistin\u2019de devam eden trajediden, hem kuzeyimizde s\u00fcren sava\u015ftan \u00e7\u0131kard\u0131\u011f\u0131m\u0131z dersler bize, bu \u015fekilde hareket etmemiz gerekti\u011fini s\u00f6yl\u00fcyor.\u201d<\/p>\n<p>\u2013 \u201cSuriye\u2019ye her t\u00fcrl\u00fc deste\u011fi vermeyi s\u00fcrd\u00fcrece\u011fiz\u201d<\/p>\n<p>Erdo\u011fan, herkes i\u00e7in g\u00fcvenlik, herkes i\u00e7in bar\u0131\u015f ve refah istediklerini dile getirdi.<\/p>\n<p>Erdo\u011fan, \u015funlar\u0131 kaydetti:<\/p>\n<p>\u201cKendi g\u00fcvenli\u011fimizi, huzurumuzu, siyasi ve ekonomik istikrar\u0131m\u0131z\u0131 garantiye alman\u0131n yolu, bu iklimi b\u00f6lgemizin tamam\u0131na yaymaktan ge\u00e7iyor. Aksi takdirde, \u00e7ok b\u00fcy\u00fck emeklerle elde etti\u011fimiz kazan\u0131mlar\u0131m\u0131z\u0131 koruyabilmemizin g\u00fc\u00e7l\u00fc\u011f\u00fcn\u00fc hep birlikte g\u00f6rd\u00fck, ya\u015fad\u0131k. Bu vesileyle, karde\u015f Suriye halk\u0131n\u0131 ger\u00e7ekle\u015ftirdikleri bu muhte\u015fem devrim i\u00e7in bir kez daha tebrik ediyorum. \u00dclkemizdeki Suriyeli muhacirlerden evlerine d\u00f6nme haz\u0131rl\u0131klar\u0131 yapanlar\u0131n, t\u0131pk\u0131 burada oldu\u011fu gibi, gittikleri yerlerde de hep yanlar\u0131nda olaca\u011f\u0131z.<\/p>\n<p>G\u00f6n\u00fcll\u00fc, g\u00fcvenli, onurlu ve d\u00fczenli geri d\u00f6n\u00fc\u015fler i\u00e7in gereken kolayl\u0131\u011f\u0131 sa\u011flarken, CHP\u2019nin sebebini \u00e7ok iyi bildi\u011fimiz k\u0131\u015fk\u0131rtmalar\u0131na da eyvallah etmeyece\u011fiz. En son 14-28 May\u0131s se\u00e7imlerinde nefret s\u00f6ylemlerini k\u00f6r\u00fckleyen CHP\u2019nin, Baas rejiminin y\u0131k\u0131lmas\u0131n\u0131n getirdi\u011fi h\u0131r\u00e7\u0131nl\u0131kla, \u0131rk\u00e7\u0131 nefrete odun ta\u015f\u0131ma gayretlerinin elbette fark\u0131nday\u0131z. Kimse kusura bakmas\u0131n, ama T\u00fcrkiye\u2019nin ve y\u00fcce g\u00f6n\u00fcll\u00fc T\u00fcrk Milletinin t\u00fcm insanl\u0131\u011fa \u00f6rnek olan e\u015fsiz misafirperverli\u011fine, \u00fc\u00e7-be\u015f vicdan yoksunu fa\u015fistin g\u00f6lge d\u00fc\u015f\u00fcrmesine g\u00f6z yummay\u0131z. Suriye\u2019nin her anlamda yeniden aya\u011fa kalkmas\u0131 s\u00fcrecine her t\u00fcrl\u00fc deste\u011fi vermeyi s\u00fcrd\u00fcrece\u011fiz. Rabb\u2019imden dile\u011fim, Filistinli karde\u015flerimizin de en k\u0131sa s\u00fcrede g\u00fcvenlik ve huzura kavu\u015fmalar\u0131d\u0131r.\u201d<\/p>\n<\/p><\/div>\n<p><script async\n                    defer\n                    crossorigin=\"anonymous\"\n                    src=\"https:\/\/connect.facebook.net\/tr_TR\/sdk.js#xfbml=1&#038;version=v3.3\"\n            ><\/script><\/p>\n","protected":false},"excerpt":{"rendered":"<p>T\u00fcrkiye Cumhurba\u015fkan\u0131 ve AK Parti Genel Ba\u015fkan\u0131 Recep Tayyip Erdo\u011fan, \u201cSuriye halk\u0131n\u0131n \u00f6zg\u00fcrl\u00fc\u011f\u00fcne, yeni Suriye y\u00f6netiminin istikrar\u0131na, kadim Suriye topraklar\u0131n\u0131n b\u00fct\u00fcnl\u00fc\u011f\u00fcne y\u00f6nelik her sald\u0131r\u0131, kar\u015f\u0131s\u0131nda Suriye halk\u0131yla birlikte bizi de bulacakt\u0131r.\u201d dedi. Erdo\u011fan, AK Parti Konferans Salonu\u2019nda d\u00fczenlenen Geni\u015fletilmi\u015f \u0130l Ba\u015fkanlar\u0131 Toplant\u0131s\u0131\u2019nda yapt\u0131\u011f\u0131 konu\u015fmada, toplant\u0131y\u0131, b\u00f6lgede tarihi diyebilecekleri nitelikte geli\u015fmelerin ya\u015fand\u0131\u011f\u0131 bir d\u00f6nemde ger\u00e7ekle\u015ftirdiklerini belirtti. [&hellip;]<\/p>\n","protected":false},"author":1,"featured_media":15317,"comment_status":"open","ping_status":"open","sticky":false,"template":"","format":"standard","meta":{"jnews-multi-image_gallery":[],"jnews_single_post":[],"jnews_primary_category":[],"jnews_social_meta":[],"jnews_override_counter":[],"footnotes":""},"categories":[5],"tags":[],"class_list":["post-15316","post","type-post","status-publish","format-standard","has-post-thumbnail","hentry","category-turkiye"],"yoast_head":"<!-- This site is optimized with the Yoast SEO plugin v27.4 - https:\/\/yoast.com\/product\/yoast-seo-wordpress\/ -->\n<title>Erdo\u011fan: \u201cSuriye\u2019nin bir kez daha b\u00f6l\u00fcnmesine izin veremeyiz\u201d - Kuzeyin Sesi<\/title>\n<meta name=\"robots\" content=\"index, follow, max-snippet:-1, max-image-preview:large, max-video-preview:-1\" \/>\n<link rel=\"canonical\" href=\"https:\/\/kuzeyinsesi.org\/index.php\/2024\/12\/10\/erdogan-suriyenin-bir-kez-daha-bolunmesine-izin-veremeyiz\/\" \/>\n<meta property=\"og:locale\" content=\"tr_TR\" \/>\n<meta property=\"og:type\" content=\"article\" \/>\n<meta property=\"og:title\" content=\"Erdo\u011fan: \u201cSuriye\u2019nin bir kez daha b\u00f6l\u00fcnmesine izin veremeyiz\u201d - Kuzeyin Sesi\" \/>\n<meta property=\"og:description\" content=\"T\u00fcrkiye Cumhurba\u015fkan\u0131 ve AK Parti Genel Ba\u015fkan\u0131 Recep Tayyip Erdo\u011fan, \u201cSuriye halk\u0131n\u0131n \u00f6zg\u00fcrl\u00fc\u011f\u00fcne, yeni Suriye y\u00f6netiminin istikrar\u0131na, kadim Suriye topraklar\u0131n\u0131n b\u00fct\u00fcnl\u00fc\u011f\u00fcne y\u00f6nelik her sald\u0131r\u0131, kar\u015f\u0131s\u0131nda Suriye halk\u0131yla birlikte bizi de bulacakt\u0131r.\u201d dedi. Erdo\u011fan, AK Parti Konferans Salonu\u2019nda d\u00fczenlenen Geni\u015fletilmi\u015f \u0130l Ba\u015fkanlar\u0131 Toplant\u0131s\u0131\u2019nda yapt\u0131\u011f\u0131 konu\u015fmada, toplant\u0131y\u0131, b\u00f6lgede tarihi diyebilecekleri nitelikte geli\u015fmelerin ya\u015fand\u0131\u011f\u0131 bir d\u00f6nemde ger\u00e7ekle\u015ftirdiklerini belirtti. [&hellip;]\" \/>\n<meta property=\"og:url\" content=\"https:\/\/kuzeyinsesi.org\/index.php\/2024\/12\/10\/erdogan-suriyenin-bir-kez-daha-bolunmesine-izin-veremeyiz\/\" \/>\n<meta property=\"og:site_name\" content=\"Kuzeyin Sesi\" \/>\n<meta property=\"article:publisher\" content=\"https:\/\/www.facebook.com\/kuzeyinsesii\" \/>\n<meta property=\"article:published_time\" content=\"2024-12-10T15:33:39+00:00\" \/>\n<meta property=\"og:image\" content=\"https:\/\/brtk.net\/wp-content\/uploads\/2024\/12\/10\/1733837533771thumbs_b_c_f35d1a9fed94049a3cb2ef2069652168.jpg?ver=fe0f8ff28b9fa70b41e64a79b91eb8d1\" \/>\n<meta name=\"author\" content=\"Kuzeyin Sesi\" \/>\n<meta name=\"twitter:card\" content=\"summary_large_image\" \/>\n<meta name=\"twitter:creator\" content=\"@kuzeyinsesii\" \/>\n<meta name=\"twitter:site\" content=\"@kuzeyinsesii\" \/>\n<meta name=\"twitter:label1\" content=\"Yazan:\" \/>\n\t<meta name=\"twitter:data1\" content=\"Kuzeyin Sesi\" \/>\n\t<meta name=\"twitter:label2\" content=\"Tahmini okuma s\u00fcresi\" \/>\n\t<meta name=\"twitter:data2\" content=\"6 dakika\" \/>\n<script type=\"application\/ld+json\" class=\"yoast-schema-graph\">{\"@context\":\"https:\\\/\\\/schema.org\",\"@graph\":[{\"@type\":\"Article\",\"@id\":\"https:\\\/\\\/kuzeyinsesi.org\\\/index.php\\\/2024\\\/12\\\/10\\\/erdogan-suriyenin-bir-kez-daha-bolunmesine-izin-veremeyiz\\\/#article\",\"isPartOf\":{\"@id\":\"https:\\\/\\\/kuzeyinsesi.org\\\/index.php\\\/2024\\\/12\\\/10\\\/erdogan-suriyenin-bir-kez-daha-bolunmesine-izin-veremeyiz\\\/\"},\"author\":{\"name\":\"Kuzeyin Sesi\",\"@id\":\"https:\\\/\\\/kuzeyinsesi.org\\\/#\\\/schema\\\/person\\\/9f859689cdf01485597712386e37f5aa\"},\"headline\":\"Erdo\u011fan: \u201cSuriye\u2019nin bir kez daha b\u00f6l\u00fcnmesine izin veremeyiz\u201d\",\"datePublished\":\"2024-12-10T15:33:39+00:00\",\"mainEntityOfPage\":{\"@id\":\"https:\\\/\\\/kuzeyinsesi.org\\\/index.php\\\/2024\\\/12\\\/10\\\/erdogan-suriyenin-bir-kez-daha-bolunmesine-izin-veremeyiz\\\/\"},\"wordCount\":1114,\"commentCount\":0,\"image\":{\"@id\":\"https:\\\/\\\/kuzeyinsesi.org\\\/index.php\\\/2024\\\/12\\\/10\\\/erdogan-suriyenin-bir-kez-daha-bolunmesine-izin-veremeyiz\\\/#primaryimage\"},\"thumbnailUrl\":\"https:\\\/\\\/kuzeyinsesi.org\\\/wp-content\\\/uploads\\\/2024\\\/12\\\/1733837533771thumbs_b_c_f35d1a9fed94049a3cb2ef2069652168.jpg\",\"articleSection\":[\"T\u00fcrkiye\"],\"inLanguage\":\"tr\",\"potentialAction\":[{\"@type\":\"CommentAction\",\"name\":\"Comment\",\"target\":[\"https:\\\/\\\/kuzeyinsesi.org\\\/index.php\\\/2024\\\/12\\\/10\\\/erdogan-suriyenin-bir-kez-daha-bolunmesine-izin-veremeyiz\\\/#respond\"]}]},{\"@type\":\"WebPage\",\"@id\":\"https:\\\/\\\/kuzeyinsesi.org\\\/index.php\\\/2024\\\/12\\\/10\\\/erdogan-suriyenin-bir-kez-daha-bolunmesine-izin-veremeyiz\\\/\",\"url\":\"https:\\\/\\\/kuzeyinsesi.org\\\/index.php\\\/2024\\\/12\\\/10\\\/erdogan-suriyenin-bir-kez-daha-bolunmesine-izin-veremeyiz\\\/\",\"name\":\"Erdo\u011fan: \u201cSuriye\u2019nin bir kez daha b\u00f6l\u00fcnmesine izin veremeyiz\u201d - Kuzeyin Sesi\",\"isPartOf\":{\"@id\":\"https:\\\/\\\/kuzeyinsesi.org\\\/#website\"},\"primaryImageOfPage\":{\"@id\":\"https:\\\/\\\/kuzeyinsesi.org\\\/index.php\\\/2024\\\/12\\\/10\\\/erdogan-suriyenin-bir-kez-daha-bolunmesine-izin-veremeyiz\\\/#primaryimage\"},\"image\":{\"@id\":\"https:\\\/\\\/kuzeyinsesi.org\\\/index.php\\\/2024\\\/12\\\/10\\\/erdogan-suriyenin-bir-kez-daha-bolunmesine-izin-veremeyiz\\\/#primaryimage\"},\"thumbnailUrl\":\"https:\\\/\\\/kuzeyinsesi.org\\\/wp-content\\\/uploads\\\/2024\\\/12\\\/1733837533771thumbs_b_c_f35d1a9fed94049a3cb2ef2069652168.jpg\",\"datePublished\":\"2024-12-10T15:33:39+00:00\",\"author\":{\"@id\":\"https:\\\/\\\/kuzeyinsesi.org\\\/#\\\/schema\\\/person\\\/9f859689cdf01485597712386e37f5aa\"},\"breadcrumb\":{\"@id\":\"https:\\\/\\\/kuzeyinsesi.org\\\/index.php\\\/2024\\\/12\\\/10\\\/erdogan-suriyenin-bir-kez-daha-bolunmesine-izin-veremeyiz\\\/#breadcrumb\"},\"inLanguage\":\"tr\",\"potentialAction\":[{\"@type\":\"ReadAction\",\"target\":[\"https:\\\/\\\/kuzeyinsesi.org\\\/index.php\\\/2024\\\/12\\\/10\\\/erdogan-suriyenin-bir-kez-daha-bolunmesine-izin-veremeyiz\\\/\"]}]},{\"@type\":\"ImageObject\",\"inLanguage\":\"tr\",\"@id\":\"https:\\\/\\\/kuzeyinsesi.org\\\/index.php\\\/2024\\\/12\\\/10\\\/erdogan-suriyenin-bir-kez-daha-bolunmesine-izin-veremeyiz\\\/#primaryimage\",\"url\":\"https:\\\/\\\/kuzeyinsesi.org\\\/wp-content\\\/uploads\\\/2024\\\/12\\\/1733837533771thumbs_b_c_f35d1a9fed94049a3cb2ef2069652168.jpg\",\"contentUrl\":\"https:\\\/\\\/kuzeyinsesi.org\\\/wp-content\\\/uploads\\\/2024\\\/12\\\/1733837533771thumbs_b_c_f35d1a9fed94049a3cb2ef2069652168.jpg\",\"width\":864,\"height\":486},{\"@type\":\"BreadcrumbList\",\"@id\":\"https:\\\/\\\/kuzeyinsesi.org\\\/index.php\\\/2024\\\/12\\\/10\\\/erdogan-suriyenin-bir-kez-daha-bolunmesine-izin-veremeyiz\\\/#breadcrumb\",\"itemListElement\":[{\"@type\":\"ListItem\",\"position\":1,\"name\":\"Anasayfa\",\"item\":\"https:\\\/\\\/kuzeyinsesi.org\\\/\"},{\"@type\":\"ListItem\",\"position\":2,\"name\":\"Erdo\u011fan: \u201cSuriye\u2019nin bir kez daha b\u00f6l\u00fcnmesine izin veremeyiz\u201d\"}]},{\"@type\":\"WebSite\",\"@id\":\"https:\\\/\\\/kuzeyinsesi.org\\\/#website\",\"url\":\"https:\\\/\\\/kuzeyinsesi.org\\\/\",\"name\":\"Kuzeyin Sesi\",\"description\":\"Do\u011fru Haberin Adresi\",\"potentialAction\":[{\"@type\":\"SearchAction\",\"target\":{\"@type\":\"EntryPoint\",\"urlTemplate\":\"https:\\\/\\\/kuzeyinsesi.org\\\/?s={search_term_string}\"},\"query-input\":{\"@type\":\"PropertyValueSpecification\",\"valueRequired\":true,\"valueName\":\"search_term_string\"}}],\"inLanguage\":\"tr\"},{\"@type\":\"Person\",\"@id\":\"https:\\\/\\\/kuzeyinsesi.org\\\/#\\\/schema\\\/person\\\/9f859689cdf01485597712386e37f5aa\",\"name\":\"Kuzeyin Sesi\",\"image\":{\"@type\":\"ImageObject\",\"inLanguage\":\"tr\",\"@id\":\"https:\\\/\\\/secure.gravatar.com\\\/avatar\\\/bab33852abfd8b282518d6ed81826833d77c3c882d9ab608add591ccace47a44?s=96&d=mm&r=g\",\"url\":\"https:\\\/\\\/secure.gravatar.com\\\/avatar\\\/bab33852abfd8b282518d6ed81826833d77c3c882d9ab608add591ccace47a44?s=96&d=mm&r=g\",\"contentUrl\":\"https:\\\/\\\/secure.gravatar.com\\\/avatar\\\/bab33852abfd8b282518d6ed81826833d77c3c882d9ab608add591ccace47a44?s=96&d=mm&r=g\",\"caption\":\"Kuzeyin Sesi\"},\"sameAs\":[\"https:\\\/\\\/kuzeyinsesi.org\"],\"url\":\"https:\\\/\\\/kuzeyinsesi.org\\\/index.php\\\/author\\\/guven\\\/\"}]}<\/script>\n<!-- \/ Yoast SEO plugin. -->","yoast_head_json":{"title":"Erdo\u011fan: \u201cSuriye\u2019nin bir kez daha b\u00f6l\u00fcnmesine izin veremeyiz\u201d - Kuzeyin Sesi","robots":{"index":"index","follow":"follow","max-snippet":"max-snippet:-1","max-image-preview":"max-image-preview:large","max-video-preview":"max-video-preview:-1"},"canonical":"https:\/\/kuzeyinsesi.org\/index.php\/2024\/12\/10\/erdogan-suriyenin-bir-kez-daha-bolunmesine-izin-veremeyiz\/","og_locale":"tr_TR","og_type":"article","og_title":"Erdo\u011fan: \u201cSuriye\u2019nin bir kez daha b\u00f6l\u00fcnmesine izin veremeyiz\u201d - Kuzeyin Sesi","og_description":"T\u00fcrkiye Cumhurba\u015fkan\u0131 ve AK Parti Genel Ba\u015fkan\u0131 Recep Tayyip Erdo\u011fan, \u201cSuriye halk\u0131n\u0131n \u00f6zg\u00fcrl\u00fc\u011f\u00fcne, yeni Suriye y\u00f6netiminin istikrar\u0131na, kadim Suriye topraklar\u0131n\u0131n b\u00fct\u00fcnl\u00fc\u011f\u00fcne y\u00f6nelik her sald\u0131r\u0131, kar\u015f\u0131s\u0131nda Suriye halk\u0131yla birlikte bizi de bulacakt\u0131r.\u201d dedi. Erdo\u011fan, AK Parti Konferans Salonu\u2019nda d\u00fczenlenen Geni\u015fletilmi\u015f \u0130l Ba\u015fkanlar\u0131 Toplant\u0131s\u0131\u2019nda yapt\u0131\u011f\u0131 konu\u015fmada, toplant\u0131y\u0131, b\u00f6lgede tarihi diyebilecekleri nitelikte geli\u015fmelerin ya\u015fand\u0131\u011f\u0131 bir d\u00f6nemde ger\u00e7ekle\u015ftirdiklerini belirtti. [&hellip;]","og_url":"https:\/\/kuzeyinsesi.org\/index.php\/2024\/12\/10\/erdogan-suriyenin-bir-kez-daha-bolunmesine-izin-veremeyiz\/","og_site_name":"Kuzeyin Sesi","article_publisher":"https:\/\/www.facebook.com\/kuzeyinsesii","article_published_time":"2024-12-10T15:33:39+00:00","og_image":[{"url":"https:\/\/brtk.net\/wp-content\/uploads\/2024\/12\/10\/1733837533771thumbs_b_c_f35d1a9fed94049a3cb2ef2069652168.jpg?ver=fe0f8ff28b9fa70b41e64a79b91eb8d1","type":"","width":"","height":""}],"author":"Kuzeyin Sesi","twitter_card":"summary_large_image","twitter_creator":"@kuzeyinsesii","twitter_site":"@kuzeyinsesii","twitter_misc":{"Yazan:":"Kuzeyin Sesi","Tahmini okuma s\u00fcresi":"6 dakika"},"schema":{"@context":"https:\/\/schema.org","@graph":[{"@type":"Article","@id":"https:\/\/kuzeyinsesi.org\/index.php\/2024\/12\/10\/erdogan-suriyenin-bir-kez-daha-bolunmesine-izin-veremeyiz\/#article","isPartOf":{"@id":"https:\/\/kuzeyinsesi.org\/index.php\/2024\/12\/10\/erdogan-suriyenin-bir-kez-daha-bolunmesine-izin-veremeyiz\/"},"author":{"name":"Kuzeyin Sesi","@id":"https:\/\/kuzeyinsesi.org\/#\/schema\/person\/9f859689cdf01485597712386e37f5aa"},"headline":"Erdo\u011fan: \u201cSuriye\u2019nin bir kez daha b\u00f6l\u00fcnmesine izin veremeyiz\u201d","datePublished":"2024-12-10T15:33:39+00:00","mainEntityOfPage":{"@id":"https:\/\/kuzeyinsesi.org\/index.php\/2024\/12\/10\/erdogan-suriyenin-bir-kez-daha-bolunmesine-izin-veremeyiz\/"},"wordCount":1114,"commentCount":0,"image":{"@id":"https:\/\/kuzeyinsesi.org\/index.php\/2024\/12\/10\/erdogan-suriyenin-bir-kez-daha-bolunmesine-izin-veremeyiz\/#primaryimage"},"thumbnailUrl":"https:\/\/kuzeyinsesi.org\/wp-content\/uploads\/2024\/12\/1733837533771thumbs_b_c_f35d1a9fed94049a3cb2ef2069652168.jpg","articleSection":["T\u00fcrkiye"],"inLanguage":"tr","potentialAction":[{"@type":"CommentAction","name":"Comment","target":["https:\/\/kuzeyinsesi.org\/index.php\/2024\/12\/10\/erdogan-suriyenin-bir-kez-daha-bolunmesine-izin-veremeyiz\/#respond"]}]},{"@type":"WebPage","@id":"https:\/\/kuzeyinsesi.org\/index.php\/2024\/12\/10\/erdogan-suriyenin-bir-kez-daha-bolunmesine-izin-veremeyiz\/","url":"https:\/\/kuzeyinsesi.org\/index.php\/2024\/12\/10\/erdogan-suriyenin-bir-kez-daha-bolunmesine-izin-veremeyiz\/","name":"Erdo\u011fan: \u201cSuriye\u2019nin bir kez daha b\u00f6l\u00fcnmesine izin veremeyiz\u201d - Kuzeyin Sesi","isPartOf":{"@id":"https:\/\/kuzeyinsesi.org\/#website"},"primaryImageOfPage":{"@id":"https:\/\/kuzeyinsesi.org\/index.php\/2024\/12\/10\/erdogan-suriyenin-bir-kez-daha-bolunmesine-izin-veremeyiz\/#primaryimage"},"image":{"@id":"https:\/\/kuzeyinsesi.org\/index.php\/2024\/12\/10\/erdogan-suriyenin-bir-kez-daha-bolunmesine-izin-veremeyiz\/#primaryimage"},"thumbnailUrl":"https:\/\/kuzeyinsesi.org\/wp-content\/uploads\/2024\/12\/1733837533771thumbs_b_c_f35d1a9fed94049a3cb2ef2069652168.jpg","datePublished":"2024-12-10T15:33:39+00:00","author":{"@id":"https:\/\/kuzeyinsesi.org\/#\/schema\/person\/9f859689cdf01485597712386e37f5aa"},"breadcrumb":{"@id":"https:\/\/kuzeyinsesi.org\/index.php\/2024\/12\/10\/erdogan-suriyenin-bir-kez-daha-bolunmesine-izin-veremeyiz\/#breadcrumb"},"inLanguage":"tr","potentialAction":[{"@type":"ReadAction","target":["https:\/\/kuzeyinsesi.org\/index.php\/2024\/12\/10\/erdogan-suriyenin-bir-kez-daha-bolunmesine-izin-veremeyiz\/"]}]},{"@type":"ImageObject","inLanguage":"tr","@id":"https:\/\/kuzeyinsesi.org\/index.php\/2024\/12\/10\/erdogan-suriyenin-bir-kez-daha-bolunmesine-izin-veremeyiz\/#primaryimage","url":"https:\/\/kuzeyinsesi.org\/wp-content\/uploads\/2024\/12\/1733837533771thumbs_b_c_f35d1a9fed94049a3cb2ef2069652168.jpg","contentUrl":"https:\/\/kuzeyinsesi.org\/wp-content\/uploads\/2024\/12\/1733837533771thumbs_b_c_f35d1a9fed94049a3cb2ef2069652168.jpg","width":864,"height":486},{"@type":"BreadcrumbList","@id":"https:\/\/kuzeyinsesi.org\/index.php\/2024\/12\/10\/erdogan-suriyenin-bir-kez-daha-bolunmesine-izin-veremeyiz\/#breadcrumb","itemListElement":[{"@type":"ListItem","position":1,"name":"Anasayfa","item":"https:\/\/kuzeyinsesi.org\/"},{"@type":"ListItem","position":2,"name":"Erdo\u011fan: \u201cSuriye\u2019nin bir kez daha b\u00f6l\u00fcnmesine izin veremeyiz\u201d"}]},{"@type":"WebSite","@id":"https:\/\/kuzeyinsesi.org\/#website","url":"https:\/\/kuzeyinsesi.org\/","name":"Kuzeyin Sesi","description":"Do\u011fru Haberin Adresi","potentialAction":[{"@type":"SearchAction","target":{"@type":"EntryPoint","urlTemplate":"https:\/\/kuzeyinsesi.org\/?s={search_term_string}"},"query-input":{"@type":"PropertyValueSpecification","valueRequired":true,"valueName":"search_term_string"}}],"inLanguage":"tr"},{"@type":"Person","@id":"https:\/\/kuzeyinsesi.org\/#\/schema\/person\/9f859689cdf01485597712386e37f5aa","name":"Kuzeyin Sesi","image":{"@type":"ImageObject","inLanguage":"tr","@id":"https:\/\/secure.gravatar.com\/avatar\/bab33852abfd8b282518d6ed81826833d77c3c882d9ab608add591ccace47a44?s=96&d=mm&r=g","url":"https:\/\/secure.gravatar.com\/avatar\/bab33852abfd8b282518d6ed81826833d77c3c882d9ab608add591ccace47a44?s=96&d=mm&r=g","contentUrl":"https:\/\/secure.gravatar.com\/avatar\/bab33852abfd8b282518d6ed81826833d77c3c882d9ab608add591ccace47a44?s=96&d=mm&r=g","caption":"Kuzeyin Sesi"},"sameAs":["https:\/\/kuzeyinsesi.org"],"url":"https:\/\/kuzeyinsesi.org\/index.php\/author\/guven\/"}]}},"_links":{"self":[{"href":"https:\/\/kuzeyinsesi.org\/index.php\/wp-json\/wp\/v2\/posts\/15316","targetHints":{"allow":["GET"]}}],"collection":[{"href":"https:\/\/kuzeyinsesi.org\/index.php\/wp-json\/wp\/v2\/posts"}],"about":[{"href":"https:\/\/kuzeyinsesi.org\/index.php\/wp-json\/wp\/v2\/types\/post"}],"author":[{"embeddable":true,"href":"https:\/\/kuzeyinsesi.org\/index.php\/wp-json\/wp\/v2\/users\/1"}],"replies":[{"embeddable":true,"href":"https:\/\/kuzeyinsesi.org\/index.php\/wp-json\/wp\/v2\/comments?post=15316"}],"version-history":[{"count":0,"href":"https:\/\/kuzeyinsesi.org\/index.php\/wp-json\/wp\/v2\/posts\/15316\/revisions"}],"wp:featuredmedia":[{"embeddable":true,"href":"https:\/\/kuzeyinsesi.org\/index.php\/wp-json\/wp\/v2\/media\/15317"}],"wp:attachment":[{"href":"https:\/\/kuzeyinsesi.org\/index.php\/wp-json\/wp\/v2\/media?parent=15316"}],"wp:term":[{"taxonomy":"category","embeddable":true,"href":"https:\/\/kuzeyinsesi.org\/index.php\/wp-json\/wp\/v2\/categories?post=15316"},{"taxonomy":"post_tag","embeddable":true,"href":"https:\/\/kuzeyinsesi.org\/index.php\/wp-json\/wp\/v2\/tags?post=15316"}],"curies":[{"name":"wp","href":"https:\/\/api.w.org\/{rel}","templated":true}]}}