{"id":15304,"date":"2024-12-10T15:07:37","date_gmt":"2024-12-10T13:07:37","guid":{"rendered":"https:\/\/kuzeyinsesi.org\/index.php\/2024\/12\/10\/cumhurbaskanligi-himayesinde-hayata-gecirilen-kecada-markasi-tanitildi\/"},"modified":"2024-12-10T15:07:37","modified_gmt":"2024-12-10T13:07:37","slug":"cumhurbaskanligi-himayesinde-hayata-gecirilen-kecada-markasi-tanitildi","status":"publish","type":"post","link":"https:\/\/kuzeyinsesi.org\/index.php\/2024\/12\/10\/cumhurbaskanligi-himayesinde-hayata-gecirilen-kecada-markasi-tanitildi\/","title":{"rendered":"Cumhurba\u015fkanl\u0131\u011f\u0131 himayesinde hayata ge\u00e7irilen \u201cKe\u00e7ada\u201d markas\u0131 tan\u0131t\u0131ld\u0131"},"content":{"rendered":"<div>\n<div class=\"mariselle-image-container center\">\n                                            <\/div>\n<p>\nCumhurba\u015fkanl\u0131\u011f\u0131 himayesinde ve Cumhurba\u015fkan\u0131 Ersin Tatar\u2019\u0131n e\u015fi Sibel Tatar\u2019\u0131n \u00f6nc\u00fcl\u00fc\u011f\u00fcnde hayata ge\u00e7irilen \u201cKe\u00e7enin Kuzey K\u0131br\u0131s\u2019ta Yeniden Do\u011fu\u015fu Projesi\u2019nin \u201cKe\u00e7ada\u201d markas\u0131 tan\u0131t\u0131ld\u0131.<\/p>\n<p>Cumhurba\u015fkanl\u0131\u011f\u0131\u2019ndan yap\u0131lan a\u00e7\u0131klamaya g\u00f6re, Lefko\u015fa Concorde Tower Otel\u2019de d\u00fczenlenen etkinli\u011fe, Cumhurba\u015fkan\u0131 Ersin Tatar ve e\u015fi Sibel Tatar, T\u00fcrkiye\u2019nin Lefko\u015fa B\u00fcy\u00fckel\u00e7isi Yasin Ekrem Serim\u2019in e\u015fi Sevim \u00c7a\u011fla Serim, Mehmet\u00e7ik B\u00fcy\u00fckkonuk Belediye Ba\u015fkan\u0131 Fatma \u00c7imen Tu\u011flu, devlet yetkilileri, sivil toplum \u00f6rg\u00fct\u00fc temsilcileri ve vatanda\u015flar kat\u0131ld\u0131.<\/p>\n<div class=\"mariselle-image-container center\">\n                <img decoding=\"async\" width=\"1600\" height=\"1066\" class=\"lazy-image\" alt=\"\" sizes=\"(max-width: 1600px) 100vw, 1600px\" src=\"https:\/\/brtk.net\/wp-content\/uploads\/2024\/12\/10\/1733831954815tatar-kecda-10.jpg?ver=5091c85ec722aa91a4676bd9eb0f6455\" srcset=\"https:\/\/brtk.net\/wp-content\/uploads\/2024\/12\/10\/1733831954815tatar-kecda-10.jpg?ver=5091c85ec722aa91a4676bd9eb0f6455 1600w, https:\/\/brtk.net\/wp-content\/uploads\/2024\/12\/10\/1733831954815tatar-kecda-10-300x200.jpg?ver=95c91bd2a1f707a2a082d4ef35c24b00 300w, https:\/\/brtk.net\/wp-content\/uploads\/2024\/12\/10\/1733831954815tatar-kecda-10-1024x682.jpg?ver=95c91bd2a1f707a2a082d4ef35c24b00 1024w, https:\/\/brtk.net\/wp-content\/uploads\/2024\/12\/10\/1733831954815tatar-kecda-10-768x512.jpg?ver=82f472961b8e77c7dc1a68cf1b5a12c1 768w, https:\/\/brtk.net\/wp-content\/uploads\/2024\/12\/10\/1733831954815tatar-kecda-10-1536x1023.jpg?ver=82f472961b8e77c7dc1a68cf1b5a12c1 1536w\"\/>                            <\/div>\n<p>Tan\u0131t\u0131m etkinli\u011fi, Ke\u00e7enin Kuzey K\u0131br\u0131s\u2019ta Yeniden Do\u011fu\u015fu Projesi\u2019nin anlat\u0131ld\u0131\u011f\u0131 video g\u00f6sterimiyle ba\u015flad\u0131. Semazen g\u00f6sterimiyle devam eden etkinlik, konu\u015fmalarla S\u00dcRD\u00dc.<\/p>\n<p>Ke\u00e7eden yap\u0131lan obje ve el i\u015fi \u00fcr\u00fcnlerin, Miss Kuzey K\u0131br\u0131s G\u00fczellik Yar\u0131\u015fmas\u0131\u2019na kat\u0131lan g\u00fczellerin sunumuyla tan\u0131t\u0131ld\u0131\u011f\u0131 etkinlikte, Ke\u00e7ada markas\u0131yla yap\u0131lan \u00fcr\u00fcnler sat\u0131\u015fa sunuldu.<\/p>\n<p>Cumhurba\u015fkan\u0131 Ersin Tatar \u201cKe\u00e7ada\u201d tan\u0131t\u0131m etkinli\u011finde yapt\u0131\u011f\u0131 konu\u015fmada, \u0130pe\u011fin Kuzey K\u0131br\u0131s\u2019ta Yeniden Do\u011fu\u015fu Projesi\u2019nin ard\u0131ndan Ke\u00e7enin Kuzey K\u0131br\u0131s\u2019ta Yeniden Do\u011fu\u015fu Projesi\u2019ne \u00f6nc\u00fcl\u00fck eden ve hayata ge\u00e7mesini sa\u011flayan e\u015fi Sibel Tatar\u2019a ve ekibine te\u015fekk\u00fcr etti.<\/p>\n<p>\u2013 Tatar: \u201cYap\u0131lan \u00e7al\u0131\u015fmalar k\u00fclt\u00fcrel mirasa sahip \u00e7\u0131kmaya, \u00e7evreyi korumaya ve \u00fclke tan\u0131t\u0131m\u0131na katk\u0131 koyuyor\u201d<\/p>\n<div class=\"mariselle-image-container center\">\n                <img decoding=\"async\" width=\"1600\" height=\"1066\" class=\"lazy-image\" alt=\"\" sizes=\"(max-width: 1600px) 100vw, 1600px\" src=\"https:\/\/brtk.net\/wp-content\/uploads\/2024\/12\/10\/1733831954816tatar-kecda-13.jpg?ver=1cedab481de9e28878f9d8a7b2526204\" srcset=\"https:\/\/brtk.net\/wp-content\/uploads\/2024\/12\/10\/1733831954816tatar-kecda-13.jpg?ver=1cedab481de9e28878f9d8a7b2526204 1600w, https:\/\/brtk.net\/wp-content\/uploads\/2024\/12\/10\/1733831954816tatar-kecda-13-300x200.jpg?ver=1cedab481de9e28878f9d8a7b2526204 300w, https:\/\/brtk.net\/wp-content\/uploads\/2024\/12\/10\/1733831954816tatar-kecda-13-1024x682.jpg?ver=4046f050f7236350f327d17dfaae446a 1024w, https:\/\/brtk.net\/wp-content\/uploads\/2024\/12\/10\/1733831954816tatar-kecda-13-768x512.jpg?ver=4046f050f7236350f327d17dfaae446a 768w, https:\/\/brtk.net\/wp-content\/uploads\/2024\/12\/10\/1733831954816tatar-kecda-13-1536x1023.jpg?ver=5a47d76a3a08c2743d6722fb1d175d64 1536w\"\/>                            <\/div>\n<p>Ke\u00e7ada\u2019n\u0131n tan\u0131t\u0131m gecesinde kad\u0131nlar\u0131n \u00fcretimlerini g\u00f6receklerine i\u015faret eden Cumhurba\u015fkan\u0131 Tatar, yap\u0131lan \u00e7al\u0131\u015fman\u0131n k\u00fclt\u00fcrel mirasa sahip \u00e7\u0131kma, \u00e7evreyi koruma, ekonomi ve \u00fclke tan\u0131t\u0131m\u0131na katk\u0131 koydu\u011funa dikkat \u00e7ekti.<\/p>\n<p>K\u0131br\u0131s T\u00fcrk\u00fc\u2019n\u00fcn k\u00fclt\u00fcr\u00fc, sanat\u0131 ve gelenekleriyle var oldu\u011funu ve ayr\u0131 bir halk oldu\u011funu g\u00f6sterdi\u011fini anlatan Tatar, hayata ge\u00e7en projenin ge\u00e7mi\u015ften gelece\u011fe bir k\u00f6pr\u00fc vazifesi oldu\u011funu vurgulad\u0131.<br \/>\u201cK\u0131br\u0131s T\u00fcrk\u00fc\u2019n\u00fcn zenginliklerini halkla ve d\u00fcnyayla payla\u015farak varl\u0131\u011f\u0131m\u0131z\u0131 bu esaslar \u00fczerinden in\u015fa ediyoruz.\u201d diyen Cumhurba\u015fkan\u0131 Tatar, k\u00fclt\u00fcrel miras\u0131 koruma ve gelecek nesillere aktar\u0131lmas\u0131 a\u00e7\u0131s\u0131ndan hayata ge\u00e7en projenin hay\u0131rl\u0131 olmas\u0131n\u0131 diledi.<\/p>\n<p>\u2013 Sibel Tatar: \u201cK\u0131rk\u0131lan y\u00fcnler art\u0131k de\u011ferlendirilecek ve ekonomiye kazand\u0131r\u0131lacak\u201d<\/p>\n<div class=\"mariselle-image-container center\">\n                <img decoding=\"async\" width=\"1600\" height=\"1066\" class=\"lazy-image\" alt=\"\" sizes=\"(max-width: 1600px) 100vw, 1600px\" src=\"https:\/\/brtk.net\/wp-content\/uploads\/2024\/12\/10\/1733831954814tatar-kecda-6.jpg?ver=4738ce605bbaabf5dd6023b3f8818176\" srcset=\"https:\/\/brtk.net\/wp-content\/uploads\/2024\/12\/10\/1733831954814tatar-kecda-6.jpg?ver=4738ce605bbaabf5dd6023b3f8818176 1600w, https:\/\/brtk.net\/wp-content\/uploads\/2024\/12\/10\/1733831954814tatar-kecda-6-300x200.jpg?ver=b986c8231ea739e24e7e29a0f10ae501 300w, https:\/\/brtk.net\/wp-content\/uploads\/2024\/12\/10\/1733831954814tatar-kecda-6-1024x682.jpg?ver=e5a811742701852c593281c09aaf5c6a 1024w, https:\/\/brtk.net\/wp-content\/uploads\/2024\/12\/10\/1733831954814tatar-kecda-6-768x512.jpg?ver=e5a811742701852c593281c09aaf5c6a 768w, https:\/\/brtk.net\/wp-content\/uploads\/2024\/12\/10\/1733831954814tatar-kecda-6-1536x1023.jpg?ver=bcc1fc459ea24df9d24cc9e96c5a7a12 1536w\"\/>                            <\/div>\n<p>Sibel Tatar da konu\u015fmas\u0131nda ke\u00e7enin tasavvufla olan ba\u011f\u0131n\u0131 \u00f6\u011frenince ayr\u0131 bir sayg\u0131 duydu\u011funu belirterek, ke\u00e7enin tasavvuftaki \u00f6nemini anlatt\u0131, tan\u0131t\u0131m etkinli\u011finde T\u00fcrk k\u00fclt\u00fcr\u00fcn\u00fcn en g\u00fczel ve \u00f6zel \u00fcr\u00fcn\u00fcn\u00fcn tan\u0131t\u0131laca\u011f\u0131n\u0131 s\u00f6yledi.<\/p>\n<p>Proje hakk\u0131nda bilgi veren Sibel Tatar, 3 amaca hizmet eden Ke\u00e7enin Kuzey K\u0131br\u0131s\u2019ta Yeniden Do\u011fu\u015fu Projesi\u2019nin, geri d\u00f6n\u00fc\u015f\u00fcmle \u00e7evreye katk\u0131, k\u00fclt\u00fcrel mirasa sahip \u00e7\u0131kma ve kad\u0131n eme\u011fini g\u00fc\u00e7lendirerek ekonomiye katk\u0131da bulunma oldu\u011funu s\u00f6yledi.<\/p>\n<p>K\u0131rk\u0131lan tonlarca y\u00fcn\u00fcn do\u011faya ve \u00e7\u00f6pe at\u0131ld\u0131\u011f\u0131n\u0131 belirten Sibel Tatar, projenin ba\u015flamas\u0131yla birlikte k\u0131rk\u0131lan y\u00fcnlerin de\u011ferlendirildi\u011fini, ekonomiye kazand\u0131r\u0131ld\u0131\u011f\u0131n\u0131 ve \u00e7evrenin korundu\u011funu s\u00f6yledi.<\/p>\n<p>D\u00fcnyan\u0131n ilk tekstil \u00fcr\u00fcn\u00fc olan ke\u00e7enin K\u0131br\u0131s T\u00fcrk k\u00fclt\u00fcr\u00fcnde tekrar ya\u015fat\u0131laca\u011f\u0131n\u0131 aktaran Sibel Tatar, K\u0131br\u0131s T\u00fcrk tarihinde \u00f6nemli bir \u00fcr\u00fcn\u00fc hayata ge\u00e7ireceklerini vurgulad\u0131.<\/p>\n<p>\u00dcr\u00fcnlerin kad\u0131nlar\u0131n ortaya koydu\u011fu emekle hayata ge\u00e7irildi\u011fini dile getiren Sibel  Tatar, \u201cEme\u011fe, inanca, \u00fcretmeye, tekrar de\u011ferlendirmeye ve sahip \u00e7\u0131kmaya te\u015fekk\u00fcr i\u00e7in buraday\u0131m.\u201d dedi.<\/p>\n<p>\u00c7evreye at\u0131lan y\u00fcnlerin de\u011ferlendirilmesi fikrini veren Dr. Handan T\u00fcz\u00fcn ile k\u0131rk\u0131lan y\u00fcnlerin de\u011ferlendirilmesi i\u00e7in yapt\u0131klar\u0131 \u00e7a\u011fr\u0131ya destek veren Hayvan \u00dcreticileri ve Yeti\u015ftiricileri Birli\u011fi Ba\u015fkan\u0131 Mustafa Naimo\u011fullar\u0131 ve \u00fcyelerine te\u015fekk\u00fcr eden Sibel Tatar, terlik yap\u0131m\u0131n\u0131 \u00f6\u011freten Mehmet Meta\u2019ya, kursiyerleri yeti\u015ftiren D\u00fcriye Da\u011fsever ve Dervi\u015fe \u00c7eliker\u2019e, Dudu M\u00fcn\u00fcr\u2019e projeyi Mehmet\u00e7ik\u2019te s\u00fcrd\u00fcrecek Emete Mavili\u2019ye, y\u00fcnlerin toplanmas\u0131, y\u0131kanmas\u0131, kurutulmas\u0131 ve \u00fcretiminde bulunan Meryem Bayramo\u011flu\u2019na, katk\u0131 koyan kursiyerlere, defilenin d\u00fczenlenmesinde katk\u0131 koyan B\u00fclent G\u00fcnkut\u2019a, sunucu \u00c7ilem Da\u011f\u0131stanl\u0131\u2019ya, ney sanat\u00e7\u0131s\u0131 Esma \u0130\u011fneci\u2019ye, semazen g\u00f6sterisini yapan Dervi\u015f G\u00f6khan Zeybek\u2019e ve projenin Mehmet\u00e7ik\u2019te yap\u0131lmas\u0131 i\u00e7in destek veren Mehmet\u00e7ik B\u00fcy\u00fckkonuk Belediye Ba\u015fkan\u0131 Fatma \u00c7imen Tu\u011flu\u2019ya te\u015fekk\u00fcr etti.<\/p>\n<p>Mehmet\u00e7ik B\u00fcy\u00fckkonuk Belediye Ba\u015fkan\u0131  Fatma \u00c7imen Tu\u011flu ise, k\u00fclt\u00fcrel miras\u0131 ya\u015fatmay\u0131 ve kad\u0131n eme\u011fini desteklemeyi ama\u00e7layan anlaml\u0131 bir projenin, kad\u0131n dayan\u0131\u015fmas\u0131 i\u00e7in \u00f6rnek bir proje olarak hayata ge\u00e7ti\u011fine dikkat \u00e7ekti.<\/p>\n<p>Belediye Ba\u015fkan\u0131 Tu\u011flu, K\u0131br\u0131s T\u00fcrk k\u00fclt\u00fcr\u00fcnde yer alan ke\u00e7enin unutuldu\u011funu ancak Cumhurba\u015fkanl\u0131\u011f\u0131 himayesinde ve Sibel Tatar \u00f6nc\u00fcl\u00fc\u011f\u00fcnde, kad\u0131nlar\u0131n deste\u011fiyle yeniden hayat buldu\u011funu vurgulad\u0131.<br \/>Ke\u00e7ada\u2019n\u0131n ticari bir giri\u015fim olmas\u0131n\u0131n yan\u0131nda bir \u00e7evre koruma projesi oldu\u011funa i\u015faret eden Tu\u011flu, projeyle kad\u0131n eme\u011fi ve dayan\u0131\u015fmas\u0131n\u0131n bulu\u015ftu\u011funu kaydetti.<\/p>\n<p>Kursiyerlere ke\u00e7e tasar\u0131m\u0131n\u0131n \u00f6\u011fretilmesinin yan\u0131nda gelir elde edece\u011fi bir sanat\u0131n \u00f6\u011fretildi\u011fini dile getiren Tu\u011flu, \u201cKozada\u201d markas\u0131nda oldu\u011fu gibi \u201cKe\u00e7ada\u201d markas\u0131nda da ba\u015far\u0131l\u0131 olunaca\u011f\u0131na dair inan\u00e7 belirtti.<br \/>At\u0131k y\u00fcnlerin yeniden hayat bulaca\u011f\u0131n\u0131 anlatan Tu\u011flu, projeye \u00f6nc\u00fcl\u00fck eden Sibel Tatar\u2019a ve projede eme\u011fi ge\u00e7enlere te\u015fekk\u00fcr etti.<\/p>\n<p>K\u0131br\u0131s T\u00fcrk \u0130\u015flemelerini Ara\u015ft\u0131rma ve Ya\u015fatma Derne\u011fi Ba\u015fkan\u0131 Dervi\u015fe \u00c7eliker de konu\u015fmas\u0131nda 21 y\u0131l \u00f6nce derne\u011fin kuruldu\u011funu belirterek, el i\u015flerini gelecek nesillere aktarmak i\u00e7in \u00e7al\u0131\u015ft\u0131klar\u0131n\u0131 s\u00f6yledi<br \/>Ke\u00e7e konusunda ara\u015ft\u0131rma yapt\u0131\u011f\u0131n\u0131 ve kitap haz\u0131rlad\u0131\u011f\u0131n\u0131 dile getiren \u00c7eliker, \u0130pe\u011fin Yeniden Do\u011fu\u015f Projesi\u2019nin ard\u0131ndan Ke\u00e7enin Yeniden Do\u011fu\u015fu Projesi\u2019nin de Cumhurba\u015fkanl\u0131\u011f\u0131 himayesinde ve Sibel Tatar \u00f6nc\u00fcl\u00fc\u011f\u00fcnde hayata ge\u00e7ti\u011fini kaydetti.<\/p>\n<p>Projenin Mehmet\u00e7ik B\u00fcy\u00fckkonuk Belediyesiyle birlikte Karpaz b\u00f6lgesindeki kad\u0131nlara gelir elde etmeleri amac\u0131yla \u00f6\u011fretildi\u011fini anlatan \u00c7eliker, kad\u0131nlara 2 bu\u00e7uk ayda 60 saat kurs verildi\u011fini s\u00f6yledi.<br \/>Projeye \u00f6nc\u00fcl\u00fck eden Sibel Tatar\u2019a te\u015fekk\u00fcr eden \u00c7eliker, yapt\u0131\u011f\u0131 katk\u0131lardan dolay\u0131 Belediye Ba\u015fkan\u0131 Tu\u011flu\u2019ya, dernek \u00fcyeleri ve katk\u0131 koyan herkese te\u015fekk\u00fcr etti.<\/p>\n<p>Ke\u00e7eden yap\u0131lan obje ve \u00fcr\u00fcnlerin defileyle tan\u0131t\u0131m\u0131n\u0131n yap\u0131lmas\u0131n\u0131 sa\u011flayan B\u00fclent G\u00fcnkut da konu\u015fmas\u0131nda projeye \u00f6nc\u00fcl\u00fck eden ve hayata ge\u00e7mesini sa\u011flayan Sibel Tatar\u2019a ve projede eme\u011fi ge\u00e7enlere te\u015fekk\u00fcrlerini sundu.<\/p>\n<p>Tan\u0131t\u0131m etkinli\u011finde, Hayvan \u00dcreticileri ve Yeti\u015ftiricileri Birli\u011fi Ba\u015fkan\u0131 Mustafa Naimo\u011fullar\u0131\u2019na, el yap\u0131m\u0131 ayakkab\u0131 ve terlik yap\u0131m\u0131n\u0131 \u00f6\u011freten Mehmet Meta\u2019ya, K\u0131br\u0131s T\u00fcrk \u0130\u015flemelerini Ara\u015ft\u0131rma ve Ya\u015fatma Derne\u011fi Ba\u015fkan\u0131 Dervi\u015fe \u00c7eliker\u2019e ve Mehmet\u00e7ik-B\u00fcy\u00fckkonuk Belediye Ba\u015fkan\u0131 Dr. Fatma \u00c7imen Tu\u011flu\u2019ya Cumhurba\u015fkan\u0131 Ersin Tatar taraf\u0131ndan plaket takdimi yap\u0131ld\u0131. Geceye katk\u0131 koyan ki\u015fi ve kurulu\u015flara da te\u015fekk\u00fcr belgeleri verildi.<\/p>\n<\/p><\/div>\n<p><script async\n                    defer\n                    crossorigin=\"anonymous\"\n                    src=\"https:\/\/connect.facebook.net\/tr_TR\/sdk.js#xfbml=1&#038;version=v3.3\"\n            ><\/script><\/p>\n","protected":false},"excerpt":{"rendered":"<p>Cumhurba\u015fkanl\u0131\u011f\u0131 himayesinde ve Cumhurba\u015fkan\u0131 Ersin Tatar\u2019\u0131n e\u015fi Sibel Tatar\u2019\u0131n \u00f6nc\u00fcl\u00fc\u011f\u00fcnde hayata ge\u00e7irilen \u201cKe\u00e7enin Kuzey K\u0131br\u0131s\u2019ta Yeniden Do\u011fu\u015fu Projesi\u2019nin \u201cKe\u00e7ada\u201d markas\u0131 tan\u0131t\u0131ld\u0131. Cumhurba\u015fkanl\u0131\u011f\u0131\u2019ndan yap\u0131lan a\u00e7\u0131klamaya g\u00f6re, Lefko\u015fa Concorde Tower Otel\u2019de d\u00fczenlenen etkinli\u011fe, Cumhurba\u015fkan\u0131 Ersin Tatar ve e\u015fi Sibel Tatar, T\u00fcrkiye\u2019nin Lefko\u015fa B\u00fcy\u00fckel\u00e7isi Yasin Ekrem Serim\u2019in e\u015fi Sevim \u00c7a\u011fla Serim, Mehmet\u00e7ik B\u00fcy\u00fckkonuk Belediye Ba\u015fkan\u0131 Fatma \u00c7imen Tu\u011flu, [&hellip;]<\/p>\n","protected":false},"author":1,"featured_media":15305,"comment_status":"open","ping_status":"open","sticky":false,"template":"","format":"standard","meta":{"jnews-multi-image_gallery":[],"jnews_single_post":[],"jnews_primary_category":[],"jnews_social_meta":[],"jnews_override_counter":[],"footnotes":""},"categories":[6],"tags":[],"class_list":["post-15304","post","type-post","status-publish","format-standard","has-post-thumbnail","hentry","category-yasam"],"yoast_head":"<!-- This site is optimized with the Yoast SEO plugin v27.4 - https:\/\/yoast.com\/product\/yoast-seo-wordpress\/ -->\n<title>Cumhurba\u015fkanl\u0131\u011f\u0131 himayesinde hayata ge\u00e7irilen \u201cKe\u00e7ada\u201d markas\u0131 tan\u0131t\u0131ld\u0131 - Kuzeyin Sesi<\/title>\n<meta name=\"robots\" content=\"index, follow, max-snippet:-1, max-image-preview:large, max-video-preview:-1\" \/>\n<link rel=\"canonical\" href=\"https:\/\/kuzeyinsesi.org\/index.php\/2024\/12\/10\/cumhurbaskanligi-himayesinde-hayata-gecirilen-kecada-markasi-tanitildi\/\" \/>\n<meta property=\"og:locale\" content=\"tr_TR\" \/>\n<meta property=\"og:type\" content=\"article\" \/>\n<meta property=\"og:title\" content=\"Cumhurba\u015fkanl\u0131\u011f\u0131 himayesinde hayata ge\u00e7irilen \u201cKe\u00e7ada\u201d markas\u0131 tan\u0131t\u0131ld\u0131 - Kuzeyin Sesi\" \/>\n<meta property=\"og:description\" content=\"Cumhurba\u015fkanl\u0131\u011f\u0131 himayesinde ve Cumhurba\u015fkan\u0131 Ersin Tatar\u2019\u0131n e\u015fi Sibel Tatar\u2019\u0131n \u00f6nc\u00fcl\u00fc\u011f\u00fcnde hayata ge\u00e7irilen \u201cKe\u00e7enin Kuzey K\u0131br\u0131s\u2019ta Yeniden Do\u011fu\u015fu Projesi\u2019nin \u201cKe\u00e7ada\u201d markas\u0131 tan\u0131t\u0131ld\u0131. Cumhurba\u015fkanl\u0131\u011f\u0131\u2019ndan yap\u0131lan a\u00e7\u0131klamaya g\u00f6re, Lefko\u015fa Concorde Tower Otel\u2019de d\u00fczenlenen etkinli\u011fe, Cumhurba\u015fkan\u0131 Ersin Tatar ve e\u015fi Sibel Tatar, T\u00fcrkiye\u2019nin Lefko\u015fa B\u00fcy\u00fckel\u00e7isi Yasin Ekrem Serim\u2019in e\u015fi Sevim \u00c7a\u011fla Serim, Mehmet\u00e7ik B\u00fcy\u00fckkonuk Belediye Ba\u015fkan\u0131 Fatma \u00c7imen Tu\u011flu, [&hellip;]\" \/>\n<meta property=\"og:url\" content=\"https:\/\/kuzeyinsesi.org\/index.php\/2024\/12\/10\/cumhurbaskanligi-himayesinde-hayata-gecirilen-kecada-markasi-tanitildi\/\" \/>\n<meta property=\"og:site_name\" content=\"Kuzeyin Sesi\" \/>\n<meta property=\"article:publisher\" content=\"https:\/\/www.facebook.com\/kuzeyinsesii\" \/>\n<meta property=\"article:published_time\" content=\"2024-12-10T13:07:37+00:00\" \/>\n<meta property=\"og:image\" content=\"https:\/\/brtk.net\/wp-content\/uploads\/2024\/12\/10\/1733831954817tatar-kecda-15.jpg?ver=f5a127278895f15ec8f2e8d7f6a0ee41\" \/>\n<meta name=\"author\" content=\"Kuzeyin Sesi\" \/>\n<meta name=\"twitter:card\" content=\"summary_large_image\" \/>\n<meta name=\"twitter:creator\" content=\"@kuzeyinsesii\" \/>\n<meta name=\"twitter:site\" content=\"@kuzeyinsesii\" \/>\n<meta name=\"twitter:label1\" content=\"Yazan:\" \/>\n\t<meta name=\"twitter:data1\" content=\"Kuzeyin Sesi\" \/>\n\t<meta name=\"twitter:label2\" content=\"Tahmini okuma s\u00fcresi\" \/>\n\t<meta name=\"twitter:data2\" content=\"6 dakika\" \/>\n<script type=\"application\/ld+json\" class=\"yoast-schema-graph\">{\"@context\":\"https:\\\/\\\/schema.org\",\"@graph\":[{\"@type\":\"Article\",\"@id\":\"https:\\\/\\\/kuzeyinsesi.org\\\/index.php\\\/2024\\\/12\\\/10\\\/cumhurbaskanligi-himayesinde-hayata-gecirilen-kecada-markasi-tanitildi\\\/#article\",\"isPartOf\":{\"@id\":\"https:\\\/\\\/kuzeyinsesi.org\\\/index.php\\\/2024\\\/12\\\/10\\\/cumhurbaskanligi-himayesinde-hayata-gecirilen-kecada-markasi-tanitildi\\\/\"},\"author\":{\"name\":\"Kuzeyin Sesi\",\"@id\":\"https:\\\/\\\/kuzeyinsesi.org\\\/#\\\/schema\\\/person\\\/9f859689cdf01485597712386e37f5aa\"},\"headline\":\"Cumhurba\u015fkanl\u0131\u011f\u0131 himayesinde hayata ge\u00e7irilen \u201cKe\u00e7ada\u201d markas\u0131 tan\u0131t\u0131ld\u0131\",\"datePublished\":\"2024-12-10T13:07:37+00:00\",\"mainEntityOfPage\":{\"@id\":\"https:\\\/\\\/kuzeyinsesi.org\\\/index.php\\\/2024\\\/12\\\/10\\\/cumhurbaskanligi-himayesinde-hayata-gecirilen-kecada-markasi-tanitildi\\\/\"},\"wordCount\":1306,\"commentCount\":0,\"image\":{\"@id\":\"https:\\\/\\\/kuzeyinsesi.org\\\/index.php\\\/2024\\\/12\\\/10\\\/cumhurbaskanligi-himayesinde-hayata-gecirilen-kecada-markasi-tanitildi\\\/#primaryimage\"},\"thumbnailUrl\":\"https:\\\/\\\/kuzeyinsesi.org\\\/wp-content\\\/uploads\\\/2024\\\/12\\\/1733831954817tatar-kecda-15.jpg\",\"articleSection\":[\"Ya\u015fam\"],\"inLanguage\":\"tr\",\"potentialAction\":[{\"@type\":\"CommentAction\",\"name\":\"Comment\",\"target\":[\"https:\\\/\\\/kuzeyinsesi.org\\\/index.php\\\/2024\\\/12\\\/10\\\/cumhurbaskanligi-himayesinde-hayata-gecirilen-kecada-markasi-tanitildi\\\/#respond\"]}]},{\"@type\":\"WebPage\",\"@id\":\"https:\\\/\\\/kuzeyinsesi.org\\\/index.php\\\/2024\\\/12\\\/10\\\/cumhurbaskanligi-himayesinde-hayata-gecirilen-kecada-markasi-tanitildi\\\/\",\"url\":\"https:\\\/\\\/kuzeyinsesi.org\\\/index.php\\\/2024\\\/12\\\/10\\\/cumhurbaskanligi-himayesinde-hayata-gecirilen-kecada-markasi-tanitildi\\\/\",\"name\":\"Cumhurba\u015fkanl\u0131\u011f\u0131 himayesinde hayata ge\u00e7irilen \u201cKe\u00e7ada\u201d markas\u0131 tan\u0131t\u0131ld\u0131 - Kuzeyin Sesi\",\"isPartOf\":{\"@id\":\"https:\\\/\\\/kuzeyinsesi.org\\\/#website\"},\"primaryImageOfPage\":{\"@id\":\"https:\\\/\\\/kuzeyinsesi.org\\\/index.php\\\/2024\\\/12\\\/10\\\/cumhurbaskanligi-himayesinde-hayata-gecirilen-kecada-markasi-tanitildi\\\/#primaryimage\"},\"image\":{\"@id\":\"https:\\\/\\\/kuzeyinsesi.org\\\/index.php\\\/2024\\\/12\\\/10\\\/cumhurbaskanligi-himayesinde-hayata-gecirilen-kecada-markasi-tanitildi\\\/#primaryimage\"},\"thumbnailUrl\":\"https:\\\/\\\/kuzeyinsesi.org\\\/wp-content\\\/uploads\\\/2024\\\/12\\\/1733831954817tatar-kecda-15.jpg\",\"datePublished\":\"2024-12-10T13:07:37+00:00\",\"author\":{\"@id\":\"https:\\\/\\\/kuzeyinsesi.org\\\/#\\\/schema\\\/person\\\/9f859689cdf01485597712386e37f5aa\"},\"breadcrumb\":{\"@id\":\"https:\\\/\\\/kuzeyinsesi.org\\\/index.php\\\/2024\\\/12\\\/10\\\/cumhurbaskanligi-himayesinde-hayata-gecirilen-kecada-markasi-tanitildi\\\/#breadcrumb\"},\"inLanguage\":\"tr\",\"potentialAction\":[{\"@type\":\"ReadAction\",\"target\":[\"https:\\\/\\\/kuzeyinsesi.org\\\/index.php\\\/2024\\\/12\\\/10\\\/cumhurbaskanligi-himayesinde-hayata-gecirilen-kecada-markasi-tanitildi\\\/\"]}]},{\"@type\":\"ImageObject\",\"inLanguage\":\"tr\",\"@id\":\"https:\\\/\\\/kuzeyinsesi.org\\\/index.php\\\/2024\\\/12\\\/10\\\/cumhurbaskanligi-himayesinde-hayata-gecirilen-kecada-markasi-tanitildi\\\/#primaryimage\",\"url\":\"https:\\\/\\\/kuzeyinsesi.org\\\/wp-content\\\/uploads\\\/2024\\\/12\\\/1733831954817tatar-kecda-15.jpg\",\"contentUrl\":\"https:\\\/\\\/kuzeyinsesi.org\\\/wp-content\\\/uploads\\\/2024\\\/12\\\/1733831954817tatar-kecda-15.jpg\",\"width\":1600,\"height\":1066},{\"@type\":\"BreadcrumbList\",\"@id\":\"https:\\\/\\\/kuzeyinsesi.org\\\/index.php\\\/2024\\\/12\\\/10\\\/cumhurbaskanligi-himayesinde-hayata-gecirilen-kecada-markasi-tanitildi\\\/#breadcrumb\",\"itemListElement\":[{\"@type\":\"ListItem\",\"position\":1,\"name\":\"Anasayfa\",\"item\":\"https:\\\/\\\/kuzeyinsesi.org\\\/\"},{\"@type\":\"ListItem\",\"position\":2,\"name\":\"Cumhurba\u015fkanl\u0131\u011f\u0131 himayesinde hayata ge\u00e7irilen \u201cKe\u00e7ada\u201d markas\u0131 tan\u0131t\u0131ld\u0131\"}]},{\"@type\":\"WebSite\",\"@id\":\"https:\\\/\\\/kuzeyinsesi.org\\\/#website\",\"url\":\"https:\\\/\\\/kuzeyinsesi.org\\\/\",\"name\":\"Kuzeyin Sesi\",\"description\":\"Do\u011fru Haberin Adresi\",\"potentialAction\":[{\"@type\":\"SearchAction\",\"target\":{\"@type\":\"EntryPoint\",\"urlTemplate\":\"https:\\\/\\\/kuzeyinsesi.org\\\/?s={search_term_string}\"},\"query-input\":{\"@type\":\"PropertyValueSpecification\",\"valueRequired\":true,\"valueName\":\"search_term_string\"}}],\"inLanguage\":\"tr\"},{\"@type\":\"Person\",\"@id\":\"https:\\\/\\\/kuzeyinsesi.org\\\/#\\\/schema\\\/person\\\/9f859689cdf01485597712386e37f5aa\",\"name\":\"Kuzeyin Sesi\",\"image\":{\"@type\":\"ImageObject\",\"inLanguage\":\"tr\",\"@id\":\"https:\\\/\\\/secure.gravatar.com\\\/avatar\\\/bab33852abfd8b282518d6ed81826833d77c3c882d9ab608add591ccace47a44?s=96&d=mm&r=g\",\"url\":\"https:\\\/\\\/secure.gravatar.com\\\/avatar\\\/bab33852abfd8b282518d6ed81826833d77c3c882d9ab608add591ccace47a44?s=96&d=mm&r=g\",\"contentUrl\":\"https:\\\/\\\/secure.gravatar.com\\\/avatar\\\/bab33852abfd8b282518d6ed81826833d77c3c882d9ab608add591ccace47a44?s=96&d=mm&r=g\",\"caption\":\"Kuzeyin Sesi\"},\"sameAs\":[\"https:\\\/\\\/kuzeyinsesi.org\"],\"url\":\"https:\\\/\\\/kuzeyinsesi.org\\\/index.php\\\/author\\\/guven\\\/\"}]}<\/script>\n<!-- \/ Yoast SEO plugin. -->","yoast_head_json":{"title":"Cumhurba\u015fkanl\u0131\u011f\u0131 himayesinde hayata ge\u00e7irilen \u201cKe\u00e7ada\u201d markas\u0131 tan\u0131t\u0131ld\u0131 - Kuzeyin Sesi","robots":{"index":"index","follow":"follow","max-snippet":"max-snippet:-1","max-image-preview":"max-image-preview:large","max-video-preview":"max-video-preview:-1"},"canonical":"https:\/\/kuzeyinsesi.org\/index.php\/2024\/12\/10\/cumhurbaskanligi-himayesinde-hayata-gecirilen-kecada-markasi-tanitildi\/","og_locale":"tr_TR","og_type":"article","og_title":"Cumhurba\u015fkanl\u0131\u011f\u0131 himayesinde hayata ge\u00e7irilen \u201cKe\u00e7ada\u201d markas\u0131 tan\u0131t\u0131ld\u0131 - Kuzeyin Sesi","og_description":"Cumhurba\u015fkanl\u0131\u011f\u0131 himayesinde ve Cumhurba\u015fkan\u0131 Ersin Tatar\u2019\u0131n e\u015fi Sibel Tatar\u2019\u0131n \u00f6nc\u00fcl\u00fc\u011f\u00fcnde hayata ge\u00e7irilen \u201cKe\u00e7enin Kuzey K\u0131br\u0131s\u2019ta Yeniden Do\u011fu\u015fu Projesi\u2019nin \u201cKe\u00e7ada\u201d markas\u0131 tan\u0131t\u0131ld\u0131. Cumhurba\u015fkanl\u0131\u011f\u0131\u2019ndan yap\u0131lan a\u00e7\u0131klamaya g\u00f6re, Lefko\u015fa Concorde Tower Otel\u2019de d\u00fczenlenen etkinli\u011fe, Cumhurba\u015fkan\u0131 Ersin Tatar ve e\u015fi Sibel Tatar, T\u00fcrkiye\u2019nin Lefko\u015fa B\u00fcy\u00fckel\u00e7isi Yasin Ekrem Serim\u2019in e\u015fi Sevim \u00c7a\u011fla Serim, Mehmet\u00e7ik B\u00fcy\u00fckkonuk Belediye Ba\u015fkan\u0131 Fatma \u00c7imen Tu\u011flu, [&hellip;]","og_url":"https:\/\/kuzeyinsesi.org\/index.php\/2024\/12\/10\/cumhurbaskanligi-himayesinde-hayata-gecirilen-kecada-markasi-tanitildi\/","og_site_name":"Kuzeyin Sesi","article_publisher":"https:\/\/www.facebook.com\/kuzeyinsesii","article_published_time":"2024-12-10T13:07:37+00:00","og_image":[{"url":"https:\/\/brtk.net\/wp-content\/uploads\/2024\/12\/10\/1733831954817tatar-kecda-15.jpg?ver=f5a127278895f15ec8f2e8d7f6a0ee41","type":"","width":"","height":""}],"author":"Kuzeyin Sesi","twitter_card":"summary_large_image","twitter_creator":"@kuzeyinsesii","twitter_site":"@kuzeyinsesii","twitter_misc":{"Yazan:":"Kuzeyin Sesi","Tahmini okuma s\u00fcresi":"6 dakika"},"schema":{"@context":"https:\/\/schema.org","@graph":[{"@type":"Article","@id":"https:\/\/kuzeyinsesi.org\/index.php\/2024\/12\/10\/cumhurbaskanligi-himayesinde-hayata-gecirilen-kecada-markasi-tanitildi\/#article","isPartOf":{"@id":"https:\/\/kuzeyinsesi.org\/index.php\/2024\/12\/10\/cumhurbaskanligi-himayesinde-hayata-gecirilen-kecada-markasi-tanitildi\/"},"author":{"name":"Kuzeyin Sesi","@id":"https:\/\/kuzeyinsesi.org\/#\/schema\/person\/9f859689cdf01485597712386e37f5aa"},"headline":"Cumhurba\u015fkanl\u0131\u011f\u0131 himayesinde hayata ge\u00e7irilen \u201cKe\u00e7ada\u201d markas\u0131 tan\u0131t\u0131ld\u0131","datePublished":"2024-12-10T13:07:37+00:00","mainEntityOfPage":{"@id":"https:\/\/kuzeyinsesi.org\/index.php\/2024\/12\/10\/cumhurbaskanligi-himayesinde-hayata-gecirilen-kecada-markasi-tanitildi\/"},"wordCount":1306,"commentCount":0,"image":{"@id":"https:\/\/kuzeyinsesi.org\/index.php\/2024\/12\/10\/cumhurbaskanligi-himayesinde-hayata-gecirilen-kecada-markasi-tanitildi\/#primaryimage"},"thumbnailUrl":"https:\/\/kuzeyinsesi.org\/wp-content\/uploads\/2024\/12\/1733831954817tatar-kecda-15.jpg","articleSection":["Ya\u015fam"],"inLanguage":"tr","potentialAction":[{"@type":"CommentAction","name":"Comment","target":["https:\/\/kuzeyinsesi.org\/index.php\/2024\/12\/10\/cumhurbaskanligi-himayesinde-hayata-gecirilen-kecada-markasi-tanitildi\/#respond"]}]},{"@type":"WebPage","@id":"https:\/\/kuzeyinsesi.org\/index.php\/2024\/12\/10\/cumhurbaskanligi-himayesinde-hayata-gecirilen-kecada-markasi-tanitildi\/","url":"https:\/\/kuzeyinsesi.org\/index.php\/2024\/12\/10\/cumhurbaskanligi-himayesinde-hayata-gecirilen-kecada-markasi-tanitildi\/","name":"Cumhurba\u015fkanl\u0131\u011f\u0131 himayesinde hayata ge\u00e7irilen \u201cKe\u00e7ada\u201d markas\u0131 tan\u0131t\u0131ld\u0131 - Kuzeyin Sesi","isPartOf":{"@id":"https:\/\/kuzeyinsesi.org\/#website"},"primaryImageOfPage":{"@id":"https:\/\/kuzeyinsesi.org\/index.php\/2024\/12\/10\/cumhurbaskanligi-himayesinde-hayata-gecirilen-kecada-markasi-tanitildi\/#primaryimage"},"image":{"@id":"https:\/\/kuzeyinsesi.org\/index.php\/2024\/12\/10\/cumhurbaskanligi-himayesinde-hayata-gecirilen-kecada-markasi-tanitildi\/#primaryimage"},"thumbnailUrl":"https:\/\/kuzeyinsesi.org\/wp-content\/uploads\/2024\/12\/1733831954817tatar-kecda-15.jpg","datePublished":"2024-12-10T13:07:37+00:00","author":{"@id":"https:\/\/kuzeyinsesi.org\/#\/schema\/person\/9f859689cdf01485597712386e37f5aa"},"breadcrumb":{"@id":"https:\/\/kuzeyinsesi.org\/index.php\/2024\/12\/10\/cumhurbaskanligi-himayesinde-hayata-gecirilen-kecada-markasi-tanitildi\/#breadcrumb"},"inLanguage":"tr","potentialAction":[{"@type":"ReadAction","target":["https:\/\/kuzeyinsesi.org\/index.php\/2024\/12\/10\/cumhurbaskanligi-himayesinde-hayata-gecirilen-kecada-markasi-tanitildi\/"]}]},{"@type":"ImageObject","inLanguage":"tr","@id":"https:\/\/kuzeyinsesi.org\/index.php\/2024\/12\/10\/cumhurbaskanligi-himayesinde-hayata-gecirilen-kecada-markasi-tanitildi\/#primaryimage","url":"https:\/\/kuzeyinsesi.org\/wp-content\/uploads\/2024\/12\/1733831954817tatar-kecda-15.jpg","contentUrl":"https:\/\/kuzeyinsesi.org\/wp-content\/uploads\/2024\/12\/1733831954817tatar-kecda-15.jpg","width":1600,"height":1066},{"@type":"BreadcrumbList","@id":"https:\/\/kuzeyinsesi.org\/index.php\/2024\/12\/10\/cumhurbaskanligi-himayesinde-hayata-gecirilen-kecada-markasi-tanitildi\/#breadcrumb","itemListElement":[{"@type":"ListItem","position":1,"name":"Anasayfa","item":"https:\/\/kuzeyinsesi.org\/"},{"@type":"ListItem","position":2,"name":"Cumhurba\u015fkanl\u0131\u011f\u0131 himayesinde hayata ge\u00e7irilen \u201cKe\u00e7ada\u201d markas\u0131 tan\u0131t\u0131ld\u0131"}]},{"@type":"WebSite","@id":"https:\/\/kuzeyinsesi.org\/#website","url":"https:\/\/kuzeyinsesi.org\/","name":"Kuzeyin Sesi","description":"Do\u011fru Haberin Adresi","potentialAction":[{"@type":"SearchAction","target":{"@type":"EntryPoint","urlTemplate":"https:\/\/kuzeyinsesi.org\/?s={search_term_string}"},"query-input":{"@type":"PropertyValueSpecification","valueRequired":true,"valueName":"search_term_string"}}],"inLanguage":"tr"},{"@type":"Person","@id":"https:\/\/kuzeyinsesi.org\/#\/schema\/person\/9f859689cdf01485597712386e37f5aa","name":"Kuzeyin Sesi","image":{"@type":"ImageObject","inLanguage":"tr","@id":"https:\/\/secure.gravatar.com\/avatar\/bab33852abfd8b282518d6ed81826833d77c3c882d9ab608add591ccace47a44?s=96&d=mm&r=g","url":"https:\/\/secure.gravatar.com\/avatar\/bab33852abfd8b282518d6ed81826833d77c3c882d9ab608add591ccace47a44?s=96&d=mm&r=g","contentUrl":"https:\/\/secure.gravatar.com\/avatar\/bab33852abfd8b282518d6ed81826833d77c3c882d9ab608add591ccace47a44?s=96&d=mm&r=g","caption":"Kuzeyin Sesi"},"sameAs":["https:\/\/kuzeyinsesi.org"],"url":"https:\/\/kuzeyinsesi.org\/index.php\/author\/guven\/"}]}},"_links":{"self":[{"href":"https:\/\/kuzeyinsesi.org\/index.php\/wp-json\/wp\/v2\/posts\/15304","targetHints":{"allow":["GET"]}}],"collection":[{"href":"https:\/\/kuzeyinsesi.org\/index.php\/wp-json\/wp\/v2\/posts"}],"about":[{"href":"https:\/\/kuzeyinsesi.org\/index.php\/wp-json\/wp\/v2\/types\/post"}],"author":[{"embeddable":true,"href":"https:\/\/kuzeyinsesi.org\/index.php\/wp-json\/wp\/v2\/users\/1"}],"replies":[{"embeddable":true,"href":"https:\/\/kuzeyinsesi.org\/index.php\/wp-json\/wp\/v2\/comments?post=15304"}],"version-history":[{"count":0,"href":"https:\/\/kuzeyinsesi.org\/index.php\/wp-json\/wp\/v2\/posts\/15304\/revisions"}],"wp:featuredmedia":[{"embeddable":true,"href":"https:\/\/kuzeyinsesi.org\/index.php\/wp-json\/wp\/v2\/media\/15305"}],"wp:attachment":[{"href":"https:\/\/kuzeyinsesi.org\/index.php\/wp-json\/wp\/v2\/media?parent=15304"}],"wp:term":[{"taxonomy":"category","embeddable":true,"href":"https:\/\/kuzeyinsesi.org\/index.php\/wp-json\/wp\/v2\/categories?post=15304"},{"taxonomy":"post_tag","embeddable":true,"href":"https:\/\/kuzeyinsesi.org\/index.php\/wp-json\/wp\/v2\/tags?post=15304"}],"curies":[{"name":"wp","href":"https:\/\/api.w.org\/{rel}","templated":true}]}}