{"id":15300,"date":"2024-12-10T14:59:59","date_gmt":"2024-12-10T12:59:59","guid":{"rendered":"https:\/\/kuzeyinsesi.org\/index.php\/2024\/12\/10\/tc-disisleri-bakanligi-israilin-suriye-topraklarinda-ilerlemesini-siddetle-kiniyoruz\/"},"modified":"2024-12-10T14:59:59","modified_gmt":"2024-12-10T12:59:59","slug":"tc-disisleri-bakanligi-israilin-suriye-topraklarinda-ilerlemesini-siddetle-kiniyoruz","status":"publish","type":"post","link":"https:\/\/kuzeyinsesi.org\/index.php\/2024\/12\/10\/tc-disisleri-bakanligi-israilin-suriye-topraklarinda-ilerlemesini-siddetle-kiniyoruz\/","title":{"rendered":"TC D\u0131\u015fi\u015fleri Bakanl\u0131\u011f\u0131: \u201c\u0130srail\u2019in, Suriye topraklar\u0131nda ilerlemesini \u015fiddetle k\u0131n\u0131yoruz\u201d"},"content":{"rendered":"<div>\n<div class=\"mariselle-image-container center\">\n                                            <\/div>\n<p>T\u00fcrkiye D\u0131\u015fi\u015fleri Bakanl\u0131\u011f\u0131, \u0130srail\u2019in Suriye topraklar\u0131nda devam eden i\u015fgalci eylemlerine ili\u015fkin, \u201c\u0130srail\u2019in, 1974\u2019te imzalanan Kuvvetlerin Ayr\u0131\u015ft\u0131r\u0131lmas\u0131 Anla\u015fmas\u0131\u2019n\u0131 ihlal ederek \u0130srail-Suriye aras\u0131ndaki ayr\u0131\u015ft\u0131rma b\u00f6lgesine girmesini ve Suriye topraklar\u0131nda ilerlemesini \u015fiddetle k\u0131n\u0131yoruz.\u201d ifadesini kulland\u0131.<\/p>\n<p>Bakanl\u0131k, \u0130srail\u2019in Suriye topraklar\u0131nda devam eden i\u015fgalci eylemlerine ili\u015fkin yaz\u0131l\u0131 a\u00e7\u0131klama yapt\u0131.<\/p>\n<p>A\u00e7\u0131klamada, \u201cSuriye halk\u0131n\u0131n uzun y\u0131llard\u0131r hasret oldu\u011fu bar\u0131\u015f ve istikrara kavu\u015fma ihtimalinin ortaya \u00e7\u0131kt\u0131\u011f\u0131 bu hassas d\u00f6nemde, \u0130srail i\u015fgalci zihniyetini tekrar sergilemektedir.\u201d ifadesine yer verildi.<\/p>\n<p>T\u00fcrkiye\u2019nin, Suriye\u2019nin egemenli\u011fine, siyasi birli\u011fine ve toprak b\u00fct\u00fcnl\u00fc\u011f\u00fcne deste\u011finin yinelendi\u011fi a\u00e7\u0131klamada, \u201c\u0130srail\u2019in, 1974\u2019te imzalanan Kuvvetlerin Ayr\u0131\u015ft\u0131r\u0131lmas\u0131 Anla\u015fmas\u0131\u2019n\u0131 ihlal ederek \u0130srail-Suriye aras\u0131ndaki ayr\u0131\u015ft\u0131rma b\u00f6lgesine girmesini ve Suriye topraklar\u0131nda ilerlemesini \u015fiddetle k\u0131n\u0131yoruz.\u201d ifadesi kullan\u0131ld\u0131.<\/p>\n<\/p><\/div>\n<p><script async\n                    defer\n                    crossorigin=\"anonymous\"\n                    src=\"https:\/\/connect.facebook.net\/tr_TR\/sdk.js#xfbml=1&#038;version=v3.3\"\n            ><\/script><\/p>\n","protected":false},"excerpt":{"rendered":"<p>T\u00fcrkiye D\u0131\u015fi\u015fleri Bakanl\u0131\u011f\u0131, \u0130srail\u2019in Suriye topraklar\u0131nda devam eden i\u015fgalci eylemlerine ili\u015fkin, \u201c\u0130srail\u2019in, 1974\u2019te imzalanan Kuvvetlerin Ayr\u0131\u015ft\u0131r\u0131lmas\u0131 Anla\u015fmas\u0131\u2019n\u0131 ihlal ederek \u0130srail-Suriye aras\u0131ndaki ayr\u0131\u015ft\u0131rma b\u00f6lgesine girmesini ve Suriye topraklar\u0131nda ilerlemesini \u015fiddetle k\u0131n\u0131yoruz.\u201d ifadesini kulland\u0131. Bakanl\u0131k, \u0130srail\u2019in Suriye topraklar\u0131nda devam eden i\u015fgalci eylemlerine ili\u015fkin yaz\u0131l\u0131 a\u00e7\u0131klama yapt\u0131. A\u00e7\u0131klamada, \u201cSuriye halk\u0131n\u0131n uzun y\u0131llard\u0131r hasret oldu\u011fu bar\u0131\u015f ve istikrara kavu\u015fma [&hellip;]<\/p>\n","protected":false},"author":1,"featured_media":15301,"comment_status":"open","ping_status":"open","sticky":false,"template":"","format":"standard","meta":{"jnews-multi-image_gallery":[],"jnews_single_post":[],"jnews_primary_category":[],"jnews_social_meta":[],"jnews_override_counter":[],"footnotes":""},"categories":[5],"tags":[],"class_list":["post-15300","post","type-post","status-publish","format-standard","has-post-thumbnail","hentry","category-turkiye"],"yoast_head":"<!-- This site is optimized with the Yoast SEO plugin v27.4 - https:\/\/yoast.com\/product\/yoast-seo-wordpress\/ -->\n<title>TC D\u0131\u015fi\u015fleri Bakanl\u0131\u011f\u0131: \u201c\u0130srail\u2019in, Suriye topraklar\u0131nda ilerlemesini \u015fiddetle k\u0131n\u0131yoruz\u201d - Kuzeyin Sesi<\/title>\n<meta name=\"robots\" content=\"index, follow, max-snippet:-1, max-image-preview:large, max-video-preview:-1\" \/>\n<link rel=\"canonical\" href=\"https:\/\/kuzeyinsesi.org\/index.php\/2024\/12\/10\/tc-disisleri-bakanligi-israilin-suriye-topraklarinda-ilerlemesini-siddetle-kiniyoruz\/\" \/>\n<meta property=\"og:locale\" content=\"tr_TR\" \/>\n<meta property=\"og:type\" content=\"article\" \/>\n<meta property=\"og:title\" content=\"TC D\u0131\u015fi\u015fleri Bakanl\u0131\u011f\u0131: \u201c\u0130srail\u2019in, Suriye topraklar\u0131nda ilerlemesini \u015fiddetle k\u0131n\u0131yoruz\u201d - Kuzeyin Sesi\" \/>\n<meta property=\"og:description\" content=\"T\u00fcrkiye D\u0131\u015fi\u015fleri Bakanl\u0131\u011f\u0131, \u0130srail\u2019in Suriye topraklar\u0131nda devam eden i\u015fgalci eylemlerine ili\u015fkin, \u201c\u0130srail\u2019in, 1974\u2019te imzalanan Kuvvetlerin Ayr\u0131\u015ft\u0131r\u0131lmas\u0131 Anla\u015fmas\u0131\u2019n\u0131 ihlal ederek \u0130srail-Suriye aras\u0131ndaki ayr\u0131\u015ft\u0131rma b\u00f6lgesine girmesini ve Suriye topraklar\u0131nda ilerlemesini \u015fiddetle k\u0131n\u0131yoruz.\u201d ifadesini kulland\u0131. Bakanl\u0131k, \u0130srail\u2019in Suriye topraklar\u0131nda devam eden i\u015fgalci eylemlerine ili\u015fkin yaz\u0131l\u0131 a\u00e7\u0131klama yapt\u0131. A\u00e7\u0131klamada, \u201cSuriye halk\u0131n\u0131n uzun y\u0131llard\u0131r hasret oldu\u011fu bar\u0131\u015f ve istikrara kavu\u015fma [&hellip;]\" \/>\n<meta property=\"og:url\" content=\"https:\/\/kuzeyinsesi.org\/index.php\/2024\/12\/10\/tc-disisleri-bakanligi-israilin-suriye-topraklarinda-ilerlemesini-siddetle-kiniyoruz\/\" \/>\n<meta property=\"og:site_name\" content=\"Kuzeyin Sesi\" \/>\n<meta property=\"article:publisher\" content=\"https:\/\/www.facebook.com\/kuzeyinsesii\" \/>\n<meta property=\"article:published_time\" content=\"2024-12-10T12:59:59+00:00\" \/>\n<meta property=\"og:image\" content=\"https:\/\/brtk.net\/wp-content\/uploads\/2024\/12\/10\/1733828144819thumbs_b_c_35f109b286be72ab20e7de8cf5764df3.jpg?ver=219b56863f5f155356f3eb5775252d6e\" \/>\n<meta name=\"author\" content=\"Kuzeyin Sesi\" \/>\n<meta name=\"twitter:card\" content=\"summary_large_image\" \/>\n<meta name=\"twitter:creator\" content=\"@kuzeyinsesii\" \/>\n<meta name=\"twitter:site\" content=\"@kuzeyinsesii\" \/>\n<meta name=\"twitter:label1\" content=\"Yazan:\" \/>\n\t<meta name=\"twitter:data1\" content=\"Kuzeyin Sesi\" \/>\n\t<meta name=\"twitter:label2\" content=\"Tahmini okuma s\u00fcresi\" \/>\n\t<meta name=\"twitter:data2\" content=\"1 dakika\" \/>\n<script type=\"application\/ld+json\" class=\"yoast-schema-graph\">{\"@context\":\"https:\\\/\\\/schema.org\",\"@graph\":[{\"@type\":\"Article\",\"@id\":\"https:\\\/\\\/kuzeyinsesi.org\\\/index.php\\\/2024\\\/12\\\/10\\\/tc-disisleri-bakanligi-israilin-suriye-topraklarinda-ilerlemesini-siddetle-kiniyoruz\\\/#article\",\"isPartOf\":{\"@id\":\"https:\\\/\\\/kuzeyinsesi.org\\\/index.php\\\/2024\\\/12\\\/10\\\/tc-disisleri-bakanligi-israilin-suriye-topraklarinda-ilerlemesini-siddetle-kiniyoruz\\\/\"},\"author\":{\"name\":\"Kuzeyin Sesi\",\"@id\":\"https:\\\/\\\/kuzeyinsesi.org\\\/#\\\/schema\\\/person\\\/9f859689cdf01485597712386e37f5aa\"},\"headline\":\"TC D\u0131\u015fi\u015fleri Bakanl\u0131\u011f\u0131: \u201c\u0130srail\u2019in, Suriye topraklar\u0131nda ilerlemesini \u015fiddetle k\u0131n\u0131yoruz\u201d\",\"datePublished\":\"2024-12-10T12:59:59+00:00\",\"mainEntityOfPage\":{\"@id\":\"https:\\\/\\\/kuzeyinsesi.org\\\/index.php\\\/2024\\\/12\\\/10\\\/tc-disisleri-bakanligi-israilin-suriye-topraklarinda-ilerlemesini-siddetle-kiniyoruz\\\/\"},\"wordCount\":177,\"commentCount\":0,\"image\":{\"@id\":\"https:\\\/\\\/kuzeyinsesi.org\\\/index.php\\\/2024\\\/12\\\/10\\\/tc-disisleri-bakanligi-israilin-suriye-topraklarinda-ilerlemesini-siddetle-kiniyoruz\\\/#primaryimage\"},\"thumbnailUrl\":\"https:\\\/\\\/kuzeyinsesi.org\\\/wp-content\\\/uploads\\\/2024\\\/12\\\/1733828144819thumbs_b_c_35f109b286be72ab20e7de8cf5764df3.jpg\",\"articleSection\":[\"T\u00fcrkiye\"],\"inLanguage\":\"tr\",\"potentialAction\":[{\"@type\":\"CommentAction\",\"name\":\"Comment\",\"target\":[\"https:\\\/\\\/kuzeyinsesi.org\\\/index.php\\\/2024\\\/12\\\/10\\\/tc-disisleri-bakanligi-israilin-suriye-topraklarinda-ilerlemesini-siddetle-kiniyoruz\\\/#respond\"]}]},{\"@type\":\"WebPage\",\"@id\":\"https:\\\/\\\/kuzeyinsesi.org\\\/index.php\\\/2024\\\/12\\\/10\\\/tc-disisleri-bakanligi-israilin-suriye-topraklarinda-ilerlemesini-siddetle-kiniyoruz\\\/\",\"url\":\"https:\\\/\\\/kuzeyinsesi.org\\\/index.php\\\/2024\\\/12\\\/10\\\/tc-disisleri-bakanligi-israilin-suriye-topraklarinda-ilerlemesini-siddetle-kiniyoruz\\\/\",\"name\":\"TC D\u0131\u015fi\u015fleri Bakanl\u0131\u011f\u0131: \u201c\u0130srail\u2019in, Suriye topraklar\u0131nda ilerlemesini \u015fiddetle k\u0131n\u0131yoruz\u201d - Kuzeyin Sesi\",\"isPartOf\":{\"@id\":\"https:\\\/\\\/kuzeyinsesi.org\\\/#website\"},\"primaryImageOfPage\":{\"@id\":\"https:\\\/\\\/kuzeyinsesi.org\\\/index.php\\\/2024\\\/12\\\/10\\\/tc-disisleri-bakanligi-israilin-suriye-topraklarinda-ilerlemesini-siddetle-kiniyoruz\\\/#primaryimage\"},\"image\":{\"@id\":\"https:\\\/\\\/kuzeyinsesi.org\\\/index.php\\\/2024\\\/12\\\/10\\\/tc-disisleri-bakanligi-israilin-suriye-topraklarinda-ilerlemesini-siddetle-kiniyoruz\\\/#primaryimage\"},\"thumbnailUrl\":\"https:\\\/\\\/kuzeyinsesi.org\\\/wp-content\\\/uploads\\\/2024\\\/12\\\/1733828144819thumbs_b_c_35f109b286be72ab20e7de8cf5764df3.jpg\",\"datePublished\":\"2024-12-10T12:59:59+00:00\",\"author\":{\"@id\":\"https:\\\/\\\/kuzeyinsesi.org\\\/#\\\/schema\\\/person\\\/9f859689cdf01485597712386e37f5aa\"},\"breadcrumb\":{\"@id\":\"https:\\\/\\\/kuzeyinsesi.org\\\/index.php\\\/2024\\\/12\\\/10\\\/tc-disisleri-bakanligi-israilin-suriye-topraklarinda-ilerlemesini-siddetle-kiniyoruz\\\/#breadcrumb\"},\"inLanguage\":\"tr\",\"potentialAction\":[{\"@type\":\"ReadAction\",\"target\":[\"https:\\\/\\\/kuzeyinsesi.org\\\/index.php\\\/2024\\\/12\\\/10\\\/tc-disisleri-bakanligi-israilin-suriye-topraklarinda-ilerlemesini-siddetle-kiniyoruz\\\/\"]}]},{\"@type\":\"ImageObject\",\"inLanguage\":\"tr\",\"@id\":\"https:\\\/\\\/kuzeyinsesi.org\\\/index.php\\\/2024\\\/12\\\/10\\\/tc-disisleri-bakanligi-israilin-suriye-topraklarinda-ilerlemesini-siddetle-kiniyoruz\\\/#primaryimage\",\"url\":\"https:\\\/\\\/kuzeyinsesi.org\\\/wp-content\\\/uploads\\\/2024\\\/12\\\/1733828144819thumbs_b_c_35f109b286be72ab20e7de8cf5764df3.jpg\",\"contentUrl\":\"https:\\\/\\\/kuzeyinsesi.org\\\/wp-content\\\/uploads\\\/2024\\\/12\\\/1733828144819thumbs_b_c_35f109b286be72ab20e7de8cf5764df3.jpg\",\"width\":864,\"height\":486},{\"@type\":\"BreadcrumbList\",\"@id\":\"https:\\\/\\\/kuzeyinsesi.org\\\/index.php\\\/2024\\\/12\\\/10\\\/tc-disisleri-bakanligi-israilin-suriye-topraklarinda-ilerlemesini-siddetle-kiniyoruz\\\/#breadcrumb\",\"itemListElement\":[{\"@type\":\"ListItem\",\"position\":1,\"name\":\"Anasayfa\",\"item\":\"https:\\\/\\\/kuzeyinsesi.org\\\/\"},{\"@type\":\"ListItem\",\"position\":2,\"name\":\"TC D\u0131\u015fi\u015fleri Bakanl\u0131\u011f\u0131: \u201c\u0130srail\u2019in, Suriye topraklar\u0131nda ilerlemesini \u015fiddetle k\u0131n\u0131yoruz\u201d\"}]},{\"@type\":\"WebSite\",\"@id\":\"https:\\\/\\\/kuzeyinsesi.org\\\/#website\",\"url\":\"https:\\\/\\\/kuzeyinsesi.org\\\/\",\"name\":\"Kuzeyin Sesi\",\"description\":\"Do\u011fru Haberin Adresi\",\"potentialAction\":[{\"@type\":\"SearchAction\",\"target\":{\"@type\":\"EntryPoint\",\"urlTemplate\":\"https:\\\/\\\/kuzeyinsesi.org\\\/?s={search_term_string}\"},\"query-input\":{\"@type\":\"PropertyValueSpecification\",\"valueRequired\":true,\"valueName\":\"search_term_string\"}}],\"inLanguage\":\"tr\"},{\"@type\":\"Person\",\"@id\":\"https:\\\/\\\/kuzeyinsesi.org\\\/#\\\/schema\\\/person\\\/9f859689cdf01485597712386e37f5aa\",\"name\":\"Kuzeyin Sesi\",\"image\":{\"@type\":\"ImageObject\",\"inLanguage\":\"tr\",\"@id\":\"https:\\\/\\\/secure.gravatar.com\\\/avatar\\\/bab33852abfd8b282518d6ed81826833d77c3c882d9ab608add591ccace47a44?s=96&d=mm&r=g\",\"url\":\"https:\\\/\\\/secure.gravatar.com\\\/avatar\\\/bab33852abfd8b282518d6ed81826833d77c3c882d9ab608add591ccace47a44?s=96&d=mm&r=g\",\"contentUrl\":\"https:\\\/\\\/secure.gravatar.com\\\/avatar\\\/bab33852abfd8b282518d6ed81826833d77c3c882d9ab608add591ccace47a44?s=96&d=mm&r=g\",\"caption\":\"Kuzeyin Sesi\"},\"sameAs\":[\"https:\\\/\\\/kuzeyinsesi.org\"],\"url\":\"https:\\\/\\\/kuzeyinsesi.org\\\/index.php\\\/author\\\/guven\\\/\"}]}<\/script>\n<!-- \/ Yoast SEO plugin. -->","yoast_head_json":{"title":"TC D\u0131\u015fi\u015fleri Bakanl\u0131\u011f\u0131: \u201c\u0130srail\u2019in, Suriye topraklar\u0131nda ilerlemesini \u015fiddetle k\u0131n\u0131yoruz\u201d - Kuzeyin Sesi","robots":{"index":"index","follow":"follow","max-snippet":"max-snippet:-1","max-image-preview":"max-image-preview:large","max-video-preview":"max-video-preview:-1"},"canonical":"https:\/\/kuzeyinsesi.org\/index.php\/2024\/12\/10\/tc-disisleri-bakanligi-israilin-suriye-topraklarinda-ilerlemesini-siddetle-kiniyoruz\/","og_locale":"tr_TR","og_type":"article","og_title":"TC D\u0131\u015fi\u015fleri Bakanl\u0131\u011f\u0131: \u201c\u0130srail\u2019in, Suriye topraklar\u0131nda ilerlemesini \u015fiddetle k\u0131n\u0131yoruz\u201d - Kuzeyin Sesi","og_description":"T\u00fcrkiye D\u0131\u015fi\u015fleri Bakanl\u0131\u011f\u0131, \u0130srail\u2019in Suriye topraklar\u0131nda devam eden i\u015fgalci eylemlerine ili\u015fkin, \u201c\u0130srail\u2019in, 1974\u2019te imzalanan Kuvvetlerin Ayr\u0131\u015ft\u0131r\u0131lmas\u0131 Anla\u015fmas\u0131\u2019n\u0131 ihlal ederek \u0130srail-Suriye aras\u0131ndaki ayr\u0131\u015ft\u0131rma b\u00f6lgesine girmesini ve Suriye topraklar\u0131nda ilerlemesini \u015fiddetle k\u0131n\u0131yoruz.\u201d ifadesini kulland\u0131. Bakanl\u0131k, \u0130srail\u2019in Suriye topraklar\u0131nda devam eden i\u015fgalci eylemlerine ili\u015fkin yaz\u0131l\u0131 a\u00e7\u0131klama yapt\u0131. A\u00e7\u0131klamada, \u201cSuriye halk\u0131n\u0131n uzun y\u0131llard\u0131r hasret oldu\u011fu bar\u0131\u015f ve istikrara kavu\u015fma [&hellip;]","og_url":"https:\/\/kuzeyinsesi.org\/index.php\/2024\/12\/10\/tc-disisleri-bakanligi-israilin-suriye-topraklarinda-ilerlemesini-siddetle-kiniyoruz\/","og_site_name":"Kuzeyin Sesi","article_publisher":"https:\/\/www.facebook.com\/kuzeyinsesii","article_published_time":"2024-12-10T12:59:59+00:00","og_image":[{"url":"https:\/\/brtk.net\/wp-content\/uploads\/2024\/12\/10\/1733828144819thumbs_b_c_35f109b286be72ab20e7de8cf5764df3.jpg?ver=219b56863f5f155356f3eb5775252d6e","type":"","width":"","height":""}],"author":"Kuzeyin Sesi","twitter_card":"summary_large_image","twitter_creator":"@kuzeyinsesii","twitter_site":"@kuzeyinsesii","twitter_misc":{"Yazan:":"Kuzeyin Sesi","Tahmini okuma s\u00fcresi":"1 dakika"},"schema":{"@context":"https:\/\/schema.org","@graph":[{"@type":"Article","@id":"https:\/\/kuzeyinsesi.org\/index.php\/2024\/12\/10\/tc-disisleri-bakanligi-israilin-suriye-topraklarinda-ilerlemesini-siddetle-kiniyoruz\/#article","isPartOf":{"@id":"https:\/\/kuzeyinsesi.org\/index.php\/2024\/12\/10\/tc-disisleri-bakanligi-israilin-suriye-topraklarinda-ilerlemesini-siddetle-kiniyoruz\/"},"author":{"name":"Kuzeyin Sesi","@id":"https:\/\/kuzeyinsesi.org\/#\/schema\/person\/9f859689cdf01485597712386e37f5aa"},"headline":"TC D\u0131\u015fi\u015fleri Bakanl\u0131\u011f\u0131: \u201c\u0130srail\u2019in, Suriye topraklar\u0131nda ilerlemesini \u015fiddetle k\u0131n\u0131yoruz\u201d","datePublished":"2024-12-10T12:59:59+00:00","mainEntityOfPage":{"@id":"https:\/\/kuzeyinsesi.org\/index.php\/2024\/12\/10\/tc-disisleri-bakanligi-israilin-suriye-topraklarinda-ilerlemesini-siddetle-kiniyoruz\/"},"wordCount":177,"commentCount":0,"image":{"@id":"https:\/\/kuzeyinsesi.org\/index.php\/2024\/12\/10\/tc-disisleri-bakanligi-israilin-suriye-topraklarinda-ilerlemesini-siddetle-kiniyoruz\/#primaryimage"},"thumbnailUrl":"https:\/\/kuzeyinsesi.org\/wp-content\/uploads\/2024\/12\/1733828144819thumbs_b_c_35f109b286be72ab20e7de8cf5764df3.jpg","articleSection":["T\u00fcrkiye"],"inLanguage":"tr","potentialAction":[{"@type":"CommentAction","name":"Comment","target":["https:\/\/kuzeyinsesi.org\/index.php\/2024\/12\/10\/tc-disisleri-bakanligi-israilin-suriye-topraklarinda-ilerlemesini-siddetle-kiniyoruz\/#respond"]}]},{"@type":"WebPage","@id":"https:\/\/kuzeyinsesi.org\/index.php\/2024\/12\/10\/tc-disisleri-bakanligi-israilin-suriye-topraklarinda-ilerlemesini-siddetle-kiniyoruz\/","url":"https:\/\/kuzeyinsesi.org\/index.php\/2024\/12\/10\/tc-disisleri-bakanligi-israilin-suriye-topraklarinda-ilerlemesini-siddetle-kiniyoruz\/","name":"TC D\u0131\u015fi\u015fleri Bakanl\u0131\u011f\u0131: \u201c\u0130srail\u2019in, Suriye topraklar\u0131nda ilerlemesini \u015fiddetle k\u0131n\u0131yoruz\u201d - Kuzeyin Sesi","isPartOf":{"@id":"https:\/\/kuzeyinsesi.org\/#website"},"primaryImageOfPage":{"@id":"https:\/\/kuzeyinsesi.org\/index.php\/2024\/12\/10\/tc-disisleri-bakanligi-israilin-suriye-topraklarinda-ilerlemesini-siddetle-kiniyoruz\/#primaryimage"},"image":{"@id":"https:\/\/kuzeyinsesi.org\/index.php\/2024\/12\/10\/tc-disisleri-bakanligi-israilin-suriye-topraklarinda-ilerlemesini-siddetle-kiniyoruz\/#primaryimage"},"thumbnailUrl":"https:\/\/kuzeyinsesi.org\/wp-content\/uploads\/2024\/12\/1733828144819thumbs_b_c_35f109b286be72ab20e7de8cf5764df3.jpg","datePublished":"2024-12-10T12:59:59+00:00","author":{"@id":"https:\/\/kuzeyinsesi.org\/#\/schema\/person\/9f859689cdf01485597712386e37f5aa"},"breadcrumb":{"@id":"https:\/\/kuzeyinsesi.org\/index.php\/2024\/12\/10\/tc-disisleri-bakanligi-israilin-suriye-topraklarinda-ilerlemesini-siddetle-kiniyoruz\/#breadcrumb"},"inLanguage":"tr","potentialAction":[{"@type":"ReadAction","target":["https:\/\/kuzeyinsesi.org\/index.php\/2024\/12\/10\/tc-disisleri-bakanligi-israilin-suriye-topraklarinda-ilerlemesini-siddetle-kiniyoruz\/"]}]},{"@type":"ImageObject","inLanguage":"tr","@id":"https:\/\/kuzeyinsesi.org\/index.php\/2024\/12\/10\/tc-disisleri-bakanligi-israilin-suriye-topraklarinda-ilerlemesini-siddetle-kiniyoruz\/#primaryimage","url":"https:\/\/kuzeyinsesi.org\/wp-content\/uploads\/2024\/12\/1733828144819thumbs_b_c_35f109b286be72ab20e7de8cf5764df3.jpg","contentUrl":"https:\/\/kuzeyinsesi.org\/wp-content\/uploads\/2024\/12\/1733828144819thumbs_b_c_35f109b286be72ab20e7de8cf5764df3.jpg","width":864,"height":486},{"@type":"BreadcrumbList","@id":"https:\/\/kuzeyinsesi.org\/index.php\/2024\/12\/10\/tc-disisleri-bakanligi-israilin-suriye-topraklarinda-ilerlemesini-siddetle-kiniyoruz\/#breadcrumb","itemListElement":[{"@type":"ListItem","position":1,"name":"Anasayfa","item":"https:\/\/kuzeyinsesi.org\/"},{"@type":"ListItem","position":2,"name":"TC D\u0131\u015fi\u015fleri Bakanl\u0131\u011f\u0131: \u201c\u0130srail\u2019in, Suriye topraklar\u0131nda ilerlemesini \u015fiddetle k\u0131n\u0131yoruz\u201d"}]},{"@type":"WebSite","@id":"https:\/\/kuzeyinsesi.org\/#website","url":"https:\/\/kuzeyinsesi.org\/","name":"Kuzeyin Sesi","description":"Do\u011fru Haberin Adresi","potentialAction":[{"@type":"SearchAction","target":{"@type":"EntryPoint","urlTemplate":"https:\/\/kuzeyinsesi.org\/?s={search_term_string}"},"query-input":{"@type":"PropertyValueSpecification","valueRequired":true,"valueName":"search_term_string"}}],"inLanguage":"tr"},{"@type":"Person","@id":"https:\/\/kuzeyinsesi.org\/#\/schema\/person\/9f859689cdf01485597712386e37f5aa","name":"Kuzeyin Sesi","image":{"@type":"ImageObject","inLanguage":"tr","@id":"https:\/\/secure.gravatar.com\/avatar\/bab33852abfd8b282518d6ed81826833d77c3c882d9ab608add591ccace47a44?s=96&d=mm&r=g","url":"https:\/\/secure.gravatar.com\/avatar\/bab33852abfd8b282518d6ed81826833d77c3c882d9ab608add591ccace47a44?s=96&d=mm&r=g","contentUrl":"https:\/\/secure.gravatar.com\/avatar\/bab33852abfd8b282518d6ed81826833d77c3c882d9ab608add591ccace47a44?s=96&d=mm&r=g","caption":"Kuzeyin Sesi"},"sameAs":["https:\/\/kuzeyinsesi.org"],"url":"https:\/\/kuzeyinsesi.org\/index.php\/author\/guven\/"}]}},"_links":{"self":[{"href":"https:\/\/kuzeyinsesi.org\/index.php\/wp-json\/wp\/v2\/posts\/15300","targetHints":{"allow":["GET"]}}],"collection":[{"href":"https:\/\/kuzeyinsesi.org\/index.php\/wp-json\/wp\/v2\/posts"}],"about":[{"href":"https:\/\/kuzeyinsesi.org\/index.php\/wp-json\/wp\/v2\/types\/post"}],"author":[{"embeddable":true,"href":"https:\/\/kuzeyinsesi.org\/index.php\/wp-json\/wp\/v2\/users\/1"}],"replies":[{"embeddable":true,"href":"https:\/\/kuzeyinsesi.org\/index.php\/wp-json\/wp\/v2\/comments?post=15300"}],"version-history":[{"count":0,"href":"https:\/\/kuzeyinsesi.org\/index.php\/wp-json\/wp\/v2\/posts\/15300\/revisions"}],"wp:featuredmedia":[{"embeddable":true,"href":"https:\/\/kuzeyinsesi.org\/index.php\/wp-json\/wp\/v2\/media\/15301"}],"wp:attachment":[{"href":"https:\/\/kuzeyinsesi.org\/index.php\/wp-json\/wp\/v2\/media?parent=15300"}],"wp:term":[{"taxonomy":"category","embeddable":true,"href":"https:\/\/kuzeyinsesi.org\/index.php\/wp-json\/wp\/v2\/categories?post=15300"},{"taxonomy":"post_tag","embeddable":true,"href":"https:\/\/kuzeyinsesi.org\/index.php\/wp-json\/wp\/v2\/tags?post=15300"}],"curies":[{"name":"wp","href":"https:\/\/api.w.org\/{rel}","templated":true}]}}