{"id":15275,"date":"2024-12-09T21:48:38","date_gmt":"2024-12-09T19:48:38","guid":{"rendered":"https:\/\/kuzeyinsesi.org\/index.php\/2024\/12\/09\/tugsalin-yeni-sarkisi-sevildibozuk-asklar-odasi\/"},"modified":"2024-12-09T21:48:38","modified_gmt":"2024-12-09T19:48:38","slug":"tugsalin-yeni-sarkisi-sevildibozuk-asklar-odasi","status":"publish","type":"post","link":"https:\/\/kuzeyinsesi.org\/index.php\/2024\/12\/09\/tugsalin-yeni-sarkisi-sevildibozuk-asklar-odasi\/","title":{"rendered":"Tu\u011fsal\u2019\u0131n yeni \u0219ark\u0131s\u0131 sevildi:\u201cBozuk A\u015fklar Odas\u0131\u201d"},"content":{"rendered":"<div>\n<div class=\"mariselle-image-container center\">\n                                            <\/div>\n<p>\u00dclkemizin ba\u015far\u0131l\u0131 m\u00fczisyenlerinden Osman Tu\u011fsal, merakla beklenen yeni \u015fark\u0131s\u0131 \u201cBozuk A\u015fklar Odas\u0131\u201d ile dinleyicileriyle bulu\u015ftu. <\/p>\n<p>Alternatif ve indie pop t\u00fcrlerinde ses getiren \u00e7al\u0131\u015fmalar\u0131yla tan\u0131nan Tu\u011fsal, bu \u015fark\u0131s\u0131nda da \u00f6zg\u00fcn tarz\u0131n\u0131 koruyarak modern elektronik altyap\u0131larla duygusal derinli\u011fi birle\u015ftiriyor.<\/p>\n<p> S\u00f6z ve m\u00fczi\u011fi Osman Tu\u011fsal\u2019a ait olan \u201cBozuk A\u015fklar Odas\u0131\u201d, ayr\u0131l\u0131klar\u0131n ve karma\u015f\u0131k duygular\u0131n hikayesini anlat\u0131yor. \u015eark\u0131, hem derin s\u00f6zleri hem de dikkat \u00e7ekici melodisiyle dinleyiciyi i\u00e7sel bir yolculu\u011fa davet ediyor. <\/p>\n<p>Tu\u011fsal, daha \u00f6nce Sony Music T\u00fcrkiye ile \u00e7al\u0131\u015fm\u0131\u015f, ancak art\u0131k m\u00fczik kariyerini ba\u011f\u0131ms\u0131z olarak s\u00fcrd\u00fcr\u00fcyor. Bu ba\u011f\u0131ms\u0131zl\u0131k, sanat\u00e7\u0131n\u0131n yarat\u0131c\u0131l\u0131\u011f\u0131n\u0131 \u00f6zg\u00fcrce ifade etmesine olanak tan\u0131yor. <\/p>\n<p>\u201cBozuk A\u015fklar Odas\u0131\u201d da tam bu ruhun bir yans\u0131mas\u0131: sade, samimi ve \u00e7arp\u0131c\u0131. Sanat\u00e7\u0131n\u0131n yeni \u015fark\u0131s\u0131 t\u00fcm dijital platformlarda yay\u0131nlan\u0131rken, m\u00fczik videosu da sanat\u00e7\u0131n\u0131n YouTube kanal\u0131nda izleyicileriyle bulu\u015ftu. <\/p>\n<p>Bayrak Fm M\u00fczik Haber \u0130leti\u015fim<br \/>[email\u00a0protected]<\/p>\n<\/p><\/div>\n<p><script async\n                    defer\n                    crossorigin=\"anonymous\"\n                    src=\"https:\/\/connect.facebook.net\/tr_TR\/sdk.js#xfbml=1&#038;version=v3.3\"\n            ><\/script><\/p>\n","protected":false},"excerpt":{"rendered":"<p>\u00dclkemizin ba\u015far\u0131l\u0131 m\u00fczisyenlerinden Osman Tu\u011fsal, merakla beklenen yeni \u015fark\u0131s\u0131 \u201cBozuk A\u015fklar Odas\u0131\u201d ile dinleyicileriyle bulu\u015ftu. Alternatif ve indie pop t\u00fcrlerinde ses getiren \u00e7al\u0131\u015fmalar\u0131yla tan\u0131nan Tu\u011fsal, bu \u015fark\u0131s\u0131nda da \u00f6zg\u00fcn tarz\u0131n\u0131 koruyarak modern elektronik altyap\u0131larla duygusal derinli\u011fi birle\u015ftiriyor. S\u00f6z ve m\u00fczi\u011fi Osman Tu\u011fsal\u2019a ait olan \u201cBozuk A\u015fklar Odas\u0131\u201d, ayr\u0131l\u0131klar\u0131n ve karma\u015f\u0131k duygular\u0131n hikayesini anlat\u0131yor. \u015eark\u0131, hem [&hellip;]<\/p>\n","protected":false},"author":1,"featured_media":15276,"comment_status":"open","ping_status":"open","sticky":false,"template":"","format":"standard","meta":{"jnews-multi-image_gallery":[],"jnews_single_post":[],"jnews_primary_category":[],"jnews_social_meta":[],"jnews_override_counter":[],"footnotes":""},"categories":[6],"tags":[],"class_list":["post-15275","post","type-post","status-publish","format-standard","has-post-thumbnail","hentry","category-yasam"],"yoast_head":"<!-- This site is optimized with the Yoast SEO plugin v27.4 - https:\/\/yoast.com\/product\/yoast-seo-wordpress\/ -->\n<title>Tu\u011fsal\u2019\u0131n yeni \u0219ark\u0131s\u0131 sevildi:\u201cBozuk A\u015fklar Odas\u0131\u201d - Kuzeyin Sesi<\/title>\n<meta name=\"robots\" content=\"index, follow, max-snippet:-1, max-image-preview:large, max-video-preview:-1\" \/>\n<link rel=\"canonical\" href=\"https:\/\/kuzeyinsesi.org\/index.php\/2024\/12\/09\/tugsalin-yeni-sarkisi-sevildibozuk-asklar-odasi\/\" \/>\n<meta property=\"og:locale\" content=\"tr_TR\" \/>\n<meta property=\"og:type\" content=\"article\" \/>\n<meta property=\"og:title\" content=\"Tu\u011fsal\u2019\u0131n yeni \u0219ark\u0131s\u0131 sevildi:\u201cBozuk A\u015fklar Odas\u0131\u201d - Kuzeyin Sesi\" \/>\n<meta property=\"og:description\" content=\"\u00dclkemizin ba\u015far\u0131l\u0131 m\u00fczisyenlerinden Osman Tu\u011fsal, merakla beklenen yeni \u015fark\u0131s\u0131 \u201cBozuk A\u015fklar Odas\u0131\u201d ile dinleyicileriyle bulu\u015ftu. Alternatif ve indie pop t\u00fcrlerinde ses getiren \u00e7al\u0131\u015fmalar\u0131yla tan\u0131nan Tu\u011fsal, bu \u015fark\u0131s\u0131nda da \u00f6zg\u00fcn tarz\u0131n\u0131 koruyarak modern elektronik altyap\u0131larla duygusal derinli\u011fi birle\u015ftiriyor. S\u00f6z ve m\u00fczi\u011fi Osman Tu\u011fsal\u2019a ait olan \u201cBozuk A\u015fklar Odas\u0131\u201d, ayr\u0131l\u0131klar\u0131n ve karma\u015f\u0131k duygular\u0131n hikayesini anlat\u0131yor. \u015eark\u0131, hem [&hellip;]\" \/>\n<meta property=\"og:url\" content=\"https:\/\/kuzeyinsesi.org\/index.php\/2024\/12\/09\/tugsalin-yeni-sarkisi-sevildibozuk-asklar-odasi\/\" \/>\n<meta property=\"og:site_name\" content=\"Kuzeyin Sesi\" \/>\n<meta property=\"article:publisher\" content=\"https:\/\/www.facebook.com\/kuzeyinsesii\" \/>\n<meta property=\"article:published_time\" content=\"2024-12-09T19:48:38+00:00\" \/>\n<meta property=\"og:image\" content=\"https:\/\/brtk.net\/wp-content\/uploads\/2024\/12\/09\/InShot_20241209_212806437.jpg?ver=2b6e8405124bbce275329fa56400a346\" \/>\n<meta name=\"author\" content=\"Kuzeyin Sesi\" \/>\n<meta name=\"twitter:card\" content=\"summary_large_image\" \/>\n<meta name=\"twitter:creator\" content=\"@kuzeyinsesii\" \/>\n<meta name=\"twitter:site\" content=\"@kuzeyinsesii\" \/>\n<meta name=\"twitter:label1\" content=\"Yazan:\" \/>\n\t<meta name=\"twitter:data1\" content=\"Kuzeyin Sesi\" \/>\n\t<meta name=\"twitter:label2\" content=\"Tahmini okuma s\u00fcresi\" \/>\n\t<meta name=\"twitter:data2\" content=\"1 dakika\" \/>\n<script type=\"application\/ld+json\" class=\"yoast-schema-graph\">{\"@context\":\"https:\\\/\\\/schema.org\",\"@graph\":[{\"@type\":\"Article\",\"@id\":\"https:\\\/\\\/kuzeyinsesi.org\\\/index.php\\\/2024\\\/12\\\/09\\\/tugsalin-yeni-sarkisi-sevildibozuk-asklar-odasi\\\/#article\",\"isPartOf\":{\"@id\":\"https:\\\/\\\/kuzeyinsesi.org\\\/index.php\\\/2024\\\/12\\\/09\\\/tugsalin-yeni-sarkisi-sevildibozuk-asklar-odasi\\\/\"},\"author\":{\"name\":\"Kuzeyin Sesi\",\"@id\":\"https:\\\/\\\/kuzeyinsesi.org\\\/#\\\/schema\\\/person\\\/9f859689cdf01485597712386e37f5aa\"},\"headline\":\"Tu\u011fsal\u2019\u0131n yeni \u0219ark\u0131s\u0131 sevildi:\u201cBozuk A\u015fklar Odas\u0131\u201d\",\"datePublished\":\"2024-12-09T19:48:38+00:00\",\"mainEntityOfPage\":{\"@id\":\"https:\\\/\\\/kuzeyinsesi.org\\\/index.php\\\/2024\\\/12\\\/09\\\/tugsalin-yeni-sarkisi-sevildibozuk-asklar-odasi\\\/\"},\"wordCount\":208,\"commentCount\":0,\"image\":{\"@id\":\"https:\\\/\\\/kuzeyinsesi.org\\\/index.php\\\/2024\\\/12\\\/09\\\/tugsalin-yeni-sarkisi-sevildibozuk-asklar-odasi\\\/#primaryimage\"},\"thumbnailUrl\":\"https:\\\/\\\/kuzeyinsesi.org\\\/wp-content\\\/uploads\\\/2024\\\/12\\\/InShot_20241209_212806437.jpg\",\"articleSection\":[\"Ya\u015fam\"],\"inLanguage\":\"tr\",\"potentialAction\":[{\"@type\":\"CommentAction\",\"name\":\"Comment\",\"target\":[\"https:\\\/\\\/kuzeyinsesi.org\\\/index.php\\\/2024\\\/12\\\/09\\\/tugsalin-yeni-sarkisi-sevildibozuk-asklar-odasi\\\/#respond\"]}]},{\"@type\":\"WebPage\",\"@id\":\"https:\\\/\\\/kuzeyinsesi.org\\\/index.php\\\/2024\\\/12\\\/09\\\/tugsalin-yeni-sarkisi-sevildibozuk-asklar-odasi\\\/\",\"url\":\"https:\\\/\\\/kuzeyinsesi.org\\\/index.php\\\/2024\\\/12\\\/09\\\/tugsalin-yeni-sarkisi-sevildibozuk-asklar-odasi\\\/\",\"name\":\"Tu\u011fsal\u2019\u0131n yeni \u0219ark\u0131s\u0131 sevildi:\u201cBozuk A\u015fklar Odas\u0131\u201d - Kuzeyin Sesi\",\"isPartOf\":{\"@id\":\"https:\\\/\\\/kuzeyinsesi.org\\\/#website\"},\"primaryImageOfPage\":{\"@id\":\"https:\\\/\\\/kuzeyinsesi.org\\\/index.php\\\/2024\\\/12\\\/09\\\/tugsalin-yeni-sarkisi-sevildibozuk-asklar-odasi\\\/#primaryimage\"},\"image\":{\"@id\":\"https:\\\/\\\/kuzeyinsesi.org\\\/index.php\\\/2024\\\/12\\\/09\\\/tugsalin-yeni-sarkisi-sevildibozuk-asklar-odasi\\\/#primaryimage\"},\"thumbnailUrl\":\"https:\\\/\\\/kuzeyinsesi.org\\\/wp-content\\\/uploads\\\/2024\\\/12\\\/InShot_20241209_212806437.jpg\",\"datePublished\":\"2024-12-09T19:48:38+00:00\",\"author\":{\"@id\":\"https:\\\/\\\/kuzeyinsesi.org\\\/#\\\/schema\\\/person\\\/9f859689cdf01485597712386e37f5aa\"},\"breadcrumb\":{\"@id\":\"https:\\\/\\\/kuzeyinsesi.org\\\/index.php\\\/2024\\\/12\\\/09\\\/tugsalin-yeni-sarkisi-sevildibozuk-asklar-odasi\\\/#breadcrumb\"},\"inLanguage\":\"tr\",\"potentialAction\":[{\"@type\":\"ReadAction\",\"target\":[\"https:\\\/\\\/kuzeyinsesi.org\\\/index.php\\\/2024\\\/12\\\/09\\\/tugsalin-yeni-sarkisi-sevildibozuk-asklar-odasi\\\/\"]}]},{\"@type\":\"ImageObject\",\"inLanguage\":\"tr\",\"@id\":\"https:\\\/\\\/kuzeyinsesi.org\\\/index.php\\\/2024\\\/12\\\/09\\\/tugsalin-yeni-sarkisi-sevildibozuk-asklar-odasi\\\/#primaryimage\",\"url\":\"https:\\\/\\\/kuzeyinsesi.org\\\/wp-content\\\/uploads\\\/2024\\\/12\\\/InShot_20241209_212806437.jpg\",\"contentUrl\":\"https:\\\/\\\/kuzeyinsesi.org\\\/wp-content\\\/uploads\\\/2024\\\/12\\\/InShot_20241209_212806437.jpg\",\"width\":1920,\"height\":1079},{\"@type\":\"BreadcrumbList\",\"@id\":\"https:\\\/\\\/kuzeyinsesi.org\\\/index.php\\\/2024\\\/12\\\/09\\\/tugsalin-yeni-sarkisi-sevildibozuk-asklar-odasi\\\/#breadcrumb\",\"itemListElement\":[{\"@type\":\"ListItem\",\"position\":1,\"name\":\"Anasayfa\",\"item\":\"https:\\\/\\\/kuzeyinsesi.org\\\/\"},{\"@type\":\"ListItem\",\"position\":2,\"name\":\"Tu\u011fsal\u2019\u0131n yeni \u0219ark\u0131s\u0131 sevildi:\u201cBozuk A\u015fklar Odas\u0131\u201d\"}]},{\"@type\":\"WebSite\",\"@id\":\"https:\\\/\\\/kuzeyinsesi.org\\\/#website\",\"url\":\"https:\\\/\\\/kuzeyinsesi.org\\\/\",\"name\":\"Kuzeyin Sesi\",\"description\":\"Do\u011fru Haberin Adresi\",\"potentialAction\":[{\"@type\":\"SearchAction\",\"target\":{\"@type\":\"EntryPoint\",\"urlTemplate\":\"https:\\\/\\\/kuzeyinsesi.org\\\/?s={search_term_string}\"},\"query-input\":{\"@type\":\"PropertyValueSpecification\",\"valueRequired\":true,\"valueName\":\"search_term_string\"}}],\"inLanguage\":\"tr\"},{\"@type\":\"Person\",\"@id\":\"https:\\\/\\\/kuzeyinsesi.org\\\/#\\\/schema\\\/person\\\/9f859689cdf01485597712386e37f5aa\",\"name\":\"Kuzeyin Sesi\",\"image\":{\"@type\":\"ImageObject\",\"inLanguage\":\"tr\",\"@id\":\"https:\\\/\\\/secure.gravatar.com\\\/avatar\\\/bab33852abfd8b282518d6ed81826833d77c3c882d9ab608add591ccace47a44?s=96&d=mm&r=g\",\"url\":\"https:\\\/\\\/secure.gravatar.com\\\/avatar\\\/bab33852abfd8b282518d6ed81826833d77c3c882d9ab608add591ccace47a44?s=96&d=mm&r=g\",\"contentUrl\":\"https:\\\/\\\/secure.gravatar.com\\\/avatar\\\/bab33852abfd8b282518d6ed81826833d77c3c882d9ab608add591ccace47a44?s=96&d=mm&r=g\",\"caption\":\"Kuzeyin Sesi\"},\"sameAs\":[\"https:\\\/\\\/kuzeyinsesi.org\"],\"url\":\"https:\\\/\\\/kuzeyinsesi.org\\\/index.php\\\/author\\\/guven\\\/\"}]}<\/script>\n<!-- \/ Yoast SEO plugin. -->","yoast_head_json":{"title":"Tu\u011fsal\u2019\u0131n yeni \u0219ark\u0131s\u0131 sevildi:\u201cBozuk A\u015fklar Odas\u0131\u201d - Kuzeyin Sesi","robots":{"index":"index","follow":"follow","max-snippet":"max-snippet:-1","max-image-preview":"max-image-preview:large","max-video-preview":"max-video-preview:-1"},"canonical":"https:\/\/kuzeyinsesi.org\/index.php\/2024\/12\/09\/tugsalin-yeni-sarkisi-sevildibozuk-asklar-odasi\/","og_locale":"tr_TR","og_type":"article","og_title":"Tu\u011fsal\u2019\u0131n yeni \u0219ark\u0131s\u0131 sevildi:\u201cBozuk A\u015fklar Odas\u0131\u201d - Kuzeyin Sesi","og_description":"\u00dclkemizin ba\u015far\u0131l\u0131 m\u00fczisyenlerinden Osman Tu\u011fsal, merakla beklenen yeni \u015fark\u0131s\u0131 \u201cBozuk A\u015fklar Odas\u0131\u201d ile dinleyicileriyle bulu\u015ftu. Alternatif ve indie pop t\u00fcrlerinde ses getiren \u00e7al\u0131\u015fmalar\u0131yla tan\u0131nan Tu\u011fsal, bu \u015fark\u0131s\u0131nda da \u00f6zg\u00fcn tarz\u0131n\u0131 koruyarak modern elektronik altyap\u0131larla duygusal derinli\u011fi birle\u015ftiriyor. S\u00f6z ve m\u00fczi\u011fi Osman Tu\u011fsal\u2019a ait olan \u201cBozuk A\u015fklar Odas\u0131\u201d, ayr\u0131l\u0131klar\u0131n ve karma\u015f\u0131k duygular\u0131n hikayesini anlat\u0131yor. \u015eark\u0131, hem [&hellip;]","og_url":"https:\/\/kuzeyinsesi.org\/index.php\/2024\/12\/09\/tugsalin-yeni-sarkisi-sevildibozuk-asklar-odasi\/","og_site_name":"Kuzeyin Sesi","article_publisher":"https:\/\/www.facebook.com\/kuzeyinsesii","article_published_time":"2024-12-09T19:48:38+00:00","og_image":[{"url":"https:\/\/brtk.net\/wp-content\/uploads\/2024\/12\/09\/InShot_20241209_212806437.jpg?ver=2b6e8405124bbce275329fa56400a346","type":"","width":"","height":""}],"author":"Kuzeyin Sesi","twitter_card":"summary_large_image","twitter_creator":"@kuzeyinsesii","twitter_site":"@kuzeyinsesii","twitter_misc":{"Yazan:":"Kuzeyin Sesi","Tahmini okuma s\u00fcresi":"1 dakika"},"schema":{"@context":"https:\/\/schema.org","@graph":[{"@type":"Article","@id":"https:\/\/kuzeyinsesi.org\/index.php\/2024\/12\/09\/tugsalin-yeni-sarkisi-sevildibozuk-asklar-odasi\/#article","isPartOf":{"@id":"https:\/\/kuzeyinsesi.org\/index.php\/2024\/12\/09\/tugsalin-yeni-sarkisi-sevildibozuk-asklar-odasi\/"},"author":{"name":"Kuzeyin Sesi","@id":"https:\/\/kuzeyinsesi.org\/#\/schema\/person\/9f859689cdf01485597712386e37f5aa"},"headline":"Tu\u011fsal\u2019\u0131n yeni \u0219ark\u0131s\u0131 sevildi:\u201cBozuk A\u015fklar Odas\u0131\u201d","datePublished":"2024-12-09T19:48:38+00:00","mainEntityOfPage":{"@id":"https:\/\/kuzeyinsesi.org\/index.php\/2024\/12\/09\/tugsalin-yeni-sarkisi-sevildibozuk-asklar-odasi\/"},"wordCount":208,"commentCount":0,"image":{"@id":"https:\/\/kuzeyinsesi.org\/index.php\/2024\/12\/09\/tugsalin-yeni-sarkisi-sevildibozuk-asklar-odasi\/#primaryimage"},"thumbnailUrl":"https:\/\/kuzeyinsesi.org\/wp-content\/uploads\/2024\/12\/InShot_20241209_212806437.jpg","articleSection":["Ya\u015fam"],"inLanguage":"tr","potentialAction":[{"@type":"CommentAction","name":"Comment","target":["https:\/\/kuzeyinsesi.org\/index.php\/2024\/12\/09\/tugsalin-yeni-sarkisi-sevildibozuk-asklar-odasi\/#respond"]}]},{"@type":"WebPage","@id":"https:\/\/kuzeyinsesi.org\/index.php\/2024\/12\/09\/tugsalin-yeni-sarkisi-sevildibozuk-asklar-odasi\/","url":"https:\/\/kuzeyinsesi.org\/index.php\/2024\/12\/09\/tugsalin-yeni-sarkisi-sevildibozuk-asklar-odasi\/","name":"Tu\u011fsal\u2019\u0131n yeni \u0219ark\u0131s\u0131 sevildi:\u201cBozuk A\u015fklar Odas\u0131\u201d - Kuzeyin Sesi","isPartOf":{"@id":"https:\/\/kuzeyinsesi.org\/#website"},"primaryImageOfPage":{"@id":"https:\/\/kuzeyinsesi.org\/index.php\/2024\/12\/09\/tugsalin-yeni-sarkisi-sevildibozuk-asklar-odasi\/#primaryimage"},"image":{"@id":"https:\/\/kuzeyinsesi.org\/index.php\/2024\/12\/09\/tugsalin-yeni-sarkisi-sevildibozuk-asklar-odasi\/#primaryimage"},"thumbnailUrl":"https:\/\/kuzeyinsesi.org\/wp-content\/uploads\/2024\/12\/InShot_20241209_212806437.jpg","datePublished":"2024-12-09T19:48:38+00:00","author":{"@id":"https:\/\/kuzeyinsesi.org\/#\/schema\/person\/9f859689cdf01485597712386e37f5aa"},"breadcrumb":{"@id":"https:\/\/kuzeyinsesi.org\/index.php\/2024\/12\/09\/tugsalin-yeni-sarkisi-sevildibozuk-asklar-odasi\/#breadcrumb"},"inLanguage":"tr","potentialAction":[{"@type":"ReadAction","target":["https:\/\/kuzeyinsesi.org\/index.php\/2024\/12\/09\/tugsalin-yeni-sarkisi-sevildibozuk-asklar-odasi\/"]}]},{"@type":"ImageObject","inLanguage":"tr","@id":"https:\/\/kuzeyinsesi.org\/index.php\/2024\/12\/09\/tugsalin-yeni-sarkisi-sevildibozuk-asklar-odasi\/#primaryimage","url":"https:\/\/kuzeyinsesi.org\/wp-content\/uploads\/2024\/12\/InShot_20241209_212806437.jpg","contentUrl":"https:\/\/kuzeyinsesi.org\/wp-content\/uploads\/2024\/12\/InShot_20241209_212806437.jpg","width":1920,"height":1079},{"@type":"BreadcrumbList","@id":"https:\/\/kuzeyinsesi.org\/index.php\/2024\/12\/09\/tugsalin-yeni-sarkisi-sevildibozuk-asklar-odasi\/#breadcrumb","itemListElement":[{"@type":"ListItem","position":1,"name":"Anasayfa","item":"https:\/\/kuzeyinsesi.org\/"},{"@type":"ListItem","position":2,"name":"Tu\u011fsal\u2019\u0131n yeni \u0219ark\u0131s\u0131 sevildi:\u201cBozuk A\u015fklar Odas\u0131\u201d"}]},{"@type":"WebSite","@id":"https:\/\/kuzeyinsesi.org\/#website","url":"https:\/\/kuzeyinsesi.org\/","name":"Kuzeyin Sesi","description":"Do\u011fru Haberin Adresi","potentialAction":[{"@type":"SearchAction","target":{"@type":"EntryPoint","urlTemplate":"https:\/\/kuzeyinsesi.org\/?s={search_term_string}"},"query-input":{"@type":"PropertyValueSpecification","valueRequired":true,"valueName":"search_term_string"}}],"inLanguage":"tr"},{"@type":"Person","@id":"https:\/\/kuzeyinsesi.org\/#\/schema\/person\/9f859689cdf01485597712386e37f5aa","name":"Kuzeyin Sesi","image":{"@type":"ImageObject","inLanguage":"tr","@id":"https:\/\/secure.gravatar.com\/avatar\/bab33852abfd8b282518d6ed81826833d77c3c882d9ab608add591ccace47a44?s=96&d=mm&r=g","url":"https:\/\/secure.gravatar.com\/avatar\/bab33852abfd8b282518d6ed81826833d77c3c882d9ab608add591ccace47a44?s=96&d=mm&r=g","contentUrl":"https:\/\/secure.gravatar.com\/avatar\/bab33852abfd8b282518d6ed81826833d77c3c882d9ab608add591ccace47a44?s=96&d=mm&r=g","caption":"Kuzeyin Sesi"},"sameAs":["https:\/\/kuzeyinsesi.org"],"url":"https:\/\/kuzeyinsesi.org\/index.php\/author\/guven\/"}]}},"_links":{"self":[{"href":"https:\/\/kuzeyinsesi.org\/index.php\/wp-json\/wp\/v2\/posts\/15275","targetHints":{"allow":["GET"]}}],"collection":[{"href":"https:\/\/kuzeyinsesi.org\/index.php\/wp-json\/wp\/v2\/posts"}],"about":[{"href":"https:\/\/kuzeyinsesi.org\/index.php\/wp-json\/wp\/v2\/types\/post"}],"author":[{"embeddable":true,"href":"https:\/\/kuzeyinsesi.org\/index.php\/wp-json\/wp\/v2\/users\/1"}],"replies":[{"embeddable":true,"href":"https:\/\/kuzeyinsesi.org\/index.php\/wp-json\/wp\/v2\/comments?post=15275"}],"version-history":[{"count":0,"href":"https:\/\/kuzeyinsesi.org\/index.php\/wp-json\/wp\/v2\/posts\/15275\/revisions"}],"wp:featuredmedia":[{"embeddable":true,"href":"https:\/\/kuzeyinsesi.org\/index.php\/wp-json\/wp\/v2\/media\/15276"}],"wp:attachment":[{"href":"https:\/\/kuzeyinsesi.org\/index.php\/wp-json\/wp\/v2\/media?parent=15275"}],"wp:term":[{"taxonomy":"category","embeddable":true,"href":"https:\/\/kuzeyinsesi.org\/index.php\/wp-json\/wp\/v2\/categories?post=15275"},{"taxonomy":"post_tag","embeddable":true,"href":"https:\/\/kuzeyinsesi.org\/index.php\/wp-json\/wp\/v2\/tags?post=15275"}],"curies":[{"name":"wp","href":"https:\/\/api.w.org\/{rel}","templated":true}]}}