{"id":15253,"date":"2024-12-09T15:41:40","date_gmt":"2024-12-09T13:41:40","guid":{"rendered":"https:\/\/kuzeyinsesi.org\/index.php\/2024\/12\/09\/girnede-vintage-ve-antika-pazari-kurulacak\/"},"modified":"2024-12-09T15:41:40","modified_gmt":"2024-12-09T13:41:40","slug":"girnede-vintage-ve-antika-pazari-kurulacak","status":"publish","type":"post","link":"https:\/\/kuzeyinsesi.org\/index.php\/2024\/12\/09\/girnede-vintage-ve-antika-pazari-kurulacak\/","title":{"rendered":"Girne\u2019de Vintage ve Antika Pazar\u0131 kurulacak"},"content":{"rendered":"<div>\n<div class=\"mariselle-image-container center\">\n                                            <\/div>\n<p>Girne Belediyesi, ge\u00e7mi\u015fin izlerini bug\u00fcne  ta\u015f\u0131yan \u201cGirne\u2019de Vintage ve Antika Pazar\u0131\u201d etkinli\u011fi d\u00fczenleyecek.<\/p>\n<p>Belediyeden yap\u0131lan a\u00e7\u0131klamaya g\u00f6re, Ramadan Cemil Meydan\u0131\u2019nda (eski belediye binas\u0131 \u00f6n\u00fc) cumartesi saat 10.00-18.00 aras\u0131nda yap\u0131lacak etkinlikte, eski plaklardan poster ve dergilere, kitaplardan vintage bisikletlere kadar bir\u00e7ok farkl\u0131 kolleksiyon yer alacak. Etkilikte, vintage radyo ve plak \u00e7alarlar, k\u00fc\u00e7\u00fck ev e\u015fyalar\u0131, sanat \u00fcr\u00fcnleri ve hediyelikler de ziyaret\u00e7ilerin be\u011fenisine sunulacak.<\/p>\n<p><strong>-Kitap de\u011fi\u015fim stand\u0131 da kurulacak<\/strong><\/p>\n<p>Etkinlik kapsam\u0131nda ilk kez kurulacak olan kitap de\u011fi\u015fim stand\u0131, kat\u0131l\u0131mc\u0131lara kitaplar\u0131n\u0131 getirip ba\u015fka bir kitapla de\u011fi\u015ftirme imkan\u0131 sunacak.<\/p>\n<p>Nostaljik m\u00fczik dinletileri e\u015fli\u011finde, yerel mutfa\u011fa \u00f6zg\u00fc geleneksel lezzetlerin de yer alaca\u011f\u0131 yiyecek-i\u00e7ecek stantlar\u0131nda macun, pekmez, bal, lokma \u015fami\u015fi ve pilavuna gibi y\u00f6resel tatlar g\u00fcn boyunca kat\u0131l\u0131mc\u0131lara sunulacak. <\/p>\n<p>A\u00e7\u0131k art\u0131rma etkinli\u011fi ise saat 14.00\u2019te ba\u015flayacak. A\u00e7\u0131k art\u0131rmada, sanat eserleri ve hediyelik e\u015fyalar al\u0131c\u0131lara sunulacak.<\/p>\n<\/p><\/div>\n<p><script async\n                    defer\n                    crossorigin=\"anonymous\"\n                    src=\"https:\/\/connect.facebook.net\/tr_TR\/sdk.js#xfbml=1&#038;version=v3.3\"\n            ><\/script><\/p>\n","protected":false},"excerpt":{"rendered":"<p>Girne Belediyesi, ge\u00e7mi\u015fin izlerini bug\u00fcne ta\u015f\u0131yan \u201cGirne\u2019de Vintage ve Antika Pazar\u0131\u201d etkinli\u011fi d\u00fczenleyecek. Belediyeden yap\u0131lan a\u00e7\u0131klamaya g\u00f6re, Ramadan Cemil Meydan\u0131\u2019nda (eski belediye binas\u0131 \u00f6n\u00fc) cumartesi saat 10.00-18.00 aras\u0131nda yap\u0131lacak etkinlikte, eski plaklardan poster ve dergilere, kitaplardan vintage bisikletlere kadar bir\u00e7ok farkl\u0131 kolleksiyon yer alacak. Etkilikte, vintage radyo ve plak \u00e7alarlar, k\u00fc\u00e7\u00fck ev e\u015fyalar\u0131, sanat \u00fcr\u00fcnleri [&hellip;]<\/p>\n","protected":false},"author":1,"featured_media":15254,"comment_status":"open","ping_status":"open","sticky":false,"template":"","format":"standard","meta":{"jnews-multi-image_gallery":[],"jnews_single_post":[],"jnews_primary_category":[],"jnews_social_meta":[],"jnews_override_counter":[],"footnotes":""},"categories":[6],"tags":[],"class_list":["post-15253","post","type-post","status-publish","format-standard","has-post-thumbnail","hentry","category-yasam"],"yoast_head":"<!-- This site is optimized with the Yoast SEO plugin v27.4 - https:\/\/yoast.com\/product\/yoast-seo-wordpress\/ -->\n<title>Girne\u2019de Vintage ve Antika Pazar\u0131 kurulacak - Kuzeyin Sesi<\/title>\n<meta name=\"robots\" content=\"index, follow, max-snippet:-1, max-image-preview:large, max-video-preview:-1\" \/>\n<link rel=\"canonical\" href=\"https:\/\/kuzeyinsesi.org\/index.php\/2024\/12\/09\/girnede-vintage-ve-antika-pazari-kurulacak\/\" \/>\n<meta property=\"og:locale\" content=\"tr_TR\" \/>\n<meta property=\"og:type\" content=\"article\" \/>\n<meta property=\"og:title\" content=\"Girne\u2019de Vintage ve Antika Pazar\u0131 kurulacak - Kuzeyin Sesi\" \/>\n<meta property=\"og:description\" content=\"Girne Belediyesi, ge\u00e7mi\u015fin izlerini bug\u00fcne ta\u015f\u0131yan \u201cGirne\u2019de Vintage ve Antika Pazar\u0131\u201d etkinli\u011fi d\u00fczenleyecek. Belediyeden yap\u0131lan a\u00e7\u0131klamaya g\u00f6re, Ramadan Cemil Meydan\u0131\u2019nda (eski belediye binas\u0131 \u00f6n\u00fc) cumartesi saat 10.00-18.00 aras\u0131nda yap\u0131lacak etkinlikte, eski plaklardan poster ve dergilere, kitaplardan vintage bisikletlere kadar bir\u00e7ok farkl\u0131 kolleksiyon yer alacak. Etkilikte, vintage radyo ve plak \u00e7alarlar, k\u00fc\u00e7\u00fck ev e\u015fyalar\u0131, sanat \u00fcr\u00fcnleri [&hellip;]\" \/>\n<meta property=\"og:url\" content=\"https:\/\/kuzeyinsesi.org\/index.php\/2024\/12\/09\/girnede-vintage-ve-antika-pazari-kurulacak\/\" \/>\n<meta property=\"og:site_name\" content=\"Kuzeyin Sesi\" \/>\n<meta property=\"article:publisher\" content=\"https:\/\/www.facebook.com\/kuzeyinsesii\" \/>\n<meta property=\"article:published_time\" content=\"2024-12-09T13:41:40+00:00\" \/>\n<meta property=\"og:image\" content=\"https:\/\/brtk.net\/wp-content\/uploads\/2024\/12\/09\/131553.jpg?ver=d1d2eb1125a42457e635d49c63447224\" \/>\n<meta name=\"author\" content=\"Kuzeyin Sesi\" \/>\n<meta name=\"twitter:card\" content=\"summary_large_image\" \/>\n<meta name=\"twitter:creator\" content=\"@kuzeyinsesii\" \/>\n<meta name=\"twitter:site\" content=\"@kuzeyinsesii\" \/>\n<meta name=\"twitter:label1\" content=\"Yazan:\" \/>\n\t<meta name=\"twitter:data1\" content=\"Kuzeyin Sesi\" \/>\n\t<meta name=\"twitter:label2\" content=\"Tahmini okuma s\u00fcresi\" \/>\n\t<meta name=\"twitter:data2\" content=\"1 dakika\" \/>\n<script type=\"application\/ld+json\" class=\"yoast-schema-graph\">{\"@context\":\"https:\\\/\\\/schema.org\",\"@graph\":[{\"@type\":\"Article\",\"@id\":\"https:\\\/\\\/kuzeyinsesi.org\\\/index.php\\\/2024\\\/12\\\/09\\\/girnede-vintage-ve-antika-pazari-kurulacak\\\/#article\",\"isPartOf\":{\"@id\":\"https:\\\/\\\/kuzeyinsesi.org\\\/index.php\\\/2024\\\/12\\\/09\\\/girnede-vintage-ve-antika-pazari-kurulacak\\\/\"},\"author\":{\"name\":\"Kuzeyin Sesi\",\"@id\":\"https:\\\/\\\/kuzeyinsesi.org\\\/#\\\/schema\\\/person\\\/9f859689cdf01485597712386e37f5aa\"},\"headline\":\"Girne\u2019de Vintage ve Antika Pazar\u0131 kurulacak\",\"datePublished\":\"2024-12-09T13:41:40+00:00\",\"mainEntityOfPage\":{\"@id\":\"https:\\\/\\\/kuzeyinsesi.org\\\/index.php\\\/2024\\\/12\\\/09\\\/girnede-vintage-ve-antika-pazari-kurulacak\\\/\"},\"wordCount\":187,\"commentCount\":0,\"image\":{\"@id\":\"https:\\\/\\\/kuzeyinsesi.org\\\/index.php\\\/2024\\\/12\\\/09\\\/girnede-vintage-ve-antika-pazari-kurulacak\\\/#primaryimage\"},\"thumbnailUrl\":\"https:\\\/\\\/kuzeyinsesi.org\\\/wp-content\\\/uploads\\\/2024\\\/12\\\/131553.jpg\",\"articleSection\":[\"Ya\u015fam\"],\"inLanguage\":\"tr\",\"potentialAction\":[{\"@type\":\"CommentAction\",\"name\":\"Comment\",\"target\":[\"https:\\\/\\\/kuzeyinsesi.org\\\/index.php\\\/2024\\\/12\\\/09\\\/girnede-vintage-ve-antika-pazari-kurulacak\\\/#respond\"]}]},{\"@type\":\"WebPage\",\"@id\":\"https:\\\/\\\/kuzeyinsesi.org\\\/index.php\\\/2024\\\/12\\\/09\\\/girnede-vintage-ve-antika-pazari-kurulacak\\\/\",\"url\":\"https:\\\/\\\/kuzeyinsesi.org\\\/index.php\\\/2024\\\/12\\\/09\\\/girnede-vintage-ve-antika-pazari-kurulacak\\\/\",\"name\":\"Girne\u2019de Vintage ve Antika Pazar\u0131 kurulacak - Kuzeyin Sesi\",\"isPartOf\":{\"@id\":\"https:\\\/\\\/kuzeyinsesi.org\\\/#website\"},\"primaryImageOfPage\":{\"@id\":\"https:\\\/\\\/kuzeyinsesi.org\\\/index.php\\\/2024\\\/12\\\/09\\\/girnede-vintage-ve-antika-pazari-kurulacak\\\/#primaryimage\"},\"image\":{\"@id\":\"https:\\\/\\\/kuzeyinsesi.org\\\/index.php\\\/2024\\\/12\\\/09\\\/girnede-vintage-ve-antika-pazari-kurulacak\\\/#primaryimage\"},\"thumbnailUrl\":\"https:\\\/\\\/kuzeyinsesi.org\\\/wp-content\\\/uploads\\\/2024\\\/12\\\/131553.jpg\",\"datePublished\":\"2024-12-09T13:41:40+00:00\",\"author\":{\"@id\":\"https:\\\/\\\/kuzeyinsesi.org\\\/#\\\/schema\\\/person\\\/9f859689cdf01485597712386e37f5aa\"},\"breadcrumb\":{\"@id\":\"https:\\\/\\\/kuzeyinsesi.org\\\/index.php\\\/2024\\\/12\\\/09\\\/girnede-vintage-ve-antika-pazari-kurulacak\\\/#breadcrumb\"},\"inLanguage\":\"tr\",\"potentialAction\":[{\"@type\":\"ReadAction\",\"target\":[\"https:\\\/\\\/kuzeyinsesi.org\\\/index.php\\\/2024\\\/12\\\/09\\\/girnede-vintage-ve-antika-pazari-kurulacak\\\/\"]}]},{\"@type\":\"ImageObject\",\"inLanguage\":\"tr\",\"@id\":\"https:\\\/\\\/kuzeyinsesi.org\\\/index.php\\\/2024\\\/12\\\/09\\\/girnede-vintage-ve-antika-pazari-kurulacak\\\/#primaryimage\",\"url\":\"https:\\\/\\\/kuzeyinsesi.org\\\/wp-content\\\/uploads\\\/2024\\\/12\\\/131553.jpg\",\"contentUrl\":\"https:\\\/\\\/kuzeyinsesi.org\\\/wp-content\\\/uploads\\\/2024\\\/12\\\/131553.jpg\",\"width\":880,\"height\":440},{\"@type\":\"BreadcrumbList\",\"@id\":\"https:\\\/\\\/kuzeyinsesi.org\\\/index.php\\\/2024\\\/12\\\/09\\\/girnede-vintage-ve-antika-pazari-kurulacak\\\/#breadcrumb\",\"itemListElement\":[{\"@type\":\"ListItem\",\"position\":1,\"name\":\"Anasayfa\",\"item\":\"https:\\\/\\\/kuzeyinsesi.org\\\/\"},{\"@type\":\"ListItem\",\"position\":2,\"name\":\"Girne\u2019de Vintage ve Antika Pazar\u0131 kurulacak\"}]},{\"@type\":\"WebSite\",\"@id\":\"https:\\\/\\\/kuzeyinsesi.org\\\/#website\",\"url\":\"https:\\\/\\\/kuzeyinsesi.org\\\/\",\"name\":\"Kuzeyin Sesi\",\"description\":\"Do\u011fru Haberin Adresi\",\"potentialAction\":[{\"@type\":\"SearchAction\",\"target\":{\"@type\":\"EntryPoint\",\"urlTemplate\":\"https:\\\/\\\/kuzeyinsesi.org\\\/?s={search_term_string}\"},\"query-input\":{\"@type\":\"PropertyValueSpecification\",\"valueRequired\":true,\"valueName\":\"search_term_string\"}}],\"inLanguage\":\"tr\"},{\"@type\":\"Person\",\"@id\":\"https:\\\/\\\/kuzeyinsesi.org\\\/#\\\/schema\\\/person\\\/9f859689cdf01485597712386e37f5aa\",\"name\":\"Kuzeyin Sesi\",\"image\":{\"@type\":\"ImageObject\",\"inLanguage\":\"tr\",\"@id\":\"https:\\\/\\\/secure.gravatar.com\\\/avatar\\\/bab33852abfd8b282518d6ed81826833d77c3c882d9ab608add591ccace47a44?s=96&d=mm&r=g\",\"url\":\"https:\\\/\\\/secure.gravatar.com\\\/avatar\\\/bab33852abfd8b282518d6ed81826833d77c3c882d9ab608add591ccace47a44?s=96&d=mm&r=g\",\"contentUrl\":\"https:\\\/\\\/secure.gravatar.com\\\/avatar\\\/bab33852abfd8b282518d6ed81826833d77c3c882d9ab608add591ccace47a44?s=96&d=mm&r=g\",\"caption\":\"Kuzeyin Sesi\"},\"sameAs\":[\"https:\\\/\\\/kuzeyinsesi.org\"],\"url\":\"https:\\\/\\\/kuzeyinsesi.org\\\/index.php\\\/author\\\/guven\\\/\"}]}<\/script>\n<!-- \/ Yoast SEO plugin. -->","yoast_head_json":{"title":"Girne\u2019de Vintage ve Antika Pazar\u0131 kurulacak - Kuzeyin Sesi","robots":{"index":"index","follow":"follow","max-snippet":"max-snippet:-1","max-image-preview":"max-image-preview:large","max-video-preview":"max-video-preview:-1"},"canonical":"https:\/\/kuzeyinsesi.org\/index.php\/2024\/12\/09\/girnede-vintage-ve-antika-pazari-kurulacak\/","og_locale":"tr_TR","og_type":"article","og_title":"Girne\u2019de Vintage ve Antika Pazar\u0131 kurulacak - Kuzeyin Sesi","og_description":"Girne Belediyesi, ge\u00e7mi\u015fin izlerini bug\u00fcne ta\u015f\u0131yan \u201cGirne\u2019de Vintage ve Antika Pazar\u0131\u201d etkinli\u011fi d\u00fczenleyecek. Belediyeden yap\u0131lan a\u00e7\u0131klamaya g\u00f6re, Ramadan Cemil Meydan\u0131\u2019nda (eski belediye binas\u0131 \u00f6n\u00fc) cumartesi saat 10.00-18.00 aras\u0131nda yap\u0131lacak etkinlikte, eski plaklardan poster ve dergilere, kitaplardan vintage bisikletlere kadar bir\u00e7ok farkl\u0131 kolleksiyon yer alacak. Etkilikte, vintage radyo ve plak \u00e7alarlar, k\u00fc\u00e7\u00fck ev e\u015fyalar\u0131, sanat \u00fcr\u00fcnleri [&hellip;]","og_url":"https:\/\/kuzeyinsesi.org\/index.php\/2024\/12\/09\/girnede-vintage-ve-antika-pazari-kurulacak\/","og_site_name":"Kuzeyin Sesi","article_publisher":"https:\/\/www.facebook.com\/kuzeyinsesii","article_published_time":"2024-12-09T13:41:40+00:00","og_image":[{"url":"https:\/\/brtk.net\/wp-content\/uploads\/2024\/12\/09\/131553.jpg?ver=d1d2eb1125a42457e635d49c63447224","type":"","width":"","height":""}],"author":"Kuzeyin Sesi","twitter_card":"summary_large_image","twitter_creator":"@kuzeyinsesii","twitter_site":"@kuzeyinsesii","twitter_misc":{"Yazan:":"Kuzeyin Sesi","Tahmini okuma s\u00fcresi":"1 dakika"},"schema":{"@context":"https:\/\/schema.org","@graph":[{"@type":"Article","@id":"https:\/\/kuzeyinsesi.org\/index.php\/2024\/12\/09\/girnede-vintage-ve-antika-pazari-kurulacak\/#article","isPartOf":{"@id":"https:\/\/kuzeyinsesi.org\/index.php\/2024\/12\/09\/girnede-vintage-ve-antika-pazari-kurulacak\/"},"author":{"name":"Kuzeyin Sesi","@id":"https:\/\/kuzeyinsesi.org\/#\/schema\/person\/9f859689cdf01485597712386e37f5aa"},"headline":"Girne\u2019de Vintage ve Antika Pazar\u0131 kurulacak","datePublished":"2024-12-09T13:41:40+00:00","mainEntityOfPage":{"@id":"https:\/\/kuzeyinsesi.org\/index.php\/2024\/12\/09\/girnede-vintage-ve-antika-pazari-kurulacak\/"},"wordCount":187,"commentCount":0,"image":{"@id":"https:\/\/kuzeyinsesi.org\/index.php\/2024\/12\/09\/girnede-vintage-ve-antika-pazari-kurulacak\/#primaryimage"},"thumbnailUrl":"https:\/\/kuzeyinsesi.org\/wp-content\/uploads\/2024\/12\/131553.jpg","articleSection":["Ya\u015fam"],"inLanguage":"tr","potentialAction":[{"@type":"CommentAction","name":"Comment","target":["https:\/\/kuzeyinsesi.org\/index.php\/2024\/12\/09\/girnede-vintage-ve-antika-pazari-kurulacak\/#respond"]}]},{"@type":"WebPage","@id":"https:\/\/kuzeyinsesi.org\/index.php\/2024\/12\/09\/girnede-vintage-ve-antika-pazari-kurulacak\/","url":"https:\/\/kuzeyinsesi.org\/index.php\/2024\/12\/09\/girnede-vintage-ve-antika-pazari-kurulacak\/","name":"Girne\u2019de Vintage ve Antika Pazar\u0131 kurulacak - Kuzeyin Sesi","isPartOf":{"@id":"https:\/\/kuzeyinsesi.org\/#website"},"primaryImageOfPage":{"@id":"https:\/\/kuzeyinsesi.org\/index.php\/2024\/12\/09\/girnede-vintage-ve-antika-pazari-kurulacak\/#primaryimage"},"image":{"@id":"https:\/\/kuzeyinsesi.org\/index.php\/2024\/12\/09\/girnede-vintage-ve-antika-pazari-kurulacak\/#primaryimage"},"thumbnailUrl":"https:\/\/kuzeyinsesi.org\/wp-content\/uploads\/2024\/12\/131553.jpg","datePublished":"2024-12-09T13:41:40+00:00","author":{"@id":"https:\/\/kuzeyinsesi.org\/#\/schema\/person\/9f859689cdf01485597712386e37f5aa"},"breadcrumb":{"@id":"https:\/\/kuzeyinsesi.org\/index.php\/2024\/12\/09\/girnede-vintage-ve-antika-pazari-kurulacak\/#breadcrumb"},"inLanguage":"tr","potentialAction":[{"@type":"ReadAction","target":["https:\/\/kuzeyinsesi.org\/index.php\/2024\/12\/09\/girnede-vintage-ve-antika-pazari-kurulacak\/"]}]},{"@type":"ImageObject","inLanguage":"tr","@id":"https:\/\/kuzeyinsesi.org\/index.php\/2024\/12\/09\/girnede-vintage-ve-antika-pazari-kurulacak\/#primaryimage","url":"https:\/\/kuzeyinsesi.org\/wp-content\/uploads\/2024\/12\/131553.jpg","contentUrl":"https:\/\/kuzeyinsesi.org\/wp-content\/uploads\/2024\/12\/131553.jpg","width":880,"height":440},{"@type":"BreadcrumbList","@id":"https:\/\/kuzeyinsesi.org\/index.php\/2024\/12\/09\/girnede-vintage-ve-antika-pazari-kurulacak\/#breadcrumb","itemListElement":[{"@type":"ListItem","position":1,"name":"Anasayfa","item":"https:\/\/kuzeyinsesi.org\/"},{"@type":"ListItem","position":2,"name":"Girne\u2019de Vintage ve Antika Pazar\u0131 kurulacak"}]},{"@type":"WebSite","@id":"https:\/\/kuzeyinsesi.org\/#website","url":"https:\/\/kuzeyinsesi.org\/","name":"Kuzeyin Sesi","description":"Do\u011fru Haberin Adresi","potentialAction":[{"@type":"SearchAction","target":{"@type":"EntryPoint","urlTemplate":"https:\/\/kuzeyinsesi.org\/?s={search_term_string}"},"query-input":{"@type":"PropertyValueSpecification","valueRequired":true,"valueName":"search_term_string"}}],"inLanguage":"tr"},{"@type":"Person","@id":"https:\/\/kuzeyinsesi.org\/#\/schema\/person\/9f859689cdf01485597712386e37f5aa","name":"Kuzeyin Sesi","image":{"@type":"ImageObject","inLanguage":"tr","@id":"https:\/\/secure.gravatar.com\/avatar\/bab33852abfd8b282518d6ed81826833d77c3c882d9ab608add591ccace47a44?s=96&d=mm&r=g","url":"https:\/\/secure.gravatar.com\/avatar\/bab33852abfd8b282518d6ed81826833d77c3c882d9ab608add591ccace47a44?s=96&d=mm&r=g","contentUrl":"https:\/\/secure.gravatar.com\/avatar\/bab33852abfd8b282518d6ed81826833d77c3c882d9ab608add591ccace47a44?s=96&d=mm&r=g","caption":"Kuzeyin Sesi"},"sameAs":["https:\/\/kuzeyinsesi.org"],"url":"https:\/\/kuzeyinsesi.org\/index.php\/author\/guven\/"}]}},"_links":{"self":[{"href":"https:\/\/kuzeyinsesi.org\/index.php\/wp-json\/wp\/v2\/posts\/15253","targetHints":{"allow":["GET"]}}],"collection":[{"href":"https:\/\/kuzeyinsesi.org\/index.php\/wp-json\/wp\/v2\/posts"}],"about":[{"href":"https:\/\/kuzeyinsesi.org\/index.php\/wp-json\/wp\/v2\/types\/post"}],"author":[{"embeddable":true,"href":"https:\/\/kuzeyinsesi.org\/index.php\/wp-json\/wp\/v2\/users\/1"}],"replies":[{"embeddable":true,"href":"https:\/\/kuzeyinsesi.org\/index.php\/wp-json\/wp\/v2\/comments?post=15253"}],"version-history":[{"count":0,"href":"https:\/\/kuzeyinsesi.org\/index.php\/wp-json\/wp\/v2\/posts\/15253\/revisions"}],"wp:featuredmedia":[{"embeddable":true,"href":"https:\/\/kuzeyinsesi.org\/index.php\/wp-json\/wp\/v2\/media\/15254"}],"wp:attachment":[{"href":"https:\/\/kuzeyinsesi.org\/index.php\/wp-json\/wp\/v2\/media?parent=15253"}],"wp:term":[{"taxonomy":"category","embeddable":true,"href":"https:\/\/kuzeyinsesi.org\/index.php\/wp-json\/wp\/v2\/categories?post=15253"},{"taxonomy":"post_tag","embeddable":true,"href":"https:\/\/kuzeyinsesi.org\/index.php\/wp-json\/wp\/v2\/tags?post=15253"}],"curies":[{"name":"wp","href":"https:\/\/api.w.org\/{rel}","templated":true}]}}