{"id":15247,"date":"2024-12-09T14:41:06","date_gmt":"2024-12-09T12:41:06","guid":{"rendered":"https:\/\/kuzeyinsesi.org\/index.php\/2024\/12\/09\/cumhurbaskani-tatar-biz-dogayiz-sergisinin-acilisina-katildi\/"},"modified":"2024-12-09T14:41:06","modified_gmt":"2024-12-09T12:41:06","slug":"cumhurbaskani-tatar-biz-dogayiz-sergisinin-acilisina-katildi","status":"publish","type":"post","link":"https:\/\/kuzeyinsesi.org\/index.php\/2024\/12\/09\/cumhurbaskani-tatar-biz-dogayiz-sergisinin-acilisina-katildi\/","title":{"rendered":"Cumhurba\u015fkan\u0131 Tatar \u201cBiz Do\u011fay\u0131z\u201d sergisinin a\u00e7\u0131l\u0131\u015f\u0131na kat\u0131ld\u0131"},"content":{"rendered":"<div>\n<div class=\"mariselle-image-container center\">\n                                            <\/div>\n<p> Cumhurba\u015fkan\u0131 Ersin Tatar, K\u0131br\u0131s Ka\u011f\u0131t Sanat\u00e7\u0131lar\u0131 Derne\u011fi\u2019nin d\u00fczenledi\u011fi \u201cBiz Do\u011fay\u0131z\u201d sergisinin a\u00e7\u0131l\u0131\u015f\u0131na kat\u0131ld\u0131.<\/p>\n<p>Cumhurba\u015fkanl\u0131\u011f\u0131ndan verilen bilgiye g\u00f6re, Cumhurba\u015fkan\u0131 Tatar, Girne\u2019de Sevda Orr Studio\u2019da  yer alan serginin a\u00e7\u0131l\u0131\u015f\u0131nda yapt\u0131\u011f\u0131 konu\u015fmada,  geri d\u00f6n\u00fc\u015f\u00fcm malzemesi kullan\u0131larak eser \u00fcretmenin \u00f6nemine dikkat \u00e7ekti.<\/p>\n<p>K\u00fclt\u00fcr ve sanatla u\u011fra\u015fman\u0131n insanlar\u0131 mutlu etti\u011fini belirten Cumhurba\u015fkan\u0131 Tatar, sanat\u00e7\u0131 olan annesi \u0130smet Tatar\u2019\u0131n ailesine k\u00fclt\u00fcr ve sanat\u0131 sevdirdi\u011fi i\u00e7in te\u015fekk\u00fcr etti. Tatar, annesinden ald\u0131\u011f\u0131 ilhamla T\u00fcrkiye\u2019de \u00e7al\u0131\u015ft\u0131\u011f\u0131 d\u00f6nemde, film yap\u0131m\u0131nda ve dergi bas\u0131m\u0131nda yer ald\u0131\u011f\u0131n\u0131 da ifade etti.<\/p>\n<\/p><\/div>\n<p><script async\n                    defer\n                    crossorigin=\"anonymous\"\n                    src=\"https:\/\/connect.facebook.net\/tr_TR\/sdk.js#xfbml=1&#038;version=v3.3\"\n            ><\/script><\/p>\n","protected":false},"excerpt":{"rendered":"<p>Cumhurba\u015fkan\u0131 Ersin Tatar, K\u0131br\u0131s Ka\u011f\u0131t Sanat\u00e7\u0131lar\u0131 Derne\u011fi\u2019nin d\u00fczenledi\u011fi \u201cBiz Do\u011fay\u0131z\u201d sergisinin a\u00e7\u0131l\u0131\u015f\u0131na kat\u0131ld\u0131. Cumhurba\u015fkanl\u0131\u011f\u0131ndan verilen bilgiye g\u00f6re, Cumhurba\u015fkan\u0131 Tatar, Girne\u2019de Sevda Orr Studio\u2019da yer alan serginin a\u00e7\u0131l\u0131\u015f\u0131nda yapt\u0131\u011f\u0131 konu\u015fmada, geri d\u00f6n\u00fc\u015f\u00fcm malzemesi kullan\u0131larak eser \u00fcretmenin \u00f6nemine dikkat \u00e7ekti. K\u00fclt\u00fcr ve sanatla u\u011fra\u015fman\u0131n insanlar\u0131 mutlu etti\u011fini belirten Cumhurba\u015fkan\u0131 Tatar, sanat\u00e7\u0131 olan annesi \u0130smet Tatar\u2019\u0131n ailesine k\u00fclt\u00fcr [&hellip;]<\/p>\n","protected":false},"author":1,"featured_media":15248,"comment_status":"open","ping_status":"open","sticky":false,"template":"","format":"standard","meta":{"jnews-multi-image_gallery":[],"jnews_single_post":[],"jnews_primary_category":[],"jnews_social_meta":[],"jnews_override_counter":[],"footnotes":""},"categories":[6],"tags":[],"class_list":["post-15247","post","type-post","status-publish","format-standard","has-post-thumbnail","hentry","category-yasam"],"yoast_head":"<!-- This site is optimized with the Yoast SEO plugin v27.4 - https:\/\/yoast.com\/product\/yoast-seo-wordpress\/ -->\n<title>Cumhurba\u015fkan\u0131 Tatar \u201cBiz Do\u011fay\u0131z\u201d sergisinin a\u00e7\u0131l\u0131\u015f\u0131na kat\u0131ld\u0131 - Kuzeyin Sesi<\/title>\n<meta name=\"robots\" content=\"index, follow, max-snippet:-1, max-image-preview:large, max-video-preview:-1\" \/>\n<link rel=\"canonical\" href=\"https:\/\/kuzeyinsesi.org\/index.php\/2024\/12\/09\/cumhurbaskani-tatar-biz-dogayiz-sergisinin-acilisina-katildi\/\" \/>\n<meta property=\"og:locale\" content=\"tr_TR\" \/>\n<meta property=\"og:type\" content=\"article\" \/>\n<meta property=\"og:title\" content=\"Cumhurba\u015fkan\u0131 Tatar \u201cBiz Do\u011fay\u0131z\u201d sergisinin a\u00e7\u0131l\u0131\u015f\u0131na kat\u0131ld\u0131 - Kuzeyin Sesi\" \/>\n<meta property=\"og:description\" content=\"Cumhurba\u015fkan\u0131 Ersin Tatar, K\u0131br\u0131s Ka\u011f\u0131t Sanat\u00e7\u0131lar\u0131 Derne\u011fi\u2019nin d\u00fczenledi\u011fi \u201cBiz Do\u011fay\u0131z\u201d sergisinin a\u00e7\u0131l\u0131\u015f\u0131na kat\u0131ld\u0131. Cumhurba\u015fkanl\u0131\u011f\u0131ndan verilen bilgiye g\u00f6re, Cumhurba\u015fkan\u0131 Tatar, Girne\u2019de Sevda Orr Studio\u2019da yer alan serginin a\u00e7\u0131l\u0131\u015f\u0131nda yapt\u0131\u011f\u0131 konu\u015fmada, geri d\u00f6n\u00fc\u015f\u00fcm malzemesi kullan\u0131larak eser \u00fcretmenin \u00f6nemine dikkat \u00e7ekti. K\u00fclt\u00fcr ve sanatla u\u011fra\u015fman\u0131n insanlar\u0131 mutlu etti\u011fini belirten Cumhurba\u015fkan\u0131 Tatar, sanat\u00e7\u0131 olan annesi \u0130smet Tatar\u2019\u0131n ailesine k\u00fclt\u00fcr [&hellip;]\" \/>\n<meta property=\"og:url\" content=\"https:\/\/kuzeyinsesi.org\/index.php\/2024\/12\/09\/cumhurbaskani-tatar-biz-dogayiz-sergisinin-acilisina-katildi\/\" \/>\n<meta property=\"og:site_name\" content=\"Kuzeyin Sesi\" \/>\n<meta property=\"article:publisher\" content=\"https:\/\/www.facebook.com\/kuzeyinsesii\" \/>\n<meta property=\"article:published_time\" content=\"2024-12-09T12:41:06+00:00\" \/>\n<meta property=\"og:image\" content=\"https:\/\/brtk.net\/wp-content\/uploads\/2024\/12\/09\/65654567.jpg?ver=46d2f154822b3a328243abbf23212db9\" \/>\n<meta name=\"author\" content=\"Kuzeyin Sesi\" \/>\n<meta name=\"twitter:card\" content=\"summary_large_image\" \/>\n<meta name=\"twitter:creator\" content=\"@kuzeyinsesii\" \/>\n<meta name=\"twitter:site\" content=\"@kuzeyinsesii\" \/>\n<meta name=\"twitter:label1\" content=\"Yazan:\" \/>\n\t<meta name=\"twitter:data1\" content=\"Kuzeyin Sesi\" \/>\n\t<meta name=\"twitter:label2\" content=\"Tahmini okuma s\u00fcresi\" \/>\n\t<meta name=\"twitter:data2\" content=\"1 dakika\" \/>\n<script type=\"application\/ld+json\" class=\"yoast-schema-graph\">{\"@context\":\"https:\\\/\\\/schema.org\",\"@graph\":[{\"@type\":\"Article\",\"@id\":\"https:\\\/\\\/kuzeyinsesi.org\\\/index.php\\\/2024\\\/12\\\/09\\\/cumhurbaskani-tatar-biz-dogayiz-sergisinin-acilisina-katildi\\\/#article\",\"isPartOf\":{\"@id\":\"https:\\\/\\\/kuzeyinsesi.org\\\/index.php\\\/2024\\\/12\\\/09\\\/cumhurbaskani-tatar-biz-dogayiz-sergisinin-acilisina-katildi\\\/\"},\"author\":{\"name\":\"Kuzeyin Sesi\",\"@id\":\"https:\\\/\\\/kuzeyinsesi.org\\\/#\\\/schema\\\/person\\\/9f859689cdf01485597712386e37f5aa\"},\"headline\":\"Cumhurba\u015fkan\u0131 Tatar \u201cBiz Do\u011fay\u0131z\u201d sergisinin a\u00e7\u0131l\u0131\u015f\u0131na kat\u0131ld\u0131\",\"datePublished\":\"2024-12-09T12:41:06+00:00\",\"mainEntityOfPage\":{\"@id\":\"https:\\\/\\\/kuzeyinsesi.org\\\/index.php\\\/2024\\\/12\\\/09\\\/cumhurbaskani-tatar-biz-dogayiz-sergisinin-acilisina-katildi\\\/\"},\"wordCount\":140,\"commentCount\":0,\"image\":{\"@id\":\"https:\\\/\\\/kuzeyinsesi.org\\\/index.php\\\/2024\\\/12\\\/09\\\/cumhurbaskani-tatar-biz-dogayiz-sergisinin-acilisina-katildi\\\/#primaryimage\"},\"thumbnailUrl\":\"https:\\\/\\\/kuzeyinsesi.org\\\/wp-content\\\/uploads\\\/2024\\\/12\\\/65654567.jpg\",\"articleSection\":[\"Ya\u015fam\"],\"inLanguage\":\"tr\",\"potentialAction\":[{\"@type\":\"CommentAction\",\"name\":\"Comment\",\"target\":[\"https:\\\/\\\/kuzeyinsesi.org\\\/index.php\\\/2024\\\/12\\\/09\\\/cumhurbaskani-tatar-biz-dogayiz-sergisinin-acilisina-katildi\\\/#respond\"]}]},{\"@type\":\"WebPage\",\"@id\":\"https:\\\/\\\/kuzeyinsesi.org\\\/index.php\\\/2024\\\/12\\\/09\\\/cumhurbaskani-tatar-biz-dogayiz-sergisinin-acilisina-katildi\\\/\",\"url\":\"https:\\\/\\\/kuzeyinsesi.org\\\/index.php\\\/2024\\\/12\\\/09\\\/cumhurbaskani-tatar-biz-dogayiz-sergisinin-acilisina-katildi\\\/\",\"name\":\"Cumhurba\u015fkan\u0131 Tatar \u201cBiz Do\u011fay\u0131z\u201d sergisinin a\u00e7\u0131l\u0131\u015f\u0131na kat\u0131ld\u0131 - Kuzeyin Sesi\",\"isPartOf\":{\"@id\":\"https:\\\/\\\/kuzeyinsesi.org\\\/#website\"},\"primaryImageOfPage\":{\"@id\":\"https:\\\/\\\/kuzeyinsesi.org\\\/index.php\\\/2024\\\/12\\\/09\\\/cumhurbaskani-tatar-biz-dogayiz-sergisinin-acilisina-katildi\\\/#primaryimage\"},\"image\":{\"@id\":\"https:\\\/\\\/kuzeyinsesi.org\\\/index.php\\\/2024\\\/12\\\/09\\\/cumhurbaskani-tatar-biz-dogayiz-sergisinin-acilisina-katildi\\\/#primaryimage\"},\"thumbnailUrl\":\"https:\\\/\\\/kuzeyinsesi.org\\\/wp-content\\\/uploads\\\/2024\\\/12\\\/65654567.jpg\",\"datePublished\":\"2024-12-09T12:41:06+00:00\",\"author\":{\"@id\":\"https:\\\/\\\/kuzeyinsesi.org\\\/#\\\/schema\\\/person\\\/9f859689cdf01485597712386e37f5aa\"},\"breadcrumb\":{\"@id\":\"https:\\\/\\\/kuzeyinsesi.org\\\/index.php\\\/2024\\\/12\\\/09\\\/cumhurbaskani-tatar-biz-dogayiz-sergisinin-acilisina-katildi\\\/#breadcrumb\"},\"inLanguage\":\"tr\",\"potentialAction\":[{\"@type\":\"ReadAction\",\"target\":[\"https:\\\/\\\/kuzeyinsesi.org\\\/index.php\\\/2024\\\/12\\\/09\\\/cumhurbaskani-tatar-biz-dogayiz-sergisinin-acilisina-katildi\\\/\"]}]},{\"@type\":\"ImageObject\",\"inLanguage\":\"tr\",\"@id\":\"https:\\\/\\\/kuzeyinsesi.org\\\/index.php\\\/2024\\\/12\\\/09\\\/cumhurbaskani-tatar-biz-dogayiz-sergisinin-acilisina-katildi\\\/#primaryimage\",\"url\":\"https:\\\/\\\/kuzeyinsesi.org\\\/wp-content\\\/uploads\\\/2024\\\/12\\\/65654567.jpg\",\"contentUrl\":\"https:\\\/\\\/kuzeyinsesi.org\\\/wp-content\\\/uploads\\\/2024\\\/12\\\/65654567.jpg\",\"width\":1600,\"height\":1066},{\"@type\":\"BreadcrumbList\",\"@id\":\"https:\\\/\\\/kuzeyinsesi.org\\\/index.php\\\/2024\\\/12\\\/09\\\/cumhurbaskani-tatar-biz-dogayiz-sergisinin-acilisina-katildi\\\/#breadcrumb\",\"itemListElement\":[{\"@type\":\"ListItem\",\"position\":1,\"name\":\"Anasayfa\",\"item\":\"https:\\\/\\\/kuzeyinsesi.org\\\/\"},{\"@type\":\"ListItem\",\"position\":2,\"name\":\"Cumhurba\u015fkan\u0131 Tatar \u201cBiz Do\u011fay\u0131z\u201d sergisinin a\u00e7\u0131l\u0131\u015f\u0131na kat\u0131ld\u0131\"}]},{\"@type\":\"WebSite\",\"@id\":\"https:\\\/\\\/kuzeyinsesi.org\\\/#website\",\"url\":\"https:\\\/\\\/kuzeyinsesi.org\\\/\",\"name\":\"Kuzeyin Sesi\",\"description\":\"Do\u011fru Haberin Adresi\",\"potentialAction\":[{\"@type\":\"SearchAction\",\"target\":{\"@type\":\"EntryPoint\",\"urlTemplate\":\"https:\\\/\\\/kuzeyinsesi.org\\\/?s={search_term_string}\"},\"query-input\":{\"@type\":\"PropertyValueSpecification\",\"valueRequired\":true,\"valueName\":\"search_term_string\"}}],\"inLanguage\":\"tr\"},{\"@type\":\"Person\",\"@id\":\"https:\\\/\\\/kuzeyinsesi.org\\\/#\\\/schema\\\/person\\\/9f859689cdf01485597712386e37f5aa\",\"name\":\"Kuzeyin Sesi\",\"image\":{\"@type\":\"ImageObject\",\"inLanguage\":\"tr\",\"@id\":\"https:\\\/\\\/secure.gravatar.com\\\/avatar\\\/bab33852abfd8b282518d6ed81826833d77c3c882d9ab608add591ccace47a44?s=96&d=mm&r=g\",\"url\":\"https:\\\/\\\/secure.gravatar.com\\\/avatar\\\/bab33852abfd8b282518d6ed81826833d77c3c882d9ab608add591ccace47a44?s=96&d=mm&r=g\",\"contentUrl\":\"https:\\\/\\\/secure.gravatar.com\\\/avatar\\\/bab33852abfd8b282518d6ed81826833d77c3c882d9ab608add591ccace47a44?s=96&d=mm&r=g\",\"caption\":\"Kuzeyin Sesi\"},\"sameAs\":[\"https:\\\/\\\/kuzeyinsesi.org\"],\"url\":\"https:\\\/\\\/kuzeyinsesi.org\\\/index.php\\\/author\\\/guven\\\/\"}]}<\/script>\n<!-- \/ Yoast SEO plugin. -->","yoast_head_json":{"title":"Cumhurba\u015fkan\u0131 Tatar \u201cBiz Do\u011fay\u0131z\u201d sergisinin a\u00e7\u0131l\u0131\u015f\u0131na kat\u0131ld\u0131 - Kuzeyin Sesi","robots":{"index":"index","follow":"follow","max-snippet":"max-snippet:-1","max-image-preview":"max-image-preview:large","max-video-preview":"max-video-preview:-1"},"canonical":"https:\/\/kuzeyinsesi.org\/index.php\/2024\/12\/09\/cumhurbaskani-tatar-biz-dogayiz-sergisinin-acilisina-katildi\/","og_locale":"tr_TR","og_type":"article","og_title":"Cumhurba\u015fkan\u0131 Tatar \u201cBiz Do\u011fay\u0131z\u201d sergisinin a\u00e7\u0131l\u0131\u015f\u0131na kat\u0131ld\u0131 - Kuzeyin Sesi","og_description":"Cumhurba\u015fkan\u0131 Ersin Tatar, K\u0131br\u0131s Ka\u011f\u0131t Sanat\u00e7\u0131lar\u0131 Derne\u011fi\u2019nin d\u00fczenledi\u011fi \u201cBiz Do\u011fay\u0131z\u201d sergisinin a\u00e7\u0131l\u0131\u015f\u0131na kat\u0131ld\u0131. Cumhurba\u015fkanl\u0131\u011f\u0131ndan verilen bilgiye g\u00f6re, Cumhurba\u015fkan\u0131 Tatar, Girne\u2019de Sevda Orr Studio\u2019da yer alan serginin a\u00e7\u0131l\u0131\u015f\u0131nda yapt\u0131\u011f\u0131 konu\u015fmada, geri d\u00f6n\u00fc\u015f\u00fcm malzemesi kullan\u0131larak eser \u00fcretmenin \u00f6nemine dikkat \u00e7ekti. K\u00fclt\u00fcr ve sanatla u\u011fra\u015fman\u0131n insanlar\u0131 mutlu etti\u011fini belirten Cumhurba\u015fkan\u0131 Tatar, sanat\u00e7\u0131 olan annesi \u0130smet Tatar\u2019\u0131n ailesine k\u00fclt\u00fcr [&hellip;]","og_url":"https:\/\/kuzeyinsesi.org\/index.php\/2024\/12\/09\/cumhurbaskani-tatar-biz-dogayiz-sergisinin-acilisina-katildi\/","og_site_name":"Kuzeyin Sesi","article_publisher":"https:\/\/www.facebook.com\/kuzeyinsesii","article_published_time":"2024-12-09T12:41:06+00:00","og_image":[{"url":"https:\/\/brtk.net\/wp-content\/uploads\/2024\/12\/09\/65654567.jpg?ver=46d2f154822b3a328243abbf23212db9","type":"","width":"","height":""}],"author":"Kuzeyin Sesi","twitter_card":"summary_large_image","twitter_creator":"@kuzeyinsesii","twitter_site":"@kuzeyinsesii","twitter_misc":{"Yazan:":"Kuzeyin Sesi","Tahmini okuma s\u00fcresi":"1 dakika"},"schema":{"@context":"https:\/\/schema.org","@graph":[{"@type":"Article","@id":"https:\/\/kuzeyinsesi.org\/index.php\/2024\/12\/09\/cumhurbaskani-tatar-biz-dogayiz-sergisinin-acilisina-katildi\/#article","isPartOf":{"@id":"https:\/\/kuzeyinsesi.org\/index.php\/2024\/12\/09\/cumhurbaskani-tatar-biz-dogayiz-sergisinin-acilisina-katildi\/"},"author":{"name":"Kuzeyin Sesi","@id":"https:\/\/kuzeyinsesi.org\/#\/schema\/person\/9f859689cdf01485597712386e37f5aa"},"headline":"Cumhurba\u015fkan\u0131 Tatar \u201cBiz Do\u011fay\u0131z\u201d sergisinin a\u00e7\u0131l\u0131\u015f\u0131na kat\u0131ld\u0131","datePublished":"2024-12-09T12:41:06+00:00","mainEntityOfPage":{"@id":"https:\/\/kuzeyinsesi.org\/index.php\/2024\/12\/09\/cumhurbaskani-tatar-biz-dogayiz-sergisinin-acilisina-katildi\/"},"wordCount":140,"commentCount":0,"image":{"@id":"https:\/\/kuzeyinsesi.org\/index.php\/2024\/12\/09\/cumhurbaskani-tatar-biz-dogayiz-sergisinin-acilisina-katildi\/#primaryimage"},"thumbnailUrl":"https:\/\/kuzeyinsesi.org\/wp-content\/uploads\/2024\/12\/65654567.jpg","articleSection":["Ya\u015fam"],"inLanguage":"tr","potentialAction":[{"@type":"CommentAction","name":"Comment","target":["https:\/\/kuzeyinsesi.org\/index.php\/2024\/12\/09\/cumhurbaskani-tatar-biz-dogayiz-sergisinin-acilisina-katildi\/#respond"]}]},{"@type":"WebPage","@id":"https:\/\/kuzeyinsesi.org\/index.php\/2024\/12\/09\/cumhurbaskani-tatar-biz-dogayiz-sergisinin-acilisina-katildi\/","url":"https:\/\/kuzeyinsesi.org\/index.php\/2024\/12\/09\/cumhurbaskani-tatar-biz-dogayiz-sergisinin-acilisina-katildi\/","name":"Cumhurba\u015fkan\u0131 Tatar \u201cBiz Do\u011fay\u0131z\u201d sergisinin a\u00e7\u0131l\u0131\u015f\u0131na kat\u0131ld\u0131 - Kuzeyin Sesi","isPartOf":{"@id":"https:\/\/kuzeyinsesi.org\/#website"},"primaryImageOfPage":{"@id":"https:\/\/kuzeyinsesi.org\/index.php\/2024\/12\/09\/cumhurbaskani-tatar-biz-dogayiz-sergisinin-acilisina-katildi\/#primaryimage"},"image":{"@id":"https:\/\/kuzeyinsesi.org\/index.php\/2024\/12\/09\/cumhurbaskani-tatar-biz-dogayiz-sergisinin-acilisina-katildi\/#primaryimage"},"thumbnailUrl":"https:\/\/kuzeyinsesi.org\/wp-content\/uploads\/2024\/12\/65654567.jpg","datePublished":"2024-12-09T12:41:06+00:00","author":{"@id":"https:\/\/kuzeyinsesi.org\/#\/schema\/person\/9f859689cdf01485597712386e37f5aa"},"breadcrumb":{"@id":"https:\/\/kuzeyinsesi.org\/index.php\/2024\/12\/09\/cumhurbaskani-tatar-biz-dogayiz-sergisinin-acilisina-katildi\/#breadcrumb"},"inLanguage":"tr","potentialAction":[{"@type":"ReadAction","target":["https:\/\/kuzeyinsesi.org\/index.php\/2024\/12\/09\/cumhurbaskani-tatar-biz-dogayiz-sergisinin-acilisina-katildi\/"]}]},{"@type":"ImageObject","inLanguage":"tr","@id":"https:\/\/kuzeyinsesi.org\/index.php\/2024\/12\/09\/cumhurbaskani-tatar-biz-dogayiz-sergisinin-acilisina-katildi\/#primaryimage","url":"https:\/\/kuzeyinsesi.org\/wp-content\/uploads\/2024\/12\/65654567.jpg","contentUrl":"https:\/\/kuzeyinsesi.org\/wp-content\/uploads\/2024\/12\/65654567.jpg","width":1600,"height":1066},{"@type":"BreadcrumbList","@id":"https:\/\/kuzeyinsesi.org\/index.php\/2024\/12\/09\/cumhurbaskani-tatar-biz-dogayiz-sergisinin-acilisina-katildi\/#breadcrumb","itemListElement":[{"@type":"ListItem","position":1,"name":"Anasayfa","item":"https:\/\/kuzeyinsesi.org\/"},{"@type":"ListItem","position":2,"name":"Cumhurba\u015fkan\u0131 Tatar \u201cBiz Do\u011fay\u0131z\u201d sergisinin a\u00e7\u0131l\u0131\u015f\u0131na kat\u0131ld\u0131"}]},{"@type":"WebSite","@id":"https:\/\/kuzeyinsesi.org\/#website","url":"https:\/\/kuzeyinsesi.org\/","name":"Kuzeyin Sesi","description":"Do\u011fru Haberin Adresi","potentialAction":[{"@type":"SearchAction","target":{"@type":"EntryPoint","urlTemplate":"https:\/\/kuzeyinsesi.org\/?s={search_term_string}"},"query-input":{"@type":"PropertyValueSpecification","valueRequired":true,"valueName":"search_term_string"}}],"inLanguage":"tr"},{"@type":"Person","@id":"https:\/\/kuzeyinsesi.org\/#\/schema\/person\/9f859689cdf01485597712386e37f5aa","name":"Kuzeyin Sesi","image":{"@type":"ImageObject","inLanguage":"tr","@id":"https:\/\/secure.gravatar.com\/avatar\/bab33852abfd8b282518d6ed81826833d77c3c882d9ab608add591ccace47a44?s=96&d=mm&r=g","url":"https:\/\/secure.gravatar.com\/avatar\/bab33852abfd8b282518d6ed81826833d77c3c882d9ab608add591ccace47a44?s=96&d=mm&r=g","contentUrl":"https:\/\/secure.gravatar.com\/avatar\/bab33852abfd8b282518d6ed81826833d77c3c882d9ab608add591ccace47a44?s=96&d=mm&r=g","caption":"Kuzeyin Sesi"},"sameAs":["https:\/\/kuzeyinsesi.org"],"url":"https:\/\/kuzeyinsesi.org\/index.php\/author\/guven\/"}]}},"_links":{"self":[{"href":"https:\/\/kuzeyinsesi.org\/index.php\/wp-json\/wp\/v2\/posts\/15247","targetHints":{"allow":["GET"]}}],"collection":[{"href":"https:\/\/kuzeyinsesi.org\/index.php\/wp-json\/wp\/v2\/posts"}],"about":[{"href":"https:\/\/kuzeyinsesi.org\/index.php\/wp-json\/wp\/v2\/types\/post"}],"author":[{"embeddable":true,"href":"https:\/\/kuzeyinsesi.org\/index.php\/wp-json\/wp\/v2\/users\/1"}],"replies":[{"embeddable":true,"href":"https:\/\/kuzeyinsesi.org\/index.php\/wp-json\/wp\/v2\/comments?post=15247"}],"version-history":[{"count":0,"href":"https:\/\/kuzeyinsesi.org\/index.php\/wp-json\/wp\/v2\/posts\/15247\/revisions"}],"wp:featuredmedia":[{"embeddable":true,"href":"https:\/\/kuzeyinsesi.org\/index.php\/wp-json\/wp\/v2\/media\/15248"}],"wp:attachment":[{"href":"https:\/\/kuzeyinsesi.org\/index.php\/wp-json\/wp\/v2\/media?parent=15247"}],"wp:term":[{"taxonomy":"category","embeddable":true,"href":"https:\/\/kuzeyinsesi.org\/index.php\/wp-json\/wp\/v2\/categories?post=15247"},{"taxonomy":"post_tag","embeddable":true,"href":"https:\/\/kuzeyinsesi.org\/index.php\/wp-json\/wp\/v2\/tags?post=15247"}],"curies":[{"name":"wp","href":"https:\/\/api.w.org\/{rel}","templated":true}]}}