{"id":1524,"date":"2024-05-06T22:45:42","date_gmt":"2024-05-06T19:45:42","guid":{"rendered":"https:\/\/kuzeyinsesi.com\/index.php\/2024\/05\/06\/israil-refahin-dogusuna-saldiri-duzenledi\/"},"modified":"2024-05-06T22:45:42","modified_gmt":"2024-05-06T19:45:42","slug":"israil-refahin-dogusuna-saldiri-duzenledi","status":"publish","type":"post","link":"https:\/\/kuzeyinsesi.org\/index.php\/2024\/05\/06\/israil-refahin-dogusuna-saldiri-duzenledi\/","title":{"rendered":"\u0130srail Refah&#039;\u0131n do\u011fusuna sald\u0131r\u0131 d\u00fczenledi"},"content":{"rendered":"<p><\/p>\n<div id=\"newsDetail855719\" data-id=\"855719\" data-url=\"https:\/\/www.trthaber.com\/haber\/dunya\/israil-refahin-dogusuna-saldiri-duzenledi-855719.html\">\n                    <input type=\"hidden\" name=\"page_category_id\" class=\"page-category-id\" value=\"4\"\/><br \/>\n                    <input type=\"hidden\" name=\"page_category_name\" class=\"page-category-name\" value=\"D\u00fcnya\"\/><br \/>\n                    <input type=\"hidden\" name=\"page_id\" class=\"page-id\" value=\"855719\"\/><br \/>\n                    <input type=\"hidden\" name=\"page_url\" class=\"page-url\" value=\"https:\/\/www.trthaber.com\/haber\/dunya\/israil-refahin-dogusuna-saldiri-duzenledi-855719.html\"\/><br \/>\n                    <input type=\"hidden\" name=\"page_seo_title\" class=\"page-seo-title\" value=\"\u0130srail Refah'\u0131n do\u011fusuna sald\u0131r\u0131 d\u00fczenledi - Son Dakika Haberleri\"\/><br \/>\n                    <input type=\"hidden\" name=\"page_title\" class=\"page-title\" value=\"\u0130srail Refah'\u0131n do\u011fusuna sald\u0131r\u0131 d\u00fczenledi\"\/><br \/>\n                    <input type=\"hidden\" name=\"page_clear_title\" class=\"page-clear-title\" value=\"\u0130srail Refah'\u0131n do\u011fusuna sald\u0131r\u0131 d\u00fczenledi\"\/><br \/>\n                    <input type=\"hidden\" name=\"page_clear_description\" class=\"page-clear-description\" value=\"\u0130srail ordusu, Refah'\u0131n do\u011fusunda Hamas'a ait oldu\u011funu iddia etti\u011fi hedeflere sald\u0131r\u0131 d\u00fczenledi\u011fini duyurdu.\"\/><br \/>\n                    <input type=\"hidden\" name=\"page_clear_tag_description\" class=\"page-clear-tag-description\" value=\"\u0130srail ordusu, Refah'\u0131n do\u011fusunda Hamas'a ait oldu\u011funu iddia etti\u011fi hedeflere sald\u0131r\u0131 d\u00fczenledi\u011fini duyurdu.\"\/><br \/>\n                    <input type=\"hidden\" name=\"page_data_description\" class=\"page-data-description\" value=\"\u0130srail ordusu, Refah'\u0131n do\u011fusunda Hamas'a ait oldu\u011funu iddia etti\u011fi hedeflere sald\u0131r\u0131 d\u00fczenledi\u011fini duyurdu.\"\/><br \/>\n                    <input type=\"hidden\" name=\"page_data_keywords\" class=\"page-data-keywords\" value=\"\" filistin=\"\"\/><br \/>\n                    <input type=\"hidden\" name=\"page_data_breadcrumb_items\" class=\"page-data-breadcrumb-items\" value=\"{ &quot;@type&quot;: &quot;ListItem&quot;, &quot;position&quot;: 1, &quot;name&quot;: &quot;Haberler&quot;, &quot;item&quot;: &quot;https:\/\/www.trthaber.com\/&quot; },{ &quot;@type&quot;: &quot;ListItem&quot;, &quot;position&quot;: 2, &quot;name&quot;: &quot;D\u00fcnya&quot;, &quot;item&quot;: &quot;https:\/\/www.trthaber.com\/haber\/dunya\/&quot; },{ &quot;@type&quot;: &quot;ListItem&quot;, &quot;position&quot;: 3, &quot;name&quot;: &quot;\u0130srail Refah&amp;#039;\u0131n do\u011fusuna sald\u0131r\u0131 d\u00fczenledi&quot;, &quot;item&quot;: &quot;https:\/\/www.trthaber.com\/haber\/dunya\/israil-refahin-dogusuna-saldiri-duzenledi-855719.html&quot; }\"\/><br \/>\n                    <input type=\"hidden\" name=\"page_img_url\" class=\"page-img-url\" value=\"https:\/\/trthaberstatic.cdn.wp.trt.com.tr\/resimler\/2224000\/gazze-aa-2225270.jpg\"\/><br \/>\n                    <input type=\"hidden\" name=\"page_date\" class=\"page-date\" value=\"2024-05-06 22:32:00\"\/><br \/>\n                    <input type=\"hidden\" name=\"page_added_by_id\" class=\"page-added-by-id\" value=\"253\"\/><br \/>\n                    <input type=\"hidden\" name=\"page_added_by_name\" class=\"page-added-by-name\" value=\"Abdullah Yavuz\"\/><br \/>\n                    <input type=\"hidden\" name=\"page_edited_by_id\" class=\"page-edited-by-id\" value=\"253\"\/><br \/>\n                    <input type=\"hidden\" name=\"page_edited_by_name\" class=\"page-edited-by-name\" value=\"Abdullah Yavuz\"\/><br \/>\n                    <input type=\"hidden\" name=\"page_canonical_url\" class=\"page-canonical-url\" value=\"https:\/\/www.trthaber.com\/haber\/dunya\/israil-refahin-dogusuna-saldiri-duzenledi-855719.html\"\/><br \/>\n                    <input type=\"hidden\" name=\"page_video_content\" class=\"page-video-content\" value=\"\"\/><br \/>\n                    <input type=\"hidden\" name=\"page_agency_ids\" class=\"page-agency-ids\" value=\"10,0\"\/><br \/>\n                    <input type=\"hidden\" name=\"page_is_special_news\" class=\"page-is-special-news\" value=\"0\"\/><br \/>\n                    <input type=\"hidden\" name=\"page_is_file_news\" class=\"page-is-file-news\" value=\"0\"\/><br \/>\n                    <input type=\"hidden\" name=\"page_date_published\" class=\"page-date-published\" value=\"2024-05-06 22:32:00+03:00\"\/><br \/>\n                    <input type=\"hidden\" name=\"page_date_modified\" class=\"page-date-modified\" value=\"2024-05-06 22:41:36+03:00\"\/><br \/>\n                    <input type=\"hidden\" name=\"page_next_news_id\" class=\"page-next-news-id\" value=\"855718\"\/><br \/>\n                    <input type=\"hidden\" name=\"page_next_news_url\" class=\"page-next-news-url\" value=\"haber\/dunya\/netanyahu-savas-kabinesi-refahtaki-operasyonu-surdurme-karari-aldi-855718.html\"\/><br \/>\n                    <input type=\"hidden\" name=\"page_next_news_image\" class=\"page-next-news-image\" value=\"https:\/\/trthaberstatic.cdn.wp.trt.com.tr\/resimler\/2174000\/netanyahu-reu-2175811_4.jpg\"\/><br \/>\n                    <input type=\"hidden\" name=\"page_next_news_title\" class=\"page-next-news-title\" value=\"Netanyahu: Sava\u015f Kabinesi Refah'taki &quot;operasyonu&quot; s\u00fcrd\u00fcrme karar\u0131 ald\u0131\"\/><\/p>\n<div class=\"news-info-bar\">\n                        <a href=\"https:\/\/www.trthaber.com\/haber\/dunya\/\" title=\"D\u00fcnya\" class=\"site-url\"><br \/>\n                            <span class=\"category-tag\">D\u00fcnya<\/span><br \/>\n                        <\/a><\/p>\n<p>\n                                                        <span class=\"source\"><br \/>\n                                <label>KAYNAK<\/label>Reuters                            <\/span><br \/>\n                                                                                        <span class=\"created-date\"><br \/>\n                                    <label>HABER G\u0130R\u0130\u015e<\/label><br \/>\n                                                                            06.05.2024 22:32                                                                                                                    <time class=\"updated-date-content\" datetime=\"2024-05-06 22:41\">, 06.05.2024 22:41<\/time><br \/>\n                                                                    <\/span><br \/>\n                                                                                        <span class=\"updated-date\"><br \/>\n                                    <label>SON G\u00dcNCELLEME<\/label><br \/>\n                                    <time datetime=\"2024-05-06 22:41\">06.05.2024 22:41<\/time><br \/>\n                                <\/span>\n                                                    <\/p>\n<\/p><\/div>\n<h2 class=\"news-spot\">\u0130srail ordusu, Refah&#8217;\u0131n do\u011fusunda Hamas&#8217;a ait oldu\u011funu iddia etti\u011fi hedeflere sald\u0131r\u0131 d\u00fczenledi\u011fini duyurdu.<\/h2>\n<div class=\"news-image\">\n                            <picture><source data-srcset=\"https:\/\/trthaberstatic.cdn.wp.trt.com.tr\/resimler\/2224000\/gazze-aa-2225270_3.jpg\" media=\"(max-width: 320px)\"><source data-srcset=\"https:\/\/trthaberstatic.cdn.wp.trt.com.tr\/resimler\/2224000\/gazze-aa-2225270_2.jpg\" media=\"(max-width: 576px)\"><source data-srcset=\"https:\/\/trthaberstatic.cdn.wp.trt.com.tr\/resimler\/2224000\/gazze-aa-2225270_1.jpg\" media=\"(max-width: 1470px)\"><source data-srcset=\"https:\/\/trthaberstatic.cdn.wp.trt.com.tr\/resimler\/2224000\/gazze-aa-2225270.jpg\"><br \/>\n                            <\/source><\/source><\/source><\/source><\/picture>\n<p>\n                                        [\u0130srail&#8217;in, Refah&#8217;\u0131n do\u011fusundaki b\u00f6lgelere att\u0131\u011f\u0131 ayd\u0131nlatma fi\u015fekleri | Foto\u011fraf: AA]\n                                    <\/p>\n<\/p><\/div>\n<div class=\"social-links-container\">\n<ul>\n<li><a href=\"https:\/\/www.facebook.com\/sharer.php?u=https:\/\/www.trthaber.com\/haber\/dunya\/israil-refahin-dogusuna-saldiri-duzenledi-855719.html&amp;t=\u0130srail Refah'\u0131n do\u011fusuna sald\u0131r\u0131 d\u00fczenledi\" class=\"social-share-url site-social-share-url\" title=\"Facebook Payla\u015f\" target=\"_blank\" rel=\"noopener\"><span class=\"facebook\"\/><\/a><\/li>\n<li><a href=\"https:\/\/twitter.com\/intent\/tweet?hashtags=trthaber&amp;original_referer=https%3A%2F%2Fwww.trthaber.com%2Fhaber%2Fdunya%2Fisrail-refahin-dogusuna-saldiri-duzenledi-855719.html&amp;related=trthaber&amp;text=%C4%B0srail+Refah%27%C4%B1n+do%C4%9Fusuna+sald%C4%B1r%C4%B1+d%C3%BCzenledi&amp;url=https%3A%2F%2Fwww.trthaber.com%2Fhaber%2Fdunya%2Fisrail-refahin-dogusuna-saldiri-duzenledi-855719.html&amp;via=trthaber\" class=\"social-share-url site-social-share-url\" title=\"Twitter Payla\u015f\" target=\"_blank\" rel=\"noopener\"><span class=\"twitter\"\/><\/a><\/li>\n<li><a href=\"https:\/\/www.linkedin.com\/shareArticle?mini=true&amp;url=https:\/\/www.trthaber.com\/haber\/dunya\/israil-refahin-dogusuna-saldiri-duzenledi-855719.html&amp;title=\u0130srail Refah'\u0131n do\u011fusuna sald\u0131r\u0131 d\u00fczenledi\" class=\"social-share-url site-social-share-url\" title=\"LinkedIn Payla\u015f\" target=\"_blank\" rel=\"noopener\"><span class=\"linkedin\"\/><\/a><\/li>\n<li><a href=\"https:\/\/t.me\/share\/url?url=https%3A%2F%2Fwww.trthaber.com%2Fhaber%2Fdunya%2Fisrail-refahin-dogusuna-saldiri-duzenledi-855719.html\" class=\"social-share-url site-social-share-url\" title=\"Telegram Payla\u015f\" target=\"_blank\" rel=\"noopener\"><span class=\"telegram\"\/><\/a><\/li>\n<li><a href=\"https:\/\/www.trthaber.com\/whatsapp:\/\/send?text=\u0130srail Refah\" do=\"\" sald=\"\" d=\"\" https=\"\" class=\"social-share-url site-social-share-url\" title=\"Whatsapp Payla\u015f\" target=\"_blank\" data-mobile-url=\"https:\/\/www.trthaber.com\/whatsapp:\/\/send?text=\u0130srail Refah\" data-desktop-url=\"https:\/\/web.whatsapp.com\/send?text=\u0130srail Refah'\u0131n do\u011fusuna sald\u0131r\u0131 d\u00fczenledi - Devam\u0131n\u0131 Oku: https%3A%2F%2Fwww.trthaber.com%2Fhaber%2Fdunya%2Fisrail-refahin-dogusuna-saldiri-duzenledi-855719.html\" data-action=\"share\/whatsapp\/share\" rel=\"noopener\"><span class=\"whatsapp\"\/><\/a><\/li>\n<li><a href=\"https:\/\/www.trthaber.com\/mailto:?subject=TRT Haber Payla\u015f\u0131lan&amp;body=\u0130srail Refah\" do=\"\" sald=\"\" d=\"\" devam=\"\" oku:=\"\" https:=\"\" class=\"social-share-url site-social-share-url\" title=\"E-Posta Payla\u015f\" target=\"_blank\" rel=\"noopener\"><span class=\"email\"\/><\/a><\/li>\n<\/ul><\/div>\n<div class=\"news-content\">\n<p>&#13;<br \/>\n\t\u0130srail ordusu, Refah&#8217;\u0131n do\u011fusuna sald\u0131r\u0131 ger\u00e7ekle\u015ftirdi\u011fini a\u00e7\u0131klad\u0131.<\/p>\n<p>&#13;<br \/>\n\tKonuya ili\u015fkin k\u0131sa a\u00e7\u0131klamada, s\u00f6z konusu noktalar\u0131n Hamas&#8217;a ait hedefler oldu\u011fu \u00f6ne s\u00fcr\u00fcld\u00fc.<\/p>\n<p>&#13;<br \/>\n\tSald\u0131r\u0131lara ili\u015fkin daha fazla bilginin payla\u015f\u0131laca\u011f\u0131 aktar\u0131ld\u0131.<\/p>\n<div class=\"related-news\"><a href=\"https:\/\/www.trthaber.com\/haber\/dunya\/netanyahu-savas-kabinesi-refahtaki-operasyonu-surdurme-karari-aldi-855718.html\" title=\"Netanyahu: Sava\u015f Kabinesi Refah'taki &quot;operasyonu&quot; s\u00fcrd\u00fcrme karar\u0131 ald\u0131\" class=\"site-url\"><\/p>\n<div class=\"related-news-image\"><img decoding=\"async\" src=\"https:\/\/trthaberstatic.cdn.wp.trt.com.tr\/resimler\/2174000\/netanyahu-reu-2175811_3.jpg\" alt=\"Netanyahu: Sava\u015f Kabinesi Refah'taki &quot;operasyonu&quot; s\u00fcrd\u00fcrme karar\u0131 ald\u0131\" width=\"220\" height=\"124\"\/><\/div>\n<p>Netanyahu: Sava\u015f Kabinesi Refah&#8217;taki &#8220;operasyonu&#8221; s\u00fcrd\u00fcrme karar\u0131 ald\u0131<\/p>\n<p><\/a><\/div>\n<div class=\"news-tags\">\n<p>ET\u0130KETLER<\/p>\n<div class=\"tags\">\n                                                                            <a href=\"https:\/\/www.trthaber.com\/etiket\/filistin-israil-catismasi\/\" title=\"Filistin - \u0130srail \u00c7at\u0131\u015fmas\u0131\" class=\"site-url\">Filistin &#8211; \u0130srail \u00c7at\u0131\u015fmas\u0131<\/a><br \/>\n                                                                            <a href=\"https:\/\/www.trthaber.com\/etiket\/hamas\/\" title=\"Hamas\" class=\"site-url\">Hamas<\/a><br \/>\n                                                                            <a href=\"https:\/\/www.trthaber.com\/etiket\/israil\/\" title=\"\u0130srail\" class=\"site-url\">\u0130srail<\/a>\n                                                                    <\/div><\/div><\/div>\n<div class=\"news-detail-bottom-mobile-ads-container\">\n                            <!-- \/112281457\/trthaber_mobil_showcase -->\n                        <\/div><\/div>\n<p><script async src=\"\/\/platform.twitter.com\/widgets.js\" charset=\"utf-8\"><\/script><\/p>\n","protected":false},"excerpt":{"rendered":"<p>D\u00fcnya KAYNAKReuters HABER G\u0130R\u0130\u015e 06.05.2024 22:32 , 06.05.2024 22:41 SON G\u00dcNCELLEME 06.05.2024 22:41 \u0130srail ordusu, Refah&#8217;\u0131n do\u011fusunda Hamas&#8217;a ait oldu\u011funu iddia etti\u011fi hedeflere sald\u0131r\u0131 d\u00fczenledi\u011fini duyurdu. [\u0130srail&#8217;in, Refah&#8217;\u0131n do\u011fusundaki b\u00f6lgelere att\u0131\u011f\u0131 ayd\u0131nlatma fi\u015fekleri | Foto\u011fraf: AA] &#13; \u0130srail ordusu, Refah&#8217;\u0131n do\u011fusuna sald\u0131r\u0131 ger\u00e7ekle\u015ftirdi\u011fini a\u00e7\u0131klad\u0131. &#13; Konuya ili\u015fkin k\u0131sa a\u00e7\u0131klamada, s\u00f6z konusu noktalar\u0131n Hamas&#8217;a ait hedefler [&hellip;]<\/p>\n","protected":false},"author":1,"featured_media":1525,"comment_status":"open","ping_status":"open","sticky":false,"template":"","format":"standard","meta":{"jnews-multi-image_gallery":[],"jnews_single_post":[],"jnews_primary_category":[],"jnews_social_meta":[],"jnews_override_counter":[],"footnotes":""},"categories":[2],"tags":[],"class_list":["post-1524","post","type-post","status-publish","format-standard","has-post-thumbnail","hentry","category-dunya"],"yoast_head":"<!-- This site is optimized with the Yoast SEO plugin v27.5 - https:\/\/yoast.com\/product\/yoast-seo-wordpress\/ -->\n<title>\u0130srail Refah&#039;\u0131n do\u011fusuna sald\u0131r\u0131 d\u00fczenledi - Kuzeyin Sesi<\/title>\n<meta name=\"robots\" content=\"index, follow, max-snippet:-1, max-image-preview:large, max-video-preview:-1\" \/>\n<link rel=\"canonical\" href=\"https:\/\/kuzeyinsesi.org\/index.php\/2024\/05\/06\/israil-refahin-dogusuna-saldiri-duzenledi\/\" \/>\n<meta property=\"og:locale\" content=\"tr_TR\" \/>\n<meta property=\"og:type\" content=\"article\" \/>\n<meta property=\"og:title\" content=\"\u0130srail Refah&#039;\u0131n do\u011fusuna sald\u0131r\u0131 d\u00fczenledi - Kuzeyin Sesi\" \/>\n<meta property=\"og:description\" content=\"D\u00fcnya KAYNAKReuters HABER G\u0130R\u0130\u015e 06.05.2024 22:32 , 06.05.2024 22:41 SON G\u00dcNCELLEME 06.05.2024 22:41 \u0130srail ordusu, Refah&#8217;\u0131n do\u011fusunda Hamas&#8217;a ait oldu\u011funu iddia etti\u011fi hedeflere sald\u0131r\u0131 d\u00fczenledi\u011fini duyurdu. [\u0130srail&#8217;in, Refah&#8217;\u0131n do\u011fusundaki b\u00f6lgelere att\u0131\u011f\u0131 ayd\u0131nlatma fi\u015fekleri | Foto\u011fraf: AA] &#013; \u0130srail ordusu, Refah&#8217;\u0131n do\u011fusuna sald\u0131r\u0131 ger\u00e7ekle\u015ftirdi\u011fini a\u00e7\u0131klad\u0131. &#013; Konuya ili\u015fkin k\u0131sa a\u00e7\u0131klamada, s\u00f6z konusu noktalar\u0131n Hamas&#8217;a ait hedefler [&hellip;]\" \/>\n<meta property=\"og:url\" content=\"https:\/\/kuzeyinsesi.org\/index.php\/2024\/05\/06\/israil-refahin-dogusuna-saldiri-duzenledi\/\" \/>\n<meta property=\"og:site_name\" content=\"Kuzeyin Sesi\" \/>\n<meta property=\"article:publisher\" content=\"https:\/\/www.facebook.com\/kuzeyinsesii\" \/>\n<meta property=\"article:published_time\" content=\"2024-05-06T19:45:42+00:00\" \/>\n<meta property=\"og:image\" content=\"https:\/\/kuzeyinsesi.org\/wp-content\/uploads\/2024\/05\/gazze-aa-2225270.jpg\" \/>\n\t<meta property=\"og:image:width\" content=\"1280\" \/>\n\t<meta property=\"og:image:height\" content=\"720\" \/>\n\t<meta property=\"og:image:type\" content=\"image\/jpeg\" \/>\n<meta name=\"author\" content=\"Kuzeyin Sesi\" \/>\n<meta name=\"twitter:card\" content=\"summary_large_image\" \/>\n<meta name=\"twitter:creator\" content=\"@kuzeyinsesii\" \/>\n<meta name=\"twitter:site\" content=\"@kuzeyinsesii\" \/>\n<meta name=\"twitter:label1\" content=\"Yazan:\" \/>\n\t<meta name=\"twitter:data1\" content=\"Kuzeyin Sesi\" \/>\n\t<meta name=\"twitter:label2\" content=\"Tahmini okuma s\u00fcresi\" \/>\n\t<meta name=\"twitter:data2\" content=\"1 dakika\" \/>\n<script type=\"application\/ld+json\" class=\"yoast-schema-graph\">{\"@context\":\"https:\\\/\\\/schema.org\",\"@graph\":[{\"@type\":\"Article\",\"@id\":\"https:\\\/\\\/kuzeyinsesi.org\\\/index.php\\\/2024\\\/05\\\/06\\\/israil-refahin-dogusuna-saldiri-duzenledi\\\/#article\",\"isPartOf\":{\"@id\":\"https:\\\/\\\/kuzeyinsesi.org\\\/index.php\\\/2024\\\/05\\\/06\\\/israil-refahin-dogusuna-saldiri-duzenledi\\\/\"},\"author\":{\"name\":\"Kuzeyin Sesi\",\"@id\":\"https:\\\/\\\/kuzeyinsesi.org\\\/#\\\/schema\\\/person\\\/9f859689cdf01485597712386e37f5aa\"},\"headline\":\"\u0130srail Refah&#039;\u0131n do\u011fusuna sald\u0131r\u0131 d\u00fczenledi\",\"datePublished\":\"2024-05-06T19:45:42+00:00\",\"mainEntityOfPage\":{\"@id\":\"https:\\\/\\\/kuzeyinsesi.org\\\/index.php\\\/2024\\\/05\\\/06\\\/israil-refahin-dogusuna-saldiri-duzenledi\\\/\"},\"wordCount\":123,\"commentCount\":0,\"image\":{\"@id\":\"https:\\\/\\\/kuzeyinsesi.org\\\/index.php\\\/2024\\\/05\\\/06\\\/israil-refahin-dogusuna-saldiri-duzenledi\\\/#primaryimage\"},\"thumbnailUrl\":\"https:\\\/\\\/kuzeyinsesi.org\\\/wp-content\\\/uploads\\\/2024\\\/05\\\/gazze-aa-2225270.jpg\",\"articleSection\":[\"D\u00fcnya\"],\"inLanguage\":\"tr\",\"potentialAction\":[{\"@type\":\"CommentAction\",\"name\":\"Comment\",\"target\":[\"https:\\\/\\\/kuzeyinsesi.org\\\/index.php\\\/2024\\\/05\\\/06\\\/israil-refahin-dogusuna-saldiri-duzenledi\\\/#respond\"]}]},{\"@type\":\"WebPage\",\"@id\":\"https:\\\/\\\/kuzeyinsesi.org\\\/index.php\\\/2024\\\/05\\\/06\\\/israil-refahin-dogusuna-saldiri-duzenledi\\\/\",\"url\":\"https:\\\/\\\/kuzeyinsesi.org\\\/index.php\\\/2024\\\/05\\\/06\\\/israil-refahin-dogusuna-saldiri-duzenledi\\\/\",\"name\":\"\u0130srail Refah&#039;\u0131n do\u011fusuna sald\u0131r\u0131 d\u00fczenledi - Kuzeyin Sesi\",\"isPartOf\":{\"@id\":\"https:\\\/\\\/kuzeyinsesi.org\\\/#website\"},\"primaryImageOfPage\":{\"@id\":\"https:\\\/\\\/kuzeyinsesi.org\\\/index.php\\\/2024\\\/05\\\/06\\\/israil-refahin-dogusuna-saldiri-duzenledi\\\/#primaryimage\"},\"image\":{\"@id\":\"https:\\\/\\\/kuzeyinsesi.org\\\/index.php\\\/2024\\\/05\\\/06\\\/israil-refahin-dogusuna-saldiri-duzenledi\\\/#primaryimage\"},\"thumbnailUrl\":\"https:\\\/\\\/kuzeyinsesi.org\\\/wp-content\\\/uploads\\\/2024\\\/05\\\/gazze-aa-2225270.jpg\",\"datePublished\":\"2024-05-06T19:45:42+00:00\",\"author\":{\"@id\":\"https:\\\/\\\/kuzeyinsesi.org\\\/#\\\/schema\\\/person\\\/9f859689cdf01485597712386e37f5aa\"},\"breadcrumb\":{\"@id\":\"https:\\\/\\\/kuzeyinsesi.org\\\/index.php\\\/2024\\\/05\\\/06\\\/israil-refahin-dogusuna-saldiri-duzenledi\\\/#breadcrumb\"},\"inLanguage\":\"tr\",\"potentialAction\":[{\"@type\":\"ReadAction\",\"target\":[\"https:\\\/\\\/kuzeyinsesi.org\\\/index.php\\\/2024\\\/05\\\/06\\\/israil-refahin-dogusuna-saldiri-duzenledi\\\/\"]}]},{\"@type\":\"ImageObject\",\"inLanguage\":\"tr\",\"@id\":\"https:\\\/\\\/kuzeyinsesi.org\\\/index.php\\\/2024\\\/05\\\/06\\\/israil-refahin-dogusuna-saldiri-duzenledi\\\/#primaryimage\",\"url\":\"https:\\\/\\\/kuzeyinsesi.org\\\/wp-content\\\/uploads\\\/2024\\\/05\\\/gazze-aa-2225270.jpg\",\"contentUrl\":\"https:\\\/\\\/kuzeyinsesi.org\\\/wp-content\\\/uploads\\\/2024\\\/05\\\/gazze-aa-2225270.jpg\",\"width\":1280,\"height\":720},{\"@type\":\"BreadcrumbList\",\"@id\":\"https:\\\/\\\/kuzeyinsesi.org\\\/index.php\\\/2024\\\/05\\\/06\\\/israil-refahin-dogusuna-saldiri-duzenledi\\\/#breadcrumb\",\"itemListElement\":[{\"@type\":\"ListItem\",\"position\":1,\"name\":\"Anasayfa\",\"item\":\"https:\\\/\\\/kuzeyinsesi.org\\\/\"},{\"@type\":\"ListItem\",\"position\":2,\"name\":\"\u0130srail Refah&#039;\u0131n do\u011fusuna sald\u0131r\u0131 d\u00fczenledi\"}]},{\"@type\":\"WebSite\",\"@id\":\"https:\\\/\\\/kuzeyinsesi.org\\\/#website\",\"url\":\"https:\\\/\\\/kuzeyinsesi.org\\\/\",\"name\":\"Kuzeyin Sesi\",\"description\":\"Do\u011fru Haberin Adresi\",\"potentialAction\":[{\"@type\":\"SearchAction\",\"target\":{\"@type\":\"EntryPoint\",\"urlTemplate\":\"https:\\\/\\\/kuzeyinsesi.org\\\/?s={search_term_string}\"},\"query-input\":{\"@type\":\"PropertyValueSpecification\",\"valueRequired\":true,\"valueName\":\"search_term_string\"}}],\"inLanguage\":\"tr\"},{\"@type\":\"Person\",\"@id\":\"https:\\\/\\\/kuzeyinsesi.org\\\/#\\\/schema\\\/person\\\/9f859689cdf01485597712386e37f5aa\",\"name\":\"Kuzeyin Sesi\",\"image\":{\"@type\":\"ImageObject\",\"inLanguage\":\"tr\",\"@id\":\"https:\\\/\\\/secure.gravatar.com\\\/avatar\\\/bab33852abfd8b282518d6ed81826833d77c3c882d9ab608add591ccace47a44?s=96&d=mm&r=g\",\"url\":\"https:\\\/\\\/secure.gravatar.com\\\/avatar\\\/bab33852abfd8b282518d6ed81826833d77c3c882d9ab608add591ccace47a44?s=96&d=mm&r=g\",\"contentUrl\":\"https:\\\/\\\/secure.gravatar.com\\\/avatar\\\/bab33852abfd8b282518d6ed81826833d77c3c882d9ab608add591ccace47a44?s=96&d=mm&r=g\",\"caption\":\"Kuzeyin Sesi\"},\"sameAs\":[\"https:\\\/\\\/kuzeyinsesi.org\"],\"url\":\"https:\\\/\\\/kuzeyinsesi.org\\\/index.php\\\/author\\\/guven\\\/\"}]}<\/script>\n<!-- \/ Yoast SEO plugin. -->","yoast_head_json":{"title":"\u0130srail Refah&#039;\u0131n do\u011fusuna sald\u0131r\u0131 d\u00fczenledi - Kuzeyin Sesi","robots":{"index":"index","follow":"follow","max-snippet":"max-snippet:-1","max-image-preview":"max-image-preview:large","max-video-preview":"max-video-preview:-1"},"canonical":"https:\/\/kuzeyinsesi.org\/index.php\/2024\/05\/06\/israil-refahin-dogusuna-saldiri-duzenledi\/","og_locale":"tr_TR","og_type":"article","og_title":"\u0130srail Refah&#039;\u0131n do\u011fusuna sald\u0131r\u0131 d\u00fczenledi - Kuzeyin Sesi","og_description":"D\u00fcnya KAYNAKReuters HABER G\u0130R\u0130\u015e 06.05.2024 22:32 , 06.05.2024 22:41 SON G\u00dcNCELLEME 06.05.2024 22:41 \u0130srail ordusu, Refah&#8217;\u0131n do\u011fusunda Hamas&#8217;a ait oldu\u011funu iddia etti\u011fi hedeflere sald\u0131r\u0131 d\u00fczenledi\u011fini duyurdu. [\u0130srail&#8217;in, Refah&#8217;\u0131n do\u011fusundaki b\u00f6lgelere att\u0131\u011f\u0131 ayd\u0131nlatma fi\u015fekleri | Foto\u011fraf: AA] &#13; \u0130srail ordusu, Refah&#8217;\u0131n do\u011fusuna sald\u0131r\u0131 ger\u00e7ekle\u015ftirdi\u011fini a\u00e7\u0131klad\u0131. &#13; Konuya ili\u015fkin k\u0131sa a\u00e7\u0131klamada, s\u00f6z konusu noktalar\u0131n Hamas&#8217;a ait hedefler [&hellip;]","og_url":"https:\/\/kuzeyinsesi.org\/index.php\/2024\/05\/06\/israil-refahin-dogusuna-saldiri-duzenledi\/","og_site_name":"Kuzeyin Sesi","article_publisher":"https:\/\/www.facebook.com\/kuzeyinsesii","article_published_time":"2024-05-06T19:45:42+00:00","og_image":[{"width":1280,"height":720,"url":"https:\/\/kuzeyinsesi.org\/wp-content\/uploads\/2024\/05\/gazze-aa-2225270.jpg","type":"image\/jpeg"}],"author":"Kuzeyin Sesi","twitter_card":"summary_large_image","twitter_creator":"@kuzeyinsesii","twitter_site":"@kuzeyinsesii","twitter_misc":{"Yazan:":"Kuzeyin Sesi","Tahmini okuma s\u00fcresi":"1 dakika"},"schema":{"@context":"https:\/\/schema.org","@graph":[{"@type":"Article","@id":"https:\/\/kuzeyinsesi.org\/index.php\/2024\/05\/06\/israil-refahin-dogusuna-saldiri-duzenledi\/#article","isPartOf":{"@id":"https:\/\/kuzeyinsesi.org\/index.php\/2024\/05\/06\/israil-refahin-dogusuna-saldiri-duzenledi\/"},"author":{"name":"Kuzeyin Sesi","@id":"https:\/\/kuzeyinsesi.org\/#\/schema\/person\/9f859689cdf01485597712386e37f5aa"},"headline":"\u0130srail Refah&#039;\u0131n do\u011fusuna sald\u0131r\u0131 d\u00fczenledi","datePublished":"2024-05-06T19:45:42+00:00","mainEntityOfPage":{"@id":"https:\/\/kuzeyinsesi.org\/index.php\/2024\/05\/06\/israil-refahin-dogusuna-saldiri-duzenledi\/"},"wordCount":123,"commentCount":0,"image":{"@id":"https:\/\/kuzeyinsesi.org\/index.php\/2024\/05\/06\/israil-refahin-dogusuna-saldiri-duzenledi\/#primaryimage"},"thumbnailUrl":"https:\/\/kuzeyinsesi.org\/wp-content\/uploads\/2024\/05\/gazze-aa-2225270.jpg","articleSection":["D\u00fcnya"],"inLanguage":"tr","potentialAction":[{"@type":"CommentAction","name":"Comment","target":["https:\/\/kuzeyinsesi.org\/index.php\/2024\/05\/06\/israil-refahin-dogusuna-saldiri-duzenledi\/#respond"]}]},{"@type":"WebPage","@id":"https:\/\/kuzeyinsesi.org\/index.php\/2024\/05\/06\/israil-refahin-dogusuna-saldiri-duzenledi\/","url":"https:\/\/kuzeyinsesi.org\/index.php\/2024\/05\/06\/israil-refahin-dogusuna-saldiri-duzenledi\/","name":"\u0130srail Refah&#039;\u0131n do\u011fusuna sald\u0131r\u0131 d\u00fczenledi - Kuzeyin Sesi","isPartOf":{"@id":"https:\/\/kuzeyinsesi.org\/#website"},"primaryImageOfPage":{"@id":"https:\/\/kuzeyinsesi.org\/index.php\/2024\/05\/06\/israil-refahin-dogusuna-saldiri-duzenledi\/#primaryimage"},"image":{"@id":"https:\/\/kuzeyinsesi.org\/index.php\/2024\/05\/06\/israil-refahin-dogusuna-saldiri-duzenledi\/#primaryimage"},"thumbnailUrl":"https:\/\/kuzeyinsesi.org\/wp-content\/uploads\/2024\/05\/gazze-aa-2225270.jpg","datePublished":"2024-05-06T19:45:42+00:00","author":{"@id":"https:\/\/kuzeyinsesi.org\/#\/schema\/person\/9f859689cdf01485597712386e37f5aa"},"breadcrumb":{"@id":"https:\/\/kuzeyinsesi.org\/index.php\/2024\/05\/06\/israil-refahin-dogusuna-saldiri-duzenledi\/#breadcrumb"},"inLanguage":"tr","potentialAction":[{"@type":"ReadAction","target":["https:\/\/kuzeyinsesi.org\/index.php\/2024\/05\/06\/israil-refahin-dogusuna-saldiri-duzenledi\/"]}]},{"@type":"ImageObject","inLanguage":"tr","@id":"https:\/\/kuzeyinsesi.org\/index.php\/2024\/05\/06\/israil-refahin-dogusuna-saldiri-duzenledi\/#primaryimage","url":"https:\/\/kuzeyinsesi.org\/wp-content\/uploads\/2024\/05\/gazze-aa-2225270.jpg","contentUrl":"https:\/\/kuzeyinsesi.org\/wp-content\/uploads\/2024\/05\/gazze-aa-2225270.jpg","width":1280,"height":720},{"@type":"BreadcrumbList","@id":"https:\/\/kuzeyinsesi.org\/index.php\/2024\/05\/06\/israil-refahin-dogusuna-saldiri-duzenledi\/#breadcrumb","itemListElement":[{"@type":"ListItem","position":1,"name":"Anasayfa","item":"https:\/\/kuzeyinsesi.org\/"},{"@type":"ListItem","position":2,"name":"\u0130srail Refah&#039;\u0131n do\u011fusuna sald\u0131r\u0131 d\u00fczenledi"}]},{"@type":"WebSite","@id":"https:\/\/kuzeyinsesi.org\/#website","url":"https:\/\/kuzeyinsesi.org\/","name":"Kuzeyin Sesi","description":"Do\u011fru Haberin Adresi","potentialAction":[{"@type":"SearchAction","target":{"@type":"EntryPoint","urlTemplate":"https:\/\/kuzeyinsesi.org\/?s={search_term_string}"},"query-input":{"@type":"PropertyValueSpecification","valueRequired":true,"valueName":"search_term_string"}}],"inLanguage":"tr"},{"@type":"Person","@id":"https:\/\/kuzeyinsesi.org\/#\/schema\/person\/9f859689cdf01485597712386e37f5aa","name":"Kuzeyin Sesi","image":{"@type":"ImageObject","inLanguage":"tr","@id":"https:\/\/secure.gravatar.com\/avatar\/bab33852abfd8b282518d6ed81826833d77c3c882d9ab608add591ccace47a44?s=96&d=mm&r=g","url":"https:\/\/secure.gravatar.com\/avatar\/bab33852abfd8b282518d6ed81826833d77c3c882d9ab608add591ccace47a44?s=96&d=mm&r=g","contentUrl":"https:\/\/secure.gravatar.com\/avatar\/bab33852abfd8b282518d6ed81826833d77c3c882d9ab608add591ccace47a44?s=96&d=mm&r=g","caption":"Kuzeyin Sesi"},"sameAs":["https:\/\/kuzeyinsesi.org"],"url":"https:\/\/kuzeyinsesi.org\/index.php\/author\/guven\/"}]}},"_links":{"self":[{"href":"https:\/\/kuzeyinsesi.org\/index.php\/wp-json\/wp\/v2\/posts\/1524","targetHints":{"allow":["GET"]}}],"collection":[{"href":"https:\/\/kuzeyinsesi.org\/index.php\/wp-json\/wp\/v2\/posts"}],"about":[{"href":"https:\/\/kuzeyinsesi.org\/index.php\/wp-json\/wp\/v2\/types\/post"}],"author":[{"embeddable":true,"href":"https:\/\/kuzeyinsesi.org\/index.php\/wp-json\/wp\/v2\/users\/1"}],"replies":[{"embeddable":true,"href":"https:\/\/kuzeyinsesi.org\/index.php\/wp-json\/wp\/v2\/comments?post=1524"}],"version-history":[{"count":0,"href":"https:\/\/kuzeyinsesi.org\/index.php\/wp-json\/wp\/v2\/posts\/1524\/revisions"}],"wp:featuredmedia":[{"embeddable":true,"href":"https:\/\/kuzeyinsesi.org\/index.php\/wp-json\/wp\/v2\/media\/1525"}],"wp:attachment":[{"href":"https:\/\/kuzeyinsesi.org\/index.php\/wp-json\/wp\/v2\/media?parent=1524"}],"wp:term":[{"taxonomy":"category","embeddable":true,"href":"https:\/\/kuzeyinsesi.org\/index.php\/wp-json\/wp\/v2\/categories?post=1524"},{"taxonomy":"post_tag","embeddable":true,"href":"https:\/\/kuzeyinsesi.org\/index.php\/wp-json\/wp\/v2\/tags?post=1524"}],"curies":[{"name":"wp","href":"https:\/\/api.w.org\/{rel}","templated":true}]}}